{"id":57,"date":"2019-01-25T16:40:30","date_gmt":"2019-01-25T18:40:30","guid":{"rendered":"http:\/\/zeroaesquerda.com.br\/index.php\/2019\/01\/25\/urgente-um-grupo-de-coletes-amarelos-e-formado-para-disputar-as-eleicoes-parlamentares-francesas\/"},"modified":"2021-11-22T22:23:48","modified_gmt":"2021-11-22T22:23:48","slug":"urgente-um-grupo-de-coletes-amarelos-e-formado-para-disputar-as-eleicoes-parlamentares-francesas","status":"publish","type":"post","link":"https:\/\/zeroaesquerda.com.br\/index.php\/2019\/01\/25\/urgente-um-grupo-de-coletes-amarelos-e-formado-para-disputar-as-eleicoes-parlamentares-francesas\/","title":{"rendered":"URGENTE: Um grupo de Coletes Amarelos \u00e9 formado para disputar as elei\u00e7\u00f5es parlamentares francesas"},"content":{"rendered":"\n<div class=\"wp-block-image\"><figure class=\"aligncenter is-resized\"><img loading=\"lazy\" decoding=\"async\" src=\"https:\/\/tradutoresproletarios.files.wordpress.com\/2019\/01\/40df2-12m8bo-0-g9vin1e65goguw.png\" alt=\"\" width=\"2500\" height=\"1500\"\/><\/figure><\/div>\n\n\n\n<p>No dia 23 de janeiro, uma fra\u00e7\u00e3o do movimento dos Coletes Amarelos, autointitulada Frente de Iniciativa Cidad\u00e3 [Ralliement d\u2019initiative citoyenne, RIC] anunciou sua inten\u00e7\u00e3o de concorrer nas elei\u00e7\u00f5es parlamentares francesas de maio de 2019. Foi publicada inicialmente uma lista com 10 nomes que concorrer\u00e3o em nome do RIC, mas a frente pol\u00edtica afirma que pretende, ap\u00f3s vota\u00e7\u00e3o interna, expandir para 79 seu n\u00famero de candidatos ao Parlamento.<\/p>\n\n\n\n<p>O grupo, ao mesmo tempo em que representa uma ruptura com o car\u00e1ter, at\u00e9 ent\u00e3o, c\u00e9tico e descrente em rela\u00e7\u00e3o ao establishment pol\u00edtico franc\u00eas que permeava o movimento, est\u00e1 intimamente associado \u00e0 pr\u00f3pria atmosfera ideol\u00f3gica que paira dentro dos Coletes Amarelos. O primeiro ind\u00edcio desse fato contradit\u00f3rio encontra-se no seu pr\u00f3prio nome: \u201cRalliement d\u2019initiative citoyenne\u201d \u00e9 uma refer\u00eancia, nem um pouco disfar\u00e7ada, ao \u201cR\u00e9f\u00e9rendum d\u2019initiative citoyenne\u201d [Referendo de iniciativa cidad\u00e3], uma proposta pol\u00edtica de democracia direta que se tornou popular entre os Coletes Amarelos.<\/p>\n\n\n\n<p>N\u00e3o \u00e9 dif\u00edcil resumir o que \u00e9 este \u201cR\u00e9f\u00e9rendum\u201d, t\u00e3o falado dentro do movimento. Ele resume-se \u00e0 execu\u00e7\u00e3o de um referendo\/plebiscito (a distin\u00e7\u00e3o entre ambos \u00e9 um pouco mais obscura na Fran\u00e7a) por iniciativa pr\u00f3pria dos cidad\u00e3os franceses, e que ter\u00e1 que ser considerado de alguma forma pelo governo. \u00c9 no que diz respeito a esta \u00faltima parte que as opini\u00f5es se divergem: alguns acreditam que o referendo deve apenas servir como material de consulta por parte do Parlamento, num instrumento de democracia semi-direta&nbsp;; outros, entretanto, desejam que as decis\u00f5es tomadas pelo povo, em seu referendo, tornem-se lei, configurando um processo de democracia direta.<\/p>\n\n\n\n<p>A Constitui\u00e7\u00e3o francesa, de qualquer forma, ainda impede que um referendo seja iniciado por iniciativa do povo, prevendo apenas que o governo \u00e9 quem tem o direito de convoc\u00e1-lo.<\/p>\n\n\n\n<p>A Frente de Iniciativa Cidad\u00e3 n\u00e3o demonstrou inten\u00e7\u00e3o de lidar com essa quest\u00e3o constitucional; mas \u00e9 poss\u00edvel interpretar que este pretende se portar como um \u201coutro caminho\u201d de atingir os interesses encarnados na ideia do R\u00e9f\u00e9rendum. Hayk Shahinyan, um de seus porta-vozes, afirmou \u00e0 m\u00eddia francesa que o programa da Frente ser\u00e1 constru\u00eddo inteiramente a partir da consulta daquilo que os cidad\u00e3os da Fran\u00e7a desejam. Nas pr\u00f3prias palavras de Hayk, \u201cser\u00e3o os pr\u00f3prios cidad\u00e3os que decidir\u00e3o os nossos votos no Parlamento Europeu, projeto ap\u00f3s projeto; e n\u00f3s retiraremos este mesmo Parlamento dessa esp\u00e9cie de \u2018opacidade\u2019 no qual ele se encontra atualmente\u201d.<\/p>\n\n\n\n<p>Outra associa\u00e7\u00e3o \u00edntima entre o novo grupo e o movimento dos Coletes Amarelos reside no car\u00e1ter aparentemente prosaico de seus membros\u200a\u2014\u200asuas idades variam entre 29 e 53, e seus empregos v\u00e3o desde operador de empilhadeira at\u00e9 diretor de vendas. Mas por detr\u00e1s deste apelo \u201cpopular\u201d, resta o fato de que alguns dessa \u201clista de 10\u201d s\u00e3o ilustres (\u00e0s vezes, de forma infame) dentro dos Coletes Amarelos. Entre os nomes anunciados est\u00e1 o de Ingrid Levavasseur, figura divisiva que ganhou proemin\u00eancia durante os protestos\u200a\u2014\u200ae foi, inclusive, quem primeiro anunciou a cria\u00e7\u00e3o da Frente.<\/p>\n\n\n\n<p>Levavasseur, fora de sua atua\u00e7\u00e3o dentro das manifesta\u00e7\u00f5es e na m\u00eddia, \u00e9 uma enfermeira de 29 anos de Eure, na Alta Normandia. M\u00e3e solteira de dois filhos, Ingrid d\u00e1 como uma de suas raz\u00f5es para ter se juntado aos Coletes Amarelos o fato de ter vivido cara a cara, dentre outras coisas, com aquilo que os franceses passaram a chamar de \u201cdesertifica\u00e7\u00e3o m\u00e9dica\u201d: a falta de profissionais de sa\u00fade suficientes \u00e0s necessidades da popula\u00e7\u00e3o, causada pelo desemprego e por fragilidades da infraestrutura de sa\u00fade do pa\u00eds, dentre diversos outros fatores. \u201cA desertifica\u00e7\u00e3o, eu conhe\u00e7o; o humano, eu conhe\u00e7o; o sofrimento, eu conhe\u00e7o\u201d.<\/p>\n\n\n\n<p>Se suas caracter\u00edsticas pessoais explicam seu apelo entre uma parcela significativa dos Coletes Amarelos, sua grande exposi\u00e7\u00e3o midi\u00e1tica (e agora, sua candidatura) explica a desconfian\u00e7a ou mesmo repulsa contra ela dentre muitos outros do movimento. Vista como uma traidora dos Coletes Amarelos, e como algu\u00e9m que deseja \u201cpacificar\u201d o movimento ao tentar (nas pr\u00f3prias palavras de Levavasseur) \u201cestrutur\u00e1-lo\u201d, Ingrid j\u00e1 foi for\u00e7ada a recusar certas oportunidades de exposi\u00e7\u00e3o na m\u00eddia sob as amea\u00e7as de outros membros dos Coletes.<\/p>\n\n\n\n<p>Um ato midi\u00e1tico importante foi feito por Evelyne Liberal, uma \u201ccolete amarelo\u201d, no dia 24 deste m\u00eas: ela foi enf\u00e1tica ao afirmar, por meio do L\u2019\u00c9mission Politique: \u201cEla precisa tirar seu colete amarelo!\u201d. Para Liberal, este n\u00e3o era o momento de criar um partido pol\u00edtico. Dois outros nomes da lista causaram controv\u00e9rsia. Um deles, Marc Doyer, foi visto no dia 24 vestindo uma camisa da campanha de Macron; Brigitte Lapeyronie, a quarta da lista, fez parte do conselho nacional do UDI (partido pol\u00edtico que acabou fornecendo apoio \u00e0 candidatura de Macron) at\u00e9 2013.<\/p>\n\n\n\n<p>Este fato pode criar uma grave cis\u00e3o dentro dos Coletes Amarelos, e interferir marcantemente nas elei\u00e7\u00f5es parlamentares. Ap\u00f3s uma pesquisa de opini\u00e3o do Elabe, a Frente de Iniciativa Cidad\u00e3 conseguiu um significativo percentual de 13% das inten\u00e7\u00f5es de voto. Dentro dos Coletes Amarelos em si, este fato pode significar uma desmobiliza\u00e7\u00e3o do movimento, ou uma quebra de uma caracter\u00edstica at\u00e9 ent\u00e3o singular deste: sob o s\u00edmbolo homog\u00eaneo do colete amarelo e do \u00f3dio ao establishment macroniano, os protestos conseguiram abarcar membros das ideologias pol\u00edticas mais diversas e d\u00edspares entre si.<\/p>\n\n\n\n<p>E se junho de 2013 ensinou alguma coisa a n\u00f3s, brasileiros, \u00e9 que \u00e9 sempre bom vigiar grupos e partidos que nascem de revoltas massivas e disformes\u2026<\/p>\n\n\n\n<hr class=\"wp-block-separator\"\/>\n\n\n\n<div class=\"wp-block-image\"><figure class=\"aligncenter\"><img decoding=\"async\" src=\"https:\/\/tradutoresproletarios.files.wordpress.com\/2019\/01\/cfc43-1adh5f3wbis-dnacyluotjw.png\" alt=\"\"\/><\/figure><\/div>\n\n\n\n<p><strong><em>Resumo de not\u00edcias e informa\u00e7\u00f5es internacionais escrito e fornecido por n\u00f3s da Comunidade dos Tradutores Prolet\u00e1rios<\/em><\/strong>.<\/p>\n\n\n\n<p><strong>Fontes:<\/strong><\/p>\n\n\n\n<p><a href=\"https:\/\/www.franceinter.fr\/politique\/qu-est-ce-que-le-referendum-d-initiative-citoyenne-que-les-gilets-jaunes-demandent\">https:\/\/www.franceinter.fr\/politique\/qu-est-ce-que-le-referendum-d-initiative-citoyenne-que-les-gilets-jaunes-demandent<\/a><\/p>\n\n\n\n<p><a href=\"https:\/\/www.franceinter.fr\/politique\/le-ralliement-d-initiative-citoyenne-quand-les-gilets-jaunes-se-lancent-dans-les-elections-europeennes\">https:\/\/www.franceinter.fr\/politique\/le-ralliement-d-initiative-citoyenne-quand-les-gilets-jaunes-se-lancent-dans-les-elections-europeennes<\/a><\/p>\n\n\n\n<p><a href=\"https:\/\/www.bbc.com\/news\/world-europe-46985629.\">https:\/\/www.bbc.com\/news\/world-europe-46985629.<\/a><\/p>\n\n\n\n<p><a href=\"https:\/\/today.rtl.lu\/news\/world\/1296838.html\">https:\/\/today.rtl.lu\/news\/world\/1296838.html<\/a><\/p>\n\n\n\n<p><a href=\"https:\/\/www.marianne.net\/politique\/qui-est-ingrid-levavasseur-liste-gilet-jaune-europeennes\">https:\/\/www.marianne.net\/politique\/qui-est-ingrid-levavasseur-liste-gilet-jaune-europeennes<\/a><\/p>\n\n\n\n<p><a href=\"https:\/\/www.valeursactuelles.com\/politique\/liste-gilets-jaunes-ingrid-levavasseur-etrillee-en-direct-103290\">https:\/\/www.valeursactuelles.com\/politique\/liste-gilets-jaunes-ingrid-levavasseur-etrillee-en-direct-103290<\/a><\/p>\n\n\n\n<p><a rel=\"noopener noreferrer\" href=\"http:\/\/www.lavoixdunord.fr\/504087\/article\/2018-12-11\/les-elus-ruraux-au-secours-de-la-desertification-medicale\" target=\"_blank\">http:\/\/www.lavoixdunord.fr\/504087\/article\/2018-12-11\/les-elus-ruraux-au-secours-de-la-desertification-medicale<\/a><\/p>\n","protected":false},"excerpt":{"rendered":"<p>No dia 23 de janeiro, uma fra\u00e7\u00e3o do movimento dos Coletes Amarelos, autointitulada Frente de Iniciativa Cidad\u00e3 [Ralliement d\u2019initiative citoyenne, RIC] anunciou sua inten\u00e7\u00e3o de concorrer nas elei\u00e7\u00f5es parlamentares francesas de maio de 2019. Foi publicada inicialmente uma lista com 10 nomes que concorrer\u00e3o em nome do RIC, mas a frente pol\u00edtica afirma que pretende,&#8230;<\/p>\n","protected":false},"author":1,"featured_media":2012,"comment_status":"open","ping_status":"open","sticky":false,"template":"","format":"standard","meta":{"_coblocks_attr":"","_coblocks_dimensions":"","_coblocks_responsive_height":"","_coblocks_accordion_ie_support":"","om_disable_all_campaigns":false,"_monsterinsights_skip_tracking":false,"_monsterinsights_sitenote_active":false,"_monsterinsights_sitenote_note":"","_monsterinsights_sitenote_category":0,"_uf_show_specific_survey":0,"_uf_disable_surveys":false,"_kadence_starter_templates_imported_post":false,"_kad_post_transparent":"","_kad_post_title":"","_kad_post_layout":"","_kad_post_sidebar_id":"","_kad_post_content_style":"","_kad_post_vertical_padding":"","_kad_post_feature":"","_kad_post_feature_position":"","_kad_post_header":false,"_kad_post_footer":false,"_kad_post_classname":"","footnotes":""},"categories":[349,345,347,348],"tags":[60,83,110,143,162,184,197,252,265,278],"class_list":["post-57","post","type-post","status-publish","format-standard","has-post-thumbnail","hentry","category-arquivo-series-tradutores-proletarios","category-arquivo-tradutores-proletarios","category-producoes","category-series","tag-autoral-comunidade-dos-tradutores-proletarios","tag-coletes-amarelos","tag-eleicoes","tag-franca","tag-hayk-shahinyan","tag-ingrid-levavasseur","tag-jornalistica","tag-partidos","tag-politica","tag-ralliement-dinitiative-citoyenne"],"yoast_head":"<!-- This site is optimized with the Yoast SEO plugin v27.4 - https:\/\/yoast.com\/product\/yoast-seo-wordpress\/ -->\n<title>URGENTE: Um grupo de Coletes Amarelos \u00e9 formado para disputar as elei\u00e7\u00f5es parlamentares francesas - Zero \u00e0 Esquerda<\/title>\n<meta name=\"robots\" content=\"index, follow, max-snippet:-1, max-image-preview:large, max-video-preview:-1\" \/>\n<link rel=\"canonical\" href=\"https:\/\/zeroaesquerda.com.br\/index.php\/2019\/01\/25\/urgente-um-grupo-de-coletes-amarelos-e-formado-para-disputar-as-eleicoes-parlamentares-francesas\/\" \/>\n<meta property=\"og:locale\" content=\"pt_BR\" \/>\n<meta property=\"og:type\" content=\"article\" \/>\n<meta property=\"og:title\" content=\"URGENTE: Um grupo de Coletes Amarelos \u00e9 formado para disputar as elei\u00e7\u00f5es parlamentares francesas - Zero \u00e0 Esquerda\" \/>\n<meta property=\"og:description\" content=\"No dia 23 de janeiro, uma fra\u00e7\u00e3o do movimento dos Coletes Amarelos, autointitulada Frente de Iniciativa Cidad\u00e3 [Ralliement d\u2019initiative citoyenne, RIC] anunciou sua inten\u00e7\u00e3o de concorrer nas elei\u00e7\u00f5es parlamentares francesas de maio de 2019. Foi publicada inicialmente uma lista com 10 nomes que concorrer\u00e3o em nome do RIC, mas a frente pol\u00edtica afirma que pretende,...\" \/>\n<meta property=\"og:url\" content=\"https:\/\/zeroaesquerda.com.br\/index.php\/2019\/01\/25\/urgente-um-grupo-de-coletes-amarelos-e-formado-para-disputar-as-eleicoes-parlamentares-francesas\/\" \/>\n<meta property=\"og:site_name\" content=\"Zero \u00e0 Esquerda\" \/>\n<meta property=\"article:publisher\" content=\"https:\/\/www.facebook.com\/revistazeroaesquerda\" \/>\n<meta property=\"article:published_time\" content=\"2019-01-25T18:40:30+00:00\" \/>\n<meta property=\"article:modified_time\" content=\"2021-11-22T22:23:48+00:00\" \/>\n<meta property=\"og:image\" content=\"https:\/\/zeroaesquerda.com.br\/wp-content\/uploads\/2019\/02\/23591-12m8bo-0-g9vin1e65goguw.png\" \/>\n\t<meta property=\"og:image:width\" content=\"2560\" \/>\n\t<meta property=\"og:image:height\" content=\"1536\" \/>\n\t<meta property=\"og:image:type\" content=\"image\/png\" \/>\n<meta name=\"author\" content=\"Zero \u00e0 Esquerda\" \/>\n<meta name=\"twitter:card\" content=\"summary_large_image\" \/>\n<meta name=\"twitter:creator\" content=\"@z3roaesquerda\" \/>\n<meta name=\"twitter:site\" content=\"@z3roaesquerda\" \/>\n<meta name=\"twitter:label1\" content=\"Escrito por\" \/>\n\t<meta name=\"twitter:data1\" content=\"Zero \u00e0 Esquerda\" \/>\n\t<meta name=\"twitter:label2\" content=\"Est. tempo de leitura\" \/>\n\t<meta name=\"twitter:data2\" content=\"5 minutos\" \/>\n<script type=\"application\/ld+json\" class=\"yoast-schema-graph\">{\"@context\":\"https:\\\/\\\/schema.org\",\"@graph\":[{\"@type\":\"Article\",\"@id\":\"https:\\\/\\\/zeroaesquerda.com.br\\\/index.php\\\/2019\\\/01\\\/25\\\/urgente-um-grupo-de-coletes-amarelos-e-formado-para-disputar-as-eleicoes-parlamentares-francesas\\\/#article\",\"isPartOf\":{\"@id\":\"https:\\\/\\\/zeroaesquerda.com.br\\\/index.php\\\/2019\\\/01\\\/25\\\/urgente-um-grupo-de-coletes-amarelos-e-formado-para-disputar-as-eleicoes-parlamentares-francesas\\\/\"},\"author\":{\"name\":\"Zero \u00e0 Esquerda\",\"@id\":\"https:\\\/\\\/zeroaesquerda.com.br\\\/#\\\/schema\\\/person\\\/04e72095a4fbe77f00c7b047955ed0b8\"},\"headline\":\"URGENTE: Um grupo de Coletes Amarelos \u00e9 formado para disputar as elei\u00e7\u00f5es parlamentares francesas\",\"datePublished\":\"2019-01-25T18:40:30+00:00\",\"dateModified\":\"2021-11-22T22:23:48+00:00\",\"mainEntityOfPage\":{\"@id\":\"https:\\\/\\\/zeroaesquerda.com.br\\\/index.php\\\/2019\\\/01\\\/25\\\/urgente-um-grupo-de-coletes-amarelos-e-formado-para-disputar-as-eleicoes-parlamentares-francesas\\\/\"},\"wordCount\":1037,\"commentCount\":0,\"publisher\":{\"@id\":\"https:\\\/\\\/zeroaesquerda.com.br\\\/#organization\"},\"image\":{\"@id\":\"https:\\\/\\\/zeroaesquerda.com.br\\\/index.php\\\/2019\\\/01\\\/25\\\/urgente-um-grupo-de-coletes-amarelos-e-formado-para-disputar-as-eleicoes-parlamentares-francesas\\\/#primaryimage\"},\"thumbnailUrl\":\"https:\\\/\\\/zeroaesquerda.com.br\\\/wp-content\\\/uploads\\\/2019\\\/02\\\/23591-12m8bo-0-g9vin1e65goguw.png\",\"keywords\":[\"Autoral [Comunidade dos Tradutores Prolet\u00e1rios]\",\"Coletes Amarelos\",\"Elei\u00e7\u00f5es\",\"Fran\u00e7a\",\"Hayk Shahinyan\",\"Ingrid Levavasseur\",\"Jornal\u00edstica\",\"Partidos\",\"Pol\u00edtica\",\"Ralliement d'initiative citoyenne\"],\"articleSection\":[\"Arquivo (S\u00e9ries da TP)\",\"Arquivo (Tradutores Prolet\u00e1rios)\",\"Produ\u00e7\u00f5es\",\"S\u00e9ries\"],\"inLanguage\":\"pt-BR\",\"potentialAction\":[{\"@type\":\"CommentAction\",\"name\":\"Comment\",\"target\":[\"https:\\\/\\\/zeroaesquerda.com.br\\\/index.php\\\/2019\\\/01\\\/25\\\/urgente-um-grupo-de-coletes-amarelos-e-formado-para-disputar-as-eleicoes-parlamentares-francesas\\\/#respond\"]}]},{\"@type\":\"WebPage\",\"@id\":\"https:\\\/\\\/zeroaesquerda.com.br\\\/index.php\\\/2019\\\/01\\\/25\\\/urgente-um-grupo-de-coletes-amarelos-e-formado-para-disputar-as-eleicoes-parlamentares-francesas\\\/\",\"url\":\"https:\\\/\\\/zeroaesquerda.com.br\\\/index.php\\\/2019\\\/01\\\/25\\\/urgente-um-grupo-de-coletes-amarelos-e-formado-para-disputar-as-eleicoes-parlamentares-francesas\\\/\",\"name\":\"URGENTE: Um grupo de Coletes Amarelos \u00e9 formado para disputar as elei\u00e7\u00f5es parlamentares francesas - Zero \u00e0 Esquerda\",\"isPartOf\":{\"@id\":\"https:\\\/\\\/zeroaesquerda.com.br\\\/#website\"},\"primaryImageOfPage\":{\"@id\":\"https:\\\/\\\/zeroaesquerda.com.br\\\/index.php\\\/2019\\\/01\\\/25\\\/urgente-um-grupo-de-coletes-amarelos-e-formado-para-disputar-as-eleicoes-parlamentares-francesas\\\/#primaryimage\"},\"image\":{\"@id\":\"https:\\\/\\\/zeroaesquerda.com.br\\\/index.php\\\/2019\\\/01\\\/25\\\/urgente-um-grupo-de-coletes-amarelos-e-formado-para-disputar-as-eleicoes-parlamentares-francesas\\\/#primaryimage\"},\"thumbnailUrl\":\"https:\\\/\\\/zeroaesquerda.com.br\\\/wp-content\\\/uploads\\\/2019\\\/02\\\/23591-12m8bo-0-g9vin1e65goguw.png\",\"datePublished\":\"2019-01-25T18:40:30+00:00\",\"dateModified\":\"2021-11-22T22:23:48+00:00\",\"breadcrumb\":{\"@id\":\"https:\\\/\\\/zeroaesquerda.com.br\\\/index.php\\\/2019\\\/01\\\/25\\\/urgente-um-grupo-de-coletes-amarelos-e-formado-para-disputar-as-eleicoes-parlamentares-francesas\\\/#breadcrumb\"},\"inLanguage\":\"pt-BR\",\"potentialAction\":[{\"@type\":\"ReadAction\",\"target\":[\"https:\\\/\\\/zeroaesquerda.com.br\\\/index.php\\\/2019\\\/01\\\/25\\\/urgente-um-grupo-de-coletes-amarelos-e-formado-para-disputar-as-eleicoes-parlamentares-francesas\\\/\"]}]},{\"@type\":\"ImageObject\",\"inLanguage\":\"pt-BR\",\"@id\":\"https:\\\/\\\/zeroaesquerda.com.br\\\/index.php\\\/2019\\\/01\\\/25\\\/urgente-um-grupo-de-coletes-amarelos-e-formado-para-disputar-as-eleicoes-parlamentares-francesas\\\/#primaryimage\",\"url\":\"https:\\\/\\\/zeroaesquerda.com.br\\\/wp-content\\\/uploads\\\/2019\\\/02\\\/23591-12m8bo-0-g9vin1e65goguw.png\",\"contentUrl\":\"https:\\\/\\\/zeroaesquerda.com.br\\\/wp-content\\\/uploads\\\/2019\\\/02\\\/23591-12m8bo-0-g9vin1e65goguw.png\",\"width\":2560,\"height\":1536},{\"@type\":\"BreadcrumbList\",\"@id\":\"https:\\\/\\\/zeroaesquerda.com.br\\\/index.php\\\/2019\\\/01\\\/25\\\/urgente-um-grupo-de-coletes-amarelos-e-formado-para-disputar-as-eleicoes-parlamentares-francesas\\\/#breadcrumb\",\"itemListElement\":[{\"@type\":\"ListItem\",\"position\":1,\"name\":\"In\u00edcio\",\"item\":\"https:\\\/\\\/zeroaesquerda.com.br\\\/\"},{\"@type\":\"ListItem\",\"position\":2,\"name\":\"URGENTE: Um grupo de Coletes Amarelos \u00e9 formado para disputar as elei\u00e7\u00f5es parlamentares francesas\"}]},{\"@type\":\"WebSite\",\"@id\":\"https:\\\/\\\/zeroaesquerda.com.br\\\/#website\",\"url\":\"https:\\\/\\\/zeroaesquerda.com.br\\\/\",\"name\":\"Zero \u00e0 Esquerda\",\"description\":\"Tra\u00e7ando tend\u00eancias para al\u00e9m do capitalismo.\",\"publisher\":{\"@id\":\"https:\\\/\\\/zeroaesquerda.com.br\\\/#organization\"},\"potentialAction\":[{\"@type\":\"SearchAction\",\"target\":{\"@type\":\"EntryPoint\",\"urlTemplate\":\"https:\\\/\\\/zeroaesquerda.com.br\\\/?s={search_term_string}\"},\"query-input\":{\"@type\":\"PropertyValueSpecification\",\"valueRequired\":true,\"valueName\":\"search_term_string\"}}],\"inLanguage\":\"pt-BR\"},{\"@type\":\"Organization\",\"@id\":\"https:\\\/\\\/zeroaesquerda.com.br\\\/#organization\",\"name\":\"Zero \u00e0 Esquerda\",\"url\":\"https:\\\/\\\/zeroaesquerda.com.br\\\/\",\"logo\":{\"@type\":\"ImageObject\",\"inLanguage\":\"pt-BR\",\"@id\":\"https:\\\/\\\/zeroaesquerda.com.br\\\/#\\\/schema\\\/logo\\\/image\\\/\",\"url\":\"https:\\\/\\\/zeroaesquerda.com.br\\\/wp-content\\\/uploads\\\/2021\\\/01\\\/4-simbolo-zero-a-esquerda-favicon-alt.png\",\"contentUrl\":\"https:\\\/\\\/zeroaesquerda.com.br\\\/wp-content\\\/uploads\\\/2021\\\/01\\\/4-simbolo-zero-a-esquerda-favicon-alt.png\",\"width\":1271,\"height\":1069,\"caption\":\"Zero \u00e0 Esquerda\"},\"image\":{\"@id\":\"https:\\\/\\\/zeroaesquerda.com.br\\\/#\\\/schema\\\/logo\\\/image\\\/\"},\"sameAs\":[\"https:\\\/\\\/www.facebook.com\\\/revistazeroaesquerda\",\"https:\\\/\\\/x.com\\\/z3roaesquerda\",\"https:\\\/\\\/www.instagram.com\\\/revistazeroaesquerda\\\/\",\"https:\\\/\\\/www.youtube.com\\\/channel\\\/UCIaGx271Qw6D1QwqYBojrLw\"]},{\"@type\":\"Person\",\"@id\":\"https:\\\/\\\/zeroaesquerda.com.br\\\/#\\\/schema\\\/person\\\/04e72095a4fbe77f00c7b047955ed0b8\",\"name\":\"Zero \u00e0 Esquerda\",\"image\":{\"@type\":\"ImageObject\",\"inLanguage\":\"pt-BR\",\"@id\":\"https:\\\/\\\/secure.gravatar.com\\\/avatar\\\/a417d8eccb1cec435aa9a93213f41ee528a636232351421dedc4ada2160b3f1b?s=96&d=mm&r=g\",\"url\":\"https:\\\/\\\/secure.gravatar.com\\\/avatar\\\/a417d8eccb1cec435aa9a93213f41ee528a636232351421dedc4ada2160b3f1b?s=96&d=mm&r=g\",\"contentUrl\":\"https:\\\/\\\/secure.gravatar.com\\\/avatar\\\/a417d8eccb1cec435aa9a93213f41ee528a636232351421dedc4ada2160b3f1b?s=96&d=mm&r=g\",\"caption\":\"Zero \u00e0 Esquerda\"},\"description\":\"Tra\u00e7ando tend\u00eancias para al\u00e9m do capitalismo.\",\"sameAs\":[\"http:\\\/\\\/zeroaesquerda.com.br\"],\"url\":\"https:\\\/\\\/zeroaesquerda.com.br\\\/index.php\\\/author\\\/revistazeroaesquerdagmail-com\\\/\"}]}<\/script>\n<!-- \/ Yoast SEO plugin. -->","yoast_head_json":{"title":"URGENTE: Um grupo de Coletes Amarelos \u00e9 formado para disputar as elei\u00e7\u00f5es parlamentares francesas - Zero \u00e0 Esquerda","robots":{"index":"index","follow":"follow","max-snippet":"max-snippet:-1","max-image-preview":"max-image-preview:large","max-video-preview":"max-video-preview:-1"},"canonical":"https:\/\/zeroaesquerda.com.br\/index.php\/2019\/01\/25\/urgente-um-grupo-de-coletes-amarelos-e-formado-para-disputar-as-eleicoes-parlamentares-francesas\/","og_locale":"pt_BR","og_type":"article","og_title":"URGENTE: Um grupo de Coletes Amarelos \u00e9 formado para disputar as elei\u00e7\u00f5es parlamentares francesas - Zero \u00e0 Esquerda","og_description":"No dia 23 de janeiro, uma fra\u00e7\u00e3o do movimento dos Coletes Amarelos, autointitulada Frente de Iniciativa Cidad\u00e3 [Ralliement d\u2019initiative citoyenne, RIC] anunciou sua inten\u00e7\u00e3o de concorrer nas elei\u00e7\u00f5es parlamentares francesas de maio de 2019. Foi publicada inicialmente uma lista com 10 nomes que concorrer\u00e3o em nome do RIC, mas a frente pol\u00edtica afirma que pretende,...","og_url":"https:\/\/zeroaesquerda.com.br\/index.php\/2019\/01\/25\/urgente-um-grupo-de-coletes-amarelos-e-formado-para-disputar-as-eleicoes-parlamentares-francesas\/","og_site_name":"Zero \u00e0 Esquerda","article_publisher":"https:\/\/www.facebook.com\/revistazeroaesquerda","article_published_time":"2019-01-25T18:40:30+00:00","article_modified_time":"2021-11-22T22:23:48+00:00","og_image":[{"width":2560,"height":1536,"url":"https:\/\/zeroaesquerda.com.br\/wp-content\/uploads\/2019\/02\/23591-12m8bo-0-g9vin1e65goguw.png","type":"image\/png"}],"author":"Zero \u00e0 Esquerda","twitter_card":"summary_large_image","twitter_creator":"@z3roaesquerda","twitter_site":"@z3roaesquerda","twitter_misc":{"Escrito por":"Zero \u00e0 Esquerda","Est. tempo de leitura":"5 minutos"},"schema":{"@context":"https:\/\/schema.org","@graph":[{"@type":"Article","@id":"https:\/\/zeroaesquerda.com.br\/index.php\/2019\/01\/25\/urgente-um-grupo-de-coletes-amarelos-e-formado-para-disputar-as-eleicoes-parlamentares-francesas\/#article","isPartOf":{"@id":"https:\/\/zeroaesquerda.com.br\/index.php\/2019\/01\/25\/urgente-um-grupo-de-coletes-amarelos-e-formado-para-disputar-as-eleicoes-parlamentares-francesas\/"},"author":{"name":"Zero \u00e0 Esquerda","@id":"https:\/\/zeroaesquerda.com.br\/#\/schema\/person\/04e72095a4fbe77f00c7b047955ed0b8"},"headline":"URGENTE: Um grupo de Coletes Amarelos \u00e9 formado para disputar as elei\u00e7\u00f5es parlamentares francesas","datePublished":"2019-01-25T18:40:30+00:00","dateModified":"2021-11-22T22:23:48+00:00","mainEntityOfPage":{"@id":"https:\/\/zeroaesquerda.com.br\/index.php\/2019\/01\/25\/urgente-um-grupo-de-coletes-amarelos-e-formado-para-disputar-as-eleicoes-parlamentares-francesas\/"},"wordCount":1037,"commentCount":0,"publisher":{"@id":"https:\/\/zeroaesquerda.com.br\/#organization"},"image":{"@id":"https:\/\/zeroaesquerda.com.br\/index.php\/2019\/01\/25\/urgente-um-grupo-de-coletes-amarelos-e-formado-para-disputar-as-eleicoes-parlamentares-francesas\/#primaryimage"},"thumbnailUrl":"https:\/\/zeroaesquerda.com.br\/wp-content\/uploads\/2019\/02\/23591-12m8bo-0-g9vin1e65goguw.png","keywords":["Autoral [Comunidade dos Tradutores Prolet\u00e1rios]","Coletes Amarelos","Elei\u00e7\u00f5es","Fran\u00e7a","Hayk Shahinyan","Ingrid Levavasseur","Jornal\u00edstica","Partidos","Pol\u00edtica","Ralliement d'initiative citoyenne"],"articleSection":["Arquivo (S\u00e9ries da TP)","Arquivo (Tradutores Prolet\u00e1rios)","Produ\u00e7\u00f5es","S\u00e9ries"],"inLanguage":"pt-BR","potentialAction":[{"@type":"CommentAction","name":"Comment","target":["https:\/\/zeroaesquerda.com.br\/index.php\/2019\/01\/25\/urgente-um-grupo-de-coletes-amarelos-e-formado-para-disputar-as-eleicoes-parlamentares-francesas\/#respond"]}]},{"@type":"WebPage","@id":"https:\/\/zeroaesquerda.com.br\/index.php\/2019\/01\/25\/urgente-um-grupo-de-coletes-amarelos-e-formado-para-disputar-as-eleicoes-parlamentares-francesas\/","url":"https:\/\/zeroaesquerda.com.br\/index.php\/2019\/01\/25\/urgente-um-grupo-de-coletes-amarelos-e-formado-para-disputar-as-eleicoes-parlamentares-francesas\/","name":"URGENTE: Um grupo de Coletes Amarelos \u00e9 formado para disputar as elei\u00e7\u00f5es parlamentares francesas - Zero \u00e0 Esquerda","isPartOf":{"@id":"https:\/\/zeroaesquerda.com.br\/#website"},"primaryImageOfPage":{"@id":"https:\/\/zeroaesquerda.com.br\/index.php\/2019\/01\/25\/urgente-um-grupo-de-coletes-amarelos-e-formado-para-disputar-as-eleicoes-parlamentares-francesas\/#primaryimage"},"image":{"@id":"https:\/\/zeroaesquerda.com.br\/index.php\/2019\/01\/25\/urgente-um-grupo-de-coletes-amarelos-e-formado-para-disputar-as-eleicoes-parlamentares-francesas\/#primaryimage"},"thumbnailUrl":"https:\/\/zeroaesquerda.com.br\/wp-content\/uploads\/2019\/02\/23591-12m8bo-0-g9vin1e65goguw.png","datePublished":"2019-01-25T18:40:30+00:00","dateModified":"2021-11-22T22:23:48+00:00","breadcrumb":{"@id":"https:\/\/zeroaesquerda.com.br\/index.php\/2019\/01\/25\/urgente-um-grupo-de-coletes-amarelos-e-formado-para-disputar-as-eleicoes-parlamentares-francesas\/#breadcrumb"},"inLanguage":"pt-BR","potentialAction":[{"@type":"ReadAction","target":["https:\/\/zeroaesquerda.com.br\/index.php\/2019\/01\/25\/urgente-um-grupo-de-coletes-amarelos-e-formado-para-disputar-as-eleicoes-parlamentares-francesas\/"]}]},{"@type":"ImageObject","inLanguage":"pt-BR","@id":"https:\/\/zeroaesquerda.com.br\/index.php\/2019\/01\/25\/urgente-um-grupo-de-coletes-amarelos-e-formado-para-disputar-as-eleicoes-parlamentares-francesas\/#primaryimage","url":"https:\/\/zeroaesquerda.com.br\/wp-content\/uploads\/2019\/02\/23591-12m8bo-0-g9vin1e65goguw.png","contentUrl":"https:\/\/zeroaesquerda.com.br\/wp-content\/uploads\/2019\/02\/23591-12m8bo-0-g9vin1e65goguw.png","width":2560,"height":1536},{"@type":"BreadcrumbList","@id":"https:\/\/zeroaesquerda.com.br\/index.php\/2019\/01\/25\/urgente-um-grupo-de-coletes-amarelos-e-formado-para-disputar-as-eleicoes-parlamentares-francesas\/#breadcrumb","itemListElement":[{"@type":"ListItem","position":1,"name":"In\u00edcio","item":"https:\/\/zeroaesquerda.com.br\/"},{"@type":"ListItem","position":2,"name":"URGENTE: Um grupo de Coletes Amarelos \u00e9 formado para disputar as elei\u00e7\u00f5es parlamentares francesas"}]},{"@type":"WebSite","@id":"https:\/\/zeroaesquerda.com.br\/#website","url":"https:\/\/zeroaesquerda.com.br\/","name":"Zero \u00e0 Esquerda","description":"Tra\u00e7ando tend\u00eancias para al\u00e9m do capitalismo.","publisher":{"@id":"https:\/\/zeroaesquerda.com.br\/#organization"},"potentialAction":[{"@type":"SearchAction","target":{"@type":"EntryPoint","urlTemplate":"https:\/\/zeroaesquerda.com.br\/?s={search_term_string}"},"query-input":{"@type":"PropertyValueSpecification","valueRequired":true,"valueName":"search_term_string"}}],"inLanguage":"pt-BR"},{"@type":"Organization","@id":"https:\/\/zeroaesquerda.com.br\/#organization","name":"Zero \u00e0 Esquerda","url":"https:\/\/zeroaesquerda.com.br\/","logo":{"@type":"ImageObject","inLanguage":"pt-BR","@id":"https:\/\/zeroaesquerda.com.br\/#\/schema\/logo\/image\/","url":"https:\/\/zeroaesquerda.com.br\/wp-content\/uploads\/2021\/01\/4-simbolo-zero-a-esquerda-favicon-alt.png","contentUrl":"https:\/\/zeroaesquerda.com.br\/wp-content\/uploads\/2021\/01\/4-simbolo-zero-a-esquerda-favicon-alt.png","width":1271,"height":1069,"caption":"Zero \u00e0 Esquerda"},"image":{"@id":"https:\/\/zeroaesquerda.com.br\/#\/schema\/logo\/image\/"},"sameAs":["https:\/\/www.facebook.com\/revistazeroaesquerda","https:\/\/x.com\/z3roaesquerda","https:\/\/www.instagram.com\/revistazeroaesquerda\/","https:\/\/www.youtube.com\/channel\/UCIaGx271Qw6D1QwqYBojrLw"]},{"@type":"Person","@id":"https:\/\/zeroaesquerda.com.br\/#\/schema\/person\/04e72095a4fbe77f00c7b047955ed0b8","name":"Zero \u00e0 Esquerda","image":{"@type":"ImageObject","inLanguage":"pt-BR","@id":"https:\/\/secure.gravatar.com\/avatar\/a417d8eccb1cec435aa9a93213f41ee528a636232351421dedc4ada2160b3f1b?s=96&d=mm&r=g","url":"https:\/\/secure.gravatar.com\/avatar\/a417d8eccb1cec435aa9a93213f41ee528a636232351421dedc4ada2160b3f1b?s=96&d=mm&r=g","contentUrl":"https:\/\/secure.gravatar.com\/avatar\/a417d8eccb1cec435aa9a93213f41ee528a636232351421dedc4ada2160b3f1b?s=96&d=mm&r=g","caption":"Zero \u00e0 Esquerda"},"description":"Tra\u00e7ando tend\u00eancias para al\u00e9m do capitalismo.","sameAs":["http:\/\/zeroaesquerda.com.br"],"url":"https:\/\/zeroaesquerda.com.br\/index.php\/author\/revistazeroaesquerdagmail-com\/"}]}},"_links":{"self":[{"href":"https:\/\/zeroaesquerda.com.br\/index.php\/wp-json\/wp\/v2\/posts\/57","targetHints":{"allow":["GET"]}}],"collection":[{"href":"https:\/\/zeroaesquerda.com.br\/index.php\/wp-json\/wp\/v2\/posts"}],"about":[{"href":"https:\/\/zeroaesquerda.com.br\/index.php\/wp-json\/wp\/v2\/types\/post"}],"author":[{"embeddable":true,"href":"https:\/\/zeroaesquerda.com.br\/index.php\/wp-json\/wp\/v2\/users\/1"}],"replies":[{"embeddable":true,"href":"https:\/\/zeroaesquerda.com.br\/index.php\/wp-json\/wp\/v2\/comments?post=57"}],"version-history":[{"count":3,"href":"https:\/\/zeroaesquerda.com.br\/index.php\/wp-json\/wp\/v2\/posts\/57\/revisions"}],"predecessor-version":[{"id":2540,"href":"https:\/\/zeroaesquerda.com.br\/index.php\/wp-json\/wp\/v2\/posts\/57\/revisions\/2540"}],"wp:featuredmedia":[{"embeddable":true,"href":"https:\/\/zeroaesquerda.com.br\/index.php\/wp-json\/wp\/v2\/media\/2012"}],"wp:attachment":[{"href":"https:\/\/zeroaesquerda.com.br\/index.php\/wp-json\/wp\/v2\/media?parent=57"}],"wp:term":[{"taxonomy":"category","embeddable":true,"href":"https:\/\/zeroaesquerda.com.br\/index.php\/wp-json\/wp\/v2\/categories?post=57"},{"taxonomy":"post_tag","embeddable":true,"href":"https:\/\/zeroaesquerda.com.br\/index.php\/wp-json\/wp\/v2\/tags?post=57"}],"curies":[{"name":"wp","href":"https:\/\/api.w.org\/{rel}","templated":true}]}}