{"id":52,"date":"2019-03-01T05:08:22","date_gmt":"2019-03-01T08:08:22","guid":{"rendered":"https:\/\/tradutoresproletarios.wordpress.com\/2019\/03\/01\/o-direito-de-votar-em-eleicoes-nao-e-sinal-suficiente-de-democracia\/"},"modified":"2021-01-23T05:23:40","modified_gmt":"2021-01-23T05:23:40","slug":"o-direito-de-votar-em-eleicoes-nao-e-sinal-suficiente-de-democracia","status":"publish","type":"post","link":"https:\/\/zeroaesquerda.com.br\/index.php\/2019\/03\/01\/o-direito-de-votar-em-eleicoes-nao-e-sinal-suficiente-de-democracia\/","title":{"rendered":"O direito de votar em elei\u00e7\u00f5es n\u00e3o \u00e9 sinal suficiente de democracia \u2014 Shikha Patnaik"},"content":{"rendered":"\n<h4 class=\"wp-block-heading\">Shikha Patnaik, 9 de dezembro de&nbsp;2018<\/h4>\n\n\n\n<div class=\"wp-block-image\"><figure class=\"aligncenter is-resized\"><img loading=\"lazy\" decoding=\"async\" src=\"https:\/\/tradutoresproletarios.files.wordpress.com\/2019\/03\/4b522-1at3vlgdinihh_az9dhzmra.png\" alt=\"Imagem que simula a tela de sele\u00e7\u00e3o de personagens de um jogo de luta. No topo, h\u00e1 a frase em ingl\u00eas &quot;Choose your fighter&quot; (&quot;Escolha seu lutador&quot;). Na parte inferior, uma barra com o nome de um jogo fict\u00edcio (&quot;Kapital Kombat - Deception&quot;) \u00e0 esquerda. \u00c0 direita desta barra, h\u00e1 o valor de cr\u00e9ditos que o jogador fict\u00edcio desse jogo possui (9999 cr\u00e9ditos). \n\nNo centro da imagem, h\u00e1 quatro imagens repetidas de uma est\u00e1tua do deus grego Hermes (deus, dentre outras coisas, do com\u00e9rcio), vestidos, como manequins, com roupas e acess\u00f3rios que representam quatro candidatos das elei\u00e7\u00f5es presidenciais de 2018 Haddad, Ciro, Amo\u00eado e Bolsonaro.\n\nA est\u00e1tua-manequim que representa Haddad tem camisa vermelho-escura, e um chap\u00e9u de cangaceiro com o s\u00edmbolo do Partido dos Trabalhadores (estrela vermelha com a sigla PT no meio) em seu centro.\n\nA est\u00e1tua-manequim representando Ciro est\u00e1 vestida de terno preto, com camisa social branca e gravata vermelha. Em seu peito, h\u00e1 um broche com o s\u00edmbolo do PDT (uma m\u00e3o segurando uma rosa, s\u00edmbolo internacional da Social-Democracia). Uma rosa de cores entre o p\u00farpura e o rosa adorna o cabelo da est\u00e1tua.\n\nA est\u00e1tua-manequim que representa Amo\u00eado est\u00e1 vestida de camisa p\u00f3lo laranja com o s\u00edmbolo de seu partido (NOVO): a letra n, inclinada, com tra\u00e7os laterais que simultam movimento.\n\nA \u00faltima est\u00e1tua-manequim, a que representa Bolsonaro, est\u00e1 vestida com terno e gravata preta, camisa social branca, e adornada por tr\u00eas elementos: um broche com o desenho de uma laranja, representando o esc\u00e2ndalo Queiroz; uma boina militar laranja, fazendo refer\u00eancia ao mesmo fato; e a famosa &quot;mamadeira de piroca&quot;, uma mamadeira com um bico em formato de p\u00eanis que foi o conte\u00fado de uma not\u00edcia falsa espalhada durante as elei\u00e7\u00f5es de 2018 por apoiadores de Bolsonaro.\" width=\"2500\" height=\"1500\"\/><\/figure><\/div>\n\n\n\n<blockquote class=\"wp-block-quote is-style-large is-layout-flow wp-block-quote-is-layout-flow\"><p>Basta ouvir qualquer liberal na internet por algum tempo para perceber que um de seus argumentos mais recorrentes ser\u00e1 o de que \u201cpa\u00edses capitalistas s\u00e3o democr\u00e1ticos, e Estados socialistas s\u00e3o ditaduras\u201d\u2014 mas ser\u00e1 que esta afirma\u00e7\u00e3o \u00e9 ver\u00eddica? Neste pequeno artigo, Shikha explica didaticamente o car\u00e1ter ilus\u00f3rio da \u201cdemocracia\u201d capitalista, cuja maior evid\u00eancia reside na interfer\u00eancia empresarial em elei\u00e7\u00f5es governamentais.<\/p><\/blockquote>\n\n\n\n<p><span>Em<\/span> todas as conversas que tive com outras pessoas sobre socialismo e Estados socialistas, o argumento invariavelmente feito pelos que s\u00e3o pr\u00f3-capitalistas, ou por liberais que ainda precisam desenvolver uma compreens\u00e3o do socialismo, \u00e9 que os Estados socialistas s\u00e3o ditaduras e n\u00e3o s\u00e3o democracias. N\u00e3o \u00e9 culpa deles, j\u00e1 que vivemos em um mundo dominado pelo Norte e pelo Ocidente, e os valores liberais em todo o mundo s\u00e3o moldados por aquilo esses pa\u00edses decidem que devemos defender.<\/p>\n\n\n\n<p>A cren\u00e7a de que a democracia liberal ocidental \u00e9 a \u00fanica forma de governo que deve existir est\u00e1 t\u00e3o profundamente entranhada, que a maior parte das pessoas n\u00e3o conseguem sequer imaginar uma forma alternativa e, portanto, s\u00e3o r\u00e1pidos em equiparar Estados socialistas com ditaduras reais. Antes que mergulhemos em teorias socialistas, vamos primeiro perguntar a n\u00f3s mesmos o que queremos dizer com democracia? \u00c9 nosso \u00fanico direito votar em pol\u00edticos e partidos pol\u00edticos para dentro e fora do poder? Ou seria ela nossa capacidade de tomar decis\u00f5es em institui\u00e7\u00f5es que afetam diretamente nossas vidas?<\/p>\n\n\n\n<blockquote class=\"wp-block-quote is-layout-flow wp-block-quote-is-layout-flow\"><p>A ideia de democracia \u00e9: se voc\u00ea ter\u00e1 que viver com as consequ\u00eancias das decis\u00f5es, ent\u00e3o voc\u00ea deve poder participar da tomada delas.\u200a\u2014\u200aRichard d. Wolf (@profwolff) 14 de Setembro de 2012<\/p><\/blockquote>\n\n\n\n<p>Se concordarmos com essa defini\u00e7\u00e3o de democracia, ent\u00e3o ser\u00e1 que podemos dizer que as democracias liberais ocidentais s\u00e3o realmente democr\u00e1ticas?<\/p>\n\n\n\n<blockquote class=\"wp-block-quote is-layout-flow wp-block-quote-is-layout-flow\"><p>Democracia no local de trabalho = Todos afetados pelas decis\u00f5es (trabalhadores + clientes + suas comunidades) devem participar das decis\u00f5es do local de trabalho. Uma pessoa, um voto. No capitalismo, apenas propriet\u00e1rios e altos executivos decidem, e isso \u00e9 o oposto de democracia.\u200a\u2014\u200aRichard D. Wolf (@profwolff) 14 de Maio de 2018<\/p><\/blockquote>\n\n\n\n<p>Ent\u00e3o os Estados capitalistas n\u00e3o s\u00e3o autorit\u00e1rios? A democracia pertence apenas \u00e0s pol\u00edticas de n\u00edvel nacional e n\u00e3o ao nosso local de trabalho?<\/p>\n\n\n\n<blockquote class=\"wp-block-quote is-layout-flow wp-block-quote-is-layout-flow\"><p>N\u00f3s pensamos que temos uma sociedade aberta porque podemos criticar nosso governo, mas a firma onde trabalhamos tem muito mais impacto em nossas vidas, e se voc\u00ea critic\u00e1-la publicamente, os donos v\u00e3o te demitir. A esfera privada ainda \u00e9 gerida como uma ditadura, por milhares de tiranos mesquinhos.\u200a\u2014\u200aExistential Comics (@existentialcomics) 14 de Outubro de 2018<\/p><\/blockquote>\n\n\n\n<p>N\u00f3s precisamos aceitar que o autoritarismo \u00e9 nossa realidade, independente de nossa sociedade ser capitalista ou socialista. Mas s\u00e3o essas duas formas de autoridade iguais? Vamos dar um passo atr\u00e1s e entender o que \u00e9 capitalismo, socialismo e comunismo.<\/p>\n\n\n\n<ul class=\"wp-block-list\"><li>\n<strong>Capitalismo: <\/strong>um modo econ\u00f4mico de produ\u00e7\u00e3o onde os meios de produ\u00e7\u00e3o\u200a\u2014\u200aterra, trabalho, tecnologia, infraestrutura, etc\u200a\u2014\u200apertencem \u00e0 classe dominante rica. Os donos de empresas investiram \u201ccapital\u201d nas empresas e, portanto, \u201cpossuem\u201d o neg\u00f3cio: sua receita, seus lucros e seus empregados. Por que algumas pessoas possuem capital excedente para investir \u00e9 uma outra hist\u00f3ria, mas um resumo r\u00e1pido \u00e9 que eles roubam riqueza, especificamente o valor excedente do trabalho e da terra, de grupos mais fracos atrav\u00e9s da explora\u00e7\u00e3o da classe trabalhadora e da coloniza\u00e7\u00e3o de pa\u00edses tropicais.<\/li><\/ul>\n\n\n\n<p>Numa sociedade capitalista, o poder de tomar decis\u00f5es \u00e9 concentrado em uma minoria rica; e quem controla os meios de produ\u00e7\u00e3o controla a sociedade. Eis aqui a causa autoritarismo que enfrentamos todo dia no trabalho. Em sua pr\u00f3pria natureza, o capitalismo requer que a sociedade seja dividida em <em>diferentes classes econ\u00f4micas<\/em>, e um Estado que permita a opress\u00e3o da classe trabalhadora a fim de beneficiar os dominantes.<\/p>\n\n\n\n<ul class=\"wp-block-list\"><li>\n<strong>Comunismo:<\/strong> Um modo econ\u00f4mico de produ\u00e7\u00e3o no qual os meios de produ\u00e7\u00e3o pertencem aos trabalhadores, e n\u00e3o \u00e0 classe dominante. Os trabalhadores fazem a produ\u00e7\u00e3o e, portanto, a eles devem pertencer os neg\u00f3cios, sua receita e seus lucros. Isto aqui \u00e9 a <em>verdadeira <\/em>democracia. Ningu\u00e9m \u00e9 dono dos empregados, j\u00e1 que seres humanos n\u00e3o s\u00e3o mercadorias para serem compradas e vendidas para trabalho (\u00e9 v\u00e1lido lembrar que seres humanos j\u00e1 foram no passado literalmente comprados e vendidos como bens m\u00f3veis a serem escravizados [<em>chattel slaver<\/em>y, regime no qual seres humanos possuem a categoria jur\u00eddica de bens m\u00f3veis, tal como um cavalo ou um carro]<strong>\u200a<\/strong>\u2014\u200auma caracter\u00edstica distintiva na evolu\u00e7\u00e3o do capitalismo).<\/li><\/ul>\n\n\n\n<p>Numa sociedade comunista, o poder de tomar decis\u00f5es \u00e9 descentralizado, e j\u00e1 que os meios de produ\u00e7\u00e3o s\u00e3o controlados coletivamente, n\u00e3o h\u00e1 autoritarismo ou domina\u00e7\u00e3o de um grupo sobre outro. De acordo com sua pr\u00f3pria natureza, ele requer uma sociedade <em>sem distin\u00e7\u00f5es de classe<\/em>. Comunismo tamb\u00e9m requer nenhuma governan\u00e7a pol\u00edtica da sociedade, como Lenin explica em O Estado e a Revolu\u00e7\u00e3o.<\/p>\n\n\n\n<ul class=\"wp-block-list\"><li>\n<strong>Socialismo:<\/strong> Este \u00e9 definido de maneiras diferentes por pessoas diferentes, mas irei me ater \u00e0 defini\u00e7\u00e3o marxista de socialismo, que \u00e9 a fase de transi\u00e7\u00e3o entre o capitalismo e o comunismo, na qual os meios de produ\u00e7\u00e3o s\u00e3o controlados pelo governo, este representando a classe trabalhadora e n\u00e3o a classe dominante. Socialismo \u00e9 a fase inferior do comunismo e, portanto, pode ser usado de forma intercambi\u00e1vel com o comunismo.<\/li><\/ul>\n\n\n\n<p>Socialismo requer um estado autorit\u00e1rio para manter sob controle as revoltas da classe dominante enquanto o Estado trabalha para redistribuir a riqueza, porque \u00e9 delirante pensar que os ricos estar\u00e3o contentes em dividir sua riqueza excessiva. (Nota\u200a\u2014\u200aa \u201csocial-democracia\u201d escandinava n\u00e3o \u00e9 socialismo, mas isso, tamb\u00e9m, \u00e9 uma outra discuss\u00e3o.)<\/p>\n\n\n\n<p><strong><em>Ent\u00e3o onde as elei\u00e7\u00f5es e os governos figuram nesses modos econ\u00f4micos de produ\u00e7\u00e3o?<\/em><\/strong><\/p>\n\n\n\n<p>Para responder isso, precisamos pensar por que os governos existem em primeiro lugar. Formas governamentais existiram ao longo da hist\u00f3ria moderna, em monarquias e sistemas feudais. A resposta \u00f3bvia \u00e9 que os governos existem para manter a ordem na sociedade, mas ent\u00e3o por que a maioria dos governos fracassam em manter a ordem? Por que governos repetidamente falham em dar justi\u00e7a aos pobres? Por que a pobreza ainda existe? Precisamos realmente ser governados para sempre? Pode existir uma sociedade onde nenhuma forma de autoridade \u00e9 exercida sobre n\u00f3s? N\u00e3o podemos ser livres?<\/p>\n\n\n\n<p>Aqui h\u00e1 um trecho de O Estado e a Revolu\u00e7\u00e3o, de Lenin, que lan\u00e7a mais luz sobre o prop\u00f3sito do estado:<\/p>\n\n\n\n<blockquote class=\"wp-block-quote is-layout-flow wp-block-quote-is-layout-flow\"><p>No s\u00e9culo XIX desenvolvia-se, transmitido pela Idade M\u00e9dia, \u201co poder centralizado do Estado, com os seus \u00f3rg\u00e3os onipresentes: ex\u00e9rcito permanente, policia, burocracia, clero, magistratura\u201d. Gra\u00e7as ao desenvolvimento do antagonismo de classes entre o Capital e o Trabalho, \u201co poder do Estado assumiu cada vez mais o car\u00e1ter de uma for\u00e7a p\u00fablica organizada para a servid\u00e3o social, de um instrumento de despotismo de uma classe. [\u2026] o poder do Estado torna-se \u201co grande instrumento nacional da guerra do Capital contra o Trabalho\u201d.<\/p><\/blockquote>\n\n\n\n<p>\u00c9 importante esclarecer que as pol\u00edcias modernas, como agentes do governo, foram criadas inicialmente n\u00e3o para combater o crime e manter a ordem. A pol\u00edcia foi criada para proteger a propriedade\u200a\u2014\u200aa propriedade dos ricos contra os pobres. Por um per\u00edodo de tempo, o papel da luta contra o crime foi dado a pol\u00edcia, mas na sociedade onde o pr\u00f3prio governo oprime os pobres, \u00e9 de se admirar que a pol\u00edcia falhe t\u00e3o miseravelmente em combater os crimes contra os pobres, mas se ajoelhe de todas maneiras para os ricos donos de neg\u00f3cios?<\/p>\n\n\n\n<p>Capitalismo <em>requer<\/em> um governo porque o governo \u00e9 um instrumento de opress\u00e3o, e numa sociedade em que os capitalistas compram e colocam os pol\u00edticos no governo, este se torna um basti\u00e3o das classes dominantes ao inv\u00e9s da classe trabalhadora. Portanto, elei\u00e7\u00f5es, o processo de escolher entre partidos pol\u00edticos, s\u00e3o em ess\u00eancia exerc\u00edcios sem sentido levando em considera\u00e7\u00e3o que os diferentes partidos s\u00e3o todos capitalistas em sua ideologia. N\u00e3o que um partido n\u00e3o tenha o potencial de mudar mais que outro, mas tais mudan\u00e7as n\u00e3o s\u00e3o radicais, s\u00e3o reformistas, o que \u00e9 outra discuss\u00e3o.<\/p>\n\n\n\n<p>Sobre a inutilidade das elei\u00e7\u00f5es, aqui h\u00e1 uma cita\u00e7\u00e3o de Einstein de seu ensaio de 1949, <em>Por que o socialismo<\/em>:<\/p>\n\n\n\n<blockquote class=\"wp-block-quote is-layout-flow wp-block-quote-is-layout-flow\"><p>Capital privado tende a se concentrar em poucas m\u00e3os, em parte devido \u00e0 competi\u00e7\u00e3o entre os capitalistas, em parte porque o desenvolvimento tecnol\u00f3gico e o crescimento da divis\u00e3o do trabalho estimulam a forma\u00e7\u00e3o de unidades de produ\u00e7\u00e3o maiores, em preju\u00edzo das menores. O resultado desses desenvolvimentos \u00e9 uma oligarquia do capital privado, cujo enorme poder n\u00e3o pode ser efetivamente controlado sequer por uma sociedade pol\u00edtica democraticamente organizada.<\/p><\/blockquote>\n\n\n\n<p>Isso \u00e9 assim porque os membros dos corpos legislativos s\u00e3o selecionados por partidos pol\u00edticos, que s\u00e3o amplamente financiados, ou influenciados de algum outro modo, por capitalistas privados que, para todos os prop\u00f3sitos pr\u00e1ticos, separam o eleitorado da legislatura. A consequ\u00eancia \u00e9 que os representantes do povo n\u00e3o protegem de fato e de modo suficiente os interesses dos setores menos privilegiados da popula\u00e7\u00e3o. Al\u00e9m disso, nas condi\u00e7\u00f5es atuais os capitalistas privados inevitavelmente controlam, direta ou indiretamente, as principais fontes de informa\u00e7\u00e3o (imprensa, r\u00e1dio, educa\u00e7\u00e3o). Torna-se assim extremamente dif\u00edcil para o cidad\u00e3o individual, e de fato imposs\u00edvel na maioria dos casos, chegar a conclus\u00f5es objetivas e fazer uso inteligente dos seus direitos pol\u00edticos.<\/p>\n\n\n\n<p>Aqui h\u00e1 outra cita\u00e7\u00e3o, do blog de Stephen Gowans, do porqu\u00ea de as elei\u00e7\u00f5es, da maneira que s\u00e3o conduzidas, serem uma falha na democracia:<\/p>\n\n\n\n<blockquote class=\"wp-block-quote is-layout-flow wp-block-quote-is-layout-flow\"><p>Os ricos est\u00e3o interessados na pol\u00edtica eleitoral\u200a\u2014\u200aquando ela segue as suas vontades, como normalmente acontece. Elei\u00e7\u00f5es numa sociedade capitalista podem ser dominadas pelo dinheiro, assim como o amplo processo pol\u00edtico. Bancos, corpora\u00e7\u00f5es e investidores majorit\u00e1rios fazem lobby para pol\u00edticos, financiam campanhas pol\u00edticas, subornam legisladores com a promessa de trabalhos p\u00f3s-pol\u00edticos lucrativos, e moldam o ambiente ideol\u00f3gico atrav\u00e9s do seu controle da m\u00eddia, da cria\u00e7\u00e3o de <em>think-tanks<\/em>, da contrata\u00e7\u00e3o de firmas de rela\u00e7\u00f5es p\u00fablicas, e do financiamento de cadeiras na universidade.<\/p><\/blockquote>\n\n\n\n<p>Aqueles sem riqueza dificilmente podem competir, exceto, por princ\u00edpio, ao agrupar seus recursos e torcer para que inclinem a balan\u00e7a para o outro lado contra um inimigo formid\u00e1vel que controla infinitamente mais recursos. A aus\u00eancia de organiza\u00e7\u00e3o e consci\u00eancia de classe, no entanto, rotineiramente assegura que isso n\u00e3o aconte\u00e7a. Al\u00e9m disso, a arena eleitoral canaliza a dissens\u00e3o em caminhos previs\u00edveis e control\u00e1veis, mantendo-a fora das ruas, onde pode se tornar imprevis\u00edvel e portanto perigosa. Adicionalmente, a oscila\u00e7\u00e3o que as corpora\u00e7\u00f5es, bancos e grupos de investidores exercem nos bastidores \u00e9 mascarada pelo espet\u00e1culo igualit\u00e1rio das elei\u00e7\u00f5es. Uma pessoa, um voto. O que poderia ser mais igual?<\/p>\n\n\n\n<p>Outra quest\u00e3o mais importante \u00e9 perguntar: qual a porcentagem de eleitores qualificados vota realmente?<\/p>\n\n\n\n<p>At\u00e9 mesmo em uma na\u00e7\u00e3o de primeiro-mundo desenvolvida como os Estados Unidos, apenas 50\u201360% dos eleitores qualificados vota nas elei\u00e7\u00f5es presidenciais. Num n\u00famero mais alto, nas elei\u00e7\u00f5es gerais de 2014 na \u00cdndia, 66% dos eleitores qualificados votaram. Nas recentes elei\u00e7\u00f5es no Brasil, 60% dos eleitores votaram. \u00c9 importante tamb\u00e9m lembrar que partidos de direita e extrema-direita ascenderam ao poder nos \u00faltimos tempos na \u00cdndia, nos Estados Unidos, Hungria, Pol\u00f4nia, Turquia, Egito e nas Filipinas atrav\u00e9s das elei\u00e7\u00f5es, e n\u00e3o atrav\u00e9s de batalhas de rua com os comunistas. Na verdade, at\u00e9 Adolf Hitler tomou o poder na Alemanha em 1933 atrav\u00e9s do voto democr\u00e1tico. Ent\u00e3o votar nas elei\u00e7\u00f5es a n\u00edvel nacional realmente est\u00e1 ajudando a tornar o mundo em um lugar melhor para os oprimidos e pobres?<\/p>\n\n\n\n<p>O direito ao voto numa sociedade capitalista n\u00e3o \u00e9 um sinal de democracia, mas sim uma zombaria da democracia. Ent\u00e3o s\u00e3o Estados socialistas mais democr\u00e1ticos que estados capitalistas? Como o autoritarismo em diferentes estados socialistas \u00e9 diferente de estados capitalistas? Continuarei esses assuntos na parte dois deste artigo.<\/p>\n\n\n\n<hr class=\"wp-block-separator\"\/>\n\n\n\n<div class=\"wp-block-image\"><figure class=\"aligncenter\"><img decoding=\"async\" src=\"https:\/\/tradutoresproletarios.files.wordpress.com\/2019\/02\/64cd0-1adh5f3wbis-dnacyluotjw.png\" alt=\"\"\/><\/figure><\/div>\n\n\n\n<p><strong>Autora: <\/strong>Shikha Patnaik<br><strong>Publicado em:<\/strong> 9 de dezembro de 2018<br><strong>Original: <\/strong><a href=\"https:\/\/socialism-simplified.com\/2018\/12\/09\/our-right-to-vote-in-elections-is-not-a-sufficient-measure-of-democracy-part-1\/\" target=\"_blank\" rel=\"noopener noreferrer\">https:\/\/socialism-simplified.com\/2018\/12\/09\/our-right-to-vote-in-elections-is-not-a-sufficient-measure-of-democracy-part-1\/<\/a><br><strong>Tradu\u00e7\u00e3o: <\/strong>Jo\u00e3o Nachtigall[Comunidade dos Tradutores Prolet\u00e1rios]<br><strong>Revis\u00e3o: <\/strong>Eliel Micm\u00e1s [Comunidade dos Tradutores Prolet\u00e1rios]<\/p>\n\n\n\n<div class=\"wp-block-image\"><figure class=\"aligncenter\"><img decoding=\"async\" src=\"https:\/\/tradutoresproletarios.files.wordpress.com\/2019\/03\/c2a37-18qzugf3ydxukww_lfhcwsq.png\" alt=\"\"\/><\/figure><\/div>\n\n\n\n<p><strong>Arte de capa: <\/strong>Eliel Micm\u00e1s [Comunidade dos Tradutores Prolet\u00e1rios]<br><strong>Recursos utilizados:<\/strong><\/p>\n\n\n\n<ul class=\"wp-block-list\"><li>Detalhe de \u201cHermes sentado em um carneiro\u201d (<a href=\"https:\/\/commons.wikimedia.org\/wiki\/File:Rome_Hermes_sitting_on_a_ram_%28detail%29.jpg\" target=\"_blank\" rel=\"noopener noreferrer\">https:\/\/commons.wikimedia.org\/wiki\/File:Rome_Hermes_sitting_on_a_ram_(detail).jpg<\/a>) [Dom\u00ednio p\u00fablico]<\/li><\/ul>\n","protected":false},"excerpt":{"rendered":"<p>Basta ouvir qualquer liberal na internet por algum tempo para perceber que um de seus argumentos mais recorrentes ser\u00e1 o de que \u201cpa\u00edses capitalistas s\u00e3o democr\u00e1ticos, e Estados socialistas s\u00e3o ditaduras\u201d\u2014 mas ser\u00e1 que esta afirma\u00e7\u00e3o \u00e9 ver\u00eddica? Neste pequeno artigo, Shikha explica didaticamente o car\u00e1ter ilus\u00f3rio da \u201cdemocracia\u201d capitalista, cuja maior evid\u00eancia reside na interfer\u00eancia empresarial em elei\u00e7\u00f5es governamentais.<\/p>\n","protected":false},"author":1,"featured_media":0,"comment_status":"open","ping_status":"open","sticky":false,"template":"","format":"standard","meta":{"_coblocks_attr":"","_coblocks_dimensions":"","_coblocks_responsive_height":"","_coblocks_accordion_ie_support":"","om_disable_all_campaigns":false,"_monsterinsights_skip_tracking":false,"_monsterinsights_sitenote_active":false,"_monsterinsights_sitenote_note":"","_monsterinsights_sitenote_category":0,"_uf_show_specific_survey":0,"_uf_disable_surveys":false,"_kadence_starter_templates_imported_post":false,"_kad_post_transparent":"","_kad_post_title":"","_kad_post_layout":"","_kad_post_sidebar_id":"","_kad_post_content_style":"","_kad_post_vertical_padding":"","_kad_post_feature":"","_kad_post_feature_position":"","_kad_post_header":false,"_kad_post_footer":false,"_kad_post_classname":"","footnotes":""},"categories":[345,1],"tags":[71,85,93,110,118,206,224,265,294,298],"class_list":["post-52","post","type-post","status-publish","format-standard","hentry","category-arquivo-tradutores-proletarios","category-uncategorized","tag-capitalismo","tag-comunismo","tag-democracia","tag-eleicoes","tag-estado","tag-liberalismo","tag-maquina-eleitoral","tag-politica","tag-shikha-patnaik","tag-socialismo"],"yoast_head":"<!-- This site is optimized with the Yoast SEO plugin v27.4 - https:\/\/yoast.com\/product\/yoast-seo-wordpress\/ -->\n<title>O direito de votar em elei\u00e7\u00f5es n\u00e3o \u00e9 sinal suficiente de democracia \u2014 Shikha Patnaik - Zero \u00e0 Esquerda<\/title>\n<meta name=\"robots\" content=\"index, follow, max-snippet:-1, max-image-preview:large, max-video-preview:-1\" \/>\n<link rel=\"canonical\" href=\"https:\/\/zeroaesquerda.com.br\/index.php\/2019\/03\/01\/o-direito-de-votar-em-eleicoes-nao-e-sinal-suficiente-de-democracia\/\" \/>\n<meta property=\"og:locale\" content=\"pt_BR\" \/>\n<meta property=\"og:type\" content=\"article\" \/>\n<meta property=\"og:title\" content=\"O direito de votar em elei\u00e7\u00f5es n\u00e3o \u00e9 sinal suficiente de democracia \u2014 Shikha Patnaik - Zero \u00e0 Esquerda\" \/>\n<meta property=\"og:description\" content=\"Basta ouvir qualquer liberal na internet por algum tempo para perceber que um de seus argumentos mais recorrentes ser\u00e1 o de que \u201cpa\u00edses capitalistas s\u00e3o democr\u00e1ticos, e Estados socialistas s\u00e3o ditaduras\u201d\u2014 mas ser\u00e1 que esta afirma\u00e7\u00e3o \u00e9 ver\u00eddica? Neste pequeno artigo, Shikha explica didaticamente o car\u00e1ter ilus\u00f3rio da \u201cdemocracia\u201d capitalista, cuja maior evid\u00eancia reside na interfer\u00eancia empresarial em elei\u00e7\u00f5es governamentais.\" \/>\n<meta property=\"og:url\" content=\"https:\/\/zeroaesquerda.com.br\/index.php\/2019\/03\/01\/o-direito-de-votar-em-eleicoes-nao-e-sinal-suficiente-de-democracia\/\" \/>\n<meta property=\"og:site_name\" content=\"Zero \u00e0 Esquerda\" \/>\n<meta property=\"article:publisher\" content=\"https:\/\/www.facebook.com\/revistazeroaesquerda\" \/>\n<meta property=\"article:published_time\" content=\"2019-03-01T08:08:22+00:00\" \/>\n<meta property=\"article:modified_time\" content=\"2021-01-23T05:23:40+00:00\" \/>\n<meta property=\"og:image\" content=\"https:\/\/tradutoresproletarios.files.wordpress.com\/2019\/03\/4b522-1at3vlgdinihh_az9dhzmra.png\" \/>\n<meta name=\"author\" content=\"Zero \u00e0 Esquerda\" \/>\n<meta name=\"twitter:card\" content=\"summary_large_image\" \/>\n<meta name=\"twitter:creator\" content=\"@z3roaesquerda\" \/>\n<meta name=\"twitter:site\" content=\"@z3roaesquerda\" \/>\n<meta name=\"twitter:label1\" content=\"Escrito por\" \/>\n\t<meta name=\"twitter:data1\" content=\"Zero \u00e0 Esquerda\" \/>\n\t<meta name=\"twitter:label2\" content=\"Est. tempo de leitura\" \/>\n\t<meta name=\"twitter:data2\" content=\"11 minutos\" \/>\n<script type=\"application\/ld+json\" class=\"yoast-schema-graph\">{\"@context\":\"https:\\\/\\\/schema.org\",\"@graph\":[{\"@type\":\"Article\",\"@id\":\"https:\\\/\\\/zeroaesquerda.com.br\\\/index.php\\\/2019\\\/03\\\/01\\\/o-direito-de-votar-em-eleicoes-nao-e-sinal-suficiente-de-democracia\\\/#article\",\"isPartOf\":{\"@id\":\"https:\\\/\\\/zeroaesquerda.com.br\\\/index.php\\\/2019\\\/03\\\/01\\\/o-direito-de-votar-em-eleicoes-nao-e-sinal-suficiente-de-democracia\\\/\"},\"author\":{\"name\":\"Zero \u00e0 Esquerda\",\"@id\":\"https:\\\/\\\/zeroaesquerda.com.br\\\/#\\\/schema\\\/person\\\/04e72095a4fbe77f00c7b047955ed0b8\"},\"headline\":\"O direito de votar em elei\u00e7\u00f5es n\u00e3o \u00e9 sinal suficiente de democracia \u2014 Shikha Patnaik\",\"datePublished\":\"2019-03-01T08:08:22+00:00\",\"dateModified\":\"2021-01-23T05:23:40+00:00\",\"mainEntityOfPage\":{\"@id\":\"https:\\\/\\\/zeroaesquerda.com.br\\\/index.php\\\/2019\\\/03\\\/01\\\/o-direito-de-votar-em-eleicoes-nao-e-sinal-suficiente-de-democracia\\\/\"},\"wordCount\":2165,\"commentCount\":0,\"publisher\":{\"@id\":\"https:\\\/\\\/zeroaesquerda.com.br\\\/#organization\"},\"image\":{\"@id\":\"https:\\\/\\\/zeroaesquerda.com.br\\\/index.php\\\/2019\\\/03\\\/01\\\/o-direito-de-votar-em-eleicoes-nao-e-sinal-suficiente-de-democracia\\\/#primaryimage\"},\"thumbnailUrl\":\"https:\\\/\\\/tradutoresproletarios.files.wordpress.com\\\/2019\\\/03\\\/4b522-1at3vlgdinihh_az9dhzmra.png\",\"keywords\":[\"Capitalismo\",\"Comunismo\",\"Democracia\",\"Elei\u00e7\u00f5es\",\"Estado\",\"Liberalismo\",\"M\u00e1quina eleitoral\",\"Pol\u00edtica\",\"Shikha Patnaik\",\"Socialismo\"],\"articleSection\":[\"Arquivo (Tradutores Prolet\u00e1rios)\",\"Uncategorized\"],\"inLanguage\":\"pt-BR\",\"potentialAction\":[{\"@type\":\"CommentAction\",\"name\":\"Comment\",\"target\":[\"https:\\\/\\\/zeroaesquerda.com.br\\\/index.php\\\/2019\\\/03\\\/01\\\/o-direito-de-votar-em-eleicoes-nao-e-sinal-suficiente-de-democracia\\\/#respond\"]}]},{\"@type\":\"WebPage\",\"@id\":\"https:\\\/\\\/zeroaesquerda.com.br\\\/index.php\\\/2019\\\/03\\\/01\\\/o-direito-de-votar-em-eleicoes-nao-e-sinal-suficiente-de-democracia\\\/\",\"url\":\"https:\\\/\\\/zeroaesquerda.com.br\\\/index.php\\\/2019\\\/03\\\/01\\\/o-direito-de-votar-em-eleicoes-nao-e-sinal-suficiente-de-democracia\\\/\",\"name\":\"O direito de votar em elei\u00e7\u00f5es n\u00e3o \u00e9 sinal suficiente de democracia \u2014 Shikha Patnaik - Zero \u00e0 Esquerda\",\"isPartOf\":{\"@id\":\"https:\\\/\\\/zeroaesquerda.com.br\\\/#website\"},\"primaryImageOfPage\":{\"@id\":\"https:\\\/\\\/zeroaesquerda.com.br\\\/index.php\\\/2019\\\/03\\\/01\\\/o-direito-de-votar-em-eleicoes-nao-e-sinal-suficiente-de-democracia\\\/#primaryimage\"},\"image\":{\"@id\":\"https:\\\/\\\/zeroaesquerda.com.br\\\/index.php\\\/2019\\\/03\\\/01\\\/o-direito-de-votar-em-eleicoes-nao-e-sinal-suficiente-de-democracia\\\/#primaryimage\"},\"thumbnailUrl\":\"https:\\\/\\\/tradutoresproletarios.files.wordpress.com\\\/2019\\\/03\\\/4b522-1at3vlgdinihh_az9dhzmra.png\",\"datePublished\":\"2019-03-01T08:08:22+00:00\",\"dateModified\":\"2021-01-23T05:23:40+00:00\",\"breadcrumb\":{\"@id\":\"https:\\\/\\\/zeroaesquerda.com.br\\\/index.php\\\/2019\\\/03\\\/01\\\/o-direito-de-votar-em-eleicoes-nao-e-sinal-suficiente-de-democracia\\\/#breadcrumb\"},\"inLanguage\":\"pt-BR\",\"potentialAction\":[{\"@type\":\"ReadAction\",\"target\":[\"https:\\\/\\\/zeroaesquerda.com.br\\\/index.php\\\/2019\\\/03\\\/01\\\/o-direito-de-votar-em-eleicoes-nao-e-sinal-suficiente-de-democracia\\\/\"]}]},{\"@type\":\"ImageObject\",\"inLanguage\":\"pt-BR\",\"@id\":\"https:\\\/\\\/zeroaesquerda.com.br\\\/index.php\\\/2019\\\/03\\\/01\\\/o-direito-de-votar-em-eleicoes-nao-e-sinal-suficiente-de-democracia\\\/#primaryimage\",\"url\":\"https:\\\/\\\/tradutoresproletarios.files.wordpress.com\\\/2019\\\/03\\\/4b522-1at3vlgdinihh_az9dhzmra.png\",\"contentUrl\":\"https:\\\/\\\/tradutoresproletarios.files.wordpress.com\\\/2019\\\/03\\\/4b522-1at3vlgdinihh_az9dhzmra.png\"},{\"@type\":\"BreadcrumbList\",\"@id\":\"https:\\\/\\\/zeroaesquerda.com.br\\\/index.php\\\/2019\\\/03\\\/01\\\/o-direito-de-votar-em-eleicoes-nao-e-sinal-suficiente-de-democracia\\\/#breadcrumb\",\"itemListElement\":[{\"@type\":\"ListItem\",\"position\":1,\"name\":\"In\u00edcio\",\"item\":\"https:\\\/\\\/zeroaesquerda.com.br\\\/\"},{\"@type\":\"ListItem\",\"position\":2,\"name\":\"O direito de votar em elei\u00e7\u00f5es n\u00e3o \u00e9 sinal suficiente de democracia \u2014 Shikha Patnaik\"}]},{\"@type\":\"WebSite\",\"@id\":\"https:\\\/\\\/zeroaesquerda.com.br\\\/#website\",\"url\":\"https:\\\/\\\/zeroaesquerda.com.br\\\/\",\"name\":\"Zero \u00e0 Esquerda\",\"description\":\"Tra\u00e7ando tend\u00eancias para al\u00e9m do capitalismo.\",\"publisher\":{\"@id\":\"https:\\\/\\\/zeroaesquerda.com.br\\\/#organization\"},\"potentialAction\":[{\"@type\":\"SearchAction\",\"target\":{\"@type\":\"EntryPoint\",\"urlTemplate\":\"https:\\\/\\\/zeroaesquerda.com.br\\\/?s={search_term_string}\"},\"query-input\":{\"@type\":\"PropertyValueSpecification\",\"valueRequired\":true,\"valueName\":\"search_term_string\"}}],\"inLanguage\":\"pt-BR\"},{\"@type\":\"Organization\",\"@id\":\"https:\\\/\\\/zeroaesquerda.com.br\\\/#organization\",\"name\":\"Zero \u00e0 Esquerda\",\"url\":\"https:\\\/\\\/zeroaesquerda.com.br\\\/\",\"logo\":{\"@type\":\"ImageObject\",\"inLanguage\":\"pt-BR\",\"@id\":\"https:\\\/\\\/zeroaesquerda.com.br\\\/#\\\/schema\\\/logo\\\/image\\\/\",\"url\":\"https:\\\/\\\/zeroaesquerda.com.br\\\/wp-content\\\/uploads\\\/2021\\\/01\\\/4-simbolo-zero-a-esquerda-favicon-alt.png\",\"contentUrl\":\"https:\\\/\\\/zeroaesquerda.com.br\\\/wp-content\\\/uploads\\\/2021\\\/01\\\/4-simbolo-zero-a-esquerda-favicon-alt.png\",\"width\":1271,\"height\":1069,\"caption\":\"Zero \u00e0 Esquerda\"},\"image\":{\"@id\":\"https:\\\/\\\/zeroaesquerda.com.br\\\/#\\\/schema\\\/logo\\\/image\\\/\"},\"sameAs\":[\"https:\\\/\\\/www.facebook.com\\\/revistazeroaesquerda\",\"https:\\\/\\\/x.com\\\/z3roaesquerda\",\"https:\\\/\\\/www.instagram.com\\\/revistazeroaesquerda\\\/\",\"https:\\\/\\\/www.youtube.com\\\/channel\\\/UCIaGx271Qw6D1QwqYBojrLw\"]},{\"@type\":\"Person\",\"@id\":\"https:\\\/\\\/zeroaesquerda.com.br\\\/#\\\/schema\\\/person\\\/04e72095a4fbe77f00c7b047955ed0b8\",\"name\":\"Zero \u00e0 Esquerda\",\"image\":{\"@type\":\"ImageObject\",\"inLanguage\":\"pt-BR\",\"@id\":\"https:\\\/\\\/secure.gravatar.com\\\/avatar\\\/a417d8eccb1cec435aa9a93213f41ee528a636232351421dedc4ada2160b3f1b?s=96&d=mm&r=g\",\"url\":\"https:\\\/\\\/secure.gravatar.com\\\/avatar\\\/a417d8eccb1cec435aa9a93213f41ee528a636232351421dedc4ada2160b3f1b?s=96&d=mm&r=g\",\"contentUrl\":\"https:\\\/\\\/secure.gravatar.com\\\/avatar\\\/a417d8eccb1cec435aa9a93213f41ee528a636232351421dedc4ada2160b3f1b?s=96&d=mm&r=g\",\"caption\":\"Zero \u00e0 Esquerda\"},\"description\":\"Tra\u00e7ando tend\u00eancias para al\u00e9m do capitalismo.\",\"sameAs\":[\"http:\\\/\\\/zeroaesquerda.com.br\"],\"url\":\"https:\\\/\\\/zeroaesquerda.com.br\\\/index.php\\\/author\\\/revistazeroaesquerdagmail-com\\\/\"}]}<\/script>\n<!-- \/ Yoast SEO plugin. -->","yoast_head_json":{"title":"O direito de votar em elei\u00e7\u00f5es n\u00e3o \u00e9 sinal suficiente de democracia \u2014 Shikha Patnaik - Zero \u00e0 Esquerda","robots":{"index":"index","follow":"follow","max-snippet":"max-snippet:-1","max-image-preview":"max-image-preview:large","max-video-preview":"max-video-preview:-1"},"canonical":"https:\/\/zeroaesquerda.com.br\/index.php\/2019\/03\/01\/o-direito-de-votar-em-eleicoes-nao-e-sinal-suficiente-de-democracia\/","og_locale":"pt_BR","og_type":"article","og_title":"O direito de votar em elei\u00e7\u00f5es n\u00e3o \u00e9 sinal suficiente de democracia \u2014 Shikha Patnaik - Zero \u00e0 Esquerda","og_description":"Basta ouvir qualquer liberal na internet por algum tempo para perceber que um de seus argumentos mais recorrentes ser\u00e1 o de que \u201cpa\u00edses capitalistas s\u00e3o democr\u00e1ticos, e Estados socialistas s\u00e3o ditaduras\u201d\u2014 mas ser\u00e1 que esta afirma\u00e7\u00e3o \u00e9 ver\u00eddica? Neste pequeno artigo, Shikha explica didaticamente o car\u00e1ter ilus\u00f3rio da \u201cdemocracia\u201d capitalista, cuja maior evid\u00eancia reside na interfer\u00eancia empresarial em elei\u00e7\u00f5es governamentais.","og_url":"https:\/\/zeroaesquerda.com.br\/index.php\/2019\/03\/01\/o-direito-de-votar-em-eleicoes-nao-e-sinal-suficiente-de-democracia\/","og_site_name":"Zero \u00e0 Esquerda","article_publisher":"https:\/\/www.facebook.com\/revistazeroaesquerda","article_published_time":"2019-03-01T08:08:22+00:00","article_modified_time":"2021-01-23T05:23:40+00:00","og_image":[{"url":"https:\/\/tradutoresproletarios.files.wordpress.com\/2019\/03\/4b522-1at3vlgdinihh_az9dhzmra.png","type":"","width":"","height":""}],"author":"Zero \u00e0 Esquerda","twitter_card":"summary_large_image","twitter_creator":"@z3roaesquerda","twitter_site":"@z3roaesquerda","twitter_misc":{"Escrito por":"Zero \u00e0 Esquerda","Est. tempo de leitura":"11 minutos"},"schema":{"@context":"https:\/\/schema.org","@graph":[{"@type":"Article","@id":"https:\/\/zeroaesquerda.com.br\/index.php\/2019\/03\/01\/o-direito-de-votar-em-eleicoes-nao-e-sinal-suficiente-de-democracia\/#article","isPartOf":{"@id":"https:\/\/zeroaesquerda.com.br\/index.php\/2019\/03\/01\/o-direito-de-votar-em-eleicoes-nao-e-sinal-suficiente-de-democracia\/"},"author":{"name":"Zero \u00e0 Esquerda","@id":"https:\/\/zeroaesquerda.com.br\/#\/schema\/person\/04e72095a4fbe77f00c7b047955ed0b8"},"headline":"O direito de votar em elei\u00e7\u00f5es n\u00e3o \u00e9 sinal suficiente de democracia \u2014 Shikha Patnaik","datePublished":"2019-03-01T08:08:22+00:00","dateModified":"2021-01-23T05:23:40+00:00","mainEntityOfPage":{"@id":"https:\/\/zeroaesquerda.com.br\/index.php\/2019\/03\/01\/o-direito-de-votar-em-eleicoes-nao-e-sinal-suficiente-de-democracia\/"},"wordCount":2165,"commentCount":0,"publisher":{"@id":"https:\/\/zeroaesquerda.com.br\/#organization"},"image":{"@id":"https:\/\/zeroaesquerda.com.br\/index.php\/2019\/03\/01\/o-direito-de-votar-em-eleicoes-nao-e-sinal-suficiente-de-democracia\/#primaryimage"},"thumbnailUrl":"https:\/\/tradutoresproletarios.files.wordpress.com\/2019\/03\/4b522-1at3vlgdinihh_az9dhzmra.png","keywords":["Capitalismo","Comunismo","Democracia","Elei\u00e7\u00f5es","Estado","Liberalismo","M\u00e1quina eleitoral","Pol\u00edtica","Shikha Patnaik","Socialismo"],"articleSection":["Arquivo (Tradutores Prolet\u00e1rios)","Uncategorized"],"inLanguage":"pt-BR","potentialAction":[{"@type":"CommentAction","name":"Comment","target":["https:\/\/zeroaesquerda.com.br\/index.php\/2019\/03\/01\/o-direito-de-votar-em-eleicoes-nao-e-sinal-suficiente-de-democracia\/#respond"]}]},{"@type":"WebPage","@id":"https:\/\/zeroaesquerda.com.br\/index.php\/2019\/03\/01\/o-direito-de-votar-em-eleicoes-nao-e-sinal-suficiente-de-democracia\/","url":"https:\/\/zeroaesquerda.com.br\/index.php\/2019\/03\/01\/o-direito-de-votar-em-eleicoes-nao-e-sinal-suficiente-de-democracia\/","name":"O direito de votar em elei\u00e7\u00f5es n\u00e3o \u00e9 sinal suficiente de democracia \u2014 Shikha Patnaik - Zero \u00e0 Esquerda","isPartOf":{"@id":"https:\/\/zeroaesquerda.com.br\/#website"},"primaryImageOfPage":{"@id":"https:\/\/zeroaesquerda.com.br\/index.php\/2019\/03\/01\/o-direito-de-votar-em-eleicoes-nao-e-sinal-suficiente-de-democracia\/#primaryimage"},"image":{"@id":"https:\/\/zeroaesquerda.com.br\/index.php\/2019\/03\/01\/o-direito-de-votar-em-eleicoes-nao-e-sinal-suficiente-de-democracia\/#primaryimage"},"thumbnailUrl":"https:\/\/tradutoresproletarios.files.wordpress.com\/2019\/03\/4b522-1at3vlgdinihh_az9dhzmra.png","datePublished":"2019-03-01T08:08:22+00:00","dateModified":"2021-01-23T05:23:40+00:00","breadcrumb":{"@id":"https:\/\/zeroaesquerda.com.br\/index.php\/2019\/03\/01\/o-direito-de-votar-em-eleicoes-nao-e-sinal-suficiente-de-democracia\/#breadcrumb"},"inLanguage":"pt-BR","potentialAction":[{"@type":"ReadAction","target":["https:\/\/zeroaesquerda.com.br\/index.php\/2019\/03\/01\/o-direito-de-votar-em-eleicoes-nao-e-sinal-suficiente-de-democracia\/"]}]},{"@type":"ImageObject","inLanguage":"pt-BR","@id":"https:\/\/zeroaesquerda.com.br\/index.php\/2019\/03\/01\/o-direito-de-votar-em-eleicoes-nao-e-sinal-suficiente-de-democracia\/#primaryimage","url":"https:\/\/tradutoresproletarios.files.wordpress.com\/2019\/03\/4b522-1at3vlgdinihh_az9dhzmra.png","contentUrl":"https:\/\/tradutoresproletarios.files.wordpress.com\/2019\/03\/4b522-1at3vlgdinihh_az9dhzmra.png"},{"@type":"BreadcrumbList","@id":"https:\/\/zeroaesquerda.com.br\/index.php\/2019\/03\/01\/o-direito-de-votar-em-eleicoes-nao-e-sinal-suficiente-de-democracia\/#breadcrumb","itemListElement":[{"@type":"ListItem","position":1,"name":"In\u00edcio","item":"https:\/\/zeroaesquerda.com.br\/"},{"@type":"ListItem","position":2,"name":"O direito de votar em elei\u00e7\u00f5es n\u00e3o \u00e9 sinal suficiente de democracia \u2014 Shikha Patnaik"}]},{"@type":"WebSite","@id":"https:\/\/zeroaesquerda.com.br\/#website","url":"https:\/\/zeroaesquerda.com.br\/","name":"Zero \u00e0 Esquerda","description":"Tra\u00e7ando tend\u00eancias para al\u00e9m do capitalismo.","publisher":{"@id":"https:\/\/zeroaesquerda.com.br\/#organization"},"potentialAction":[{"@type":"SearchAction","target":{"@type":"EntryPoint","urlTemplate":"https:\/\/zeroaesquerda.com.br\/?s={search_term_string}"},"query-input":{"@type":"PropertyValueSpecification","valueRequired":true,"valueName":"search_term_string"}}],"inLanguage":"pt-BR"},{"@type":"Organization","@id":"https:\/\/zeroaesquerda.com.br\/#organization","name":"Zero \u00e0 Esquerda","url":"https:\/\/zeroaesquerda.com.br\/","logo":{"@type":"ImageObject","inLanguage":"pt-BR","@id":"https:\/\/zeroaesquerda.com.br\/#\/schema\/logo\/image\/","url":"https:\/\/zeroaesquerda.com.br\/wp-content\/uploads\/2021\/01\/4-simbolo-zero-a-esquerda-favicon-alt.png","contentUrl":"https:\/\/zeroaesquerda.com.br\/wp-content\/uploads\/2021\/01\/4-simbolo-zero-a-esquerda-favicon-alt.png","width":1271,"height":1069,"caption":"Zero \u00e0 Esquerda"},"image":{"@id":"https:\/\/zeroaesquerda.com.br\/#\/schema\/logo\/image\/"},"sameAs":["https:\/\/www.facebook.com\/revistazeroaesquerda","https:\/\/x.com\/z3roaesquerda","https:\/\/www.instagram.com\/revistazeroaesquerda\/","https:\/\/www.youtube.com\/channel\/UCIaGx271Qw6D1QwqYBojrLw"]},{"@type":"Person","@id":"https:\/\/zeroaesquerda.com.br\/#\/schema\/person\/04e72095a4fbe77f00c7b047955ed0b8","name":"Zero \u00e0 Esquerda","image":{"@type":"ImageObject","inLanguage":"pt-BR","@id":"https:\/\/secure.gravatar.com\/avatar\/a417d8eccb1cec435aa9a93213f41ee528a636232351421dedc4ada2160b3f1b?s=96&d=mm&r=g","url":"https:\/\/secure.gravatar.com\/avatar\/a417d8eccb1cec435aa9a93213f41ee528a636232351421dedc4ada2160b3f1b?s=96&d=mm&r=g","contentUrl":"https:\/\/secure.gravatar.com\/avatar\/a417d8eccb1cec435aa9a93213f41ee528a636232351421dedc4ada2160b3f1b?s=96&d=mm&r=g","caption":"Zero \u00e0 Esquerda"},"description":"Tra\u00e7ando tend\u00eancias para al\u00e9m do capitalismo.","sameAs":["http:\/\/zeroaesquerda.com.br"],"url":"https:\/\/zeroaesquerda.com.br\/index.php\/author\/revistazeroaesquerdagmail-com\/"}]}},"_links":{"self":[{"href":"https:\/\/zeroaesquerda.com.br\/index.php\/wp-json\/wp\/v2\/posts\/52","targetHints":{"allow":["GET"]}}],"collection":[{"href":"https:\/\/zeroaesquerda.com.br\/index.php\/wp-json\/wp\/v2\/posts"}],"about":[{"href":"https:\/\/zeroaesquerda.com.br\/index.php\/wp-json\/wp\/v2\/types\/post"}],"author":[{"embeddable":true,"href":"https:\/\/zeroaesquerda.com.br\/index.php\/wp-json\/wp\/v2\/users\/1"}],"replies":[{"embeddable":true,"href":"https:\/\/zeroaesquerda.com.br\/index.php\/wp-json\/wp\/v2\/comments?post=52"}],"version-history":[{"count":2,"href":"https:\/\/zeroaesquerda.com.br\/index.php\/wp-json\/wp\/v2\/posts\/52\/revisions"}],"predecessor-version":[{"id":1960,"href":"https:\/\/zeroaesquerda.com.br\/index.php\/wp-json\/wp\/v2\/posts\/52\/revisions\/1960"}],"wp:attachment":[{"href":"https:\/\/zeroaesquerda.com.br\/index.php\/wp-json\/wp\/v2\/media?parent=52"}],"wp:term":[{"taxonomy":"category","embeddable":true,"href":"https:\/\/zeroaesquerda.com.br\/index.php\/wp-json\/wp\/v2\/categories?post=52"},{"taxonomy":"post_tag","embeddable":true,"href":"https:\/\/zeroaesquerda.com.br\/index.php\/wp-json\/wp\/v2\/tags?post=52"}],"curies":[{"name":"wp","href":"https:\/\/api.w.org\/{rel}","templated":true}]}}