{"id":4891,"date":"2026-09-01T21:06:46","date_gmt":"2026-09-01T21:06:46","guid":{"rendered":"https:\/\/zeroaesquerda.com.br\/?p=4891"},"modified":"2026-09-01T21:07:38","modified_gmt":"2026-09-01T21:07:38","slug":"carl-schmitt-romantismo-politico-georg-lukacs","status":"publish","type":"post","link":"https:\/\/zeroaesquerda.com.br\/index.php\/2026\/09\/01\/carl-schmitt-romantismo-politico-georg-lukacs\/","title":{"rendered":"Carl Schmitt, Romantismo Pol\u00edtico \u2013 Georg Luk\u00e1cs"},"content":{"rendered":"\n<blockquote class=\"wp-block-quote is-layout-flow wp-block-quote-is-layout-flow\">\n<p>Este pequeno texto, cuja reda\u00e7\u00e3o se deu nos anos 20, em conson\u00e2ncia da ades\u00e3o ao marxismo por parte de Luk\u00e1cs (1885-1971), aponta n\u00e3o somente um autor atento aos desdobramentos filos\u00f3ficos e pol\u00edticos de seu tempo, mas antenado \u00e0s circula\u00e7\u00f5es das obras e as incurs\u00f5es entre pensamento o especulativo e o pol\u00edtico daquele dec\u00eanio. Abaixo podemos ler que Luk\u00e1cs critica o conte\u00fado do livro, isto \u00e9, a maneira como Schmitt trata o assunto, e n\u00e3o a figura pol\u00edtica em que se tornou seu autor. Luk\u00e1cs reconhece algumas qualidades do pensamento de Schmitt, mas, no geral, rejeita as premissas metodol\u00f3gicas. Trata-se de uma resenha do livro de Carl Schmitt, <em>Politische Romantik<\/em>, publicado em 1919, escrita por Georg Luk\u00e1cs. Intitulada \u201c<em>Carl Schmitt, Politische Romantik<\/em>\u201d, foi publicada originalmente em <em>Archiv f\u00fcr die Geschichte des Sozialismus und der Arbeiterbewegung<\/em>, XIII, ano 1928, p. 307-308. A presente tradu\u00e7\u00e3o foi feita a partir da vers\u00e3o francesa do texto, realizada por Jean-Pierre Morbois. As notas s\u00e3o todas do tradutor em l\u00edngua francesa e os it\u00e1licos foram mantidos tal como aparecem. O texto original pode ser consultado em &lt;<a href=\"https:\/\/amisgeorglukacs.org\/2024\/01\/georg-lukacs-carl-schmitt-romantisme-politique-1928.html\">https:\/\/amisgeorglukacs.org\/2024\/01\/georg-lukacs-carl-schmitt-romantisme-politique-1928.html<\/a>>.\u00a0[\/fn]<br><\/p>\n<\/blockquote>\n\n\n\n<p>Essa obra \u00e9 muito conhecida, pois deduz o romantismo do ocasionalismo <span class=\"footnote_referrer\"><a role=\"button\" tabindex=\"0\" onclick=\"footnote_moveToReference_4891_1('footnote_plugin_reference_4891_1_1');\" onkeypress=\"footnote_moveToReference_4891_1('footnote_plugin_reference_4891_1_1');\" ><sup id=\"footnote_plugin_tooltip_4891_1_1\" class=\"footnote_plugin_tooltip_text\">[1]<\/sup><\/a><span id=\"footnote_plugin_tooltip_text_4891_1_1\" class=\"footnote_tooltip\">Ocasionalismo: na filosofia e na teologia, o ocasionalismo \u00e9 a doutrina ou tese segundo a qual as causas naturais n\u00e3o s\u00e3o causas verdadeiras, mas apenas \u201ccausas ocasionais\u201d que determinam&nbsp;&#x2026; <span class=\"footnote_tooltip_continue\"  onclick=\"footnote_moveToReference_4891_1('footnote_plugin_reference_4891_1_1');\">Continue reading<\/span><\/span><\/span><script type=\"text\/javascript\"> jQuery('#footnote_plugin_tooltip_4891_1_1').tooltip({ tip: '#footnote_plugin_tooltip_text_4891_1_1', tipClass: 'footnote_tooltip', effect: 'fade', predelay: 0, fadeInSpeed: 200, delay: 400, fadeOutSpeed: 200, position: 'top center', relative: true, offset: [-7, 0], });<\/script> , a ponto de se tornar quase famosa. Nos c\u00edrculos de pesquisadores s\u00e9rios que n\u00e3o est\u00e3o dispostos a participar da moda contempor\u00e2nea do romantismo, a explica\u00e7\u00e3o de Schmitt e sua cr\u00edtica ao romantismo encontraram grande repercuss\u00e3o. E com raz\u00e3o. Se, de diferentes lados, devemos nos convencer de que Adam M\u00fcller \u00e9 um fundador do m\u00e9todo cient\u00edfico, ent\u00e3o certamente \u00e9 \u00fatil considerar M\u00fcller (e os mais significativos, F. Schlegel, Gentz, etc.) <span class=\"footnote_referrer\"><a role=\"button\" tabindex=\"0\" onclick=\"footnote_moveToReference_4891_1('footnote_plugin_reference_4891_1_2');\" onkeypress=\"footnote_moveToReference_4891_1('footnote_plugin_reference_4891_1_2');\" ><sup id=\"footnote_plugin_tooltip_4891_1_2\" class=\"footnote_plugin_tooltip_text\">[2]<\/sup><\/a><span id=\"footnote_plugin_tooltip_text_4891_1_2\" class=\"footnote_tooltip\">Adam Heinrich M\u00fcller (1779-1829), cr\u00edtico liter\u00e1rio, te\u00f3rico do Estado e pol\u00edtico prussiano, precursor do romantismo na economia. Friedrich Schlegel (1772-1829), fil\u00f3sofo, cr\u00edtico e escritor&nbsp;&#x2026; <span class=\"footnote_tooltip_continue\"  onclick=\"footnote_moveToReference_4891_1('footnote_plugin_reference_4891_1_2');\">Continue reading<\/span><\/span><\/span><script type=\"text\/javascript\"> jQuery('#footnote_plugin_tooltip_4891_1_2').tooltip({ tip: '#footnote_plugin_tooltip_text_4891_1_2', tipClass: 'footnote_tooltip', effect: 'fade', predelay: 0, fadeInSpeed: 200, delay: 400, fadeOutSpeed: 200, position: 'top center', relative: true, offset: [-7, 0], });<\/script> com olhos simplesmente hist\u00f3ricos, revelar a incoer\u00eancia de seu pensamento, o aspecto problem\u00e1tico \u2013 para n\u00e3o dizer nada mais \u2013 de suas caracteriza\u00e7\u00f5es, a inutilidade de sua atividade pol\u00edtica. E os m\u00e9ritos do livro de Schmitt est\u00e3o longe de se limitar a isso. Ele encontra toda uma s\u00e9rie de observa\u00e7\u00f5es pertinentes para caracterizar o movimento rom\u00e2ntico. Destaco especialmente a fun\u00e7\u00e3o exagerada da esfera est\u00e9tica. Ele mostra com muita precis\u00e3o como essa invas\u00e3o do princ\u00edpio est\u00e9tico n\u00e3o apenas abole todo pensamento n\u00e3o-amb\u00edguo, control\u00e1vel e, portanto, pass\u00edvel de considera\u00e7\u00e3o cient\u00edfica, como tamb\u00e9m torna imposs\u00edvel qualquer tomada de posi\u00e7\u00e3o pol\u00edtica, mas tamb\u00e9m indica com pertin\u00eancia os efeitos devastadores dessa atitude sobre a pr\u00f3pria esfera est\u00e9tica (p. 20 e segs.). Poder\u00edamos citar muitas outras observa\u00e7\u00f5es e coment\u00e1rios pertinentes, mas, como esse campo de pesquisa est\u00e1 fora da esfera de interesse desta revista, nos contentaremos com esta breve indica\u00e7\u00e3o.<\/p>\n\n\n\n<p>O que nos interessa em primeiro lugar \u00e9 o m\u00e9todo que Schmitt aplica, e que circunscreve e limita a import\u00e2ncia e o alcance de suas afirma\u00e7\u00f5es. Devemos ent\u00e3o constatar que Schmitt, em geral, n\u00e3o vai al\u00e9m do m\u00e9todo da \u201chist\u00f3ria do Esp\u00edrito\u201d, tal como foi exercido, por exemplo, por Dilthey e, mais tarde, por Troeltsch. Ele certamente destaca, com raz\u00e3o, o car\u00e1ter burgu\u00eas do romantismo (p. 16) e, assim, fecha a porta para essas generaliza\u00e7\u00f5es \u2013 rom\u00e2nticas \u2013 infundadas, nas quais tudo parece rom\u00e2ntico e, por isso, nada pode ser definido sem ambiguidade como rom\u00e2ntico. Sua an\u00e1lise das bases sociais do romantismo, no entanto, limita-se a essas afirma\u00e7\u00f5es. \u00c9 certo que critica \u2013 em grande parte com raz\u00e3o \u2013 as concep\u00e7\u00f5es de Seilli\u00e8re (p. 5 e seg.) e Taine (p. 7 e seg.), <span class=\"footnote_referrer\"><a role=\"button\" tabindex=\"0\" onclick=\"footnote_moveToReference_4891_1('footnote_plugin_reference_4891_1_3');\" onkeypress=\"footnote_moveToReference_4891_1('footnote_plugin_reference_4891_1_3');\" ><sup id=\"footnote_plugin_tooltip_4891_1_3\" class=\"footnote_plugin_tooltip_text\">[3]<\/sup><\/a><span id=\"footnote_plugin_tooltip_text_4891_1_3\" class=\"footnote_tooltip\">Ernest Seilli\u00e8re (1866-1955), escritor, jornalista e cr\u00edtico franc\u00eas. Hippolyte Taine (1828-1893), fil\u00f3sofo e historiador franc\u00eas, membro da Academia Francesa.<\/span><\/span><script type=\"text\/javascript\"> jQuery('#footnote_plugin_tooltip_4891_1_3').tooltip({ tip: '#footnote_plugin_tooltip_text_4891_1_3', tipClass: 'footnote_tooltip', effect: 'fade', predelay: 0, fadeInSpeed: 200, delay: 400, fadeOutSpeed: 200, position: 'top center', relative: true, offset: [-7, 0], });<\/script> e v\u00ea bem as contradi\u00e7\u00f5es das suas defini\u00e7\u00f5es, mas, em termos positivos, n\u00e3o vai, essencialmente, mais longe do que os autores que critica. Pois ele certamente tem toda a raz\u00e3o quando afirma que o romantismo n\u00e3o deve ser buscado no objeto, mas na atitude do sujeito rom\u00e2ntico em rela\u00e7\u00e3o ao objeto (p. 122); ele constata com muita justi\u00e7a que faz parte da ess\u00eancia do romantismo substituir a causa pela ocasi\u00e3o, a <em>causa<\/em> pela <em>occasio<\/em> (p. 120 e seg.), que da\u00ed resulta uma concep\u00e7\u00e3o subjetivista totalmente formal, de modo que o \u201csentimento rom\u00e2ntico do mundo e da vida pode se relacionar com as mais diversas situa\u00e7\u00f5es pol\u00edticas e com teorias filos\u00f3ficas opostas\u201d (p. 160), e \u00e9 por isso que tamb\u00e9m \u00e9 particularmente caracter\u00edstico do romantismo que a possibilidade seja concebida como uma categoria superior \u00e0 realidade (p. 98 e segs.). Tudo isso parece, em grande medida, bem descrito, e a natureza n\u00e3o-rom\u00e2ntica de muitos pol\u00edticos da restaura\u00e7\u00e3o, que influenciaram fortemente o romantismo alem\u00e3o (Burke, Bonald), <span class=\"footnote_referrer\"><a role=\"button\" tabindex=\"0\" onclick=\"footnote_moveToReference_4891_1('footnote_plugin_reference_4891_1_4');\" onkeypress=\"footnote_moveToReference_4891_1('footnote_plugin_reference_4891_1_4');\" ><sup id=\"footnote_plugin_tooltip_4891_1_4\" class=\"footnote_plugin_tooltip_text\">[4]<\/sup><\/a><span id=\"footnote_plugin_tooltip_text_4891_1_4\" class=\"footnote_tooltip\">Edmund Burke (1729-1797), pensador pol\u00edtico contrarrevolucion\u00e1rio, escritor e fil\u00f3sofo irland\u00eas. Louis de Bonald (1754-1840), pol\u00edtico, fil\u00f3sofo e ensa\u00edsta franc\u00eas, grande advers\u00e1rio da&nbsp;&#x2026; <span class=\"footnote_tooltip_continue\"  onclick=\"footnote_moveToReference_4891_1('footnote_plugin_reference_4891_1_4');\">Continue reading<\/span><\/span><\/span><script type=\"text\/javascript\"> jQuery('#footnote_plugin_tooltip_4891_1_4').tooltip({ tip: '#footnote_plugin_tooltip_text_4891_1_4', tipClass: 'footnote_tooltip', effect: 'fade', predelay: 0, fadeInSpeed: 200, delay: 400, fadeOutSpeed: 200, position: 'top center', relative: true, offset: [-7, 0], });<\/script> tamb\u00e9m \u00e9 bem destacada. Mas em nenhum momento \u00e9 dada uma explica\u00e7\u00e3o. As indica\u00e7\u00f5es puramente filos\u00f3ficas, a insist\u00eancia na import\u00e2ncia de Malebranche <span class=\"footnote_referrer\"><a role=\"button\" tabindex=\"0\" onclick=\"footnote_moveToReference_4891_1('footnote_plugin_reference_4891_1_5');\" onkeypress=\"footnote_moveToReference_4891_1('footnote_plugin_reference_4891_1_5');\" ><sup id=\"footnote_plugin_tooltip_4891_1_5\" class=\"footnote_plugin_tooltip_text\">[5]<\/sup><\/a><span id=\"footnote_plugin_tooltip_text_4891_1_5\" class=\"footnote_tooltip\">Nicolas Malebranche (1638-1715) foi um te\u00f3logo, padre oratoriano e fil\u00f3sofo franc\u00eas. Seu pensamento tinha como objetivo integrar as novas ci\u00eancias da \u00e9poca, mantendo-se fiel aos dogmas do&nbsp;&#x2026; <span class=\"footnote_tooltip_continue\"  onclick=\"footnote_moveToReference_4891_1('footnote_plugin_reference_4891_1_5');\">Continue reading<\/span><\/span><\/span><script type=\"text\/javascript\"> jQuery('#footnote_plugin_tooltip_4891_1_5').tooltip({ tip: '#footnote_plugin_tooltip_text_4891_1_5', tipClass: 'footnote_tooltip', effect: 'fade', predelay: 0, fadeInSpeed: 200, delay: 400, fadeOutSpeed: 200, position: 'top center', relative: true, offset: [-7, 0], });<\/script> etc. n\u00e3o podem, de forma alguma, faz\u00ea-lo. Foi precisamente devido \u00e0 forte receptividade subjetivista dos rom\u00e2nticos que o n\u00famero de pensadores que os influenciaram em diferentes per\u00edodos foi t\u00e3o grande. (A lista vai de Plat\u00e3o, passando por B\u00f6hme, Spinoza, Shaftesbury etc., at\u00e9 Fichte e Schelling.<span class=\"footnote_referrer\"><a role=\"button\" tabindex=\"0\" onclick=\"footnote_moveToReference_4891_1('footnote_plugin_reference_4891_1_6');\" onkeypress=\"footnote_moveToReference_4891_1('footnote_plugin_reference_4891_1_6');\" ><sup id=\"footnote_plugin_tooltip_4891_1_6\" class=\"footnote_plugin_tooltip_text\">[6]<\/sup><\/a><span id=\"footnote_plugin_tooltip_text_4891_1_6\" class=\"footnote_tooltip\">Jakob B\u00f6hme (1575-1624), teosofista alem\u00e3o do Renascimento. Baruch Spinoza (1632-1677), fil\u00f3sofo racionalista holand\u00eas. Anthony Ashley-Cooper, Conde de Shaftesbury (1671-1713), fil\u00f3sofo,&nbsp;&#x2026; <span class=\"footnote_tooltip_continue\"  onclick=\"footnote_moveToReference_4891_1('footnote_plugin_reference_4891_1_6');\">Continue reading<\/span><\/span><\/span><script type=\"text\/javascript\"> jQuery('#footnote_plugin_tooltip_4891_1_6').tooltip({ tip: '#footnote_plugin_tooltip_text_4891_1_6', tipClass: 'footnote_tooltip', effect: 'fade', predelay: 0, fadeInSpeed: 200, delay: 400, fadeOutSpeed: 200, position: 'top center', relative: true, offset: [-7, 0], });<\/script>)Consequentemente, sobre a quest\u00e3o de saber <em>por que<\/em> foi <em>precisamente<\/em> o ocasionalismo que foi decisivo para a estrutura espiritual [Geistesstruktur] dos rom\u00e2nticos, Schmitt deveria ter apresentado argumentos totalmente diferentes. \u00c9 a\u00ed que este livro, por sinal inteligente e interessante, falha completamente. Schmitt n\u00e3o procura de forma alguma encontrar uma explica\u00e7\u00e3o real, hist\u00f3rica; ele nunca chega \u00e0 problem\u00e1tica exata. Essas limita\u00e7\u00f5es residem, de fato, no fato de que ele permanece em sua an\u00e1lise s\u00f3cio-hist\u00f3rica em uma generalidade p\u00e1lida e vazia como a <em>burguesa<\/em> (tamb\u00e9m Hegel, por exemplo, \u00e9 de fato <em>burgu\u00eas<\/em>), sem examinar mais de perto a situa\u00e7\u00e3o hist\u00f3rica espec\u00edfica nem a estratifica\u00e7\u00e3o interna da burguesia na Alemanha da \u00e9poca, sem levantar a quest\u00e3o de saber <em>que camada social<\/em> os rom\u00e2nticos alem\u00e3es representavam, <em>a que ser social<\/em> correspondia o seu pensamento. Schmitt n\u00e3o est\u00e1, portanto, em condi\u00e7\u00f5es de resolver realmente o problema que ele mesmo colocou, e seu livro n\u00e3o oferece, por isso, nada mais do que um incentivo para futuros pesquisadores nessa \u00e1rea, nada mais do que uma s\u00e9rie de observa\u00e7\u00f5es e an\u00e1lises isoladas, exatas e justas, cujo verdadeiro valor s\u00f3 poder\u00e1 ser comprovado quando o problema for realmente colocado de forma correta e, a\u00ed sim, respondido.<\/p>\n\n\n\n<hr class=\"wp-block-separator has-text-color has-theme-palette-1-color has-alpha-channel-opacity has-theme-palette-1-background-color has-background\"\/>\n\n\n<style>.kb-image4891_1da782-ae .kb-image-has-overlay:after{opacity:0.3;}<\/style>\n<div class=\"wp-block-kadence-image kb-image4891_1da782-ae\"><figure class=\"alignleft size-full\"><img loading=\"lazy\" decoding=\"async\" width=\"165\" height=\"165\" src=\"https:\/\/zeroaesquerda.com.br\/wp-content\/uploads\/2024\/02\/54c3553f-0582-4c18-808d-6ee780464ad0.webp\" alt=\"\" class=\"kb-img wp-image-3108\" srcset=\"https:\/\/zeroaesquerda.com.br\/wp-content\/uploads\/2024\/02\/54c3553f-0582-4c18-808d-6ee780464ad0.webp 165w, https:\/\/zeroaesquerda.com.br\/wp-content\/uploads\/2024\/02\/54c3553f-0582-4c18-808d-6ee780464ad0-150x150.webp 150w\" sizes=\"auto, (max-width: 165px) 100vw, 165px\" \/><\/figure><\/div>\n\n\n\n<div class=\"wp-block-columns is-layout-flex wp-container-core-columns-is-layout-9d6595d7 wp-block-columns-is-layout-flex\">\n<div class=\"wp-block-column is-layout-flow wp-block-column-is-layout-flow\" style=\"flex-basis:100%\">\n<h2 class=\"wp-block-heading\">Wesley Sousa<\/h2>\n\n\n\n<p>\u00a0doutorando em Filosofia na Universidade Federal de Minas Gerais (UFMG).<\/p>\n\n\n\n<div class=\"wp-block-buttons is-layout-flex wp-block-buttons-is-layout-flex\">\n<div class=\"wp-block-button\"><a class=\"wp-block-button__link wp-element-button\">Tradutor<\/a><\/div>\n<\/div>\n<\/div>\n<\/div>\n\n\n<style>.kb-image4891_370c63-d5.kb-image-is-ratio-size, .kb-image4891_370c63-d5 .kb-image-is-ratio-size{max-width:165px;width:100%;}.wp-block-kadence-column > .kt-inside-inner-col > .kb-image4891_370c63-d5.kb-image-is-ratio-size, .wp-block-kadence-column > .kt-inside-inner-col > .kb-image4891_370c63-d5 .kb-image-is-ratio-size{align-self:unset;}.kb-image4891_370c63-d5 figure{max-width:165px;}.kb-image4891_370c63-d5 .image-is-svg, .kb-image4891_370c63-d5 .image-is-svg img{width:100%;}.kb-image4891_370c63-d5 .kb-image-has-overlay:after{opacity:0.3;}<\/style>\n<div class=\"wp-block-kadence-image kb-image4891_370c63-d5\"><figure class=\"alignleft size-large\"><img data-dominant-color=\"888888\" data-has-transparency=\"false\" style=\"--dominant-color: #888888;\" loading=\"lazy\" decoding=\"async\" width=\"1024\" height=\"1024\" src=\"https:\/\/zeroaesquerda.com.br\/wp-content\/uploads\/2026\/07\/790001492_1575057357332500_607959567516321151_n-1024x1024.avif\" alt=\"\" class=\"kb-img wp-image-5041 not-transparent\" srcset=\"https:\/\/zeroaesquerda.com.br\/wp-content\/uploads\/2026\/07\/790001492_1575057357332500_607959567516321151_n-1024x1024.avif 1024w, https:\/\/zeroaesquerda.com.br\/wp-content\/uploads\/2026\/07\/790001492_1575057357332500_607959567516321151_n-300x300.avif 300w, https:\/\/zeroaesquerda.com.br\/wp-content\/uploads\/2026\/07\/790001492_1575057357332500_607959567516321151_n-150x150.avif 150w, https:\/\/zeroaesquerda.com.br\/wp-content\/uploads\/2026\/07\/790001492_1575057357332500_607959567516321151_n-768x769.avif 768w, https:\/\/zeroaesquerda.com.br\/wp-content\/uploads\/2026\/07\/790001492_1575057357332500_607959567516321151_n.avif 1080w\" sizes=\"auto, (max-width: 1024px) 100vw, 1024px\" \/><\/figure><\/div>\n\n\n\n<h2 class=\"wp-block-heading\">Felipe Alves<\/h2>\n\n\n\n<p>doutorando em Filosofia (USP). Bolsista do CNPq.<\/p>\n\n\n\n<div class=\"wp-block-buttons is-layout-flex wp-block-buttons-is-layout-flex\">\n<div class=\"wp-block-button\"><a class=\"wp-block-button__link wp-element-button\">Tradutor<\/a><\/div>\n<\/div>\n\n\n\n<p><\/p>\n<div class=\"speaker-mute footnotes_reference_container\"> <div class=\"footnote_container_prepare\"><p><span role=\"button\" tabindex=\"0\" class=\"footnote_reference_container_label pointer\" onclick=\"footnote_expand_collapse_reference_container_4891_1();\">&#x202F;<\/span><span role=\"button\" tabindex=\"0\" class=\"footnote_reference_container_collapse_button\" style=\"display: none;\" onclick=\"footnote_expand_collapse_reference_container_4891_1();\">[<a id=\"footnote_reference_container_collapse_button_4891_1\">+<\/a>]<\/span><\/p><\/div> <div id=\"footnote_references_container_4891_1\" style=\"\"><table class=\"footnotes_table footnote-reference-container\"><caption class=\"accessibility\">References<\/caption> <tbody> \r\n\r\n<tr class=\"footnotes_plugin_reference_row\"> <th scope=\"row\" id=\"footnote_plugin_reference_4891_1_1\" class=\"footnote_plugin_index pointer\" onclick=\"footnote_moveToAnchor_4891_1('footnote_plugin_tooltip_4891_1_1');\"><a role=\"button\" tabindex=\"0\" class=\"footnote_plugin_link\" ><span class=\"footnote_index_arrow\">&#8593;<\/span>1<\/a><\/th> <td class=\"footnote_plugin_text\"> <em>Ocasionalismo<\/em>: na filosofia e na teologia, o ocasionalismo \u00e9 a doutrina ou tese segundo a qual as causas naturais n\u00e3o s\u00e3o causas verdadeiras, mas apenas \u201ccausas ocasionais\u201d que determinam Deus, \u00fanica causa verdadeira, a agir. Foi Malebranche quem prop\u00f4s uma vers\u00e3o perfeitamente determinista do ocasionalismo: Deus age por meio de decretos imut\u00e1veis e leis universais que se manifestam na causalidade aparente da natureza.<\/td><\/tr>\r\n\r\n<tr class=\"footnotes_plugin_reference_row\"> <th scope=\"row\" id=\"footnote_plugin_reference_4891_1_2\" class=\"footnote_plugin_index pointer\" onclick=\"footnote_moveToAnchor_4891_1('footnote_plugin_tooltip_4891_1_2');\"><a role=\"button\" tabindex=\"0\" class=\"footnote_plugin_link\" ><span class=\"footnote_index_arrow\">&#8593;<\/span>2<\/a><\/th> <td class=\"footnote_plugin_text\">Adam Heinrich M\u00fcller (1779-1829), cr\u00edtico liter\u00e1rio, te\u00f3rico do Estado e pol\u00edtico prussiano, precursor do romantismo na economia. Friedrich Schlegel (1772-1829), fil\u00f3sofo, cr\u00edtico e escritor alem\u00e3o, fundador do \u201cC\u00edrculo de Jena\u201d, do qual surgiu o romantismo na Alemanha. Friedrich Gentz (1764-1832), escritor e pol\u00edtico prussiano, disc\u00edpulo de Kant, profundamente contrarrevolucion\u00e1rio.<\/td><\/tr>\r\n\r\n<tr class=\"footnotes_plugin_reference_row\"> <th scope=\"row\" id=\"footnote_plugin_reference_4891_1_3\" class=\"footnote_plugin_index pointer\" onclick=\"footnote_moveToAnchor_4891_1('footnote_plugin_tooltip_4891_1_3');\"><a role=\"button\" tabindex=\"0\" class=\"footnote_plugin_link\" ><span class=\"footnote_index_arrow\">&#8593;<\/span>3<\/a><\/th> <td class=\"footnote_plugin_text\">Ernest Seilli\u00e8re (1866-1955), escritor, jornalista e cr\u00edtico franc\u00eas. Hippolyte Taine (1828-1893), fil\u00f3sofo e historiador franc\u00eas, membro da Academia Francesa.<\/td><\/tr>\r\n\r\n<tr class=\"footnotes_plugin_reference_row\"> <th scope=\"row\" id=\"footnote_plugin_reference_4891_1_4\" class=\"footnote_plugin_index pointer\" onclick=\"footnote_moveToAnchor_4891_1('footnote_plugin_tooltip_4891_1_4');\"><a role=\"button\" tabindex=\"0\" class=\"footnote_plugin_link\" ><span class=\"footnote_index_arrow\">&#8593;<\/span>4<\/a><\/th> <td class=\"footnote_plugin_text\">Edmund Burke (1729-1797), pensador pol\u00edtico contrarrevolucion\u00e1rio, escritor e fil\u00f3sofo irland\u00eas. Louis de Bonald (1754-1840), pol\u00edtico, fil\u00f3sofo e ensa\u00edsta franc\u00eas, grande advers\u00e1rio da Revolu\u00e7\u00e3o.<\/td><\/tr>\r\n\r\n<tr class=\"footnotes_plugin_reference_row\"> <th scope=\"row\" id=\"footnote_plugin_reference_4891_1_5\" class=\"footnote_plugin_index pointer\" onclick=\"footnote_moveToAnchor_4891_1('footnote_plugin_tooltip_4891_1_5');\"><a role=\"button\" tabindex=\"0\" class=\"footnote_plugin_link\" ><span class=\"footnote_index_arrow\">&#8593;<\/span>5<\/a><\/th> <td class=\"footnote_plugin_text\">Nicolas Malebranche (1638-1715) foi um te\u00f3logo, padre oratoriano e fil\u00f3sofo franc\u00eas. Seu pensamento tinha como objetivo integrar as novas ci\u00eancias da \u00e9poca, mantendo-se fiel aos dogmas do cristianismo.<\/td><\/tr>\r\n\r\n<tr class=\"footnotes_plugin_reference_row\"> <th scope=\"row\" id=\"footnote_plugin_reference_4891_1_6\" class=\"footnote_plugin_index pointer\" onclick=\"footnote_moveToAnchor_4891_1('footnote_plugin_tooltip_4891_1_6');\"><a role=\"button\" tabindex=\"0\" class=\"footnote_plugin_link\" ><span class=\"footnote_index_arrow\">&#8593;<\/span>6<\/a><\/th> <td class=\"footnote_plugin_text\">Jakob B\u00f6hme (1575-1624), teosofista alem\u00e3o do Renascimento. Baruch Spinoza (1632-1677), fil\u00f3sofo racionalista holand\u00eas. Anthony Ashley-Cooper, Conde de Shaftesbury (1671-1713), fil\u00f3sofo, escritor e pol\u00edtico ingl\u00eas. Sua filosofia \u00e9 permeada pela teologia. Para ele, todas as coisas fazem parte de uma ordem c\u00f3smica harmoniosa, que \u00e9 o sinal de uma concep\u00e7\u00e3o divina. Johann Gottlieb Fichte (1762-1814). Sua filosofia est\u00e1 na origem do idealismo alem\u00e3o e dos primeiros rom\u00e2nticos. Friedrich Wilhelm Joseph (von) Schelling (1775-1854), fil\u00f3sofo alem\u00e3o, representante do idealismo alem\u00e3o e pr\u00f3ximo do Romantismo.<\/td><\/tr>\r\n\r\n <\/tbody> <\/table> <\/div><\/div><script type=\"text\/javascript\"> function footnote_expand_reference_container_4891_1() { jQuery('#footnote_references_container_4891_1').show(); jQuery('#footnote_reference_container_collapse_button_4891_1').text('\u2212'); } function footnote_collapse_reference_container_4891_1() { jQuery('#footnote_references_container_4891_1').hide(); jQuery('#footnote_reference_container_collapse_button_4891_1').text('+'); } function footnote_expand_collapse_reference_container_4891_1() { if (jQuery('#footnote_references_container_4891_1').is(':hidden')) { footnote_expand_reference_container_4891_1(); } else { footnote_collapse_reference_container_4891_1(); } } function footnote_moveToReference_4891_1(p_str_TargetID) { footnote_expand_reference_container_4891_1(); var l_obj_Target = jQuery('#' + p_str_TargetID); if (l_obj_Target.length) { jQuery( 'html, body' ).delay( 0 ); jQuery('html, body').animate({ scrollTop: l_obj_Target.offset().top - window.innerHeight * 0.2 }, 380); } } function footnote_moveToAnchor_4891_1(p_str_TargetID) { footnote_expand_reference_container_4891_1(); var l_obj_Target = jQuery('#' + p_str_TargetID); if (l_obj_Target.length) { jQuery( 'html, body' ).delay( 0 ); jQuery('html, body').animate({ scrollTop: l_obj_Target.offset().top - window.innerHeight * 0.2 }, 380); } }<\/script>","protected":false},"excerpt":{"rendered":"<p>Este pequeno texto, cuja reda\u00e7\u00e3o se deu nos anos 20, em conson\u00e2ncia da ades\u00e3o ao marxismo por parte de Luk\u00e1cs (1885-1971), aponta n\u00e3o somente um autor atento aos desdobramentos filos\u00f3ficos e pol\u00edticos de seu tempo, mas antenado \u00e0s circula\u00e7\u00f5es das obras e as incurs\u00f5es entre pensamento o especulativo e o pol\u00edtico daquele dec\u00eanio. Abaixo podemos&#8230;<\/p>\n","protected":false},"author":1,"featured_media":5043,"comment_status":"open","ping_status":"open","sticky":false,"template":"","format":"standard","meta":{"_coblocks_attr":"","_coblocks_dimensions":"","_coblocks_responsive_height":"","_coblocks_accordion_ie_support":"","om_disable_all_campaigns":false,"_monsterinsights_skip_tracking":false,"_uf_show_specific_survey":0,"_uf_disable_surveys":false,"_kadence_starter_templates_imported_post":false,"_kad_post_transparent":"","_kad_post_title":"","_kad_post_layout":"","_kad_post_sidebar_id":"","_kad_post_content_style":"","_kad_post_vertical_padding":"","_kad_post_feature":"","_kad_post_feature_position":"","_kad_post_header":false,"_kad_post_footer":false,"_kad_post_classname":"","footnotes":""},"categories":[700,346],"tags":[133,209,584,221,265,702],"class_list":["post-4891","post","type-post","status-publish","format-standard","has-post-thumbnail","hentry","category-georg-lukacs","category-traducoes","tag-filosofia","tag-literatura","tag-lukacs","tag-marxismo","tag-politica","tag-romantismo"],"yoast_head":"<!-- This site is optimized with the Yoast SEO plugin v28.1 - https:\/\/yoast.com\/product\/yoast-seo-wordpress\/ -->\n<title>Carl Schmitt, Romantismo Pol\u00edtico \u2013 Georg Luk\u00e1cs - Zero \u00e0 Esquerda<\/title>\n<meta name=\"description\" content=\"abaixo podemos ler que Luk\u00e1cs critica o conte\u00fado do livro, isto \u00e9, a maneira como Schmitt trata o assunto, e n\u00e3o a figura pol\u00edtica em que se tornou\" \/>\n<meta name=\"robots\" content=\"index, follow, max-snippet:-1, max-image-preview:large, max-video-preview:-1\" \/>\n<link rel=\"canonical\" href=\"https:\/\/zeroaesquerda.com.br\/index.php\/2026\/09\/01\/carl-schmitt-romantismo-politico-georg-lukacs\/\" \/>\n<meta property=\"og:locale\" content=\"pt_BR\" \/>\n<meta property=\"og:type\" content=\"article\" \/>\n<meta property=\"og:title\" content=\"Carl Schmitt, Romantismo Pol\u00edtico \u2013 Georg Luk\u00e1cs - Zero \u00e0 Esquerda\" \/>\n<meta property=\"og:description\" content=\"abaixo podemos ler que Luk\u00e1cs critica o conte\u00fado do livro, isto \u00e9, a maneira como Schmitt trata o assunto, e n\u00e3o a figura pol\u00edtica em que se tornou\" \/>\n<meta property=\"og:url\" content=\"https:\/\/zeroaesquerda.com.br\/index.php\/2026\/09\/01\/carl-schmitt-romantismo-politico-georg-lukacs\/\" \/>\n<meta property=\"og:site_name\" content=\"Zero \u00e0 Esquerda\" \/>\n<meta property=\"article:publisher\" content=\"https:\/\/www.facebook.com\/revistazeroaesquerda\" \/>\n<meta property=\"article:published_time\" content=\"2026-09-01T21:06:46+00:00\" \/>\n<meta property=\"article:modified_time\" content=\"2026-09-01T21:07:38+00:00\" \/>\n<meta property=\"og:image\" content=\"https:\/\/zeroaesquerda.com.br\/wp-content\/uploads\/2026\/09\/3c518c56-105d-4b33-becc-9c45c5109440.avif\" \/>\n\t<meta property=\"og:image:width\" content=\"1600\" \/>\n\t<meta property=\"og:image:height\" content=\"1049\" \/>\n\t<meta property=\"og:image:type\" content=\"image\/jpeg\" \/>\n<meta name=\"author\" content=\"Zero \u00e0 Esquerda\" \/>\n<meta name=\"twitter:card\" content=\"summary_large_image\" \/>\n<meta name=\"twitter:creator\" content=\"@z3roaesquerda\" \/>\n<meta name=\"twitter:site\" content=\"@z3roaesquerda\" \/>\n<meta name=\"twitter:label1\" content=\"Escrito por\" \/>\n\t<meta name=\"twitter:data1\" content=\"Zero \u00e0 Esquerda\" \/>\n\t<meta name=\"twitter:label2\" content=\"Est. tempo de leitura\" \/>\n\t<meta name=\"twitter:data2\" content=\"7 minutos\" \/>\n<script type=\"application\/ld+json\" class=\"yoast-schema-graph\">{\"@context\":\"https:\\\/\\\/schema.org\",\"@graph\":[{\"@type\":\"Article\",\"@id\":\"https:\\\/\\\/zeroaesquerda.com.br\\\/index.php\\\/2026\\\/09\\\/01\\\/carl-schmitt-romantismo-politico-georg-lukacs\\\/#article\",\"isPartOf\":{\"@id\":\"https:\\\/\\\/zeroaesquerda.com.br\\\/index.php\\\/2026\\\/09\\\/01\\\/carl-schmitt-romantismo-politico-georg-lukacs\\\/\"},\"author\":{\"name\":\"Zero \u00e0 Esquerda\",\"@id\":\"https:\\\/\\\/zeroaesquerda.com.br\\\/#\\\/schema\\\/person\\\/04e72095a4fbe77f00c7b047955ed0b8\"},\"headline\":\"Carl Schmitt, Romantismo Pol\u00edtico \u2013 Georg Luk\u00e1cs\",\"datePublished\":\"2026-09-01T21:06:46+00:00\",\"dateModified\":\"2026-09-01T21:07:38+00:00\",\"mainEntityOfPage\":{\"@id\":\"https:\\\/\\\/zeroaesquerda.com.br\\\/index.php\\\/2026\\\/09\\\/01\\\/carl-schmitt-romantismo-politico-georg-lukacs\\\/\"},\"wordCount\":1451,\"commentCount\":0,\"publisher\":{\"@id\":\"https:\\\/\\\/zeroaesquerda.com.br\\\/#organization\"},\"image\":{\"@id\":\"https:\\\/\\\/zeroaesquerda.com.br\\\/index.php\\\/2026\\\/09\\\/01\\\/carl-schmitt-romantismo-politico-georg-lukacs\\\/#primaryimage\"},\"thumbnailUrl\":\"https:\\\/\\\/zeroaesquerda.com.br\\\/wp-content\\\/uploads\\\/2026\\\/09\\\/3c518c56-105d-4b33-becc-9c45c5109440.avif\",\"keywords\":[\"Filosofia\",\"Literatura\",\"Luk\u00e1cs\",\"Marxismo\",\"Pol\u00edtica\",\"Romantismo\"],\"articleSection\":[\"Georg Luk\u00e1cs\",\"Tradu\u00e7\u00f5es\"],\"inLanguage\":\"pt-BR\",\"potentialAction\":[{\"@type\":\"CommentAction\",\"name\":\"Comment\",\"target\":[\"https:\\\/\\\/zeroaesquerda.com.br\\\/index.php\\\/2026\\\/09\\\/01\\\/carl-schmitt-romantismo-politico-georg-lukacs\\\/#respond\"]}]},{\"@type\":\"WebPage\",\"@id\":\"https:\\\/\\\/zeroaesquerda.com.br\\\/index.php\\\/2026\\\/09\\\/01\\\/carl-schmitt-romantismo-politico-georg-lukacs\\\/\",\"url\":\"https:\\\/\\\/zeroaesquerda.com.br\\\/index.php\\\/2026\\\/09\\\/01\\\/carl-schmitt-romantismo-politico-georg-lukacs\\\/\",\"name\":\"Carl Schmitt, Romantismo Pol\u00edtico \u2013 Georg Luk\u00e1cs - Zero \u00e0 Esquerda\",\"isPartOf\":{\"@id\":\"https:\\\/\\\/zeroaesquerda.com.br\\\/#website\"},\"primaryImageOfPage\":{\"@id\":\"https:\\\/\\\/zeroaesquerda.com.br\\\/index.php\\\/2026\\\/09\\\/01\\\/carl-schmitt-romantismo-politico-georg-lukacs\\\/#primaryimage\"},\"image\":{\"@id\":\"https:\\\/\\\/zeroaesquerda.com.br\\\/index.php\\\/2026\\\/09\\\/01\\\/carl-schmitt-romantismo-politico-georg-lukacs\\\/#primaryimage\"},\"thumbnailUrl\":\"https:\\\/\\\/zeroaesquerda.com.br\\\/wp-content\\\/uploads\\\/2026\\\/09\\\/3c518c56-105d-4b33-becc-9c45c5109440.avif\",\"datePublished\":\"2026-09-01T21:06:46+00:00\",\"dateModified\":\"2026-09-01T21:07:38+00:00\",\"description\":\"abaixo podemos ler que Luk\u00e1cs critica o conte\u00fado do livro, isto \u00e9, a maneira como Schmitt trata o assunto, e n\u00e3o a figura pol\u00edtica em que se tornou\",\"breadcrumb\":{\"@id\":\"https:\\\/\\\/zeroaesquerda.com.br\\\/index.php\\\/2026\\\/09\\\/01\\\/carl-schmitt-romantismo-politico-georg-lukacs\\\/#breadcrumb\"},\"inLanguage\":\"pt-BR\",\"potentialAction\":[{\"@type\":\"ReadAction\",\"target\":[\"https:\\\/\\\/zeroaesquerda.com.br\\\/index.php\\\/2026\\\/09\\\/01\\\/carl-schmitt-romantismo-politico-georg-lukacs\\\/\"]}]},{\"@type\":\"ImageObject\",\"inLanguage\":\"pt-BR\",\"@id\":\"https:\\\/\\\/zeroaesquerda.com.br\\\/index.php\\\/2026\\\/09\\\/01\\\/carl-schmitt-romantismo-politico-georg-lukacs\\\/#primaryimage\",\"url\":\"https:\\\/\\\/zeroaesquerda.com.br\\\/wp-content\\\/uploads\\\/2026\\\/09\\\/3c518c56-105d-4b33-becc-9c45c5109440.avif\",\"contentUrl\":\"https:\\\/\\\/zeroaesquerda.com.br\\\/wp-content\\\/uploads\\\/2026\\\/09\\\/3c518c56-105d-4b33-becc-9c45c5109440.avif\",\"width\":1600,\"height\":1049},{\"@type\":\"BreadcrumbList\",\"@id\":\"https:\\\/\\\/zeroaesquerda.com.br\\\/index.php\\\/2026\\\/09\\\/01\\\/carl-schmitt-romantismo-politico-georg-lukacs\\\/#breadcrumb\",\"itemListElement\":[{\"@type\":\"ListItem\",\"position\":1,\"name\":\"In\u00edcio\",\"item\":\"https:\\\/\\\/zeroaesquerda.com.br\\\/\"},{\"@type\":\"ListItem\",\"position\":2,\"name\":\"Carl Schmitt, Romantismo Pol\u00edtico \u2013 Georg Luk\u00e1cs\"}]},{\"@type\":\"WebSite\",\"@id\":\"https:\\\/\\\/zeroaesquerda.com.br\\\/#website\",\"url\":\"https:\\\/\\\/zeroaesquerda.com.br\\\/\",\"name\":\"Zero \u00e0 Esquerda\",\"description\":\"Tra\u00e7ando tend\u00eancias para al\u00e9m do capitalismo.\",\"publisher\":{\"@id\":\"https:\\\/\\\/zeroaesquerda.com.br\\\/#organization\"},\"potentialAction\":[{\"@type\":\"SearchAction\",\"target\":{\"@type\":\"EntryPoint\",\"urlTemplate\":\"https:\\\/\\\/zeroaesquerda.com.br\\\/?s={search_term_string}\"},\"query-input\":{\"@type\":\"PropertyValueSpecification\",\"valueRequired\":true,\"valueName\":\"search_term_string\"}}],\"inLanguage\":\"pt-BR\"},{\"@type\":\"Organization\",\"@id\":\"https:\\\/\\\/zeroaesquerda.com.br\\\/#organization\",\"name\":\"Zero \u00e0 Esquerda\",\"url\":\"https:\\\/\\\/zeroaesquerda.com.br\\\/\",\"logo\":{\"@type\":\"ImageObject\",\"inLanguage\":\"pt-BR\",\"@id\":\"https:\\\/\\\/zeroaesquerda.com.br\\\/#\\\/schema\\\/logo\\\/image\\\/\",\"url\":\"https:\\\/\\\/zeroaesquerda.com.br\\\/wp-content\\\/uploads\\\/2021\\\/01\\\/4-simbolo-zero-a-esquerda-favicon-alt.png\",\"contentUrl\":\"https:\\\/\\\/zeroaesquerda.com.br\\\/wp-content\\\/uploads\\\/2021\\\/01\\\/4-simbolo-zero-a-esquerda-favicon-alt.png\",\"width\":1271,\"height\":1069,\"caption\":\"Zero \u00e0 Esquerda\"},\"image\":{\"@id\":\"https:\\\/\\\/zeroaesquerda.com.br\\\/#\\\/schema\\\/logo\\\/image\\\/\"},\"sameAs\":[\"https:\\\/\\\/www.facebook.com\\\/revistazeroaesquerda\",\"https:\\\/\\\/x.com\\\/z3roaesquerda\",\"https:\\\/\\\/www.instagram.com\\\/revistazeroaesquerda\\\/\",\"https:\\\/\\\/www.youtube.com\\\/channel\\\/UCIaGx271Qw6D1QwqYBojrLw\"]},{\"@type\":\"Person\",\"@id\":\"https:\\\/\\\/zeroaesquerda.com.br\\\/#\\\/schema\\\/person\\\/04e72095a4fbe77f00c7b047955ed0b8\",\"name\":\"Zero \u00e0 Esquerda\",\"image\":{\"@type\":\"ImageObject\",\"inLanguage\":\"pt-BR\",\"@id\":\"https:\\\/\\\/secure.gravatar.com\\\/avatar\\\/a417d8eccb1cec435aa9a93213f41ee528a636232351421dedc4ada2160b3f1b?s=96&d=mm&r=g\",\"url\":\"https:\\\/\\\/secure.gravatar.com\\\/avatar\\\/a417d8eccb1cec435aa9a93213f41ee528a636232351421dedc4ada2160b3f1b?s=96&d=mm&r=g\",\"contentUrl\":\"https:\\\/\\\/secure.gravatar.com\\\/avatar\\\/a417d8eccb1cec435aa9a93213f41ee528a636232351421dedc4ada2160b3f1b?s=96&d=mm&r=g\",\"caption\":\"Zero \u00e0 Esquerda\"},\"description\":\"Tra\u00e7ando tend\u00eancias para al\u00e9m do capitalismo.\",\"sameAs\":[\"http:\\\/\\\/zeroaesquerda.com.br\"],\"url\":\"https:\\\/\\\/zeroaesquerda.com.br\\\/index.php\\\/author\\\/revistazeroaesquerdagmail-com\\\/\"}]}<\/script>\n<!-- \/ Yoast SEO plugin. -->","yoast_head_json":{"title":"Carl Schmitt, Romantismo Pol\u00edtico \u2013 Georg Luk\u00e1cs - Zero \u00e0 Esquerda","description":"abaixo podemos ler que Luk\u00e1cs critica o conte\u00fado do livro, isto \u00e9, a maneira como Schmitt trata o assunto, e n\u00e3o a figura pol\u00edtica em que se tornou","robots":{"index":"index","follow":"follow","max-snippet":"max-snippet:-1","max-image-preview":"max-image-preview:large","max-video-preview":"max-video-preview:-1"},"canonical":"https:\/\/zeroaesquerda.com.br\/index.php\/2026\/09\/01\/carl-schmitt-romantismo-politico-georg-lukacs\/","og_locale":"pt_BR","og_type":"article","og_title":"Carl Schmitt, Romantismo Pol\u00edtico \u2013 Georg Luk\u00e1cs - Zero \u00e0 Esquerda","og_description":"abaixo podemos ler que Luk\u00e1cs critica o conte\u00fado do livro, isto \u00e9, a maneira como Schmitt trata o assunto, e n\u00e3o a figura pol\u00edtica em que se tornou","og_url":"https:\/\/zeroaesquerda.com.br\/index.php\/2026\/09\/01\/carl-schmitt-romantismo-politico-georg-lukacs\/","og_site_name":"Zero \u00e0 Esquerda","article_publisher":"https:\/\/www.facebook.com\/revistazeroaesquerda","article_published_time":"2026-09-01T21:06:46+00:00","article_modified_time":"2026-09-01T21:07:38+00:00","og_image":[{"width":1600,"height":1049,"url":"https:\/\/zeroaesquerda.com.br\/wp-content\/uploads\/2026\/09\/3c518c56-105d-4b33-becc-9c45c5109440.avif","type":"image\/jpeg"}],"author":"Zero \u00e0 Esquerda","twitter_card":"summary_large_image","twitter_creator":"@z3roaesquerda","twitter_site":"@z3roaesquerda","twitter_misc":{"Escrito por":"Zero \u00e0 Esquerda","Est. tempo de leitura":"7 minutos"},"schema":{"@context":"https:\/\/schema.org","@graph":[{"@type":"Article","@id":"https:\/\/zeroaesquerda.com.br\/index.php\/2026\/09\/01\/carl-schmitt-romantismo-politico-georg-lukacs\/#article","isPartOf":{"@id":"https:\/\/zeroaesquerda.com.br\/index.php\/2026\/09\/01\/carl-schmitt-romantismo-politico-georg-lukacs\/"},"author":{"name":"Zero \u00e0 Esquerda","@id":"https:\/\/zeroaesquerda.com.br\/#\/schema\/person\/04e72095a4fbe77f00c7b047955ed0b8"},"headline":"Carl Schmitt, Romantismo Pol\u00edtico \u2013 Georg Luk\u00e1cs","datePublished":"2026-09-01T21:06:46+00:00","dateModified":"2026-09-01T21:07:38+00:00","mainEntityOfPage":{"@id":"https:\/\/zeroaesquerda.com.br\/index.php\/2026\/09\/01\/carl-schmitt-romantismo-politico-georg-lukacs\/"},"wordCount":1451,"commentCount":0,"publisher":{"@id":"https:\/\/zeroaesquerda.com.br\/#organization"},"image":{"@id":"https:\/\/zeroaesquerda.com.br\/index.php\/2026\/09\/01\/carl-schmitt-romantismo-politico-georg-lukacs\/#primaryimage"},"thumbnailUrl":"https:\/\/zeroaesquerda.com.br\/wp-content\/uploads\/2026\/09\/3c518c56-105d-4b33-becc-9c45c5109440.avif","keywords":["Filosofia","Literatura","Luk\u00e1cs","Marxismo","Pol\u00edtica","Romantismo"],"articleSection":["Georg Luk\u00e1cs","Tradu\u00e7\u00f5es"],"inLanguage":"pt-BR","potentialAction":[{"@type":"CommentAction","name":"Comment","target":["https:\/\/zeroaesquerda.com.br\/index.php\/2026\/09\/01\/carl-schmitt-romantismo-politico-georg-lukacs\/#respond"]}]},{"@type":"WebPage","@id":"https:\/\/zeroaesquerda.com.br\/index.php\/2026\/09\/01\/carl-schmitt-romantismo-politico-georg-lukacs\/","url":"https:\/\/zeroaesquerda.com.br\/index.php\/2026\/09\/01\/carl-schmitt-romantismo-politico-georg-lukacs\/","name":"Carl Schmitt, Romantismo Pol\u00edtico \u2013 Georg Luk\u00e1cs - Zero \u00e0 Esquerda","isPartOf":{"@id":"https:\/\/zeroaesquerda.com.br\/#website"},"primaryImageOfPage":{"@id":"https:\/\/zeroaesquerda.com.br\/index.php\/2026\/09\/01\/carl-schmitt-romantismo-politico-georg-lukacs\/#primaryimage"},"image":{"@id":"https:\/\/zeroaesquerda.com.br\/index.php\/2026\/09\/01\/carl-schmitt-romantismo-politico-georg-lukacs\/#primaryimage"},"thumbnailUrl":"https:\/\/zeroaesquerda.com.br\/wp-content\/uploads\/2026\/09\/3c518c56-105d-4b33-becc-9c45c5109440.avif","datePublished":"2026-09-01T21:06:46+00:00","dateModified":"2026-09-01T21:07:38+00:00","description":"abaixo podemos ler que Luk\u00e1cs critica o conte\u00fado do livro, isto \u00e9, a maneira como Schmitt trata o assunto, e n\u00e3o a figura pol\u00edtica em que se tornou","breadcrumb":{"@id":"https:\/\/zeroaesquerda.com.br\/index.php\/2026\/09\/01\/carl-schmitt-romantismo-politico-georg-lukacs\/#breadcrumb"},"inLanguage":"pt-BR","potentialAction":[{"@type":"ReadAction","target":["https:\/\/zeroaesquerda.com.br\/index.php\/2026\/09\/01\/carl-schmitt-romantismo-politico-georg-lukacs\/"]}]},{"@type":"ImageObject","inLanguage":"pt-BR","@id":"https:\/\/zeroaesquerda.com.br\/index.php\/2026\/09\/01\/carl-schmitt-romantismo-politico-georg-lukacs\/#primaryimage","url":"https:\/\/zeroaesquerda.com.br\/wp-content\/uploads\/2026\/09\/3c518c56-105d-4b33-becc-9c45c5109440.avif","contentUrl":"https:\/\/zeroaesquerda.com.br\/wp-content\/uploads\/2026\/09\/3c518c56-105d-4b33-becc-9c45c5109440.avif","width":1600,"height":1049},{"@type":"BreadcrumbList","@id":"https:\/\/zeroaesquerda.com.br\/index.php\/2026\/09\/01\/carl-schmitt-romantismo-politico-georg-lukacs\/#breadcrumb","itemListElement":[{"@type":"ListItem","position":1,"name":"In\u00edcio","item":"https:\/\/zeroaesquerda.com.br\/"},{"@type":"ListItem","position":2,"name":"Carl Schmitt, Romantismo Pol\u00edtico \u2013 Georg Luk\u00e1cs"}]},{"@type":"WebSite","@id":"https:\/\/zeroaesquerda.com.br\/#website","url":"https:\/\/zeroaesquerda.com.br\/","name":"Zero \u00e0 Esquerda","description":"Tra\u00e7ando tend\u00eancias para al\u00e9m do capitalismo.","publisher":{"@id":"https:\/\/zeroaesquerda.com.br\/#organization"},"potentialAction":[{"@type":"SearchAction","target":{"@type":"EntryPoint","urlTemplate":"https:\/\/zeroaesquerda.com.br\/?s={search_term_string}"},"query-input":{"@type":"PropertyValueSpecification","valueRequired":true,"valueName":"search_term_string"}}],"inLanguage":"pt-BR"},{"@type":"Organization","@id":"https:\/\/zeroaesquerda.com.br\/#organization","name":"Zero \u00e0 Esquerda","url":"https:\/\/zeroaesquerda.com.br\/","logo":{"@type":"ImageObject","inLanguage":"pt-BR","@id":"https:\/\/zeroaesquerda.com.br\/#\/schema\/logo\/image\/","url":"https:\/\/zeroaesquerda.com.br\/wp-content\/uploads\/2021\/01\/4-simbolo-zero-a-esquerda-favicon-alt.png","contentUrl":"https:\/\/zeroaesquerda.com.br\/wp-content\/uploads\/2021\/01\/4-simbolo-zero-a-esquerda-favicon-alt.png","width":1271,"height":1069,"caption":"Zero \u00e0 Esquerda"},"image":{"@id":"https:\/\/zeroaesquerda.com.br\/#\/schema\/logo\/image\/"},"sameAs":["https:\/\/www.facebook.com\/revistazeroaesquerda","https:\/\/x.com\/z3roaesquerda","https:\/\/www.instagram.com\/revistazeroaesquerda\/","https:\/\/www.youtube.com\/channel\/UCIaGx271Qw6D1QwqYBojrLw"]},{"@type":"Person","@id":"https:\/\/zeroaesquerda.com.br\/#\/schema\/person\/04e72095a4fbe77f00c7b047955ed0b8","name":"Zero \u00e0 Esquerda","image":{"@type":"ImageObject","inLanguage":"pt-BR","@id":"https:\/\/secure.gravatar.com\/avatar\/a417d8eccb1cec435aa9a93213f41ee528a636232351421dedc4ada2160b3f1b?s=96&d=mm&r=g","url":"https:\/\/secure.gravatar.com\/avatar\/a417d8eccb1cec435aa9a93213f41ee528a636232351421dedc4ada2160b3f1b?s=96&d=mm&r=g","contentUrl":"https:\/\/secure.gravatar.com\/avatar\/a417d8eccb1cec435aa9a93213f41ee528a636232351421dedc4ada2160b3f1b?s=96&d=mm&r=g","caption":"Zero \u00e0 Esquerda"},"description":"Tra\u00e7ando tend\u00eancias para al\u00e9m do capitalismo.","sameAs":["http:\/\/zeroaesquerda.com.br"],"url":"https:\/\/zeroaesquerda.com.br\/index.php\/author\/revistazeroaesquerdagmail-com\/"}]}},"_links":{"self":[{"href":"https:\/\/zeroaesquerda.com.br\/index.php\/wp-json\/wp\/v2\/posts\/4891","targetHints":{"allow":["GET"]}}],"collection":[{"href":"https:\/\/zeroaesquerda.com.br\/index.php\/wp-json\/wp\/v2\/posts"}],"about":[{"href":"https:\/\/zeroaesquerda.com.br\/index.php\/wp-json\/wp\/v2\/types\/post"}],"author":[{"embeddable":true,"href":"https:\/\/zeroaesquerda.com.br\/index.php\/wp-json\/wp\/v2\/users\/1"}],"replies":[{"embeddable":true,"href":"https:\/\/zeroaesquerda.com.br\/index.php\/wp-json\/wp\/v2\/comments?post=4891"}],"version-history":[{"count":2,"href":"https:\/\/zeroaesquerda.com.br\/index.php\/wp-json\/wp\/v2\/posts\/4891\/revisions"}],"predecessor-version":[{"id":5044,"href":"https:\/\/zeroaesquerda.com.br\/index.php\/wp-json\/wp\/v2\/posts\/4891\/revisions\/5044"}],"wp:featuredmedia":[{"embeddable":true,"href":"https:\/\/zeroaesquerda.com.br\/index.php\/wp-json\/wp\/v2\/media\/5043"}],"wp:attachment":[{"href":"https:\/\/zeroaesquerda.com.br\/index.php\/wp-json\/wp\/v2\/media?parent=4891"}],"wp:term":[{"taxonomy":"category","embeddable":true,"href":"https:\/\/zeroaesquerda.com.br\/index.php\/wp-json\/wp\/v2\/categories?post=4891"},{"taxonomy":"post_tag","embeddable":true,"href":"https:\/\/zeroaesquerda.com.br\/index.php\/wp-json\/wp\/v2\/tags?post=4891"}],"curies":[{"name":"wp","href":"https:\/\/api.w.org\/{rel}","templated":true}]}}