{"id":462,"date":"2020-03-31T17:50:39","date_gmt":"2020-03-31T20:50:39","guid":{"rendered":"https:\/\/tradutoresproletarios.wordpress.com\/?p=462"},"modified":"2021-01-23T05:22:56","modified_gmt":"2021-01-23T05:22:56","slug":"slavoj-zizek-seria-a-barbarie-com-rosto-humano-nosso-rumo","status":"publish","type":"post","link":"https:\/\/zeroaesquerda.com.br\/index.php\/2020\/03\/31\/slavoj-zizek-seria-a-barbarie-com-rosto-humano-nosso-rumo\/","title":{"rendered":"Seria a barb\u00e1rie com rosto humano nosso rumo? \u2014 Slavoj \u017di\u017eek"},"content":{"rendered":"<p><img loading=\"lazy\" decoding=\"async\" class=\"alignnone size-full wp-image-472\" src=\"https:\/\/tradutoresproletarios.files.wordpress.com\/2020\/03\/sla_01.jpg\" alt=\"sla_01\" width=\"1678\" height=\"1024\"><br \/>\n<!--more--><\/p>\n<p>Esses dias as vezes me pego desejando contrair o v\u00edrus \u2013 dessa maneira, ao menos a incerteza debilitante acabaria\u2026 Um sinal claro de como minha ansiedade est\u00e1 crescendo \u00e9 como me relaciono com o sonho. At\u00e9 pr\u00f3ximo de uma semana atr\u00e1s eu esperava avidamente pela noite: finalmente, posso escapar para meu sono e esquecer os medos da minha vida diurna\u2026 Agora \u00e9 quase o oposto: estou com medo de cair no sono pois os pesadelos que assombram-me em meus sonhos me despertam em p\u00e2nico \u2013 pesadelos sobre a realidade que me espera.<\/p>\n<p><img loading=\"lazy\" decoding=\"async\" class=\" alignleft\" src=\"https:\/\/artout.com.br\/wp-content\/uploads\/2019\/02\/O-sono-da-raz%C3%A3o-produz-monstros-1.jpg\" alt=\"O sono da raz\u00e3o produz monstros, de Francisco Goya - ArtOut \ud83c\udfa8\" width=\"331\" height=\"500\">Qual realidade? Esses dias n\u00f3s ouvimos frequentemente que mudan\u00e7as sociais radicais s\u00e3o necess\u00e1rias se queremos realmente lidar com as consequ\u00eancias da epidemia em curso (Eu mesmo estou entre os que espalham esse mantra) \u2013 mas mudan\u00e7as radicais j\u00e1 est\u00e3o ocorrendo. O coronav\u00edrus nos confronta com algo que consider\u00e1vamos imposs\u00edvel;&nbsp; n\u00e3o pod\u00edamos imaginar algo como isso realmente ocorrendo na nossa vida cotidiana \u2013 o mundo que conhec\u00edamos parou de girar, pa\u00edses inteiros est\u00e3o em fechados, muitos de n\u00f3s confinados ao pr\u00f3prio apartamento (mas e aqueles que n\u00e3o disp\u00f5em nem dessa precau\u00e7\u00e3o m\u00ednima de seguran\u00e7a?), encarando um futuro incerto no qual, mesmo se a maioria de n\u00f3s sobreviver\u00e1, uma mega-crise econ\u00f4mica espera \u00e0 frente\u2026 O que isso significa \u00e9 que nossa rea\u00e7\u00e3o deveria ser tamb\u00e9m fazer o imposs\u00edvel \u2013 o que aparenta imposs\u00edvel nas coordenadas da ordem mundial existente. O imposs\u00edvel aconteceu, nosso mundo parou, E imposs\u00edvel \u00e9 o que temos de fazer para evitar o pior, que \u00e9 \u2013 o que? (Eu devo essa linha de pensamento a Alenka Zupan\u010di\u010d.)<\/p>\n<p>Eu n\u00e3o acho que a maior amea\u00e7a \u00e9 uma regress\u00e3o \u00e0 barb\u00e1rie aberta, \u00e0 viol\u00eancia brutal pela sobreviv\u00eancia com desordem p\u00fablica, linchamentos de p\u00e2nico, etc. (apesar de que, com o poss\u00edvel colapso da sa\u00fade e outros servi\u00e7os p\u00fablicos, isso \u00e9 bem poss\u00edvel). Mais do que barb\u00e1rie aberta, eu temo a barb\u00e1rie com um rosto humano \u2013 medidas cru\u00e9is de sobreviv\u00eancia for\u00e7adas com lamento e at\u00e9 compaix\u00e3o, mas legitimadas pela opini\u00e3o de especialistas. Um observador cauteloso facilmente notou a mudan\u00e7a no tom de como aqueles no poder se dirigem a n\u00f3s: eles n\u00e3o est\u00e3o apenas tentando projetar calma e confian\u00e7a, eles tamb\u00e9m costumam proferir previs\u00f5es terr\u00edveis \u2013 a pandemia provavelmente levar\u00e1 cerca de dois anos para seguir seu curso, e o v\u00edrus acabar\u00e1 infectando 60-70% da popula\u00e7\u00e3o global, com milh\u00f5es de mortos. . . Em suma, a verdadeira mensagem deles \u00e9 que teremos de nos restringir a premissa b\u00e1sica de nossa \u00e9tica social: o cuidado com os idosos e os fracos. (<a href=\"https:\/\/www.kcrw.com\/news\/shows\/npr\/npr-story\/817974987\">A It\u00e1lia j\u00e1 anunciou que, se as coisas piorarem, decis\u00f5es<\/a><u>&nbsp;<\/u><a href=\"https:\/\/www.kcrw.com\/news\/shows\/npr\/npr-story\/817974987\">dif\u00edceis de vida e morte ter\u00e3o de ser feitas para aqueles acima dos oitenta ou com condi\u00e7\u00f5es <\/a><u>&nbsp;<\/u><a href=\"https:\/\/www.kcrw.com\/news\/shows\/npr\/npr-story\/817974987\">fracas.<\/a>) Deve-se notar como a aceita\u00e7\u00e3o de tal l\u00f3gica da \u201csobreviv\u00eancia do mais apto\u201d viola at\u00e9 o princ\u00edpio b\u00e1sico da \u00e9tica militar que nos diz que, ap\u00f3s a batalha, deve-se primeiro cuidar dos feridos, mesmo que a chance de salv\u00e1-los seja m\u00ednima. (No entanto, olhando mais de perto, isso n\u00e3o deve nos surpreender: os hospitais j\u00e1 est\u00e3o fazendo a mesma coisa com pacientes de c\u00e2ncer.) Para evitar um mal-entendido, sou um realista absoluto aqui &#8211; deve-se planejar permitir uma morte indolor dos doentes terminais, poupar-lhes o sofrimento desnecess\u00e1rio. Mas nossa prioridade deve ser, no entanto, n\u00e3o economizar, mas ajudar incondicionalmente, independentemente de custos, \u00e0queles que precisam de ajuda, para possibilitar sua sobreviv\u00eancia.<\/p>\n<p>Ent\u00e3o eu discordo respeitosamente de Giorgio Agamben, que v\u00ea na crise em curso um sinal de que<a href=\"https:\/\/itself.blog\/2020\/03\/17\/giorgio-agamben-clarifications\/\"> \u201cnossa sociedade n\u00e3o acredita &nbsp;mais em nada al\u00e9m da vida nua. \u00c9 \u00f3bvio que os italianos est\u00e3o<\/a><u>&nbsp;<\/u><a href=\"https:\/\/itself.blog\/2020\/03\/17\/giorgio-agamben-clarifications\/\">dispostos&nbsp;&nbsp; a&nbsp;&nbsp; sacrificar&nbsp;&nbsp; praticamente&nbsp; tudo&nbsp; \u2014&nbsp; as&nbsp; condi\u00e7\u00f5es&nbsp; normais&nbsp; de&nbsp; vida,&nbsp; rela\u00e7\u00f5es &nbsp;sociais,<\/a><u>&nbsp;<\/u><a href=\"https:\/\/itself.blog\/2020\/03\/17\/giorgio-agamben-clarifications\/\">trabalho, at\u00e9 amizades, afetos e convic\u00e7\u00f5es religiosas e pol\u00edticas \u2014 ao perigo de adoecer. A vida<\/a><u>&nbsp;<\/u><a href=\"https:\/\/itself.blog\/2020\/03\/17\/giorgio-agamben-clarifications\/\">nua \u2014 e o perigo de perd\u00ea-la \u2014 n\u00e3o \u00e9 algo que une as pessoas, mas \u00e0s cega e as separa.\u201d <\/a>As coisas s\u00e3o muito mais amb\u00edguas: isso TAMB\u00c9M as une \u2013 manter uma dist\u00e2ncia corp\u00f3rea \u00e9 mostrar respeito ao outro porque eu tamb\u00e9m posso ser um portador do v\u00edrus. Meus filhos me evitam agora porque est\u00e3o com medo me contaminar (o que \u00e9 uma doen\u00e7a passageira para eles pode ser mortal para mim).<\/p>\n<p>Nos \u00faltimos dias, ouvimos repetidamente [again and again] que cada um de n\u00f3s \u00e9 pessoalmente respons\u00e1vel e precisa seguir novas regras. A m\u00eddia est\u00e1 cheia de est\u00f3rias sobre pessoas que se comportaram mal e colocaram a si e a outros em perigo (um cara entrou numa loja e come\u00e7ou a tossir, etc.) \u2013 o problema aqui \u00e9 o mesmo com a ecologia onde a m\u00eddia, de novo e de novo, enfatiza nossa responsabilidade pessoal (se voc\u00ea reciclou todos os jornais usados, etc.). Tal foco na responsabilidade individual, mesmo sendo necess\u00e1rio, funciona enquanto ideologia no momento que serve para ofuscar a grande quest\u00e3o de como mudar nosso sistema econ\u00f4mico e social inteiro. A luta contra o coronav\u00edrus s\u00f3 pode ser travada junto \u00e0 luta contra mistifica\u00e7\u00f5es ideol\u00f3gicas, e mais, enquanto parte de uma luta ecol\u00f3gica geral. Como Kate Jones coloca, a transmiss\u00e3o da doen\u00e7a de animais selvagens para humanos \u00e9 \u201cum custo oculto do<u>&nbsp;desenvolvimento econ\u00f4mico humano. H\u00e1 muito mais de n\u00f3s em todos os ambientes. Estamos<\/u><u> entrando&nbsp; em&nbsp; lugares&nbsp; praticamente&nbsp; imperturb\u00e1veis&nbsp; e&nbsp; sendo&nbsp; expostos&nbsp; cada&nbsp; vez&nbsp; mais. Estamos<\/u><u>&nbsp;criando &nbsp;habitats &nbsp;onde &nbsp;os &nbsp;v\u00edrus &nbsp;s\u00e3o &nbsp;transmitidos &nbsp;com &nbsp;mais &nbsp;facilidade &nbsp;e, &nbsp;em &nbsp;seguida, &nbsp;nos<\/u><u>&nbsp;surpreendemos por termos novos.\u201d<\/u><\/p>\n<p>Ent\u00e3o n\u00e3o \u00e9 suficiente estabelecer algum tipo de assist\u00eancia m\u00e9dica global para humanos, a natureza deve estar inclu\u00edda tamb\u00e9m \u2013 v\u00edrus tamb\u00e9m atacam plantas, que s\u00e3o a maior fonte de nossos alimentos, como batata, trigo, e azeitonas. N\u00f3s sempre temos que ter em mente uma imagem global do mundo em que vivemos, com todos os paradoxos que isso implica. Por exemplo, \u00e9 bom saber que o fechamento da China salvou mais vidas do que o n\u00famero de mortos pelo v\u00edrus (se confiarmos na estat\u00edsticas oficiais de mortos):<\/p>\n<p>\u201c<a href=\"https:\/\/www.dailymail.co.uk\/sciencetech\/article-8121515\/Global-air-pollution-levels-plummet-amid-coronavirus-pandemic.html\">O &nbsp;economista &nbsp;de &nbsp;recursos &nbsp;ambientais &nbsp;Marshall &nbsp;Burke &nbsp;diz &nbsp;que &nbsp;existe &nbsp;uma &nbsp;liga\u00e7\u00e3o<\/a><u>&nbsp;<\/u><a href=\"https:\/\/www.dailymail.co.uk\/sciencetech\/article-8121515\/Global-air-pollution-levels-plummet-amid-coronavirus-pandemic.html\">comprovada entre a m\u00e1 qualidade do ar e as mortes prematuras relacionadas \u00e0 respira\u00e7\u00e3o<\/a><u>&nbsp;<\/u><a href=\"https:\/\/www.dailymail.co.uk\/sciencetech\/article-8121515\/Global-air-pollution-levels-plummet-amid-coronavirus-pandemic.html\">desse ar. &#8220;Com isso em mente&#8221;, disse ele, &#8220;uma pergunta natural \u2013 se bem que estranha \u2013<\/a><u>&nbsp;<\/u><a href=\"https:\/\/www.dailymail.co.uk\/sciencetech\/article-8121515\/Global-air-pollution-levels-plummet-amid-coronavirus-pandemic.html\">\u00e9 se as vidas salvas dessa redu\u00e7\u00e3o na polui\u00e7\u00e3o causada pela interrup\u00e7\u00e3o econ\u00f4mica do<\/a><u>&nbsp;<\/u><a href=\"https:\/\/www.dailymail.co.uk\/sciencetech\/article-8121515\/Global-air-pollution-levels-plummet-amid-coronavirus-pandemic.html\">COVID-19 &nbsp;excedem &nbsp;o &nbsp;n\u00famero &nbsp;de &nbsp;mortos &nbsp;pelo &nbsp;pr\u00f3prio &nbsp;v\u00edrus&#8221;. &nbsp;&#8220;Mesmo &nbsp;sob &nbsp;premissas<\/a><u>&nbsp;<\/u><a href=\"https:\/\/www.dailymail.co.uk\/sciencetech\/article-8121515\/Global-air-pollution-levels-plummet-amid-coronavirus-pandemic.html\">muito conservadoras, acho que a resposta \u00e9 um claro&#8221; sim &#8220;.&#8221; Com apenas dois meses de<\/a><u>&nbsp;<\/u><a href=\"https:\/\/www.dailymail.co.uk\/sciencetech\/article-8121515\/Global-air-pollution-levels-plummet-amid-coronavirus-pandemic.html\">redu\u00e7\u00e3o nos n\u00edveis de polui\u00e7\u00e3o, ele diz que provavelmente salvou a vida de 4.000 crian\u00e7as<\/a><u>&nbsp;<\/u><a href=\"https:\/\/www.dailymail.co.uk\/sciencetech\/article-8121515\/Global-air-pollution-levels-plummet-amid-coronavirus-pandemic.html\">menores de cinco anos e 73.000 adultos acima de 70 anos na China.<\/a><u>\u201d<\/u><\/p>\n<p>Somos pegos em uma crise tripla: m\u00e9dica (a epidemia em si), econ\u00f4mica (que ir\u00e1 atingir forte qualquer que seja o desfecho da epidemia), mais (que n\u00e3o se subestime) a de sa\u00fade mental \u2013 as coordenadas b\u00e1sicas do mundo da vida de milh\u00f5es e milh\u00f5es est\u00e3o desintegrando, e a mudan\u00e7a ir\u00e1 afetar tudo, de v\u00f4os durante as f\u00e9rias at\u00e9 contatos f\u00edsicos cotidianos. N\u00f3s precisamos aprender a pensar fora das coordenadas do mercado financeiro e do lucro e simplesmente achar outro modo de produzir e alocar os recursos necess\u00e1rios. Digamos, quando as autoridades souberem que uma companhia est\u00e1 retendo milh\u00f5es de m\u00e1scaras, esperando o momento certo para vend\u00ea-las, n\u00e3o deveria haver negocia\u00e7\u00f5es com a empresa \u2013 m\u00e1scaras deveriam ser simplesmente requisitadas.<\/p>\n<p>A m\u00eddia anunciou que Trump ofereceu um bilh\u00e3o de d\u00f3lares para a companhia biofarmac\u00eautica de T\u00fcbingen CureVac para garantir vacinas \u201csomente para os Estados Unidos.\u201d O ministro de sa\u00fade alem\u00e3o, Jens Spahn, disse que uma tomada da CureVac pela administra\u00e7\u00e3o Trump estava \u201cfora da mesa\u201d; CureVac desenvolveria vacinas somente \u201cpara o mundo todo, n\u00e3o pa\u00edses individuais.\u201d Aqui n\u00f3s temos um caso exemplar de conflito entre barb\u00e1rie e civiliza\u00e7\u00e3o. Mas o mesmo Trump teve que invocar o \u201cAto de Defesa da Produ\u00e7\u00e3o\u201d [DPA] que iria permitir o governo de assegurar que o setor privado pudesse aumentar a produ\u00e7\u00e3o de suprimentos medicinais de emerg\u00eancia.<\/p>\n<p><u>&nbsp;<\/u><a href=\"https:\/\/www.theguardian.com\/world\/2020\/mar\/18\/coronavirus-latest-at-a-glance-wednesday-2020\"><strong>Trump anuncia proposta para assumir o setor privado<\/strong><\/a><strong><u>. <\/u><\/strong><a href=\"https:\/\/www.theguardian.com\/world\/2020\/mar\/18\/coronavirus-latest-at-a-glance-wednesday-2020\">O presidente dos EUA<\/a><u>&nbsp;<\/u><a href=\"https:\/\/www.theguardian.com\/world\/2020\/mar\/18\/coronavirus-latest-at-a-glance-wednesday-2020\">disse&nbsp; que&nbsp; invocaria&nbsp; uma&nbsp; disposi\u00e7\u00e3o&nbsp; federal que permitisse ao governo organizar o setor<\/a><u>&nbsp;<\/u><a href=\"https:\/\/www.theguardian.com\/world\/2020\/mar\/18\/coronavirus-latest-at-a-glance-wednesday-2020\">privado em resposta \u00e0 pandemia, informou a Associated Press. Trump disse que assinaria<\/a><u>&nbsp;<\/u><a href=\"https:\/\/www.theguardian.com\/world\/2020\/mar\/18\/coronavirus-latest-at-a-glance-wednesday-2020\">um ato dando a si mesmo a autoridade para dirigir a produ\u00e7\u00e3o industrial dom\u00e9stica &#8220;no<\/a><u>&nbsp;<\/u><a href=\"https:\/\/www.theguardian.com\/world\/2020\/mar\/18\/coronavirus-latest-at-a-glance-wednesday-2020\">caso de precisarmos&#8221;.<\/a><\/p>\n<p>Quando eu usei a palavra <em>comunismo <\/em>um par de semanas atr\u00e1s, fui zoado [mocked], mas agora h\u00e1 a manchete \u201c<strong>Trump anuncia proposta de tomar setor privado<\/strong>\u201d \u2013 poder\u00edamos imaginar tal manchete at\u00e9 uma semana atr\u00e1s? E isso \u00e9 s\u00f3 o come\u00e7o \u2013 muito mais medidas como essa devem seguir, mais a auto-organiza\u00e7\u00e3o local de comunidades ser\u00e1 necess\u00e1ria se o sistema de sa\u00fade &nbsp;do &nbsp;Estado &nbsp;estiver &nbsp;sob &nbsp;muito &nbsp;estresse.&nbsp; &nbsp;N\u00e3o &nbsp;\u00e9 &nbsp;suficiente &nbsp;somente &nbsp;se &nbsp;isolar e sobreviver \u2013 para &nbsp;alguns &nbsp;de &nbsp;n\u00f3s &nbsp;fazermos &nbsp;isso, &nbsp;servi\u00e7os &nbsp;p\u00fablicos &nbsp;b\u00e1sicos &nbsp;precisam &nbsp;funcionar: &nbsp;eletricidade, comida e suprimentos m\u00e9dicos\u2026 (Em breve precisaremos de uma lista dos que se recuperaram e est\u00e3o &nbsp;ao &nbsp;menos &nbsp;por &nbsp;algum &nbsp;tempo &nbsp;imunes, &nbsp;para &nbsp;que &nbsp;eles possam ser mobilizados para trabalho p\u00fablico&nbsp; &nbsp;urgente.)&nbsp; &nbsp;N\u00e3o&nbsp; &nbsp;\u00e9&nbsp; &nbsp;uma&nbsp; &nbsp;vis\u00e3o&nbsp; &nbsp;comunista&nbsp; &nbsp;ut\u00f3pica,&nbsp; &nbsp;\u00e9&nbsp; &nbsp;um&nbsp; &nbsp;comunismo&nbsp; &nbsp;imposto &nbsp;pelas necessidades &nbsp;de &nbsp;pura &nbsp;sobreviv\u00eancia. &nbsp;\u00c9 &nbsp;infelizmente &nbsp;uma &nbsp;vers\u00e3o &nbsp;do &nbsp;que, na Uni\u00e3o Sovi\u00e9tica em 1918, era chamado \u201ccomunismo de guerra.\u201d<\/p>\n<p>Como &nbsp;diz &nbsp;o &nbsp;ditado, &nbsp;em &nbsp;uma &nbsp;crise &nbsp;somos &nbsp;todos &nbsp;socialistas &nbsp;\u2013 &nbsp;at\u00e9 Trump est\u00e1 considerando uma forma &nbsp;de &nbsp;RBU &nbsp;(Renda B\u00e1sica Universal) \u2013 um cheque de mil d\u00f3lares para cada cidad\u00e3o adulto. Trilh\u00f5es ser\u00e3o gastos violando todas as leis do mercado \u2013 mas como, onde, para quem? Ser\u00e1 esse socialismo &nbsp;for\u00e7ado &nbsp;um &nbsp;socialismo &nbsp;para &nbsp;os &nbsp;ricos &nbsp;(recordem &nbsp;o &nbsp;resgate &nbsp;dos &nbsp;bancos &nbsp;em &nbsp;2008 enquanto milh\u00f5es de pessoas comuns perderam as suas poupan\u00e7as)? Ir\u00e1 a pandemia cingir-se a ser &nbsp;apenas &nbsp;mais &nbsp;um &nbsp;cap\u00edtulo &nbsp;na &nbsp;longa &nbsp;e &nbsp;tristonha &nbsp;hist\u00f3ria &nbsp;daquilo &nbsp;que &nbsp;a &nbsp;autora &nbsp;canadense &nbsp;e ativista &nbsp;social &nbsp;Naomi &nbsp;Klein chamou de &#8220;capitalismo de desastre&#8221;, ou ir\u00e1 surgir disto uma (mais modesta, talvez, mas tamb\u00e9m mais equilibrada) nova ordem mundial?<\/p>\n<p><strong>Aut<\/strong><strong>or: Slavoj \u017di\u017eek<br \/>\n<\/strong><strong>Publicado&nbsp;<\/strong><strong>t<\/strong><strong>em:<\/strong> 18 de mar\u00e7o de 2020<br \/>\n<strong>Original: <\/strong>https:\/\/critinq.wordpress.com\/2020\/03\/18\/is-barbarism-with-a-human-face-our-fate\/<br \/>\n<strong>Tradu\u00e7\u00e3o: Cian Barbosa<\/strong><br \/>\n<strong>Revis\u00e3o: Leonardo Mendon\u00e7a<\/strong><\/p>\n","protected":false},"excerpt":{"rendered":"","protected":false},"author":1,"featured_media":0,"comment_status":"closed","ping_status":"open","sticky":false,"template":"","format":"standard","meta":{"_coblocks_attr":"","_coblocks_dimensions":"","_coblocks_responsive_height":"","_coblocks_accordion_ie_support":"","om_disable_all_campaigns":false,"_monsterinsights_skip_tracking":false,"_monsterinsights_sitenote_active":false,"_monsterinsights_sitenote_note":"","_monsterinsights_sitenote_category":0,"_uf_show_specific_survey":0,"_uf_disable_surveys":false,"_kadence_starter_templates_imported_post":false,"_kad_post_transparent":"","_kad_post_title":"","_kad_post_layout":"","_kad_post_sidebar_id":"","_kad_post_content_style":"","_kad_post_vertical_padding":"","_kad_post_feature":"","_kad_post_feature_position":"","_kad_post_header":false,"_kad_post_footer":false,"_kad_post_classname":"","footnotes":""},"categories":[345,1],"tags":[],"class_list":["post-462","post","type-post","status-publish","format-standard","hentry","category-arquivo-tradutores-proletarios","category-uncategorized"],"yoast_head":"<!-- This site is optimized with the Yoast SEO plugin v27.4 - https:\/\/yoast.com\/product\/yoast-seo-wordpress\/ -->\n<title>Seria a barb\u00e1rie com rosto humano nosso rumo? \u2014 Slavoj \u017di\u017eek - Zero \u00e0 Esquerda<\/title>\n<meta name=\"robots\" content=\"index, follow, max-snippet:-1, max-image-preview:large, max-video-preview:-1\" \/>\n<link rel=\"canonical\" href=\"https:\/\/zeroaesquerda.com.br\/index.php\/2020\/03\/31\/slavoj-zizek-seria-a-barbarie-com-rosto-humano-nosso-rumo\/\" \/>\n<meta property=\"og:locale\" content=\"pt_BR\" \/>\n<meta property=\"og:type\" content=\"article\" \/>\n<meta property=\"og:title\" content=\"Seria a barb\u00e1rie com rosto humano nosso rumo? \u2014 Slavoj \u017di\u017eek - Zero \u00e0 Esquerda\" \/>\n<meta property=\"og:url\" content=\"https:\/\/zeroaesquerda.com.br\/index.php\/2020\/03\/31\/slavoj-zizek-seria-a-barbarie-com-rosto-humano-nosso-rumo\/\" \/>\n<meta property=\"og:site_name\" content=\"Zero \u00e0 Esquerda\" \/>\n<meta property=\"article:publisher\" content=\"https:\/\/www.facebook.com\/revistazeroaesquerda\" \/>\n<meta property=\"article:published_time\" content=\"2020-03-31T20:50:39+00:00\" \/>\n<meta property=\"article:modified_time\" content=\"2021-01-23T05:22:56+00:00\" \/>\n<meta property=\"og:image\" content=\"https:\/\/tradutoresproletarios.files.wordpress.com\/2020\/03\/sla_01.jpg\" \/>\n<meta name=\"author\" content=\"Zero \u00e0 Esquerda\" \/>\n<meta name=\"twitter:card\" content=\"summary_large_image\" \/>\n<meta name=\"twitter:creator\" content=\"@z3roaesquerda\" \/>\n<meta name=\"twitter:site\" content=\"@z3roaesquerda\" \/>\n<meta name=\"twitter:label1\" content=\"Escrito por\" \/>\n\t<meta name=\"twitter:data1\" content=\"Zero \u00e0 Esquerda\" \/>\n\t<meta name=\"twitter:label2\" content=\"Est. tempo de leitura\" \/>\n\t<meta name=\"twitter:data2\" content=\"10 minutos\" \/>\n<script type=\"application\/ld+json\" class=\"yoast-schema-graph\">{\"@context\":\"https:\\\/\\\/schema.org\",\"@graph\":[{\"@type\":\"Article\",\"@id\":\"https:\\\/\\\/zeroaesquerda.com.br\\\/index.php\\\/2020\\\/03\\\/31\\\/slavoj-zizek-seria-a-barbarie-com-rosto-humano-nosso-rumo\\\/#article\",\"isPartOf\":{\"@id\":\"https:\\\/\\\/zeroaesquerda.com.br\\\/index.php\\\/2020\\\/03\\\/31\\\/slavoj-zizek-seria-a-barbarie-com-rosto-humano-nosso-rumo\\\/\"},\"author\":{\"name\":\"Zero \u00e0 Esquerda\",\"@id\":\"https:\\\/\\\/zeroaesquerda.com.br\\\/#\\\/schema\\\/person\\\/04e72095a4fbe77f00c7b047955ed0b8\"},\"headline\":\"Seria a barb\u00e1rie com rosto humano nosso rumo? \u2014 Slavoj \u017di\u017eek\",\"datePublished\":\"2020-03-31T20:50:39+00:00\",\"dateModified\":\"2021-01-23T05:22:56+00:00\",\"mainEntityOfPage\":{\"@id\":\"https:\\\/\\\/zeroaesquerda.com.br\\\/index.php\\\/2020\\\/03\\\/31\\\/slavoj-zizek-seria-a-barbarie-com-rosto-humano-nosso-rumo\\\/\"},\"wordCount\":2036,\"publisher\":{\"@id\":\"https:\\\/\\\/zeroaesquerda.com.br\\\/#organization\"},\"image\":{\"@id\":\"https:\\\/\\\/zeroaesquerda.com.br\\\/index.php\\\/2020\\\/03\\\/31\\\/slavoj-zizek-seria-a-barbarie-com-rosto-humano-nosso-rumo\\\/#primaryimage\"},\"thumbnailUrl\":\"https:\\\/\\\/tradutoresproletarios.files.wordpress.com\\\/2020\\\/03\\\/sla_01.jpg\",\"articleSection\":[\"Arquivo (Tradutores Prolet\u00e1rios)\",\"Uncategorized\"],\"inLanguage\":\"pt-BR\"},{\"@type\":\"WebPage\",\"@id\":\"https:\\\/\\\/zeroaesquerda.com.br\\\/index.php\\\/2020\\\/03\\\/31\\\/slavoj-zizek-seria-a-barbarie-com-rosto-humano-nosso-rumo\\\/\",\"url\":\"https:\\\/\\\/zeroaesquerda.com.br\\\/index.php\\\/2020\\\/03\\\/31\\\/slavoj-zizek-seria-a-barbarie-com-rosto-humano-nosso-rumo\\\/\",\"name\":\"Seria a barb\u00e1rie com rosto humano nosso rumo? \u2014 Slavoj \u017di\u017eek - Zero \u00e0 Esquerda\",\"isPartOf\":{\"@id\":\"https:\\\/\\\/zeroaesquerda.com.br\\\/#website\"},\"primaryImageOfPage\":{\"@id\":\"https:\\\/\\\/zeroaesquerda.com.br\\\/index.php\\\/2020\\\/03\\\/31\\\/slavoj-zizek-seria-a-barbarie-com-rosto-humano-nosso-rumo\\\/#primaryimage\"},\"image\":{\"@id\":\"https:\\\/\\\/zeroaesquerda.com.br\\\/index.php\\\/2020\\\/03\\\/31\\\/slavoj-zizek-seria-a-barbarie-com-rosto-humano-nosso-rumo\\\/#primaryimage\"},\"thumbnailUrl\":\"https:\\\/\\\/tradutoresproletarios.files.wordpress.com\\\/2020\\\/03\\\/sla_01.jpg\",\"datePublished\":\"2020-03-31T20:50:39+00:00\",\"dateModified\":\"2021-01-23T05:22:56+00:00\",\"breadcrumb\":{\"@id\":\"https:\\\/\\\/zeroaesquerda.com.br\\\/index.php\\\/2020\\\/03\\\/31\\\/slavoj-zizek-seria-a-barbarie-com-rosto-humano-nosso-rumo\\\/#breadcrumb\"},\"inLanguage\":\"pt-BR\",\"potentialAction\":[{\"@type\":\"ReadAction\",\"target\":[\"https:\\\/\\\/zeroaesquerda.com.br\\\/index.php\\\/2020\\\/03\\\/31\\\/slavoj-zizek-seria-a-barbarie-com-rosto-humano-nosso-rumo\\\/\"]}]},{\"@type\":\"ImageObject\",\"inLanguage\":\"pt-BR\",\"@id\":\"https:\\\/\\\/zeroaesquerda.com.br\\\/index.php\\\/2020\\\/03\\\/31\\\/slavoj-zizek-seria-a-barbarie-com-rosto-humano-nosso-rumo\\\/#primaryimage\",\"url\":\"https:\\\/\\\/tradutoresproletarios.files.wordpress.com\\\/2020\\\/03\\\/sla_01.jpg\",\"contentUrl\":\"https:\\\/\\\/tradutoresproletarios.files.wordpress.com\\\/2020\\\/03\\\/sla_01.jpg\"},{\"@type\":\"BreadcrumbList\",\"@id\":\"https:\\\/\\\/zeroaesquerda.com.br\\\/index.php\\\/2020\\\/03\\\/31\\\/slavoj-zizek-seria-a-barbarie-com-rosto-humano-nosso-rumo\\\/#breadcrumb\",\"itemListElement\":[{\"@type\":\"ListItem\",\"position\":1,\"name\":\"In\u00edcio\",\"item\":\"https:\\\/\\\/zeroaesquerda.com.br\\\/\"},{\"@type\":\"ListItem\",\"position\":2,\"name\":\"Seria a barb\u00e1rie com rosto humano nosso rumo? \u2014 Slavoj \u017di\u017eek\"}]},{\"@type\":\"WebSite\",\"@id\":\"https:\\\/\\\/zeroaesquerda.com.br\\\/#website\",\"url\":\"https:\\\/\\\/zeroaesquerda.com.br\\\/\",\"name\":\"Zero \u00e0 Esquerda\",\"description\":\"Tra\u00e7ando tend\u00eancias para al\u00e9m do capitalismo.\",\"publisher\":{\"@id\":\"https:\\\/\\\/zeroaesquerda.com.br\\\/#organization\"},\"potentialAction\":[{\"@type\":\"SearchAction\",\"target\":{\"@type\":\"EntryPoint\",\"urlTemplate\":\"https:\\\/\\\/zeroaesquerda.com.br\\\/?s={search_term_string}\"},\"query-input\":{\"@type\":\"PropertyValueSpecification\",\"valueRequired\":true,\"valueName\":\"search_term_string\"}}],\"inLanguage\":\"pt-BR\"},{\"@type\":\"Organization\",\"@id\":\"https:\\\/\\\/zeroaesquerda.com.br\\\/#organization\",\"name\":\"Zero \u00e0 Esquerda\",\"url\":\"https:\\\/\\\/zeroaesquerda.com.br\\\/\",\"logo\":{\"@type\":\"ImageObject\",\"inLanguage\":\"pt-BR\",\"@id\":\"https:\\\/\\\/zeroaesquerda.com.br\\\/#\\\/schema\\\/logo\\\/image\\\/\",\"url\":\"https:\\\/\\\/zeroaesquerda.com.br\\\/wp-content\\\/uploads\\\/2021\\\/01\\\/4-simbolo-zero-a-esquerda-favicon-alt.png\",\"contentUrl\":\"https:\\\/\\\/zeroaesquerda.com.br\\\/wp-content\\\/uploads\\\/2021\\\/01\\\/4-simbolo-zero-a-esquerda-favicon-alt.png\",\"width\":1271,\"height\":1069,\"caption\":\"Zero \u00e0 Esquerda\"},\"image\":{\"@id\":\"https:\\\/\\\/zeroaesquerda.com.br\\\/#\\\/schema\\\/logo\\\/image\\\/\"},\"sameAs\":[\"https:\\\/\\\/www.facebook.com\\\/revistazeroaesquerda\",\"https:\\\/\\\/x.com\\\/z3roaesquerda\",\"https:\\\/\\\/www.instagram.com\\\/revistazeroaesquerda\\\/\",\"https:\\\/\\\/www.youtube.com\\\/channel\\\/UCIaGx271Qw6D1QwqYBojrLw\"]},{\"@type\":\"Person\",\"@id\":\"https:\\\/\\\/zeroaesquerda.com.br\\\/#\\\/schema\\\/person\\\/04e72095a4fbe77f00c7b047955ed0b8\",\"name\":\"Zero \u00e0 Esquerda\",\"image\":{\"@type\":\"ImageObject\",\"inLanguage\":\"pt-BR\",\"@id\":\"https:\\\/\\\/secure.gravatar.com\\\/avatar\\\/a417d8eccb1cec435aa9a93213f41ee528a636232351421dedc4ada2160b3f1b?s=96&d=mm&r=g\",\"url\":\"https:\\\/\\\/secure.gravatar.com\\\/avatar\\\/a417d8eccb1cec435aa9a93213f41ee528a636232351421dedc4ada2160b3f1b?s=96&d=mm&r=g\",\"contentUrl\":\"https:\\\/\\\/secure.gravatar.com\\\/avatar\\\/a417d8eccb1cec435aa9a93213f41ee528a636232351421dedc4ada2160b3f1b?s=96&d=mm&r=g\",\"caption\":\"Zero \u00e0 Esquerda\"},\"description\":\"Tra\u00e7ando tend\u00eancias para al\u00e9m do capitalismo.\",\"sameAs\":[\"http:\\\/\\\/zeroaesquerda.com.br\"],\"url\":\"https:\\\/\\\/zeroaesquerda.com.br\\\/index.php\\\/author\\\/revistazeroaesquerdagmail-com\\\/\"}]}<\/script>\n<!-- \/ Yoast SEO plugin. -->","yoast_head_json":{"title":"Seria a barb\u00e1rie com rosto humano nosso rumo? \u2014 Slavoj \u017di\u017eek - Zero \u00e0 Esquerda","robots":{"index":"index","follow":"follow","max-snippet":"max-snippet:-1","max-image-preview":"max-image-preview:large","max-video-preview":"max-video-preview:-1"},"canonical":"https:\/\/zeroaesquerda.com.br\/index.php\/2020\/03\/31\/slavoj-zizek-seria-a-barbarie-com-rosto-humano-nosso-rumo\/","og_locale":"pt_BR","og_type":"article","og_title":"Seria a barb\u00e1rie com rosto humano nosso rumo? \u2014 Slavoj \u017di\u017eek - Zero \u00e0 Esquerda","og_url":"https:\/\/zeroaesquerda.com.br\/index.php\/2020\/03\/31\/slavoj-zizek-seria-a-barbarie-com-rosto-humano-nosso-rumo\/","og_site_name":"Zero \u00e0 Esquerda","article_publisher":"https:\/\/www.facebook.com\/revistazeroaesquerda","article_published_time":"2020-03-31T20:50:39+00:00","article_modified_time":"2021-01-23T05:22:56+00:00","og_image":[{"url":"https:\/\/tradutoresproletarios.files.wordpress.com\/2020\/03\/sla_01.jpg","type":"","width":"","height":""}],"author":"Zero \u00e0 Esquerda","twitter_card":"summary_large_image","twitter_creator":"@z3roaesquerda","twitter_site":"@z3roaesquerda","twitter_misc":{"Escrito por":"Zero \u00e0 Esquerda","Est. tempo de leitura":"10 minutos"},"schema":{"@context":"https:\/\/schema.org","@graph":[{"@type":"Article","@id":"https:\/\/zeroaesquerda.com.br\/index.php\/2020\/03\/31\/slavoj-zizek-seria-a-barbarie-com-rosto-humano-nosso-rumo\/#article","isPartOf":{"@id":"https:\/\/zeroaesquerda.com.br\/index.php\/2020\/03\/31\/slavoj-zizek-seria-a-barbarie-com-rosto-humano-nosso-rumo\/"},"author":{"name":"Zero \u00e0 Esquerda","@id":"https:\/\/zeroaesquerda.com.br\/#\/schema\/person\/04e72095a4fbe77f00c7b047955ed0b8"},"headline":"Seria a barb\u00e1rie com rosto humano nosso rumo? \u2014 Slavoj \u017di\u017eek","datePublished":"2020-03-31T20:50:39+00:00","dateModified":"2021-01-23T05:22:56+00:00","mainEntityOfPage":{"@id":"https:\/\/zeroaesquerda.com.br\/index.php\/2020\/03\/31\/slavoj-zizek-seria-a-barbarie-com-rosto-humano-nosso-rumo\/"},"wordCount":2036,"publisher":{"@id":"https:\/\/zeroaesquerda.com.br\/#organization"},"image":{"@id":"https:\/\/zeroaesquerda.com.br\/index.php\/2020\/03\/31\/slavoj-zizek-seria-a-barbarie-com-rosto-humano-nosso-rumo\/#primaryimage"},"thumbnailUrl":"https:\/\/tradutoresproletarios.files.wordpress.com\/2020\/03\/sla_01.jpg","articleSection":["Arquivo (Tradutores Prolet\u00e1rios)","Uncategorized"],"inLanguage":"pt-BR"},{"@type":"WebPage","@id":"https:\/\/zeroaesquerda.com.br\/index.php\/2020\/03\/31\/slavoj-zizek-seria-a-barbarie-com-rosto-humano-nosso-rumo\/","url":"https:\/\/zeroaesquerda.com.br\/index.php\/2020\/03\/31\/slavoj-zizek-seria-a-barbarie-com-rosto-humano-nosso-rumo\/","name":"Seria a barb\u00e1rie com rosto humano nosso rumo? \u2014 Slavoj \u017di\u017eek - Zero \u00e0 Esquerda","isPartOf":{"@id":"https:\/\/zeroaesquerda.com.br\/#website"},"primaryImageOfPage":{"@id":"https:\/\/zeroaesquerda.com.br\/index.php\/2020\/03\/31\/slavoj-zizek-seria-a-barbarie-com-rosto-humano-nosso-rumo\/#primaryimage"},"image":{"@id":"https:\/\/zeroaesquerda.com.br\/index.php\/2020\/03\/31\/slavoj-zizek-seria-a-barbarie-com-rosto-humano-nosso-rumo\/#primaryimage"},"thumbnailUrl":"https:\/\/tradutoresproletarios.files.wordpress.com\/2020\/03\/sla_01.jpg","datePublished":"2020-03-31T20:50:39+00:00","dateModified":"2021-01-23T05:22:56+00:00","breadcrumb":{"@id":"https:\/\/zeroaesquerda.com.br\/index.php\/2020\/03\/31\/slavoj-zizek-seria-a-barbarie-com-rosto-humano-nosso-rumo\/#breadcrumb"},"inLanguage":"pt-BR","potentialAction":[{"@type":"ReadAction","target":["https:\/\/zeroaesquerda.com.br\/index.php\/2020\/03\/31\/slavoj-zizek-seria-a-barbarie-com-rosto-humano-nosso-rumo\/"]}]},{"@type":"ImageObject","inLanguage":"pt-BR","@id":"https:\/\/zeroaesquerda.com.br\/index.php\/2020\/03\/31\/slavoj-zizek-seria-a-barbarie-com-rosto-humano-nosso-rumo\/#primaryimage","url":"https:\/\/tradutoresproletarios.files.wordpress.com\/2020\/03\/sla_01.jpg","contentUrl":"https:\/\/tradutoresproletarios.files.wordpress.com\/2020\/03\/sla_01.jpg"},{"@type":"BreadcrumbList","@id":"https:\/\/zeroaesquerda.com.br\/index.php\/2020\/03\/31\/slavoj-zizek-seria-a-barbarie-com-rosto-humano-nosso-rumo\/#breadcrumb","itemListElement":[{"@type":"ListItem","position":1,"name":"In\u00edcio","item":"https:\/\/zeroaesquerda.com.br\/"},{"@type":"ListItem","position":2,"name":"Seria a barb\u00e1rie com rosto humano nosso rumo? \u2014 Slavoj \u017di\u017eek"}]},{"@type":"WebSite","@id":"https:\/\/zeroaesquerda.com.br\/#website","url":"https:\/\/zeroaesquerda.com.br\/","name":"Zero \u00e0 Esquerda","description":"Tra\u00e7ando tend\u00eancias para al\u00e9m do capitalismo.","publisher":{"@id":"https:\/\/zeroaesquerda.com.br\/#organization"},"potentialAction":[{"@type":"SearchAction","target":{"@type":"EntryPoint","urlTemplate":"https:\/\/zeroaesquerda.com.br\/?s={search_term_string}"},"query-input":{"@type":"PropertyValueSpecification","valueRequired":true,"valueName":"search_term_string"}}],"inLanguage":"pt-BR"},{"@type":"Organization","@id":"https:\/\/zeroaesquerda.com.br\/#organization","name":"Zero \u00e0 Esquerda","url":"https:\/\/zeroaesquerda.com.br\/","logo":{"@type":"ImageObject","inLanguage":"pt-BR","@id":"https:\/\/zeroaesquerda.com.br\/#\/schema\/logo\/image\/","url":"https:\/\/zeroaesquerda.com.br\/wp-content\/uploads\/2021\/01\/4-simbolo-zero-a-esquerda-favicon-alt.png","contentUrl":"https:\/\/zeroaesquerda.com.br\/wp-content\/uploads\/2021\/01\/4-simbolo-zero-a-esquerda-favicon-alt.png","width":1271,"height":1069,"caption":"Zero \u00e0 Esquerda"},"image":{"@id":"https:\/\/zeroaesquerda.com.br\/#\/schema\/logo\/image\/"},"sameAs":["https:\/\/www.facebook.com\/revistazeroaesquerda","https:\/\/x.com\/z3roaesquerda","https:\/\/www.instagram.com\/revistazeroaesquerda\/","https:\/\/www.youtube.com\/channel\/UCIaGx271Qw6D1QwqYBojrLw"]},{"@type":"Person","@id":"https:\/\/zeroaesquerda.com.br\/#\/schema\/person\/04e72095a4fbe77f00c7b047955ed0b8","name":"Zero \u00e0 Esquerda","image":{"@type":"ImageObject","inLanguage":"pt-BR","@id":"https:\/\/secure.gravatar.com\/avatar\/a417d8eccb1cec435aa9a93213f41ee528a636232351421dedc4ada2160b3f1b?s=96&d=mm&r=g","url":"https:\/\/secure.gravatar.com\/avatar\/a417d8eccb1cec435aa9a93213f41ee528a636232351421dedc4ada2160b3f1b?s=96&d=mm&r=g","contentUrl":"https:\/\/secure.gravatar.com\/avatar\/a417d8eccb1cec435aa9a93213f41ee528a636232351421dedc4ada2160b3f1b?s=96&d=mm&r=g","caption":"Zero \u00e0 Esquerda"},"description":"Tra\u00e7ando tend\u00eancias para al\u00e9m do capitalismo.","sameAs":["http:\/\/zeroaesquerda.com.br"],"url":"https:\/\/zeroaesquerda.com.br\/index.php\/author\/revistazeroaesquerdagmail-com\/"}]}},"_links":{"self":[{"href":"https:\/\/zeroaesquerda.com.br\/index.php\/wp-json\/wp\/v2\/posts\/462","targetHints":{"allow":["GET"]}}],"collection":[{"href":"https:\/\/zeroaesquerda.com.br\/index.php\/wp-json\/wp\/v2\/posts"}],"about":[{"href":"https:\/\/zeroaesquerda.com.br\/index.php\/wp-json\/wp\/v2\/types\/post"}],"author":[{"embeddable":true,"href":"https:\/\/zeroaesquerda.com.br\/index.php\/wp-json\/wp\/v2\/users\/1"}],"replies":[{"embeddable":true,"href":"https:\/\/zeroaesquerda.com.br\/index.php\/wp-json\/wp\/v2\/comments?post=462"}],"version-history":[{"count":1,"href":"https:\/\/zeroaesquerda.com.br\/index.php\/wp-json\/wp\/v2\/posts\/462\/revisions"}],"predecessor-version":[{"id":1136,"href":"https:\/\/zeroaesquerda.com.br\/index.php\/wp-json\/wp\/v2\/posts\/462\/revisions\/1136"}],"wp:attachment":[{"href":"https:\/\/zeroaesquerda.com.br\/index.php\/wp-json\/wp\/v2\/media?parent=462"}],"wp:term":[{"taxonomy":"category","embeddable":true,"href":"https:\/\/zeroaesquerda.com.br\/index.php\/wp-json\/wp\/v2\/categories?post=462"},{"taxonomy":"post_tag","embeddable":true,"href":"https:\/\/zeroaesquerda.com.br\/index.php\/wp-json\/wp\/v2\/tags?post=462"}],"curies":[{"name":"wp","href":"https:\/\/api.w.org\/{rel}","templated":true}]}}