{"id":455,"date":"2020-03-25T20:54:55","date_gmt":"2020-03-25T23:54:55","guid":{"rendered":"https:\/\/tradutoresproletarios.wordpress.com\/?p=455"},"modified":"2021-01-23T05:22:56","modified_gmt":"2021-01-23T05:22:56","slug":"coronavirus-e-malthusianismo-politicas-de-disputas-nos-tempos-de-pandemias","status":"publish","type":"post","link":"https:\/\/zeroaesquerda.com.br\/index.php\/2020\/03\/25\/coronavirus-e-malthusianismo-politicas-de-disputas-nos-tempos-de-pandemias\/","title":{"rendered":"Coronav\u00edrus e malthusianismo: Pol\u00edticas de disputas nos tempos de pandemias \u2014 Sandro Mezzadra"},"content":{"rendered":"<p><span style=\"font-weight:400;\"><img loading=\"lazy\" decoding=\"async\" class=\"alignnone size-full wp-image-457\" src=\"https:\/\/tradutoresproletarios.files.wordpress.com\/2020\/03\/malthusbolsos.jpg\" alt=\"malthusbolsos\" width=\"2121\" height=\"1414\"><\/span><\/p>\n<p><em>A Pandemia de Coronav\u00edrus mostrou a fragilidade de nossa ordem econ\u00f4mica e pol\u00edtica corrente. Encarando isso, governos ao redor do mundo insistem em uma forma de \u201cMalthusianismo\u201d, sem falar nos conservadores alinhados a Boris Johnson. Mas, como Sandro Mezzadra argumenta, isso tamb\u00e9m pode oferecer novos espa\u00e7os para solidariedade:<br \/>\n<\/em><\/p>\n<hr>\n<p><span style=\"font-weight:400;\"><br \/>\nUma espera prolongada na farm\u00e1cia, uma longa fila antes de entrar em um supermercado. Experi\u00eancias como essas, cada dia mais comuns, podem nos ajudar a ver como a propaga\u00e7\u00e3o do Coronav\u00edrus est\u00e1 transformando nossa sociedade. Ainda, mais precisamente, a pandemia global e as medidas adotadas pelo governo italiano para tentar reagir, est\u00e3o, de fato, meramente exacerbando tend\u00eancias que j\u00e1 existiam h\u00e1 algum tempo. D\u00e9cadas recentes, dominadas pela pol\u00edtica do medo, deixaram sua marca. <\/span><span style=\"font-weight:400;\">Isso<\/span> <span style=\"font-weight:400;\">pode ser <\/span><span style=\"font-weight:400;\">visto<\/span> <span style=\"font-weight:400;\">no medo corrente de contato f\u00edsico, ou nos olhares suspeitos que guardam a \u201cdist\u00e2ncia segura\u201d entre as pessoas. Sem d\u00favida, tal ansiedade de controle fortalece os poderes que dominam nossas vidas, e vale a pena nos lembrarmos que, uma vez que medidas governamentais como essas s\u00e3o tomadas, elas se tornam parte do arsenal da possibilidade pol\u00edtica. Ainda, outras imagens emergiram tamb\u00e9m, umas com conota\u00e7\u00f5es profundamente diferentes. Pessoas nas ruas sorriem umas para as outras, m\u00fasica \u00e9 tocada em sacadas, e um senso de solidariedade cerca n\u00e3o apenas m\u00e9dicos e enfermeiras, mas tamb\u00e9m trabalhadores de f\u00e1bricas em greve para defender a seguran\u00e7a da sa\u00fade oferecida via suas condi\u00e7\u00f5es de trabalho.<\/span><\/p>\n<p><span style=\"font-weight:400;\">Dentro do reino variado de movimentos sociais e da Esquerda, discuss\u00f5es parecem estar focando no primeiro aspecto, nomeadamente, o recrudescimento de mecanismos de controle em tempos de emerg\u00eancia. Mesmo al\u00e9m das opini\u00f5es expressas por fil\u00f3sofos bem conhecidos, que est\u00e3o se tornando experts em virologia e epidemiologia, uma esp\u00e9cie de ceticismo parece prevalecer sobre a atual severidade do COVID-19. Parece-me que essa atitude \u00e9 enganadora. Ao inv\u00e9s disso, uma discuss\u00e3o deveria come\u00e7ar do fato de que, posto de modo simples, a propaga\u00e7\u00e3o do Coronav\u00edrus coloca uma amea\u00e7a \u00e0 sa\u00fade e \u00e0 vida de milh\u00f5es de pessoas (primariamente os mais velhos e outros indiv\u00edduos em risco), e tamb\u00e9m \u00e0 pr\u00f3pria sobreviv\u00eancia do sistema de sa\u00fade. Eu n\u00e3o penso que deve haver alguma d\u00favida sobre esse ponto. Ainda, se esse \u00e9 o caso, Coronav\u00edrus \u00e9 uma amea\u00e7a a algo essencial, ao \u201ccomum\u201d. A epidemia corrente mostra a fragilidade e precariedade de tal \u201ccomum\u201d (bem como de nossas pr\u00f3prias vidas), juntamente com a necessidade de \u201ccuidado\u201d \u2013 algo destacado em particular pelos debates feministas dos anos recentes. Mas, sem esquecer o alto controle (?) da situa\u00e7\u00e3o presente, \u00e9 essa \u00faltima, igualmente essencial, perspectiva que eu quero desenvolver para pensarmos sobre o que est\u00e1 ocorrendo neste momento na It\u00e1lia, na Europa e no Mundo.<\/span><\/p>\n<p><span style=\"font-weight:400;\">Os efeitos econ\u00f4micos do Coronav\u00edrus n\u00e3o t\u00eam precedentes. Pela primeira vez em d\u00e9cadas uma crise cuja origem est\u00e1 na \u201ceconomia real\u201d atingiu violentamente os mercados financeiros globais, resultando em perdas sem paralelo. Em rela\u00e7\u00e3o ao capitalismo global, uma met\u00e1fora de \u201cobstru\u00e7\u00e3o\u201d parece ser a mais apta em ilustrar a situa\u00e7\u00e3o presente. Como em um espelho, a crise reflete a imagem invertida do capitalismo, cujos circuitos de valoriza\u00e7\u00e3o e acumula\u00e7\u00e3o dependem do incans\u00e1vel movimento do capital, commodities, e pessoas. Correntes de fornecimento, as conex\u00f5es que constituem a log\u00edstica e o esqueleto infraestrutural da globaliza\u00e7\u00e3o capitalista, hoje parecem estar bloqueadas a um n\u00edvel consider\u00e1vel.&nbsp; <\/span><span style=\"font-weight:400;\">Os pre\u00e7os do mercado de a\u00e7\u00f5es<\/span><span style=\"font-weight:400;\"> \u2013 que por algum tempo dirigiram a extens\u00e3o das correntes de fornecimento e suas redes de corredores conectadas, zonas especiais, e hubs \u2013 est\u00e3o sendo for\u00e7adas a registrar tal bloqueio.<\/span><\/p>\n<p><span style=\"font-weight:400;\">N\u00e3o \u00e9 errado dizer que a pandemia atual atingiu um ponto de n\u00e3o retorno no desenvolvimento do capitalismo global. Eu n\u00e3o estou, de modo algum, entrando em fantasias apocal\u00edpticas. <\/span><span style=\"font-weight:400;\">O <\/span><span style=\"font-weight:400;\">capitalismo certamente continuar\u00e1 a existir depois do Coronav\u00edrus, mas ser\u00e1 uma vers\u00e3o profundamente diferente das que temos visto no passado recente \u2013 embora j\u00e1 tenha mostrado algumas mudan\u00e7as radicais que se originaram da crise financeira de 2007-2008. Penso que dever\u00edamos come\u00e7ar a partir disso, com refer\u00eancia a um n\u00edvel global, para entendermos o que est\u00e1 acontecendo na It\u00e1lia. No momento, It\u00e1lia \u00e9 um \u201claborat\u00f3rio\u201d, embora em termos bem diferentes do que ocorreu em um passado n\u00e3o t\u00e3o distante.<\/span><\/p>\n<p><span style=\"font-weight:400;\">Correndo o risco de simplificarmos, poderia ser dito que atualmente h\u00e1 duas alternativas bem definidas tomando forma em resposta \u00e0 crise. De um lado, h\u00e1 a resposta \u201cMalthusiana\u201d \u2013 essencialmente inspirada pelo darwinismo social \u2013 que encontra seu exemplo na \u00e1xis Johnson-Trump-Bolsonaro. De outro, h\u00e1 a emerg\u00eancia de uma resposta alternativa que mira na requalifica\u00e7\u00e3o do sistema p\u00fablica de sa\u00fade como o instrumento fundamental para reagir \u00e0 crise presente \u2013 aqui, exemplos muito diferentes s\u00e3o fornecidos pela China, Cor\u00e9ia do Sul e It\u00e1lia. No primeiro caso, milhares de mortes entre a popula\u00e7\u00e3o s\u00e3o vistas como uma forma de sele\u00e7\u00e3o natural; no segundo caso, por raz\u00f5es que s\u00e3o em grande medida contingentes, a quest\u00e3o parece ser que \u201ca sociedade deve ser defendida\u201d, com graus variados de autoritarismo e controle social.<\/span><\/p>\n<p><span style=\"font-weight:400;\">Para esclarecer: de modo algum estou apoiando as medidas tomadas pelo governo italiano. Prefiro limitar-se a dizer que agora, globalmente, h\u00e1 um conflito em curso que trar\u00e1 consequ\u00eancias cr\u00edticas n\u00e3o apenas para o futuro do capitalismo mas tamb\u00e9m \u2013 o que \u00e9 a mesma coisa, no fim das contas \u2013 nossas pr\u00f3prias vidas. Essa luta afeta pa\u00edses como o Reino Unido, os Estados Unidos e o Brasil, cujos governos apoiam as solu\u00e7\u00f5es \u201cMalthusianas\u201d, j\u00e1 que resist\u00eancias s\u00e3o firmes e arraigadas pol\u00edtica e socialmente. Mas tamb\u00e9m afeta pa\u00edses como a It\u00e1lia, onde tal luta \u00e9 expressa pela recusa dos trabalhadores em aceitar as op\u00e7\u00f5es da Confindustria (a Federa\u00e7\u00e3o dos Empregadores Italianos e a Federa\u00e7\u00e3o Industrial Italiana) e sacrificar a si mesmos \u00e0 supremacia da produ\u00e7\u00e3o. De modo mais geral, a administra\u00e7\u00e3o do Coronav\u00edrus aparece como um campo crucial de conflito. Apenas a intensifica\u00e7\u00e3o de disputas sociais, agora e nos pr\u00f3ximos meses, pode dar lugar a espa\u00e7os de democracia e \u201ccuidado\u201d do comum. Isso se aplica \u00e0 It\u00e1lia n\u00e3o menos que aos Estados Unidos.<\/span><\/p>\n<p><span style=\"font-weight:400;\">H\u00e1 um n\u00famero de cen\u00e1rios que podem emergir no futuro pr\u00f3ximo, e vale a pena analisar as condi\u00e7\u00f5es que podem permitir que eles aconte\u00e7am. O valor fundamental do sistema p\u00fablico de sa\u00fade, ou o direito social ao cuidado \u00e0 sa\u00fade, \u00e9 um elemento que n\u00e3o pode realmente ser questionado. Significa que, pelo menos por enquanto, ser\u00e1 dif\u00edcil propor mais cortes e pode ser bem poss\u00edvel que uma nova temporada de investimentos se inicie, especialmente por conta da press\u00e3o provocada pelos trabalhadores da sa\u00fade. Espera-se que o mesmo possa acontecer com a educa\u00e7\u00e3o tamb\u00e9m, embora, \u00e9 claro, ser\u00e1 necess\u00e1rio confrontar as mudan\u00e7as que ocorreram nas \u00faltimas semanas para impedir que se tornem condi\u00e7\u00f5es permanentes (come\u00e7ando pelo uso de educa\u00e7\u00e3o online). Assim como em toda crise, o peso do trabalho de cuidados cai sobre as mulheres, ainda mesmo que a circunst\u00e2ncia cria espa\u00e7os para novas disputas e negocia\u00e7\u00f5es. As greves de trabalhadores mencionadas acima apontar \u00e0 possibilidade de novos horizontes de <\/span><span style=\"font-weight:400;\">sindicaliza\u00e7\u00e3o<\/span><span style=\"font-weight:400;\">, mesmo social, e a demanda por uma \u201crenda de quarentena\u201d. Embora pagando um enorme pre\u00e7o, as recentes revoltas prisionais na It\u00e1lia determinaram uma visibilidade renovada em um mundo que nos \u00faltimos anos tornou-se fundamentalmente opaco \u2013 elas atingiram, de todo modo, resultados significantes, ainda que parciais. Isso tamb\u00e9m est\u00e1 acontecendo em centros de deten\u00e7\u00e3o (CPR), n\u00e3o obstante diferentes tempos, onde o Coronav\u00edrus <\/span><span style=\"font-weight:400;\">interrompeu<\/span><span style=\"font-weight:400;\"> as repatria\u00e7\u00e3o <\/span><span style=\"font-weight:400;\">sen\u00e3o a deten\u00e7\u00e3o [de imigrantes].<\/span><\/p>\n<p><span style=\"font-weight:400;\">Para reiterar meu ponto: estamos lidando com cen\u00e1rios que oferecem campos espec\u00edficos de disputa e n\u00e3o meramente evolu\u00e7\u00f5es em l\u00f3gicas governamentais. De um ponto de vista metodol\u00f3gico, parece-me crucial come\u00e7ar por a\u00ed. Al\u00e9m disso, o v\u00edrus mostrou o completo car\u00e1ter ilus\u00f3rio da soberania e de seu fetichismo de fronteira. Essa \u00e9 uma boa condi\u00e7\u00e3o para abrir novamente uma reflex\u00e3o sobre a Europa. \u00c9 claro, a Uni\u00e3o Europeia ainda n\u00e3o fez muito at\u00e9 agora, agiu de modo contradit\u00f3rio, se n\u00e3o contraprodutivo. Por\u00e9m, como podemos deixar de ver que o regime de austeridade est\u00e1 finalmente caindo com seu dogma de um or\u00e7amento equilibrado? Impressionantes tamb\u00e9m s\u00e3o as tens\u00f5es \u201cobjetivas\u201d que est\u00e3o sendo descarregadas sobre o Banco Central Europeu, para que assuma o papel de credor do \u00faltimo <\/span><span style=\"font-weight:400;\">recurso<\/span><span style=\"font-weight:400;\">. Elas s\u00e3o tend\u00eancias \u201cobjetivas\u201d no sentido de que s\u00e3o independentes de uma intencionalidade pol\u00edtica, mas ainda definem as condi\u00e7\u00f5es para a reativa\u00e7\u00e3o de disputas no terreno europeu. Talvez melhor, elas enquadram as circunst\u00e2ncias a n\u00edvel europeu de uma reentrada de disputas que desenvolver-se-\u00e3o em muitas partes do continente.<\/span><\/p>\n<p><span style=\"font-weight:400;\">Para concluir, penso que a perspectiva aqui avan\u00e7ada pode nos permitir olhar para a pandemia presente focando nossa aten\u00e7\u00e3o aos espa\u00e7os de emerg\u00eancia de diferentes movimentos, disputas sociais, e \u00e0 Esquerda mesma. Como eu j\u00e1 sustentei, n\u00e3o estou subestimando a quest\u00e3o do controle, a expans\u00e3o dos poderes do estado, e o maior encorajamento \u00e0s pol\u00edticas do medo. Esses aspectos s\u00e3o evidentemente parte do cen\u00e1rio presente. Por\u00e9m, como devem ser contrapostas? Minha convic\u00e7\u00e3o \u00e9 que, para inverter o sentido presente de um \u201claborat\u00f3rio italiano\u201d, deve-se come\u00e7ar pelo \u201ccuidado\u201d do comum a que me referi no come\u00e7o deste texto. Al\u00e9m disso, \u00e9 necess\u00e1rio apreender, dentro da situa\u00e7\u00e3o presente, as ocasi\u00f5es existentes para que formemos uma pol\u00edtica de disputas mais geral nos tempos de pandemias.<\/span><\/p>\n<p><strong>Aut<\/strong><strong>or: Sandro Mezzadra<br \/>\n<\/strong><strong>Publicado&nbsp;<\/strong><strong>t<\/strong><strong>em:<\/strong> 17 de mar\u00e7o de 2020<br \/>\n<strong>Publicado originalmente no EuroNomade e&nbsp;Traduzido para o ingles por Yari Lanci<\/strong><br \/>\n<strong>Original: <\/strong>https:\/\/www.versobooks.com\/blogs\/4598-politics-of-struggles-in-the-time of-pandemic?fbclid=IwAR3r0XyahS3D-3-i7Q17gjcf-mdupcVH_pzNhfOukxIO_0Sz3IxcT6kxeng<br \/>\n<strong>Tradu\u00e7\u00e3o:&nbsp;Marcelo Marconato Magalh\u00e3es<\/strong><br \/>\n<strong>Revis\u00e3o:&nbsp;Felipe Aiello<\/strong><\/p>\n","protected":false},"excerpt":{"rendered":"<p>A Pandemia de Coronav\u00edrus mostrou a fragilidade de nossa ordem econ\u00f4mica e pol\u00edtica corrente. Encarando isso, governos ao redor do mundo insistem em uma forma de \u201cMalthusianismo\u201d, sem falar nos conservadores alinhados a Boris Johnson. Mas, como Sandro Mezzadra argumenta, isso tamb\u00e9m pode oferecer novos espa\u00e7os para solidariedade: Uma espera prolongada na farm\u00e1cia, uma longa&#8230;<\/p>\n","protected":false},"author":1,"featured_media":0,"comment_status":"closed","ping_status":"open","sticky":false,"template":"","format":"standard","meta":{"_coblocks_attr":"","_coblocks_dimensions":"","_coblocks_responsive_height":"","_coblocks_accordion_ie_support":"","om_disable_all_campaigns":false,"_monsterinsights_skip_tracking":false,"_monsterinsights_sitenote_active":false,"_monsterinsights_sitenote_note":"","_monsterinsights_sitenote_category":0,"_uf_show_specific_survey":0,"_uf_disable_surveys":false,"_kadence_starter_templates_imported_post":false,"_kad_post_transparent":"","_kad_post_title":"","_kad_post_layout":"","_kad_post_sidebar_id":"","_kad_post_content_style":"","_kad_post_vertical_padding":"","_kad_post_feature":"","_kad_post_feature_position":"","_kad_post_header":false,"_kad_post_footer":false,"_kad_post_classname":"","footnotes":""},"categories":[345,1],"tags":[],"class_list":["post-455","post","type-post","status-publish","format-standard","hentry","category-arquivo-tradutores-proletarios","category-uncategorized"],"yoast_head":"<!-- This site is optimized with the Yoast SEO plugin v27.4 - https:\/\/yoast.com\/product\/yoast-seo-wordpress\/ -->\n<title>Coronav\u00edrus e malthusianismo: Pol\u00edticas de disputas nos tempos de pandemias \u2014 Sandro Mezzadra - Zero \u00e0 Esquerda<\/title>\n<meta name=\"robots\" content=\"index, follow, max-snippet:-1, max-image-preview:large, max-video-preview:-1\" \/>\n<link rel=\"canonical\" href=\"https:\/\/zeroaesquerda.com.br\/index.php\/2020\/03\/25\/coronavirus-e-malthusianismo-politicas-de-disputas-nos-tempos-de-pandemias\/\" \/>\n<meta property=\"og:locale\" content=\"pt_BR\" \/>\n<meta property=\"og:type\" content=\"article\" \/>\n<meta property=\"og:title\" content=\"Coronav\u00edrus e malthusianismo: Pol\u00edticas de disputas nos tempos de pandemias \u2014 Sandro Mezzadra - Zero \u00e0 Esquerda\" \/>\n<meta property=\"og:description\" content=\"A Pandemia de Coronav\u00edrus mostrou a fragilidade de nossa ordem econ\u00f4mica e pol\u00edtica corrente. Encarando isso, governos ao redor do mundo insistem em uma forma de \u201cMalthusianismo\u201d, sem falar nos conservadores alinhados a Boris Johnson. Mas, como Sandro Mezzadra argumenta, isso tamb\u00e9m pode oferecer novos espa\u00e7os para solidariedade: Uma espera prolongada na farm\u00e1cia, uma longa...\" \/>\n<meta property=\"og:url\" content=\"https:\/\/zeroaesquerda.com.br\/index.php\/2020\/03\/25\/coronavirus-e-malthusianismo-politicas-de-disputas-nos-tempos-de-pandemias\/\" \/>\n<meta property=\"og:site_name\" content=\"Zero \u00e0 Esquerda\" \/>\n<meta property=\"article:publisher\" content=\"https:\/\/www.facebook.com\/revistazeroaesquerda\" \/>\n<meta property=\"article:published_time\" content=\"2020-03-25T23:54:55+00:00\" \/>\n<meta property=\"article:modified_time\" content=\"2021-01-23T05:22:56+00:00\" \/>\n<meta property=\"og:image\" content=\"https:\/\/tradutoresproletarios.files.wordpress.com\/2020\/03\/malthusbolsos.jpg\" \/>\n<meta name=\"author\" content=\"Zero \u00e0 Esquerda\" \/>\n<meta name=\"twitter:card\" content=\"summary_large_image\" \/>\n<meta name=\"twitter:creator\" content=\"@z3roaesquerda\" \/>\n<meta name=\"twitter:site\" content=\"@z3roaesquerda\" \/>\n<meta name=\"twitter:label1\" content=\"Escrito por\" \/>\n\t<meta name=\"twitter:data1\" content=\"Zero \u00e0 Esquerda\" \/>\n\t<meta name=\"twitter:label2\" content=\"Est. tempo de leitura\" \/>\n\t<meta name=\"twitter:data2\" content=\"9 minutos\" \/>\n<script type=\"application\/ld+json\" class=\"yoast-schema-graph\">{\"@context\":\"https:\\\/\\\/schema.org\",\"@graph\":[{\"@type\":\"Article\",\"@id\":\"https:\\\/\\\/zeroaesquerda.com.br\\\/index.php\\\/2020\\\/03\\\/25\\\/coronavirus-e-malthusianismo-politicas-de-disputas-nos-tempos-de-pandemias\\\/#article\",\"isPartOf\":{\"@id\":\"https:\\\/\\\/zeroaesquerda.com.br\\\/index.php\\\/2020\\\/03\\\/25\\\/coronavirus-e-malthusianismo-politicas-de-disputas-nos-tempos-de-pandemias\\\/\"},\"author\":{\"name\":\"Zero \u00e0 Esquerda\",\"@id\":\"https:\\\/\\\/zeroaesquerda.com.br\\\/#\\\/schema\\\/person\\\/04e72095a4fbe77f00c7b047955ed0b8\"},\"headline\":\"Coronav\u00edrus e malthusianismo: Pol\u00edticas de disputas nos tempos de pandemias \u2014 Sandro Mezzadra\",\"datePublished\":\"2020-03-25T23:54:55+00:00\",\"dateModified\":\"2021-01-23T05:22:56+00:00\",\"mainEntityOfPage\":{\"@id\":\"https:\\\/\\\/zeroaesquerda.com.br\\\/index.php\\\/2020\\\/03\\\/25\\\/coronavirus-e-malthusianismo-politicas-de-disputas-nos-tempos-de-pandemias\\\/\"},\"wordCount\":1767,\"publisher\":{\"@id\":\"https:\\\/\\\/zeroaesquerda.com.br\\\/#organization\"},\"image\":{\"@id\":\"https:\\\/\\\/zeroaesquerda.com.br\\\/index.php\\\/2020\\\/03\\\/25\\\/coronavirus-e-malthusianismo-politicas-de-disputas-nos-tempos-de-pandemias\\\/#primaryimage\"},\"thumbnailUrl\":\"https:\\\/\\\/tradutoresproletarios.files.wordpress.com\\\/2020\\\/03\\\/malthusbolsos.jpg\",\"articleSection\":[\"Arquivo (Tradutores Prolet\u00e1rios)\",\"Uncategorized\"],\"inLanguage\":\"pt-BR\"},{\"@type\":\"WebPage\",\"@id\":\"https:\\\/\\\/zeroaesquerda.com.br\\\/index.php\\\/2020\\\/03\\\/25\\\/coronavirus-e-malthusianismo-politicas-de-disputas-nos-tempos-de-pandemias\\\/\",\"url\":\"https:\\\/\\\/zeroaesquerda.com.br\\\/index.php\\\/2020\\\/03\\\/25\\\/coronavirus-e-malthusianismo-politicas-de-disputas-nos-tempos-de-pandemias\\\/\",\"name\":\"Coronav\u00edrus e malthusianismo: Pol\u00edticas de disputas nos tempos de pandemias \u2014 Sandro Mezzadra - Zero \u00e0 Esquerda\",\"isPartOf\":{\"@id\":\"https:\\\/\\\/zeroaesquerda.com.br\\\/#website\"},\"primaryImageOfPage\":{\"@id\":\"https:\\\/\\\/zeroaesquerda.com.br\\\/index.php\\\/2020\\\/03\\\/25\\\/coronavirus-e-malthusianismo-politicas-de-disputas-nos-tempos-de-pandemias\\\/#primaryimage\"},\"image\":{\"@id\":\"https:\\\/\\\/zeroaesquerda.com.br\\\/index.php\\\/2020\\\/03\\\/25\\\/coronavirus-e-malthusianismo-politicas-de-disputas-nos-tempos-de-pandemias\\\/#primaryimage\"},\"thumbnailUrl\":\"https:\\\/\\\/tradutoresproletarios.files.wordpress.com\\\/2020\\\/03\\\/malthusbolsos.jpg\",\"datePublished\":\"2020-03-25T23:54:55+00:00\",\"dateModified\":\"2021-01-23T05:22:56+00:00\",\"breadcrumb\":{\"@id\":\"https:\\\/\\\/zeroaesquerda.com.br\\\/index.php\\\/2020\\\/03\\\/25\\\/coronavirus-e-malthusianismo-politicas-de-disputas-nos-tempos-de-pandemias\\\/#breadcrumb\"},\"inLanguage\":\"pt-BR\",\"potentialAction\":[{\"@type\":\"ReadAction\",\"target\":[\"https:\\\/\\\/zeroaesquerda.com.br\\\/index.php\\\/2020\\\/03\\\/25\\\/coronavirus-e-malthusianismo-politicas-de-disputas-nos-tempos-de-pandemias\\\/\"]}]},{\"@type\":\"ImageObject\",\"inLanguage\":\"pt-BR\",\"@id\":\"https:\\\/\\\/zeroaesquerda.com.br\\\/index.php\\\/2020\\\/03\\\/25\\\/coronavirus-e-malthusianismo-politicas-de-disputas-nos-tempos-de-pandemias\\\/#primaryimage\",\"url\":\"https:\\\/\\\/tradutoresproletarios.files.wordpress.com\\\/2020\\\/03\\\/malthusbolsos.jpg\",\"contentUrl\":\"https:\\\/\\\/tradutoresproletarios.files.wordpress.com\\\/2020\\\/03\\\/malthusbolsos.jpg\"},{\"@type\":\"BreadcrumbList\",\"@id\":\"https:\\\/\\\/zeroaesquerda.com.br\\\/index.php\\\/2020\\\/03\\\/25\\\/coronavirus-e-malthusianismo-politicas-de-disputas-nos-tempos-de-pandemias\\\/#breadcrumb\",\"itemListElement\":[{\"@type\":\"ListItem\",\"position\":1,\"name\":\"In\u00edcio\",\"item\":\"https:\\\/\\\/zeroaesquerda.com.br\\\/\"},{\"@type\":\"ListItem\",\"position\":2,\"name\":\"Coronav\u00edrus e malthusianismo: Pol\u00edticas de disputas nos tempos de pandemias \u2014 Sandro Mezzadra\"}]},{\"@type\":\"WebSite\",\"@id\":\"https:\\\/\\\/zeroaesquerda.com.br\\\/#website\",\"url\":\"https:\\\/\\\/zeroaesquerda.com.br\\\/\",\"name\":\"Zero \u00e0 Esquerda\",\"description\":\"Tra\u00e7ando tend\u00eancias para al\u00e9m do capitalismo.\",\"publisher\":{\"@id\":\"https:\\\/\\\/zeroaesquerda.com.br\\\/#organization\"},\"potentialAction\":[{\"@type\":\"SearchAction\",\"target\":{\"@type\":\"EntryPoint\",\"urlTemplate\":\"https:\\\/\\\/zeroaesquerda.com.br\\\/?s={search_term_string}\"},\"query-input\":{\"@type\":\"PropertyValueSpecification\",\"valueRequired\":true,\"valueName\":\"search_term_string\"}}],\"inLanguage\":\"pt-BR\"},{\"@type\":\"Organization\",\"@id\":\"https:\\\/\\\/zeroaesquerda.com.br\\\/#organization\",\"name\":\"Zero \u00e0 Esquerda\",\"url\":\"https:\\\/\\\/zeroaesquerda.com.br\\\/\",\"logo\":{\"@type\":\"ImageObject\",\"inLanguage\":\"pt-BR\",\"@id\":\"https:\\\/\\\/zeroaesquerda.com.br\\\/#\\\/schema\\\/logo\\\/image\\\/\",\"url\":\"https:\\\/\\\/zeroaesquerda.com.br\\\/wp-content\\\/uploads\\\/2021\\\/01\\\/4-simbolo-zero-a-esquerda-favicon-alt.png\",\"contentUrl\":\"https:\\\/\\\/zeroaesquerda.com.br\\\/wp-content\\\/uploads\\\/2021\\\/01\\\/4-simbolo-zero-a-esquerda-favicon-alt.png\",\"width\":1271,\"height\":1069,\"caption\":\"Zero \u00e0 Esquerda\"},\"image\":{\"@id\":\"https:\\\/\\\/zeroaesquerda.com.br\\\/#\\\/schema\\\/logo\\\/image\\\/\"},\"sameAs\":[\"https:\\\/\\\/www.facebook.com\\\/revistazeroaesquerda\",\"https:\\\/\\\/x.com\\\/z3roaesquerda\",\"https:\\\/\\\/www.instagram.com\\\/revistazeroaesquerda\\\/\",\"https:\\\/\\\/www.youtube.com\\\/channel\\\/UCIaGx271Qw6D1QwqYBojrLw\"]},{\"@type\":\"Person\",\"@id\":\"https:\\\/\\\/zeroaesquerda.com.br\\\/#\\\/schema\\\/person\\\/04e72095a4fbe77f00c7b047955ed0b8\",\"name\":\"Zero \u00e0 Esquerda\",\"image\":{\"@type\":\"ImageObject\",\"inLanguage\":\"pt-BR\",\"@id\":\"https:\\\/\\\/secure.gravatar.com\\\/avatar\\\/a417d8eccb1cec435aa9a93213f41ee528a636232351421dedc4ada2160b3f1b?s=96&d=mm&r=g\",\"url\":\"https:\\\/\\\/secure.gravatar.com\\\/avatar\\\/a417d8eccb1cec435aa9a93213f41ee528a636232351421dedc4ada2160b3f1b?s=96&d=mm&r=g\",\"contentUrl\":\"https:\\\/\\\/secure.gravatar.com\\\/avatar\\\/a417d8eccb1cec435aa9a93213f41ee528a636232351421dedc4ada2160b3f1b?s=96&d=mm&r=g\",\"caption\":\"Zero \u00e0 Esquerda\"},\"description\":\"Tra\u00e7ando tend\u00eancias para al\u00e9m do capitalismo.\",\"sameAs\":[\"http:\\\/\\\/zeroaesquerda.com.br\"],\"url\":\"https:\\\/\\\/zeroaesquerda.com.br\\\/index.php\\\/author\\\/revistazeroaesquerdagmail-com\\\/\"}]}<\/script>\n<!-- \/ Yoast SEO plugin. -->","yoast_head_json":{"title":"Coronav\u00edrus e malthusianismo: Pol\u00edticas de disputas nos tempos de pandemias \u2014 Sandro Mezzadra - Zero \u00e0 Esquerda","robots":{"index":"index","follow":"follow","max-snippet":"max-snippet:-1","max-image-preview":"max-image-preview:large","max-video-preview":"max-video-preview:-1"},"canonical":"https:\/\/zeroaesquerda.com.br\/index.php\/2020\/03\/25\/coronavirus-e-malthusianismo-politicas-de-disputas-nos-tempos-de-pandemias\/","og_locale":"pt_BR","og_type":"article","og_title":"Coronav\u00edrus e malthusianismo: Pol\u00edticas de disputas nos tempos de pandemias \u2014 Sandro Mezzadra - Zero \u00e0 Esquerda","og_description":"A Pandemia de Coronav\u00edrus mostrou a fragilidade de nossa ordem econ\u00f4mica e pol\u00edtica corrente. Encarando isso, governos ao redor do mundo insistem em uma forma de \u201cMalthusianismo\u201d, sem falar nos conservadores alinhados a Boris Johnson. Mas, como Sandro Mezzadra argumenta, isso tamb\u00e9m pode oferecer novos espa\u00e7os para solidariedade: Uma espera prolongada na farm\u00e1cia, uma longa...","og_url":"https:\/\/zeroaesquerda.com.br\/index.php\/2020\/03\/25\/coronavirus-e-malthusianismo-politicas-de-disputas-nos-tempos-de-pandemias\/","og_site_name":"Zero \u00e0 Esquerda","article_publisher":"https:\/\/www.facebook.com\/revistazeroaesquerda","article_published_time":"2020-03-25T23:54:55+00:00","article_modified_time":"2021-01-23T05:22:56+00:00","og_image":[{"url":"https:\/\/tradutoresproletarios.files.wordpress.com\/2020\/03\/malthusbolsos.jpg","type":"","width":"","height":""}],"author":"Zero \u00e0 Esquerda","twitter_card":"summary_large_image","twitter_creator":"@z3roaesquerda","twitter_site":"@z3roaesquerda","twitter_misc":{"Escrito por":"Zero \u00e0 Esquerda","Est. tempo de leitura":"9 minutos"},"schema":{"@context":"https:\/\/schema.org","@graph":[{"@type":"Article","@id":"https:\/\/zeroaesquerda.com.br\/index.php\/2020\/03\/25\/coronavirus-e-malthusianismo-politicas-de-disputas-nos-tempos-de-pandemias\/#article","isPartOf":{"@id":"https:\/\/zeroaesquerda.com.br\/index.php\/2020\/03\/25\/coronavirus-e-malthusianismo-politicas-de-disputas-nos-tempos-de-pandemias\/"},"author":{"name":"Zero \u00e0 Esquerda","@id":"https:\/\/zeroaesquerda.com.br\/#\/schema\/person\/04e72095a4fbe77f00c7b047955ed0b8"},"headline":"Coronav\u00edrus e malthusianismo: Pol\u00edticas de disputas nos tempos de pandemias \u2014 Sandro Mezzadra","datePublished":"2020-03-25T23:54:55+00:00","dateModified":"2021-01-23T05:22:56+00:00","mainEntityOfPage":{"@id":"https:\/\/zeroaesquerda.com.br\/index.php\/2020\/03\/25\/coronavirus-e-malthusianismo-politicas-de-disputas-nos-tempos-de-pandemias\/"},"wordCount":1767,"publisher":{"@id":"https:\/\/zeroaesquerda.com.br\/#organization"},"image":{"@id":"https:\/\/zeroaesquerda.com.br\/index.php\/2020\/03\/25\/coronavirus-e-malthusianismo-politicas-de-disputas-nos-tempos-de-pandemias\/#primaryimage"},"thumbnailUrl":"https:\/\/tradutoresproletarios.files.wordpress.com\/2020\/03\/malthusbolsos.jpg","articleSection":["Arquivo (Tradutores Prolet\u00e1rios)","Uncategorized"],"inLanguage":"pt-BR"},{"@type":"WebPage","@id":"https:\/\/zeroaesquerda.com.br\/index.php\/2020\/03\/25\/coronavirus-e-malthusianismo-politicas-de-disputas-nos-tempos-de-pandemias\/","url":"https:\/\/zeroaesquerda.com.br\/index.php\/2020\/03\/25\/coronavirus-e-malthusianismo-politicas-de-disputas-nos-tempos-de-pandemias\/","name":"Coronav\u00edrus e malthusianismo: Pol\u00edticas de disputas nos tempos de pandemias \u2014 Sandro Mezzadra - Zero \u00e0 Esquerda","isPartOf":{"@id":"https:\/\/zeroaesquerda.com.br\/#website"},"primaryImageOfPage":{"@id":"https:\/\/zeroaesquerda.com.br\/index.php\/2020\/03\/25\/coronavirus-e-malthusianismo-politicas-de-disputas-nos-tempos-de-pandemias\/#primaryimage"},"image":{"@id":"https:\/\/zeroaesquerda.com.br\/index.php\/2020\/03\/25\/coronavirus-e-malthusianismo-politicas-de-disputas-nos-tempos-de-pandemias\/#primaryimage"},"thumbnailUrl":"https:\/\/tradutoresproletarios.files.wordpress.com\/2020\/03\/malthusbolsos.jpg","datePublished":"2020-03-25T23:54:55+00:00","dateModified":"2021-01-23T05:22:56+00:00","breadcrumb":{"@id":"https:\/\/zeroaesquerda.com.br\/index.php\/2020\/03\/25\/coronavirus-e-malthusianismo-politicas-de-disputas-nos-tempos-de-pandemias\/#breadcrumb"},"inLanguage":"pt-BR","potentialAction":[{"@type":"ReadAction","target":["https:\/\/zeroaesquerda.com.br\/index.php\/2020\/03\/25\/coronavirus-e-malthusianismo-politicas-de-disputas-nos-tempos-de-pandemias\/"]}]},{"@type":"ImageObject","inLanguage":"pt-BR","@id":"https:\/\/zeroaesquerda.com.br\/index.php\/2020\/03\/25\/coronavirus-e-malthusianismo-politicas-de-disputas-nos-tempos-de-pandemias\/#primaryimage","url":"https:\/\/tradutoresproletarios.files.wordpress.com\/2020\/03\/malthusbolsos.jpg","contentUrl":"https:\/\/tradutoresproletarios.files.wordpress.com\/2020\/03\/malthusbolsos.jpg"},{"@type":"BreadcrumbList","@id":"https:\/\/zeroaesquerda.com.br\/index.php\/2020\/03\/25\/coronavirus-e-malthusianismo-politicas-de-disputas-nos-tempos-de-pandemias\/#breadcrumb","itemListElement":[{"@type":"ListItem","position":1,"name":"In\u00edcio","item":"https:\/\/zeroaesquerda.com.br\/"},{"@type":"ListItem","position":2,"name":"Coronav\u00edrus e malthusianismo: Pol\u00edticas de disputas nos tempos de pandemias \u2014 Sandro Mezzadra"}]},{"@type":"WebSite","@id":"https:\/\/zeroaesquerda.com.br\/#website","url":"https:\/\/zeroaesquerda.com.br\/","name":"Zero \u00e0 Esquerda","description":"Tra\u00e7ando tend\u00eancias para al\u00e9m do capitalismo.","publisher":{"@id":"https:\/\/zeroaesquerda.com.br\/#organization"},"potentialAction":[{"@type":"SearchAction","target":{"@type":"EntryPoint","urlTemplate":"https:\/\/zeroaesquerda.com.br\/?s={search_term_string}"},"query-input":{"@type":"PropertyValueSpecification","valueRequired":true,"valueName":"search_term_string"}}],"inLanguage":"pt-BR"},{"@type":"Organization","@id":"https:\/\/zeroaesquerda.com.br\/#organization","name":"Zero \u00e0 Esquerda","url":"https:\/\/zeroaesquerda.com.br\/","logo":{"@type":"ImageObject","inLanguage":"pt-BR","@id":"https:\/\/zeroaesquerda.com.br\/#\/schema\/logo\/image\/","url":"https:\/\/zeroaesquerda.com.br\/wp-content\/uploads\/2021\/01\/4-simbolo-zero-a-esquerda-favicon-alt.png","contentUrl":"https:\/\/zeroaesquerda.com.br\/wp-content\/uploads\/2021\/01\/4-simbolo-zero-a-esquerda-favicon-alt.png","width":1271,"height":1069,"caption":"Zero \u00e0 Esquerda"},"image":{"@id":"https:\/\/zeroaesquerda.com.br\/#\/schema\/logo\/image\/"},"sameAs":["https:\/\/www.facebook.com\/revistazeroaesquerda","https:\/\/x.com\/z3roaesquerda","https:\/\/www.instagram.com\/revistazeroaesquerda\/","https:\/\/www.youtube.com\/channel\/UCIaGx271Qw6D1QwqYBojrLw"]},{"@type":"Person","@id":"https:\/\/zeroaesquerda.com.br\/#\/schema\/person\/04e72095a4fbe77f00c7b047955ed0b8","name":"Zero \u00e0 Esquerda","image":{"@type":"ImageObject","inLanguage":"pt-BR","@id":"https:\/\/secure.gravatar.com\/avatar\/a417d8eccb1cec435aa9a93213f41ee528a636232351421dedc4ada2160b3f1b?s=96&d=mm&r=g","url":"https:\/\/secure.gravatar.com\/avatar\/a417d8eccb1cec435aa9a93213f41ee528a636232351421dedc4ada2160b3f1b?s=96&d=mm&r=g","contentUrl":"https:\/\/secure.gravatar.com\/avatar\/a417d8eccb1cec435aa9a93213f41ee528a636232351421dedc4ada2160b3f1b?s=96&d=mm&r=g","caption":"Zero \u00e0 Esquerda"},"description":"Tra\u00e7ando tend\u00eancias para al\u00e9m do capitalismo.","sameAs":["http:\/\/zeroaesquerda.com.br"],"url":"https:\/\/zeroaesquerda.com.br\/index.php\/author\/revistazeroaesquerdagmail-com\/"}]}},"_links":{"self":[{"href":"https:\/\/zeroaesquerda.com.br\/index.php\/wp-json\/wp\/v2\/posts\/455","targetHints":{"allow":["GET"]}}],"collection":[{"href":"https:\/\/zeroaesquerda.com.br\/index.php\/wp-json\/wp\/v2\/posts"}],"about":[{"href":"https:\/\/zeroaesquerda.com.br\/index.php\/wp-json\/wp\/v2\/types\/post"}],"author":[{"embeddable":true,"href":"https:\/\/zeroaesquerda.com.br\/index.php\/wp-json\/wp\/v2\/users\/1"}],"replies":[{"embeddable":true,"href":"https:\/\/zeroaesquerda.com.br\/index.php\/wp-json\/wp\/v2\/comments?post=455"}],"version-history":[{"count":1,"href":"https:\/\/zeroaesquerda.com.br\/index.php\/wp-json\/wp\/v2\/posts\/455\/revisions"}],"predecessor-version":[{"id":1135,"href":"https:\/\/zeroaesquerda.com.br\/index.php\/wp-json\/wp\/v2\/posts\/455\/revisions\/1135"}],"wp:attachment":[{"href":"https:\/\/zeroaesquerda.com.br\/index.php\/wp-json\/wp\/v2\/media?parent=455"}],"wp:term":[{"taxonomy":"category","embeddable":true,"href":"https:\/\/zeroaesquerda.com.br\/index.php\/wp-json\/wp\/v2\/categories?post=455"},{"taxonomy":"post_tag","embeddable":true,"href":"https:\/\/zeroaesquerda.com.br\/index.php\/wp-json\/wp\/v2\/tags?post=455"}],"curies":[{"name":"wp","href":"https:\/\/api.w.org\/{rel}","templated":true}]}}