{"id":445,"date":"2020-03-17T02:26:54","date_gmt":"2020-03-17T05:26:54","guid":{"rendered":"https:\/\/tradutoresproletarios.wordpress.com\/?p=445"},"modified":"2021-05-18T13:57:16","modified_gmt":"2021-05-18T13:57:16","slug":"zizek-monitorar-e-punir-sim-por-favor","status":"publish","type":"post","link":"https:\/\/zeroaesquerda.com.br\/index.php\/2020\/03\/17\/zizek-monitorar-e-punir-sim-por-favor\/","title":{"rendered":"Monitorar e punir? Sim, por favor! \u2014 Slavoj \u017di\u017eek"},"content":{"rendered":"<p><span style=\"font-weight: 400;\">\u00a0<\/span><\/p>\n<p>Muitos comentaristas liberais e esquerdistas observaram como a epidemia do coronav\u00edrus tem servido para justificar e legitimar medidas de controle e regulamenta\u00e7\u00e3o das pessoas, medidas que, at\u00e9 agora, eram impens\u00e1veis \u200b\u200bem uma sociedade democr\u00e1tica ocidental. O bloqueio total da It\u00e1lia n\u00e3o \u00e9 o \u201csonho er\u00f3tico\u201d do totalitarismo? N\u00e3o \u00e9 de se admirar que (pelo menos do jeito que est\u00e1 agora) a China, que j\u00e1 praticou amplamente modos de controle social digitalizado, provou estar mais bem equipada para lidar com epidemias catastr\u00f3ficas. Isso significa que, pelo menos em alguns aspectos, a China \u00e9 o nosso futuro? Estamos nos aproximando de um estado de exce\u00e7\u00e3o global? As an\u00e1lises de Giorgio Agamben ganharam nova atualidade?<\/p>\n<p><span style=\"font-weight: 400;\">N\u00e3o \u00e9 de surpreender que o <\/span><a href=\"http:\/\/positionswebsite.org\/giorgio-agamben-the-state-of-exception-provoked-by-an-unmotivated-emergency\/\"><span style=\"font-weight: 400;\">pr\u00f3prio Agamben tenha chegado a essa conclus\u00e3o<\/span><\/a><span style=\"font-weight: 400;\">: ele reagiu \u00e0 epidemia do coronav\u00edrus de uma maneira radicalmente diferente da maioria dos comentaristas. Ele deplorou as \u201cmedidas de emerg\u00eancia fren\u00e9ticas, irracionais e absolutamente injustificadas adotadas para uma suposta epidemia de coronav\u00edrus\u201d, que \u00e9 apenas outra vers\u00e3o da gripe, e perguntou: \u201cPor que a m\u00eddia e as autoridades fazem todo o poss\u00edvel para criar um clima de p\u00e2nico, provocando assim um verdadeiro estado de exce\u00e7\u00e3o, com severas limita\u00e7\u00f5es de movimento e suspens\u00e3o da vida cotidiana e atividades de trabalho para regi\u00f5es inteiras? \u201d<\/span><\/p>\n<p><span style=\"font-weight: 400;\">Agamben v\u00ea a principal raz\u00e3o dessa &#8220;resposta desproporcional&#8221; na &#8220;tend\u00eancia crescente de usar o estado de exce\u00e7\u00e3o como um paradigma de governo normal&#8221;. As medidas impostas permitem ao governo limitar seriamente nossas liberdades por decreto executivo: <\/span><b>\u201c\u00c9 evidente que todas essas restri\u00e7\u00f5es s\u00e3o desproporcionais para tratar de uma amea\u00e7a que, de acordo com a NRC, \u00e9 uma gripe normal, n\u00e3o muito diferente das que nos afetam todo ano.\/&#8230;\/ Devemos dizer que, uma vez que o terrorismo for esgotado como justificativa para medidas excepcionais, a inven\u00e7\u00e3o de uma epidemia poderia oferecer o pretexto ideal para expandir essas medidas para al\u00e9m de qualquer limite\u201d. A segunda raz\u00e3o \u00e9 \u201cO estado de medo que nos anos recentes tem sido difundido na consci\u00eancia individual e que se traduz em uma necessidade real por estados de p\u00e2nico coletivo, nos quais a epidemia uma vez mais oferece o pretexto ideal.\u201d<\/b><\/p>\n<p><span style=\"font-weight: 400;\">Agamben est\u00e1 descrevendo um aspecto importante do funcionamento do controle estatal nas epidemias em andamento. Mas h\u00e1 quest\u00f5es que permanecem em aberto: por que o poder estatal estaria interessado em promover esse p\u00e2nico, que \u00e9 acompanhado por desconfian\u00e7a no poder estatal (\u201celes s\u00e3o impotentes, n\u00e3o est\u00e3o fazendo o suficiente\u2026\u201d) e que perturbam a reprodu\u00e7\u00e3o normal do capital? \u00c9 realmente do interesse do capital e do poder estatal desencadear uma crise econ\u00f4mica global para revigorar seu reinado? S\u00e3o claros os sinais de que, n\u00e3o apenas as pessoas comuns, mas tamb\u00e9m os poderes estatais est\u00e3o em p\u00e2nico, plenamente conscientes de n\u00e3o serem capazes de controlar a situa\u00e7\u00e3o &#8211; esses sinais s\u00e3o realmente apenas um estratagema?<\/span><\/p>\n<p><span style=\"font-weight: 400;\">A rea\u00e7\u00e3o de Agamben \u00e9 a forma extrema de uma postura generalizada da esquerda de ler o &#8220;p\u00e2nico exagerado&#8221; causado pela propaga\u00e7\u00e3o do v\u00edrus como uma mistura de exerc\u00edcios de poder de controle social e elementos de racismo total (&#8220;culpar a natureza ou a China&#8221;). No entanto, essa interpreta\u00e7\u00e3o social n\u00e3o faz desaparecer a realidade da amea\u00e7a. Essa realidade nos obriga a reduzir efetivamente nossas liberdades? Quarentenas e medidas similares, \u00e9 claro, limitam nossa liberdade, e novos Assanges s\u00e3o necess\u00e1rios aqui para revelar seus poss\u00edveis usos indevidos. Mas a amea\u00e7a de infec\u00e7\u00e3o viral tamb\u00e9m deu um tremendo impulso a novas formas de solidariedade local e global, al\u00e9m de deixar clara a necessidade de controle sobre o pr\u00f3prio poder. As pessoas t\u00eam raz\u00e3o em responsabilizar o poder do Estado: voc\u00eas t\u00eam o poder, agora mostrem o que podem fazer!<\/span><\/p>\n<p><span style=\"font-weight: 400;\">\u201cA China introduziu medidas que provavelmente a Europa Ocidental e os EUA n\u00e3o iriam tolerar, talvez em seu pr\u00f3prio preju\u00edzo. Para ser franco, \u00e9 um erro interpretar reflexivamente todas as formas de detec\u00e7\u00e3o e modelagem como &#8216;vigil\u00e2ncia&#8217; e governan\u00e7a ativa como &#8216;controle social&#8217;. Precisamos de um vocabul\u00e1rio de interven\u00e7\u00e3o diferente e com mais nuances. \u201d <\/span><a href=\"https:\/\/thephilosophicalsalon.com\/monitor-and-punish-yes-please\/?fbclid=IwAR1PP2nTs4cAJEKRqn5Rq92ClpLJZIoGeCAPQCeZvUb_SyvXFVCwuMakmcs#_edn1\"><span style=\"font-weight: 400;\">[1]<\/span><\/a><\/p>\n<p><span style=\"font-weight: 400;\">Tudo depende desse \u201cvocabul\u00e1rio mais nuan\u00e7ado\u201d: \u200b\u200bas medidas necess\u00e1rias a uma epidemia n\u00e3o devem ser automaticamente reduzidas ao paradigma usual de vigil\u00e2ncia e controle propagado por pensadores como Foucault. O que temo hoje mais do que as medidas aplicadas pela China (e It\u00e1lia e etc.) \u00e9 que elas sejam aplicadas de maneira que n\u00e3o funcione para conter a epidemia, enquanto as autoridades manipular\u00e3o e ocultar\u00e3o os dados verdadeiros.<\/span><\/p>\n<p><span style=\"font-weight: 400;\">Tanto a &#8220;alt-right&#8221; quanto a esquerda &#8220;fake&#8221; recusam-se a aceitar toda a realidade da epidemia, cada uma diluindo-a em um exerc\u00edcio de redu\u00e7\u00e3o social-construtivista, ou seja, denunciando-a em nome de seu significado social. Trump e seus partid\u00e1rios insistem repetidamente que a epidemia \u00e9 uma conspira\u00e7\u00e3o dos democratas e da China para faz\u00ea-lo perder as pr\u00f3ximas elei\u00e7\u00f5es, enquanto alguns da esquerda denunciam as medidas propostas pelos aparatos estatais e de sa\u00fade contaminados pela xenofobia e, portanto, insistem em apertar as m\u00e3os e etc. tal postura perde de vista o paradoxo: n\u00e3o apertar as m\u00e3os e ficar isolado quando necess\u00e1rio \u00c9 a forma atual de solidariedade.<\/span><\/p>\n<p><span style=\"font-weight: 400;\">Quem hoje ser\u00e1 capaz de dar um aperto de m\u00e3o e abra\u00e7ar? Os privilegiados. O <\/span><i><span style=\"font-weight: 400;\">Decameron<\/span><\/i><span style=\"font-weight: 400;\"> de <\/span><i><span style=\"font-weight: 400;\">Boccaccio<\/span><\/i><span style=\"font-weight: 400;\"> \u00e9 composto por hist\u00f3rias contadas por um grupo de sete jovens e tr\u00eas jovens abrigados em uma vila isolada nos arredores de <\/span><span style=\"font-weight: 400;\">Floren\u00e7a<\/span><span style=\"font-weight: 400;\"> para escapar da praga que afligia a cidade. A elite financeira se retirar\u00e1 para zonas isoladas e se divertir\u00e1 contando hist\u00f3rias no estilo <\/span><i><span style=\"font-weight: 400;\">Decameron<\/span><\/i><span style=\"font-weight: 400;\">. (Os ultra-ricos j\u00e1 est\u00e3o lotando avi\u00f5es particulares para pequenas ilhas exclusivas no Caribe.) N\u00f3s, pessoas comuns, que precisaremos viver com v\u00edrus, somos bombardeados pela f\u00f3rmula repetidamente intermin\u00e1vel \u201cSem p\u00e2nico! \u201d\u2026 E ent\u00e3o chegam todas as not\u00edcias que n\u00e3o podem deixar de desencadear o p\u00e2nico. A situa\u00e7\u00e3o se assemelha \u00e0 que me lembro da minha juventude em um pa\u00eds comunista: quando funcion\u00e1rios do governo garantiam ao povo que n\u00e3o havia motivo para entrar em p\u00e2nico, todos n\u00f3s tomav\u00e1mos essas garantias como sinais claros de que eles mesmos estavam em p\u00e2nico.<\/span><\/p>\n<p><span style=\"font-weight: 400;\">Mas o p\u00e2nico n\u00e3o \u00e9 uma maneira adequada de enfrentar uma amea\u00e7a real. Quando reagimos em p\u00e2nico, n\u00e3o levamos a amea\u00e7a a s\u00e9rio; n\u00f3s, pelo contr\u00e1rio, a banalizamos. Pense em qu\u00e3o rid\u00edculo \u00e9 comprar uma quantidade excessiva de rolos de papel higi\u00eanico: como se ter papel higi\u00eanico suficiente importasse em meio a uma epidemia mortal &#8230;. Ent\u00e3o, qual seria uma rea\u00e7\u00e3o apropriada \u00e0 epidemia de coronav\u00edrus? O que devemos aprender e o que devemos fazer para enfrent\u00e1-lo seriamente?<\/span><\/p>\n<p><span style=\"font-weight: 400;\">Quando sugeri que a epidemia de coronav\u00edrus poderia dar um novo impulso \u00e0 vida do comunismo, minha reivindica\u00e7\u00e3o foi, como esperado, ridicularizada. Embora pare\u00e7a que uma forte abordagem da crise pelo Estado chin\u00eas tenha funcionado &#8211; pelo menos funcionou muito melhor do que o que est\u00e1 acontecendo agora na It\u00e1lia -, a velha l\u00f3gica autorit\u00e1ria dos comunistas no poder tamb\u00e9m demonstrou claramente suas limita\u00e7\u00f5es. Uma delas era que o medo de trazer m\u00e1s not\u00edcias para os que est\u00e3o no poder (e para o p\u00fablico) supera os resultados reais. Esta foi a raz\u00e3o pela qual aqueles que primeiro informaram sobre um novo v\u00edrus foram presos e <\/span><a href=\"https:\/\/www.bloomberg.com\/news\/articles\/2020-03-01\/china-s-push-to-jump-start-economy-revives-worries-of-fake-data\"><span style=\"font-weight: 400;\">h\u00e1 relatos de<\/span><\/a><span style=\"font-weight: 400;\"> que algo semelhante est\u00e1 acontecendo agora:<\/span><\/p>\n<p><span style=\"font-weight: 400;\">\u201cA press\u00e3o para que a China volte ao trabalho ap\u00f3s o desligamento do coronav\u00edrus est\u00e1 ressuscitando uma antiga tenta\u00e7\u00e3o: manipular dados para mostrar aos altos funcion\u00e1rios o que eles querem ver. Esse fen\u00f4meno est\u00e1 ocorrendo na prov\u00edncia de Zhejiang, um centro industrial na costa leste, na forma de uso de eletricidade. Pelo menos tr\u00eas cidades estabeleceram metas de f\u00e1bricas locais para atingir o consumo de energia, porque eles est\u00e3o usando os dados para mostrar um ressurgimento da produ\u00e7\u00e3o, segundo pessoas familiarizadas com o assunto. Isso levou algumas empresas a operar m\u00e1quinas, mesmo quando suas f\u00e1bricas permanecem vazias, disseram as pessoas. \u201d<\/span><\/p>\n<p><span style=\"font-weight: 400;\">Tamb\u00e9m podemos adivinhar o que acontecer\u00e1 quando os detentores do poder perceberem essa trapa\u00e7a: os gerentes locais ser\u00e3o acusados \u200b\u200bde sabotagem e severamente punidos, reproduzindo assim o ciclo vicioso de desconfian\u00e7a &#8230;. Ser\u00e1 necess\u00e1rio aqui um Julian Assange chin\u00eas para expor ao p\u00fablico esse lado oculto de como a China est\u00e1 lidando com a epidemia. Ent\u00e3o, se este n\u00e3o \u00e9 o comunismo que tenho em mente, o que quero dizer com comunismo? Para obt\u00ea-lo, basta ler as declara\u00e7\u00f5es p\u00fablicas da OMS. <\/span><a href=\"https:\/\/edition.cnn.com\/2020\/03\/06\/asia\/coronavirus-covid-19-update-who-intl-hnk\/index.html\"><span style=\"font-weight: 400;\">Aqui est\u00e1 uma recente<\/span><\/a><span style=\"font-weight: 400;\"> :<\/span><\/p>\n<p><span style=\"font-weight: 400;\">\u201cO chefe da OMS, Dr. Tedros Adhanom Ghebreyesus, disse na quinta-feira que, embora as autoridades de sa\u00fade p\u00fablica em todo o mundo tenham a capacidade de combater com sucesso a propaga\u00e7\u00e3o do v\u00edrus, a organiza\u00e7\u00e3o est\u00e1 preocupada com o fato de que em alguns pa\u00edses o n\u00edvel de compromisso pol\u00edtico n\u00e3o corresponde ao n\u00edvel de amea\u00e7a. &#8216;Essa \u00e9 uma situa\u00e7\u00e3o seria. N\u00e3o \u00e9 hora de desistir. N\u00e3o \u00e9 hora de desculpas. Este \u00e9 um momento para retirar todas as paradas. Os pa\u00edses planejam cen\u00e1rios como esse h\u00e1 d\u00e9cadas. Agora \u00e9 a hora de agir sobre esses planos &#8216;, disse Tedros. &#8216;Esta epidemia pode ser evitada, mas apenas com uma abordagem coletiva, coordenada e abrangente que envolva todo o mecanismo do governo&#8217;. \u201d<\/span><\/p>\n<p><span style=\"font-weight: 400;\">Pode-se acrescentar que essa abordagem abrangente deve ir muito al\u00e9m da maquinaria de governos isolados: deve abranger a mobiliza\u00e7\u00e3o local de pessoas fora do controle estatal, bem como coordena\u00e7\u00e3o e colabora\u00e7\u00e3o internacionais fortes e eficientes. Se milhares forem hospitalizados por problemas respirat\u00f3rios, ser\u00e1 necess\u00e1rio um n\u00famero muito maior de m\u00e1quinas respirat\u00f3rias e, para obt\u00ea-las, o estado deve intervir diretamente da mesma maneira que interv\u00e9m em condi\u00e7\u00f5es de guerra quando milhares de armas s\u00e3o necess\u00e1rias. E deve contar com a coopera\u00e7\u00e3o de outros estados. Como em uma campanha militar, as informa\u00e7\u00f5es devem ser compartilhadas e os planos totalmente coordenados &#8211; isso \u00e9 tudo o que quero dizer com o &#8220;comunismo&#8221; necess\u00e1rio hoje, <\/span><a href=\"https:\/\/www.theguardian.com\/commentisfree\/2020\/mar\/08\/the-coronavirus-outbreak-shows-us-that-no-one-can-take-on-this-enemy-alone\"><span style=\"font-weight: 400;\">ou, como Will Hutton colocou<\/span><\/a><span style=\"font-weight: 400;\">: \u201cHoje, uma forma de globaliza\u00e7\u00e3o n\u00e3o regulamentada e de livre mercado, com sua propens\u00e3o a crises e pandemias, certamente est\u00e1 morrendo. Mas outra forma que reconhece a interdepend\u00eancia e a primazia da a\u00e7\u00e3o coletiva baseada em evid\u00eancias est\u00e1 nascendo. \u201cO que agora ainda predomina \u00e9 a posi\u00e7\u00e3o de \u201ccada pa\u00eds por si s\u00f3\u201d: \u201cexistem proibi\u00e7\u00f5es nacionais \u00e0 <\/span><a href=\"https:\/\/www.brusselstimes.com\/belgium\/98438\/coronavirus-germany-bans-export-of-medical-protective-equipment\/\"><span style=\"font-weight: 400;\">exporta\u00e7\u00e3o de produtos-chave<\/span><\/a><span style=\"font-weight: 400;\"> , como suprimentos m\u00e9dicos, com os pa\u00edses recorrendo \u00e0 sua pr\u00f3pria an\u00e1lise da crise e, em meio \u00e0 escassez localizada e desorganiza\u00e7\u00e3o, t\u00e1ticas primitivas de conten\u00e7\u00e3o .&#8221;<\/span><\/p>\n<p><span style=\"font-weight: 400;\">A epidemia de coronav\u00edrus n\u00e3o sinaliza apenas o limite da globaliza\u00e7\u00e3o do mercado, mas tamb\u00e9m o limite ainda mais fatal do populismo nacionalista, que insiste na soberania do Estado. Acabou com &#8220;Am\u00e9rica (ou quem quer que seja) primeiro!&#8221; J\u00e1 que os Estados Unidos podem ser salvos apenas atrav\u00e9s da coordena\u00e7\u00e3o e colabora\u00e7\u00e3o globais. Eu n\u00e3o sou ut\u00f3pico aqui; n\u00e3o apelo a uma solidariedade idealizada entre as pessoas. Pelo contr\u00e1rio, a presente crise demonstra claramente como a solidariedade e a coopera\u00e7\u00e3o globais s\u00e3o do interesse da sobreviv\u00eancia de cada um de n\u00f3s, que \u00e9 a \u00fanica coisa racionalmente ego\u00edsta a se fazer. E n\u00e3o \u00e9 apenas o coronav\u00edrus: a pr\u00f3pria China sofreu uma gigantesca gripe su\u00edna meses atr\u00e1s e agora est\u00e1 amea\u00e7ada pela perspectiva de uma invas\u00e3o de gafanhotos. Al\u00e9m disso, <\/span><a href=\"https:\/\/www.theguardian.com\/commentisfree\/2020\/mar\/05\/governments-coronavirus-urgent-climate-crisis\"><span style=\"font-weight: 400;\">como Owen Jones observou<\/span><\/a><span style=\"font-weight: 400;\">, a crise clim\u00e1tica mata muito mais pessoas em todo o mundo que o coronav\u00edrus, mas n\u00e3o h\u00e1 p\u00e2nico sobre isso\u2026<\/span><\/p>\n<p><span style=\"font-weight: 400;\">Do ponto de vista vitalista c\u00ednico, seria tentador ver o coronav\u00edrus como uma infec\u00e7\u00e3o ben\u00e9fica, que permite \u00e0 humanidade livrar-se dos velhos, fracos e doentes, como arrancar uma erva podre e, assim, contribuir para a sa\u00fade global. A ampla abordagem comunista que estou defendendo \u00e9 a \u00fanica maneira de realmente deixarmos para tr\u00e1s um ponto de vista vitalista t\u00e3o primitivo. Sinais de cerceamento da solidariedade incondicional j\u00e1 s\u00e3o discern\u00edveis nos debates em andamento, como na nota a seguir sobre o papel dos &#8220;tr\u00eas Reis Magos&#8221; <\/span><a href=\"https:\/\/www.msn.com\/en-gb\/news\/uknews\/coronavirus-weakest-patients-could-be-denied-lifesaving-care-due-to-lack-of-funding-for-nhs-doctors-admit\/ar-BB10raxq?ocid=spartanntp\"><span style=\"font-weight: 400;\">se a epidemia der uma virada mais catastr\u00f3fica no Reino Unido<\/span><\/a><span style=\"font-weight: 400;\">: \u201cOs pacientes do NHS podem ter seus tratamentos negados durante um grave surto de coronav\u00edrus na Gr\u00e3-Bretanha se as unidades de terapia intensiva estiverem lutando para lidar com isso, alertaram os m\u00e9dicos veteranos. Sob o chamado protocolo dos &#8220;tr\u00eas homens s\u00e1bios&#8221;, tr\u00eas consultores seniores em cada hospital seriam for\u00e7ados a tomar decis\u00f5es sobre cuidados de racionamento, como ventiladores e camas, caso os hospitais estivessem sobrecarregados com os pacientes. &#8221; Em que crit\u00e9rios os &#8220;tr\u00eas Reis Magos&#8221; se baseiam? Sacrificar os mais fracos e os mais velhos? E essa situa\u00e7\u00e3o n\u00e3o abrir\u00e1 espa\u00e7o para imensa corrup\u00e7\u00e3o? Tais procedimentos n\u00e3o indicam que estamos nos preparando para adotar a l\u00f3gica mais brutal da sobreviv\u00eancia do mais apto? Ent\u00e3o, novamente, a escolha final \u00e9 essa ou algum tipo de comunismo reinventado.<\/span><\/p>\n<p><span style=\"font-weight: 400;\">Mas as coisas v\u00e3o muito mais fundo que isso. O que acho especialmente irritante \u00e9 como, quando nossa m\u00eddia anuncia algum fechamento ou cancelamento, eles geralmente adicionam uma limita\u00e7\u00e3o temporal fixa: a f\u00f3rmula \u201cas escolas ser\u00e3o fechadas at\u00e9 4 de abril\u201d. A grande expectativa \u00e9 que, depois do pico que deve chegar r\u00e1pido, as coisas voltem ao normal. Nesse sentido, eu j\u00e1 fui informado de que um simp\u00f3sio universit\u00e1rio acabou de ser adiado para setembro &#8230; O problema \u00e9 que, mesmo quando a vida voltar ao normal, n\u00e3o ser\u00e1 a mesma normal com a qual est\u00e1vamos acostumados antes do surto: coisas com as quais est\u00e1vamos acostumados como parte de nossa vida cotidiana n\u00e3o ser\u00e3o mais um dado adquirido; teremos que aprender a viver uma vida muito mais fr\u00e1gil, com amea\u00e7as constantes \u00e0 espreita logo atr\u00e1s da esquina.<\/span><\/p>\n<p><span style=\"font-weight: 400;\">Por esse motivo, podemos esperar que as epidemias virais afetem nossas intera\u00e7\u00f5es mais elementares com outras pessoas e objetos ao redor, inclusive em nosso pr\u00f3prio corpo: evitar tocar em coisas que podem ser (invisivelmente) &#8220;sujas&#8221;, n\u00e3o tocar em ganchos, n\u00e3o sentar em banheiros p\u00fablicos ou em bancos em locais p\u00fablicos, evitar abra\u00e7ar os outros e apertar as m\u00e3os&#8230; E ter cuidado ao controlar seu pr\u00f3prio corpo e seus gestos espont\u00e2neos: n\u00e3o tocar no nariz nem esfregar os olhos &#8211; enfim, n\u00e3o brincar consigo mesmo. Portanto, n\u00e3o s\u00e3o apenas o estado e outras ag\u00eancias que nos controlar\u00e3o; devemos aprender a nos controlar e nos disciplinar! Talvez apenas a realidade virtual seja considerada segura e o movimento livre em um espa\u00e7o aberto seja reservado para as ilhas pertencentes aos ultra-ricos.<\/span><\/p>\n<p><span style=\"font-weight: 400;\">Mas mesmo aqui, no n\u00edvel da realidade virtual e da Internet, devemos lembrar que, nas \u00faltimas d\u00e9cadas, os termos &#8220;v\u00edrus&#8221; e &#8220;viral&#8221; foram usados \u200b\u200bprincipalmente para designar v\u00edrus digitais que estavam infectando nosso espa\u00e7o na web e dos quais n\u00e3o t\u00ednhamos consci\u00eancia, pelo menos at\u00e9 que seu poder destrutivo (por exemplo, de destruir nossos dados ou nosso disco r\u00edgido) fosse liberado. O que vemos agora \u00e9 um retorno maci\u00e7o ao significado literal original do termo: as infec\u00e7\u00f5es virais funcionam de m\u00e3os dadas nas duas dimens\u00f5es, real e virtual.<\/span><\/p>\n<p><span style=\"font-weight: 400;\">Ent\u00e3o, teremos que mudar toda a nossa postura em rela\u00e7\u00e3o \u00e0 vida, em rela\u00e7\u00e3o \u00e0 nossa exist\u00eancia como seres vivos, entre outras formas de vida. Em outras palavras, se entendermos \u201cfilosofia\u201d como o nome de nossa orienta\u00e7\u00e3o b\u00e1sica na vida, teremos que experimentar uma verdadeira revolu\u00e7\u00e3o filos\u00f3fica. Talvez possamos aprender algo sobre nossas rea\u00e7\u00f5es \u00e0 epidemia de coronav\u00edrus com Elisabeth K\u00fcbler-Ross que, em <\/span><i><span style=\"font-weight: 400;\">On Death and Dying<\/span><\/i><span style=\"font-weight: 400;\"> , prop\u00f4s o famoso esquema dos cinco est\u00e1gios de como reagimos ao saber que temos uma doen\u00e7a terminal: <\/span><i><span style=\"font-weight: 400;\">nega\u00e7\u00e3o<\/span><\/i><span style=\"font-weight: 400;\"> (simplesmente uma recusa em se aceitar o fato: \u201cIsso n\u00e3o pode estar acontecendo, n\u00e3o comigo.\u201d); <\/span><i><span style=\"font-weight: 400;\">raiva<\/span><\/i><span style=\"font-weight: 400;\"> (que explode quando n\u00e3o podemos mais negar o fato: \u201cComo isso pode acontecer comigo?\u201d); <\/span><i><span style=\"font-weight: 400;\">barganha<\/span><\/i><span style=\"font-weight: 400;\"> (a esperan\u00e7a de que, de alguma forma, podemos adiar ou diminuir o fato: \u201cApenas deixe-me viver para ver meus filhos se formarem.\u201d); <\/span><i><span style=\"font-weight: 400;\">depress\u00e3o<\/span><\/i><span style=\"font-weight: 400;\"> (desinvestimento libidinal: \u201cvou morrer, ent\u00e3o por que me preocupar com alguma coisa?\u201d); <\/span><i><span style=\"font-weight: 400;\">aceita\u00e7\u00e3o<\/span><\/i><span style=\"font-weight: 400;\"> (&#8220;Eu n\u00e3o posso lutar contra isso, mas posso me preparar para tal.&#8221;). Mais tarde, K\u00fcbler-Ross aplicou esses est\u00e1gios a qualquer forma de perda pessoal catastr\u00f3fica (desemprego, morte de um ente querido, <\/span><span style=\"font-weight: 400;\">div\u00f3rcio<\/span><span style=\"font-weight: 400;\"> , <\/span><span style=\"font-weight: 400;\">depend\u00eancia<\/span><span style=\"font-weight: 400;\"> qu\u00edmica ) e tamb\u00e9m enfatizou que eles n\u00e3o necessariamente v\u00eam na mesma ordem, nem s\u00e3o todos os cinco est\u00e1gios vivenciados por todos os pacientes.<\/span><\/p>\n<p><span style=\"font-weight: 400;\">Pode-se discernir os mesmos cinco est\u00e1gios sempre que uma sociedade \u00e9 confrontada com alguma ruptura traum\u00e1tica. Vamos assumir a amea\u00e7a da cat\u00e1strofe ecol\u00f3gica: primeiro, tendemos a neg\u00e1-la (\u00e9 apenas paranoia, o que acontece s\u00e3o oscila\u00e7\u00f5es usuais nos padr\u00f5es clim\u00e1ticos); depois vem a raiva (das grandes corpora\u00e7\u00f5es que poluem nosso meio ambiente, do governo que ignora os perigos) seguido de barganha (se reciclarmos nossos res\u00edduos, podemos ganhar algum tempo; al\u00e9m disso, tamb\u00e9m h\u00e1 bons aspectos: podemos cultivar vegetais da Groenl\u00e2ndia, os navios poder\u00e3o transportar mercadorias da China para os EUA muito mais rapidamente na rota norte, novas terras f\u00e9rteis est\u00e3o se tornando dispon\u00edveis no norte da Sib\u00e9ria devido ao derretimento do permafrost &#8230;), depress\u00e3o (\u00e9 tarde demais, estamos condenados\u2026) E, finalmente, aceita\u00e7\u00e3o: estamos lidando com uma amea\u00e7a s\u00e9ria e teremos que mudar todo o nosso modo de vida!<\/span><\/p>\n<p><span style=\"font-weight: 400;\">O mesmo vale para a crescente amea\u00e7a do controle digital sobre nossas vidas: primeiro, tendemos a neg\u00e1-lo (\u00e9 um exagero, uma paranoia esquerdista, nenhuma ag\u00eancia pode controlar nossa atividade di\u00e1ria &#8230;), depois explodimos de raiva (as grandes empresas e ag\u00eancias estatais secretas nos conhecem melhor do que n\u00f3s mesmos e usam esse conhecimento para nos controlar e manipular), seguida de barganha (as autoridades t\u00eam o direito de procurar terroristas, mas n\u00e3o de infringir nossa privacidade &#8230;), depress\u00e3o (\u00e9 tarde demais, nossa privacidade se perdeu, o tempo das liberdades pessoais acabou) e, finalmente, a aceita\u00e7\u00e3o: o controle digital \u00e9 uma amea\u00e7a \u00e0 nossa liberdade; devemos conscientizar o p\u00fablico de todas as suas dimens\u00f5es e lutar contra isso!<\/span><\/p>\n<p><span style=\"font-weight: 400;\">Mesmo no dom\u00ednio da pol\u00edtica, o mesmo vale para aqueles que est\u00e3o traumatizados pela presid\u00eancia de Trump: primeiro, houve nega\u00e7\u00e3o (n\u00e3o se preocupe, Trump est\u00e1 apenas postulando, nada realmente mudar\u00e1 se ele tomar o poder), seguido por raiva (das for\u00e7as das trevas que lhe permitiram tomar o poder, dos populistas que o apoiam e representam uma amea\u00e7a \u00e0 nossa subst\u00e2ncia moral &#8230;), barganha (ainda n\u00e3o est\u00e1 tudo perdido, talvez Trump possa ser contido, vamos tolerar alguns de seus excessos &#8230;) , depress\u00e3o (estamos a caminho do fascismo, a democracia nos EUA est\u00e1 perdida) e a aceita\u00e7\u00e3o: h\u00e1 um novo regime pol\u00edtico nos EUA, os bons e velhos tempos da democracia americana acabaram, vamos enfrentar o perigo e planejar com calma como podemos superar o populismo de Trump &#8230;<\/span><\/p>\n<p><span style=\"font-weight: 400;\">Nos tempos medievais, a popula\u00e7\u00e3o de uma cidade afetada reagiu aos sinais da praga de maneira semelhante: primeiro nega\u00e7\u00e3o, depois raiva (pelas nossas vidas pecaminosas pelas quais somos punidos, ou mesmo pelo Deus cruel que a permitiu), depois barganha (n\u00e3o \u00e9 t\u00e3o ruim, vamos apenas evitar aqueles que est\u00e3o doentes&#8230;), depois depress\u00e3o (nossa vida acabou &#8230;), ent\u00e3o, curiosamente, orgias (j\u00e1 que nossas vidas terminaram, vamos tirar disso todos os prazeres ainda poss\u00edveis &#8211; beber, transar &#8230;) e, finalmente, aceita\u00e7\u00e3o: aqui estamos, vamos nos comportar o m\u00e1ximo poss\u00edvel, como se a vida normal continuasse &#8230;<\/span><\/p>\n<p><span style=\"font-weight: 400;\">E n\u00e3o \u00e9 assim tamb\u00e9m que estamos lidando com a epidemia de coronav\u00edrus que explodiu no final de 2019? Primeiro, houve uma nega\u00e7\u00e3o (nada de grave est\u00e1 acontecendo, alguns indiv\u00edduos irrespons\u00e1veis \u200b\u200best\u00e3o apenas espalhando p\u00e2nico); depois, raiva (geralmente de forma racista ou antiestatal: os chineses sujos s\u00e3o culpados, nosso estado n\u00e3o \u00e9 eficiente &#8230;); a seguir vem a barganha (OK, existem algumas v\u00edtimas, mas \u00e9 menos grave que o SARS, e podemos limitar o dano &#8230;); se isso n\u00e3o funcionar, a depress\u00e3o surge (n\u00e3o vamos nos enganar, estamos todos condenados). Mas como seria a aceita\u00e7\u00e3o aqui? \u00c9 um fato estranho que a epidemia mostre uma caracter\u00edstica comum \u00e0 \u00faltima rodada de protestos sociais (na Fran\u00e7a, em Hong Kong &#8230;): eles n\u00e3o explodem e depois desaparecem; ao contr\u00e1rio, eles permanecem aqui e apenas persistem, trazendo medo e fragilidade permanentes \u00e0s nossas vidas. Mas essa aceita\u00e7\u00e3o pode tomar duas dire\u00e7\u00f5es. Pode significar apenas a re-normaliza\u00e7\u00e3o da doen\u00e7a: OK, as pessoas estar\u00e3o morrendo, mas a vida continuar\u00e1, talvez haja at\u00e9 alguns efeitos colaterais bons &#8230;. Ou a aceita\u00e7\u00e3o pode (e deve) nos impulsionar a nos mobilizar sem p\u00e2nico e ilus\u00f5es, para agir em solidariedade coletiva.<\/span><b>\u00a0\u00a0\u00a0\u00a0\u00a0<\/b><\/p>\n<p><span style=\"font-weight: 400;\">O que devemos aceitar, o fato com que devemos nos reconciliar, \u00e9 a exist\u00eancia de uma subcamada de vida, os mortos-vivos, a estupidamente repetitiva vida pr\u00e9-sexual dos v\u00edrus, que sempre estiveram aqui e que sempre estar\u00e3o conosco, como uma sombra, representando uma amea\u00e7a \u00e0 nossa sobreviv\u00eancia, explodindo quando menos esperamos. E em um n\u00edvel ainda mais geral, as epidemias virais nos lembram a conting\u00eancia e a falta de sentido de nossas vidas: n\u00e3o importa qu\u00e3o magn\u00edficos edif\u00edcios espirituais n\u00f3s, humanidade, realizemos, uma conting\u00eancia natural est\u00fapida como um v\u00edrus ou um asteroide pode acabar com tudo&#8230;. Sem mencionar a li\u00e7\u00e3o da ecologia, que \u00e9 a de que n\u00f3s, humanidade, tamb\u00e9m podemos contribuir sem saber para esse fim.<\/span><\/p>\n<p><span style=\"font-weight: 400;\">Para esclarecer esse ponto, deixe-me citar descaradamente <\/span><span style=\"font-weight: 400;\">uma defini\u00e7\u00e3o popular<\/span><span style=\"font-weight: 400;\">: v\u00edrus \u00e9 \u201cqualquer um dos v\u00e1rios agentes infecciosos, geralmente ultramicrosc\u00f3picos, que consistem em \u00e1cido nucleico, RNA ou DNA, em um casco de prote\u00edna: infectam animais, plantas e bact\u00e9rias e se reproduzem apenas nas c\u00e9lulas vivas: os v\u00edrus s\u00e3o considerados como sendo unidades qu\u00edmicas n\u00e3o-vivas ou, \u00e0s vezes, como organismos vivos. \u201d Essa oscila\u00e7\u00e3o entre a vida e a morte \u00e9 crucial: os v\u00edrus n\u00e3o est\u00e3o vivos nem mortos no sentido usual desses termos. Eles s\u00e3o os mortos-vivos: um v\u00edrus est\u00e1 vivo devido ao seu desejo de se replicar, mas \u00e9 um tipo de vida de n\u00edvel zero, uma caricatura biol\u00f3gica, n\u00e3o tanto da puls\u00e3o de morte, mas sim da vida no seu n\u00edvel mais est\u00fapido de repeti\u00e7\u00e3o e multiplica\u00e7\u00e3o&#8230;. No entanto, os v\u00edrus n\u00e3o s\u00e3o uma forma elementar de vida, da qual se desenvolveram formas mais complexas. Eles s\u00e3o puramente parasit\u00e1rios; eles se replicam atrav\u00e9s da infec\u00e7\u00e3o de organismos mais desenvolvidos (quando um v\u00edrus nos infecta, n\u00f3s, seres humanos, simplesmente servimos como sua m\u00e1quina de reprodu\u00e7\u00e3o). \u00c9 nessa coincid\u00eancia dos opostos &#8211; elementar e parasit\u00e1ria &#8211; que reside o mist\u00e9rio dos v\u00edrus: eles s\u00e3o um caso do que Schelling chamou de \u201c<\/span><i><span style=\"font-weight: 400;\">der nie aufhebbare Rest<\/span><\/i><span style=\"font-weight: 400;\"> \u201d <\/span><i><span style=\"font-weight: 400;\">,<\/span><\/i><span style=\"font-weight: 400;\"> um resto da forma de vida mais baixa que surge como um produto do mau funcionamento de mecanismos superiores de multiplica\u00e7\u00e3o e continua a assombr\u00e1-los (infect\u00e1-los), um resto que nunca pode ser reintegrado como o momento subordinado de um maior n\u00edvel de vida.<\/span><\/p>\n<p><span style=\"font-weight: 400;\">Aqui encontramos o que Hegel chama de &#8220;julgamento especulativo&#8221;, uma asser\u00e7\u00e3o da identidade do mais alto e do mais baixo. O exemplo mais conhecido de Hegel \u00e9 &#8220;O esp\u00edrito \u00e9 um osso&#8221; em sua an\u00e1lise da frenologia na <\/span><i><span style=\"font-weight: 400;\">Fenomenologia do Esp\u00edrito<\/span><\/i><span style=\"font-weight: 400;\">, e nosso exemplo deve ser \u201cO esp\u00edrito \u00e9 um v\u00edrus&#8221;. O esp\u00edrito humano tamb\u00e9m n\u00e3o \u00e9 algum tipo de v\u00edrus que parasita o animal humano, explora-o para sua pr\u00f3pria reprodu\u00e7\u00e3o e, \u00e0s vezes, amea\u00e7a destru\u00ed-lo? E, na medida em que o meio do esp\u00edrito \u00e9 a linguagem, n\u00e3o devemos esquecer que, em seu n\u00edvel mais elementar, a linguagem tamb\u00e9m \u00e9 algo mec\u00e2nico, existem regras que precisamos aprender e seguir.<\/span><\/p>\n<p><span style=\"font-weight: 400;\">Richard <\/span><span style=\"font-weight: 400;\">Dawkins<\/span><span style=\"font-weight: 400;\"> afirmou que os memes s\u00e3o os &#8220;v\u00edrus da mente&#8221;, entidades parasit\u00e1rias que &#8220;colonizam&#8221; a mente humana, usando-a como um meio de se multiplicar. \u00c9 uma ideia cujo criador n\u00e3o era outro sen\u00e3o Leo Tolstoi. Tolstoi \u00e9 geralmente visto como um autor muito menos interessante que Dostoievski &#8211; um realista irremediavelmente desatualizado para quem basicamente n\u00e3o h\u00e1 lugar na modernidade, em contraste com a ang\u00fastia existencial de Dostoievski. Talvez, no entanto, tenha chegado a hora de reabilitar completamente Tolstoi, sua \u00fanica teoria da arte e da humanidade em geral, na qual encontramos ecos da no\u00e7\u00e3o de memes de Dawkins. &#8220;Uma pessoa \u00e9 um homin\u00eddeo com um c\u00e9rebro infectado, hospeda milh\u00f5es de simbiontes culturais, e os principais facilitadores desses s\u00e3o os sistemas simbiontes conhecidos como idiomas&#8221; <\/span><a href=\"https:\/\/thephilosophicalsalon.com\/monitor-and-punish-yes-please\/?fbclid=IwAR1PP2nTs4cAJEKRqn5Rq92ClpLJZIoGeCAPQCeZvUb_SyvXFVCwuMakmcs#_edn2\"><span style=\"font-weight: 400;\">[2]<\/span><\/a><span style=\"font-weight: 400;\">&#8211; essa passagem de Dennett n\u00e3o \u00e9 Tolst\u00f3i puro? A categoria b\u00e1sica da antropologia de Tolstoi \u00e9 a <\/span><i><span style=\"font-weight: 400;\">infec\u00e7\u00e3o<\/span><\/i><span style=\"font-weight: 400;\">: um sujeito humano \u00e9 um meio vazio passivo infectado por elementos culturais carregados de afetos que, como bacilos contagiosos, se espalham de um indiv\u00edduo para outro. E Tolstoi vai at\u00e9 o fim: ele n\u00e3o op\u00f5e a essa dissemina\u00e7\u00e3o de infec\u00e7\u00f5es afetivas uma verdadeira autonomia espiritual; ele n\u00e3o prop\u00f5e uma vis\u00e3o heroica de educar-se para ser um sujeito \u00e9tico aut\u00f4nomo maduro, como forma de se livrar de bacilos infecciosos. A \u00fanica luta \u00e9 a luta entre boas e m\u00e1s infec\u00e7\u00f5es: o pr\u00f3prio cristianismo \u00e9 uma infec\u00e7\u00e3o &#8211; para Tolstoi &#8211;\u00a0 boa.<\/span><\/p>\n<p style=\"text-align: left;\"><span style=\"font-weight: 400;\">Talvez seja a coisa mais perturbadora que podemos aprender com a epidemia viral em andamento: quando a natureza nos ataca com v\u00edrus, est\u00e1, de certa forma, nos enviando nossa pr\u00f3pria mensagem de volta. A mensagem \u00e9: o que voc\u00ea fez comigo agora estou fazendo com voc\u00ea.<\/span><\/p>\n<p>\u00a0<\/p>\n<p>\u00a0<\/p>\n<hr \/>\n<p>\u00a0<\/p>\n<p><strong>Aut<\/strong><strong style=\"color: var(--color-text);\">or: Slavoj\u00a0\u017di\u017eek<br \/><\/strong><span style=\"font-weight: 400;\"><strong style=\"color: var(--color-text);\">Publicado\u00a0<\/strong><strong>t<\/strong><strong>em:<\/strong> 16 de mar\u00e7o de 2020<br \/><strong>Original: https:\/\/thephilosophicalsalon.com\/monitor-and-punish-yes-please\/<\/strong><br \/><strong>Tradu\u00e7\u00e3o:\u00a0<\/strong>Leonardo Mendon\u00e7a<br \/><strong>Revis\u00e3o:\u00a0<\/strong>Felipe Aiello<\/span><\/p>\n<p>\u00a0<\/p>\n<p>\u00a0<\/p>\n\n\n<p><\/p>\n","protected":false},"excerpt":{"rendered":"<p>\u00a0 Muitos comentaristas liberais e esquerdistas observaram como a epidemia do coronav\u00edrus tem servido para justificar e legitimar medidas de controle e regulamenta\u00e7\u00e3o das pessoas, medidas que, at\u00e9 agora, eram impens\u00e1veis \u200b\u200bem uma sociedade democr\u00e1tica ocidental. O bloqueio total da It\u00e1lia n\u00e3o \u00e9 o \u201csonho er\u00f3tico\u201d do totalitarismo? N\u00e3o \u00e9 de se admirar que (pelo&#8230;<\/p>\n","protected":false},"author":1,"featured_media":1591,"comment_status":"closed","ping_status":"open","sticky":false,"template":"","format":"standard","meta":{"_coblocks_attr":"","_coblocks_dimensions":"","_coblocks_responsive_height":"","_coblocks_accordion_ie_support":"","om_disable_all_campaigns":false,"_monsterinsights_skip_tracking":false,"_monsterinsights_sitenote_active":false,"_monsterinsights_sitenote_note":"","_monsterinsights_sitenote_category":0,"_uf_show_specific_survey":0,"_uf_disable_surveys":false,"_kadence_starter_templates_imported_post":false,"_kad_post_transparent":"","_kad_post_title":"","_kad_post_layout":"","_kad_post_sidebar_id":"","_kad_post_content_style":"","_kad_post_vertical_padding":"","_kad_post_feature":"","_kad_post_feature_position":"","_kad_post_header":false,"_kad_post_footer":false,"_kad_post_classname":"","footnotes":""},"categories":[345,373,346],"tags":[75,384,385],"class_list":["post-445","post","type-post","status-publish","format-standard","has-post-thumbnail","hentry","category-arquivo-tradutores-proletarios","category-slavoj-zizek","category-traducoes","tag-china","tag-corona-virus","tag-zizek-2"],"yoast_head":"<!-- This site is optimized with the Yoast SEO plugin v27.4 - https:\/\/yoast.com\/product\/yoast-seo-wordpress\/ -->\n<title>Monitorar e punir? Sim, por favor! \u2014 Slavoj \u017di\u017eek - Zero \u00e0 Esquerda<\/title>\n<meta name=\"robots\" content=\"index, follow, max-snippet:-1, max-image-preview:large, max-video-preview:-1\" \/>\n<link rel=\"canonical\" href=\"https:\/\/zeroaesquerda.com.br\/index.php\/2020\/03\/17\/zizek-monitorar-e-punir-sim-por-favor\/\" \/>\n<meta property=\"og:locale\" content=\"pt_BR\" \/>\n<meta property=\"og:type\" content=\"article\" \/>\n<meta property=\"og:title\" content=\"Monitorar e punir? Sim, por favor! \u2014 Slavoj \u017di\u017eek - Zero \u00e0 Esquerda\" \/>\n<meta property=\"og:description\" content=\"\u00a0 Muitos comentaristas liberais e esquerdistas observaram como a epidemia do coronav\u00edrus tem servido para justificar e legitimar medidas de controle e regulamenta\u00e7\u00e3o das pessoas, medidas que, at\u00e9 agora, eram impens\u00e1veis \u200b\u200bem uma sociedade democr\u00e1tica ocidental. O bloqueio total da It\u00e1lia n\u00e3o \u00e9 o \u201csonho er\u00f3tico\u201d do totalitarismo? N\u00e3o \u00e9 de se admirar que (pelo...\" \/>\n<meta property=\"og:url\" content=\"https:\/\/zeroaesquerda.com.br\/index.php\/2020\/03\/17\/zizek-monitorar-e-punir-sim-por-favor\/\" \/>\n<meta property=\"og:site_name\" content=\"Zero \u00e0 Esquerda\" \/>\n<meta property=\"article:publisher\" content=\"https:\/\/www.facebook.com\/revistazeroaesquerda\" \/>\n<meta property=\"article:published_time\" content=\"2020-03-17T05:26:54+00:00\" \/>\n<meta property=\"article:modified_time\" content=\"2021-05-18T13:57:16+00:00\" \/>\n<meta property=\"og:image\" content=\"https:\/\/zeroaesquerda.com.br\/wp-content\/uploads\/2020\/03\/xipingao.png\" \/>\n\t<meta property=\"og:image:width\" content=\"2500\" \/>\n\t<meta property=\"og:image:height\" content=\"1500\" \/>\n\t<meta property=\"og:image:type\" content=\"image\/png\" \/>\n<meta name=\"author\" content=\"Zero \u00e0 Esquerda\" \/>\n<meta name=\"twitter:card\" content=\"summary_large_image\" \/>\n<meta name=\"twitter:creator\" content=\"@z3roaesquerda\" \/>\n<meta name=\"twitter:site\" content=\"@z3roaesquerda\" \/>\n<meta name=\"twitter:label1\" content=\"Escrito por\" \/>\n\t<meta name=\"twitter:data1\" content=\"Zero \u00e0 Esquerda\" \/>\n\t<meta name=\"twitter:label2\" content=\"Est. tempo de leitura\" \/>\n\t<meta name=\"twitter:data2\" content=\"18 minutos\" \/>\n<script type=\"application\/ld+json\" class=\"yoast-schema-graph\">{\"@context\":\"https:\\\/\\\/schema.org\",\"@graph\":[{\"@type\":\"Article\",\"@id\":\"https:\\\/\\\/zeroaesquerda.com.br\\\/index.php\\\/2020\\\/03\\\/17\\\/zizek-monitorar-e-punir-sim-por-favor\\\/#article\",\"isPartOf\":{\"@id\":\"https:\\\/\\\/zeroaesquerda.com.br\\\/index.php\\\/2020\\\/03\\\/17\\\/zizek-monitorar-e-punir-sim-por-favor\\\/\"},\"author\":{\"name\":\"Zero \u00e0 Esquerda\",\"@id\":\"https:\\\/\\\/zeroaesquerda.com.br\\\/#\\\/schema\\\/person\\\/04e72095a4fbe77f00c7b047955ed0b8\"},\"headline\":\"Monitorar e punir? Sim, por favor! \u2014 Slavoj \u017di\u017eek\",\"datePublished\":\"2020-03-17T05:26:54+00:00\",\"dateModified\":\"2021-05-18T13:57:16+00:00\",\"mainEntityOfPage\":{\"@id\":\"https:\\\/\\\/zeroaesquerda.com.br\\\/index.php\\\/2020\\\/03\\\/17\\\/zizek-monitorar-e-punir-sim-por-favor\\\/\"},\"wordCount\":4547,\"publisher\":{\"@id\":\"https:\\\/\\\/zeroaesquerda.com.br\\\/#organization\"},\"image\":{\"@id\":\"https:\\\/\\\/zeroaesquerda.com.br\\\/index.php\\\/2020\\\/03\\\/17\\\/zizek-monitorar-e-punir-sim-por-favor\\\/#primaryimage\"},\"thumbnailUrl\":\"https:\\\/\\\/zeroaesquerda.com.br\\\/wp-content\\\/uploads\\\/2020\\\/03\\\/xipingao.png\",\"keywords\":[\"China\",\"Corona Virus\",\"\u017di\u017eek\"],\"articleSection\":[\"Arquivo (Tradutores Prolet\u00e1rios)\",\"Slavoj \u017di\u017eek\",\"Tradu\u00e7\u00f5es\"],\"inLanguage\":\"pt-BR\"},{\"@type\":\"WebPage\",\"@id\":\"https:\\\/\\\/zeroaesquerda.com.br\\\/index.php\\\/2020\\\/03\\\/17\\\/zizek-monitorar-e-punir-sim-por-favor\\\/\",\"url\":\"https:\\\/\\\/zeroaesquerda.com.br\\\/index.php\\\/2020\\\/03\\\/17\\\/zizek-monitorar-e-punir-sim-por-favor\\\/\",\"name\":\"Monitorar e punir? Sim, por favor! \u2014 Slavoj \u017di\u017eek - Zero \u00e0 Esquerda\",\"isPartOf\":{\"@id\":\"https:\\\/\\\/zeroaesquerda.com.br\\\/#website\"},\"primaryImageOfPage\":{\"@id\":\"https:\\\/\\\/zeroaesquerda.com.br\\\/index.php\\\/2020\\\/03\\\/17\\\/zizek-monitorar-e-punir-sim-por-favor\\\/#primaryimage\"},\"image\":{\"@id\":\"https:\\\/\\\/zeroaesquerda.com.br\\\/index.php\\\/2020\\\/03\\\/17\\\/zizek-monitorar-e-punir-sim-por-favor\\\/#primaryimage\"},\"thumbnailUrl\":\"https:\\\/\\\/zeroaesquerda.com.br\\\/wp-content\\\/uploads\\\/2020\\\/03\\\/xipingao.png\",\"datePublished\":\"2020-03-17T05:26:54+00:00\",\"dateModified\":\"2021-05-18T13:57:16+00:00\",\"breadcrumb\":{\"@id\":\"https:\\\/\\\/zeroaesquerda.com.br\\\/index.php\\\/2020\\\/03\\\/17\\\/zizek-monitorar-e-punir-sim-por-favor\\\/#breadcrumb\"},\"inLanguage\":\"pt-BR\",\"potentialAction\":[{\"@type\":\"ReadAction\",\"target\":[\"https:\\\/\\\/zeroaesquerda.com.br\\\/index.php\\\/2020\\\/03\\\/17\\\/zizek-monitorar-e-punir-sim-por-favor\\\/\"]}]},{\"@type\":\"ImageObject\",\"inLanguage\":\"pt-BR\",\"@id\":\"https:\\\/\\\/zeroaesquerda.com.br\\\/index.php\\\/2020\\\/03\\\/17\\\/zizek-monitorar-e-punir-sim-por-favor\\\/#primaryimage\",\"url\":\"https:\\\/\\\/zeroaesquerda.com.br\\\/wp-content\\\/uploads\\\/2020\\\/03\\\/xipingao.png\",\"contentUrl\":\"https:\\\/\\\/zeroaesquerda.com.br\\\/wp-content\\\/uploads\\\/2020\\\/03\\\/xipingao.png\",\"width\":2500,\"height\":1500},{\"@type\":\"BreadcrumbList\",\"@id\":\"https:\\\/\\\/zeroaesquerda.com.br\\\/index.php\\\/2020\\\/03\\\/17\\\/zizek-monitorar-e-punir-sim-por-favor\\\/#breadcrumb\",\"itemListElement\":[{\"@type\":\"ListItem\",\"position\":1,\"name\":\"In\u00edcio\",\"item\":\"https:\\\/\\\/zeroaesquerda.com.br\\\/\"},{\"@type\":\"ListItem\",\"position\":2,\"name\":\"Monitorar e punir? Sim, por favor! \u2014 Slavoj \u017di\u017eek\"}]},{\"@type\":\"WebSite\",\"@id\":\"https:\\\/\\\/zeroaesquerda.com.br\\\/#website\",\"url\":\"https:\\\/\\\/zeroaesquerda.com.br\\\/\",\"name\":\"Zero \u00e0 Esquerda\",\"description\":\"Tra\u00e7ando tend\u00eancias para al\u00e9m do capitalismo.\",\"publisher\":{\"@id\":\"https:\\\/\\\/zeroaesquerda.com.br\\\/#organization\"},\"potentialAction\":[{\"@type\":\"SearchAction\",\"target\":{\"@type\":\"EntryPoint\",\"urlTemplate\":\"https:\\\/\\\/zeroaesquerda.com.br\\\/?s={search_term_string}\"},\"query-input\":{\"@type\":\"PropertyValueSpecification\",\"valueRequired\":true,\"valueName\":\"search_term_string\"}}],\"inLanguage\":\"pt-BR\"},{\"@type\":\"Organization\",\"@id\":\"https:\\\/\\\/zeroaesquerda.com.br\\\/#organization\",\"name\":\"Zero \u00e0 Esquerda\",\"url\":\"https:\\\/\\\/zeroaesquerda.com.br\\\/\",\"logo\":{\"@type\":\"ImageObject\",\"inLanguage\":\"pt-BR\",\"@id\":\"https:\\\/\\\/zeroaesquerda.com.br\\\/#\\\/schema\\\/logo\\\/image\\\/\",\"url\":\"https:\\\/\\\/zeroaesquerda.com.br\\\/wp-content\\\/uploads\\\/2021\\\/01\\\/4-simbolo-zero-a-esquerda-favicon-alt.png\",\"contentUrl\":\"https:\\\/\\\/zeroaesquerda.com.br\\\/wp-content\\\/uploads\\\/2021\\\/01\\\/4-simbolo-zero-a-esquerda-favicon-alt.png\",\"width\":1271,\"height\":1069,\"caption\":\"Zero \u00e0 Esquerda\"},\"image\":{\"@id\":\"https:\\\/\\\/zeroaesquerda.com.br\\\/#\\\/schema\\\/logo\\\/image\\\/\"},\"sameAs\":[\"https:\\\/\\\/www.facebook.com\\\/revistazeroaesquerda\",\"https:\\\/\\\/x.com\\\/z3roaesquerda\",\"https:\\\/\\\/www.instagram.com\\\/revistazeroaesquerda\\\/\",\"https:\\\/\\\/www.youtube.com\\\/channel\\\/UCIaGx271Qw6D1QwqYBojrLw\"]},{\"@type\":\"Person\",\"@id\":\"https:\\\/\\\/zeroaesquerda.com.br\\\/#\\\/schema\\\/person\\\/04e72095a4fbe77f00c7b047955ed0b8\",\"name\":\"Zero \u00e0 Esquerda\",\"image\":{\"@type\":\"ImageObject\",\"inLanguage\":\"pt-BR\",\"@id\":\"https:\\\/\\\/secure.gravatar.com\\\/avatar\\\/a417d8eccb1cec435aa9a93213f41ee528a636232351421dedc4ada2160b3f1b?s=96&d=mm&r=g\",\"url\":\"https:\\\/\\\/secure.gravatar.com\\\/avatar\\\/a417d8eccb1cec435aa9a93213f41ee528a636232351421dedc4ada2160b3f1b?s=96&d=mm&r=g\",\"contentUrl\":\"https:\\\/\\\/secure.gravatar.com\\\/avatar\\\/a417d8eccb1cec435aa9a93213f41ee528a636232351421dedc4ada2160b3f1b?s=96&d=mm&r=g\",\"caption\":\"Zero \u00e0 Esquerda\"},\"description\":\"Tra\u00e7ando tend\u00eancias para al\u00e9m do capitalismo.\",\"sameAs\":[\"http:\\\/\\\/zeroaesquerda.com.br\"],\"url\":\"https:\\\/\\\/zeroaesquerda.com.br\\\/index.php\\\/author\\\/revistazeroaesquerdagmail-com\\\/\"}]}<\/script>\n<!-- \/ Yoast SEO plugin. -->","yoast_head_json":{"title":"Monitorar e punir? Sim, por favor! \u2014 Slavoj \u017di\u017eek - Zero \u00e0 Esquerda","robots":{"index":"index","follow":"follow","max-snippet":"max-snippet:-1","max-image-preview":"max-image-preview:large","max-video-preview":"max-video-preview:-1"},"canonical":"https:\/\/zeroaesquerda.com.br\/index.php\/2020\/03\/17\/zizek-monitorar-e-punir-sim-por-favor\/","og_locale":"pt_BR","og_type":"article","og_title":"Monitorar e punir? Sim, por favor! \u2014 Slavoj \u017di\u017eek - Zero \u00e0 Esquerda","og_description":"\u00a0 Muitos comentaristas liberais e esquerdistas observaram como a epidemia do coronav\u00edrus tem servido para justificar e legitimar medidas de controle e regulamenta\u00e7\u00e3o das pessoas, medidas que, at\u00e9 agora, eram impens\u00e1veis \u200b\u200bem uma sociedade democr\u00e1tica ocidental. O bloqueio total da It\u00e1lia n\u00e3o \u00e9 o \u201csonho er\u00f3tico\u201d do totalitarismo? N\u00e3o \u00e9 de se admirar que (pelo...","og_url":"https:\/\/zeroaesquerda.com.br\/index.php\/2020\/03\/17\/zizek-monitorar-e-punir-sim-por-favor\/","og_site_name":"Zero \u00e0 Esquerda","article_publisher":"https:\/\/www.facebook.com\/revistazeroaesquerda","article_published_time":"2020-03-17T05:26:54+00:00","article_modified_time":"2021-05-18T13:57:16+00:00","og_image":[{"width":2500,"height":1500,"url":"https:\/\/zeroaesquerda.com.br\/wp-content\/uploads\/2020\/03\/xipingao.png","type":"image\/png"}],"author":"Zero \u00e0 Esquerda","twitter_card":"summary_large_image","twitter_creator":"@z3roaesquerda","twitter_site":"@z3roaesquerda","twitter_misc":{"Escrito por":"Zero \u00e0 Esquerda","Est. tempo de leitura":"18 minutos"},"schema":{"@context":"https:\/\/schema.org","@graph":[{"@type":"Article","@id":"https:\/\/zeroaesquerda.com.br\/index.php\/2020\/03\/17\/zizek-monitorar-e-punir-sim-por-favor\/#article","isPartOf":{"@id":"https:\/\/zeroaesquerda.com.br\/index.php\/2020\/03\/17\/zizek-monitorar-e-punir-sim-por-favor\/"},"author":{"name":"Zero \u00e0 Esquerda","@id":"https:\/\/zeroaesquerda.com.br\/#\/schema\/person\/04e72095a4fbe77f00c7b047955ed0b8"},"headline":"Monitorar e punir? Sim, por favor! \u2014 Slavoj \u017di\u017eek","datePublished":"2020-03-17T05:26:54+00:00","dateModified":"2021-05-18T13:57:16+00:00","mainEntityOfPage":{"@id":"https:\/\/zeroaesquerda.com.br\/index.php\/2020\/03\/17\/zizek-monitorar-e-punir-sim-por-favor\/"},"wordCount":4547,"publisher":{"@id":"https:\/\/zeroaesquerda.com.br\/#organization"},"image":{"@id":"https:\/\/zeroaesquerda.com.br\/index.php\/2020\/03\/17\/zizek-monitorar-e-punir-sim-por-favor\/#primaryimage"},"thumbnailUrl":"https:\/\/zeroaesquerda.com.br\/wp-content\/uploads\/2020\/03\/xipingao.png","keywords":["China","Corona Virus","\u017di\u017eek"],"articleSection":["Arquivo (Tradutores Prolet\u00e1rios)","Slavoj \u017di\u017eek","Tradu\u00e7\u00f5es"],"inLanguage":"pt-BR"},{"@type":"WebPage","@id":"https:\/\/zeroaesquerda.com.br\/index.php\/2020\/03\/17\/zizek-monitorar-e-punir-sim-por-favor\/","url":"https:\/\/zeroaesquerda.com.br\/index.php\/2020\/03\/17\/zizek-monitorar-e-punir-sim-por-favor\/","name":"Monitorar e punir? Sim, por favor! \u2014 Slavoj \u017di\u017eek - Zero \u00e0 Esquerda","isPartOf":{"@id":"https:\/\/zeroaesquerda.com.br\/#website"},"primaryImageOfPage":{"@id":"https:\/\/zeroaesquerda.com.br\/index.php\/2020\/03\/17\/zizek-monitorar-e-punir-sim-por-favor\/#primaryimage"},"image":{"@id":"https:\/\/zeroaesquerda.com.br\/index.php\/2020\/03\/17\/zizek-monitorar-e-punir-sim-por-favor\/#primaryimage"},"thumbnailUrl":"https:\/\/zeroaesquerda.com.br\/wp-content\/uploads\/2020\/03\/xipingao.png","datePublished":"2020-03-17T05:26:54+00:00","dateModified":"2021-05-18T13:57:16+00:00","breadcrumb":{"@id":"https:\/\/zeroaesquerda.com.br\/index.php\/2020\/03\/17\/zizek-monitorar-e-punir-sim-por-favor\/#breadcrumb"},"inLanguage":"pt-BR","potentialAction":[{"@type":"ReadAction","target":["https:\/\/zeroaesquerda.com.br\/index.php\/2020\/03\/17\/zizek-monitorar-e-punir-sim-por-favor\/"]}]},{"@type":"ImageObject","inLanguage":"pt-BR","@id":"https:\/\/zeroaesquerda.com.br\/index.php\/2020\/03\/17\/zizek-monitorar-e-punir-sim-por-favor\/#primaryimage","url":"https:\/\/zeroaesquerda.com.br\/wp-content\/uploads\/2020\/03\/xipingao.png","contentUrl":"https:\/\/zeroaesquerda.com.br\/wp-content\/uploads\/2020\/03\/xipingao.png","width":2500,"height":1500},{"@type":"BreadcrumbList","@id":"https:\/\/zeroaesquerda.com.br\/index.php\/2020\/03\/17\/zizek-monitorar-e-punir-sim-por-favor\/#breadcrumb","itemListElement":[{"@type":"ListItem","position":1,"name":"In\u00edcio","item":"https:\/\/zeroaesquerda.com.br\/"},{"@type":"ListItem","position":2,"name":"Monitorar e punir? Sim, por favor! \u2014 Slavoj \u017di\u017eek"}]},{"@type":"WebSite","@id":"https:\/\/zeroaesquerda.com.br\/#website","url":"https:\/\/zeroaesquerda.com.br\/","name":"Zero \u00e0 Esquerda","description":"Tra\u00e7ando tend\u00eancias para al\u00e9m do capitalismo.","publisher":{"@id":"https:\/\/zeroaesquerda.com.br\/#organization"},"potentialAction":[{"@type":"SearchAction","target":{"@type":"EntryPoint","urlTemplate":"https:\/\/zeroaesquerda.com.br\/?s={search_term_string}"},"query-input":{"@type":"PropertyValueSpecification","valueRequired":true,"valueName":"search_term_string"}}],"inLanguage":"pt-BR"},{"@type":"Organization","@id":"https:\/\/zeroaesquerda.com.br\/#organization","name":"Zero \u00e0 Esquerda","url":"https:\/\/zeroaesquerda.com.br\/","logo":{"@type":"ImageObject","inLanguage":"pt-BR","@id":"https:\/\/zeroaesquerda.com.br\/#\/schema\/logo\/image\/","url":"https:\/\/zeroaesquerda.com.br\/wp-content\/uploads\/2021\/01\/4-simbolo-zero-a-esquerda-favicon-alt.png","contentUrl":"https:\/\/zeroaesquerda.com.br\/wp-content\/uploads\/2021\/01\/4-simbolo-zero-a-esquerda-favicon-alt.png","width":1271,"height":1069,"caption":"Zero \u00e0 Esquerda"},"image":{"@id":"https:\/\/zeroaesquerda.com.br\/#\/schema\/logo\/image\/"},"sameAs":["https:\/\/www.facebook.com\/revistazeroaesquerda","https:\/\/x.com\/z3roaesquerda","https:\/\/www.instagram.com\/revistazeroaesquerda\/","https:\/\/www.youtube.com\/channel\/UCIaGx271Qw6D1QwqYBojrLw"]},{"@type":"Person","@id":"https:\/\/zeroaesquerda.com.br\/#\/schema\/person\/04e72095a4fbe77f00c7b047955ed0b8","name":"Zero \u00e0 Esquerda","image":{"@type":"ImageObject","inLanguage":"pt-BR","@id":"https:\/\/secure.gravatar.com\/avatar\/a417d8eccb1cec435aa9a93213f41ee528a636232351421dedc4ada2160b3f1b?s=96&d=mm&r=g","url":"https:\/\/secure.gravatar.com\/avatar\/a417d8eccb1cec435aa9a93213f41ee528a636232351421dedc4ada2160b3f1b?s=96&d=mm&r=g","contentUrl":"https:\/\/secure.gravatar.com\/avatar\/a417d8eccb1cec435aa9a93213f41ee528a636232351421dedc4ada2160b3f1b?s=96&d=mm&r=g","caption":"Zero \u00e0 Esquerda"},"description":"Tra\u00e7ando tend\u00eancias para al\u00e9m do capitalismo.","sameAs":["http:\/\/zeroaesquerda.com.br"],"url":"https:\/\/zeroaesquerda.com.br\/index.php\/author\/revistazeroaesquerdagmail-com\/"}]}},"_links":{"self":[{"href":"https:\/\/zeroaesquerda.com.br\/index.php\/wp-json\/wp\/v2\/posts\/445","targetHints":{"allow":["GET"]}}],"collection":[{"href":"https:\/\/zeroaesquerda.com.br\/index.php\/wp-json\/wp\/v2\/posts"}],"about":[{"href":"https:\/\/zeroaesquerda.com.br\/index.php\/wp-json\/wp\/v2\/types\/post"}],"author":[{"embeddable":true,"href":"https:\/\/zeroaesquerda.com.br\/index.php\/wp-json\/wp\/v2\/users\/1"}],"replies":[{"embeddable":true,"href":"https:\/\/zeroaesquerda.com.br\/index.php\/wp-json\/wp\/v2\/comments?post=445"}],"version-history":[{"count":2,"href":"https:\/\/zeroaesquerda.com.br\/index.php\/wp-json\/wp\/v2\/posts\/445\/revisions"}],"predecessor-version":[{"id":1592,"href":"https:\/\/zeroaesquerda.com.br\/index.php\/wp-json\/wp\/v2\/posts\/445\/revisions\/1592"}],"wp:featuredmedia":[{"embeddable":true,"href":"https:\/\/zeroaesquerda.com.br\/index.php\/wp-json\/wp\/v2\/media\/1591"}],"wp:attachment":[{"href":"https:\/\/zeroaesquerda.com.br\/index.php\/wp-json\/wp\/v2\/media?parent=445"}],"wp:term":[{"taxonomy":"category","embeddable":true,"href":"https:\/\/zeroaesquerda.com.br\/index.php\/wp-json\/wp\/v2\/categories?post=445"},{"taxonomy":"post_tag","embeddable":true,"href":"https:\/\/zeroaesquerda.com.br\/index.php\/wp-json\/wp\/v2\/tags?post=445"}],"curies":[{"name":"wp","href":"https:\/\/api.w.org\/{rel}","templated":true}]}}