{"id":4424,"date":"2026-01-27T12:00:00","date_gmt":"2026-01-27T12:00:00","guid":{"rendered":"https:\/\/zeroaesquerda.com.br\/?p=4424"},"modified":"2026-01-27T14:17:58","modified_gmt":"2026-01-27T14:17:58","slug":"a-unica-saida-de-park-chan-wook-andre-luiz-b-silva","status":"publish","type":"post","link":"https:\/\/zeroaesquerda.com.br\/index.php\/2026\/01\/27\/a-unica-saida-de-park-chan-wook-andre-luiz-b-silva\/","title":{"rendered":"A \u00danica Sa\u00edda de Park Chan-Wook \u2014 Andr\u00e9 Luiz B. Silva"},"content":{"rendered":"\n<p>Trata-se da mais recente adapta\u00e7\u00e3o do romance <em>O Corte<\/em> (<em>The Ax<\/em>) de Donald Westlake. Mais recente, pois anteriormente fora adaptado para o cinema pelo diretor grego-franc\u00eas Costa-Gavras com o t\u00edtulo <em>Le Couperet <\/em>(2005).<\/p>\n\n\n\n<p>Na vers\u00e3o de Gavras, conhecido pelo seu \u201ccinema pol\u00edtico\u201d<a id=\"_ftnref1\" href=\"#_ftn1\">[1]<\/a>, temos, a meu ver, um filme mais vigoroso que mereceria ser revisto dada a ocasi\u00e3o da \u201creleitura\u201d de Park Chan-Wook. No entanto, sem a inten\u00e7\u00e3o de desmerecer o diretor sul-coreano, conhecido por obras c\u00e9lebres como <em>Oldboy<\/em> (2003) e <em>A Criada<\/em> (2016), notam-se aspectos fascinantes e que nos possibilitam, vinte anos ap\u00f3s o filme de Gavras, acompanhar no cinema os desdobramentos da crise da sociedade do trabalho.<\/p>\n\n\n\n<p>Ainda que com excessivas pitadas de humor, o filme exp\u00f5e a ins\u00e2nia desesperadora da l\u00f3gica social, cujos indiv\u00edduos, despojados daquilo que os consolida na sociedade, assumem para si, como \u201cguerra de todos contra todos\u201d, a concorr\u00eancia desenfreada para alcan\u00e7ar um posto sup\u00e9rfluo, que pode ser dispensado em raz\u00e3o da automatiza\u00e7\u00e3o completa.<\/p>\n\n\n\n<p>A euforia de vencer a luta no filme \u00e9 acompanhada da composi\u00e7\u00e3o barroca de Marin Marais, <em>Le Badinage IV. 87<\/em>, o que talvez signifique que vencer esta competi\u00e7\u00e3o, na verdade, seja A Derrota.<\/p>\n\n\n\n<p>O filme se inicia mostrando a id\u00edlica casa de Yoo Man-su, personagem principal da trama e funcion\u00e1rio exemplar de uma f\u00e1brica de papel. Com esse of\u00edcio, ele \u00e9 o \u201cprovedor\u201d de sua fam\u00edlia, constitu\u00edda por sua esposa, Yoo Mi-ri, seus dois filhos e dois cachorros da ra\u00e7a Golden Retriever. As cenas iniciais parecem mostrar a realiza\u00e7\u00e3o do antigo sonho americano na Coreia do Sul: o pai provedor preparando o churrasco na grelha para seus filhos e sua esposa cuidando de outros preparativos, como a arruma\u00e7\u00e3o da mesa, para o almo\u00e7o no quintal.<\/p>\n\n\n\n<p>Todavia, nas cenas seguintes, o sonho come\u00e7a a ser triturado e Yoo Man-su passa a viver o seu pesadelo na m\u00e3o dos americanos que acabaram de adquirir a empresa em que trabalhara por 25 anos. Ele \u00e9 demitido e, como afirma, ser demitido nesta sociedade \u00e9 como ter a cabe\u00e7a decepada por um machado. Talvez a frase pare\u00e7a hiperb\u00f3lica, no entanto, ela \u00e9 realista. Isso porque, apesar do trabalho ter se tornado sup\u00e9rfluo, a sociedade continua se organizando em torno dele e, quanto mais essa superfluidade se apresenta, mais violenta s\u00e3o as imposi\u00e7\u00f5es desse deus deca\u00eddo.<\/p>\n\n\n\n<p>O \u201ctempo livre\u201d se torna um mart\u00edrio; ele \u00e9 negativo. O desempregado, ainda que goze de benef\u00edcios de seguridade social (tamb\u00e9m cada vez mais escassos), n\u00e3o pode se dar ao luxo de aproveitar uma temporada livre do<em>Tripalium<\/em>&nbsp;moderno. Ele deve submeter-se a uma s\u00e9rie de rituais de sofrimento, desde din\u00e2micas em grupo, que servir\u00e3o para internalizar nele pensamentos positivos, necess\u00e1rios para vencer na vida, at\u00e9 as entrevistas de emprego que o expor\u00e3o \u00e0 mis\u00e9ria de sua condi\u00e7\u00e3o. Como na cena em que Man-Su \u00e9 entrevistado sob a luz inc\u00f4moda do sol. Suando e tremendo, est\u00e1 totalmente exposto aquele homem que tenta vender sua for\u00e7a de trabalho a quem n\u00e3o mais quer compr\u00e1-la.<\/p>\n\n\n\n<p>O imperativo social ordena que \u00e9 preciso estar em movimento, \u00e0 procura daquilo que constituiria o valor da dignidade. &nbsp;Entre idas e vindas, o tempo passa e, nessa sociabilidade, em que os doutos pregam \u201ctempo \u00e9 dinheiro\u201d, quanto mais tempo <em>desperdi\u00e7ado<\/em>, mais dif\u00edcil retornar ao <em>p\u00e1reo<\/em>. Os dias correm, as d\u00edvidas chegam, e a condi\u00e7\u00e3o de sujeito monet\u00e1rio sem dinheiro esfacela o indiv\u00edduo, coloca-o defronte da sociedade de que faz parte.<\/p>\n\n\n\n<p>Bruno Davert, nome da personagem principal em <em>Le<\/em> <em>Couperet<\/em> de Gavras, anuncia o c\u00e1lculo que o fez chegar em suas conclus\u00f5es: \u201cMatando a 1000 acionistas n\u00e3o me beneficiaria em nada. E se forem 10 executivos que tiverem despedido a 1000 empregados, o que ganharia? Nada. S\u00e3o meus inimigos, mas n\u00e3o s\u00e3o assunto meu. Meu problema eram estes cinco curr\u00edculos. Esses cinco, al\u00e9m de Machefer<a id=\"_ftnref2\" href=\"#_ftn2\">[2]<\/a>\u201d.<\/p>\n\n\n<style>.wp-block-kadence-advancedgallery .kb-gallery-type-masonry.kb-gallery-id-4424_3bd52a-05{margin:-5px;}.kb-gallery-type-masonry.kb-gallery-id-4424_3bd52a-05 .kadence-blocks-gallery-item{padding:5px;}.kb-gallery-id-4424_3bd52a-05 .kadence-blocks-gallery-item .kb-gal-image-radius, .kb-gallery-id-4424_3bd52a-05 .kb-slide-item .kb-gal-image-radius img{border-radius:0px 0px 0px 0px;;}<\/style><div class=\"kb-gallery-wrap-id-4424_3bd52a-05 alignwide alignwide wp-block-kadence-advancedgallery\"><ul class=\"kb-gallery-ul kb-gallery-non-static kb-gallery-type-masonry kb-masonry-init kb-gallery-id-4424_3bd52a-05 kb-gallery-caption-style-bottom-hover kb-gallery-filter-none\" data-image-filter=\"none\" data-item-selector=\".kadence-blocks-gallery-item\" data-lightbox-caption=\"true\" data-columns-xxl=\"1\" data-columns-xl=\"1\" data-columns-md=\"1\" data-columns-sm=\"1\" data-columns-xs=\"1\" data-columns-ss=\"1\"><li class=\"kadence-blocks-gallery-item\" tabindex=\"0\"><div class=\"kadence-blocks-gallery-item-inner\"><figure class=\"kb-gallery-figure kadence-blocks-gallery-item-hide-caption\"><div class=\"kb-gal-image-radius\" style=\"max-width:1024px;\"><div class=\"kb-gallery-image-contain kadence-blocks-gallery-intrinsic\" style=\"padding-bottom:56%;\"><img data-dominant-color=\"969991\" data-has-transparency=\"false\" style=\"--dominant-color: #969991;\" loading=\"lazy\" decoding=\"async\" src=\"https:\/\/zeroaesquerda.com.br\/wp-content\/uploads\/2026\/01\/unnamed-1024x576.avif\" width=\"1024\" height=\"576\" alt=\"\" data-full-image=\"https:\/\/zeroaesquerda.com.br\/wp-content\/uploads\/2026\/01\/unnamed.avif\" data-light-image=\"https:\/\/zeroaesquerda.com.br\/wp-content\/uploads\/2026\/01\/unnamed.avif\" data-id=\"4434\" class=\"wp-image-4434 not-transparent\" srcset=\"https:\/\/zeroaesquerda.com.br\/wp-content\/uploads\/2026\/01\/unnamed-1024x576.avif 1024w, https:\/\/zeroaesquerda.com.br\/wp-content\/uploads\/2026\/01\/unnamed-300x169.avif 300w, https:\/\/zeroaesquerda.com.br\/wp-content\/uploads\/2026\/01\/unnamed-768x432.avif 768w, https:\/\/zeroaesquerda.com.br\/wp-content\/uploads\/2026\/01\/unnamed-1536x864.avif 1536w, https:\/\/zeroaesquerda.com.br\/wp-content\/uploads\/2026\/01\/unnamed.avif 1920w\" sizes=\"auto, (max-width: 1024px) 100vw, 1024px\" \/><\/div><\/div><\/figure><\/div><\/li><\/ul><\/div>\n\n\n<p>J\u00e1 no filme de Park Chan-Wook, vemos Yoo Man-su assistindo a um v\u00eddeo de propaganda empresarial pelo celular ao lado de Yoo Mi-ri, que diz: \u201cComparado ao meu marido, ele n\u00e3o \u00e9 nada. Ele poderia ser atingido por um raio\u201d. Neste momento, a c\u00e2mera foca na risada amarelada das duas personagens. A ideia \u00e9 concebida. Da\u00ed em diante, acompanharemos Yoo Man-su em sua artimanha para reconhecer seus concorrentes e suas tentativas de assassin\u00e1-los.<\/p>\n\n\n<style>.wp-block-kadence-advancedgallery .kb-gallery-type-masonry.kb-gallery-id-4424_f8e5b3-a4{margin:-5px;}.kb-gallery-type-masonry.kb-gallery-id-4424_f8e5b3-a4 .kadence-blocks-gallery-item{padding:5px;}.kb-gallery-id-4424_f8e5b3-a4 .kadence-blocks-gallery-item .kb-gal-image-radius, .kb-gallery-id-4424_f8e5b3-a4 .kb-slide-item .kb-gal-image-radius img{border-radius:0px 0px 0px 0px;;}<\/style><div class=\"kb-gallery-wrap-id-4424_f8e5b3-a4 alignnone wp-block-kadence-advancedgallery\"><ul class=\"kb-gallery-ul kb-gallery-non-static kb-gallery-type-masonry kb-masonry-init kb-gallery-id-4424_f8e5b3-a4 kb-gallery-caption-style-bottom-hover kb-gallery-filter-none\" data-image-filter=\"none\" data-item-selector=\".kadence-blocks-gallery-item\" data-lightbox-caption=\"true\" data-columns-xxl=\"1\" data-columns-xl=\"1\" data-columns-md=\"1\" data-columns-sm=\"1\" data-columns-xs=\"1\" data-columns-ss=\"1\"><li class=\"kadence-blocks-gallery-item\" tabindex=\"0\"><div class=\"kadence-blocks-gallery-item-inner\"><figure class=\"kb-gallery-figure kadence-blocks-gallery-item-hide-caption\"><div class=\"kb-gal-image-radius\" style=\"max-width:1024px;\"><div class=\"kb-gallery-image-contain kadence-blocks-gallery-intrinsic\" style=\"padding-bottom:42%;\"><img data-dominant-color=\"4e3b33\" data-has-transparency=\"false\" style=\"--dominant-color: #4e3b33;\" loading=\"lazy\" decoding=\"async\" src=\"https:\/\/zeroaesquerda.com.br\/wp-content\/uploads\/2026\/01\/foto-smile-1024x438.avif\" width=\"1024\" height=\"438\" alt=\"\" data-full-image=\"https:\/\/zeroaesquerda.com.br\/wp-content\/uploads\/2026\/01\/foto-smile.avif\" data-light-image=\"https:\/\/zeroaesquerda.com.br\/wp-content\/uploads\/2026\/01\/foto-smile.avif\" data-id=\"4436\" class=\"wp-image-4436 not-transparent\" srcset=\"https:\/\/zeroaesquerda.com.br\/wp-content\/uploads\/2026\/01\/foto-smile-1024x438.avif 1024w, https:\/\/zeroaesquerda.com.br\/wp-content\/uploads\/2026\/01\/foto-smile-300x128.avif 300w, https:\/\/zeroaesquerda.com.br\/wp-content\/uploads\/2026\/01\/foto-smile-768x329.avif 768w, https:\/\/zeroaesquerda.com.br\/wp-content\/uploads\/2026\/01\/foto-smile.avif 1348w\" sizes=\"auto, (max-width: 1024px) 100vw, 1024px\" \/><\/div><\/div><\/figure><\/div><\/li><\/ul><\/div>\n\n\n<p>&nbsp;<\/p>\n\n\n\n<p>Enquanto em <em>Le Couperet<\/em>, Gavras assume um tom mais sombrio e de cr\u00edtica social mais aguda, <em>A \u00danica Sa\u00edda<\/em> de Chan-Wook amea\u00e7a cair no pastel\u00e3o, na comicidade de seus personagens e nas trapalhadas daquele que escolheu eliminar seus concorrentes. O drama social amea\u00e7a se perder. No entanto, apesar dos gracejos, ao final o filme se livra de toda aquela histeria que o acompanhava; a seriedade do tema descolore a tela e as express\u00f5es c\u00f4micas, assumindo o cinza do cemit\u00e9rio daqueles combalidos da guerra sangrenta que \u00e9 a sociedade moderna em sua normalidade.<\/p>\n\n\n\n<p>A casa n\u00e3o \u00e9 mais id\u00edlica, uma vez que l\u00e1 residem as v\u00edtimas do triunfo. Ri-One, a filha do casal, expressa todo o horror tr\u00e1gico numa su\u00edte de t\u00edtulo alegre. Em 2005, Davert ainda tinha inimigos a encarar quando conquistava o que pretendia; em 2025, a escurid\u00e3o das f\u00e1bricas sem vida prenuncia a derrota da humanidade sob um sistema que devasta a tudo e todos.&nbsp;<\/p>\n\n\n\n<hr class=\"wp-block-separator has-alpha-channel-opacity\"\/>\n\n\n\n<p><a href=\"#_ftnref1\" id=\"_ftn1\">[1]<\/a> Apesar dele mesmo desdenhar dessa alcunha, afirmando com raz\u00e3o que todo filme \u00e9 pol\u00edtico<\/p>\n\n\n\n<p><a href=\"#_ftnref2\" id=\"_ftn2\">[2]<\/a> Aquele que ocupa o posto desejado por Davert. Para al\u00e9m dos concorrentes, era preciso tamb\u00e9m forjar a vaga desejada.<\/p>\n\n\n\n<div class=\"wp-block-columns is-layout-flex wp-container-core-columns-is-layout-61ecc280 wp-block-columns-is-layout-flex\" style=\"padding-top:2.5rem;padding-right:2.5rem;padding-bottom:2.5rem;padding-left:2.5rem\">\n<div class=\"wp-block-column is-layout-flow wp-block-column-is-layout-flow\" style=\"flex-basis:25%\">\n<figure class=\"wp-block-image size-full\"><img data-dominant-color=\"b8b6b2\" data-has-transparency=\"false\" style=\"--dominant-color: #b8b6b2;\" loading=\"lazy\" decoding=\"async\" width=\"593\" height=\"458\" sizes=\"auto, (max-width: 593px) 100vw, 593px\" src=\"https:\/\/zeroaesquerda.com.br\/wp-content\/uploads\/2026\/01\/eueueue.avif\" alt=\"\" class=\"wp-image-4433 not-transparent\" srcset=\"https:\/\/zeroaesquerda.com.br\/wp-content\/uploads\/2026\/01\/eueueue.avif 593w, https:\/\/zeroaesquerda.com.br\/wp-content\/uploads\/2026\/01\/eueueue-300x232.avif 300w\" \/><\/figure>\n<\/div>\n\n\n\n<div class=\"wp-block-column is-layout-flow wp-block-column-is-layout-flow\" style=\"flex-basis:75%\">\n<h2 class=\"wp-block-heading\">Andr\u00e9 Luiz B. Silva<\/h2>\n\n\n\n<p class=\"has-theme-palette-3-color has-text-color has-link-color wp-elements-35912d203f3d5e46f19cef029cbc8aec\">Doutorando em Filosofia na Universidade Federal de S\u00e3o Paulo (Unifesp). \u00c9 integrante e um dos fundadores da Revista Zero \u00e0 Esquerda.<\/p>\n\n\n\n<div class=\"wp-block-buttons is-layout-flex wp-block-buttons-is-layout-flex\">\n<div class=\"wp-block-button\"><a class=\"wp-block-button__link wp-element-button\">Autor<\/a><\/div>\n<\/div>\n<\/div>\n<\/div>\n\n\n\n<p><\/p>\n","protected":false},"excerpt":{"rendered":"<p>Trata-se da mais recente adapta\u00e7\u00e3o do romance O Corte (The Ax) de Donald Westlake. Mais recente, pois anteriormente fora adaptado para o cinema pelo diretor grego-franc\u00eas Costa-Gavras com o t\u00edtulo Le Couperet (2005). Na vers\u00e3o de Gavras, conhecido pelo seu \u201ccinema pol\u00edtico\u201d[1], temos, a meu ver, um filme mais vigoroso que mereceria ser revisto dada&#8230;<\/p>\n","protected":false},"author":1,"featured_media":4427,"comment_status":"open","ping_status":"open","sticky":false,"template":"","format":"standard","meta":{"_coblocks_attr":"GeorgiaHelvetica,Roboto,","_coblocks_dimensions":"","_coblocks_responsive_height":"","_coblocks_accordion_ie_support":"","om_disable_all_campaigns":false,"_monsterinsights_skip_tracking":false,"_monsterinsights_sitenote_active":false,"_monsterinsights_sitenote_note":"","_monsterinsights_sitenote_category":0,"_uf_show_specific_survey":0,"_uf_disable_surveys":false,"_kadence_starter_templates_imported_post":false,"_kad_post_transparent":"","_kad_post_title":"","_kad_post_layout":"","_kad_post_sidebar_id":"","_kad_post_content_style":"","_kad_post_vertical_padding":"","_kad_post_feature":"","_kad_post_feature_position":"","_kad_post_header":false,"_kad_post_footer":false,"_kad_post_classname":"","footnotes":""},"categories":[424,350,347],"tags":[81,658,540,656],"class_list":["post-4424","post","type-post","status-publish","format-standard","has-post-thumbnail","hentry","category-andre-luiz-b-silva","category-autores","category-producoes","tag-cinema","tag-costa-gavras","tag-critica","tag-filosofia-social"],"yoast_head":"<!-- This site is optimized with the Yoast SEO plugin v27.4 - https:\/\/yoast.com\/product\/yoast-seo-wordpress\/ -->\n<title>A \u00danica Sa\u00edda de Park Chan-Wook \u2014 Andr\u00e9 Luiz B. Silva - Zero \u00e0 Esquerda<\/title>\n<meta name=\"description\" content=\"Ainda que com excessivas pitadas de humor, o filme exp\u00f5e a ins\u00e2nia desesperadora da l\u00f3gica social, cujos indiv\u00edduos, despojados daquilo que os consolida na sociedade, assumem para si, como \u201cguerra de todos contra todos\u201d, a concorr\u00eancia desenfreada para alcan\u00e7ar um posto sup\u00e9rfluo que pode ser dispensado em raz\u00e3o da automatiza\u00e7\u00e3o completa.\" \/>\n<meta name=\"robots\" content=\"index, follow, max-snippet:-1, max-image-preview:large, max-video-preview:-1\" \/>\n<link rel=\"canonical\" href=\"https:\/\/zeroaesquerda.com.br\/index.php\/2026\/01\/27\/a-unica-saida-de-park-chan-wook-andre-luiz-b-silva\/\" \/>\n<meta property=\"og:locale\" content=\"pt_BR\" \/>\n<meta property=\"og:type\" content=\"article\" \/>\n<meta property=\"og:title\" content=\"A \u00danica Sa\u00edda de Park Chan-Wook \u2014 Andr\u00e9 Luiz B. Silva - Zero \u00e0 Esquerda\" \/>\n<meta property=\"og:description\" content=\"Ainda que com excessivas pitadas de humor, o filme exp\u00f5e a ins\u00e2nia desesperadora da l\u00f3gica social, cujos indiv\u00edduos, despojados daquilo que os consolida na sociedade, assumem para si, como \u201cguerra de todos contra todos\u201d, a concorr\u00eancia desenfreada para alcan\u00e7ar um posto sup\u00e9rfluo que pode ser dispensado em raz\u00e3o da automatiza\u00e7\u00e3o completa.\" \/>\n<meta property=\"og:url\" content=\"https:\/\/zeroaesquerda.com.br\/index.php\/2026\/01\/27\/a-unica-saida-de-park-chan-wook-andre-luiz-b-silva\/\" \/>\n<meta property=\"og:site_name\" content=\"Zero \u00e0 Esquerda\" \/>\n<meta property=\"article:publisher\" content=\"https:\/\/www.facebook.com\/revistazeroaesquerda\" \/>\n<meta property=\"article:published_time\" content=\"2026-01-27T12:00:00+00:00\" \/>\n<meta property=\"article:modified_time\" content=\"2026-01-27T14:17:58+00:00\" \/>\n<meta property=\"og:image\" content=\"https:\/\/zeroaesquerda.com.br\/wp-content\/uploads\/2026\/01\/a-unica-saia-01-scaled.avif\" \/>\n\t<meta property=\"og:image:width\" content=\"2560\" \/>\n\t<meta property=\"og:image:height\" content=\"1707\" \/>\n\t<meta property=\"og:image:type\" content=\"image\/jpeg\" \/>\n<meta name=\"author\" content=\"Zero \u00e0 Esquerda\" \/>\n<meta name=\"twitter:card\" content=\"summary_large_image\" \/>\n<meta name=\"twitter:creator\" content=\"@z3roaesquerda\" \/>\n<meta name=\"twitter:site\" content=\"@z3roaesquerda\" \/>\n<meta name=\"twitter:label1\" content=\"Escrito por\" \/>\n\t<meta name=\"twitter:data1\" content=\"Zero \u00e0 Esquerda\" \/>\n\t<meta name=\"twitter:label2\" content=\"Est. tempo de leitura\" \/>\n\t<meta name=\"twitter:data2\" content=\"6 minutos\" \/>\n<script type=\"application\/ld+json\" class=\"yoast-schema-graph\">{\"@context\":\"https:\\\/\\\/schema.org\",\"@graph\":[{\"@type\":\"Article\",\"@id\":\"https:\\\/\\\/zeroaesquerda.com.br\\\/index.php\\\/2026\\\/01\\\/27\\\/a-unica-saida-de-park-chan-wook-andre-luiz-b-silva\\\/#article\",\"isPartOf\":{\"@id\":\"https:\\\/\\\/zeroaesquerda.com.br\\\/index.php\\\/2026\\\/01\\\/27\\\/a-unica-saida-de-park-chan-wook-andre-luiz-b-silva\\\/\"},\"author\":{\"name\":\"Zero \u00e0 Esquerda\",\"@id\":\"https:\\\/\\\/zeroaesquerda.com.br\\\/#\\\/schema\\\/person\\\/04e72095a4fbe77f00c7b047955ed0b8\"},\"headline\":\"A \u00danica Sa\u00edda de Park Chan-Wook \u2014 Andr\u00e9 Luiz B. Silva\",\"datePublished\":\"2026-01-27T12:00:00+00:00\",\"dateModified\":\"2026-01-27T14:17:58+00:00\",\"mainEntityOfPage\":{\"@id\":\"https:\\\/\\\/zeroaesquerda.com.br\\\/index.php\\\/2026\\\/01\\\/27\\\/a-unica-saida-de-park-chan-wook-andre-luiz-b-silva\\\/\"},\"wordCount\":997,\"commentCount\":0,\"publisher\":{\"@id\":\"https:\\\/\\\/zeroaesquerda.com.br\\\/#organization\"},\"image\":{\"@id\":\"https:\\\/\\\/zeroaesquerda.com.br\\\/index.php\\\/2026\\\/01\\\/27\\\/a-unica-saida-de-park-chan-wook-andre-luiz-b-silva\\\/#primaryimage\"},\"thumbnailUrl\":\"https:\\\/\\\/zeroaesquerda.com.br\\\/wp-content\\\/uploads\\\/2026\\\/01\\\/a-unica-saia-01-scaled.avif\",\"keywords\":[\"Cinema\",\"Costa-Gavras\",\"Cr\u00edtica\",\"Filosofia Social\"],\"articleSection\":[\"Andr\u00e9 Luiz B. Silva\",\"Autores\",\"Produ\u00e7\u00f5es\"],\"inLanguage\":\"pt-BR\",\"potentialAction\":[{\"@type\":\"CommentAction\",\"name\":\"Comment\",\"target\":[\"https:\\\/\\\/zeroaesquerda.com.br\\\/index.php\\\/2026\\\/01\\\/27\\\/a-unica-saida-de-park-chan-wook-andre-luiz-b-silva\\\/#respond\"]}]},{\"@type\":\"WebPage\",\"@id\":\"https:\\\/\\\/zeroaesquerda.com.br\\\/index.php\\\/2026\\\/01\\\/27\\\/a-unica-saida-de-park-chan-wook-andre-luiz-b-silva\\\/\",\"url\":\"https:\\\/\\\/zeroaesquerda.com.br\\\/index.php\\\/2026\\\/01\\\/27\\\/a-unica-saida-de-park-chan-wook-andre-luiz-b-silva\\\/\",\"name\":\"A \u00danica Sa\u00edda de Park Chan-Wook \u2014 Andr\u00e9 Luiz B. Silva - Zero \u00e0 Esquerda\",\"isPartOf\":{\"@id\":\"https:\\\/\\\/zeroaesquerda.com.br\\\/#website\"},\"primaryImageOfPage\":{\"@id\":\"https:\\\/\\\/zeroaesquerda.com.br\\\/index.php\\\/2026\\\/01\\\/27\\\/a-unica-saida-de-park-chan-wook-andre-luiz-b-silva\\\/#primaryimage\"},\"image\":{\"@id\":\"https:\\\/\\\/zeroaesquerda.com.br\\\/index.php\\\/2026\\\/01\\\/27\\\/a-unica-saida-de-park-chan-wook-andre-luiz-b-silva\\\/#primaryimage\"},\"thumbnailUrl\":\"https:\\\/\\\/zeroaesquerda.com.br\\\/wp-content\\\/uploads\\\/2026\\\/01\\\/a-unica-saia-01-scaled.avif\",\"datePublished\":\"2026-01-27T12:00:00+00:00\",\"dateModified\":\"2026-01-27T14:17:58+00:00\",\"description\":\"Ainda que com excessivas pitadas de humor, o filme exp\u00f5e a ins\u00e2nia desesperadora da l\u00f3gica social, cujos indiv\u00edduos, despojados daquilo que os consolida na sociedade, assumem para si, como \u201cguerra de todos contra todos\u201d, a concorr\u00eancia desenfreada para alcan\u00e7ar um posto sup\u00e9rfluo que pode ser dispensado em raz\u00e3o da automatiza\u00e7\u00e3o completa.\",\"breadcrumb\":{\"@id\":\"https:\\\/\\\/zeroaesquerda.com.br\\\/index.php\\\/2026\\\/01\\\/27\\\/a-unica-saida-de-park-chan-wook-andre-luiz-b-silva\\\/#breadcrumb\"},\"inLanguage\":\"pt-BR\",\"potentialAction\":[{\"@type\":\"ReadAction\",\"target\":[\"https:\\\/\\\/zeroaesquerda.com.br\\\/index.php\\\/2026\\\/01\\\/27\\\/a-unica-saida-de-park-chan-wook-andre-luiz-b-silva\\\/\"]}]},{\"@type\":\"ImageObject\",\"inLanguage\":\"pt-BR\",\"@id\":\"https:\\\/\\\/zeroaesquerda.com.br\\\/index.php\\\/2026\\\/01\\\/27\\\/a-unica-saida-de-park-chan-wook-andre-luiz-b-silva\\\/#primaryimage\",\"url\":\"https:\\\/\\\/zeroaesquerda.com.br\\\/wp-content\\\/uploads\\\/2026\\\/01\\\/a-unica-saia-01-scaled.avif\",\"contentUrl\":\"https:\\\/\\\/zeroaesquerda.com.br\\\/wp-content\\\/uploads\\\/2026\\\/01\\\/a-unica-saia-01-scaled.avif\",\"width\":2560,\"height\":1707},{\"@type\":\"BreadcrumbList\",\"@id\":\"https:\\\/\\\/zeroaesquerda.com.br\\\/index.php\\\/2026\\\/01\\\/27\\\/a-unica-saida-de-park-chan-wook-andre-luiz-b-silva\\\/#breadcrumb\",\"itemListElement\":[{\"@type\":\"ListItem\",\"position\":1,\"name\":\"In\u00edcio\",\"item\":\"https:\\\/\\\/zeroaesquerda.com.br\\\/\"},{\"@type\":\"ListItem\",\"position\":2,\"name\":\"A \u00danica Sa\u00edda de Park Chan-Wook \u2014 Andr\u00e9 Luiz B. Silva\"}]},{\"@type\":\"WebSite\",\"@id\":\"https:\\\/\\\/zeroaesquerda.com.br\\\/#website\",\"url\":\"https:\\\/\\\/zeroaesquerda.com.br\\\/\",\"name\":\"Zero \u00e0 Esquerda\",\"description\":\"Tra\u00e7ando tend\u00eancias para al\u00e9m do capitalismo.\",\"publisher\":{\"@id\":\"https:\\\/\\\/zeroaesquerda.com.br\\\/#organization\"},\"potentialAction\":[{\"@type\":\"SearchAction\",\"target\":{\"@type\":\"EntryPoint\",\"urlTemplate\":\"https:\\\/\\\/zeroaesquerda.com.br\\\/?s={search_term_string}\"},\"query-input\":{\"@type\":\"PropertyValueSpecification\",\"valueRequired\":true,\"valueName\":\"search_term_string\"}}],\"inLanguage\":\"pt-BR\"},{\"@type\":\"Organization\",\"@id\":\"https:\\\/\\\/zeroaesquerda.com.br\\\/#organization\",\"name\":\"Zero \u00e0 Esquerda\",\"url\":\"https:\\\/\\\/zeroaesquerda.com.br\\\/\",\"logo\":{\"@type\":\"ImageObject\",\"inLanguage\":\"pt-BR\",\"@id\":\"https:\\\/\\\/zeroaesquerda.com.br\\\/#\\\/schema\\\/logo\\\/image\\\/\",\"url\":\"https:\\\/\\\/zeroaesquerda.com.br\\\/wp-content\\\/uploads\\\/2021\\\/01\\\/4-simbolo-zero-a-esquerda-favicon-alt.png\",\"contentUrl\":\"https:\\\/\\\/zeroaesquerda.com.br\\\/wp-content\\\/uploads\\\/2021\\\/01\\\/4-simbolo-zero-a-esquerda-favicon-alt.png\",\"width\":1271,\"height\":1069,\"caption\":\"Zero \u00e0 Esquerda\"},\"image\":{\"@id\":\"https:\\\/\\\/zeroaesquerda.com.br\\\/#\\\/schema\\\/logo\\\/image\\\/\"},\"sameAs\":[\"https:\\\/\\\/www.facebook.com\\\/revistazeroaesquerda\",\"https:\\\/\\\/x.com\\\/z3roaesquerda\",\"https:\\\/\\\/www.instagram.com\\\/revistazeroaesquerda\\\/\",\"https:\\\/\\\/www.youtube.com\\\/channel\\\/UCIaGx271Qw6D1QwqYBojrLw\"]},{\"@type\":\"Person\",\"@id\":\"https:\\\/\\\/zeroaesquerda.com.br\\\/#\\\/schema\\\/person\\\/04e72095a4fbe77f00c7b047955ed0b8\",\"name\":\"Zero \u00e0 Esquerda\",\"image\":{\"@type\":\"ImageObject\",\"inLanguage\":\"pt-BR\",\"@id\":\"https:\\\/\\\/secure.gravatar.com\\\/avatar\\\/a417d8eccb1cec435aa9a93213f41ee528a636232351421dedc4ada2160b3f1b?s=96&d=mm&r=g\",\"url\":\"https:\\\/\\\/secure.gravatar.com\\\/avatar\\\/a417d8eccb1cec435aa9a93213f41ee528a636232351421dedc4ada2160b3f1b?s=96&d=mm&r=g\",\"contentUrl\":\"https:\\\/\\\/secure.gravatar.com\\\/avatar\\\/a417d8eccb1cec435aa9a93213f41ee528a636232351421dedc4ada2160b3f1b?s=96&d=mm&r=g\",\"caption\":\"Zero \u00e0 Esquerda\"},\"description\":\"Tra\u00e7ando tend\u00eancias para al\u00e9m do capitalismo.\",\"sameAs\":[\"http:\\\/\\\/zeroaesquerda.com.br\"],\"url\":\"https:\\\/\\\/zeroaesquerda.com.br\\\/index.php\\\/author\\\/revistazeroaesquerdagmail-com\\\/\"}]}<\/script>\n<!-- \/ Yoast SEO plugin. -->","yoast_head_json":{"title":"A \u00danica Sa\u00edda de Park Chan-Wook \u2014 Andr\u00e9 Luiz B. Silva - Zero \u00e0 Esquerda","description":"Ainda que com excessivas pitadas de humor, o filme exp\u00f5e a ins\u00e2nia desesperadora da l\u00f3gica social, cujos indiv\u00edduos, despojados daquilo que os consolida na sociedade, assumem para si, como \u201cguerra de todos contra todos\u201d, a concorr\u00eancia desenfreada para alcan\u00e7ar um posto sup\u00e9rfluo que pode ser dispensado em raz\u00e3o da automatiza\u00e7\u00e3o completa.","robots":{"index":"index","follow":"follow","max-snippet":"max-snippet:-1","max-image-preview":"max-image-preview:large","max-video-preview":"max-video-preview:-1"},"canonical":"https:\/\/zeroaesquerda.com.br\/index.php\/2026\/01\/27\/a-unica-saida-de-park-chan-wook-andre-luiz-b-silva\/","og_locale":"pt_BR","og_type":"article","og_title":"A \u00danica Sa\u00edda de Park Chan-Wook \u2014 Andr\u00e9 Luiz B. Silva - Zero \u00e0 Esquerda","og_description":"Ainda que com excessivas pitadas de humor, o filme exp\u00f5e a ins\u00e2nia desesperadora da l\u00f3gica social, cujos indiv\u00edduos, despojados daquilo que os consolida na sociedade, assumem para si, como \u201cguerra de todos contra todos\u201d, a concorr\u00eancia desenfreada para alcan\u00e7ar um posto sup\u00e9rfluo que pode ser dispensado em raz\u00e3o da automatiza\u00e7\u00e3o completa.","og_url":"https:\/\/zeroaesquerda.com.br\/index.php\/2026\/01\/27\/a-unica-saida-de-park-chan-wook-andre-luiz-b-silva\/","og_site_name":"Zero \u00e0 Esquerda","article_publisher":"https:\/\/www.facebook.com\/revistazeroaesquerda","article_published_time":"2026-01-27T12:00:00+00:00","article_modified_time":"2026-01-27T14:17:58+00:00","og_image":[{"width":2560,"height":1707,"url":"https:\/\/zeroaesquerda.com.br\/wp-content\/uploads\/2026\/01\/a-unica-saia-01-scaled.avif","type":"image\/jpeg"}],"author":"Zero \u00e0 Esquerda","twitter_card":"summary_large_image","twitter_creator":"@z3roaesquerda","twitter_site":"@z3roaesquerda","twitter_misc":{"Escrito por":"Zero \u00e0 Esquerda","Est. tempo de leitura":"6 minutos"},"schema":{"@context":"https:\/\/schema.org","@graph":[{"@type":"Article","@id":"https:\/\/zeroaesquerda.com.br\/index.php\/2026\/01\/27\/a-unica-saida-de-park-chan-wook-andre-luiz-b-silva\/#article","isPartOf":{"@id":"https:\/\/zeroaesquerda.com.br\/index.php\/2026\/01\/27\/a-unica-saida-de-park-chan-wook-andre-luiz-b-silva\/"},"author":{"name":"Zero \u00e0 Esquerda","@id":"https:\/\/zeroaesquerda.com.br\/#\/schema\/person\/04e72095a4fbe77f00c7b047955ed0b8"},"headline":"A \u00danica Sa\u00edda de Park Chan-Wook \u2014 Andr\u00e9 Luiz B. Silva","datePublished":"2026-01-27T12:00:00+00:00","dateModified":"2026-01-27T14:17:58+00:00","mainEntityOfPage":{"@id":"https:\/\/zeroaesquerda.com.br\/index.php\/2026\/01\/27\/a-unica-saida-de-park-chan-wook-andre-luiz-b-silva\/"},"wordCount":997,"commentCount":0,"publisher":{"@id":"https:\/\/zeroaesquerda.com.br\/#organization"},"image":{"@id":"https:\/\/zeroaesquerda.com.br\/index.php\/2026\/01\/27\/a-unica-saida-de-park-chan-wook-andre-luiz-b-silva\/#primaryimage"},"thumbnailUrl":"https:\/\/zeroaesquerda.com.br\/wp-content\/uploads\/2026\/01\/a-unica-saia-01-scaled.avif","keywords":["Cinema","Costa-Gavras","Cr\u00edtica","Filosofia Social"],"articleSection":["Andr\u00e9 Luiz B. Silva","Autores","Produ\u00e7\u00f5es"],"inLanguage":"pt-BR","potentialAction":[{"@type":"CommentAction","name":"Comment","target":["https:\/\/zeroaesquerda.com.br\/index.php\/2026\/01\/27\/a-unica-saida-de-park-chan-wook-andre-luiz-b-silva\/#respond"]}]},{"@type":"WebPage","@id":"https:\/\/zeroaesquerda.com.br\/index.php\/2026\/01\/27\/a-unica-saida-de-park-chan-wook-andre-luiz-b-silva\/","url":"https:\/\/zeroaesquerda.com.br\/index.php\/2026\/01\/27\/a-unica-saida-de-park-chan-wook-andre-luiz-b-silva\/","name":"A \u00danica Sa\u00edda de Park Chan-Wook \u2014 Andr\u00e9 Luiz B. Silva - Zero \u00e0 Esquerda","isPartOf":{"@id":"https:\/\/zeroaesquerda.com.br\/#website"},"primaryImageOfPage":{"@id":"https:\/\/zeroaesquerda.com.br\/index.php\/2026\/01\/27\/a-unica-saida-de-park-chan-wook-andre-luiz-b-silva\/#primaryimage"},"image":{"@id":"https:\/\/zeroaesquerda.com.br\/index.php\/2026\/01\/27\/a-unica-saida-de-park-chan-wook-andre-luiz-b-silva\/#primaryimage"},"thumbnailUrl":"https:\/\/zeroaesquerda.com.br\/wp-content\/uploads\/2026\/01\/a-unica-saia-01-scaled.avif","datePublished":"2026-01-27T12:00:00+00:00","dateModified":"2026-01-27T14:17:58+00:00","description":"Ainda que com excessivas pitadas de humor, o filme exp\u00f5e a ins\u00e2nia desesperadora da l\u00f3gica social, cujos indiv\u00edduos, despojados daquilo que os consolida na sociedade, assumem para si, como \u201cguerra de todos contra todos\u201d, a concorr\u00eancia desenfreada para alcan\u00e7ar um posto sup\u00e9rfluo que pode ser dispensado em raz\u00e3o da automatiza\u00e7\u00e3o completa.","breadcrumb":{"@id":"https:\/\/zeroaesquerda.com.br\/index.php\/2026\/01\/27\/a-unica-saida-de-park-chan-wook-andre-luiz-b-silva\/#breadcrumb"},"inLanguage":"pt-BR","potentialAction":[{"@type":"ReadAction","target":["https:\/\/zeroaesquerda.com.br\/index.php\/2026\/01\/27\/a-unica-saida-de-park-chan-wook-andre-luiz-b-silva\/"]}]},{"@type":"ImageObject","inLanguage":"pt-BR","@id":"https:\/\/zeroaesquerda.com.br\/index.php\/2026\/01\/27\/a-unica-saida-de-park-chan-wook-andre-luiz-b-silva\/#primaryimage","url":"https:\/\/zeroaesquerda.com.br\/wp-content\/uploads\/2026\/01\/a-unica-saia-01-scaled.avif","contentUrl":"https:\/\/zeroaesquerda.com.br\/wp-content\/uploads\/2026\/01\/a-unica-saia-01-scaled.avif","width":2560,"height":1707},{"@type":"BreadcrumbList","@id":"https:\/\/zeroaesquerda.com.br\/index.php\/2026\/01\/27\/a-unica-saida-de-park-chan-wook-andre-luiz-b-silva\/#breadcrumb","itemListElement":[{"@type":"ListItem","position":1,"name":"In\u00edcio","item":"https:\/\/zeroaesquerda.com.br\/"},{"@type":"ListItem","position":2,"name":"A \u00danica Sa\u00edda de Park Chan-Wook \u2014 Andr\u00e9 Luiz B. Silva"}]},{"@type":"WebSite","@id":"https:\/\/zeroaesquerda.com.br\/#website","url":"https:\/\/zeroaesquerda.com.br\/","name":"Zero \u00e0 Esquerda","description":"Tra\u00e7ando tend\u00eancias para al\u00e9m do capitalismo.","publisher":{"@id":"https:\/\/zeroaesquerda.com.br\/#organization"},"potentialAction":[{"@type":"SearchAction","target":{"@type":"EntryPoint","urlTemplate":"https:\/\/zeroaesquerda.com.br\/?s={search_term_string}"},"query-input":{"@type":"PropertyValueSpecification","valueRequired":true,"valueName":"search_term_string"}}],"inLanguage":"pt-BR"},{"@type":"Organization","@id":"https:\/\/zeroaesquerda.com.br\/#organization","name":"Zero \u00e0 Esquerda","url":"https:\/\/zeroaesquerda.com.br\/","logo":{"@type":"ImageObject","inLanguage":"pt-BR","@id":"https:\/\/zeroaesquerda.com.br\/#\/schema\/logo\/image\/","url":"https:\/\/zeroaesquerda.com.br\/wp-content\/uploads\/2021\/01\/4-simbolo-zero-a-esquerda-favicon-alt.png","contentUrl":"https:\/\/zeroaesquerda.com.br\/wp-content\/uploads\/2021\/01\/4-simbolo-zero-a-esquerda-favicon-alt.png","width":1271,"height":1069,"caption":"Zero \u00e0 Esquerda"},"image":{"@id":"https:\/\/zeroaesquerda.com.br\/#\/schema\/logo\/image\/"},"sameAs":["https:\/\/www.facebook.com\/revistazeroaesquerda","https:\/\/x.com\/z3roaesquerda","https:\/\/www.instagram.com\/revistazeroaesquerda\/","https:\/\/www.youtube.com\/channel\/UCIaGx271Qw6D1QwqYBojrLw"]},{"@type":"Person","@id":"https:\/\/zeroaesquerda.com.br\/#\/schema\/person\/04e72095a4fbe77f00c7b047955ed0b8","name":"Zero \u00e0 Esquerda","image":{"@type":"ImageObject","inLanguage":"pt-BR","@id":"https:\/\/secure.gravatar.com\/avatar\/a417d8eccb1cec435aa9a93213f41ee528a636232351421dedc4ada2160b3f1b?s=96&d=mm&r=g","url":"https:\/\/secure.gravatar.com\/avatar\/a417d8eccb1cec435aa9a93213f41ee528a636232351421dedc4ada2160b3f1b?s=96&d=mm&r=g","contentUrl":"https:\/\/secure.gravatar.com\/avatar\/a417d8eccb1cec435aa9a93213f41ee528a636232351421dedc4ada2160b3f1b?s=96&d=mm&r=g","caption":"Zero \u00e0 Esquerda"},"description":"Tra\u00e7ando tend\u00eancias para al\u00e9m do capitalismo.","sameAs":["http:\/\/zeroaesquerda.com.br"],"url":"https:\/\/zeroaesquerda.com.br\/index.php\/author\/revistazeroaesquerdagmail-com\/"}]}},"_links":{"self":[{"href":"https:\/\/zeroaesquerda.com.br\/index.php\/wp-json\/wp\/v2\/posts\/4424","targetHints":{"allow":["GET"]}}],"collection":[{"href":"https:\/\/zeroaesquerda.com.br\/index.php\/wp-json\/wp\/v2\/posts"}],"about":[{"href":"https:\/\/zeroaesquerda.com.br\/index.php\/wp-json\/wp\/v2\/types\/post"}],"author":[{"embeddable":true,"href":"https:\/\/zeroaesquerda.com.br\/index.php\/wp-json\/wp\/v2\/users\/1"}],"replies":[{"embeddable":true,"href":"https:\/\/zeroaesquerda.com.br\/index.php\/wp-json\/wp\/v2\/comments?post=4424"}],"version-history":[{"count":10,"href":"https:\/\/zeroaesquerda.com.br\/index.php\/wp-json\/wp\/v2\/posts\/4424\/revisions"}],"predecessor-version":[{"id":4446,"href":"https:\/\/zeroaesquerda.com.br\/index.php\/wp-json\/wp\/v2\/posts\/4424\/revisions\/4446"}],"wp:featuredmedia":[{"embeddable":true,"href":"https:\/\/zeroaesquerda.com.br\/index.php\/wp-json\/wp\/v2\/media\/4427"}],"wp:attachment":[{"href":"https:\/\/zeroaesquerda.com.br\/index.php\/wp-json\/wp\/v2\/media?parent=4424"}],"wp:term":[{"taxonomy":"category","embeddable":true,"href":"https:\/\/zeroaesquerda.com.br\/index.php\/wp-json\/wp\/v2\/categories?post=4424"},{"taxonomy":"post_tag","embeddable":true,"href":"https:\/\/zeroaesquerda.com.br\/index.php\/wp-json\/wp\/v2\/tags?post=4424"}],"curies":[{"name":"wp","href":"https:\/\/api.w.org\/{rel}","templated":true}]}}