{"id":431,"date":"2020-03-08T16:57:43","date_gmt":"2020-03-08T19:57:43","guid":{"rendered":"https:\/\/tradutoresproletarios.wordpress.com\/?p=431"},"modified":"2021-01-23T05:22:56","modified_gmt":"2021-01-23T05:22:56","slug":"nao-necessitamos-de-permissao-para-lutar-pela-vida-as-mulheres-zapatistas-se-unem-para-a-greve-nacional-do-dia-9-de-marco","status":"publish","type":"post","link":"https:\/\/zeroaesquerda.com.br\/index.php\/2020\/03\/08\/nao-necessitamos-de-permissao-para-lutar-pela-vida-as-mulheres-zapatistas-se-unem-para-a-greve-nacional-do-dia-9-de-marco\/","title":{"rendered":"N\u00e3o necessitamos de permiss\u00e3o para lutar pela vida.  As mulheres zapatistas se unem para a greve nacional do dia 9 de mar\u00e7o \u2014 ELZN"},"content":{"rendered":"\n<p>&nbsp;<\/p>\n\n\n\n<figure class=\"wp-block-image size-large is-resized\"><img loading=\"lazy\" decoding=\"async\" src=\"https:\/\/tradutoresproletarios.files.wordpress.com\/2020\/03\/hhh.jpg?w=660\" alt=\"\" class=\"wp-image-435\" width=\"653\" height=\"327\"\/><\/figure>\n\n\n\n<p class=\"has-text-align-center\"><strong><span class=\"uppercase\">Ex\u00e9rcito Zapatista de Liberta\u00e7\u00e3o Nacional (EZLN)<\/span><\/strong><\/p>\n\n\n\n<p class=\"has-text-align-center\"><strong>N\u00e3o necessitamos de permiss\u00e3o para lutar pela vida.<\/strong><\/p>\n\n\n\n<p class=\"has-text-align-center\"><strong>As mulheres zapatistas se unem para a greve nacional do dia 9 de mar\u00e7o. [1]<\/strong><\/p>\n\n\n\n<p>&nbsp;<\/p>\n\n\n\n<p class=\"has-text-align-center\">M\u00e9xico.<\/p>\n\n\n\n<p class=\"has-text-align-center\">1 de Mar\u00e7o de 2020.<\/p>\n\n\n\n<p class=\"has-text-align-center\">\u00c0s Mulheres que lutam no M\u00e9xico e no Mundo.<\/p>\n\n\n\n<p class=\"has-text-align-center\">De: As mulheres ind\u00edgenas zapatistas do EZLN.<\/p>\n\n\n\n<p>Companheira e irm\u00e3:<\/p>\n\n\n\n<p>A saudamos em nome das mulheres ind\u00edgenas zapatistas de todas as idades, desde as pequeninas \u00e0s de maior ju\u00edzo, ou seja, de mais idade. Esperamos que se encontre bem e lutando na companhia de seus familiares, suas irm\u00e3s e companheiras.<\/p>\n\n\n\n<p>Aqui temos muitos problemas por causa dos paramilitares, que agora s\u00e3o do partido Morena (Movimento Regenera\u00e7\u00e3o Nacional) e, antes, foram do PRI (Partido Revolucion\u00e1rio Institucional), do PAN (Partido de A\u00e7\u00e3o Nacional), do PRD (Partido Revolucion\u00e1rio Democr\u00e1tico) e do Verde Ecologista. [<strong>2<\/strong>]<\/p>\n\n\n\n<p>No entanto, n\u00e3o \u00e9 sobre isso que queremos falar, mas sim de algo que \u00e9 mais urgente e mais importante: das grandes viol\u00eancias que h\u00e1 contra as mulheres, que parece que n\u00e3o se acabam, ao contr\u00e1rio, s\u00f3 aumentam, assim como a crueldade. Os assassinatos e desaparecimentos de mulheres j\u00e1 s\u00e3o uma loucura, que antes nem sequer se podia imaginar. Nenhuma mulher, de qualquer idade, classe social, milit\u00e2ncia pol\u00edtica, cor, ra\u00e7a ou cren\u00e7a religiosa est\u00e1 a salvo. Talvez poder\u00edamos pensar que as mulheres ricas, as governantes e as famosas, que t\u00eam condi\u00e7\u00f5es de se proteger com seus guardas e pol\u00edcia, poderiam dizer que est\u00e3o seguras, mas nem elas, porque n\u00e3o s\u00e3o poucas as vezes que a viol\u00eancia que desaparece, sequestra e assassina, vem de nossos familiares, amigos e conhecidos.<\/p>\n\n\n\n<p>\u00c9 necess\u00e1rio acabar com essas viol\u00eancias, venham de onde venham. Foi por&nbsp; isso que, antes, fizemos um chamado a nos manifestarmos, como mulheres que somos, o dia 8 de mar\u00e7o de 2020. Cada uma \u00e0 sua maneira, em seu espa\u00e7o e&nbsp; tempo. E pedimos que a demanda principal dessas manifesta\u00e7\u00f5es seja deter a viol\u00eancia contra as mulheres. E tamb\u00e9m, claro, dizer que n\u00e3o esquecemos as mulheres desaparecidas e assassinadas em todos os governos, sejam elas de v\u00e1rias cores, azuis, verdes, amarelas, laranjas, caf\u00e9 ou qualquer que seja sua cor, porque d\u00e1 no mesmo. E para recordar aos maus governos e lembrar das mulheres que perdemos, propusemos que carreg\u00e1ssemos em nossa roupa um sinal preto. Porque estamos de luto por tantas mortes cometidas contra mulheres em todo o mundo. E pior ainda, \u00e9 que j\u00e1 nem as pequenas est\u00e3o seguras.<\/p>\n\n\n\n<p>&nbsp;&nbsp;&nbsp;&nbsp;&nbsp;&nbsp;&nbsp;&nbsp;&nbsp;&nbsp;&nbsp; Irm\u00e3 e companheira:<\/p>\n\n\n\n<p>Faz alguns dias, soubemos que um grupo de irm\u00e3s feministas de Veracruz, do coletivo \u201cBrujas del Mar\u201d, teve uma boa ideia e chamou uma iniciativa de mobiliza\u00e7\u00e3o em protesto contra a viol\u00eancia. Sua ideia \u00e9 fazer no dia 9 de Mar\u00e7o uma mobiliza\u00e7\u00e3o de aus\u00eancia, ou seja, que todos vejam e sintam o que acontece sem as mulheres, que seja um \u201cParo de Mujeres\u201d (Greve de Mulheres).<\/p>\n\n\n\n<p>Isto \u00e9, n\u00e3o ir trabalhar, n\u00e3o comprar, n\u00e3o se mexer, que n\u00e3o nos vejam. Porque, o dizem claramente, \u00e9 como se as mulheres fossem o inimigo principal e o sistema nos quer&nbsp; liquidar, ou seja, aniquilar.<\/p>\n\n\n\n<p>Depois, nos deparamos com o que aconteceu com os machinhos e machinhas patriarcais que est\u00e3o nesse mau governo, com os partidos pol\u00edticos e com os grandes empres\u00e1rios. J\u00e1 n\u00e3o se importam com as desgra\u00e7as as quais vivem e morrem as mulheres no M\u00e9xico. O que interessa a eles \u00e9 montar em cima dessa dor e, a apagando, brigarem entre si para ver quem \u00e9 melhor.<\/p>\n\n\n\n<p>&nbsp;Os poderosos e seus capatazes pol\u00edticos est\u00e3o, por um lado, se fazendo de muito \u201cconscientes\u201d e \u201csens\u00edveis\u201d, mas nem sequer se d\u00e3o ao trabalho de se despir do modelo patriarcal, at\u00e9 dizem que d\u00e3o &#8220;permiss\u00e3o&#8221; \u00e0s mulheres para que protestem, uma vez que dizem que as matam. Agora vejam, eles d\u00e3o permiss\u00e3o&nbsp; \u00e0s mulheres para que lutem por viver. S\u00e3o uns canalhas, eles e as mulheres que t\u00eam o mesmo pensamento machista, ainda que sejam mulheres.<\/p>\n\n\n\n<p>E, por outro lado, pois est\u00e1 o governo supremo, que est\u00e1 desolado porque as pessoas n\u00e3o est\u00e3o mais discutindo o que ele diz, nem arrotando ou vomitando em suas palavras. Acontece que algumas mulheres, jovens, pior para eles, assumiram o microfone e est\u00e3o gritando o que o mau governo n\u00e3o diz. Sim, \u00e9 rid\u00edculo que os mal chamados opositoras e opositores pol\u00edticos se coloquem como \u201cgente de bem\u201d, que d\u00e1 &#8220;permiss\u00e3o&#8221; de viver e mais rid\u00edculo ainda que o mau governo e seus fan\u00e1ticos acusem de &#8220;golpista&#8221; a luta pela vida das mulheres . Agora sim, a situa\u00e7\u00e3o est\u00e1 ainda pior, porque assim mandam: que ningu\u00e9m pode viver ou sobreviver sem sua permiss\u00e3o, que ningu\u00e9m pode lutar at\u00e9 que o mau governo o diga em uma de suas declara\u00e7\u00f5es. Por si s\u00f3, assim s\u00e3o os machistas patriarcais, que acreditam que o mundo inteiro gira em torno de seus falos e de seus culh\u00f5es. Se algu\u00e9m est\u00e1 lutando sem permiss\u00e3o, \u00e9 porque est\u00e1 contra um mau governo. Se assassinam \u00e0s mulheres, se desaparecem com elas, se as sequestram, se as torturam, se as marcam, \u00e9 porque essas mulheres s\u00e3o v\u00edtimas e fazem parte de um plano que deseja tirar o governo do poder. J\u00e1 de cara se v\u00ea que eles n\u00e3o t\u00eam vergonha nenhuma.<\/p>\n\n\n\n<p>Ainda que os canalhas patriarcas dos governos e dos patr\u00f5es deem seus conselhos machistas \u00e0s mulheres: que elas n\u00e3o se deixem ser manipuladas, que se comportem bem, que n\u00e3o arranhem as pedras e as portas, que n\u00e3o quebrem os vidros, que se vistam bem, que olhem pra baixo, que n\u00e3o deem o que falar, que tomem cuidado com o que dizem, que escrevam e pensem. Ou seja, que n\u00e3o fa\u00e7am nada sem a permiss\u00e3o deles. Que estejamos maduras para cair, que eles nos matem, desapare\u00e7am com nossos corpos e nos estuprem, mas n\u00e3o para pensar, analisar e decidir. Logo s\u00e3o uns asquerosos&#8230; e asquerosas, porque tamb\u00e9m existem mulheres que os aplaudem.<\/p>\n\n\n\n<p>O que dizem \u00e9 que, para tudo, temos que pedir permiss\u00e3o ao mau governo ou ao patr\u00e3o, at\u00e9 mesmo para sobreviver. E assim est\u00e1 a maldita situa\u00e7\u00e3o, companheira e irm\u00e3, na qual, no M\u00e9xico e no mundo, sobrevivem as mulheres. Ou seja, estamos vivendo com medo. Isso n\u00e3o \u00e9 viver, mas simplesmente n\u00e3o morrer&#8230; at\u00e9 que eles nos matem ou nos apaguem, e tudo isso com uma viol\u00eancia terrorista.<\/p>\n\n\n\n<p>H\u00e1 ainda aqueles que se dizem de esquerda, observam rindo como o mau governo est\u00e1 mostrando que ou \u00e9 asqueroso ou \u00e9 ignorante, como se fosse necess\u00e1rio olhar para os ataques dos maus governos para saber que, no fim das contas, eles s\u00e3o as duas coisas.<\/p>\n\n\n\n<p>Esses que se dizem de esquerda tamb\u00e9m valorizam se a eles serve ou n\u00e3o os maus governos, ou se lhes serve ou n\u00e3o aqueles que criticam esse mesmo governo. Mas pouco se importam se a iniciativa \u00e9 boa ou m\u00e1 para a luta pela vida, que \u00e9 travada pelas mulheres. Veem os assassinatos, os desaparecimentos, os estupros e se alegram porque isso demonstra que o mau governo \u00e9, al\u00e9m de mau, um in\u00fatil. Essas pessoas deveriam melhor se perguntar se seus valores como de esquerda, que dizem que s\u00e3o, lhes permite olhar as lutas como se fossem verduras em um mercado e ver se as compram ou apenas a machucam.<\/p>\n\n\n\n<p>E de todas as disputas daqueles que falam de cima &#8211; os maus governos, os grandes meios de comunica\u00e7\u00e3o, os partidos pol\u00edticos e os grandes cabe\u00e7as &#8211; se esquece do mais importante, aquilo que vai marcar os dias 8 e 9 de mar\u00e7o, e que n\u00e3o \u00e9 o fato de estarem nos matando, mulheres que somos, mas sim, que vamos lutar por nossas vidas com todos os meios e \u00e0 nossa maneira, no nosso tempo e lugar.<\/p>\n\n\n\n<p>Saber que todos aqueles que n\u00e3o se importam com a vida, n\u00e3o s\u00e3o de direita, nem de esquerda, nem centro. Nem sequer humanos s\u00e3o.<\/p>\n\n\n\n<p>A luta pela vida \u00e9 essencial para toda a humanidade e n\u00e3o precisa da permiss\u00e3o de ningu\u00e9m, porque a carregamos no sangue. E se algu\u00e9m pensa que a luta pela vida das mulheres \u00e9 golpista, ou de direita, ou governista, ou esquerdista, ou antigovernamental, ou \u00e9 de uma cor, pensamento ou religi\u00e3o, pois que este defende a morte. Se descobrem outra mulher assassinada, perguntam primeiro qual \u00e9 a cor de sua pele, seu partido, sua religi\u00e3o ou ainda falam mal, mas n\u00e3o dos assassinos, e sim da mulher vitimada.<\/p>\n\n\n\n<p>N\u00e3o entendemos como o mundo chegou nesse ponto. E ainda dizem que n\u00f3s, ind\u00edgenas zapatistas, estamos atrasadas \u200b\u200be que n\u00e3o conhecemos o desenvolvimento e o progresso que os megaprojetos, o dinheiro e o consumo trazem. Esse \u00e9 o progresso deles: baratear a vida das mulheres, porque \u00e9 muito barato desaparecer, sequestrar ou matar uma mulher, porque n\u00e3o h\u00e1 castigo. Pelo contr\u00e1rio, n\u00e3o faltam aqueles que aplaudam e digam &#8220;uma inimiga a menos&#8221;, &#8220;menos um estorvo&#8221;, &#8220;menos uma pecadora&#8221;, &#8220;menos uma radical&#8221;, &#8220;menos uma conservadora&#8221;, &#8220;uma mulher a menos&#8221;.<\/p>\n\n\n\n<p>N\u00e3o entendemos por que existem pessoas assim, mas entendemos que n\u00e3o podemos ficar sem fazer nada, pensando que essas dores e esse \u00f3dio n\u00e3o s\u00e3o nossos, ou seja, que n\u00e3o nos tocam &#8230; at\u00e9 que nos toquem.<\/p>\n\n\n\n<p class=\"has-text-align-center\"><strong>***<\/strong><\/p>\n\n\n\n<p>Como mulheres zapatistas que somos, \u00e9 isso que pensamos e sentimos quando analisamos as palavras e a\u00e7\u00f5es das irm\u00e3s bruxas:<\/p>\n\n\n\n<p>Primeiro.- N\u00f3s saudamos sua iniciativa. A vemos como algo valioso, bom, nobre, honesto e leg\u00edtimo. E a apoiaremos \u00e0 nossa maneira. Porque qualquer mulher, seja uma, umas poucas, ou mesmo muitas, que lutem pela vida, devem saber que n\u00e3o est\u00e3o sozinhas. Porque nosso pensamento \u00e9 que as ausentes, as assassinadas, as desaparecidas e as encarceradas devem saber que n\u00e3o est\u00e3o sozinhas, pois essa \u00e9 a raz\u00e3o maior para que vivas que lutem.<\/p>\n\n\n\n<p>Acreditamos ser uma boa ideia, porque, no dia 8 de mar\u00e7o, ver\u00e3o e sentir\u00e3o nossas dores e nosso \u00f3dio. E no dia 9, os machistas patriarcais v\u00e3o se preocupar com o que estamos pensando, planejando ou sentindo, porque n\u00e3o saber\u00e3o, n\u00e3o v\u00e3o nem nos ver. Que tal nos organizarmos mais e melhor? Porque \u00e0s vezes, da dor e da raiva n\u00e3o resulta desespero ou resigna\u00e7\u00e3o. Assim, pode ser que o caminho seja a organiza\u00e7\u00e3o.<\/p>\n\n\n\n<p>Segundo.- \u00c9 por essas quest\u00f5es que, a nossa maneira, como mulheres zapatistas que somos, que conversamos com nossas outras companheiras zapatistas das comunidades. Perguntamos a elas se a greve nacional no 9 de mar\u00e7o \u00e9 uma boa ideia. E se, sim,&nbsp; pensam ser uma boa ideia, n\u00e3o apenas dizer que \u00e9 uma boa ideia, mas fazer algo para nos apoiarmos como mulheres que lutam, que \u00e9 o que somos.<\/p>\n\n\n\n<p>Propomos que, no dia 9 de mar\u00e7o, as companheiras que trabalham, seja como autoridade aut\u00f4noma, seja como lideran\u00e7a organizativa ou militar, ou em comiss\u00f5es de educa\u00e7\u00e3o, sa\u00fade ou terceiras e em todos os trabalhos que fazemos, como mulheres zapatistas que somos, pois que simplesmente n\u00e3o nos apresentemos em nossos trabalhos.<\/p>\n\n\n\n<p>Esse \u00e9 o nosso jeito de dizer que apoiamos a ideia do 9 de mar\u00e7o sem mulheres, como mais uma iniciativa das mulheres que lutam pela vida. E, como mulheres ind\u00edgenas, somos a maioria na autonomia zapatista, porque nesse dia a autonomia zapatista ir\u00e1 parar.<\/p>\n\n\n\n<p>N\u00f3s pensamos e conversamos sobre esse assunto e, junto \u00e0s companheiras das mais diferentes zonas zapatistas, estivemos de acordo em nos somar \u00e0 greve do dia 9 de mar\u00e7o de 2020, convocada pelas irm\u00e3s <em>Brujas del Mar<\/em>.<\/p>\n\n\n\n<p>Terceiro.- No dia 8 de mar\u00e7o, nos reuniremos, milhares de mulheres zapatistas, em nossos carac\u00f3is e falaremos das dores e do \u00f3dio que escutamos nos dois encontros de mulheres que tivemos, mas tamb\u00e9m falaremos de lutas, das nossas e das de voc\u00eas, companheiras e irm\u00e3s que nos leem.&nbsp; E levaremos um sinal de cor negra em nossas roupas.<\/p>\n\n\n\n<p>No 9 de mar\u00e7o, muitas de n\u00f3s n\u00e3o iremos aos nossos povos, vamos ficar juntas e, na madrugada do dia 9 de mar\u00e7o, acenderemos milhares de luzes. Nos carac\u00f3is e nos povos zapatistas a luz das mulheres brilhar\u00e1.<\/p>\n\n\n\n<p>N\u00e3o apenas para que as mulheres que fazem desse dia um dia de luta saibam que as olhamos, que as admiramos, que as respeitamos e que as saudamos, que n\u00e3o est\u00e3o sozinhas. Mas tamb\u00e9m para que, com essas luzes, as irm\u00e3s ausentes, as assassinadas, as desaparecidas, as encarceradas, as migrantes, as estupradas, saibam que aqui, nestas montanhas, em resist\u00eancia e rebeldia, h\u00e1 quem se preocupa com elas e com seus familiares, por sua dor e por seu \u00f3dio. N\u00e3o importa se essa irm\u00e3 que est\u00e1 lutando \u00e9 branca, ou negra, ou amarela ou da cor da terra. N\u00e3o importa se acredita ou n\u00e3o acredita em uma religi\u00e3o. N\u00e3o importa se se veste bem ou mal. N\u00e3o importa se tem sal\u00e1rio ou n\u00e3o. N\u00e3o importa se est\u00e1 em um partido ou n\u00e3o. N\u00e3o importa se \u00e9 amiga ou inimiga. O que importa \u00e9 que est\u00e1 viva e livre. Porque assim, vivas e livres, podemos criticar, falar mal, brigar, debater, discutir, analisar e, talvez, fazer um acordo: lutar contra a viol\u00eancia que promovem contra as mulheres.<\/p>\n\n\n\n<p>Com tanta matan\u00e7a, vamos de luto em luto, de dor em dor, de uma indigna\u00e7\u00e3o a outra. Talvez seja esse o plano desse maldito sistema: matar e desaparecer com nossos corpos para que n\u00e3o tenhamos tempo nem estrutura para nos organizar e lutar contra o sistema patriarcal e capitalista.<\/p>\n\n\n\n<p>No entanto, como acontece na hist\u00f3ria desde que o mundo \u00e9 mundo, pois o que acontecer\u00e1 \u00e9 que vamos nos organizar precisamente para deter essa matan\u00e7a. E depois, porque sempre tem aquele que diz que s\u00f3 pode at\u00e9 aqui, haver\u00e1 outras lutas e seguiremos mais al\u00e9m, at\u00e9 terminar com a ra\u00edz da \u00e1rvore de nossa dor: o sistema capitalista patriarcal, racista, explorador, repressivo, ladr\u00e3o e desumano.<\/p>\n\n\n\n<p>Quando, enfim, conquistarmos o direito de viver, haver\u00e1 quem diga que a escravid\u00e3o \u00e9 boa e a abrace e a defenda como caminho, como mandato divino,&nbsp; te desejo m\u00e1 sorte ou at\u00e9 boa sorte.<\/p>\n\n\n\n<p>Haver\u00e1 quem diga que o que precisamos \u00e9 ter um bom pagamento. Ou seja, que a explora\u00e7\u00e3o que sofremos, homens e mulheres, tenha o mesmo pagamento.<\/p>\n\n\n\n<p>Haver\u00e1 quem necessite de liberdade como se necessita do ar e lute para conquist\u00e1-la.<\/p>\n\n\n\n<p>Haver\u00e1 quem seja livre e lute por defender sua liberdade.<\/p>\n\n\n\n<p>Haver\u00e1 quem diga que podemos sozinhas, como mulheres que somos.<\/p>\n\n\n\n<p>Haver\u00e1 quem diga que \u00e9 preciso destruir o monstro do sistema, e que, para isso, \u00e9 necess\u00e1rio lutar com todas, com todos\u2026 e com tudo.<\/p>\n\n\n\n<p>Em lugar de tantas mulheres assassinadas, desaparecidas, tantas sequestradas, tantas estupradas, talvez haver\u00e1 muitas ideias, muitos pensamentos, muitas formas de se fazer a luta, como mulheres que somos.<\/p>\n\n\n\n<p>Assim, talvez, se entenda que a diferen\u00e7a \u00e9 boa, mas para que exista a diferen\u00e7a tem-se que viver.<\/p>\n\n\n\n<p>Quarto.- Portanto, fazemos um chamado respeitoso \u00e0s irm\u00e3s e companheiras do Congresso Nacional Ind\u00edgena &#8211; Conselho Ind\u00edgena de Governo, da Sexta Nacional e Internacional e das Redes de Resist\u00eancia e Rebeldia, para que analisem e discutam se \u00e9 boa ou m\u00e1 essa proposta das irm\u00e3s bruxas ou se h\u00e1 outras propostas. E se pensam que \u00e9 boa a proposta, adiram a ela e sem permiss\u00e3o. E se pensam que n\u00e3o \u00e9 boa e que \u00e9 melhor outra proposta, que seja ent\u00e3o outra iniciativa, v\u00e3o em frente, e sem tampouco pedirem permiss\u00e3o. Assim como n\u00f3s tamb\u00e9m n\u00e3o estamos pedindo permiss\u00e3o aos l\u00edderes e autoridades, nem pais, filhos, namorados, maridos ou amantes, assim vamos fazer, porque n\u00e3o \u00e0 toa nos levantamos em armas desde primeiro de janeiro de 1994.<\/p>\n\n\n\n<p>Logo, vejam bem, apenas saibam que n\u00e3o nos importa se nos dizem que somos conservadoras, ou golpistas, ou de direita ou de esquerda. E esses maus governos, que dizem que a sociedade se divide em liberais e conservadores, pois se dizem est\u00e3o contra o neoliberalismo, ent\u00e3o \u00e9 hora de se chamarem \u201cneoconservadores\u201d.<\/p>\n\n\n\n<p>Assim pensamos e assim vamos fazer, como mulheres zapatistas que somos. E vamos fazer SEM PEDIR PERMISS\u00c3O A NENHUM HOMEM, seja mau, seja bom, ou nenhum dos dois.<\/p>\n\n\n\n<p>Isso \u00e9 tudo.<\/p>\n\n\n\n<p>Desde as montanhas do Sudeste Mexicano.<\/p>\n\n\n\n<p>Escrito pelas mulheres zapatistas do EZLN (Ex\u00e9rcito Zapatista de Liberta\u00e7\u00e3o Nacional)<\/p>\n\n\n\n<p>Marisol, Yeny, Rosa Nery, Yojari, Lucia, Sol, Elizabet, otra Elizabet, Yolanda, Natalia, Susana, Adela, Gabriela, Anayeli, Zenaida, Cecilia, Diana, Alejandra, Carolina, Dalia, Cristina, Gabriela, Maydeli, Jimena, Diana, Kelsy, Marisol, Luvia, Laura.<\/p>\n\n\n\n<p>Comandantas e Coordenadoras de Mulheres Zapatistas do EZLN.<\/p>\n\n\n\n<p class=\"has-text-align-center\">M\u00e9xico, 1 de mar\u00e7o del 2020.<\/p>\n\n\n\n<p><strong>Notas<\/strong>:<\/p>\n\n\n\n<p>[<strong>1<\/strong>] Esse escrito das Mulheres Zapatistas dialoga com o chamado do coletivo mexicano \u201cBrujas del Mar\u201d, do estado de Veracruz. Uma mobiliza\u00e7\u00e3o massiva que se estendeu por toda Am\u00e9rica Latina, essa iniciativa viralizou a partir do M\u00e9xico e convida todas as mulheres com o lema \u201cel nueve nadie se mueve\u201d (no nove ningu\u00e9m se move). A proposta surge como protesto com o objetivo de visibilizar os tipos de viol\u00eancia que ocorrem no M\u00e9xico. Para mais informa\u00e7\u00f5es: <a href=\"https:\/\/www.france24.com\/es\/ellas-hoy\/20200304-el-nueve-ninguna-se-mueve-las-brujas-del-mar-llaman-a-un-paro-nacional-en-m%C3%A9xico\">https:\/\/www.france24.com\/es\/ellas-hoy\/20200304-el-nueve-ninguna-se-mueve-las-brujas-del-mar-llaman-a-un-paro-nacional-en-m%C3%A9xico<\/a><\/p>\n\n\n\n<p>[<strong>2<\/strong>] Aqui se apresenta uma cr\u00edtica a uma s\u00e9rie de partidos. Alguns se afirmando enquanto herdeiros da Revolu\u00e7\u00e3o de 1910, o que n\u00e3o condiz com a realidade. Para um hist\u00f3rico mais detalhado de cada partido deixamos para consulta o link que se segue: <a href=\"http:\/\/latinoamericana.wiki.br\/\">http:\/\/latinoamericana.wiki.br\/<\/a><\/p>\n\n\n\n<p class=\"has-text-align-center\"><strong>Autoras: <\/strong>As mulheres zapatistas<br><strong>Publicado em:<\/strong> Mar\u00e7o de 2020<br><strong>Original: <\/strong><a href=\"http:\/\/enlacezapatista.ezln.org.mx\/2020\/03\/01\/no-necesitamos-permiso-para-luchar-por-la-vida-las-mujeres-zapatistas-se-unen-al-paro-nacional-del-9-de-marzo\/\">http:\/\/enlacezapatista.ezln.org.mx\/2020\/03\/01\/no-necesitamos-permiso-para-luchar-por-la-vida-las-mujeres-zapatistas-se-unen-al-paro-nacional-del-9-de-marzo\/<\/a><\/p>\n\n\n\n<p class=\"has-text-align-center\"><br><strong>Tradu\u00e7\u00e3o<\/strong>: Danimar, Jade Amorim e Bruno Quixote [Tradutores Prolet\u00e1rios]<\/p>\n\n\n\n<p class=\"has-text-align-center\"><strong>Revis\u00e3o<\/strong>: Andr\u00e9 Luiz B. Silva [Tradutores Prolet\u00e1rios]<\/p>\n\n\n\n<p class=\"has-text-align-center\"><strong>Arte de capa: <\/strong> imagem do Coletivo Pozol<\/p>\n\n\n\n<p>&nbsp;<\/p>\n\n\n","protected":false},"excerpt":{"rendered":"<p>&nbsp; Ex\u00e9rcito Zapatista de Liberta\u00e7\u00e3o Nacional (EZLN) N\u00e3o necessitamos de permiss\u00e3o para lutar pela vida. As mulheres zapatistas se unem para a greve nacional do dia 9 de mar\u00e7o. [1] &nbsp; M\u00e9xico. 1 de Mar\u00e7o de 2020. \u00c0s Mulheres que lutam no M\u00e9xico e no Mundo. De: As mulheres ind\u00edgenas zapatistas do EZLN. Companheira e&#8230;<\/p>\n","protected":false},"author":1,"featured_media":0,"comment_status":"closed","ping_status":"open","sticky":false,"template":"","format":"standard","meta":{"_coblocks_attr":"","_coblocks_dimensions":"","_coblocks_responsive_height":"","_coblocks_accordion_ie_support":"","om_disable_all_campaigns":false,"_monsterinsights_skip_tracking":false,"_monsterinsights_sitenote_active":false,"_monsterinsights_sitenote_note":"","_monsterinsights_sitenote_category":0,"_uf_show_specific_survey":0,"_uf_disable_surveys":false,"_kadence_starter_templates_imported_post":false,"_kad_post_transparent":"","_kad_post_title":"","_kad_post_layout":"","_kad_post_sidebar_id":"","_kad_post_content_style":"","_kad_post_vertical_padding":"","_kad_post_feature":"","_kad_post_feature_position":"","_kad_post_header":false,"_kad_post_footer":false,"_kad_post_classname":"","footnotes":""},"categories":[345,1],"tags":[],"class_list":["post-431","post","type-post","status-publish","format-standard","hentry","category-arquivo-tradutores-proletarios","category-uncategorized"],"yoast_head":"<!-- This site is optimized with the Yoast SEO plugin v27.4 - https:\/\/yoast.com\/product\/yoast-seo-wordpress\/ -->\n<title>N\u00e3o necessitamos de permiss\u00e3o para lutar pela vida. As mulheres zapatistas se unem para a greve nacional do dia 9 de mar\u00e7o \u2014 ELZN - Zero \u00e0 Esquerda<\/title>\n<meta name=\"robots\" content=\"index, follow, max-snippet:-1, max-image-preview:large, max-video-preview:-1\" \/>\n<link rel=\"canonical\" href=\"https:\/\/zeroaesquerda.com.br\/index.php\/2020\/03\/08\/nao-necessitamos-de-permissao-para-lutar-pela-vida-as-mulheres-zapatistas-se-unem-para-a-greve-nacional-do-dia-9-de-marco\/\" \/>\n<meta property=\"og:locale\" content=\"pt_BR\" \/>\n<meta property=\"og:type\" content=\"article\" \/>\n<meta property=\"og:title\" content=\"N\u00e3o necessitamos de permiss\u00e3o para lutar pela vida. As mulheres zapatistas se unem para a greve nacional do dia 9 de mar\u00e7o \u2014 ELZN - Zero \u00e0 Esquerda\" \/>\n<meta property=\"og:description\" content=\"&nbsp; Ex\u00e9rcito Zapatista de Liberta\u00e7\u00e3o Nacional (EZLN) N\u00e3o necessitamos de permiss\u00e3o para lutar pela vida. As mulheres zapatistas se unem para a greve nacional do dia 9 de mar\u00e7o. [1] &nbsp; M\u00e9xico. 1 de Mar\u00e7o de 2020. \u00c0s Mulheres que lutam no M\u00e9xico e no Mundo. De: As mulheres ind\u00edgenas zapatistas do EZLN. Companheira e...\" \/>\n<meta property=\"og:url\" content=\"https:\/\/zeroaesquerda.com.br\/index.php\/2020\/03\/08\/nao-necessitamos-de-permissao-para-lutar-pela-vida-as-mulheres-zapatistas-se-unem-para-a-greve-nacional-do-dia-9-de-marco\/\" \/>\n<meta property=\"og:site_name\" content=\"Zero \u00e0 Esquerda\" \/>\n<meta property=\"article:publisher\" content=\"https:\/\/www.facebook.com\/revistazeroaesquerda\" \/>\n<meta property=\"article:published_time\" content=\"2020-03-08T19:57:43+00:00\" \/>\n<meta property=\"article:modified_time\" content=\"2021-01-23T05:22:56+00:00\" \/>\n<meta property=\"og:image\" content=\"https:\/\/tradutoresproletarios.files.wordpress.com\/2020\/03\/hhh.jpg?w=660\" \/>\n<meta name=\"author\" content=\"Zero \u00e0 Esquerda\" \/>\n<meta name=\"twitter:card\" content=\"summary_large_image\" \/>\n<meta name=\"twitter:creator\" content=\"@z3roaesquerda\" \/>\n<meta name=\"twitter:site\" content=\"@z3roaesquerda\" \/>\n<meta name=\"twitter:label1\" content=\"Escrito por\" \/>\n\t<meta name=\"twitter:data1\" content=\"Zero \u00e0 Esquerda\" \/>\n\t<meta name=\"twitter:label2\" content=\"Est. tempo de leitura\" \/>\n\t<meta name=\"twitter:data2\" content=\"15 minutos\" \/>\n<script type=\"application\/ld+json\" class=\"yoast-schema-graph\">{\"@context\":\"https:\\\/\\\/schema.org\",\"@graph\":[{\"@type\":\"Article\",\"@id\":\"https:\\\/\\\/zeroaesquerda.com.br\\\/index.php\\\/2020\\\/03\\\/08\\\/nao-necessitamos-de-permissao-para-lutar-pela-vida-as-mulheres-zapatistas-se-unem-para-a-greve-nacional-do-dia-9-de-marco\\\/#article\",\"isPartOf\":{\"@id\":\"https:\\\/\\\/zeroaesquerda.com.br\\\/index.php\\\/2020\\\/03\\\/08\\\/nao-necessitamos-de-permissao-para-lutar-pela-vida-as-mulheres-zapatistas-se-unem-para-a-greve-nacional-do-dia-9-de-marco\\\/\"},\"author\":{\"name\":\"Zero \u00e0 Esquerda\",\"@id\":\"https:\\\/\\\/zeroaesquerda.com.br\\\/#\\\/schema\\\/person\\\/04e72095a4fbe77f00c7b047955ed0b8\"},\"headline\":\"N\u00e3o necessitamos de permiss\u00e3o para lutar pela vida. As mulheres zapatistas se unem para a greve nacional do dia 9 de mar\u00e7o \u2014 ELZN\",\"datePublished\":\"2020-03-08T19:57:43+00:00\",\"dateModified\":\"2021-01-23T05:22:56+00:00\",\"mainEntityOfPage\":{\"@id\":\"https:\\\/\\\/zeroaesquerda.com.br\\\/index.php\\\/2020\\\/03\\\/08\\\/nao-necessitamos-de-permissao-para-lutar-pela-vida-as-mulheres-zapatistas-se-unem-para-a-greve-nacional-do-dia-9-de-marco\\\/\"},\"wordCount\":3110,\"publisher\":{\"@id\":\"https:\\\/\\\/zeroaesquerda.com.br\\\/#organization\"},\"image\":{\"@id\":\"https:\\\/\\\/zeroaesquerda.com.br\\\/index.php\\\/2020\\\/03\\\/08\\\/nao-necessitamos-de-permissao-para-lutar-pela-vida-as-mulheres-zapatistas-se-unem-para-a-greve-nacional-do-dia-9-de-marco\\\/#primaryimage\"},\"thumbnailUrl\":\"https:\\\/\\\/tradutoresproletarios.files.wordpress.com\\\/2020\\\/03\\\/hhh.jpg?w=660\",\"articleSection\":[\"Arquivo (Tradutores Prolet\u00e1rios)\",\"Uncategorized\"],\"inLanguage\":\"pt-BR\"},{\"@type\":\"WebPage\",\"@id\":\"https:\\\/\\\/zeroaesquerda.com.br\\\/index.php\\\/2020\\\/03\\\/08\\\/nao-necessitamos-de-permissao-para-lutar-pela-vida-as-mulheres-zapatistas-se-unem-para-a-greve-nacional-do-dia-9-de-marco\\\/\",\"url\":\"https:\\\/\\\/zeroaesquerda.com.br\\\/index.php\\\/2020\\\/03\\\/08\\\/nao-necessitamos-de-permissao-para-lutar-pela-vida-as-mulheres-zapatistas-se-unem-para-a-greve-nacional-do-dia-9-de-marco\\\/\",\"name\":\"N\u00e3o necessitamos de permiss\u00e3o para lutar pela vida. As mulheres zapatistas se unem para a greve nacional do dia 9 de mar\u00e7o \u2014 ELZN - Zero \u00e0 Esquerda\",\"isPartOf\":{\"@id\":\"https:\\\/\\\/zeroaesquerda.com.br\\\/#website\"},\"primaryImageOfPage\":{\"@id\":\"https:\\\/\\\/zeroaesquerda.com.br\\\/index.php\\\/2020\\\/03\\\/08\\\/nao-necessitamos-de-permissao-para-lutar-pela-vida-as-mulheres-zapatistas-se-unem-para-a-greve-nacional-do-dia-9-de-marco\\\/#primaryimage\"},\"image\":{\"@id\":\"https:\\\/\\\/zeroaesquerda.com.br\\\/index.php\\\/2020\\\/03\\\/08\\\/nao-necessitamos-de-permissao-para-lutar-pela-vida-as-mulheres-zapatistas-se-unem-para-a-greve-nacional-do-dia-9-de-marco\\\/#primaryimage\"},\"thumbnailUrl\":\"https:\\\/\\\/tradutoresproletarios.files.wordpress.com\\\/2020\\\/03\\\/hhh.jpg?w=660\",\"datePublished\":\"2020-03-08T19:57:43+00:00\",\"dateModified\":\"2021-01-23T05:22:56+00:00\",\"breadcrumb\":{\"@id\":\"https:\\\/\\\/zeroaesquerda.com.br\\\/index.php\\\/2020\\\/03\\\/08\\\/nao-necessitamos-de-permissao-para-lutar-pela-vida-as-mulheres-zapatistas-se-unem-para-a-greve-nacional-do-dia-9-de-marco\\\/#breadcrumb\"},\"inLanguage\":\"pt-BR\",\"potentialAction\":[{\"@type\":\"ReadAction\",\"target\":[\"https:\\\/\\\/zeroaesquerda.com.br\\\/index.php\\\/2020\\\/03\\\/08\\\/nao-necessitamos-de-permissao-para-lutar-pela-vida-as-mulheres-zapatistas-se-unem-para-a-greve-nacional-do-dia-9-de-marco\\\/\"]}]},{\"@type\":\"ImageObject\",\"inLanguage\":\"pt-BR\",\"@id\":\"https:\\\/\\\/zeroaesquerda.com.br\\\/index.php\\\/2020\\\/03\\\/08\\\/nao-necessitamos-de-permissao-para-lutar-pela-vida-as-mulheres-zapatistas-se-unem-para-a-greve-nacional-do-dia-9-de-marco\\\/#primaryimage\",\"url\":\"https:\\\/\\\/tradutoresproletarios.files.wordpress.com\\\/2020\\\/03\\\/hhh.jpg?w=660\",\"contentUrl\":\"https:\\\/\\\/tradutoresproletarios.files.wordpress.com\\\/2020\\\/03\\\/hhh.jpg?w=660\"},{\"@type\":\"BreadcrumbList\",\"@id\":\"https:\\\/\\\/zeroaesquerda.com.br\\\/index.php\\\/2020\\\/03\\\/08\\\/nao-necessitamos-de-permissao-para-lutar-pela-vida-as-mulheres-zapatistas-se-unem-para-a-greve-nacional-do-dia-9-de-marco\\\/#breadcrumb\",\"itemListElement\":[{\"@type\":\"ListItem\",\"position\":1,\"name\":\"In\u00edcio\",\"item\":\"https:\\\/\\\/zeroaesquerda.com.br\\\/\"},{\"@type\":\"ListItem\",\"position\":2,\"name\":\"N\u00e3o necessitamos de permiss\u00e3o para lutar pela vida. As mulheres zapatistas se unem para a greve nacional do dia 9 de mar\u00e7o \u2014 ELZN\"}]},{\"@type\":\"WebSite\",\"@id\":\"https:\\\/\\\/zeroaesquerda.com.br\\\/#website\",\"url\":\"https:\\\/\\\/zeroaesquerda.com.br\\\/\",\"name\":\"Zero \u00e0 Esquerda\",\"description\":\"Tra\u00e7ando tend\u00eancias para al\u00e9m do capitalismo.\",\"publisher\":{\"@id\":\"https:\\\/\\\/zeroaesquerda.com.br\\\/#organization\"},\"potentialAction\":[{\"@type\":\"SearchAction\",\"target\":{\"@type\":\"EntryPoint\",\"urlTemplate\":\"https:\\\/\\\/zeroaesquerda.com.br\\\/?s={search_term_string}\"},\"query-input\":{\"@type\":\"PropertyValueSpecification\",\"valueRequired\":true,\"valueName\":\"search_term_string\"}}],\"inLanguage\":\"pt-BR\"},{\"@type\":\"Organization\",\"@id\":\"https:\\\/\\\/zeroaesquerda.com.br\\\/#organization\",\"name\":\"Zero \u00e0 Esquerda\",\"url\":\"https:\\\/\\\/zeroaesquerda.com.br\\\/\",\"logo\":{\"@type\":\"ImageObject\",\"inLanguage\":\"pt-BR\",\"@id\":\"https:\\\/\\\/zeroaesquerda.com.br\\\/#\\\/schema\\\/logo\\\/image\\\/\",\"url\":\"https:\\\/\\\/zeroaesquerda.com.br\\\/wp-content\\\/uploads\\\/2021\\\/01\\\/4-simbolo-zero-a-esquerda-favicon-alt.png\",\"contentUrl\":\"https:\\\/\\\/zeroaesquerda.com.br\\\/wp-content\\\/uploads\\\/2021\\\/01\\\/4-simbolo-zero-a-esquerda-favicon-alt.png\",\"width\":1271,\"height\":1069,\"caption\":\"Zero \u00e0 Esquerda\"},\"image\":{\"@id\":\"https:\\\/\\\/zeroaesquerda.com.br\\\/#\\\/schema\\\/logo\\\/image\\\/\"},\"sameAs\":[\"https:\\\/\\\/www.facebook.com\\\/revistazeroaesquerda\",\"https:\\\/\\\/x.com\\\/z3roaesquerda\",\"https:\\\/\\\/www.instagram.com\\\/revistazeroaesquerda\\\/\",\"https:\\\/\\\/www.youtube.com\\\/channel\\\/UCIaGx271Qw6D1QwqYBojrLw\"]},{\"@type\":\"Person\",\"@id\":\"https:\\\/\\\/zeroaesquerda.com.br\\\/#\\\/schema\\\/person\\\/04e72095a4fbe77f00c7b047955ed0b8\",\"name\":\"Zero \u00e0 Esquerda\",\"image\":{\"@type\":\"ImageObject\",\"inLanguage\":\"pt-BR\",\"@id\":\"https:\\\/\\\/secure.gravatar.com\\\/avatar\\\/a417d8eccb1cec435aa9a93213f41ee528a636232351421dedc4ada2160b3f1b?s=96&d=mm&r=g\",\"url\":\"https:\\\/\\\/secure.gravatar.com\\\/avatar\\\/a417d8eccb1cec435aa9a93213f41ee528a636232351421dedc4ada2160b3f1b?s=96&d=mm&r=g\",\"contentUrl\":\"https:\\\/\\\/secure.gravatar.com\\\/avatar\\\/a417d8eccb1cec435aa9a93213f41ee528a636232351421dedc4ada2160b3f1b?s=96&d=mm&r=g\",\"caption\":\"Zero \u00e0 Esquerda\"},\"description\":\"Tra\u00e7ando tend\u00eancias para al\u00e9m do capitalismo.\",\"sameAs\":[\"http:\\\/\\\/zeroaesquerda.com.br\"],\"url\":\"https:\\\/\\\/zeroaesquerda.com.br\\\/index.php\\\/author\\\/revistazeroaesquerdagmail-com\\\/\"}]}<\/script>\n<!-- \/ Yoast SEO plugin. -->","yoast_head_json":{"title":"N\u00e3o necessitamos de permiss\u00e3o para lutar pela vida. As mulheres zapatistas se unem para a greve nacional do dia 9 de mar\u00e7o \u2014 ELZN - Zero \u00e0 Esquerda","robots":{"index":"index","follow":"follow","max-snippet":"max-snippet:-1","max-image-preview":"max-image-preview:large","max-video-preview":"max-video-preview:-1"},"canonical":"https:\/\/zeroaesquerda.com.br\/index.php\/2020\/03\/08\/nao-necessitamos-de-permissao-para-lutar-pela-vida-as-mulheres-zapatistas-se-unem-para-a-greve-nacional-do-dia-9-de-marco\/","og_locale":"pt_BR","og_type":"article","og_title":"N\u00e3o necessitamos de permiss\u00e3o para lutar pela vida. As mulheres zapatistas se unem para a greve nacional do dia 9 de mar\u00e7o \u2014 ELZN - Zero \u00e0 Esquerda","og_description":"&nbsp; Ex\u00e9rcito Zapatista de Liberta\u00e7\u00e3o Nacional (EZLN) N\u00e3o necessitamos de permiss\u00e3o para lutar pela vida. As mulheres zapatistas se unem para a greve nacional do dia 9 de mar\u00e7o. [1] &nbsp; M\u00e9xico. 1 de Mar\u00e7o de 2020. \u00c0s Mulheres que lutam no M\u00e9xico e no Mundo. De: As mulheres ind\u00edgenas zapatistas do EZLN. Companheira e...","og_url":"https:\/\/zeroaesquerda.com.br\/index.php\/2020\/03\/08\/nao-necessitamos-de-permissao-para-lutar-pela-vida-as-mulheres-zapatistas-se-unem-para-a-greve-nacional-do-dia-9-de-marco\/","og_site_name":"Zero \u00e0 Esquerda","article_publisher":"https:\/\/www.facebook.com\/revistazeroaesquerda","article_published_time":"2020-03-08T19:57:43+00:00","article_modified_time":"2021-01-23T05:22:56+00:00","og_image":[{"url":"https:\/\/tradutoresproletarios.files.wordpress.com\/2020\/03\/hhh.jpg?w=660","type":"","width":"","height":""}],"author":"Zero \u00e0 Esquerda","twitter_card":"summary_large_image","twitter_creator":"@z3roaesquerda","twitter_site":"@z3roaesquerda","twitter_misc":{"Escrito por":"Zero \u00e0 Esquerda","Est. tempo de leitura":"15 minutos"},"schema":{"@context":"https:\/\/schema.org","@graph":[{"@type":"Article","@id":"https:\/\/zeroaesquerda.com.br\/index.php\/2020\/03\/08\/nao-necessitamos-de-permissao-para-lutar-pela-vida-as-mulheres-zapatistas-se-unem-para-a-greve-nacional-do-dia-9-de-marco\/#article","isPartOf":{"@id":"https:\/\/zeroaesquerda.com.br\/index.php\/2020\/03\/08\/nao-necessitamos-de-permissao-para-lutar-pela-vida-as-mulheres-zapatistas-se-unem-para-a-greve-nacional-do-dia-9-de-marco\/"},"author":{"name":"Zero \u00e0 Esquerda","@id":"https:\/\/zeroaesquerda.com.br\/#\/schema\/person\/04e72095a4fbe77f00c7b047955ed0b8"},"headline":"N\u00e3o necessitamos de permiss\u00e3o para lutar pela vida. As mulheres zapatistas se unem para a greve nacional do dia 9 de mar\u00e7o \u2014 ELZN","datePublished":"2020-03-08T19:57:43+00:00","dateModified":"2021-01-23T05:22:56+00:00","mainEntityOfPage":{"@id":"https:\/\/zeroaesquerda.com.br\/index.php\/2020\/03\/08\/nao-necessitamos-de-permissao-para-lutar-pela-vida-as-mulheres-zapatistas-se-unem-para-a-greve-nacional-do-dia-9-de-marco\/"},"wordCount":3110,"publisher":{"@id":"https:\/\/zeroaesquerda.com.br\/#organization"},"image":{"@id":"https:\/\/zeroaesquerda.com.br\/index.php\/2020\/03\/08\/nao-necessitamos-de-permissao-para-lutar-pela-vida-as-mulheres-zapatistas-se-unem-para-a-greve-nacional-do-dia-9-de-marco\/#primaryimage"},"thumbnailUrl":"https:\/\/tradutoresproletarios.files.wordpress.com\/2020\/03\/hhh.jpg?w=660","articleSection":["Arquivo (Tradutores Prolet\u00e1rios)","Uncategorized"],"inLanguage":"pt-BR"},{"@type":"WebPage","@id":"https:\/\/zeroaesquerda.com.br\/index.php\/2020\/03\/08\/nao-necessitamos-de-permissao-para-lutar-pela-vida-as-mulheres-zapatistas-se-unem-para-a-greve-nacional-do-dia-9-de-marco\/","url":"https:\/\/zeroaesquerda.com.br\/index.php\/2020\/03\/08\/nao-necessitamos-de-permissao-para-lutar-pela-vida-as-mulheres-zapatistas-se-unem-para-a-greve-nacional-do-dia-9-de-marco\/","name":"N\u00e3o necessitamos de permiss\u00e3o para lutar pela vida. As mulheres zapatistas se unem para a greve nacional do dia 9 de mar\u00e7o \u2014 ELZN - Zero \u00e0 Esquerda","isPartOf":{"@id":"https:\/\/zeroaesquerda.com.br\/#website"},"primaryImageOfPage":{"@id":"https:\/\/zeroaesquerda.com.br\/index.php\/2020\/03\/08\/nao-necessitamos-de-permissao-para-lutar-pela-vida-as-mulheres-zapatistas-se-unem-para-a-greve-nacional-do-dia-9-de-marco\/#primaryimage"},"image":{"@id":"https:\/\/zeroaesquerda.com.br\/index.php\/2020\/03\/08\/nao-necessitamos-de-permissao-para-lutar-pela-vida-as-mulheres-zapatistas-se-unem-para-a-greve-nacional-do-dia-9-de-marco\/#primaryimage"},"thumbnailUrl":"https:\/\/tradutoresproletarios.files.wordpress.com\/2020\/03\/hhh.jpg?w=660","datePublished":"2020-03-08T19:57:43+00:00","dateModified":"2021-01-23T05:22:56+00:00","breadcrumb":{"@id":"https:\/\/zeroaesquerda.com.br\/index.php\/2020\/03\/08\/nao-necessitamos-de-permissao-para-lutar-pela-vida-as-mulheres-zapatistas-se-unem-para-a-greve-nacional-do-dia-9-de-marco\/#breadcrumb"},"inLanguage":"pt-BR","potentialAction":[{"@type":"ReadAction","target":["https:\/\/zeroaesquerda.com.br\/index.php\/2020\/03\/08\/nao-necessitamos-de-permissao-para-lutar-pela-vida-as-mulheres-zapatistas-se-unem-para-a-greve-nacional-do-dia-9-de-marco\/"]}]},{"@type":"ImageObject","inLanguage":"pt-BR","@id":"https:\/\/zeroaesquerda.com.br\/index.php\/2020\/03\/08\/nao-necessitamos-de-permissao-para-lutar-pela-vida-as-mulheres-zapatistas-se-unem-para-a-greve-nacional-do-dia-9-de-marco\/#primaryimage","url":"https:\/\/tradutoresproletarios.files.wordpress.com\/2020\/03\/hhh.jpg?w=660","contentUrl":"https:\/\/tradutoresproletarios.files.wordpress.com\/2020\/03\/hhh.jpg?w=660"},{"@type":"BreadcrumbList","@id":"https:\/\/zeroaesquerda.com.br\/index.php\/2020\/03\/08\/nao-necessitamos-de-permissao-para-lutar-pela-vida-as-mulheres-zapatistas-se-unem-para-a-greve-nacional-do-dia-9-de-marco\/#breadcrumb","itemListElement":[{"@type":"ListItem","position":1,"name":"In\u00edcio","item":"https:\/\/zeroaesquerda.com.br\/"},{"@type":"ListItem","position":2,"name":"N\u00e3o necessitamos de permiss\u00e3o para lutar pela vida. As mulheres zapatistas se unem para a greve nacional do dia 9 de mar\u00e7o \u2014 ELZN"}]},{"@type":"WebSite","@id":"https:\/\/zeroaesquerda.com.br\/#website","url":"https:\/\/zeroaesquerda.com.br\/","name":"Zero \u00e0 Esquerda","description":"Tra\u00e7ando tend\u00eancias para al\u00e9m do capitalismo.","publisher":{"@id":"https:\/\/zeroaesquerda.com.br\/#organization"},"potentialAction":[{"@type":"SearchAction","target":{"@type":"EntryPoint","urlTemplate":"https:\/\/zeroaesquerda.com.br\/?s={search_term_string}"},"query-input":{"@type":"PropertyValueSpecification","valueRequired":true,"valueName":"search_term_string"}}],"inLanguage":"pt-BR"},{"@type":"Organization","@id":"https:\/\/zeroaesquerda.com.br\/#organization","name":"Zero \u00e0 Esquerda","url":"https:\/\/zeroaesquerda.com.br\/","logo":{"@type":"ImageObject","inLanguage":"pt-BR","@id":"https:\/\/zeroaesquerda.com.br\/#\/schema\/logo\/image\/","url":"https:\/\/zeroaesquerda.com.br\/wp-content\/uploads\/2021\/01\/4-simbolo-zero-a-esquerda-favicon-alt.png","contentUrl":"https:\/\/zeroaesquerda.com.br\/wp-content\/uploads\/2021\/01\/4-simbolo-zero-a-esquerda-favicon-alt.png","width":1271,"height":1069,"caption":"Zero \u00e0 Esquerda"},"image":{"@id":"https:\/\/zeroaesquerda.com.br\/#\/schema\/logo\/image\/"},"sameAs":["https:\/\/www.facebook.com\/revistazeroaesquerda","https:\/\/x.com\/z3roaesquerda","https:\/\/www.instagram.com\/revistazeroaesquerda\/","https:\/\/www.youtube.com\/channel\/UCIaGx271Qw6D1QwqYBojrLw"]},{"@type":"Person","@id":"https:\/\/zeroaesquerda.com.br\/#\/schema\/person\/04e72095a4fbe77f00c7b047955ed0b8","name":"Zero \u00e0 Esquerda","image":{"@type":"ImageObject","inLanguage":"pt-BR","@id":"https:\/\/secure.gravatar.com\/avatar\/a417d8eccb1cec435aa9a93213f41ee528a636232351421dedc4ada2160b3f1b?s=96&d=mm&r=g","url":"https:\/\/secure.gravatar.com\/avatar\/a417d8eccb1cec435aa9a93213f41ee528a636232351421dedc4ada2160b3f1b?s=96&d=mm&r=g","contentUrl":"https:\/\/secure.gravatar.com\/avatar\/a417d8eccb1cec435aa9a93213f41ee528a636232351421dedc4ada2160b3f1b?s=96&d=mm&r=g","caption":"Zero \u00e0 Esquerda"},"description":"Tra\u00e7ando tend\u00eancias para al\u00e9m do capitalismo.","sameAs":["http:\/\/zeroaesquerda.com.br"],"url":"https:\/\/zeroaesquerda.com.br\/index.php\/author\/revistazeroaesquerdagmail-com\/"}]}},"_links":{"self":[{"href":"https:\/\/zeroaesquerda.com.br\/index.php\/wp-json\/wp\/v2\/posts\/431","targetHints":{"allow":["GET"]}}],"collection":[{"href":"https:\/\/zeroaesquerda.com.br\/index.php\/wp-json\/wp\/v2\/posts"}],"about":[{"href":"https:\/\/zeroaesquerda.com.br\/index.php\/wp-json\/wp\/v2\/types\/post"}],"author":[{"embeddable":true,"href":"https:\/\/zeroaesquerda.com.br\/index.php\/wp-json\/wp\/v2\/users\/1"}],"replies":[{"embeddable":true,"href":"https:\/\/zeroaesquerda.com.br\/index.php\/wp-json\/wp\/v2\/comments?post=431"}],"version-history":[{"count":1,"href":"https:\/\/zeroaesquerda.com.br\/index.php\/wp-json\/wp\/v2\/posts\/431\/revisions"}],"predecessor-version":[{"id":1133,"href":"https:\/\/zeroaesquerda.com.br\/index.php\/wp-json\/wp\/v2\/posts\/431\/revisions\/1133"}],"wp:attachment":[{"href":"https:\/\/zeroaesquerda.com.br\/index.php\/wp-json\/wp\/v2\/media?parent=431"}],"wp:term":[{"taxonomy":"category","embeddable":true,"href":"https:\/\/zeroaesquerda.com.br\/index.php\/wp-json\/wp\/v2\/categories?post=431"},{"taxonomy":"post_tag","embeddable":true,"href":"https:\/\/zeroaesquerda.com.br\/index.php\/wp-json\/wp\/v2\/tags?post=431"}],"curies":[{"name":"wp","href":"https:\/\/api.w.org\/{rel}","templated":true}]}}