{"id":4145,"date":"2025-10-28T21:46:16","date_gmt":"2025-10-28T21:46:16","guid":{"rendered":"https:\/\/zeroaesquerda.com.br\/?p=4145"},"modified":"2025-10-28T22:35:08","modified_gmt":"2025-10-28T22:35:08","slug":"uma-sociedade-capaz-de-tais-acoes-esta-doente-declaracao-de-recusa-de-daniel-schultz-ao-exercito-israelense","status":"publish","type":"post","link":"https:\/\/zeroaesquerda.com.br\/index.php\/2025\/10\/28\/uma-sociedade-capaz-de-tais-acoes-esta-doente-declaracao-de-recusa-de-daniel-schultz-ao-exercito-israelense\/","title":{"rendered":"&#8220;Uma sociedade capaz de tais a\u00e7\u00f5es est\u00e1 doente&#8221; &#8211; Declara\u00e7\u00e3o de recusa de Daniel Schultz ao ex\u00e9rcito israelense"},"content":{"rendered":"\n<blockquote class=\"wp-block-quote is-layout-flow wp-block-quote-is-layout-flow\">\n<p class=\"has-text-align-left has-theme-palette-5-color has-text-color has-link-color has-inconsolata-font-family has-custom-font wp-elements-2b4075d1c79bb3e30e95f7329dab0dce\" style=\"font-family:Inconsolata\">Meu nome \u00e9 Daniel Schultz, tenho dezenove anos e cresci em uma fam\u00edlia liberal em Tel-Aviv. Durante a maior parte de minha adolesc\u00eancia, minha atividade pol\u00edtica se desenvolveu na juventude Yesh Atid, onde adotei a cren\u00e7a central de que as For\u00e7as de Defesa de Israel eram o ex\u00e9rcito mais moral do mundo, e todas as suas a\u00e7\u00f5es eram justificadas.<\/p>\n\n\n\n<p class=\"has-text-align-left has-theme-palette-5-color has-text-color has-link-color has-inconsolata-font-family has-custom-font wp-elements-28df02b3fd8051287c2e841ff0643806\" style=\"font-family:Inconsolata\">Aos dezesseis anos, comecei a estudar em um internato misto de israelenses e palestinos. A opress\u00e3o que os meus colegas de classe palestinos enfrentavam me revelou a mentira da vis\u00e3o de mundo com a qual cresci e me fez perceber que o uniforme que acreditei proteger a todos \u2013 do rio ao mar \u2013 era, na verdade, a maior amea\u00e7a para os meus colegas e um s\u00edmbolo de sua opress\u00e3o cont\u00ednua.<\/p>\n\n\n\n<p class=\"has-text-align-left has-theme-palette-5-color has-text-color has-link-color has-inconsolata-font-family has-custom-font wp-elements-7ae0b4b00d7203efe8907a694ac57a2c\" style=\"font-family:Inconsolata\">Portanto, eu decidi recusar [a entrada nas for\u00e7as armadas israelenses]. Minha recusa n\u00e3o \u00e9 um ato heroico. Eu n\u00e3o estou recusando porque eu acredito que a minha a\u00e7\u00e3o individual vai mudar a realidade \u2013 e eu n\u00e3o acho que minhas escolhas enquanto israelense merecem ser o centro das aten\u00e7\u00f5es quando o assunto \u00e9 a liberta\u00e7\u00e3o palestina. Eu estou recusando porque essa \u00e9 a coisa mais humana a se fazer. Diante de beb\u00eas morrendo de fome, vilas inteiras desarraigadas violentamente e civis enviados a campos de tortura, n\u00e3o h\u00e1 outra escolha.<\/p>\n\n\n\n<p class=\"has-text-align-left has-theme-palette-5-color has-text-color has-link-color has-inconsolata-font-family has-custom-font wp-elements-7effb0b84a5c60f77eeaf99788d5003b\" style=\"font-family:Inconsolata\">A sociedade israelense como um todo contribui para moldar a terr\u00edvel realidade vivida pelo povo palestino. N\u00e3o \u00e9 algo &#8220;complicado&#8221;, n\u00e3o h\u00e1 &#8220;exce\u00e7\u00f5es para a regra&#8221; \u2013 e falas sobre a inoc\u00eancia e a moralidade de indiv\u00edduos em uma sociedade cuja ess\u00eancia est\u00e1 no derramamento de sangue e na supremacia racial s\u00e3o irrelevantes. O discurso interno israelense sempre condicionou a liberdade do povo palestino \u2013 e at\u00e9 mesmo o seu direito de exist\u00eancia \u2013 aos efeitos sobre a seguran\u00e7a israelense. Desde a direita, em suas declara\u00e7\u00f5es de que somente a ocupa\u00e7\u00e3o e a constru\u00e7\u00e3o de assentamentos alcan\u00e7ariam a seguran\u00e7a, at\u00e9 a esquerda sionista, com sua ret\u00f3rica de que &#8220;somente a paz trar\u00e1 a seguran\u00e7a!&#8221;. A resist\u00eancia dos palestinos frente \u00e0 sua opress\u00e3o e condi\u00e7\u00e3o de colonizados \u00e9 sempre vista como afronta a essa seguran\u00e7a e seguida de atos de vingan\u00e7a, cometidos pelo estado de Israel e cegamente defendidos pela sociedade israelense. Em Gaza, na Cisjord\u00e2nia e no interior das \u00e1reas declaradas israelenses ap\u00f3s 1948, o estado de Israel e seus cidad\u00e3os imp\u00f5em um regime aterrorizante sobre o povo palestino,\u00a0 na medida em que a opini\u00e3o israelense corrente \u00e9 a de que todas essas a\u00e7\u00f5es representam uma \u201cnecessidade de seguran\u00e7a\u201d. Um pa\u00eds cuja seguran\u00e7a requer o exterm\u00ednio de outro povo n\u00e3o tem direito \u00e0 seguran\u00e7a. Um povo que est\u00e1 determinado a cometer um holocausto contra outro n\u00e3o tem direito \u00e0 autodetermina\u00e7\u00e3o. Um coletivo pol\u00edtico que est\u00e1 escolhendo eliminar outro povo n\u00e3o tem direito de exist\u00eancia.<\/p>\n\n\n\n<p class=\"has-text-align-left has-theme-palette-5-color has-text-color has-link-color has-inconsolata-font-family has-custom-font wp-elements-2b92591f0e22335ddf1f22f38d99c938\" style=\"font-family:Inconsolata\">Os israelenses carregando armas n\u00e3o s\u00e3o os \u00fanicos respons\u00e1veis pela opress\u00e3o do povo palestino. Decerto, s\u00e3o eles quem chacinam, fazem passar fome, executam, colonizam, suprimem e erradicam bairros, cidades e popula\u00e7\u00f5es inteiras. Decerto, sem eles, o holocausto de Gaza n\u00e3o teria acontecido, e s\u00e3o diretamente\u00a0 respons\u00e1veis por crimes contra a humanidade. Entretanto, os uniformizados n\u00e3o seriam capazes de cometer crimes nessa escala t\u00e3o grande se n\u00e3o houvesse o apoio inequ\u00edvoco da sociedade civil israelense. Ap\u00f3s setenta e sete anos de ocupa\u00e7\u00e3o e dois anos de genoc\u00eddio em Gaza, a sociedade israelense ainda condecora os seus soldados como her\u00f3is. Ao inv\u00e9s de ostracizar os assassinos, n\u00f3s os celebramos, saudamos, e damos sinal verde ao seu retorno \u00e0 vida como civis supostamente normais.<\/p>\n\n\n\n<p class=\"has-text-align-left has-theme-palette-5-color has-text-color has-link-color has-inconsolata-font-family has-custom-font wp-elements-ea6d821827af2a0b54f099ea00a634b7\" style=\"font-family:Inconsolata\">O genoc\u00eddio em Gaza tamb\u00e9m teve consequ\u00eancias sobre a sociedade israelense \u2013 mas ao inv\u00e9s de levantarem-se contra isso, ONGs civis fizeram quest\u00e3o de o acomodarem: ajudando fam\u00edlias de reservistas, renovando abrigos, salas de opera\u00e7\u00e3o civil, tudo feito em prol da atenua\u00e7\u00e3o das consequ\u00eancias enfrentadas pelos israelenses devido ao genoc\u00eddio. Ao inv\u00e9s de obedi\u00eancia civil, criamos um sustent\u00e1culo civil. Ao inv\u00e9s de resistir ao genoc\u00eddio, os cr\u00edticos do governo reclamam da inefici\u00eancia frente \u00e0 gest\u00e3o da &#8220;guerra&#8221;. Ao inv\u00e9s de recusarem o alistamento, soldados competem pelo n\u00famero de dias de servi\u00e7o na reserva. Os grupos de oposi\u00e7\u00e3o e de protesto declaram que as a\u00e7\u00f5es n\u00e3o s\u00e3o &#8220;em seu nome&#8221;, mas simultaneamente sa\u00fadam as for\u00e7as armadas israelenses e seus combatentes.<\/p>\n\n\n\n<p class=\"has-text-align-left has-theme-palette-5-color has-text-color has-link-color has-inconsolata-font-family has-custom-font wp-elements-9358d4aee22ce1f92066a6691b584498\" style=\"font-family:Inconsolata\">Desde que o acordo de cessar-fogo foi assinado, Israel j\u00e1 o violou dezenas de vezes. Embora a diminui\u00e7\u00e3o da quantidade de assassinatos di\u00e1rios me traga grande al\u00edvio, as vis\u00f5es de beb\u00eas mortos de fome, vilas inteiras violentamente desarraigadas e civis enviados a campos de tortura n\u00e3o pararam. O mesmo acordo planejado desde o in\u00edcio para agradar Israel e os EUA \u2013 os perpetradores diretos do genoc\u00eddio \u2013 \u00e9 incessantemente violado. Esse acordo n\u00e3o foi planejado para melhorar a situa\u00e7\u00e3o de Gaza e no seu cerne h\u00e1 um \u00fanico prop\u00f3sito: manter a supremacia israelense \u00e0s expensas de sangue palestino.\u00a0<\/p>\n\n\n\n<p class=\"has-text-align-left has-theme-palette-5-color has-text-color has-link-color has-inconsolata-font-family has-custom-font wp-elements-73165d4ff0a60a1252b203b2d8f8465f\" style=\"font-family:Inconsolata\">Uma sociedade capaz de tais a\u00e7\u00f5es est\u00e1 doente. Ao redor do mundo inteiro, vemos superpoderes &#8220;defendendo&#8221; suas fronteiras inventadas com for\u00e7a desproporcional e ex\u00e9rcitos assassinos. O militarismo e a normaliza\u00e7\u00e3o do ato de integrar o ex\u00e9rcito \u00e0 sociedade civil tornam essas sociedades mais violentas e causam dano irrepar\u00e1vel ao seu tecido humano. Sua nacionalidade serve como uma desculpa para oprimir e aniquilar outras na\u00e7\u00f5es e como uma causa para guerras sangrentas. O estado de Israel e a ideia sionista desde sua funda\u00e7\u00e3o s\u00e3o exemplos do mesmo chauvinismo nacional s\u00e1dico. Todas as suas institui\u00e7\u00f5es, das For\u00e7as de Defesa Israelenses (IDF) \u00e0 Autoridade de Natureza e Parques de Israel (INPA), est\u00e3o contaminadas com assassinatos e sede de sangue. Esta praga n\u00e3o surge somente do genoc\u00eddio em Gaza, mas de setenta e sete anos de ocupa\u00e7\u00e3o e <em>apartheid <\/em>e da ideologia que os sustenta. A sociedade israelense n\u00e3o tem chance de reabilita\u00e7\u00e3o enquanto o sionismo for seu princ\u00edpio indissoci\u00e1vel.\u00a0<\/p>\n\n\n\n<p class=\"has-text-align-left has-theme-palette-9-color has-theme-palette-5-background-color has-text-color has-background has-link-color has-inconsolata-font-family has-custom-font wp-elements-4c5f181eb635d4ce8282ae7bffb938f3\" style=\"font-family:Inconsolata\">Daniel Schultz \u00e9 uma jovem de dezoito anos, condenada a vinte dias de pris\u00e3o por recusar o alistamento \u00e0s for\u00e7as armadas israelenses. Em sua declara\u00e7\u00e3o, ela se contrap\u00f5e ao genoc\u00eddio em curso: &#8220;Diante de beb\u00eas morrendo de fome, vilas inteiras desarraigadas violentamente e civis enviados a campos de tortura, n\u00e3o h\u00e1 outra escolha&#8221;.<br><em>Nota publicada originalmente pelo <a href=\"https:\/\/www.instagram.com\/p\/DQSCiaODJ-_\/?igsh=aHkzNGdyMWt3ZGdh\">coletivo Mesarvot<\/a>. Tradu\u00e7\u00e3o: Ariane Velasco e Thomas Stanton<\/em>.<\/p>\n<\/blockquote>\n\n\n\n<p><\/p>\n","protected":false},"excerpt":{"rendered":"<p>Meu nome \u00e9 Daniel Schultz, tenho dezenove anos e cresci em uma fam\u00edlia liberal em Tel-Aviv. Durante a maior parte de minha adolesc\u00eancia, minha atividade pol\u00edtica se desenvolveu na juventude Yesh Atid, onde adotei a cren\u00e7a central de que as For\u00e7as de Defesa de Israel eram o ex\u00e9rcito mais moral do mundo, e todas as&#8230;<\/p>\n","protected":false},"author":1,"featured_media":4147,"comment_status":"open","ping_status":"open","sticky":false,"template":"","format":"standard","meta":{"_coblocks_attr":"Inconsolata","_coblocks_dimensions":"","_coblocks_responsive_height":"","_coblocks_accordion_ie_support":"","om_disable_all_campaigns":false,"_monsterinsights_skip_tracking":false,"_monsterinsights_sitenote_active":false,"_monsterinsights_sitenote_note":"","_monsterinsights_sitenote_category":0,"_uf_show_specific_survey":0,"_uf_disable_surveys":false,"_kadence_starter_templates_imported_post":false,"_kad_post_transparent":"","_kad_post_title":"","_kad_post_layout":"","_kad_post_sidebar_id":"","_kad_post_content_style":"","_kad_post_vertical_padding":"","_kad_post_feature":"","_kad_post_feature_position":"","_kad_post_header":false,"_kad_post_footer":false,"_kad_post_classname":"","footnotes":""},"categories":[347,346],"tags":[],"class_list":["post-4145","post","type-post","status-publish","format-standard","has-post-thumbnail","hentry","category-producoes","category-traducoes"],"yoast_head":"<!-- This site is optimized with the Yoast SEO plugin v27.4 - https:\/\/yoast.com\/product\/yoast-seo-wordpress\/ -->\n<title>&quot;Uma sociedade capaz de tais a\u00e7\u00f5es est\u00e1 doente&quot; - Declara\u00e7\u00e3o de recusa de Daniel Schultz ao ex\u00e9rcito israelense - Zero \u00e0 Esquerda<\/title>\n<meta name=\"description\" content=\"Daniel Schultz \u00e9 uma jovem de dezoito anos, condenada a vinte dias de pris\u00e3o por recusar o alistamento \u00e0s for\u00e7as armadas israelenses. Em sua declara\u00e7\u00e3o, ela se contrap\u00f5e ao genoc\u00eddio em curso: &quot;Diante de beb\u00eas morrendo de fome, vilas inteiras desarraigadas violentamente e civis enviados a campos de tortura, n\u00e3o h\u00e1 outra escolha&quot;.\" \/>\n<meta name=\"robots\" content=\"index, follow, max-snippet:-1, max-image-preview:large, max-video-preview:-1\" \/>\n<link rel=\"canonical\" href=\"https:\/\/zeroaesquerda.com.br\/index.php\/2025\/10\/28\/uma-sociedade-capaz-de-tais-acoes-esta-doente-declaracao-de-recusa-de-daniel-schultz-ao-exercito-israelense\/\" \/>\n<meta property=\"og:locale\" content=\"pt_BR\" \/>\n<meta property=\"og:type\" content=\"article\" \/>\n<meta property=\"og:title\" content=\"&quot;Uma sociedade capaz de tais a\u00e7\u00f5es est\u00e1 doente&quot; - Declara\u00e7\u00e3o de recusa de Daniel Schultz ao ex\u00e9rcito israelense - Zero \u00e0 Esquerda\" \/>\n<meta property=\"og:description\" content=\"Daniel Schultz \u00e9 uma jovem de dezoito anos, condenada a vinte dias de pris\u00e3o por recusar o alistamento \u00e0s for\u00e7as armadas israelenses. Em sua declara\u00e7\u00e3o, ela se contrap\u00f5e ao genoc\u00eddio em curso: &quot;Diante de beb\u00eas morrendo de fome, vilas inteiras desarraigadas violentamente e civis enviados a campos de tortura, n\u00e3o h\u00e1 outra escolha&quot;.\" \/>\n<meta property=\"og:url\" content=\"https:\/\/zeroaesquerda.com.br\/index.php\/2025\/10\/28\/uma-sociedade-capaz-de-tais-acoes-esta-doente-declaracao-de-recusa-de-daniel-schultz-ao-exercito-israelense\/\" \/>\n<meta property=\"og:site_name\" content=\"Zero \u00e0 Esquerda\" \/>\n<meta property=\"article:publisher\" content=\"https:\/\/www.facebook.com\/revistazeroaesquerda\" \/>\n<meta property=\"article:published_time\" content=\"2025-10-28T21:46:16+00:00\" \/>\n<meta property=\"article:modified_time\" content=\"2025-10-28T22:35:08+00:00\" \/>\n<meta property=\"og:image\" content=\"https:\/\/zeroaesquerda.com.br\/wp-content\/uploads\/2025\/10\/Design-sem-nome.avif\" \/>\n\t<meta property=\"og:image:width\" content=\"2048\" \/>\n\t<meta property=\"og:image:height\" content=\"1212\" \/>\n\t<meta property=\"og:image:type\" content=\"image\/jpeg\" \/>\n<meta name=\"author\" content=\"Zero \u00e0 Esquerda\" \/>\n<meta name=\"twitter:card\" content=\"summary_large_image\" \/>\n<meta name=\"twitter:creator\" content=\"@z3roaesquerda\" \/>\n<meta name=\"twitter:site\" content=\"@z3roaesquerda\" \/>\n<meta name=\"twitter:label1\" content=\"Escrito por\" \/>\n\t<meta name=\"twitter:data1\" content=\"Zero \u00e0 Esquerda\" \/>\n\t<meta name=\"twitter:label2\" content=\"Est. tempo de leitura\" \/>\n\t<meta name=\"twitter:data2\" content=\"1 minuto\" \/>\n<script type=\"application\/ld+json\" class=\"yoast-schema-graph\">{\"@context\":\"https:\\\/\\\/schema.org\",\"@graph\":[{\"@type\":\"Article\",\"@id\":\"https:\\\/\\\/zeroaesquerda.com.br\\\/index.php\\\/2025\\\/10\\\/28\\\/uma-sociedade-capaz-de-tais-acoes-esta-doente-declaracao-de-recusa-de-daniel-schultz-ao-exercito-israelense\\\/#article\",\"isPartOf\":{\"@id\":\"https:\\\/\\\/zeroaesquerda.com.br\\\/index.php\\\/2025\\\/10\\\/28\\\/uma-sociedade-capaz-de-tais-acoes-esta-doente-declaracao-de-recusa-de-daniel-schultz-ao-exercito-israelense\\\/\"},\"author\":{\"name\":\"Zero \u00e0 Esquerda\",\"@id\":\"https:\\\/\\\/zeroaesquerda.com.br\\\/#\\\/schema\\\/person\\\/04e72095a4fbe77f00c7b047955ed0b8\"},\"headline\":\"&#8220;Uma sociedade capaz de tais a\u00e7\u00f5es est\u00e1 doente&#8221; &#8211; Declara\u00e7\u00e3o de recusa de Daniel Schultz ao ex\u00e9rcito israelense\",\"datePublished\":\"2025-10-28T21:46:16+00:00\",\"dateModified\":\"2025-10-28T22:35:08+00:00\",\"mainEntityOfPage\":{\"@id\":\"https:\\\/\\\/zeroaesquerda.com.br\\\/index.php\\\/2025\\\/10\\\/28\\\/uma-sociedade-capaz-de-tais-acoes-esta-doente-declaracao-de-recusa-de-daniel-schultz-ao-exercito-israelense\\\/\"},\"wordCount\":1164,\"commentCount\":0,\"publisher\":{\"@id\":\"https:\\\/\\\/zeroaesquerda.com.br\\\/#organization\"},\"image\":{\"@id\":\"https:\\\/\\\/zeroaesquerda.com.br\\\/index.php\\\/2025\\\/10\\\/28\\\/uma-sociedade-capaz-de-tais-acoes-esta-doente-declaracao-de-recusa-de-daniel-schultz-ao-exercito-israelense\\\/#primaryimage\"},\"thumbnailUrl\":\"https:\\\/\\\/zeroaesquerda.com.br\\\/wp-content\\\/uploads\\\/2025\\\/10\\\/Design-sem-nome.avif\",\"articleSection\":[\"Produ\u00e7\u00f5es\",\"Tradu\u00e7\u00f5es\"],\"inLanguage\":\"pt-BR\",\"potentialAction\":[{\"@type\":\"CommentAction\",\"name\":\"Comment\",\"target\":[\"https:\\\/\\\/zeroaesquerda.com.br\\\/index.php\\\/2025\\\/10\\\/28\\\/uma-sociedade-capaz-de-tais-acoes-esta-doente-declaracao-de-recusa-de-daniel-schultz-ao-exercito-israelense\\\/#respond\"]}]},{\"@type\":\"WebPage\",\"@id\":\"https:\\\/\\\/zeroaesquerda.com.br\\\/index.php\\\/2025\\\/10\\\/28\\\/uma-sociedade-capaz-de-tais-acoes-esta-doente-declaracao-de-recusa-de-daniel-schultz-ao-exercito-israelense\\\/\",\"url\":\"https:\\\/\\\/zeroaesquerda.com.br\\\/index.php\\\/2025\\\/10\\\/28\\\/uma-sociedade-capaz-de-tais-acoes-esta-doente-declaracao-de-recusa-de-daniel-schultz-ao-exercito-israelense\\\/\",\"name\":\"\\\"Uma sociedade capaz de tais a\u00e7\u00f5es est\u00e1 doente\\\" - Declara\u00e7\u00e3o de recusa de Daniel Schultz ao ex\u00e9rcito israelense - Zero \u00e0 Esquerda\",\"isPartOf\":{\"@id\":\"https:\\\/\\\/zeroaesquerda.com.br\\\/#website\"},\"primaryImageOfPage\":{\"@id\":\"https:\\\/\\\/zeroaesquerda.com.br\\\/index.php\\\/2025\\\/10\\\/28\\\/uma-sociedade-capaz-de-tais-acoes-esta-doente-declaracao-de-recusa-de-daniel-schultz-ao-exercito-israelense\\\/#primaryimage\"},\"image\":{\"@id\":\"https:\\\/\\\/zeroaesquerda.com.br\\\/index.php\\\/2025\\\/10\\\/28\\\/uma-sociedade-capaz-de-tais-acoes-esta-doente-declaracao-de-recusa-de-daniel-schultz-ao-exercito-israelense\\\/#primaryimage\"},\"thumbnailUrl\":\"https:\\\/\\\/zeroaesquerda.com.br\\\/wp-content\\\/uploads\\\/2025\\\/10\\\/Design-sem-nome.avif\",\"datePublished\":\"2025-10-28T21:46:16+00:00\",\"dateModified\":\"2025-10-28T22:35:08+00:00\",\"description\":\"Daniel Schultz \u00e9 uma jovem de dezoito anos, condenada a vinte dias de pris\u00e3o por recusar o alistamento \u00e0s for\u00e7as armadas israelenses. Em sua declara\u00e7\u00e3o, ela se contrap\u00f5e ao genoc\u00eddio em curso: \\\"Diante de beb\u00eas morrendo de fome, vilas inteiras desarraigadas violentamente e civis enviados a campos de tortura, n\u00e3o h\u00e1 outra escolha\\\".\",\"breadcrumb\":{\"@id\":\"https:\\\/\\\/zeroaesquerda.com.br\\\/index.php\\\/2025\\\/10\\\/28\\\/uma-sociedade-capaz-de-tais-acoes-esta-doente-declaracao-de-recusa-de-daniel-schultz-ao-exercito-israelense\\\/#breadcrumb\"},\"inLanguage\":\"pt-BR\",\"potentialAction\":[{\"@type\":\"ReadAction\",\"target\":[\"https:\\\/\\\/zeroaesquerda.com.br\\\/index.php\\\/2025\\\/10\\\/28\\\/uma-sociedade-capaz-de-tais-acoes-esta-doente-declaracao-de-recusa-de-daniel-schultz-ao-exercito-israelense\\\/\"]}]},{\"@type\":\"ImageObject\",\"inLanguage\":\"pt-BR\",\"@id\":\"https:\\\/\\\/zeroaesquerda.com.br\\\/index.php\\\/2025\\\/10\\\/28\\\/uma-sociedade-capaz-de-tais-acoes-esta-doente-declaracao-de-recusa-de-daniel-schultz-ao-exercito-israelense\\\/#primaryimage\",\"url\":\"https:\\\/\\\/zeroaesquerda.com.br\\\/wp-content\\\/uploads\\\/2025\\\/10\\\/Design-sem-nome.avif\",\"contentUrl\":\"https:\\\/\\\/zeroaesquerda.com.br\\\/wp-content\\\/uploads\\\/2025\\\/10\\\/Design-sem-nome.avif\",\"width\":2048,\"height\":1212},{\"@type\":\"BreadcrumbList\",\"@id\":\"https:\\\/\\\/zeroaesquerda.com.br\\\/index.php\\\/2025\\\/10\\\/28\\\/uma-sociedade-capaz-de-tais-acoes-esta-doente-declaracao-de-recusa-de-daniel-schultz-ao-exercito-israelense\\\/#breadcrumb\",\"itemListElement\":[{\"@type\":\"ListItem\",\"position\":1,\"name\":\"In\u00edcio\",\"item\":\"https:\\\/\\\/zeroaesquerda.com.br\\\/\"},{\"@type\":\"ListItem\",\"position\":2,\"name\":\"&#8220;Uma sociedade capaz de tais a\u00e7\u00f5es est\u00e1 doente&#8221; &#8211; Declara\u00e7\u00e3o de recusa de Daniel Schultz ao ex\u00e9rcito israelense\"}]},{\"@type\":\"WebSite\",\"@id\":\"https:\\\/\\\/zeroaesquerda.com.br\\\/#website\",\"url\":\"https:\\\/\\\/zeroaesquerda.com.br\\\/\",\"name\":\"Zero \u00e0 Esquerda\",\"description\":\"Tra\u00e7ando tend\u00eancias para al\u00e9m do capitalismo.\",\"publisher\":{\"@id\":\"https:\\\/\\\/zeroaesquerda.com.br\\\/#organization\"},\"potentialAction\":[{\"@type\":\"SearchAction\",\"target\":{\"@type\":\"EntryPoint\",\"urlTemplate\":\"https:\\\/\\\/zeroaesquerda.com.br\\\/?s={search_term_string}\"},\"query-input\":{\"@type\":\"PropertyValueSpecification\",\"valueRequired\":true,\"valueName\":\"search_term_string\"}}],\"inLanguage\":\"pt-BR\"},{\"@type\":\"Organization\",\"@id\":\"https:\\\/\\\/zeroaesquerda.com.br\\\/#organization\",\"name\":\"Zero \u00e0 Esquerda\",\"url\":\"https:\\\/\\\/zeroaesquerda.com.br\\\/\",\"logo\":{\"@type\":\"ImageObject\",\"inLanguage\":\"pt-BR\",\"@id\":\"https:\\\/\\\/zeroaesquerda.com.br\\\/#\\\/schema\\\/logo\\\/image\\\/\",\"url\":\"https:\\\/\\\/zeroaesquerda.com.br\\\/wp-content\\\/uploads\\\/2021\\\/01\\\/4-simbolo-zero-a-esquerda-favicon-alt.png\",\"contentUrl\":\"https:\\\/\\\/zeroaesquerda.com.br\\\/wp-content\\\/uploads\\\/2021\\\/01\\\/4-simbolo-zero-a-esquerda-favicon-alt.png\",\"width\":1271,\"height\":1069,\"caption\":\"Zero \u00e0 Esquerda\"},\"image\":{\"@id\":\"https:\\\/\\\/zeroaesquerda.com.br\\\/#\\\/schema\\\/logo\\\/image\\\/\"},\"sameAs\":[\"https:\\\/\\\/www.facebook.com\\\/revistazeroaesquerda\",\"https:\\\/\\\/x.com\\\/z3roaesquerda\",\"https:\\\/\\\/www.instagram.com\\\/revistazeroaesquerda\\\/\",\"https:\\\/\\\/www.youtube.com\\\/channel\\\/UCIaGx271Qw6D1QwqYBojrLw\"]},{\"@type\":\"Person\",\"@id\":\"https:\\\/\\\/zeroaesquerda.com.br\\\/#\\\/schema\\\/person\\\/04e72095a4fbe77f00c7b047955ed0b8\",\"name\":\"Zero \u00e0 Esquerda\",\"image\":{\"@type\":\"ImageObject\",\"inLanguage\":\"pt-BR\",\"@id\":\"https:\\\/\\\/secure.gravatar.com\\\/avatar\\\/a417d8eccb1cec435aa9a93213f41ee528a636232351421dedc4ada2160b3f1b?s=96&d=mm&r=g\",\"url\":\"https:\\\/\\\/secure.gravatar.com\\\/avatar\\\/a417d8eccb1cec435aa9a93213f41ee528a636232351421dedc4ada2160b3f1b?s=96&d=mm&r=g\",\"contentUrl\":\"https:\\\/\\\/secure.gravatar.com\\\/avatar\\\/a417d8eccb1cec435aa9a93213f41ee528a636232351421dedc4ada2160b3f1b?s=96&d=mm&r=g\",\"caption\":\"Zero \u00e0 Esquerda\"},\"description\":\"Tra\u00e7ando tend\u00eancias para al\u00e9m do capitalismo.\",\"sameAs\":[\"http:\\\/\\\/zeroaesquerda.com.br\"],\"url\":\"https:\\\/\\\/zeroaesquerda.com.br\\\/index.php\\\/author\\\/revistazeroaesquerdagmail-com\\\/\"}]}<\/script>\n<!-- \/ Yoast SEO plugin. -->","yoast_head_json":{"title":"\"Uma sociedade capaz de tais a\u00e7\u00f5es est\u00e1 doente\" - Declara\u00e7\u00e3o de recusa de Daniel Schultz ao ex\u00e9rcito israelense - Zero \u00e0 Esquerda","description":"Daniel Schultz \u00e9 uma jovem de dezoito anos, condenada a vinte dias de pris\u00e3o por recusar o alistamento \u00e0s for\u00e7as armadas israelenses. Em sua declara\u00e7\u00e3o, ela se contrap\u00f5e ao genoc\u00eddio em curso: \"Diante de beb\u00eas morrendo de fome, vilas inteiras desarraigadas violentamente e civis enviados a campos de tortura, n\u00e3o h\u00e1 outra escolha\".","robots":{"index":"index","follow":"follow","max-snippet":"max-snippet:-1","max-image-preview":"max-image-preview:large","max-video-preview":"max-video-preview:-1"},"canonical":"https:\/\/zeroaesquerda.com.br\/index.php\/2025\/10\/28\/uma-sociedade-capaz-de-tais-acoes-esta-doente-declaracao-de-recusa-de-daniel-schultz-ao-exercito-israelense\/","og_locale":"pt_BR","og_type":"article","og_title":"\"Uma sociedade capaz de tais a\u00e7\u00f5es est\u00e1 doente\" - Declara\u00e7\u00e3o de recusa de Daniel Schultz ao ex\u00e9rcito israelense - Zero \u00e0 Esquerda","og_description":"Daniel Schultz \u00e9 uma jovem de dezoito anos, condenada a vinte dias de pris\u00e3o por recusar o alistamento \u00e0s for\u00e7as armadas israelenses. Em sua declara\u00e7\u00e3o, ela se contrap\u00f5e ao genoc\u00eddio em curso: \"Diante de beb\u00eas morrendo de fome, vilas inteiras desarraigadas violentamente e civis enviados a campos de tortura, n\u00e3o h\u00e1 outra escolha\".","og_url":"https:\/\/zeroaesquerda.com.br\/index.php\/2025\/10\/28\/uma-sociedade-capaz-de-tais-acoes-esta-doente-declaracao-de-recusa-de-daniel-schultz-ao-exercito-israelense\/","og_site_name":"Zero \u00e0 Esquerda","article_publisher":"https:\/\/www.facebook.com\/revistazeroaesquerda","article_published_time":"2025-10-28T21:46:16+00:00","article_modified_time":"2025-10-28T22:35:08+00:00","og_image":[{"width":2048,"height":1212,"url":"https:\/\/zeroaesquerda.com.br\/wp-content\/uploads\/2025\/10\/Design-sem-nome.avif","type":"image\/jpeg"}],"author":"Zero \u00e0 Esquerda","twitter_card":"summary_large_image","twitter_creator":"@z3roaesquerda","twitter_site":"@z3roaesquerda","twitter_misc":{"Escrito por":"Zero \u00e0 Esquerda","Est. tempo de leitura":"1 minuto"},"schema":{"@context":"https:\/\/schema.org","@graph":[{"@type":"Article","@id":"https:\/\/zeroaesquerda.com.br\/index.php\/2025\/10\/28\/uma-sociedade-capaz-de-tais-acoes-esta-doente-declaracao-de-recusa-de-daniel-schultz-ao-exercito-israelense\/#article","isPartOf":{"@id":"https:\/\/zeroaesquerda.com.br\/index.php\/2025\/10\/28\/uma-sociedade-capaz-de-tais-acoes-esta-doente-declaracao-de-recusa-de-daniel-schultz-ao-exercito-israelense\/"},"author":{"name":"Zero \u00e0 Esquerda","@id":"https:\/\/zeroaesquerda.com.br\/#\/schema\/person\/04e72095a4fbe77f00c7b047955ed0b8"},"headline":"&#8220;Uma sociedade capaz de tais a\u00e7\u00f5es est\u00e1 doente&#8221; &#8211; Declara\u00e7\u00e3o de recusa de Daniel Schultz ao ex\u00e9rcito israelense","datePublished":"2025-10-28T21:46:16+00:00","dateModified":"2025-10-28T22:35:08+00:00","mainEntityOfPage":{"@id":"https:\/\/zeroaesquerda.com.br\/index.php\/2025\/10\/28\/uma-sociedade-capaz-de-tais-acoes-esta-doente-declaracao-de-recusa-de-daniel-schultz-ao-exercito-israelense\/"},"wordCount":1164,"commentCount":0,"publisher":{"@id":"https:\/\/zeroaesquerda.com.br\/#organization"},"image":{"@id":"https:\/\/zeroaesquerda.com.br\/index.php\/2025\/10\/28\/uma-sociedade-capaz-de-tais-acoes-esta-doente-declaracao-de-recusa-de-daniel-schultz-ao-exercito-israelense\/#primaryimage"},"thumbnailUrl":"https:\/\/zeroaesquerda.com.br\/wp-content\/uploads\/2025\/10\/Design-sem-nome.avif","articleSection":["Produ\u00e7\u00f5es","Tradu\u00e7\u00f5es"],"inLanguage":"pt-BR","potentialAction":[{"@type":"CommentAction","name":"Comment","target":["https:\/\/zeroaesquerda.com.br\/index.php\/2025\/10\/28\/uma-sociedade-capaz-de-tais-acoes-esta-doente-declaracao-de-recusa-de-daniel-schultz-ao-exercito-israelense\/#respond"]}]},{"@type":"WebPage","@id":"https:\/\/zeroaesquerda.com.br\/index.php\/2025\/10\/28\/uma-sociedade-capaz-de-tais-acoes-esta-doente-declaracao-de-recusa-de-daniel-schultz-ao-exercito-israelense\/","url":"https:\/\/zeroaesquerda.com.br\/index.php\/2025\/10\/28\/uma-sociedade-capaz-de-tais-acoes-esta-doente-declaracao-de-recusa-de-daniel-schultz-ao-exercito-israelense\/","name":"\"Uma sociedade capaz de tais a\u00e7\u00f5es est\u00e1 doente\" - Declara\u00e7\u00e3o de recusa de Daniel Schultz ao ex\u00e9rcito israelense - Zero \u00e0 Esquerda","isPartOf":{"@id":"https:\/\/zeroaesquerda.com.br\/#website"},"primaryImageOfPage":{"@id":"https:\/\/zeroaesquerda.com.br\/index.php\/2025\/10\/28\/uma-sociedade-capaz-de-tais-acoes-esta-doente-declaracao-de-recusa-de-daniel-schultz-ao-exercito-israelense\/#primaryimage"},"image":{"@id":"https:\/\/zeroaesquerda.com.br\/index.php\/2025\/10\/28\/uma-sociedade-capaz-de-tais-acoes-esta-doente-declaracao-de-recusa-de-daniel-schultz-ao-exercito-israelense\/#primaryimage"},"thumbnailUrl":"https:\/\/zeroaesquerda.com.br\/wp-content\/uploads\/2025\/10\/Design-sem-nome.avif","datePublished":"2025-10-28T21:46:16+00:00","dateModified":"2025-10-28T22:35:08+00:00","description":"Daniel Schultz \u00e9 uma jovem de dezoito anos, condenada a vinte dias de pris\u00e3o por recusar o alistamento \u00e0s for\u00e7as armadas israelenses. Em sua declara\u00e7\u00e3o, ela se contrap\u00f5e ao genoc\u00eddio em curso: \"Diante de beb\u00eas morrendo de fome, vilas inteiras desarraigadas violentamente e civis enviados a campos de tortura, n\u00e3o h\u00e1 outra escolha\".","breadcrumb":{"@id":"https:\/\/zeroaesquerda.com.br\/index.php\/2025\/10\/28\/uma-sociedade-capaz-de-tais-acoes-esta-doente-declaracao-de-recusa-de-daniel-schultz-ao-exercito-israelense\/#breadcrumb"},"inLanguage":"pt-BR","potentialAction":[{"@type":"ReadAction","target":["https:\/\/zeroaesquerda.com.br\/index.php\/2025\/10\/28\/uma-sociedade-capaz-de-tais-acoes-esta-doente-declaracao-de-recusa-de-daniel-schultz-ao-exercito-israelense\/"]}]},{"@type":"ImageObject","inLanguage":"pt-BR","@id":"https:\/\/zeroaesquerda.com.br\/index.php\/2025\/10\/28\/uma-sociedade-capaz-de-tais-acoes-esta-doente-declaracao-de-recusa-de-daniel-schultz-ao-exercito-israelense\/#primaryimage","url":"https:\/\/zeroaesquerda.com.br\/wp-content\/uploads\/2025\/10\/Design-sem-nome.avif","contentUrl":"https:\/\/zeroaesquerda.com.br\/wp-content\/uploads\/2025\/10\/Design-sem-nome.avif","width":2048,"height":1212},{"@type":"BreadcrumbList","@id":"https:\/\/zeroaesquerda.com.br\/index.php\/2025\/10\/28\/uma-sociedade-capaz-de-tais-acoes-esta-doente-declaracao-de-recusa-de-daniel-schultz-ao-exercito-israelense\/#breadcrumb","itemListElement":[{"@type":"ListItem","position":1,"name":"In\u00edcio","item":"https:\/\/zeroaesquerda.com.br\/"},{"@type":"ListItem","position":2,"name":"&#8220;Uma sociedade capaz de tais a\u00e7\u00f5es est\u00e1 doente&#8221; &#8211; Declara\u00e7\u00e3o de recusa de Daniel Schultz ao ex\u00e9rcito israelense"}]},{"@type":"WebSite","@id":"https:\/\/zeroaesquerda.com.br\/#website","url":"https:\/\/zeroaesquerda.com.br\/","name":"Zero \u00e0 Esquerda","description":"Tra\u00e7ando tend\u00eancias para al\u00e9m do capitalismo.","publisher":{"@id":"https:\/\/zeroaesquerda.com.br\/#organization"},"potentialAction":[{"@type":"SearchAction","target":{"@type":"EntryPoint","urlTemplate":"https:\/\/zeroaesquerda.com.br\/?s={search_term_string}"},"query-input":{"@type":"PropertyValueSpecification","valueRequired":true,"valueName":"search_term_string"}}],"inLanguage":"pt-BR"},{"@type":"Organization","@id":"https:\/\/zeroaesquerda.com.br\/#organization","name":"Zero \u00e0 Esquerda","url":"https:\/\/zeroaesquerda.com.br\/","logo":{"@type":"ImageObject","inLanguage":"pt-BR","@id":"https:\/\/zeroaesquerda.com.br\/#\/schema\/logo\/image\/","url":"https:\/\/zeroaesquerda.com.br\/wp-content\/uploads\/2021\/01\/4-simbolo-zero-a-esquerda-favicon-alt.png","contentUrl":"https:\/\/zeroaesquerda.com.br\/wp-content\/uploads\/2021\/01\/4-simbolo-zero-a-esquerda-favicon-alt.png","width":1271,"height":1069,"caption":"Zero \u00e0 Esquerda"},"image":{"@id":"https:\/\/zeroaesquerda.com.br\/#\/schema\/logo\/image\/"},"sameAs":["https:\/\/www.facebook.com\/revistazeroaesquerda","https:\/\/x.com\/z3roaesquerda","https:\/\/www.instagram.com\/revistazeroaesquerda\/","https:\/\/www.youtube.com\/channel\/UCIaGx271Qw6D1QwqYBojrLw"]},{"@type":"Person","@id":"https:\/\/zeroaesquerda.com.br\/#\/schema\/person\/04e72095a4fbe77f00c7b047955ed0b8","name":"Zero \u00e0 Esquerda","image":{"@type":"ImageObject","inLanguage":"pt-BR","@id":"https:\/\/secure.gravatar.com\/avatar\/a417d8eccb1cec435aa9a93213f41ee528a636232351421dedc4ada2160b3f1b?s=96&d=mm&r=g","url":"https:\/\/secure.gravatar.com\/avatar\/a417d8eccb1cec435aa9a93213f41ee528a636232351421dedc4ada2160b3f1b?s=96&d=mm&r=g","contentUrl":"https:\/\/secure.gravatar.com\/avatar\/a417d8eccb1cec435aa9a93213f41ee528a636232351421dedc4ada2160b3f1b?s=96&d=mm&r=g","caption":"Zero \u00e0 Esquerda"},"description":"Tra\u00e7ando tend\u00eancias para al\u00e9m do capitalismo.","sameAs":["http:\/\/zeroaesquerda.com.br"],"url":"https:\/\/zeroaesquerda.com.br\/index.php\/author\/revistazeroaesquerdagmail-com\/"}]}},"_links":{"self":[{"href":"https:\/\/zeroaesquerda.com.br\/index.php\/wp-json\/wp\/v2\/posts\/4145","targetHints":{"allow":["GET"]}}],"collection":[{"href":"https:\/\/zeroaesquerda.com.br\/index.php\/wp-json\/wp\/v2\/posts"}],"about":[{"href":"https:\/\/zeroaesquerda.com.br\/index.php\/wp-json\/wp\/v2\/types\/post"}],"author":[{"embeddable":true,"href":"https:\/\/zeroaesquerda.com.br\/index.php\/wp-json\/wp\/v2\/users\/1"}],"replies":[{"embeddable":true,"href":"https:\/\/zeroaesquerda.com.br\/index.php\/wp-json\/wp\/v2\/comments?post=4145"}],"version-history":[{"count":6,"href":"https:\/\/zeroaesquerda.com.br\/index.php\/wp-json\/wp\/v2\/posts\/4145\/revisions"}],"predecessor-version":[{"id":4158,"href":"https:\/\/zeroaesquerda.com.br\/index.php\/wp-json\/wp\/v2\/posts\/4145\/revisions\/4158"}],"wp:featuredmedia":[{"embeddable":true,"href":"https:\/\/zeroaesquerda.com.br\/index.php\/wp-json\/wp\/v2\/media\/4147"}],"wp:attachment":[{"href":"https:\/\/zeroaesquerda.com.br\/index.php\/wp-json\/wp\/v2\/media?parent=4145"}],"wp:term":[{"taxonomy":"category","embeddable":true,"href":"https:\/\/zeroaesquerda.com.br\/index.php\/wp-json\/wp\/v2\/categories?post=4145"},{"taxonomy":"post_tag","embeddable":true,"href":"https:\/\/zeroaesquerda.com.br\/index.php\/wp-json\/wp\/v2\/tags?post=4145"}],"curies":[{"name":"wp","href":"https:\/\/api.w.org\/{rel}","templated":true}]}}