{"id":3833,"date":"2025-06-24T17:52:42","date_gmt":"2025-06-24T17:52:42","guid":{"rendered":"https:\/\/zeroaesquerda.com.br\/?p=3833"},"modified":"2025-12-12T13:56:59","modified_gmt":"2025-12-12T13:56:59","slug":"fogo-e-gelo-licoes-da-batalha-de-los-angeles","status":"publish","type":"post","link":"https:\/\/zeroaesquerda.com.br\/index.php\/2025\/06\/24\/fogo-e-gelo-licoes-da-batalha-de-los-angeles\/","title":{"rendered":"Fogo e Gelo &#8211; Li\u00e7\u00f5es da Batalha de Los Angeles"},"content":{"rendered":"\n<p class=\"has-text-align-right\">I think I\u2019ll stay on this<\/p>\n\n\n\n<p class=\"has-text-align-right\"> earthquake fault near this<\/p>\n\n\n\n<p class=\"has-text-align-right\"> still-active volcano in this<\/p>\n\n\n\n<p class=\"has-text-align-right\"> armed fortress facing a <\/p>\n\n\n\n<p class=\"has-text-align-right\">dying ocean &amp; covered w\/dirt<\/p>\n\n\n\n<p class=\"has-text-align-right\"> while the<\/p>\n\n\n\n<p class=\"has-text-align-right\"> streets burn up &amp; the<\/p>\n\n\n\n<p class=\"has-text-align-right\"> rocks fly &amp; pepper gas<\/p>\n\n\n\n<p class=\"has-text-align-right\"> lays us out<\/p>\n\n\n\n<p class=\"has-text-align-right\"> cause<\/p>\n\n\n\n<p class=\"has-text-align-right\"> that\u2019s where my friends are,<\/p>\n\n\n\n<p class=\"has-text-align-right\"> you bastards, not that you know what that means.<\/p>\n\n\n\n<p class=\"has-text-align-right\"> \u2014Diane Di Prima, \u201cRevolutionary Letter #52\u201d<\/p>\n\n\n\n<p><\/p>\n\n\n\n<p class=\"has-text-align-center\">O movimento contra a deporta\u00e7\u00e3o em massa vem se intensificando h\u00e1 semanas. De S\u00e3o Diego<br>\u00e0 Martha&#8217;s Vineyard, confrontos espont\u00e2neos com os agentes do ICE j\u00e1 vinham acontecendo.<br>Paralelamente, houve a\u00e7\u00f5es organizadas de ativistas, incluindo as tentativas de bloqueio das vans do ICE no centro de Manhattan.<\/p>\n\n\n\n<p class=\"has-text-align-center\"><br>Todos sabiam que a situa\u00e7\u00e3o estava prestes a explodir. Finalmente, em Los Angeles, aconteceu.<br>Multid\u00f5es juntaram-se em resposta aos ataques do ICE em v\u00e1rias vizinhan\u00e7as. Seguiram-se<br>protestos noite ap\u00f3s noite em frente ao Metropolitan Detention Center, para onde os migrantes<br>presos vinham sendo levados.<\/p>\n\n\n\n<p class=\"has-text-align-center\"><br>Esfor\u00e7os para impedir os ataques do ICE e os centros de deten\u00e7\u00e3o resultaram em confrontos<br>com a pol\u00edcia. A multid\u00e3o se espalhou pelo centro e por outros bairros. Protestantes bloquearam<br>as ruas e estradas, lutaram contra a pol\u00edcia com pedras e fogos de artif\u00edcio, constru\u00edram<br>barricadas e incendiaram autom\u00f3veis. Trump decidiu enviar a Guarda Nacional e logo a seguir<br>a Marinha.<\/p>\n\n\n\n<p class=\"has-text-align-center\"><br>A explos\u00e3o tinha de acontecer em Los Angeles. Mas agora que o fogo foi aceso, est\u00e1<br>come\u00e7ando a se espalhar. Manifestantes apareceram em dezenas de cidades ao longo do pa\u00eds.<br>Seguem-se, sem pausa, centenas de pris\u00f5es. O Texas e o Missouri mobilizaram a Guarda<br>Nacional.<\/p>\n\n\n\n<p class=\"has-text-align-center\"><br>Tens\u00f5es espalham-se no interior dos centros de deten\u00e7\u00e3o de imigrantes. Uma revolta dentro do<br>Delaney Hall Detention Facility em Newark, resultou na destrui\u00e7\u00e3o de um muro e na fuga de<br>dezenas de migrantes. O centro de deten\u00e7\u00e3o, que apenas reabria, deve fechar.<\/p>\n\n\n\n<p class=\"has-text-align-center\"><br>O que se segue s\u00e3o algumas<a href=\"https:\/\/illwill.com\/fire-and-ice\"> li\u00e7\u00f5es<\/a> da batalha de Los Angeles que podem ser \u00fateis hoje, \u00e0<br>medida que o movimento para deter a m\u00e1quina de deporta\u00e7\u00e3o se espalha e aprofunda.<\/p>\n\n\n\n<hr class=\"wp-block-separator has-alpha-channel-opacity\"\/>\n\n\n\n<p class=\"has-text-align-center has-large-font-size\"><br><strong>I.<\/strong><\/p>\n\n\n\n<p class=\"has-text-align-center has-medium-font-size\"> <em>Protestos s\u00f3 s\u00e3o eficazes se forem disruptivas. <\/em>O movimento contra o ICE se tornou o mais<br>importante desafio ao novo governo Trump. Ao interromper a m\u00e1quina de deporta\u00e7\u00e3o, o<br>movimento revelou a \u00fanica fonte de poder que as pessoas comuns possuem.<\/p>\n\n\n\n<p class=\"has-text-align-center has-large-font-size\"><br><strong>II.<\/strong><\/p>\n\n\n\n<p class=\"has-text-align-center has-medium-font-size\"><em> Para que continue a ser eficaz, a disrup\u00e7\u00e3o deve se espalhar.<\/em> As tens\u00f5es se espalharam de<br>bairro em bairro em Los Angeles e da\u00ed para dezenas de cidade ao redor do pa\u00eds. Agora, os<br>protestos est\u00e3o delimitados a pequenos setores nas \u00e1reas centrais das cidades. Se pretende<br>vencer, o movimento deve continuar se espalhando em cada cidade do pa\u00eds, atraindo camadas<br>cada vez mais amplas.<\/p>\n\n\n\n<p class=\"has-text-align-center has-large-font-size\"><br><strong>III.<\/strong><\/p>\n\n\n\n<p class=\"has-text-align-center has-medium-font-size\"><em>Bloquear tudo.<\/em> Durante a batalha de Los Angeles, os bloqueios se espalharam a partir de<br>v\u00e1rios bairros at\u00e9 o Metropolitan Detention Center e depois \u00e0s rodovias e linhas de trem. \u00c0<br>medida que o movimento se expandia, os bloqueios continuavam a alcan\u00e7ar os bairros, centos<br>de deten\u00e7\u00e3o, rodovias, vias p\u00fablicas e, a partir da\u00ed, aeroportos e outras infraestruturas ao redor<br>do pa\u00eds.<\/p>\n\n\n<div class=\"wp-block-image\">\n<figure class=\"aligncenter size-large\"><img data-dominant-color=\"726f70\" data-has-transparency=\"false\" style=\"--dominant-color: #726f70;\" loading=\"lazy\" decoding=\"async\" width=\"1024\" height=\"683\" sizes=\"auto, (max-width: 1024px) 100vw, 1024px\" src=\"https:\/\/zeroaesquerda.com.br\/wp-content\/uploads\/2025\/06\/IMG_4BB6FA623939-1-1-1024x683.avif\" alt=\"\" class=\"wp-image-3840 not-transparent\" srcset=\"https:\/\/zeroaesquerda.com.br\/wp-content\/uploads\/2025\/06\/IMG_4BB6FA623939-1-1-1024x683.avif 1024w, https:\/\/zeroaesquerda.com.br\/wp-content\/uploads\/2025\/06\/IMG_4BB6FA623939-1-1-300x200.avif 300w, https:\/\/zeroaesquerda.com.br\/wp-content\/uploads\/2025\/06\/IMG_4BB6FA623939-1-1-768x512.avif 768w, https:\/\/zeroaesquerda.com.br\/wp-content\/uploads\/2025\/06\/IMG_4BB6FA623939-1-1-1536x1024.avif 1536w, https:\/\/zeroaesquerda.com.br\/wp-content\/uploads\/2025\/06\/IMG_4BB6FA623939-1-1.avif 1600w\" \/><\/figure>\n<\/div>\n\n\n<p class=\"has-text-align-center has-large-font-size\"><br><strong>IV.<em> <\/em><\/strong><\/p>\n\n\n\n<p class=\"has-text-align-center has-medium-font-size\"><em>Poder \u00e9 log\u00edstica &#8211; ele reside na infraestrutura.<\/em> A m\u00e1quina de deporta\u00e7\u00e3o requer uma<br>infraestrutura e um vasto aparato log\u00edstico. Essa log\u00edstica deve ser estudada e a<br>infraestrutura mapeada, revelando os pontos de ruptura e as aberturas \u00e0s novas t\u00e1ticas.<\/p>\n\n\n\n<p class=\"has-text-align-center has-large-font-size\"><br><strong>V.<\/strong><\/p>\n\n\n\n<p class=\"has-text-align-center has-medium-font-size\"> <em>Um ritmo consistente d\u00e1 ao movimento algo a que se orientar, possibilitando uma ampla<br>auto-organiza\u00e7\u00e3o.<\/em> Centros deten\u00e7\u00e3o e pr\u00e9dios federais s\u00e3o simb\u00f3licos e parte da<br>infraestrutura. Protestos di\u00e1rios ao redor desses espa\u00e7os possibilitam uma abertura ao<br>crescimento de um movimento diverso e auto-organizado. Mas isso tem limites. Pode<br>facilmente aprisionar os participantes numa guerra incessante e exaustiva com retornos<br>diminutos.<\/p>\n\n\n\n<p class=\"has-text-align-center has-large-font-size\"><br><strong>VI. <\/strong><\/p>\n\n\n\n<p class=\"has-text-align-center has-medium-font-size\"><em>A cidade inteira \u00e9 um campo de batalha. <\/em>Espalhar as lutas ao redor da cidade<br>interromper\u00e1 o funcionamento da m\u00e1quina de deporta\u00e7\u00e3o. Deve ocorrer mesmo quando os<br>manifestantes n\u00e3o est\u00e3o bloqueando diretamente a infraestrutura de deporta\u00e7\u00e3o.<\/p>\n\n\n\n<p class=\"has-text-align-center has-large-font-size\"><br><strong>VII. <\/strong><\/p>\n\n\n\n<p class=\"has-text-align-center has-medium-font-size\"><em>A espontaneidade muitas vezes j\u00e1 est\u00e1 organizada.<\/em> Os levantes s\u00e3o geralmente<br>espont\u00e2neos, mas a organiza\u00e7\u00e3o pode contribuir para a sua circula\u00e7\u00e3o, extens\u00e3o e<br>intensidade. Multid\u00f5es come\u00e7aram a se juntar espontaneamente em resposta aos ataques do<br>ICE em Los Angeles. Em seguida, grupos de ativistas convocaram protestos no centro de<br>deten\u00e7\u00e3o. Isso ajudou a sustentar o \u00edmpeto do movimento e espalhar a sua atividade por<br>toda a cidade. Protesto continuar\u00e3o a emergir como respostas espont\u00e2neas aos ataques. O<br>movimento dever\u00e1 aprender como tomar sua iniciativa e definir o seu ritmo.<\/p>\n\n\n\n<p class=\"has-text-align-center has-large-font-size\"><br><strong>IX. <\/strong><\/p>\n\n\n\n<p class=\"has-text-align-center has-medium-font-size\"><em>Os ativistas podem contribuir para o modo como o movimento se difunde.<\/em> Canais de<br>comunica\u00e7\u00e3o que s\u00e3o claros, confi\u00e1veis e consistentes s\u00e3o fundamentais. Isso ir\u00e1 contribuir<br>para o crescimento do n\u00famero de participantes e a constru\u00e7\u00e3o de uma ecologia na qual<br>muitas camadas de iniciativas e formas de auto-organiza\u00e7\u00e3o tornam-se poss\u00edveis.<\/p>\n\n\n\n<p class=\"has-text-align-center has-large-font-size\"><br><strong>XI.<em> <\/em><\/strong><\/p>\n\n\n\n<p class=\"has-text-align-center has-medium-font-size\"><em>Multid\u00f5es determinadas podem afrontar a pol\u00edcia.<\/em> O LAPD foi confrontado por<br>multid\u00f5es combativas, al\u00e9m de diversa, criativa, imprevis\u00edvel, descentralizada e difusa.<\/p>\n\n\n\n<p class=\"has-text-align-center has-large-font-size\"><br><strong>XII.<em> <\/em><\/strong><\/p>\n\n\n\n<p class=\"has-text-align-center has-medium-font-size\"><em>A repress\u00e3o pode fazer com que os protestos se espalhem.<\/em> O envio da Guarda Nacional<br>\u00e0s vezes p\u00f5e fim \u00e0 agita\u00e7\u00e3o. Outras vezes, faz com que os protestos se tornem mais<br>generalizados e intensos \u00e0 medida que mais e mais pessoas v\u00e3o \u00e0s ruas.<\/p>\n\n\n\n<p class=\"has-text-align-center has-large-font-size\"><br><strong>XIII.<em> <\/em><\/strong><\/p>\n\n\n\n<p class=\"has-text-align-center has-medium-font-size\"><em>Uma situa\u00e7\u00e3o revolucion\u00e1ria se abre quando as for\u00e7as armadas s\u00e3o mobilizadas<br>para as ruas<\/em>. Ainda n\u00e3o chegamos ao n\u00edvel da crise, mas \u00e9 necess\u00e1rio come\u00e7ar a considerar<br>as quest\u00f5es levantadas a partir disso.<\/p>\n\n\n\n<p class=\"has-text-align-center has-large-font-size\"><br><strong>XIV. <\/strong><\/p>\n\n\n\n<p class=\"has-text-align-center has-medium-font-size\"><em>A infraestrutura real necess\u00e1ria para que o Estado realize deporta\u00e7\u00f5es em massa<br>ainda n\u00e3o existe.<\/em> Ela est\u00e1 sendo montada de forma fragmentada. O objetivo, por enquanto,<br>\u00e9 criar um espet\u00e1culo. Nesse cen\u00e1rio, eles podem ser derrotados.<\/p>\n\n\n\n<p class=\"has-text-align-center has-large-font-size\"><br><strong>XV. <\/strong><\/p>\n\n\n\n<p class=\"has-text-align-center has-medium-font-size\"><em>A estrat\u00e9gia do governo Trump \u00e9 aumentar a polariza\u00e7\u00e3o e a desordem.<\/em> Trump est\u00e1<br>tornando as cidades americanas menos govern\u00e1veis. Isso pode ser usado contra elas. Muitas<br>vezes, aspirantes a autocratas s\u00e3o desfeitos por seus pr\u00f3prios erros. Revoltas sempre levam<br>ao aumento da polariza\u00e7\u00e3o. Isso \u00e9 inevit\u00e1vel. Algum momento isso se tornar\u00e1 imposs\u00edvel.<\/p>\n\n\n<div class=\"wp-block-image\">\n<figure class=\"aligncenter size-large\"><img data-dominant-color=\"575757\" data-has-transparency=\"false\" style=\"--dominant-color: #575757;\" loading=\"lazy\" decoding=\"async\" width=\"1024\" height=\"683\" sizes=\"auto, (max-width: 1024px) 100vw, 1024px\" src=\"https:\/\/zeroaesquerda.com.br\/wp-content\/uploads\/2025\/06\/Skateboarder__getty_-1024x683.avif\" alt=\"\" class=\"wp-image-3839 not-transparent\" srcset=\"https:\/\/zeroaesquerda.com.br\/wp-content\/uploads\/2025\/06\/Skateboarder__getty_-1024x683.avif 1024w, https:\/\/zeroaesquerda.com.br\/wp-content\/uploads\/2025\/06\/Skateboarder__getty_-300x200.avif 300w, https:\/\/zeroaesquerda.com.br\/wp-content\/uploads\/2025\/06\/Skateboarder__getty_-768x512.avif 768w, https:\/\/zeroaesquerda.com.br\/wp-content\/uploads\/2025\/06\/Skateboarder__getty_-1536x1024.avif 1536w, https:\/\/zeroaesquerda.com.br\/wp-content\/uploads\/2025\/06\/Skateboarder__getty_.avif 1920w\" \/><\/figure>\n<\/div>\n\n\n<p class=\"has-text-align-center has-large-font-size\"><br><strong>XVI. <\/strong><\/p>\n\n\n\n<p class=\"has-text-align-center has-medium-font-size\"><em>As tens\u00f5es entre governos locais e o governo Trump criaram brechas para os levantes<br>de George Floyd.<\/em> O movimento atual pode se beneficiar dessas contradi\u00e7\u00f5es. Mas \u00e9<br>importante evitar que a luta seja redirecionada para as urnas. Os Bidens, Kamalas e<br>Newsoms deste mundo n\u00e3o t\u00eam nada a oferecer.<\/p>\n\n\n\n<p class=\"has-text-align-center has-large-font-size\"><br><strong>XVII.<em> <\/em><\/strong><\/p>\n\n\n\n<p class=\"has-text-align-center has-medium-font-size\"><em>As revoltas s\u00e3o frequentemente desencadeadas por um grupo social espec\u00edfico.<\/em> Mas<br>a base social precisa se expandir para que tenham sucesso. A luta para derrotar ou abolir o<br>ICE come\u00e7ou nas comunidades de migrantes. Precisar\u00e1 se expandir, atraindo camadas<br>muito mais amplas da sociedade.<\/p>\n\n\n\n<p class=\"has-text-align-center has-large-font-size\"><br><strong>XVIII. <\/strong><\/p>\n\n\n\n<p class=\"has-text-align-center has-medium-font-size\">Os governos aprendem com os sucessos e fracassos da agita\u00e7\u00e3o social. Os<br>insurgentes precisar\u00e3o fazer o mesmo. Trump tem se queixado frequentemente de n\u00e3o ter<br>enviado a Guarda Nacional a Minneapolis antes. Se o governo federal quiser ser mais<br>r\u00e1pido e proativo na interven\u00e7\u00e3o em conflitos locais, os tumultos poder\u00e3o ter uma janela de<br>oportunidade menor. Os insurgentes precisar\u00e3o aprender a ter confian\u00e7a e capacidade para<br>tomar a\u00e7\u00f5es ousadas e agir de forma decisiva.<\/p>\n\n\n\n<p class=\"has-text-align-center has-large-font-size\"><strong><br>XIX. <\/strong><\/p>\n\n\n\n<p class=\"has-text-align-center has-medium-font-size\"><em>O futuro pertence aos que ousam<\/em>. O movimento deve tomar e manter a iniciativa,<br>impondo seu ritmo aos acontecimentos. Uma vez iniciada uma revolta, o movimento deve<br>agir com a maior determina\u00e7\u00e3o e, por todos os meios, sem falta, partir para a ofensiva.<br>Surpreenda o inimigo e aproveite o momento em que suas for\u00e7as estiverem dispersas.<br>Busque sucessos di\u00e1rios, por menores que sejame mantenha a todo custo um moral elevado.<\/p>\n\n\n\n<p class=\"has-text-align-center has-large-font-size\"><br><strong>XX.<em> <\/em><\/strong><\/p>\n\n\n\n<p class=\"has-text-align-center has-medium-font-size\"><em>N\u00e3o existe uma solu\u00e7\u00e3o \u00fanica.<\/em> Ser\u00e1 preciso que todos n\u00f3s, empurrando a coisa de<br>todos os lados, a derrubemos.<\/p>\n\n\n\n<p class=\"has-text-align-center has-large-font-size\"><br><strong>XXI. <\/strong><\/p>\n\n\n\n<p class=\"has-text-align-center has-medium-font-size\"><em>&#8220;Duas, tr\u00eas, muitas Los Angeles.&#8221;<\/em> Ser\u00e1 necess\u00e1ria a abertura de novas frentes e a<br>dissemina\u00e7\u00e3o de t\u00e1ticas cada vez mais disruptivas para acionar o freio de emerg\u00eancia da<br>m\u00e1quina de deporta\u00e7\u00e3o. A escolha \u00e0 frente \u00e9 clara: deporta\u00e7\u00e3o ou insurrei\u00e7\u00e3o.<\/p>\n\n\n\n<div class=\"wp-block-columns is-layout-flex wp-container-core-columns-is-layout-61ecc280 wp-block-columns-is-layout-flex\" style=\"padding-top:2.5rem;padding-right:2.5rem;padding-bottom:2.5rem;padding-left:2.5rem\">\n<div class=\"wp-block-column is-layout-flow wp-block-column-is-layout-flow\" style=\"flex-basis:25%\"><\/div>\n\n\n\n<div class=\"wp-block-column is-layout-flow wp-block-column-is-layout-flow\" style=\"flex-basis:75%\">\n<h2 class=\"wp-block-heading has-theme-palette-9-color has-theme-palette-3-background-color has-text-color has-background has-link-color wp-elements-f61549ebe32b66d66d7ce52a502c7c58\">An\u00f4nimo<\/h2>\n\n\n\n<p><\/p>\n\n\n\n<div class=\"wp-block-buttons is-layout-flex wp-block-buttons-is-layout-flex\">\n<div class=\"wp-block-button\"><a class=\"wp-block-button__link wp-element-button\">&#8230;<\/a><\/div>\n<\/div>\n<\/div>\n<\/div>\n\n\n\n<div class=\"wp-block-columns is-layout-flex wp-container-core-columns-is-layout-61ecc280 wp-block-columns-is-layout-flex\" style=\"padding-top:2.5rem;padding-right:2.5rem;padding-bottom:2.5rem;padding-left:2.5rem\">\n<div class=\"wp-block-column is-layout-flow wp-block-column-is-layout-flow\" style=\"flex-basis:25%\">\n<figure class=\"wp-block-image size-full is-resized\"><img loading=\"lazy\" decoding=\"async\" width=\"471\" height=\"463\" sizes=\"auto, (max-width: 471px) 100vw, 471px\" src=\"https:\/\/zeroaesquerda.com.br\/wp-content\/uploads\/2023\/12\/ricardo-e1707251872371.jpg\" alt=\"\" class=\"wp-image-2920\" style=\"width:221px;height:auto\" srcset=\"https:\/\/zeroaesquerda.com.br\/wp-content\/uploads\/2023\/12\/ricardo-e1707251872371.jpg 471w, https:\/\/zeroaesquerda.com.br\/wp-content\/uploads\/2023\/12\/ricardo-e1707251872371-300x295.jpg 300w\" \/><\/figure>\n<\/div>\n\n\n\n<div class=\"wp-block-column is-layout-flow wp-block-column-is-layout-flow\" style=\"flex-basis:75%\">\n<h2 class=\"wp-block-heading\">Ricardo Menezes<\/h2>\n\n\n\n<p>Escritor, fot\u00f3grafo e tradutor. \u00c9 membro da revista Zero \u00e0 Esquerda.<\/p>\n\n\n\n<div class=\"wp-block-buttons is-layout-flex wp-block-buttons-is-layout-flex\">\n<div class=\"wp-block-button\"><a class=\"wp-block-button__link wp-element-button\">Tradutor<\/a><\/div>\n<\/div>\n<\/div>\n<\/div>\n","protected":false},"excerpt":{"rendered":"<p>I think I\u2019ll stay on this earthquake fault near this still-active volcano in this armed fortress facing a dying ocean &amp; covered w\/dirt while the streets burn up &amp; the rocks fly &amp; pepper gas lays us out cause that\u2019s where my friends are, you bastards, not that you know what that means. \u2014Diane Di&#8230;<\/p>\n","protected":false},"author":1,"featured_media":3837,"comment_status":"open","ping_status":"open","sticky":false,"template":"","format":"standard","meta":{"_coblocks_attr":"","_coblocks_dimensions":"","_coblocks_responsive_height":"","_coblocks_accordion_ie_support":"","om_disable_all_campaigns":false,"_monsterinsights_skip_tracking":false,"_monsterinsights_sitenote_active":false,"_monsterinsights_sitenote_note":"","_monsterinsights_sitenote_category":0,"_uf_show_specific_survey":0,"_uf_disable_surveys":false,"_kadence_starter_templates_imported_post":false,"_kad_post_transparent":"","_kad_post_title":"","_kad_post_layout":"","_kad_post_sidebar_id":"","_kad_post_content_style":"","_kad_post_vertical_padding":"","_kad_post_feature":"","_kad_post_feature_position":"","_kad_post_header":false,"_kad_post_footer":false,"_kad_post_classname":"","footnotes":""},"categories":[346],"tags":[625,121,626,627,320,628],"class_list":["post-3833","post","type-post","status-publish","format-standard","has-post-thumbnail","hentry","category-traducoes","tag-batalha-de-los-angeles","tag-eua","tag-ice","tag-revolta","tag-trump","tag-usa"],"yoast_head":"<!-- This site is optimized with the Yoast SEO plugin v27.4 - https:\/\/yoast.com\/product\/yoast-seo-wordpress\/ -->\n<title>Fogo e Gelo - Li\u00e7\u00f5es da Batalha de Los Angeles - Zero \u00e0 Esquerda<\/title>\n<meta name=\"robots\" content=\"index, follow, max-snippet:-1, max-image-preview:large, max-video-preview:-1\" \/>\n<link rel=\"canonical\" href=\"https:\/\/zeroaesquerda.com.br\/index.php\/2025\/06\/24\/fogo-e-gelo-licoes-da-batalha-de-los-angeles\/\" \/>\n<meta property=\"og:locale\" content=\"pt_BR\" \/>\n<meta property=\"og:type\" content=\"article\" \/>\n<meta property=\"og:title\" content=\"Fogo e Gelo - Li\u00e7\u00f5es da Batalha de Los Angeles - Zero \u00e0 Esquerda\" \/>\n<meta property=\"og:description\" content=\"I think I\u2019ll stay on this earthquake fault near this still-active volcano in this armed fortress facing a dying ocean &amp; covered w\/dirt while the streets burn up &amp; the rocks fly &amp; pepper gas lays us out cause that\u2019s where my friends are, you bastards, not that you know what that means. \u2014Diane Di...\" \/>\n<meta property=\"og:url\" content=\"https:\/\/zeroaesquerda.com.br\/index.php\/2025\/06\/24\/fogo-e-gelo-licoes-da-batalha-de-los-angeles\/\" \/>\n<meta property=\"og:site_name\" content=\"Zero \u00e0 Esquerda\" \/>\n<meta property=\"article:publisher\" content=\"https:\/\/www.facebook.com\/revistazeroaesquerda\" \/>\n<meta property=\"article:published_time\" content=\"2025-06-24T17:52:42+00:00\" \/>\n<meta property=\"article:modified_time\" content=\"2025-12-12T13:56:59+00:00\" \/>\n<meta property=\"og:image\" content=\"https:\/\/zeroaesquerda.com.br\/wp-content\/uploads\/2025\/06\/protest-scaled.avif\" \/>\n\t<meta property=\"og:image:width\" content=\"2560\" \/>\n\t<meta property=\"og:image:height\" content=\"2413\" \/>\n\t<meta property=\"og:image:type\" content=\"image\/png\" \/>\n<meta name=\"author\" content=\"Zero \u00e0 Esquerda\" \/>\n<meta name=\"twitter:card\" content=\"summary_large_image\" \/>\n<meta name=\"twitter:image\" content=\"https:\/\/zeroaesquerda.com.br\/wp-content\/uploads\/2025\/06\/protest-scaled.avif\" \/>\n<meta name=\"twitter:creator\" content=\"@z3roaesquerda\" \/>\n<meta name=\"twitter:site\" content=\"@z3roaesquerda\" \/>\n<meta name=\"twitter:label1\" content=\"Escrito por\" \/>\n\t<meta name=\"twitter:data1\" content=\"Zero \u00e0 Esquerda\" \/>\n\t<meta name=\"twitter:label2\" content=\"Est. tempo de leitura\" \/>\n\t<meta name=\"twitter:data2\" content=\"9 minutos\" \/>\n<script type=\"application\/ld+json\" class=\"yoast-schema-graph\">{\"@context\":\"https:\\\/\\\/schema.org\",\"@graph\":[{\"@type\":\"Article\",\"@id\":\"https:\\\/\\\/zeroaesquerda.com.br\\\/index.php\\\/2025\\\/06\\\/24\\\/fogo-e-gelo-licoes-da-batalha-de-los-angeles\\\/#article\",\"isPartOf\":{\"@id\":\"https:\\\/\\\/zeroaesquerda.com.br\\\/index.php\\\/2025\\\/06\\\/24\\\/fogo-e-gelo-licoes-da-batalha-de-los-angeles\\\/\"},\"author\":{\"name\":\"Zero \u00e0 Esquerda\",\"@id\":\"https:\\\/\\\/zeroaesquerda.com.br\\\/#\\\/schema\\\/person\\\/04e72095a4fbe77f00c7b047955ed0b8\"},\"headline\":\"Fogo e Gelo &#8211; Li\u00e7\u00f5es da Batalha de Los Angeles\",\"datePublished\":\"2025-06-24T17:52:42+00:00\",\"dateModified\":\"2025-12-12T13:56:59+00:00\",\"mainEntityOfPage\":{\"@id\":\"https:\\\/\\\/zeroaesquerda.com.br\\\/index.php\\\/2025\\\/06\\\/24\\\/fogo-e-gelo-licoes-da-batalha-de-los-angeles\\\/\"},\"wordCount\":1374,\"commentCount\":0,\"publisher\":{\"@id\":\"https:\\\/\\\/zeroaesquerda.com.br\\\/#organization\"},\"image\":{\"@id\":\"https:\\\/\\\/zeroaesquerda.com.br\\\/index.php\\\/2025\\\/06\\\/24\\\/fogo-e-gelo-licoes-da-batalha-de-los-angeles\\\/#primaryimage\"},\"thumbnailUrl\":\"https:\\\/\\\/zeroaesquerda.com.br\\\/wp-content\\\/uploads\\\/2025\\\/06\\\/protest-scaled.avif\",\"keywords\":[\"Batalha de Los Angeles\",\"EUA\",\"ICE\",\"Revolta\",\"Trump\",\"USA\"],\"articleSection\":[\"Tradu\u00e7\u00f5es\"],\"inLanguage\":\"pt-BR\",\"potentialAction\":[{\"@type\":\"CommentAction\",\"name\":\"Comment\",\"target\":[\"https:\\\/\\\/zeroaesquerda.com.br\\\/index.php\\\/2025\\\/06\\\/24\\\/fogo-e-gelo-licoes-da-batalha-de-los-angeles\\\/#respond\"]}]},{\"@type\":\"WebPage\",\"@id\":\"https:\\\/\\\/zeroaesquerda.com.br\\\/index.php\\\/2025\\\/06\\\/24\\\/fogo-e-gelo-licoes-da-batalha-de-los-angeles\\\/\",\"url\":\"https:\\\/\\\/zeroaesquerda.com.br\\\/index.php\\\/2025\\\/06\\\/24\\\/fogo-e-gelo-licoes-da-batalha-de-los-angeles\\\/\",\"name\":\"Fogo e Gelo - Li\u00e7\u00f5es da Batalha de Los Angeles - Zero \u00e0 Esquerda\",\"isPartOf\":{\"@id\":\"https:\\\/\\\/zeroaesquerda.com.br\\\/#website\"},\"primaryImageOfPage\":{\"@id\":\"https:\\\/\\\/zeroaesquerda.com.br\\\/index.php\\\/2025\\\/06\\\/24\\\/fogo-e-gelo-licoes-da-batalha-de-los-angeles\\\/#primaryimage\"},\"image\":{\"@id\":\"https:\\\/\\\/zeroaesquerda.com.br\\\/index.php\\\/2025\\\/06\\\/24\\\/fogo-e-gelo-licoes-da-batalha-de-los-angeles\\\/#primaryimage\"},\"thumbnailUrl\":\"https:\\\/\\\/zeroaesquerda.com.br\\\/wp-content\\\/uploads\\\/2025\\\/06\\\/protest-scaled.avif\",\"datePublished\":\"2025-06-24T17:52:42+00:00\",\"dateModified\":\"2025-12-12T13:56:59+00:00\",\"breadcrumb\":{\"@id\":\"https:\\\/\\\/zeroaesquerda.com.br\\\/index.php\\\/2025\\\/06\\\/24\\\/fogo-e-gelo-licoes-da-batalha-de-los-angeles\\\/#breadcrumb\"},\"inLanguage\":\"pt-BR\",\"potentialAction\":[{\"@type\":\"ReadAction\",\"target\":[\"https:\\\/\\\/zeroaesquerda.com.br\\\/index.php\\\/2025\\\/06\\\/24\\\/fogo-e-gelo-licoes-da-batalha-de-los-angeles\\\/\"]}]},{\"@type\":\"ImageObject\",\"inLanguage\":\"pt-BR\",\"@id\":\"https:\\\/\\\/zeroaesquerda.com.br\\\/index.php\\\/2025\\\/06\\\/24\\\/fogo-e-gelo-licoes-da-batalha-de-los-angeles\\\/#primaryimage\",\"url\":\"https:\\\/\\\/zeroaesquerda.com.br\\\/wp-content\\\/uploads\\\/2025\\\/06\\\/protest-scaled.avif\",\"contentUrl\":\"https:\\\/\\\/zeroaesquerda.com.br\\\/wp-content\\\/uploads\\\/2025\\\/06\\\/protest-scaled.avif\",\"width\":2560,\"height\":2413},{\"@type\":\"BreadcrumbList\",\"@id\":\"https:\\\/\\\/zeroaesquerda.com.br\\\/index.php\\\/2025\\\/06\\\/24\\\/fogo-e-gelo-licoes-da-batalha-de-los-angeles\\\/#breadcrumb\",\"itemListElement\":[{\"@type\":\"ListItem\",\"position\":1,\"name\":\"In\u00edcio\",\"item\":\"https:\\\/\\\/zeroaesquerda.com.br\\\/\"},{\"@type\":\"ListItem\",\"position\":2,\"name\":\"Fogo e Gelo &#8211; Li\u00e7\u00f5es da Batalha de Los Angeles\"}]},{\"@type\":\"WebSite\",\"@id\":\"https:\\\/\\\/zeroaesquerda.com.br\\\/#website\",\"url\":\"https:\\\/\\\/zeroaesquerda.com.br\\\/\",\"name\":\"Zero \u00e0 Esquerda\",\"description\":\"Tra\u00e7ando tend\u00eancias para al\u00e9m do capitalismo.\",\"publisher\":{\"@id\":\"https:\\\/\\\/zeroaesquerda.com.br\\\/#organization\"},\"potentialAction\":[{\"@type\":\"SearchAction\",\"target\":{\"@type\":\"EntryPoint\",\"urlTemplate\":\"https:\\\/\\\/zeroaesquerda.com.br\\\/?s={search_term_string}\"},\"query-input\":{\"@type\":\"PropertyValueSpecification\",\"valueRequired\":true,\"valueName\":\"search_term_string\"}}],\"inLanguage\":\"pt-BR\"},{\"@type\":\"Organization\",\"@id\":\"https:\\\/\\\/zeroaesquerda.com.br\\\/#organization\",\"name\":\"Zero \u00e0 Esquerda\",\"url\":\"https:\\\/\\\/zeroaesquerda.com.br\\\/\",\"logo\":{\"@type\":\"ImageObject\",\"inLanguage\":\"pt-BR\",\"@id\":\"https:\\\/\\\/zeroaesquerda.com.br\\\/#\\\/schema\\\/logo\\\/image\\\/\",\"url\":\"https:\\\/\\\/zeroaesquerda.com.br\\\/wp-content\\\/uploads\\\/2021\\\/01\\\/4-simbolo-zero-a-esquerda-favicon-alt.png\",\"contentUrl\":\"https:\\\/\\\/zeroaesquerda.com.br\\\/wp-content\\\/uploads\\\/2021\\\/01\\\/4-simbolo-zero-a-esquerda-favicon-alt.png\",\"width\":1271,\"height\":1069,\"caption\":\"Zero \u00e0 Esquerda\"},\"image\":{\"@id\":\"https:\\\/\\\/zeroaesquerda.com.br\\\/#\\\/schema\\\/logo\\\/image\\\/\"},\"sameAs\":[\"https:\\\/\\\/www.facebook.com\\\/revistazeroaesquerda\",\"https:\\\/\\\/x.com\\\/z3roaesquerda\",\"https:\\\/\\\/www.instagram.com\\\/revistazeroaesquerda\\\/\",\"https:\\\/\\\/www.youtube.com\\\/channel\\\/UCIaGx271Qw6D1QwqYBojrLw\"]},{\"@type\":\"Person\",\"@id\":\"https:\\\/\\\/zeroaesquerda.com.br\\\/#\\\/schema\\\/person\\\/04e72095a4fbe77f00c7b047955ed0b8\",\"name\":\"Zero \u00e0 Esquerda\",\"image\":{\"@type\":\"ImageObject\",\"inLanguage\":\"pt-BR\",\"@id\":\"https:\\\/\\\/secure.gravatar.com\\\/avatar\\\/a417d8eccb1cec435aa9a93213f41ee528a636232351421dedc4ada2160b3f1b?s=96&d=mm&r=g\",\"url\":\"https:\\\/\\\/secure.gravatar.com\\\/avatar\\\/a417d8eccb1cec435aa9a93213f41ee528a636232351421dedc4ada2160b3f1b?s=96&d=mm&r=g\",\"contentUrl\":\"https:\\\/\\\/secure.gravatar.com\\\/avatar\\\/a417d8eccb1cec435aa9a93213f41ee528a636232351421dedc4ada2160b3f1b?s=96&d=mm&r=g\",\"caption\":\"Zero \u00e0 Esquerda\"},\"description\":\"Tra\u00e7ando tend\u00eancias para al\u00e9m do capitalismo.\",\"sameAs\":[\"http:\\\/\\\/zeroaesquerda.com.br\"],\"url\":\"https:\\\/\\\/zeroaesquerda.com.br\\\/index.php\\\/author\\\/revistazeroaesquerdagmail-com\\\/\"}]}<\/script>\n<!-- \/ Yoast SEO plugin. -->","yoast_head_json":{"title":"Fogo e Gelo - Li\u00e7\u00f5es da Batalha de Los Angeles - Zero \u00e0 Esquerda","robots":{"index":"index","follow":"follow","max-snippet":"max-snippet:-1","max-image-preview":"max-image-preview:large","max-video-preview":"max-video-preview:-1"},"canonical":"https:\/\/zeroaesquerda.com.br\/index.php\/2025\/06\/24\/fogo-e-gelo-licoes-da-batalha-de-los-angeles\/","og_locale":"pt_BR","og_type":"article","og_title":"Fogo e Gelo - Li\u00e7\u00f5es da Batalha de Los Angeles - Zero \u00e0 Esquerda","og_description":"I think I\u2019ll stay on this earthquake fault near this still-active volcano in this armed fortress facing a dying ocean &amp; covered w\/dirt while the streets burn up &amp; the rocks fly &amp; pepper gas lays us out cause that\u2019s where my friends are, you bastards, not that you know what that means. \u2014Diane Di...","og_url":"https:\/\/zeroaesquerda.com.br\/index.php\/2025\/06\/24\/fogo-e-gelo-licoes-da-batalha-de-los-angeles\/","og_site_name":"Zero \u00e0 Esquerda","article_publisher":"https:\/\/www.facebook.com\/revistazeroaesquerda","article_published_time":"2025-06-24T17:52:42+00:00","article_modified_time":"2025-12-12T13:56:59+00:00","og_image":[{"width":2560,"height":2413,"url":"https:\/\/zeroaesquerda.com.br\/wp-content\/uploads\/2025\/06\/protest-scaled.avif","type":"image\/png"}],"author":"Zero \u00e0 Esquerda","twitter_card":"summary_large_image","twitter_image":"https:\/\/zeroaesquerda.com.br\/wp-content\/uploads\/2025\/06\/protest-scaled.avif","twitter_creator":"@z3roaesquerda","twitter_site":"@z3roaesquerda","twitter_misc":{"Escrito por":"Zero \u00e0 Esquerda","Est. tempo de leitura":"9 minutos"},"schema":{"@context":"https:\/\/schema.org","@graph":[{"@type":"Article","@id":"https:\/\/zeroaesquerda.com.br\/index.php\/2025\/06\/24\/fogo-e-gelo-licoes-da-batalha-de-los-angeles\/#article","isPartOf":{"@id":"https:\/\/zeroaesquerda.com.br\/index.php\/2025\/06\/24\/fogo-e-gelo-licoes-da-batalha-de-los-angeles\/"},"author":{"name":"Zero \u00e0 Esquerda","@id":"https:\/\/zeroaesquerda.com.br\/#\/schema\/person\/04e72095a4fbe77f00c7b047955ed0b8"},"headline":"Fogo e Gelo &#8211; Li\u00e7\u00f5es da Batalha de Los Angeles","datePublished":"2025-06-24T17:52:42+00:00","dateModified":"2025-12-12T13:56:59+00:00","mainEntityOfPage":{"@id":"https:\/\/zeroaesquerda.com.br\/index.php\/2025\/06\/24\/fogo-e-gelo-licoes-da-batalha-de-los-angeles\/"},"wordCount":1374,"commentCount":0,"publisher":{"@id":"https:\/\/zeroaesquerda.com.br\/#organization"},"image":{"@id":"https:\/\/zeroaesquerda.com.br\/index.php\/2025\/06\/24\/fogo-e-gelo-licoes-da-batalha-de-los-angeles\/#primaryimage"},"thumbnailUrl":"https:\/\/zeroaesquerda.com.br\/wp-content\/uploads\/2025\/06\/protest-scaled.avif","keywords":["Batalha de Los Angeles","EUA","ICE","Revolta","Trump","USA"],"articleSection":["Tradu\u00e7\u00f5es"],"inLanguage":"pt-BR","potentialAction":[{"@type":"CommentAction","name":"Comment","target":["https:\/\/zeroaesquerda.com.br\/index.php\/2025\/06\/24\/fogo-e-gelo-licoes-da-batalha-de-los-angeles\/#respond"]}]},{"@type":"WebPage","@id":"https:\/\/zeroaesquerda.com.br\/index.php\/2025\/06\/24\/fogo-e-gelo-licoes-da-batalha-de-los-angeles\/","url":"https:\/\/zeroaesquerda.com.br\/index.php\/2025\/06\/24\/fogo-e-gelo-licoes-da-batalha-de-los-angeles\/","name":"Fogo e Gelo - Li\u00e7\u00f5es da Batalha de Los Angeles - Zero \u00e0 Esquerda","isPartOf":{"@id":"https:\/\/zeroaesquerda.com.br\/#website"},"primaryImageOfPage":{"@id":"https:\/\/zeroaesquerda.com.br\/index.php\/2025\/06\/24\/fogo-e-gelo-licoes-da-batalha-de-los-angeles\/#primaryimage"},"image":{"@id":"https:\/\/zeroaesquerda.com.br\/index.php\/2025\/06\/24\/fogo-e-gelo-licoes-da-batalha-de-los-angeles\/#primaryimage"},"thumbnailUrl":"https:\/\/zeroaesquerda.com.br\/wp-content\/uploads\/2025\/06\/protest-scaled.avif","datePublished":"2025-06-24T17:52:42+00:00","dateModified":"2025-12-12T13:56:59+00:00","breadcrumb":{"@id":"https:\/\/zeroaesquerda.com.br\/index.php\/2025\/06\/24\/fogo-e-gelo-licoes-da-batalha-de-los-angeles\/#breadcrumb"},"inLanguage":"pt-BR","potentialAction":[{"@type":"ReadAction","target":["https:\/\/zeroaesquerda.com.br\/index.php\/2025\/06\/24\/fogo-e-gelo-licoes-da-batalha-de-los-angeles\/"]}]},{"@type":"ImageObject","inLanguage":"pt-BR","@id":"https:\/\/zeroaesquerda.com.br\/index.php\/2025\/06\/24\/fogo-e-gelo-licoes-da-batalha-de-los-angeles\/#primaryimage","url":"https:\/\/zeroaesquerda.com.br\/wp-content\/uploads\/2025\/06\/protest-scaled.avif","contentUrl":"https:\/\/zeroaesquerda.com.br\/wp-content\/uploads\/2025\/06\/protest-scaled.avif","width":2560,"height":2413},{"@type":"BreadcrumbList","@id":"https:\/\/zeroaesquerda.com.br\/index.php\/2025\/06\/24\/fogo-e-gelo-licoes-da-batalha-de-los-angeles\/#breadcrumb","itemListElement":[{"@type":"ListItem","position":1,"name":"In\u00edcio","item":"https:\/\/zeroaesquerda.com.br\/"},{"@type":"ListItem","position":2,"name":"Fogo e Gelo &#8211; Li\u00e7\u00f5es da Batalha de Los Angeles"}]},{"@type":"WebSite","@id":"https:\/\/zeroaesquerda.com.br\/#website","url":"https:\/\/zeroaesquerda.com.br\/","name":"Zero \u00e0 Esquerda","description":"Tra\u00e7ando tend\u00eancias para al\u00e9m do capitalismo.","publisher":{"@id":"https:\/\/zeroaesquerda.com.br\/#organization"},"potentialAction":[{"@type":"SearchAction","target":{"@type":"EntryPoint","urlTemplate":"https:\/\/zeroaesquerda.com.br\/?s={search_term_string}"},"query-input":{"@type":"PropertyValueSpecification","valueRequired":true,"valueName":"search_term_string"}}],"inLanguage":"pt-BR"},{"@type":"Organization","@id":"https:\/\/zeroaesquerda.com.br\/#organization","name":"Zero \u00e0 Esquerda","url":"https:\/\/zeroaesquerda.com.br\/","logo":{"@type":"ImageObject","inLanguage":"pt-BR","@id":"https:\/\/zeroaesquerda.com.br\/#\/schema\/logo\/image\/","url":"https:\/\/zeroaesquerda.com.br\/wp-content\/uploads\/2021\/01\/4-simbolo-zero-a-esquerda-favicon-alt.png","contentUrl":"https:\/\/zeroaesquerda.com.br\/wp-content\/uploads\/2021\/01\/4-simbolo-zero-a-esquerda-favicon-alt.png","width":1271,"height":1069,"caption":"Zero \u00e0 Esquerda"},"image":{"@id":"https:\/\/zeroaesquerda.com.br\/#\/schema\/logo\/image\/"},"sameAs":["https:\/\/www.facebook.com\/revistazeroaesquerda","https:\/\/x.com\/z3roaesquerda","https:\/\/www.instagram.com\/revistazeroaesquerda\/","https:\/\/www.youtube.com\/channel\/UCIaGx271Qw6D1QwqYBojrLw"]},{"@type":"Person","@id":"https:\/\/zeroaesquerda.com.br\/#\/schema\/person\/04e72095a4fbe77f00c7b047955ed0b8","name":"Zero \u00e0 Esquerda","image":{"@type":"ImageObject","inLanguage":"pt-BR","@id":"https:\/\/secure.gravatar.com\/avatar\/a417d8eccb1cec435aa9a93213f41ee528a636232351421dedc4ada2160b3f1b?s=96&d=mm&r=g","url":"https:\/\/secure.gravatar.com\/avatar\/a417d8eccb1cec435aa9a93213f41ee528a636232351421dedc4ada2160b3f1b?s=96&d=mm&r=g","contentUrl":"https:\/\/secure.gravatar.com\/avatar\/a417d8eccb1cec435aa9a93213f41ee528a636232351421dedc4ada2160b3f1b?s=96&d=mm&r=g","caption":"Zero \u00e0 Esquerda"},"description":"Tra\u00e7ando tend\u00eancias para al\u00e9m do capitalismo.","sameAs":["http:\/\/zeroaesquerda.com.br"],"url":"https:\/\/zeroaesquerda.com.br\/index.php\/author\/revistazeroaesquerdagmail-com\/"}]}},"_links":{"self":[{"href":"https:\/\/zeroaesquerda.com.br\/index.php\/wp-json\/wp\/v2\/posts\/3833","targetHints":{"allow":["GET"]}}],"collection":[{"href":"https:\/\/zeroaesquerda.com.br\/index.php\/wp-json\/wp\/v2\/posts"}],"about":[{"href":"https:\/\/zeroaesquerda.com.br\/index.php\/wp-json\/wp\/v2\/types\/post"}],"author":[{"embeddable":true,"href":"https:\/\/zeroaesquerda.com.br\/index.php\/wp-json\/wp\/v2\/users\/1"}],"replies":[{"embeddable":true,"href":"https:\/\/zeroaesquerda.com.br\/index.php\/wp-json\/wp\/v2\/comments?post=3833"}],"version-history":[{"count":8,"href":"https:\/\/zeroaesquerda.com.br\/index.php\/wp-json\/wp\/v2\/posts\/3833\/revisions"}],"predecessor-version":[{"id":3848,"href":"https:\/\/zeroaesquerda.com.br\/index.php\/wp-json\/wp\/v2\/posts\/3833\/revisions\/3848"}],"wp:featuredmedia":[{"embeddable":true,"href":"https:\/\/zeroaesquerda.com.br\/index.php\/wp-json\/wp\/v2\/media\/3837"}],"wp:attachment":[{"href":"https:\/\/zeroaesquerda.com.br\/index.php\/wp-json\/wp\/v2\/media?parent=3833"}],"wp:term":[{"taxonomy":"category","embeddable":true,"href":"https:\/\/zeroaesquerda.com.br\/index.php\/wp-json\/wp\/v2\/categories?post=3833"},{"taxonomy":"post_tag","embeddable":true,"href":"https:\/\/zeroaesquerda.com.br\/index.php\/wp-json\/wp\/v2\/tags?post=3833"}],"curies":[{"name":"wp","href":"https:\/\/api.w.org\/{rel}","templated":true}]}}