{"id":3536,"date":"2024-11-12T17:56:32","date_gmt":"2024-11-12T17:56:32","guid":{"rendered":"https:\/\/zeroaesquerda.com.br\/?p=3536"},"modified":"2024-11-18T20:38:30","modified_gmt":"2024-11-18T20:38:30","slug":"sobre-o-fim-da-escala-6x1-jailson-ramos","status":"publish","type":"post","link":"https:\/\/zeroaesquerda.com.br\/index.php\/2024\/11\/12\/sobre-o-fim-da-escala-6x1-jailson-ramos\/","title":{"rendered":"Sobre o fim da escala 6&#215;1 &#8211; Jailson Ramos"},"content":{"rendered":"\n<p class=\"has-theme-palette-6-color has-text-color has-link-color has-times-new-roman-font-family has-custom-font wp-elements-ee702529cf9a659a26faf6b3a4326c70\" style=\"font-family:Times New Roman\">Nesta semana, come\u00e7ou a circular para debate na sociedade e no Congresso Nacional a Proposta de Emenda \u00e0 Constitui\u00e7\u00e3o cujo fim \u00e9 acabar com a escala seis por um, jornada de trabalho em que o trabalhador trabalha seis dias na semana e descansa um. Tal jornada tem amparo na Consolida\u00e7\u00e3o das Leis do Trabalho dos anos 1940 que, \u00e0 \u00e9poca, significou algum avan\u00e7o quando regulamentou a jornada de trabalho e estabeleceu as 44 horas semanais que ainda hoje vigoram. Como se sabe, nesses \u00faltimos oitenta anos as for\u00e7as produtivas n\u00e3o cessaram de se desenvolver e a produtividade do trabalho, por sua vez, n\u00e3o parou de aumentar. A grande contradi\u00e7\u00e3o \u00e9 que as rela\u00e7\u00f5es sociais de produ\u00e7\u00e3o ou permaneceram inalteradas ou retrocederam, avan\u00e7aram contra os trabalhadores &#8211; como atesta a dita Reforma Trabalhista de 2017. Diante da absoluta necessidade do capital em lutar contra a tend\u00eancia \u00e0 queda da taxa de lucro, a explora\u00e7\u00e3o cada vez maior do trabalho somada ao desenvolvimento incessante das for\u00e7as produtivas fez com que a legisla\u00e7\u00e3o parasse no tempo (no melhor dos casos). S\u00f3 que este cen\u00e1rio \u00e9 e foi catastr\u00f3fico para a classe trabalhadora como um todo, pois aumentar a produtividade do trabalho, sob o capitalismo, nunca significou diminui\u00e7\u00e3o da jornada de trabalho, nem a amplia\u00e7\u00e3o da inclus\u00e3o de camadas sociais no regime de produ\u00e7\u00e3o e reprodu\u00e7\u00e3o da vida em sociedade. Muito pelo contr\u00e1rio. O desenvolvimento t\u00e9cnico, no regime de acumula\u00e7\u00e3o capitalista, sempre gerou desemprego e superexplora\u00e7\u00e3o da for\u00e7a de trabalho. Ali\u00e1s, quando se fala no cen\u00e1rio de desemprego estrutural nada mais quer se dizer do que crise de superprodu\u00e7\u00e3o da mercadoria for\u00e7a de trabalho. Quer dizer, produz-se mais trabalhadores do que o mercado consegue absorver. O que isso pode significar? Como \u00e9 poss\u00edvel que uma sociedade se estruture em termos nos quais sua pr\u00f3pria atividade vital de produ\u00e7\u00e3o e reprodu\u00e7\u00e3o seja um problema?<\/p>\n\n\n\n<p class=\"has-theme-palette-6-color has-text-color has-link-color has-times-new-roman-font-family has-custom-font wp-elements-9e8f95cd969d2012af6bed1ba92ddd77\" style=\"font-family:Times New Roman\">A contradi\u00e7\u00e3o insol\u00favel sob o capital \u00e9 que, para manter o n\u00edvel de acumula\u00e7\u00e3o, ele precisa do desenvolvimento t\u00e9cnico e do aumento da produtividade do trabalho, junto com a estabilidade e\/ou a progressiva desregulamenta\u00e7\u00e3o ou liberaliza\u00e7\u00e3o da for\u00e7a de trabalho. O car\u00e1ter sem solu\u00e7\u00e3o da equa\u00e7\u00e3o \u00e9 claro: se o capital tolera a progress\u00e3o das rela\u00e7\u00f5es sociais de produ\u00e7\u00e3o de acordo com o desenvolvimento das for\u00e7as produtivas e aceita a diminui\u00e7\u00e3o da jornada de trabalho de acordo com o aumento da produtividade justamente para que todos os trabalhadores possam trabalhar, n\u00e3o apenas ele d\u00e1 um salto mortal em dire\u00e7\u00e3o \u00e0 queda da taxa de lucro como aumenta o poder do trabalho frente a si mesmo. Por outro lado, se o capital segue seu curso normal, o desemprego tende a crescer e o conjunto da for\u00e7a de trabalho passa a ter um contingente sobrante cada vez maior. S\u00f3 que ao contr\u00e1rio das outras mercadorias, esta n\u00e3o \u00e9 uma daquelas que se pode simplesmente atear fogo para controlar a infla\u00e7\u00e3o &#8211; embora isso n\u00e3o os impe\u00e7a de tentar. Em um cen\u00e1rio de desemprego generalizado, pressionando os sal\u00e1rios para baixo pela concorr\u00eancia (muita oferta, pouca demanda), o aumento da produ\u00e7\u00e3o fica invi\u00e1vel porque a sociedade n\u00e3o tem capacidade de consumo. Sem poder expandir a produ\u00e7\u00e3o, a taxa de lucro fica novamente amea\u00e7ada e, ent\u00e3o, abre-se nova temporada de ca\u00e7a ao progresso t\u00e9cnico que possibilitar\u00e1 corte de custos na produ\u00e7\u00e3o do pr\u00f3ximo ciclo, intensificando ainda mais o desemprego, enfraquecendo a capacidade social de consumo e empurrando o problema para frente. No melhor dos casos, o problema do futuro gera especula\u00e7\u00e3o sobre a capacidade de produ\u00e7\u00e3o e promove a circula\u00e7\u00e3o do capital no setor financeiro.<\/p>\n\n\n\n<p class=\"has-theme-palette-6-color has-text-color has-link-color has-times-new-roman-font-family has-custom-font wp-elements-9bcff7310ac9e27fb5b8276976d86a7c\" style=\"font-family:Times New Roman\">Seja como for, a pauta da redu\u00e7\u00e3o da jornada de trabalho para quatro dias semanais foi posta em debate. Embora ainda n\u00e3o tenha adquirido a forma propriamente de uma PEC e esteja circulando mais como uma sondagem para identificar sua plausibilidade, essa discuss\u00e3o j\u00e1 apresenta um saldo pol\u00edtico positivo. Como se sabe, a direita saiu vitoriosa das \u00faltimas elei\u00e7\u00f5es municipais em praticamente todo o pa\u00eds. No entanto, a coloca\u00e7\u00e3o dessa pauta pressiona justamente os candidatos desse campo pol\u00edtico. Nos \u00faltimos dias, figuras como Nikolas Ferreira, o <em>golden boy<\/em> do reacionarismo brasileiro, Marco Feliciano e outros defensores do capital foram convocados pela popula\u00e7\u00e3o a se posicionar. Pela primeira vez em muito tempo as ditas for\u00e7as progressistas conseguiram n\u00e3o s\u00f3 pautar o debate p\u00fablico, mas produzir um certo consenso entre os pr\u00f3prios trabalhadores, o que for\u00e7ou a direita a sair da zona de conforto. Segundo pesquisas de opini\u00e3o, algo em torno de 80% dos brasileiros dizem ser contra a escala 6 por 1 e a favor da redu\u00e7\u00e3o da jornada de trabalho para 36 horas semanais. Esses n\u00fameros repercutiram no Congresso Nacional e, das 171 assinaturas necess\u00e1rias para que o projeto entre em tramita\u00e7\u00e3o, 134 j\u00e1 foram colhidas. Destas, mais de uma dezena de parlamentares dos partidos de direita j\u00e1 se posicionou a favor. Mesmo contrariados, \u00e9 prov\u00e1vel que ainda alguns deles se manifestem pela redu\u00e7\u00e3o da jornada de trabalho.<\/p>\n\n\n\n<p class=\"has-times-new-roman-font-family has-custom-font\" style=\"font-family:Times New Roman\">Em termos econ\u00f4micos, o fim da escala 6 por 1 aumentaria a demanda por trabalho sobretudo nas \u00e1reas em que ela \u00e9 mais comum, como shoppings centers, supermercados e com\u00e9rcios em geral. Segundo consta em dados como o anu\u00e1rio de 2021 do ILAESE, a for\u00e7a de trabalho dispon\u00edvel ou a popula\u00e7\u00e3o economicamente ativa hoje no Brasil soma aproximadamente 110 milh\u00f5es de trabalhadores, dos quais apenas aproximadamente 45 milh\u00f5es est\u00e3o formalmente empregados. Sem d\u00favidas, a redu\u00e7\u00e3o da jornada de trabalho significaria a inclus\u00e3o de parcela dos trabalhadores sobrantes \u00e0 ativa. Embora haja a gritaria habitual do capital, se considerarmos a quest\u00e3o puramente de seu ponto de vista, a equa\u00e7\u00e3o \u00e9 positiva: o aumento do efetivo amplia o mercado consumidor e possibilita a expans\u00e3o da produ\u00e7\u00e3o, o que, por sua vez, garante novos ciclos de acumula\u00e7\u00e3o. Inclusive, a medida funciona como solu\u00e7\u00e3o tempor\u00e1ria para o problema da financeiriza\u00e7\u00e3o do capital que, tendo agora onde ser alocado, pode retornar ao setor produtivo. Contudo, o grande ouro da quest\u00e3o n\u00e3o est\u00e1 a\u00ed. Ali\u00e1s, defender a redu\u00e7\u00e3o da jornada de trabalho por esse prisma \u00e9 naturalizar a explora\u00e7\u00e3o do capital. Isso para n\u00e3o dizer ainda das insufici\u00eancias da proposta: na medida em que quase dois ter\u00e7os da for\u00e7a de trabalho est\u00e1 exclu\u00edda da produ\u00e7\u00e3o e sobrevive apenas das transfer\u00eancias de valor (do consumo daqueles que est\u00e3o de fato inseridos no ciclo produtivo), a redu\u00e7\u00e3o da jornada para 36 horas semanais n\u00e3o d\u00e1 conta do problema, \u00e9 ainda muito t\u00edmida.<\/p>\n\n\n\n<p class=\"has-theme-palette-6-color has-text-color has-link-color has-times-new-roman-font-family has-custom-font wp-elements-7f617bdc44f569b843548738e2f6a2ea\" style=\"font-family:Times New Roman\">Entretanto, o grande m\u00e9rito de pautarmos esse debate \u00e9 que discutir publicamente a diminui\u00e7\u00e3o da jornada de trabalho representa um apelo \u00e0 consci\u00eancia dos trabalhadores <em>enquanto trabalhadores<\/em> e nesse sentido a extrema direita n\u00e3o tem muito a dizer &#8211; seu populismo moralista fica inoperante. Eles t\u00eam de ceder ou irem contra uma demanda que \u00e9 tamb\u00e9m de seu pr\u00f3prio eleitorado. Quer dizer, j\u00e1 se ouve por a\u00ed alguns reacion\u00e1rios desesperados, como de praxe, dizendo que quem defende a redu\u00e7\u00e3o da jornada de trabalho \u00e9 pregui\u00e7oso, que os trabalhadores devem trabalhar at\u00e9 a exaust\u00e3o, que s\u00f3 o trabalho dignifica, e toda essa ladainha conhecida h\u00e1 muito. Mas a inoper\u00e2ncia desse discurso tem a ver com o seu avesso, muito bem conhecido para os trabalhadores: trabalhar s\u00f3 \u00e9 bom para quem n\u00e3o o faz &#8211; ou, ao menos, para aqueles que o fazem para si mesmos. Em geral, trabalhar &#8211; isto \u00e9, garantir seus meios para sobreviver, para continuar existindo &#8211; \u00e9 uma atividade que toma conta da vida inteira do trabalhador. Ele dorme n\u00e3o para fruir de seu descanso, para sonhar ou qualquer coisa do tipo, mas simplesmente para repor suas energias para poder trabalhar no dia seguinte. A mesma l\u00f3gica se aplica, por exemplo, \u00e0 alimenta\u00e7\u00e3o e a outras necessidades b\u00e1sicas: elas s\u00e3o reduzidas a garantir a sobreviv\u00eancia, funcionam como simples <em>meio<\/em>. Os pr\u00f3prios interesses do trabalhador s\u00e3o vinculados \u00e0 necessidade de produzir valor. Seus estudos, seus hobbies, sua produ\u00e7\u00e3o autodeterminada: tudo aquilo que n\u00e3o pode ser consumido pelo trabalho, que n\u00e3o gera valor, acaba ficando invi\u00e1vel e, mais cedo ou mais tarde, precisa ser exclu\u00eddo de sua atividade. Ou seja, no fundo, discutir a redu\u00e7\u00e3o da jornada de trabalho \u00e9 discutir a libera\u00e7\u00e3o da vida em rela\u00e7\u00e3o ao trabalho; \u00e9 colocar o trabalho, enquanto atividade que supre as necessidades de sobreviv\u00eancia, enquanto um <em>meio<\/em>, no seu devido lugar. \u00c9 negar a completa subsun\u00e7\u00e3o do conjunto de toda a atividade vital do ser humano \u00e0 simples reprodu\u00e7\u00e3o da exist\u00eancia. Mais do que isso, \u00e9 tamb\u00e9m lutar pela possibilidade de que essa atividade vital, este algo que nos humaniza, n\u00e3o seja necessariamente vinculado \u00e0 produ\u00e7\u00e3o de valor: \u00e9 lutar contra o embrutecimento e criar condi\u00e7\u00f5es, ainda que m\u00ednimas, para algum enriquecimento da sensibilidade. Defender a redu\u00e7\u00e3o da jornada de trabalho pelos motivos de que isso libertar\u00e1 o trabalhador para o \u00f3cio, para o lazer, para o prazer, ou mesmo para perseguir seus pr\u00f3prios interesses que, por (diversas) vezes, n\u00e3o est\u00e3o vinculados a sua profiss\u00e3o, significa lutar pela cria\u00e7\u00e3o de condi\u00e7\u00f5es para a retomada de qualquer coisa como uma autodetermina\u00e7\u00e3o &#8211; ainda que em uma escala insuficiente diante do cen\u00e1rio atual.<\/p>\n\n\n\n<p class=\"has-theme-palette-6-color has-text-color has-link-color has-times-new-roman-font-family has-custom-font wp-elements-ca10425ce4fbb34a108eaf3877cd6c03\" style=\"font-family:Times New Roman\">Agora, para al\u00e9m do papo de estudante de filosofia, \u00e9 preciso interpretar a situa\u00e7\u00e3o enquanto um fato pol\u00edtico: pela primeira vez em muito tempo, o dito campo progressista conseguiu colocar uma pauta e produzir algum consenso em torno dela. Isso nos diz muito sobre a pot\u00eancia que a discuss\u00e3o a respeito das condi\u00e7\u00f5es de trabalho tem no campo da disputa pol\u00edtica. Pelo menos em um primeiro momento, ela tem conseguido juntar trabalhadores de todos os campos ideol\u00f3gicos em torno de uma reivindica\u00e7\u00e3o comum &#8211; o que n\u00e3o \u00e9 pouco. Mais do que isso, esse debate tem desarmado o campo da direita justamente por n\u00e3o estar baseado em quest\u00f5es de fundo moral, de certo e errado, de bem ou mal. Embora, \u00e9 claro, os agentes do atraso tentem de toda forma levar a discuss\u00e3o para esse lado. O desafio, no entanto, para o campo progressista \u00e9 conseguir transformar esse consenso inicial em mobiliza\u00e7\u00e3o, politiza\u00e7\u00e3o e organiza\u00e7\u00e3o. \u00c9 evidente a import\u00e2ncia de conseguirmos vencer uma batalha como essa, de impor e aprovar uma eventual PEC. Mas tamb\u00e9m \u00e9 fundamental conseguir produzir, a partir dessa primeira agita\u00e7\u00e3o, alguma conscientiza\u00e7\u00e3o e organiza\u00e7\u00e3o, tanto quanto for poss\u00edvel, para que a energia pol\u00edtica que aqui emerge, essa predisposi\u00e7\u00e3o \u00e0 transforma\u00e7\u00e3o das bases da sociedade, n\u00e3o se dissipe antes mesmo de vir a gerar frutos. Mesmo que o eventual projeto de emenda n\u00e3o venha a ser aprovado, \u00e9 preciso no m\u00ednimo algum saldo positivo, a saber, a politiza\u00e7\u00e3o do conjunto dos trabalhadores: nessa seara n\u00e3o \u00e9 poss\u00edvel admitir espa\u00e7o para coopta\u00e7\u00e3o, para capitula\u00e7\u00e3o em favor dos interesses do capital &#8211; \u00e9 preciso que saibamos para que e contra quem nos levantamos em luta pela redu\u00e7\u00e3o da jornada de trabalho.<\/p>\n\n\n\n<p class=\"has-theme-palette-6-color has-text-color has-link-color has-times-new-roman-font-family has-custom-font wp-elements-3f26bb9d9e557f7b091341cfd14673dd\" style=\"font-family:Times New Roman\">Enfim, dia 15 de Novembro, pr\u00f3xima sexta-feira, acontecer\u00e1 um ato nacional para reivindicar o fim da escala 6 por 1. Algumas novas lideran\u00e7as da esquerda est\u00e3o por tr\u00e1s da organiza\u00e7\u00e3o, tais como a deputada Erika Hilton (PSOL-SP) e o vereador Rick Azevedo (PSOL-RJ\/ Movimento Vida Al\u00e9m do Trabalho). Aqui em S\u00e3o Paulo, o ato ser\u00e1 na Avenida Paulista com concentra\u00e7\u00e3o a partir das 9h. \u00c9 preciso dar todo apoio \u00e0 luta pela redu\u00e7\u00e3o da jornada de trabalho e, de quebra, talvez recuperar um pouco o sentido de comemorarmos algo como uma&nbsp; Proclama\u00e7\u00e3o da Rep\u00fablica.<\/p>\n\n\n\n<div class=\"wp-block-columns is-layout-flex wp-container-core-columns-is-layout-61ecc280 wp-block-columns-is-layout-flex\" style=\"padding-top:2.5rem;padding-right:2.5rem;padding-bottom:2.5rem;padding-left:2.5rem\">\n<div class=\"wp-block-column is-layout-flow wp-block-column-is-layout-flow\" style=\"flex-basis:25%\">\n<figure class=\"wp-block-image size-full is-resized\"><img loading=\"lazy\" decoding=\"async\" width=\"597\" height=\"650\" sizes=\"auto, (max-width: 597px) 100vw, 597px\" src=\"https:\/\/zeroaesquerda.com.br\/wp-content\/uploads\/2024\/11\/IMG-20241112-WA0024.jpg\" alt=\"\" class=\"wp-image-3537\" style=\"width:232px;height:auto\" srcset=\"https:\/\/zeroaesquerda.com.br\/wp-content\/uploads\/2024\/11\/IMG-20241112-WA0024.jpg 597w, https:\/\/zeroaesquerda.com.br\/wp-content\/uploads\/2024\/11\/IMG-20241112-WA0024-276x300.jpg 276w\" \/><\/figure>\n<\/div>\n\n\n\n<div class=\"wp-block-column is-layout-flow wp-block-column-is-layout-flow\" style=\"flex-basis:75%\">\n<h2 class=\"wp-block-heading\">Jailson Ramos<\/h2>\n\n\n\n<p>Jailson Ramos \u00e9 mestre em multimeios pelo IA\/Unicamp.<\/p>\n\n\n\n<div class=\"wp-block-buttons is-layout-flex wp-block-buttons-is-layout-flex\">\n<div class=\"wp-block-button\"><a class=\"wp-block-button__link wp-element-button\">Autor<\/a><\/div>\n<\/div>\n<\/div>\n<\/div>\n","protected":false},"excerpt":{"rendered":"<p>\u00c9 preciso interpretar a situa\u00e7\u00e3o enquanto um fato pol\u00edtico: pela primeira vez em muito tempo, o dito campo progressista conseguiu colocar uma pauta e produzir algum consenso em torno dela. Isso nos diz muito sobre a pot\u00eancia que a discuss\u00e3o a respeito das condi\u00e7\u00f5es de trabalho tem no campo da disputa pol\u00edtica. Pelo menos em um primeiro momento, ela tem conseguido juntar trabalhadores de todos os campos ideol\u00f3gicos em torno de uma reivindica\u00e7\u00e3o comum &#8211; o que n\u00e3o \u00e9 pouco.<\/p>\n","protected":false},"author":1,"featured_media":3539,"comment_status":"open","ping_status":"open","sticky":false,"template":"","format":"standard","meta":{"_coblocks_attr":"Times New Roman,Times New Roman","_coblocks_dimensions":"","_coblocks_responsive_height":"","_coblocks_accordion_ie_support":"","om_disable_all_campaigns":false,"_monsterinsights_skip_tracking":false,"_monsterinsights_sitenote_active":false,"_monsterinsights_sitenote_note":"","_monsterinsights_sitenote_category":0,"_uf_show_specific_survey":0,"_uf_disable_surveys":false,"_kadence_starter_templates_imported_post":false,"_kad_post_transparent":"","_kad_post_title":"","_kad_post_layout":"","_kad_post_sidebar_id":"","_kad_post_content_style":"","_kad_post_vertical_padding":"","_kad_post_feature":"","_kad_post_feature_position":"","_kad_post_header":false,"_kad_post_footer":false,"_kad_post_classname":"","footnotes":""},"categories":[577,347],"tags":[578,579,216,238,265,313],"class_list":["post-3536","post","type-post","status-publish","format-standard","has-post-thumbnail","hentry","category-jailson-ramos","category-producoes","tag-escala-6x1","tag-manifestacao","tag-manifestacoes","tag-movimentos-sociais","tag-politica","tag-trabalho"],"yoast_head":"<!-- This site is optimized with the Yoast SEO plugin v27.4 - https:\/\/yoast.com\/product\/yoast-seo-wordpress\/ -->\n<title>Sobre o fim da escala 6x1 - Jailson Ramos - Zero \u00e0 Esquerda<\/title>\n<meta name=\"description\" content=\"\u00c9 preciso interpretar a situa\u00e7\u00e3o enquanto um fato pol\u00edtico: pela primeira vez em muito tempo, o dito campo progressista conseguiu colocar uma pauta e produzir algum consenso em torno dela. Isso nos diz muito sobre a pot\u00eancia que a discuss\u00e3o a respeito das condi\u00e7\u00f5es de trabalho tem no campo da disputa pol\u00edtica. Pelo menos em um primeiro momento, ela tem conseguido juntar trabalhadores de todos os campos ideol\u00f3gicos em torno de uma reivindica\u00e7\u00e3o comum - o que n\u00e3o \u00e9 pouco.\" \/>\n<meta name=\"robots\" content=\"index, follow, max-snippet:-1, max-image-preview:large, max-video-preview:-1\" \/>\n<link rel=\"canonical\" href=\"https:\/\/zeroaesquerda.com.br\/index.php\/2024\/11\/12\/sobre-o-fim-da-escala-6x1-jailson-ramos\/\" \/>\n<meta property=\"og:locale\" content=\"pt_BR\" \/>\n<meta property=\"og:type\" content=\"article\" \/>\n<meta property=\"og:title\" content=\"Sobre o fim da escala 6x1 - Jailson Ramos - Zero \u00e0 Esquerda\" \/>\n<meta property=\"og:description\" content=\"\u00c9 preciso interpretar a situa\u00e7\u00e3o enquanto um fato pol\u00edtico: pela primeira vez em muito tempo, o dito campo progressista conseguiu colocar uma pauta e produzir algum consenso em torno dela. Isso nos diz muito sobre a pot\u00eancia que a discuss\u00e3o a respeito das condi\u00e7\u00f5es de trabalho tem no campo da disputa pol\u00edtica. Pelo menos em um primeiro momento, ela tem conseguido juntar trabalhadores de todos os campos ideol\u00f3gicos em torno de uma reivindica\u00e7\u00e3o comum - o que n\u00e3o \u00e9 pouco.\" \/>\n<meta property=\"og:url\" content=\"https:\/\/zeroaesquerda.com.br\/index.php\/2024\/11\/12\/sobre-o-fim-da-escala-6x1-jailson-ramos\/\" \/>\n<meta property=\"og:site_name\" content=\"Zero \u00e0 Esquerda\" \/>\n<meta property=\"article:publisher\" content=\"https:\/\/www.facebook.com\/revistazeroaesquerda\" \/>\n<meta property=\"article:published_time\" content=\"2024-11-12T17:56:32+00:00\" \/>\n<meta property=\"article:modified_time\" content=\"2024-11-18T20:38:30+00:00\" \/>\n<meta property=\"og:image\" content=\"https:\/\/zeroaesquerda.com.br\/wp-content\/uploads\/2024\/11\/IMG-20241112-WA0038.jpg\" \/>\n\t<meta property=\"og:image:width\" content=\"715\" \/>\n\t<meta property=\"og:image:height\" content=\"894\" \/>\n\t<meta property=\"og:image:type\" content=\"image\/jpeg\" \/>\n<meta name=\"author\" content=\"Zero \u00e0 Esquerda\" \/>\n<meta name=\"twitter:card\" content=\"summary_large_image\" \/>\n<meta name=\"twitter:creator\" content=\"@z3roaesquerda\" \/>\n<meta name=\"twitter:site\" content=\"@z3roaesquerda\" \/>\n<meta name=\"twitter:label1\" content=\"Escrito por\" \/>\n\t<meta name=\"twitter:data1\" content=\"Zero \u00e0 Esquerda\" \/>\n\t<meta name=\"twitter:label2\" content=\"Est. tempo de leitura\" \/>\n\t<meta name=\"twitter:data2\" content=\"11 minutos\" \/>\n<script type=\"application\/ld+json\" class=\"yoast-schema-graph\">{\"@context\":\"https:\\\/\\\/schema.org\",\"@graph\":[{\"@type\":\"Article\",\"@id\":\"https:\\\/\\\/zeroaesquerda.com.br\\\/index.php\\\/2024\\\/11\\\/12\\\/sobre-o-fim-da-escala-6x1-jailson-ramos\\\/#article\",\"isPartOf\":{\"@id\":\"https:\\\/\\\/zeroaesquerda.com.br\\\/index.php\\\/2024\\\/11\\\/12\\\/sobre-o-fim-da-escala-6x1-jailson-ramos\\\/\"},\"author\":{\"name\":\"Zero \u00e0 Esquerda\",\"@id\":\"https:\\\/\\\/zeroaesquerda.com.br\\\/#\\\/schema\\\/person\\\/04e72095a4fbe77f00c7b047955ed0b8\"},\"headline\":\"Sobre o fim da escala 6&#215;1 &#8211; Jailson Ramos\",\"datePublished\":\"2024-11-12T17:56:32+00:00\",\"dateModified\":\"2024-11-18T20:38:30+00:00\",\"mainEntityOfPage\":{\"@id\":\"https:\\\/\\\/zeroaesquerda.com.br\\\/index.php\\\/2024\\\/11\\\/12\\\/sobre-o-fim-da-escala-6x1-jailson-ramos\\\/\"},\"wordCount\":2060,\"commentCount\":0,\"publisher\":{\"@id\":\"https:\\\/\\\/zeroaesquerda.com.br\\\/#organization\"},\"image\":{\"@id\":\"https:\\\/\\\/zeroaesquerda.com.br\\\/index.php\\\/2024\\\/11\\\/12\\\/sobre-o-fim-da-escala-6x1-jailson-ramos\\\/#primaryimage\"},\"thumbnailUrl\":\"https:\\\/\\\/zeroaesquerda.com.br\\\/wp-content\\\/uploads\\\/2024\\\/11\\\/IMG-20241112-WA0038.jpg\",\"keywords\":[\"escala 6x1\",\"manifesta\u00e7\u00e3o\",\"Manifesta\u00e7\u00f5es\",\"Movimentos Sociais\",\"Pol\u00edtica\",\"Trabalho\"],\"articleSection\":[\"Jailson Ramos\",\"Produ\u00e7\u00f5es\"],\"inLanguage\":\"pt-BR\",\"potentialAction\":[{\"@type\":\"CommentAction\",\"name\":\"Comment\",\"target\":[\"https:\\\/\\\/zeroaesquerda.com.br\\\/index.php\\\/2024\\\/11\\\/12\\\/sobre-o-fim-da-escala-6x1-jailson-ramos\\\/#respond\"]}]},{\"@type\":\"WebPage\",\"@id\":\"https:\\\/\\\/zeroaesquerda.com.br\\\/index.php\\\/2024\\\/11\\\/12\\\/sobre-o-fim-da-escala-6x1-jailson-ramos\\\/\",\"url\":\"https:\\\/\\\/zeroaesquerda.com.br\\\/index.php\\\/2024\\\/11\\\/12\\\/sobre-o-fim-da-escala-6x1-jailson-ramos\\\/\",\"name\":\"Sobre o fim da escala 6x1 - Jailson Ramos - Zero \u00e0 Esquerda\",\"isPartOf\":{\"@id\":\"https:\\\/\\\/zeroaesquerda.com.br\\\/#website\"},\"primaryImageOfPage\":{\"@id\":\"https:\\\/\\\/zeroaesquerda.com.br\\\/index.php\\\/2024\\\/11\\\/12\\\/sobre-o-fim-da-escala-6x1-jailson-ramos\\\/#primaryimage\"},\"image\":{\"@id\":\"https:\\\/\\\/zeroaesquerda.com.br\\\/index.php\\\/2024\\\/11\\\/12\\\/sobre-o-fim-da-escala-6x1-jailson-ramos\\\/#primaryimage\"},\"thumbnailUrl\":\"https:\\\/\\\/zeroaesquerda.com.br\\\/wp-content\\\/uploads\\\/2024\\\/11\\\/IMG-20241112-WA0038.jpg\",\"datePublished\":\"2024-11-12T17:56:32+00:00\",\"dateModified\":\"2024-11-18T20:38:30+00:00\",\"description\":\"\u00c9 preciso interpretar a situa\u00e7\u00e3o enquanto um fato pol\u00edtico: pela primeira vez em muito tempo, o dito campo progressista conseguiu colocar uma pauta e produzir algum consenso em torno dela. Isso nos diz muito sobre a pot\u00eancia que a discuss\u00e3o a respeito das condi\u00e7\u00f5es de trabalho tem no campo da disputa pol\u00edtica. Pelo menos em um primeiro momento, ela tem conseguido juntar trabalhadores de todos os campos ideol\u00f3gicos em torno de uma reivindica\u00e7\u00e3o comum - o que n\u00e3o \u00e9 pouco.\",\"breadcrumb\":{\"@id\":\"https:\\\/\\\/zeroaesquerda.com.br\\\/index.php\\\/2024\\\/11\\\/12\\\/sobre-o-fim-da-escala-6x1-jailson-ramos\\\/#breadcrumb\"},\"inLanguage\":\"pt-BR\",\"potentialAction\":[{\"@type\":\"ReadAction\",\"target\":[\"https:\\\/\\\/zeroaesquerda.com.br\\\/index.php\\\/2024\\\/11\\\/12\\\/sobre-o-fim-da-escala-6x1-jailson-ramos\\\/\"]}]},{\"@type\":\"ImageObject\",\"inLanguage\":\"pt-BR\",\"@id\":\"https:\\\/\\\/zeroaesquerda.com.br\\\/index.php\\\/2024\\\/11\\\/12\\\/sobre-o-fim-da-escala-6x1-jailson-ramos\\\/#primaryimage\",\"url\":\"https:\\\/\\\/zeroaesquerda.com.br\\\/wp-content\\\/uploads\\\/2024\\\/11\\\/IMG-20241112-WA0038.jpg\",\"contentUrl\":\"https:\\\/\\\/zeroaesquerda.com.br\\\/wp-content\\\/uploads\\\/2024\\\/11\\\/IMG-20241112-WA0038.jpg\",\"width\":715,\"height\":894},{\"@type\":\"BreadcrumbList\",\"@id\":\"https:\\\/\\\/zeroaesquerda.com.br\\\/index.php\\\/2024\\\/11\\\/12\\\/sobre-o-fim-da-escala-6x1-jailson-ramos\\\/#breadcrumb\",\"itemListElement\":[{\"@type\":\"ListItem\",\"position\":1,\"name\":\"In\u00edcio\",\"item\":\"https:\\\/\\\/zeroaesquerda.com.br\\\/\"},{\"@type\":\"ListItem\",\"position\":2,\"name\":\"Sobre o fim da escala 6&#215;1 &#8211; Jailson Ramos\"}]},{\"@type\":\"WebSite\",\"@id\":\"https:\\\/\\\/zeroaesquerda.com.br\\\/#website\",\"url\":\"https:\\\/\\\/zeroaesquerda.com.br\\\/\",\"name\":\"Zero \u00e0 Esquerda\",\"description\":\"Tra\u00e7ando tend\u00eancias para al\u00e9m do capitalismo.\",\"publisher\":{\"@id\":\"https:\\\/\\\/zeroaesquerda.com.br\\\/#organization\"},\"potentialAction\":[{\"@type\":\"SearchAction\",\"target\":{\"@type\":\"EntryPoint\",\"urlTemplate\":\"https:\\\/\\\/zeroaesquerda.com.br\\\/?s={search_term_string}\"},\"query-input\":{\"@type\":\"PropertyValueSpecification\",\"valueRequired\":true,\"valueName\":\"search_term_string\"}}],\"inLanguage\":\"pt-BR\"},{\"@type\":\"Organization\",\"@id\":\"https:\\\/\\\/zeroaesquerda.com.br\\\/#organization\",\"name\":\"Zero \u00e0 Esquerda\",\"url\":\"https:\\\/\\\/zeroaesquerda.com.br\\\/\",\"logo\":{\"@type\":\"ImageObject\",\"inLanguage\":\"pt-BR\",\"@id\":\"https:\\\/\\\/zeroaesquerda.com.br\\\/#\\\/schema\\\/logo\\\/image\\\/\",\"url\":\"https:\\\/\\\/zeroaesquerda.com.br\\\/wp-content\\\/uploads\\\/2021\\\/01\\\/4-simbolo-zero-a-esquerda-favicon-alt.png\",\"contentUrl\":\"https:\\\/\\\/zeroaesquerda.com.br\\\/wp-content\\\/uploads\\\/2021\\\/01\\\/4-simbolo-zero-a-esquerda-favicon-alt.png\",\"width\":1271,\"height\":1069,\"caption\":\"Zero \u00e0 Esquerda\"},\"image\":{\"@id\":\"https:\\\/\\\/zeroaesquerda.com.br\\\/#\\\/schema\\\/logo\\\/image\\\/\"},\"sameAs\":[\"https:\\\/\\\/www.facebook.com\\\/revistazeroaesquerda\",\"https:\\\/\\\/x.com\\\/z3roaesquerda\",\"https:\\\/\\\/www.instagram.com\\\/revistazeroaesquerda\\\/\",\"https:\\\/\\\/www.youtube.com\\\/channel\\\/UCIaGx271Qw6D1QwqYBojrLw\"]},{\"@type\":\"Person\",\"@id\":\"https:\\\/\\\/zeroaesquerda.com.br\\\/#\\\/schema\\\/person\\\/04e72095a4fbe77f00c7b047955ed0b8\",\"name\":\"Zero \u00e0 Esquerda\",\"image\":{\"@type\":\"ImageObject\",\"inLanguage\":\"pt-BR\",\"@id\":\"https:\\\/\\\/secure.gravatar.com\\\/avatar\\\/a417d8eccb1cec435aa9a93213f41ee528a636232351421dedc4ada2160b3f1b?s=96&d=mm&r=g\",\"url\":\"https:\\\/\\\/secure.gravatar.com\\\/avatar\\\/a417d8eccb1cec435aa9a93213f41ee528a636232351421dedc4ada2160b3f1b?s=96&d=mm&r=g\",\"contentUrl\":\"https:\\\/\\\/secure.gravatar.com\\\/avatar\\\/a417d8eccb1cec435aa9a93213f41ee528a636232351421dedc4ada2160b3f1b?s=96&d=mm&r=g\",\"caption\":\"Zero \u00e0 Esquerda\"},\"description\":\"Tra\u00e7ando tend\u00eancias para al\u00e9m do capitalismo.\",\"sameAs\":[\"http:\\\/\\\/zeroaesquerda.com.br\"],\"url\":\"https:\\\/\\\/zeroaesquerda.com.br\\\/index.php\\\/author\\\/revistazeroaesquerdagmail-com\\\/\"}]}<\/script>\n<!-- \/ Yoast SEO plugin. -->","yoast_head_json":{"title":"Sobre o fim da escala 6x1 - Jailson Ramos - Zero \u00e0 Esquerda","description":"\u00c9 preciso interpretar a situa\u00e7\u00e3o enquanto um fato pol\u00edtico: pela primeira vez em muito tempo, o dito campo progressista conseguiu colocar uma pauta e produzir algum consenso em torno dela. Isso nos diz muito sobre a pot\u00eancia que a discuss\u00e3o a respeito das condi\u00e7\u00f5es de trabalho tem no campo da disputa pol\u00edtica. Pelo menos em um primeiro momento, ela tem conseguido juntar trabalhadores de todos os campos ideol\u00f3gicos em torno de uma reivindica\u00e7\u00e3o comum - o que n\u00e3o \u00e9 pouco.","robots":{"index":"index","follow":"follow","max-snippet":"max-snippet:-1","max-image-preview":"max-image-preview:large","max-video-preview":"max-video-preview:-1"},"canonical":"https:\/\/zeroaesquerda.com.br\/index.php\/2024\/11\/12\/sobre-o-fim-da-escala-6x1-jailson-ramos\/","og_locale":"pt_BR","og_type":"article","og_title":"Sobre o fim da escala 6x1 - Jailson Ramos - Zero \u00e0 Esquerda","og_description":"\u00c9 preciso interpretar a situa\u00e7\u00e3o enquanto um fato pol\u00edtico: pela primeira vez em muito tempo, o dito campo progressista conseguiu colocar uma pauta e produzir algum consenso em torno dela. Isso nos diz muito sobre a pot\u00eancia que a discuss\u00e3o a respeito das condi\u00e7\u00f5es de trabalho tem no campo da disputa pol\u00edtica. Pelo menos em um primeiro momento, ela tem conseguido juntar trabalhadores de todos os campos ideol\u00f3gicos em torno de uma reivindica\u00e7\u00e3o comum - o que n\u00e3o \u00e9 pouco.","og_url":"https:\/\/zeroaesquerda.com.br\/index.php\/2024\/11\/12\/sobre-o-fim-da-escala-6x1-jailson-ramos\/","og_site_name":"Zero \u00e0 Esquerda","article_publisher":"https:\/\/www.facebook.com\/revistazeroaesquerda","article_published_time":"2024-11-12T17:56:32+00:00","article_modified_time":"2024-11-18T20:38:30+00:00","og_image":[{"width":715,"height":894,"url":"https:\/\/zeroaesquerda.com.br\/wp-content\/uploads\/2024\/11\/IMG-20241112-WA0038.jpg","type":"image\/jpeg"}],"author":"Zero \u00e0 Esquerda","twitter_card":"summary_large_image","twitter_creator":"@z3roaesquerda","twitter_site":"@z3roaesquerda","twitter_misc":{"Escrito por":"Zero \u00e0 Esquerda","Est. tempo de leitura":"11 minutos"},"schema":{"@context":"https:\/\/schema.org","@graph":[{"@type":"Article","@id":"https:\/\/zeroaesquerda.com.br\/index.php\/2024\/11\/12\/sobre-o-fim-da-escala-6x1-jailson-ramos\/#article","isPartOf":{"@id":"https:\/\/zeroaesquerda.com.br\/index.php\/2024\/11\/12\/sobre-o-fim-da-escala-6x1-jailson-ramos\/"},"author":{"name":"Zero \u00e0 Esquerda","@id":"https:\/\/zeroaesquerda.com.br\/#\/schema\/person\/04e72095a4fbe77f00c7b047955ed0b8"},"headline":"Sobre o fim da escala 6&#215;1 &#8211; Jailson Ramos","datePublished":"2024-11-12T17:56:32+00:00","dateModified":"2024-11-18T20:38:30+00:00","mainEntityOfPage":{"@id":"https:\/\/zeroaesquerda.com.br\/index.php\/2024\/11\/12\/sobre-o-fim-da-escala-6x1-jailson-ramos\/"},"wordCount":2060,"commentCount":0,"publisher":{"@id":"https:\/\/zeroaesquerda.com.br\/#organization"},"image":{"@id":"https:\/\/zeroaesquerda.com.br\/index.php\/2024\/11\/12\/sobre-o-fim-da-escala-6x1-jailson-ramos\/#primaryimage"},"thumbnailUrl":"https:\/\/zeroaesquerda.com.br\/wp-content\/uploads\/2024\/11\/IMG-20241112-WA0038.jpg","keywords":["escala 6x1","manifesta\u00e7\u00e3o","Manifesta\u00e7\u00f5es","Movimentos Sociais","Pol\u00edtica","Trabalho"],"articleSection":["Jailson Ramos","Produ\u00e7\u00f5es"],"inLanguage":"pt-BR","potentialAction":[{"@type":"CommentAction","name":"Comment","target":["https:\/\/zeroaesquerda.com.br\/index.php\/2024\/11\/12\/sobre-o-fim-da-escala-6x1-jailson-ramos\/#respond"]}]},{"@type":"WebPage","@id":"https:\/\/zeroaesquerda.com.br\/index.php\/2024\/11\/12\/sobre-o-fim-da-escala-6x1-jailson-ramos\/","url":"https:\/\/zeroaesquerda.com.br\/index.php\/2024\/11\/12\/sobre-o-fim-da-escala-6x1-jailson-ramos\/","name":"Sobre o fim da escala 6x1 - Jailson Ramos - Zero \u00e0 Esquerda","isPartOf":{"@id":"https:\/\/zeroaesquerda.com.br\/#website"},"primaryImageOfPage":{"@id":"https:\/\/zeroaesquerda.com.br\/index.php\/2024\/11\/12\/sobre-o-fim-da-escala-6x1-jailson-ramos\/#primaryimage"},"image":{"@id":"https:\/\/zeroaesquerda.com.br\/index.php\/2024\/11\/12\/sobre-o-fim-da-escala-6x1-jailson-ramos\/#primaryimage"},"thumbnailUrl":"https:\/\/zeroaesquerda.com.br\/wp-content\/uploads\/2024\/11\/IMG-20241112-WA0038.jpg","datePublished":"2024-11-12T17:56:32+00:00","dateModified":"2024-11-18T20:38:30+00:00","description":"\u00c9 preciso interpretar a situa\u00e7\u00e3o enquanto um fato pol\u00edtico: pela primeira vez em muito tempo, o dito campo progressista conseguiu colocar uma pauta e produzir algum consenso em torno dela. Isso nos diz muito sobre a pot\u00eancia que a discuss\u00e3o a respeito das condi\u00e7\u00f5es de trabalho tem no campo da disputa pol\u00edtica. Pelo menos em um primeiro momento, ela tem conseguido juntar trabalhadores de todos os campos ideol\u00f3gicos em torno de uma reivindica\u00e7\u00e3o comum - o que n\u00e3o \u00e9 pouco.","breadcrumb":{"@id":"https:\/\/zeroaesquerda.com.br\/index.php\/2024\/11\/12\/sobre-o-fim-da-escala-6x1-jailson-ramos\/#breadcrumb"},"inLanguage":"pt-BR","potentialAction":[{"@type":"ReadAction","target":["https:\/\/zeroaesquerda.com.br\/index.php\/2024\/11\/12\/sobre-o-fim-da-escala-6x1-jailson-ramos\/"]}]},{"@type":"ImageObject","inLanguage":"pt-BR","@id":"https:\/\/zeroaesquerda.com.br\/index.php\/2024\/11\/12\/sobre-o-fim-da-escala-6x1-jailson-ramos\/#primaryimage","url":"https:\/\/zeroaesquerda.com.br\/wp-content\/uploads\/2024\/11\/IMG-20241112-WA0038.jpg","contentUrl":"https:\/\/zeroaesquerda.com.br\/wp-content\/uploads\/2024\/11\/IMG-20241112-WA0038.jpg","width":715,"height":894},{"@type":"BreadcrumbList","@id":"https:\/\/zeroaesquerda.com.br\/index.php\/2024\/11\/12\/sobre-o-fim-da-escala-6x1-jailson-ramos\/#breadcrumb","itemListElement":[{"@type":"ListItem","position":1,"name":"In\u00edcio","item":"https:\/\/zeroaesquerda.com.br\/"},{"@type":"ListItem","position":2,"name":"Sobre o fim da escala 6&#215;1 &#8211; Jailson Ramos"}]},{"@type":"WebSite","@id":"https:\/\/zeroaesquerda.com.br\/#website","url":"https:\/\/zeroaesquerda.com.br\/","name":"Zero \u00e0 Esquerda","description":"Tra\u00e7ando tend\u00eancias para al\u00e9m do capitalismo.","publisher":{"@id":"https:\/\/zeroaesquerda.com.br\/#organization"},"potentialAction":[{"@type":"SearchAction","target":{"@type":"EntryPoint","urlTemplate":"https:\/\/zeroaesquerda.com.br\/?s={search_term_string}"},"query-input":{"@type":"PropertyValueSpecification","valueRequired":true,"valueName":"search_term_string"}}],"inLanguage":"pt-BR"},{"@type":"Organization","@id":"https:\/\/zeroaesquerda.com.br\/#organization","name":"Zero \u00e0 Esquerda","url":"https:\/\/zeroaesquerda.com.br\/","logo":{"@type":"ImageObject","inLanguage":"pt-BR","@id":"https:\/\/zeroaesquerda.com.br\/#\/schema\/logo\/image\/","url":"https:\/\/zeroaesquerda.com.br\/wp-content\/uploads\/2021\/01\/4-simbolo-zero-a-esquerda-favicon-alt.png","contentUrl":"https:\/\/zeroaesquerda.com.br\/wp-content\/uploads\/2021\/01\/4-simbolo-zero-a-esquerda-favicon-alt.png","width":1271,"height":1069,"caption":"Zero \u00e0 Esquerda"},"image":{"@id":"https:\/\/zeroaesquerda.com.br\/#\/schema\/logo\/image\/"},"sameAs":["https:\/\/www.facebook.com\/revistazeroaesquerda","https:\/\/x.com\/z3roaesquerda","https:\/\/www.instagram.com\/revistazeroaesquerda\/","https:\/\/www.youtube.com\/channel\/UCIaGx271Qw6D1QwqYBojrLw"]},{"@type":"Person","@id":"https:\/\/zeroaesquerda.com.br\/#\/schema\/person\/04e72095a4fbe77f00c7b047955ed0b8","name":"Zero \u00e0 Esquerda","image":{"@type":"ImageObject","inLanguage":"pt-BR","@id":"https:\/\/secure.gravatar.com\/avatar\/a417d8eccb1cec435aa9a93213f41ee528a636232351421dedc4ada2160b3f1b?s=96&d=mm&r=g","url":"https:\/\/secure.gravatar.com\/avatar\/a417d8eccb1cec435aa9a93213f41ee528a636232351421dedc4ada2160b3f1b?s=96&d=mm&r=g","contentUrl":"https:\/\/secure.gravatar.com\/avatar\/a417d8eccb1cec435aa9a93213f41ee528a636232351421dedc4ada2160b3f1b?s=96&d=mm&r=g","caption":"Zero \u00e0 Esquerda"},"description":"Tra\u00e7ando tend\u00eancias para al\u00e9m do capitalismo.","sameAs":["http:\/\/zeroaesquerda.com.br"],"url":"https:\/\/zeroaesquerda.com.br\/index.php\/author\/revistazeroaesquerdagmail-com\/"}]}},"_links":{"self":[{"href":"https:\/\/zeroaesquerda.com.br\/index.php\/wp-json\/wp\/v2\/posts\/3536","targetHints":{"allow":["GET"]}}],"collection":[{"href":"https:\/\/zeroaesquerda.com.br\/index.php\/wp-json\/wp\/v2\/posts"}],"about":[{"href":"https:\/\/zeroaesquerda.com.br\/index.php\/wp-json\/wp\/v2\/types\/post"}],"author":[{"embeddable":true,"href":"https:\/\/zeroaesquerda.com.br\/index.php\/wp-json\/wp\/v2\/users\/1"}],"replies":[{"embeddable":true,"href":"https:\/\/zeroaesquerda.com.br\/index.php\/wp-json\/wp\/v2\/comments?post=3536"}],"version-history":[{"count":3,"href":"https:\/\/zeroaesquerda.com.br\/index.php\/wp-json\/wp\/v2\/posts\/3536\/revisions"}],"predecessor-version":[{"id":3553,"href":"https:\/\/zeroaesquerda.com.br\/index.php\/wp-json\/wp\/v2\/posts\/3536\/revisions\/3553"}],"wp:featuredmedia":[{"embeddable":true,"href":"https:\/\/zeroaesquerda.com.br\/index.php\/wp-json\/wp\/v2\/media\/3539"}],"wp:attachment":[{"href":"https:\/\/zeroaesquerda.com.br\/index.php\/wp-json\/wp\/v2\/media?parent=3536"}],"wp:term":[{"taxonomy":"category","embeddable":true,"href":"https:\/\/zeroaesquerda.com.br\/index.php\/wp-json\/wp\/v2\/categories?post=3536"},{"taxonomy":"post_tag","embeddable":true,"href":"https:\/\/zeroaesquerda.com.br\/index.php\/wp-json\/wp\/v2\/tags?post=3536"}],"curies":[{"name":"wp","href":"https:\/\/api.w.org\/{rel}","templated":true}]}}