{"id":3515,"date":"2024-10-30T23:48:34","date_gmt":"2024-10-30T23:48:34","guid":{"rendered":"https:\/\/zeroaesquerda.com.br\/?p=3515"},"modified":"2024-10-31T00:31:12","modified_gmt":"2024-10-31T00:31:12","slug":"a-politica-da-insubordinacao-no-espetaculo-do-futebol-sobre-vini-jr-e-o-ballon-dor-cian-barbosa","status":"publish","type":"post","link":"https:\/\/zeroaesquerda.com.br\/index.php\/2024\/10\/30\/a-politica-da-insubordinacao-no-espetaculo-do-futebol-sobre-vini-jr-e-o-ballon-dor-cian-barbosa\/","title":{"rendered":"Vini Jr. e a pol\u00edtica da insubordina\u00e7\u00e3o &#8211; Cian Barbosa"},"content":{"rendered":"<style>.kb-row-layout-id3515_5c4ee3-dc > .kt-row-column-wrap{align-content:center;}:where(.kb-row-layout-id3515_5c4ee3-dc > .kt-row-column-wrap) > .wp-block-kadence-column{justify-content:center;}.kb-row-layout-id3515_5c4ee3-dc > .kt-row-column-wrap{column-gap:var(--global-kb-gap-lg, 4rem);row-gap:var(--global-kb-gap-none, 0rem );max-width:var( --global-content-width, 1600px );padding-left:var(--global-content-edge-padding);padding-right:var(--global-content-edge-padding);padding-top:var(--global-kb-spacing-5xl, 10rem);padding-bottom:var(--global-kb-spacing-3xl, 6.5rem);grid-template-columns:minmax(0, calc(55% - ((var(--global-kb-gap-lg, 4rem) * 1 )\/2)))minmax(0, calc(45% - ((var(--global-kb-gap-lg, 4rem) * 1 )\/2)));}.kb-row-layout-id3515_5c4ee3-dc{background-image:linear-gradient(90deg,var(--global-palette3,#EDF2F7) 65%,var(--global-palette4,#ffffff) 65%,var(--global-palette4,#ffffff) 65%,var(--global-palette4,#ffffff) 65%);}.kb-row-layout-id3515_5c4ee3-dc > .kt-row-layout-overlay{opacity:1;}@media all and (max-width: 1024px){.kb-row-layout-id3515_5c4ee3-dc > .kt-row-column-wrap{column-gap:var(--global-kb-gap-md, 2rem);padding-top:var(--global-kb-spacing-3xl, 6.5rem);padding-bottom:var(--global-kb-spacing-3xl, 6.5rem);grid-template-columns:repeat(2, minmax(0, 1fr));}}@media all and (max-width: 767px){.kb-row-layout-id3515_5c4ee3-dc > .kt-row-column-wrap{padding-top:var(--global-kb-spacing-xs, 1rem);padding-bottom:var(--global-kb-spacing-xl, 4rem);grid-template-columns:minmax(0, 1fr);}}<\/style><div class=\"kb-row-layout-wrap kb-row-layout-id3515_5c4ee3-dc alignfull has-theme-palette3-background-color kt-row-has-bg wp-block-kadence-rowlayout\"><div class=\"kt-row-column-wrap kt-has-2-columns kt-row-layout-equal kt-tab-layout-inherit kt-mobile-layout-row kt-row-valign-middle kb-theme-content-width\">\n<style>.kadence-column3515_224af7-62 > .kt-inside-inner-col,.kadence-column3515_224af7-62 > .kt-inside-inner-col:before{border-top-left-radius:0px;border-top-right-radius:0px;border-bottom-right-radius:0px;border-bottom-left-radius:0px;}.kadence-column3515_224af7-62 > .kt-inside-inner-col{column-gap:var(--global-kb-gap-sm, 1rem);}.kadence-column3515_224af7-62 > .kt-inside-inner-col{flex-direction:column;}.kadence-column3515_224af7-62 > .kt-inside-inner-col > .aligncenter{width:100%;}.kadence-column3515_224af7-62 > .kt-inside-inner-col:before{opacity:0.3;}.kadence-column3515_224af7-62{position:relative;}@media all and (max-width: 1024px){.kadence-column3515_224af7-62 > .kt-inside-inner-col{padding-right:0px;flex-direction:column;justify-content:center;}}@media all and (max-width: 1024px){.kadence-column3515_224af7-62{text-align:center;}}@media all and (max-width: 767px){.kadence-column3515_224af7-62 > .kt-inside-inner-col{flex-direction:column;justify-content:center;}}<\/style>\n<div class=\"wp-block-kadence-column kadence-column3515_224af7-62 kb-section-dir-vertical inner-column-1\"><div class=\"kt-inside-inner-col\"><style>.wp-block-kadence-advancedheading.kt-adv-heading3515_d9a821-e9, .wp-block-kadence-advancedheading.kt-adv-heading3515_d9a821-e9[data-kb-block=\"kb-adv-heading3515_d9a821-e9\"]{margin-top:0px;margin-bottom:var(--global-kb-spacing-lg, 3rem);text-align:center;font-size:var(--global-kb-font-size-xxl, 4rem);line-height:1.2;font-style:italic;font-family:\"Lucida Sans Unicode\", \"Lucida Grande\", sans-serif;letter-spacing:5px;}.wp-block-kadence-advancedheading.kt-adv-heading3515_d9a821-e9 mark.kt-highlight, .wp-block-kadence-advancedheading.kt-adv-heading3515_d9a821-e9[data-kb-block=\"kb-adv-heading3515_d9a821-e9\"] mark.kt-highlight{font-style:normal;color:#f76a0c;-webkit-box-decoration-break:clone;box-decoration-break:clone;padding-top:0px;padding-right:0px;padding-bottom:0px;padding-left:0px;}.wp-block-kadence-advancedheading.kt-adv-heading3515_d9a821-e9 img.kb-inline-image, .wp-block-kadence-advancedheading.kt-adv-heading3515_d9a821-e9[data-kb-block=\"kb-adv-heading3515_d9a821-e9\"] img.kb-inline-image{width:150px;vertical-align:baseline;}@media all and (max-width: 1024px){.wp-block-kadence-advancedheading.kt-adv-heading3515_d9a821-e9, .wp-block-kadence-advancedheading.kt-adv-heading3515_d9a821-e9[data-kb-block=\"kb-adv-heading3515_d9a821-e9\"]{font-size:var(--global-kb-font-size-lg, 2rem);text-align:left!important;}}<\/style>\n<p class=\"kt-adv-heading3515_d9a821-e9 wp-block-kadence-advancedheading has-theme-palette-9-color has-text-color\" data-kb-block=\"kb-adv-heading3515_d9a821-e9\"><strong>Vini Jr. e a pol\u00edtica da insubordina\u00e7\u00e3o<\/strong><\/p>\n\n\n<style>.wp-block-kadence-advancedbtn.kb-btns3515_e29535-42{gap:var(--global-kb-gap-xs, 0.5rem );justify-content:flex-end;align-items:center;}.kt-btns3515_e29535-42 .kt-button{font-weight:normal;font-style:normal;}.kt-btns3515_e29535-42 .kt-btn-wrap-0{margin-right:5px;}.wp-block-kadence-advancedbtn.kt-btns3515_e29535-42 .kt-btn-wrap-0 .kt-button{color:#555555;border-color:#555555;}.wp-block-kadence-advancedbtn.kt-btns3515_e29535-42 .kt-btn-wrap-0 .kt-button:hover, .wp-block-kadence-advancedbtn.kt-btns3515_e29535-42 .kt-btn-wrap-0 .kt-button:focus{color:#ffffff;border-color:#444444;}.wp-block-kadence-advancedbtn.kt-btns3515_e29535-42 .kt-btn-wrap-0 .kt-button::before{display:none;}.wp-block-kadence-advancedbtn.kt-btns3515_e29535-42 .kt-btn-wrap-0 .kt-button:hover, .wp-block-kadence-advancedbtn.kt-btns3515_e29535-42 .kt-btn-wrap-0 .kt-button:focus{background:#444444;}@media all and (max-width: 1024px){.wp-block-kadence-advancedbtn.kb-btns3515_e29535-42{justify-content:flex-start;}}<\/style>\n<div class=\"wp-block-kadence-advancedbtn kb-buttons-wrap kb-btns3515_e29535-42\"><style>ul.menu .wp-block-kadence-advancedbtn .kb-btn3515_e36ee9-72.kb-button{width:initial;}.wp-block-kadence-advancedbtn .kb-btn3515_e36ee9-72.kb-button{font-size:var(--global-kb-font-size-sm, 0.9rem);letter-spacing:1px;text-transform:uppercase;}<\/style><span class=\"kb-button kt-button button kb-btn3515_e36ee9-72 kt-btn-size-standard kt-btn-width-type-auto kb-btn-global-inherit  kt-btn-has-text-true kt-btn-has-svg-false  wp-block-button__link wp-block-kadence-singlebtn\"><span class=\"kt-btn-inner-text\">Cian barbosa<\/span><\/span><\/div>\n<\/div><\/div>\n\n\n<style>.kadence-column3515_968e99-10 > .kt-inside-inner-col,.kadence-column3515_968e99-10 > .kt-inside-inner-col:before{border-top-left-radius:0px;border-top-right-radius:0px;border-bottom-right-radius:0px;border-bottom-left-radius:0px;}.kadence-column3515_968e99-10 > .kt-inside-inner-col{column-gap:var(--global-kb-gap-sm, 1rem);}.kadence-column3515_968e99-10 > .kt-inside-inner-col{flex-direction:column;}.kadence-column3515_968e99-10 > .kt-inside-inner-col > .aligncenter{width:100%;}.kadence-column3515_968e99-10 > .kt-inside-inner-col:before{opacity:0.3;}.kadence-column3515_968e99-10{position:relative;}@media all and (max-width: 1024px){.kadence-column3515_968e99-10 > .kt-inside-inner-col{flex-direction:column;justify-content:center;}}@media all and (max-width: 767px){.kadence-column3515_968e99-10 > .kt-inside-inner-col{flex-direction:column;justify-content:center;}}<\/style>\n<div class=\"wp-block-kadence-column kadence-column3515_968e99-10 inner-column-2\"><div class=\"kt-inside-inner-col\"><style>.kb-image3515_2c0c3d-4d .kb-image-has-overlay:after{opacity:0.3;border-top-left-radius:15px;border-top-right-radius:15px;border-bottom-right-radius:15px;border-bottom-left-radius:15px;}.kb-image3515_2c0c3d-4d img.kb-img, .kb-image3515_2c0c3d-4d .kb-img img{border-top-left-radius:15px;border-top-right-radius:15px;border-bottom-right-radius:15px;border-bottom-left-radius:15px;}@media all and (max-width: 767px){.wp-block-kadence-image.kb-image3515_2c0c3d-4d:not(.kb-specificity-added):not(.kb-extra-specificity-added){margin-right:0px;margin-left:0px;}}<\/style>\n<figure class=\"wp-block-kadence-image kb-image3515_2c0c3d-4d kb-image-is-ratio-size\"><div class=\"kb-is-ratio-image kb-image-ratio-square\"><img loading=\"lazy\" decoding=\"async\" width=\"1280\" height=\"720\" src=\"https:\/\/zeroaesquerda.com.br\/wp-content\/uploads\/2024\/10\/WhatsApp-Image-2024-10-30-at-15.57.53.jpeg\" alt=\"\" class=\"kb-img wp-image-3516\" srcset=\"https:\/\/zeroaesquerda.com.br\/wp-content\/uploads\/2024\/10\/WhatsApp-Image-2024-10-30-at-15.57.53.jpeg 1280w, https:\/\/zeroaesquerda.com.br\/wp-content\/uploads\/2024\/10\/WhatsApp-Image-2024-10-30-at-15.57.53-300x169.jpeg 300w, https:\/\/zeroaesquerda.com.br\/wp-content\/uploads\/2024\/10\/WhatsApp-Image-2024-10-30-at-15.57.53-1024x576.jpeg 1024w, https:\/\/zeroaesquerda.com.br\/wp-content\/uploads\/2024\/10\/WhatsApp-Image-2024-10-30-at-15.57.53-768x432.jpeg 768w\" sizes=\"auto, (max-width: 1280px) 100vw, 1280px\" \/><\/div><\/figure>\n<\/div><\/div>\n\n<\/div><\/div>\n\n\n<p class=\"has-theme-palette-3-color has-text-color has-link-color has-faustina-font-family has-custom-font wp-elements-f051cf7127272792fc9b891c346abd03\" style=\"font-family:Faustina\">Ontem, no dia 28\/10\/2024, o mundo do futebol \u2014 o esporte mais popular do mundo \u2014 acompanhou, com incredulidade ou revolta, o desenrolar da 68\u00ba premia\u00e7\u00e3o anual do <em>Ballon d\u2019Or <\/em>(ou Bola de Ouro), criado e organizado pela <em>France Football<\/em>. Apesar da expectativa massiva de que Vini Jr. receberia o pr\u00eamio de melhor jogador da temporada 23\/24, foi surpreendentemente Rodri o escolhido. Teoricamente, a escolha funciona da seguinte maneira: a revista envia uma lista pr\u00e9via com 30 nomes para os<em> jornalistas selecionados de cada um dos pa\u00edses, dentre os 100 primeiros no ranking da FIFA<\/em> <sup data-fn=\"9cba8ac9-df1e-44da-aebf-6f9c1c9dfbce\" class=\"fn\"><a href=\"#9cba8ac9-df1e-44da-aebf-6f9c1c9dfbce\" id=\"9cba8ac9-df1e-44da-aebf-6f9c1c9dfbce-link\">1<\/a><\/sup> onde, diga-se de passagem, aproximadamente 40% s\u00e3o pa\u00edses europeus <sup data-fn=\"16019acd-7838-45f9-b108-d4c0c90e7768\" class=\"fn\"><a href=\"#16019acd-7838-45f9-b108-d4c0c90e7768\" id=\"16019acd-7838-45f9-b108-d4c0c90e7768-link\">2<\/a><\/sup>, e que organizam assim, cada um, seu pr\u00f3prio ranking de 10 integrantes, que ir\u00e3o pontuar de acordo com cada posi\u00e7\u00e3o <sup data-fn=\"44581a89-88ed-4576-abbb-65d6c2e55366\" class=\"fn\"><a href=\"#44581a89-88ed-4576-abbb-65d6c2e55366\" id=\"44581a89-88ed-4576-abbb-65d6c2e55366-link\">3<\/a><\/sup>. Nosso ponto aqui n\u00e3o \u00e9 questionar o procedimento de vota\u00e7\u00e3o, mas criticar a ideologia c\u00ednica que o gon\u00e7alense desafiou.<\/p>\n\n\n\n<p class=\"has-theme-palette-3-color has-text-color has-link-color has-faustina-font-family has-custom-font wp-elements-7d97d3d5ac4f7d27f188dfe6b4bbf67b\" style=\"font-family:Faustina\">Para al\u00e9m do m\u00e9todo question\u00e1vel, \u00e9 preciso pontuar algumas coisas \u00f3bvias. A primeira e principal delas \u00e9 a seguinte: como j\u00e1 foi notado por alguns, Vini n\u00e3o perdeu o pr\u00eamio por quest\u00f5es intra-campo, mas por fatores extra-campo. Essa (n\u00e3o) premia\u00e7\u00e3o tentou atingi-lo quase como uma \u201cmedida disciplinar\u201d, por ousar expor as regras n\u00e3o-ditas de um jogo muito maior, no qual o futebol est\u00e1 inserido \u2014 e, dir\u00edamos, det\u00eam import\u00e2ncia cultural fundamental \u2014; o jogo pol\u00edtico-econ\u00f4mico de uma ind\u00fastria euroc\u00eantrica multibilion\u00e1ria, onde as regras s\u00e3o dadas por inquestion\u00e1veis institui\u00e7\u00f5es que, para operarem \u00e0 partir de seus pressupostos, precisam ocultar constantemente a dimens\u00e3o social e pol\u00edtica do futebol. Vinicius Jos\u00e9 Paix\u00e3o de Oliveira J\u00fanior cometeu um crime imperdo\u00e1vel para os donos do espet\u00e1culo: lembrar aos espectadores que n\u00e3o s\u00f3 o esporte existe na sociedade, n\u00e3o s\u00f3 indiv\u00edduos v\u00e3o consumir nos est\u00e1dios, mas a pr\u00f3pria sociedade existe e se manifesta no futebol \u2014 e assim, tamb\u00e9m abre-se margem para a pol\u00edtica, contrariando a antipol\u00edtica imposta pelos \u201cdonos\u201d do jogo e defendida pelos seus representantes.<\/p>\n\n\n\n<p class=\"has-theme-palette-3-color has-text-color has-link-color has-faustina-font-family has-custom-font wp-elements-a9e415e61339593e336658ad103c8f2c\" style=\"font-family:Faustina\">N\u00e3o contente com isso, Vini fez quest\u00e3o de negar o politicismo c\u00ednico que \u00e9 esperado dos jogadores \u2014 especialmente os n\u00e3o-europeus, negros, latinos, de origem pobre \u2014 que deveriam, sup\u00f5e-se, aceitar toda e qualquer \u201cintemp\u00e9rie\u201d por gratid\u00e3o ao que supostamente lhes foi agraciado (fama, sal\u00e1rios milion\u00e1rios, o tipo de reconhecimento que deriva-se disso, etc). Vini \u201cMalvadeza\u201d foi, como diria o jarg\u00e3o militar, <em>insubordinado<\/em>. Pior ainda, ousou segurar um espelho em frente \u00e0 sociedade europeia e mostrar a verdade escondida em uma suposta paix\u00e3o pelo futebol, que teria suas provoca\u00e7\u00f5es, seus excessos, como elementos \u201cbanais\u201d a serem relevados pelos \u201cprofissionais\u201d do esporte \u2014 e que n\u00e3o o foram. Pelo contr\u00e1rio, foram nomeados pelo que realmente s\u00e3o. Seria f\u00e1cil piscar e debochar para um racista aos berros, embriagado pelo \u00f3dio plenamente autorizado pela plateia e tamb\u00e9m pelas institui\u00e7\u00f5es europeias \u2014 \u201cs\u00e3o provoca\u00e7\u00f5es do jogo, n\u00e3o caia\u201d, diz-se em tom de bom conselho. Poderia descascar e comer uma banana atirada a ele em provoca\u00e7\u00e3o, por que n\u00e3o?!<\/p>\n\n\n\n<p class=\"has-theme-palette-3-color has-text-color has-link-color has-faustina-font-family has-custom-font wp-elements-bf3f41f293351932388723dbb9b1d1e8\" style=\"font-family:Faustina\">Diferente do que sugerem muitos racistas, declarados ou n\u00e3o, Vin\u00edcius negou o caminho f\u00e1cil da autopromo\u00e7\u00e3o atrav\u00e9s de uma mercantiliza\u00e7\u00e3o \u201cda causa\u201d \u2014 uma das coisas mais dif\u00edceis hoje em dia, diga-se de passagem, n\u00e3o s\u00f3 por \u00e9tica ou \u201cfibra moral\u201d pessoal, mas pela pr\u00f3pria impossibilidade da pol\u00edtica em uma cena arquitetada para que tudo retorne ao espet\u00e1culo. Vini, para piorar sua situa\u00e7\u00e3o frente aos grandes acionistas e ide\u00f3logos do esporte (contingentemente) bret\u00e3o, exp\u00f4s tanto a si mesmo, n\u00e3o enquanto atleta, mas enquanto pessoa, ao mesmo tempo em que fez a manobra pol\u00edtica necess\u00e1ria \u2014 por\u00e9m arriscada \u2014 de expor tamb\u00e9m as pr\u00f3prias institui\u00e7\u00f5es. Sua insubordina\u00e7\u00e3o revelou a coniv\u00eancia das institui\u00e7\u00f5es europeias de futebol com o racismo cotidiano que visita, frequenta e se retroalimenta nos est\u00e1dios. Seria realmente \u201cmais f\u00e1cil\u201d ignorar a dimens\u00e3o real do que anunciam essas \u201cprovoca\u00e7\u00f5es\u201d e apenas, de modo impessoal, contentar-se com a vida de elite, minimizando a gravidade e o significado destes epis\u00f3dio no todo, aceitando as migalhas na forma de condol\u00eancias e notas oficiais que n\u00e3o possuem nenhum efeito pr\u00e1tico al\u00e9m de uma desimplica\u00e7\u00e3o simb\u00f3lica dos emissores.<\/p>\n\n\n\n<p class=\"has-theme-palette-3-color has-text-color has-link-color has-faustina-font-family has-custom-font wp-elements-eed06096a7d81ea0894e8d650633822d\" style=\"font-family:Faustina\">Queria o destino que, no dia 28\/10, dia de S\u00e3o Judas Tadeu \u2014 santo das causas perdidas (ou imposs\u00edveis, como bem lembrou Andrade, outro gigante flamenguista) e padroeiro do Flamengo, seu time do cora\u00e7\u00e3o e pelo qual foi revelado \u2014 Vini Jr. fizesse algo j\u00e1 considerado n\u00e3o mais poss\u00edvel: contrariar o imperativo c\u00ednico do nosso tempo, ainda mais intenso na pol\u00edtica n\u00e3o dita do futebol europeu. E isso \u00e9 algo que fica patente em respostas de ex-jogadores, sobretudo brasileiros, quando questionados sobre o caso: os epis\u00f3dios de racismo n\u00e3o come\u00e7aram com Vin\u00edcius. Seja para apoi\u00e1-lo, seja para minimiz\u00e1-lo, \u00e9 fato que realmente n\u00e3o come\u00e7aram com ele. O que come\u00e7a com Vinicius \u00e9 a nega\u00e7\u00e3o ao cinismo, \u00e0 rea\u00e7\u00e3o mandat\u00f3ria apaziguadora e \u201ccordial\u201d, ao deboche que pressup\u00f5e-se superior mas ignora a dimens\u00e3o n\u00e3o-individual do problema. O que come\u00e7a com Vinicius \u00e9 a insist\u00eancia, desde o futebol mais capitalizado e espetacularizado do mundo, em relembrar que a sociedade existe, e as nossas a\u00e7\u00f5es em rela\u00e7\u00e3o ao esporte possuem uma dimens\u00e3o pol\u00edtica \u2014 o \u201cextra-campo\u201d \u00e9 condi\u00e7\u00e3o de qualquer esporte.<\/p>\n\n\n\n<p class=\"has-theme-palette-3-color has-text-color has-link-color has-faustina-font-family has-custom-font wp-elements-b6d7506e91f948a17a0f04e97f47e580\" style=\"font-family:Faustina\">\u00c9 dif\u00edcil provar esse tipo de hip\u00f3tese mas, caso Vini Jr. tivesse de fato escolhido o caminho da v\u00edtima, teria recebido o pr\u00eamio. Ao escolher n\u00e3o se reduzir \u00e0 condi\u00e7\u00e3o de v\u00edtima e, ao contr\u00e1rio, proclamar-se como algoz de racistas, os donos da premia\u00e7\u00e3o entenderam perfeitamente o risco dessa mensagem e fizeram quest\u00e3o de reduzir o <em>Ballon d\u2019Or<\/em> de 2024 a uma tentativa de escrut\u00ednio e humilha\u00e7\u00e3o p\u00fablica contra o jogador. N\u00e3o \u00e9 para menos: o jogador, nascido em S\u00e3o Gon\u00e7alo, recusou o contrato ideol\u00f3gico de regras n\u00e3o ditas, imposto pelo imperativo c\u00ednico dessa anti-pol\u00edtica que \u00e9 fundamental aos gestores do maior esporte do mundo. Pois nunca se tratou \u201capenas\u201d de futebol, na medida em que Vin\u00edcius, mostrando n\u00e3o ter \u201cdom pra v\u00edtima\u201d, como diria Mano Brown, faz uma convoca\u00e7\u00e3o pol\u00edtica que abala a pr\u00f3pria gram\u00e1tica europeia de gest\u00e3o das identidades. O <em>Ballon d\u2019Or<\/em> do dia 28 de outubro de 2024 n\u00e3o foi mesmo \u201cs\u00f3\u201d sobre futebol, mas sobre os limites europeus \u2014 e tamb\u00e9m globais \u2014 de gest\u00e3o das crises pol\u00edticas pela gram\u00e1tica cultural vigente de denega\u00e7\u00e3o do social.<\/p>\n\n\n\n<p class=\"has-theme-palette-3-color has-text-color has-link-color has-faustina-font-family has-custom-font wp-elements-647606e2627a19918945bd8ed9a842ca\" style=\"font-family:Faustina\">Todos que o chamam de \u201cvitimista\u201d o fazem tamb\u00e9m porque sabem disso, em alguma medida. O fazem porque s\u00e3o racistas ou teriam tomado o caminho f\u00e1cil \u2014 e por vezes covarde \u2014 de olhar para o outro lado, desconversar, fingir indiferen\u00e7a gozando de seus bens, e assim, normalizando o inaceit\u00e1vel. Mas toda vez que Vin\u00edcius decide n\u00e3o tomar o caminho covarde, independente do que digam, algo maior do que qualquer <em>Ballon d\u2019Or<\/em> ocorre. Sua insist\u00eancia em uma causa que alguns chamariam de imposs\u00edvel o torna maior n\u00e3o s\u00f3 que o pr\u00eamio, mas tamb\u00e9m maior do que os pretensos donos do jogo.<\/p>\n\n\n<ol class=\"wp-block-footnotes\"><li id=\"9cba8ac9-df1e-44da-aebf-6f9c1c9dfbce\"><em>Um \u201cdetalhe\u201d curioso \u00e9 a distin\u00e7\u00e3o em rela\u00e7\u00e3o \u00e0 categoria feminina, que conta apenas com integrantes de 50 pa\u00edses do ranking \u2014 fazendo parecer assim que mulheres n\u00e3o votam na categoria masculina, e vice-versa.<\/em> <a href=\"#9cba8ac9-df1e-44da-aebf-6f9c1c9dfbce-link\" aria-label=\"Ir para a refer\u00eancia 1 na nota de rodap\u00e9\">\u21a9\ufe0e<\/a><\/li><li id=\"16019acd-7838-45f9-b108-d4c0c90e7768\"><a href=\"https:\/\/www.ogol.com.br\/ranking_fifa.php?pais=0&amp;page=1\"><em>https:\/\/www.ogol.com.br\/ranking_fifa.php?pais=0&amp;page=1<\/em><\/a> <a href=\"#16019acd-7838-45f9-b108-d4c0c90e7768-link\" aria-label=\"Ir para a refer\u00eancia 2 na nota de rodap\u00e9\">\u21a9\ufe0e<\/a><\/li><li id=\"44581a89-88ed-4576-abbb-65d6c2e55366\"><a href=\"https:\/\/ge.globo.com\/futebol\/futebol-internacional\/noticia\/2024\/10\/28\/o-que-mudou-na-bola-de-ouro-para-2024-veja-criterios-de-votacao.ghtml\"><em>https:\/\/ge.globo.com\/futebol\/futebol-internacional\/noticia\/2024\/10\/28\/o-que-mudou-na-bola-de-ouro-para-2024-veja-criterios-de-votacao.ghtml<\/em><\/a> <a href=\"#44581a89-88ed-4576-abbb-65d6c2e55366-link\" aria-label=\"Ir para a refer\u00eancia 3 na nota de rodap\u00e9\">\u21a9\ufe0e<\/a><\/li><\/ol>\n\n\n<div class=\"wp-block-columns is-layout-flex wp-container-core-columns-is-layout-61ecc280 wp-block-columns-is-layout-flex\" style=\"padding-top:2.5rem;padding-right:2.5rem;padding-bottom:2.5rem;padding-left:2.5rem\">\n<div class=\"wp-block-column is-layout-flow wp-block-column-is-layout-flow\" style=\"flex-basis:25%\">\n<figure class=\"wp-block-image size-large\"><img loading=\"lazy\" decoding=\"async\" width=\"1024\" height=\"1024\" sizes=\"auto, (max-width: 1024px) 100vw, 1024px\" src=\"https:\/\/zeroaesquerda.com.br\/wp-content\/uploads\/2024\/10\/fotocopia-1024x1024.jpg\" alt=\"\" class=\"wp-image-3518\" srcset=\"https:\/\/zeroaesquerda.com.br\/wp-content\/uploads\/2024\/10\/fotocopia-1024x1024.jpg 1024w, https:\/\/zeroaesquerda.com.br\/wp-content\/uploads\/2024\/10\/fotocopia-300x300.jpg 300w, https:\/\/zeroaesquerda.com.br\/wp-content\/uploads\/2024\/10\/fotocopia-150x150.jpg 150w, https:\/\/zeroaesquerda.com.br\/wp-content\/uploads\/2024\/10\/fotocopia-768x768.jpg 768w, https:\/\/zeroaesquerda.com.br\/wp-content\/uploads\/2024\/10\/fotocopia.jpg 1492w\" \/><\/figure>\n<\/div>\n\n\n\n<div class=\"wp-block-column is-layout-flow wp-block-column-is-layout-flow\" style=\"flex-basis:75%\">\n<h2 class=\"wp-block-heading\">Cian Barbosa<\/h2>\n\n\n\n<p>Cian Barbosa \u00e9 soci\u00f3logo, mestre em psicologia (UFF) e doutorando em filosofia (UNIFESP) e psicologia (UFRJ), professor e coordenador no Centro de Forma\u00e7\u00e3o, tradutor, ensa\u00edsta, integrante da revista Zero \u00e0 Esquerda e colunista na revista Opera Mundi.<\/p>\n\n\n\n<div class=\"wp-block-buttons is-layout-flex wp-block-buttons-is-layout-flex\">\n<div class=\"wp-block-button\"><a class=\"wp-block-button__link wp-element-button\">Autor<\/a><\/div>\n<\/div>\n<\/div>\n<\/div>\n","protected":false},"excerpt":{"rendered":"<p>Vini Jr. e a pol\u00edtica da insubordina\u00e7\u00e3o Ontem, no dia 28\/10\/2024, o mundo do futebol \u2014 o esporte mais popular do mundo \u2014 acompanhou, com incredulidade ou revolta, o desenrolar da 68\u00ba premia\u00e7\u00e3o anual do Ballon d\u2019Or (ou Bola de Ouro), criado e organizado pela France Football. Apesar da expectativa massiva de que Vini Jr&#8230;.<\/p>\n","protected":false},"author":1,"featured_media":3516,"comment_status":"open","ping_status":"open","sticky":false,"template":"","format":"standard","meta":{"_coblocks_attr":"Helvetica,Times New Roman,Georgia,Abril Fatface,Anton,Arvo,Asap Condensed,Barlow,Cormorant Garamond,Fira Sans,Faustina","_coblocks_dimensions":"","_coblocks_responsive_height":"","_coblocks_accordion_ie_support":"","om_disable_all_campaigns":false,"_monsterinsights_skip_tracking":false,"_monsterinsights_sitenote_active":false,"_monsterinsights_sitenote_note":"","_monsterinsights_sitenote_category":0,"_uf_show_specific_survey":0,"_uf_disable_surveys":false,"_kadence_starter_templates_imported_post":false,"_kad_post_transparent":"","_kad_post_title":"","_kad_post_layout":"","_kad_post_sidebar_id":"","_kad_post_content_style":"","_kad_post_vertical_padding":"","_kad_post_feature":"","_kad_post_feature_position":"","_kad_post_header":false,"_kad_post_footer":false,"_kad_post_classname":"","footnotes":"[{\"content\":\"<em>Um \u201cdetalhe\u201d curioso \u00e9 a distin\u00e7\u00e3o em rela\u00e7\u00e3o \u00e0 categoria feminina, que conta apenas com integrantes de 50 pa\u00edses do ranking \u2014 fazendo parecer assim que mulheres n\u00e3o votam na categoria masculina, e vice-versa.<\/em>\",\"id\":\"9cba8ac9-df1e-44da-aebf-6f9c1c9dfbce\"},{\"content\":\"<a href=\\\"https:\/\/www.ogol.com.br\/ranking_fifa.php?pais=0&amp;page=1\\\"><em>https:\/\/www.ogol.com.br\/ranking_fifa.php?pais=0&amp;page=1<\/em><\/a>\",\"id\":\"16019acd-7838-45f9-b108-d4c0c90e7768\"},{\"content\":\"<a href=\\\"https:\/\/ge.globo.com\/futebol\/futebol-internacional\/noticia\/2024\/10\/28\/o-que-mudou-na-bola-de-ouro-para-2024-veja-criterios-de-votacao.ghtml\\\"><em>https:\/\/ge.globo.com\/futebol\/futebol-internacional\/noticia\/2024\/10\/28\/o-que-mudou-na-bola-de-ouro-para-2024-veja-criterios-de-votacao.ghtml<\/em><\/a>\",\"id\":\"44581a89-88ed-4576-abbb-65d6c2e55366\"}]"},"categories":[350,572,347],"tags":[576,575,573,265,574],"class_list":["post-3515","post","type-post","status-publish","format-standard","has-post-thumbnail","hentry","category-autores","category-cian-barbosa","category-producoes","tag-576","tag-bola-de-ouro","tag-futebol","tag-politica","tag-vini-jr"],"yoast_head":"<!-- This site is optimized with the Yoast SEO plugin v27.4 - https:\/\/yoast.com\/product\/yoast-seo-wordpress\/ -->\n<title>Vini Jr. e a pol\u00edtica da insubordina\u00e7\u00e3o - Cian Barbosa - Zero \u00e0 Esquerda<\/title>\n<meta name=\"description\" content=\"Vinicius Jos\u00e9 Paix\u00e3o de Oliveira J\u00fanior cometeu um crime imperdo\u00e1vel para os donos do espet\u00e1culo: lembrar aos espectadores que n\u00e3o s\u00f3 o esporte existe na sociedade, n\u00e3o s\u00f3 indiv\u00edduos v\u00e3o consumir nos est\u00e1dios, mas a pr\u00f3pria sociedade existe e se manifesta no futebol \u2014 e assim, tamb\u00e9m abre-se margem para a pol\u00edtica, contrariando a antipol\u00edtica imposta pelos \u201cdonos\u201d do jogo e defendida pelos seus representantes.\" \/>\n<meta name=\"robots\" content=\"index, follow, max-snippet:-1, max-image-preview:large, max-video-preview:-1\" \/>\n<link rel=\"canonical\" href=\"https:\/\/zeroaesquerda.com.br\/index.php\/2024\/10\/30\/a-politica-da-insubordinacao-no-espetaculo-do-futebol-sobre-vini-jr-e-o-ballon-dor-cian-barbosa\/\" \/>\n<meta property=\"og:locale\" content=\"pt_BR\" \/>\n<meta property=\"og:type\" content=\"article\" \/>\n<meta property=\"og:title\" content=\"Vini Jr. e a pol\u00edtica da insubordina\u00e7\u00e3o - Cian Barbosa - Zero \u00e0 Esquerda\" \/>\n<meta property=\"og:description\" content=\"Vinicius Jos\u00e9 Paix\u00e3o de Oliveira J\u00fanior cometeu um crime imperdo\u00e1vel para os donos do espet\u00e1culo: lembrar aos espectadores que n\u00e3o s\u00f3 o esporte existe na sociedade, n\u00e3o s\u00f3 indiv\u00edduos v\u00e3o consumir nos est\u00e1dios, mas a pr\u00f3pria sociedade existe e se manifesta no futebol \u2014 e assim, tamb\u00e9m abre-se margem para a pol\u00edtica, contrariando a antipol\u00edtica imposta pelos \u201cdonos\u201d do jogo e defendida pelos seus representantes.\" \/>\n<meta property=\"og:url\" content=\"https:\/\/zeroaesquerda.com.br\/index.php\/2024\/10\/30\/a-politica-da-insubordinacao-no-espetaculo-do-futebol-sobre-vini-jr-e-o-ballon-dor-cian-barbosa\/\" \/>\n<meta property=\"og:site_name\" content=\"Zero \u00e0 Esquerda\" \/>\n<meta property=\"article:publisher\" content=\"https:\/\/www.facebook.com\/revistazeroaesquerda\" \/>\n<meta property=\"article:published_time\" content=\"2024-10-30T23:48:34+00:00\" \/>\n<meta property=\"article:modified_time\" content=\"2024-10-31T00:31:12+00:00\" \/>\n<meta property=\"og:image\" content=\"https:\/\/zeroaesquerda.com.br\/wp-content\/uploads\/2024\/10\/WhatsApp-Image-2024-10-30-at-15.57.53.jpeg\" \/>\n\t<meta property=\"og:image:width\" content=\"1280\" \/>\n\t<meta property=\"og:image:height\" content=\"720\" \/>\n\t<meta property=\"og:image:type\" content=\"image\/jpeg\" \/>\n<meta name=\"author\" content=\"Zero \u00e0 Esquerda\" \/>\n<meta name=\"twitter:card\" content=\"summary_large_image\" \/>\n<meta name=\"twitter:image\" content=\"https:\/\/zeroaesquerda.com.br\/wp-content\/uploads\/2024\/10\/WhatsApp-Image-2024-10-30-at-15.57.53.jpeg\" \/>\n<meta name=\"twitter:creator\" content=\"@z3roaesquerda\" \/>\n<meta name=\"twitter:site\" content=\"@z3roaesquerda\" \/>\n<meta name=\"twitter:label1\" content=\"Escrito por\" \/>\n\t<meta name=\"twitter:data1\" content=\"Zero \u00e0 Esquerda\" \/>\n\t<meta name=\"twitter:label2\" content=\"Est. tempo de leitura\" \/>\n\t<meta name=\"twitter:data2\" content=\"7 minutos\" \/>\n<script type=\"application\/ld+json\" class=\"yoast-schema-graph\">{\"@context\":\"https:\\\/\\\/schema.org\",\"@graph\":[{\"@type\":\"Article\",\"@id\":\"https:\\\/\\\/zeroaesquerda.com.br\\\/index.php\\\/2024\\\/10\\\/30\\\/a-politica-da-insubordinacao-no-espetaculo-do-futebol-sobre-vini-jr-e-o-ballon-dor-cian-barbosa\\\/#article\",\"isPartOf\":{\"@id\":\"https:\\\/\\\/zeroaesquerda.com.br\\\/index.php\\\/2024\\\/10\\\/30\\\/a-politica-da-insubordinacao-no-espetaculo-do-futebol-sobre-vini-jr-e-o-ballon-dor-cian-barbosa\\\/\"},\"author\":{\"name\":\"Zero \u00e0 Esquerda\",\"@id\":\"https:\\\/\\\/zeroaesquerda.com.br\\\/#\\\/schema\\\/person\\\/04e72095a4fbe77f00c7b047955ed0b8\"},\"headline\":\"Vini Jr. e a pol\u00edtica da insubordina\u00e7\u00e3o &#8211; Cian Barbosa\",\"datePublished\":\"2024-10-30T23:48:34+00:00\",\"dateModified\":\"2024-10-31T00:31:12+00:00\",\"mainEntityOfPage\":{\"@id\":\"https:\\\/\\\/zeroaesquerda.com.br\\\/index.php\\\/2024\\\/10\\\/30\\\/a-politica-da-insubordinacao-no-espetaculo-do-futebol-sobre-vini-jr-e-o-ballon-dor-cian-barbosa\\\/\"},\"wordCount\":1322,\"commentCount\":0,\"publisher\":{\"@id\":\"https:\\\/\\\/zeroaesquerda.com.br\\\/#organization\"},\"image\":{\"@id\":\"https:\\\/\\\/zeroaesquerda.com.br\\\/index.php\\\/2024\\\/10\\\/30\\\/a-politica-da-insubordinacao-no-espetaculo-do-futebol-sobre-vini-jr-e-o-ballon-dor-cian-barbosa\\\/#primaryimage\"},\"thumbnailUrl\":\"https:\\\/\\\/zeroaesquerda.com.br\\\/wp-content\\\/uploads\\\/2024\\\/10\\\/WhatsApp-Image-2024-10-30-at-15.57.53.jpeg\",\"keywords\":[\"2024\",\"bola de ouro\",\"futebol\",\"Pol\u00edtica\",\"vini jr\"],\"articleSection\":[\"Autores\",\"Cian Barbosa\",\"Produ\u00e7\u00f5es\"],\"inLanguage\":\"pt-BR\",\"potentialAction\":[{\"@type\":\"CommentAction\",\"name\":\"Comment\",\"target\":[\"https:\\\/\\\/zeroaesquerda.com.br\\\/index.php\\\/2024\\\/10\\\/30\\\/a-politica-da-insubordinacao-no-espetaculo-do-futebol-sobre-vini-jr-e-o-ballon-dor-cian-barbosa\\\/#respond\"]}]},{\"@type\":\"WebPage\",\"@id\":\"https:\\\/\\\/zeroaesquerda.com.br\\\/index.php\\\/2024\\\/10\\\/30\\\/a-politica-da-insubordinacao-no-espetaculo-do-futebol-sobre-vini-jr-e-o-ballon-dor-cian-barbosa\\\/\",\"url\":\"https:\\\/\\\/zeroaesquerda.com.br\\\/index.php\\\/2024\\\/10\\\/30\\\/a-politica-da-insubordinacao-no-espetaculo-do-futebol-sobre-vini-jr-e-o-ballon-dor-cian-barbosa\\\/\",\"name\":\"Vini Jr. e a pol\u00edtica da insubordina\u00e7\u00e3o - Cian Barbosa - Zero \u00e0 Esquerda\",\"isPartOf\":{\"@id\":\"https:\\\/\\\/zeroaesquerda.com.br\\\/#website\"},\"primaryImageOfPage\":{\"@id\":\"https:\\\/\\\/zeroaesquerda.com.br\\\/index.php\\\/2024\\\/10\\\/30\\\/a-politica-da-insubordinacao-no-espetaculo-do-futebol-sobre-vini-jr-e-o-ballon-dor-cian-barbosa\\\/#primaryimage\"},\"image\":{\"@id\":\"https:\\\/\\\/zeroaesquerda.com.br\\\/index.php\\\/2024\\\/10\\\/30\\\/a-politica-da-insubordinacao-no-espetaculo-do-futebol-sobre-vini-jr-e-o-ballon-dor-cian-barbosa\\\/#primaryimage\"},\"thumbnailUrl\":\"https:\\\/\\\/zeroaesquerda.com.br\\\/wp-content\\\/uploads\\\/2024\\\/10\\\/WhatsApp-Image-2024-10-30-at-15.57.53.jpeg\",\"datePublished\":\"2024-10-30T23:48:34+00:00\",\"dateModified\":\"2024-10-31T00:31:12+00:00\",\"description\":\"Vinicius Jos\u00e9 Paix\u00e3o de Oliveira J\u00fanior cometeu um crime imperdo\u00e1vel para os donos do espet\u00e1culo: lembrar aos espectadores que n\u00e3o s\u00f3 o esporte existe na sociedade, n\u00e3o s\u00f3 indiv\u00edduos v\u00e3o consumir nos est\u00e1dios, mas a pr\u00f3pria sociedade existe e se manifesta no futebol \u2014 e assim, tamb\u00e9m abre-se margem para a pol\u00edtica, contrariando a antipol\u00edtica imposta pelos \u201cdonos\u201d do jogo e defendida pelos seus representantes.\",\"breadcrumb\":{\"@id\":\"https:\\\/\\\/zeroaesquerda.com.br\\\/index.php\\\/2024\\\/10\\\/30\\\/a-politica-da-insubordinacao-no-espetaculo-do-futebol-sobre-vini-jr-e-o-ballon-dor-cian-barbosa\\\/#breadcrumb\"},\"inLanguage\":\"pt-BR\",\"potentialAction\":[{\"@type\":\"ReadAction\",\"target\":[\"https:\\\/\\\/zeroaesquerda.com.br\\\/index.php\\\/2024\\\/10\\\/30\\\/a-politica-da-insubordinacao-no-espetaculo-do-futebol-sobre-vini-jr-e-o-ballon-dor-cian-barbosa\\\/\"]}]},{\"@type\":\"ImageObject\",\"inLanguage\":\"pt-BR\",\"@id\":\"https:\\\/\\\/zeroaesquerda.com.br\\\/index.php\\\/2024\\\/10\\\/30\\\/a-politica-da-insubordinacao-no-espetaculo-do-futebol-sobre-vini-jr-e-o-ballon-dor-cian-barbosa\\\/#primaryimage\",\"url\":\"https:\\\/\\\/zeroaesquerda.com.br\\\/wp-content\\\/uploads\\\/2024\\\/10\\\/WhatsApp-Image-2024-10-30-at-15.57.53.jpeg\",\"contentUrl\":\"https:\\\/\\\/zeroaesquerda.com.br\\\/wp-content\\\/uploads\\\/2024\\\/10\\\/WhatsApp-Image-2024-10-30-at-15.57.53.jpeg\",\"width\":1280,\"height\":720},{\"@type\":\"BreadcrumbList\",\"@id\":\"https:\\\/\\\/zeroaesquerda.com.br\\\/index.php\\\/2024\\\/10\\\/30\\\/a-politica-da-insubordinacao-no-espetaculo-do-futebol-sobre-vini-jr-e-o-ballon-dor-cian-barbosa\\\/#breadcrumb\",\"itemListElement\":[{\"@type\":\"ListItem\",\"position\":1,\"name\":\"In\u00edcio\",\"item\":\"https:\\\/\\\/zeroaesquerda.com.br\\\/\"},{\"@type\":\"ListItem\",\"position\":2,\"name\":\"Vini Jr. e a pol\u00edtica da insubordina\u00e7\u00e3o &#8211; Cian Barbosa\"}]},{\"@type\":\"WebSite\",\"@id\":\"https:\\\/\\\/zeroaesquerda.com.br\\\/#website\",\"url\":\"https:\\\/\\\/zeroaesquerda.com.br\\\/\",\"name\":\"Zero \u00e0 Esquerda\",\"description\":\"Tra\u00e7ando tend\u00eancias para al\u00e9m do capitalismo.\",\"publisher\":{\"@id\":\"https:\\\/\\\/zeroaesquerda.com.br\\\/#organization\"},\"potentialAction\":[{\"@type\":\"SearchAction\",\"target\":{\"@type\":\"EntryPoint\",\"urlTemplate\":\"https:\\\/\\\/zeroaesquerda.com.br\\\/?s={search_term_string}\"},\"query-input\":{\"@type\":\"PropertyValueSpecification\",\"valueRequired\":true,\"valueName\":\"search_term_string\"}}],\"inLanguage\":\"pt-BR\"},{\"@type\":\"Organization\",\"@id\":\"https:\\\/\\\/zeroaesquerda.com.br\\\/#organization\",\"name\":\"Zero \u00e0 Esquerda\",\"url\":\"https:\\\/\\\/zeroaesquerda.com.br\\\/\",\"logo\":{\"@type\":\"ImageObject\",\"inLanguage\":\"pt-BR\",\"@id\":\"https:\\\/\\\/zeroaesquerda.com.br\\\/#\\\/schema\\\/logo\\\/image\\\/\",\"url\":\"https:\\\/\\\/zeroaesquerda.com.br\\\/wp-content\\\/uploads\\\/2021\\\/01\\\/4-simbolo-zero-a-esquerda-favicon-alt.png\",\"contentUrl\":\"https:\\\/\\\/zeroaesquerda.com.br\\\/wp-content\\\/uploads\\\/2021\\\/01\\\/4-simbolo-zero-a-esquerda-favicon-alt.png\",\"width\":1271,\"height\":1069,\"caption\":\"Zero \u00e0 Esquerda\"},\"image\":{\"@id\":\"https:\\\/\\\/zeroaesquerda.com.br\\\/#\\\/schema\\\/logo\\\/image\\\/\"},\"sameAs\":[\"https:\\\/\\\/www.facebook.com\\\/revistazeroaesquerda\",\"https:\\\/\\\/x.com\\\/z3roaesquerda\",\"https:\\\/\\\/www.instagram.com\\\/revistazeroaesquerda\\\/\",\"https:\\\/\\\/www.youtube.com\\\/channel\\\/UCIaGx271Qw6D1QwqYBojrLw\"]},{\"@type\":\"Person\",\"@id\":\"https:\\\/\\\/zeroaesquerda.com.br\\\/#\\\/schema\\\/person\\\/04e72095a4fbe77f00c7b047955ed0b8\",\"name\":\"Zero \u00e0 Esquerda\",\"image\":{\"@type\":\"ImageObject\",\"inLanguage\":\"pt-BR\",\"@id\":\"https:\\\/\\\/secure.gravatar.com\\\/avatar\\\/a417d8eccb1cec435aa9a93213f41ee528a636232351421dedc4ada2160b3f1b?s=96&d=mm&r=g\",\"url\":\"https:\\\/\\\/secure.gravatar.com\\\/avatar\\\/a417d8eccb1cec435aa9a93213f41ee528a636232351421dedc4ada2160b3f1b?s=96&d=mm&r=g\",\"contentUrl\":\"https:\\\/\\\/secure.gravatar.com\\\/avatar\\\/a417d8eccb1cec435aa9a93213f41ee528a636232351421dedc4ada2160b3f1b?s=96&d=mm&r=g\",\"caption\":\"Zero \u00e0 Esquerda\"},\"description\":\"Tra\u00e7ando tend\u00eancias para al\u00e9m do capitalismo.\",\"sameAs\":[\"http:\\\/\\\/zeroaesquerda.com.br\"],\"url\":\"https:\\\/\\\/zeroaesquerda.com.br\\\/index.php\\\/author\\\/revistazeroaesquerdagmail-com\\\/\"}]}<\/script>\n<!-- \/ Yoast SEO plugin. -->","yoast_head_json":{"title":"Vini Jr. e a pol\u00edtica da insubordina\u00e7\u00e3o - Cian Barbosa - Zero \u00e0 Esquerda","description":"Vinicius Jos\u00e9 Paix\u00e3o de Oliveira J\u00fanior cometeu um crime imperdo\u00e1vel para os donos do espet\u00e1culo: lembrar aos espectadores que n\u00e3o s\u00f3 o esporte existe na sociedade, n\u00e3o s\u00f3 indiv\u00edduos v\u00e3o consumir nos est\u00e1dios, mas a pr\u00f3pria sociedade existe e se manifesta no futebol \u2014 e assim, tamb\u00e9m abre-se margem para a pol\u00edtica, contrariando a antipol\u00edtica imposta pelos \u201cdonos\u201d do jogo e defendida pelos seus representantes.","robots":{"index":"index","follow":"follow","max-snippet":"max-snippet:-1","max-image-preview":"max-image-preview:large","max-video-preview":"max-video-preview:-1"},"canonical":"https:\/\/zeroaesquerda.com.br\/index.php\/2024\/10\/30\/a-politica-da-insubordinacao-no-espetaculo-do-futebol-sobre-vini-jr-e-o-ballon-dor-cian-barbosa\/","og_locale":"pt_BR","og_type":"article","og_title":"Vini Jr. e a pol\u00edtica da insubordina\u00e7\u00e3o - Cian Barbosa - Zero \u00e0 Esquerda","og_description":"Vinicius Jos\u00e9 Paix\u00e3o de Oliveira J\u00fanior cometeu um crime imperdo\u00e1vel para os donos do espet\u00e1culo: lembrar aos espectadores que n\u00e3o s\u00f3 o esporte existe na sociedade, n\u00e3o s\u00f3 indiv\u00edduos v\u00e3o consumir nos est\u00e1dios, mas a pr\u00f3pria sociedade existe e se manifesta no futebol \u2014 e assim, tamb\u00e9m abre-se margem para a pol\u00edtica, contrariando a antipol\u00edtica imposta pelos \u201cdonos\u201d do jogo e defendida pelos seus representantes.","og_url":"https:\/\/zeroaesquerda.com.br\/index.php\/2024\/10\/30\/a-politica-da-insubordinacao-no-espetaculo-do-futebol-sobre-vini-jr-e-o-ballon-dor-cian-barbosa\/","og_site_name":"Zero \u00e0 Esquerda","article_publisher":"https:\/\/www.facebook.com\/revistazeroaesquerda","article_published_time":"2024-10-30T23:48:34+00:00","article_modified_time":"2024-10-31T00:31:12+00:00","og_image":[{"width":1280,"height":720,"url":"https:\/\/zeroaesquerda.com.br\/wp-content\/uploads\/2024\/10\/WhatsApp-Image-2024-10-30-at-15.57.53.jpeg","type":"image\/jpeg"}],"author":"Zero \u00e0 Esquerda","twitter_card":"summary_large_image","twitter_image":"https:\/\/zeroaesquerda.com.br\/wp-content\/uploads\/2024\/10\/WhatsApp-Image-2024-10-30-at-15.57.53.jpeg","twitter_creator":"@z3roaesquerda","twitter_site":"@z3roaesquerda","twitter_misc":{"Escrito por":"Zero \u00e0 Esquerda","Est. tempo de leitura":"7 minutos"},"schema":{"@context":"https:\/\/schema.org","@graph":[{"@type":"Article","@id":"https:\/\/zeroaesquerda.com.br\/index.php\/2024\/10\/30\/a-politica-da-insubordinacao-no-espetaculo-do-futebol-sobre-vini-jr-e-o-ballon-dor-cian-barbosa\/#article","isPartOf":{"@id":"https:\/\/zeroaesquerda.com.br\/index.php\/2024\/10\/30\/a-politica-da-insubordinacao-no-espetaculo-do-futebol-sobre-vini-jr-e-o-ballon-dor-cian-barbosa\/"},"author":{"name":"Zero \u00e0 Esquerda","@id":"https:\/\/zeroaesquerda.com.br\/#\/schema\/person\/04e72095a4fbe77f00c7b047955ed0b8"},"headline":"Vini Jr. e a pol\u00edtica da insubordina\u00e7\u00e3o &#8211; Cian Barbosa","datePublished":"2024-10-30T23:48:34+00:00","dateModified":"2024-10-31T00:31:12+00:00","mainEntityOfPage":{"@id":"https:\/\/zeroaesquerda.com.br\/index.php\/2024\/10\/30\/a-politica-da-insubordinacao-no-espetaculo-do-futebol-sobre-vini-jr-e-o-ballon-dor-cian-barbosa\/"},"wordCount":1322,"commentCount":0,"publisher":{"@id":"https:\/\/zeroaesquerda.com.br\/#organization"},"image":{"@id":"https:\/\/zeroaesquerda.com.br\/index.php\/2024\/10\/30\/a-politica-da-insubordinacao-no-espetaculo-do-futebol-sobre-vini-jr-e-o-ballon-dor-cian-barbosa\/#primaryimage"},"thumbnailUrl":"https:\/\/zeroaesquerda.com.br\/wp-content\/uploads\/2024\/10\/WhatsApp-Image-2024-10-30-at-15.57.53.jpeg","keywords":["2024","bola de ouro","futebol","Pol\u00edtica","vini jr"],"articleSection":["Autores","Cian Barbosa","Produ\u00e7\u00f5es"],"inLanguage":"pt-BR","potentialAction":[{"@type":"CommentAction","name":"Comment","target":["https:\/\/zeroaesquerda.com.br\/index.php\/2024\/10\/30\/a-politica-da-insubordinacao-no-espetaculo-do-futebol-sobre-vini-jr-e-o-ballon-dor-cian-barbosa\/#respond"]}]},{"@type":"WebPage","@id":"https:\/\/zeroaesquerda.com.br\/index.php\/2024\/10\/30\/a-politica-da-insubordinacao-no-espetaculo-do-futebol-sobre-vini-jr-e-o-ballon-dor-cian-barbosa\/","url":"https:\/\/zeroaesquerda.com.br\/index.php\/2024\/10\/30\/a-politica-da-insubordinacao-no-espetaculo-do-futebol-sobre-vini-jr-e-o-ballon-dor-cian-barbosa\/","name":"Vini Jr. e a pol\u00edtica da insubordina\u00e7\u00e3o - Cian Barbosa - Zero \u00e0 Esquerda","isPartOf":{"@id":"https:\/\/zeroaesquerda.com.br\/#website"},"primaryImageOfPage":{"@id":"https:\/\/zeroaesquerda.com.br\/index.php\/2024\/10\/30\/a-politica-da-insubordinacao-no-espetaculo-do-futebol-sobre-vini-jr-e-o-ballon-dor-cian-barbosa\/#primaryimage"},"image":{"@id":"https:\/\/zeroaesquerda.com.br\/index.php\/2024\/10\/30\/a-politica-da-insubordinacao-no-espetaculo-do-futebol-sobre-vini-jr-e-o-ballon-dor-cian-barbosa\/#primaryimage"},"thumbnailUrl":"https:\/\/zeroaesquerda.com.br\/wp-content\/uploads\/2024\/10\/WhatsApp-Image-2024-10-30-at-15.57.53.jpeg","datePublished":"2024-10-30T23:48:34+00:00","dateModified":"2024-10-31T00:31:12+00:00","description":"Vinicius Jos\u00e9 Paix\u00e3o de Oliveira J\u00fanior cometeu um crime imperdo\u00e1vel para os donos do espet\u00e1culo: lembrar aos espectadores que n\u00e3o s\u00f3 o esporte existe na sociedade, n\u00e3o s\u00f3 indiv\u00edduos v\u00e3o consumir nos est\u00e1dios, mas a pr\u00f3pria sociedade existe e se manifesta no futebol \u2014 e assim, tamb\u00e9m abre-se margem para a pol\u00edtica, contrariando a antipol\u00edtica imposta pelos \u201cdonos\u201d do jogo e defendida pelos seus representantes.","breadcrumb":{"@id":"https:\/\/zeroaesquerda.com.br\/index.php\/2024\/10\/30\/a-politica-da-insubordinacao-no-espetaculo-do-futebol-sobre-vini-jr-e-o-ballon-dor-cian-barbosa\/#breadcrumb"},"inLanguage":"pt-BR","potentialAction":[{"@type":"ReadAction","target":["https:\/\/zeroaesquerda.com.br\/index.php\/2024\/10\/30\/a-politica-da-insubordinacao-no-espetaculo-do-futebol-sobre-vini-jr-e-o-ballon-dor-cian-barbosa\/"]}]},{"@type":"ImageObject","inLanguage":"pt-BR","@id":"https:\/\/zeroaesquerda.com.br\/index.php\/2024\/10\/30\/a-politica-da-insubordinacao-no-espetaculo-do-futebol-sobre-vini-jr-e-o-ballon-dor-cian-barbosa\/#primaryimage","url":"https:\/\/zeroaesquerda.com.br\/wp-content\/uploads\/2024\/10\/WhatsApp-Image-2024-10-30-at-15.57.53.jpeg","contentUrl":"https:\/\/zeroaesquerda.com.br\/wp-content\/uploads\/2024\/10\/WhatsApp-Image-2024-10-30-at-15.57.53.jpeg","width":1280,"height":720},{"@type":"BreadcrumbList","@id":"https:\/\/zeroaesquerda.com.br\/index.php\/2024\/10\/30\/a-politica-da-insubordinacao-no-espetaculo-do-futebol-sobre-vini-jr-e-o-ballon-dor-cian-barbosa\/#breadcrumb","itemListElement":[{"@type":"ListItem","position":1,"name":"In\u00edcio","item":"https:\/\/zeroaesquerda.com.br\/"},{"@type":"ListItem","position":2,"name":"Vini Jr. e a pol\u00edtica da insubordina\u00e7\u00e3o &#8211; Cian Barbosa"}]},{"@type":"WebSite","@id":"https:\/\/zeroaesquerda.com.br\/#website","url":"https:\/\/zeroaesquerda.com.br\/","name":"Zero \u00e0 Esquerda","description":"Tra\u00e7ando tend\u00eancias para al\u00e9m do capitalismo.","publisher":{"@id":"https:\/\/zeroaesquerda.com.br\/#organization"},"potentialAction":[{"@type":"SearchAction","target":{"@type":"EntryPoint","urlTemplate":"https:\/\/zeroaesquerda.com.br\/?s={search_term_string}"},"query-input":{"@type":"PropertyValueSpecification","valueRequired":true,"valueName":"search_term_string"}}],"inLanguage":"pt-BR"},{"@type":"Organization","@id":"https:\/\/zeroaesquerda.com.br\/#organization","name":"Zero \u00e0 Esquerda","url":"https:\/\/zeroaesquerda.com.br\/","logo":{"@type":"ImageObject","inLanguage":"pt-BR","@id":"https:\/\/zeroaesquerda.com.br\/#\/schema\/logo\/image\/","url":"https:\/\/zeroaesquerda.com.br\/wp-content\/uploads\/2021\/01\/4-simbolo-zero-a-esquerda-favicon-alt.png","contentUrl":"https:\/\/zeroaesquerda.com.br\/wp-content\/uploads\/2021\/01\/4-simbolo-zero-a-esquerda-favicon-alt.png","width":1271,"height":1069,"caption":"Zero \u00e0 Esquerda"},"image":{"@id":"https:\/\/zeroaesquerda.com.br\/#\/schema\/logo\/image\/"},"sameAs":["https:\/\/www.facebook.com\/revistazeroaesquerda","https:\/\/x.com\/z3roaesquerda","https:\/\/www.instagram.com\/revistazeroaesquerda\/","https:\/\/www.youtube.com\/channel\/UCIaGx271Qw6D1QwqYBojrLw"]},{"@type":"Person","@id":"https:\/\/zeroaesquerda.com.br\/#\/schema\/person\/04e72095a4fbe77f00c7b047955ed0b8","name":"Zero \u00e0 Esquerda","image":{"@type":"ImageObject","inLanguage":"pt-BR","@id":"https:\/\/secure.gravatar.com\/avatar\/a417d8eccb1cec435aa9a93213f41ee528a636232351421dedc4ada2160b3f1b?s=96&d=mm&r=g","url":"https:\/\/secure.gravatar.com\/avatar\/a417d8eccb1cec435aa9a93213f41ee528a636232351421dedc4ada2160b3f1b?s=96&d=mm&r=g","contentUrl":"https:\/\/secure.gravatar.com\/avatar\/a417d8eccb1cec435aa9a93213f41ee528a636232351421dedc4ada2160b3f1b?s=96&d=mm&r=g","caption":"Zero \u00e0 Esquerda"},"description":"Tra\u00e7ando tend\u00eancias para al\u00e9m do capitalismo.","sameAs":["http:\/\/zeroaesquerda.com.br"],"url":"https:\/\/zeroaesquerda.com.br\/index.php\/author\/revistazeroaesquerdagmail-com\/"}]}},"_links":{"self":[{"href":"https:\/\/zeroaesquerda.com.br\/index.php\/wp-json\/wp\/v2\/posts\/3515","targetHints":{"allow":["GET"]}}],"collection":[{"href":"https:\/\/zeroaesquerda.com.br\/index.php\/wp-json\/wp\/v2\/posts"}],"about":[{"href":"https:\/\/zeroaesquerda.com.br\/index.php\/wp-json\/wp\/v2\/types\/post"}],"author":[{"embeddable":true,"href":"https:\/\/zeroaesquerda.com.br\/index.php\/wp-json\/wp\/v2\/users\/1"}],"replies":[{"embeddable":true,"href":"https:\/\/zeroaesquerda.com.br\/index.php\/wp-json\/wp\/v2\/comments?post=3515"}],"version-history":[{"count":3,"href":"https:\/\/zeroaesquerda.com.br\/index.php\/wp-json\/wp\/v2\/posts\/3515\/revisions"}],"predecessor-version":[{"id":3525,"href":"https:\/\/zeroaesquerda.com.br\/index.php\/wp-json\/wp\/v2\/posts\/3515\/revisions\/3525"}],"wp:featuredmedia":[{"embeddable":true,"href":"https:\/\/zeroaesquerda.com.br\/index.php\/wp-json\/wp\/v2\/media\/3516"}],"wp:attachment":[{"href":"https:\/\/zeroaesquerda.com.br\/index.php\/wp-json\/wp\/v2\/media?parent=3515"}],"wp:term":[{"taxonomy":"category","embeddable":true,"href":"https:\/\/zeroaesquerda.com.br\/index.php\/wp-json\/wp\/v2\/categories?post=3515"},{"taxonomy":"post_tag","embeddable":true,"href":"https:\/\/zeroaesquerda.com.br\/index.php\/wp-json\/wp\/v2\/tags?post=3515"}],"curies":[{"name":"wp","href":"https:\/\/api.w.org\/{rel}","templated":true}]}}