{"id":3365,"date":"2024-09-20T15:30:00","date_gmt":"2024-09-20T15:30:00","guid":{"rendered":"https:\/\/zeroaesquerda.com.br\/?p=3365"},"modified":"2024-10-11T00:39:32","modified_gmt":"2024-10-11T00:39:32","slug":"capitalismo-academico-paulo-arantes","status":"publish","type":"post","link":"https:\/\/zeroaesquerda.com.br\/index.php\/2024\/09\/20\/capitalismo-academico-paulo-arantes\/","title":{"rendered":"Capitalismo acad\u00eamico \u2013 Paulo Arantes"},"content":{"rendered":"\n<p class=\"has-theme-palette-3-color has-text-color has-link-color has-larger-font-size wp-elements-31fa86d76a419aa205c8ecb2d7ecfd67\"><\/p>\n\n\n<style>.kb-row-layout-id3365_0135cb-e1 > .kt-row-column-wrap{align-content:center;}:where(.kb-row-layout-id3365_0135cb-e1 > .kt-row-column-wrap) > .wp-block-kadence-column{justify-content:center;}.kb-row-layout-id3365_0135cb-e1 > .kt-row-column-wrap{column-gap:var(--global-kb-gap-none, 0rem );row-gap:var(--global-kb-gap-md, 2rem);max-width:var( --global-content-width, 1600px );padding-left:var(--global-content-edge-padding);padding-right:var(--global-content-edge-padding);padding-top:var(--global-kb-spacing-xxl, 5rem);padding-bottom:var(--global-kb-spacing-xxl, 5rem);grid-template-columns:minmax(0, 2fr) minmax(0, 1fr);}.kb-row-layout-id3365_0135cb-e1 > .kt-row-layout-overlay{opacity:0.30;}@media all and (max-width: 1024px){.kb-row-layout-id3365_0135cb-e1 > .kt-row-column-wrap{grid-template-columns:minmax(0, 1fr);}}@media all and (max-width: 767px){.kb-row-layout-id3365_0135cb-e1 > .kt-row-column-wrap{grid-template-columns:minmax(0, 1fr);}}<\/style><div class=\"kb-row-layout-wrap kb-row-layout-id3365_0135cb-e1 alignfull has-theme-palette3-background-color kt-row-has-bg wp-block-kadence-rowlayout\"><div class=\"kt-row-column-wrap kt-has-2-columns kt-row-layout-left-golden kt-tab-layout-row kt-mobile-layout-row kt-row-valign-middle kb-theme-content-width\">\n<style>.kadence-column3365_8178e2-ac > .kt-inside-inner-col,.kadence-column3365_8178e2-ac > .kt-inside-inner-col:before{border-top-left-radius:0px;border-top-right-radius:0px;border-bottom-right-radius:0px;border-bottom-left-radius:0px;}.kadence-column3365_8178e2-ac > .kt-inside-inner-col{column-gap:var(--global-kb-gap-sm, 1rem);}.kadence-column3365_8178e2-ac > .kt-inside-inner-col{flex-direction:column;}.kadence-column3365_8178e2-ac > .kt-inside-inner-col > .aligncenter{width:100%;}.kadence-column3365_8178e2-ac > .kt-inside-inner-col:before{opacity:0.3;}.kadence-column3365_8178e2-ac{position:relative;}.kadence-column3365_8178e2-ac, .kt-inside-inner-col > .kadence-column3365_8178e2-ac:not(.specificity){margin-right:var(--global-kb-spacing-xxl, 5rem);}@media all and (max-width: 1024px){.kadence-column3365_8178e2-ac > .kt-inside-inner-col{padding-right:var(--global-kb-spacing-3xl, 6.5rem);padding-left:var(--global-kb-spacing-3xl, 6.5rem);flex-direction:column;justify-content:center;}}@media all and (max-width: 1024px){.kadence-column3365_8178e2-ac, .kt-inside-inner-col > .kadence-column3365_8178e2-ac:not(.specificity){margin-right:0px;margin-bottom:var(--global-kb-spacing-md, 2rem);}}@media all and (max-width: 767px){.kadence-column3365_8178e2-ac > .kt-inside-inner-col{padding-right:var(--global-kb-spacing-xxs, 0.5rem);padding-left:var(--global-kb-spacing-xxs, 0.5rem);flex-direction:column;justify-content:center;}}<\/style>\n<div class=\"wp-block-kadence-column kadence-column3365_8178e2-ac inner-column-1\"><div class=\"kt-inside-inner-col\"><style>.wp-block-kadence-advancedheading.kt-adv-heading3365_fa8bda-3c, .wp-block-kadence-advancedheading.kt-adv-heading3365_fa8bda-3c[data-kb-block=\"kb-adv-heading3365_fa8bda-3c\"]{margin-top:0px;margin-bottom:var(--global-kb-spacing-sm, 1.5rem);line-height:1.1;font-weight:500;font-style:normal;}.wp-block-kadence-advancedheading.kt-adv-heading3365_fa8bda-3c mark.kt-highlight, .wp-block-kadence-advancedheading.kt-adv-heading3365_fa8bda-3c[data-kb-block=\"kb-adv-heading3365_fa8bda-3c\"] mark.kt-highlight{font-style:normal;color:#f76a0c;-webkit-box-decoration-break:clone;box-decoration-break:clone;padding-top:0px;padding-right:0px;padding-bottom:0px;padding-left:0px;}.wp-block-kadence-advancedheading.kt-adv-heading3365_fa8bda-3c img.kb-inline-image, .wp-block-kadence-advancedheading.kt-adv-heading3365_fa8bda-3c[data-kb-block=\"kb-adv-heading3365_fa8bda-3c\"] img.kb-inline-image{width:150px;vertical-align:baseline;}<\/style>\n<div class=\"kt-adv-heading3365_fa8bda-3c wp-block-kadence-advancedheading has-theme-palette-9-color has-text-color\" data-kb-block=\"kb-adv-heading3365_fa8bda-3c\"><strong>Paulo Eduardo Arantes<\/strong><\/div>\n\n\n<style>.wp-block-kadence-advancedheading.kt-adv-heading3365_096762-67, .wp-block-kadence-advancedheading.kt-adv-heading3365_096762-67[data-kb-block=\"kb-adv-heading3365_096762-67\"]{margin-top:0px;margin-bottom:var(--global-kb-spacing-sm, 1.5rem);font-size:var(--global-kb-font-size-lg, 2rem);line-height:1.3;font-style:normal;}.wp-block-kadence-advancedheading.kt-adv-heading3365_096762-67 mark.kt-highlight, .wp-block-kadence-advancedheading.kt-adv-heading3365_096762-67[data-kb-block=\"kb-adv-heading3365_096762-67\"] mark.kt-highlight{font-style:normal;color:#f76a0c;-webkit-box-decoration-break:clone;box-decoration-break:clone;padding-top:0px;padding-right:0px;padding-bottom:0px;padding-left:0px;}.wp-block-kadence-advancedheading.kt-adv-heading3365_096762-67 img.kb-inline-image, .wp-block-kadence-advancedheading.kt-adv-heading3365_096762-67[data-kb-block=\"kb-adv-heading3365_096762-67\"] img.kb-inline-image{width:150px;vertical-align:baseline;}<\/style>\n<h3 class=\"kt-adv-heading3365_096762-67 wp-block-kadence-advancedheading has-theme-palette-9-color has-text-color\" data-kb-block=\"kb-adv-heading3365_096762-67\"><strong><em>Capitalismo acad\u00eamico<\/em><\/strong><\/h3>\n\n\n<style>.wp-block-kadence-advancedheading.kt-adv-heading3365_5d1849-fe, .wp-block-kadence-advancedheading.kt-adv-heading3365_5d1849-fe[data-kb-block=\"kb-adv-heading3365_5d1849-fe\"]{margin-bottom:0px;line-height:1.6;font-style:normal;}.wp-block-kadence-advancedheading.kt-adv-heading3365_5d1849-fe mark.kt-highlight, .wp-block-kadence-advancedheading.kt-adv-heading3365_5d1849-fe[data-kb-block=\"kb-adv-heading3365_5d1849-fe\"] mark.kt-highlight{font-style:normal;color:#f76a0c;-webkit-box-decoration-break:clone;box-decoration-break:clone;padding-top:0px;padding-right:0px;padding-bottom:0px;padding-left:0px;}.wp-block-kadence-advancedheading.kt-adv-heading3365_5d1849-fe img.kb-inline-image, .wp-block-kadence-advancedheading.kt-adv-heading3365_5d1849-fe[data-kb-block=\"kb-adv-heading3365_5d1849-fe\"] img.kb-inline-image{width:150px;vertical-align:baseline;}<\/style>\n<p class=\"kt-adv-heading3365_5d1849-fe wp-block-kadence-advancedheading has-theme-palette-8-color has-text-color\" data-kb-block=\"kb-adv-heading3365_5d1849-fe\">As t\u00e1buas do palco representam o mundo <span class=\"footnote_referrer\"><a role=\"button\" tabindex=\"0\" onclick=\"footnote_moveToReference_3365_1('footnote_plugin_reference_3365_1_1');\" onkeypress=\"footnote_moveToReference_3365_1('footnote_plugin_reference_3365_1_1');\" ><sup id=\"footnote_plugin_tooltip_3365_1_1\" class=\"footnote_plugin_tooltip_text\">[1]<\/sup><\/a><span id=\"footnote_plugin_tooltip_text_3365_1_1\" class=\"footnote_tooltip\">\u201cA frase \u00e9 de Schiller\u201d, lembrou Paulo Arantes, que dela se serviu para abrir a confer\u00eancia realizada no Teatro Laborat\u00f3rio da ECA-USP em 15 de agosto de 2014, a convite do Departamento de&nbsp;&#x2026; <span class=\"footnote_tooltip_continue\"  onclick=\"footnote_moveToReference_3365_1('footnote_plugin_reference_3365_1_1');\">Continue reading<\/span><\/span><\/span><script type=\"text\/javascript\"> jQuery('#footnote_plugin_tooltip_3365_1_1').tooltip({ tip: '#footnote_plugin_tooltip_text_3365_1_1', tipClass: 'footnote_tooltip', effect: 'fade', predelay: 0, fadeInSpeed: 200, delay: 400, fadeOutSpeed: 200, position: 'top center', relative: true, offset: [-7, 0], });<\/script><\/p>\n\n\n\n<p><\/p>\n\n\n\n<p class=\"has-theme-palette-8-color has-text-color has-link-color wp-elements-4094fb57c0172cd6f61bc157fe427c3c\"> Primeiro gostaria de dizer o seguinte, a S\u00edlvia me pediu um t\u00edtulo e eu chutei \u201ccapitalismo acad\u00eamico\u201d, mas n\u00e3o eu n\u00e3o tenho a menor ideia do que isso seja. Mas j\u00e1 vou explicar, vou tentar preencher um pouquinho isso. Esse \u00e9 o t\u00edtulo de um livro que eu soube outro dia conversando num exame de qualifica\u00e7\u00e3o. Algu\u00e9m me falou desse livro \u2013ingl\u00eas ou americano, assim chamado, do fim dos anos noventa \u2013, cujo autor tem um nome como \u201cLeslie\u201d<span class=\"footnote_referrer\"><a role=\"button\" tabindex=\"0\" onclick=\"footnote_moveToReference_3365_1('footnote_plugin_reference_3365_1_2');\" onkeypress=\"footnote_moveToReference_3365_1('footnote_plugin_reference_3365_1_2');\" ><sup id=\"footnote_plugin_tooltip_3365_1_2\" class=\"footnote_plugin_tooltip_text\">[2]<\/sup><\/a><span id=\"footnote_plugin_tooltip_text_3365_1_2\" class=\"footnote_tooltip\">Sheila Slaughter e Larry L. Leslie, Academic Capitalism (Johns Hopkins UP, 1997). <\/span><\/span><script type=\"text\/javascript\"> jQuery('#footnote_plugin_tooltip_3365_1_2').tooltip({ tip: '#footnote_plugin_tooltip_text_3365_1_2', tipClass: 'footnote_tooltip', effect: 'fade', predelay: 0, fadeInSpeed: 200, delay: 400, fadeOutSpeed: 200, position: 'top center', relative: true, offset: [-7, 0], });<\/script>. De fato o livro existe, eu o encomendei, mas ainda n\u00e3o o recebi. Portanto, n\u00e3o sei ainda o que esse sujeito chamado Leslie entende por Academic Capitalism. Mas eu acredito que intuitivamente todos n\u00f3s sabemos. Ent\u00e3o vamos mandar brasa nessa dire\u00e7\u00e3o.<\/p>\n\n\n\n<p><\/p>\n<\/div><\/div>\n\n\n<style>.kadence-column3365_fcb472-d2 > .kt-inside-inner-col,.kadence-column3365_fcb472-d2 > .kt-inside-inner-col:before{border-top-left-radius:0px;border-top-right-radius:0px;border-bottom-right-radius:0px;border-bottom-left-radius:0px;}.kadence-column3365_fcb472-d2 > .kt-inside-inner-col{column-gap:var(--global-kb-gap-sm, 1rem);}.kadence-column3365_fcb472-d2 > .kt-inside-inner-col{flex-direction:column;}.kadence-column3365_fcb472-d2 > .kt-inside-inner-col > .aligncenter{width:100%;}.kadence-column3365_fcb472-d2 > .kt-inside-inner-col:before{opacity:0.3;}.kadence-column3365_fcb472-d2{position:relative;}.kadence-column3365_fcb472-d2, .kt-inside-inner-col > .kadence-column3365_fcb472-d2:not(.specificity){margin-top:0px;margin-right:0px;margin-bottom:0px;margin-left:0px;}@media all and (max-width: 1024px){.kadence-column3365_fcb472-d2 > .kt-inside-inner-col{padding-right:var(--global-kb-spacing-xs, 1rem);padding-left:var(--global-kb-spacing-xs, 1rem);flex-direction:column;justify-content:center;}}@media all and (max-width: 767px){.kadence-column3365_fcb472-d2 > .kt-inside-inner-col{padding-right:var(--global-kb-spacing-xxs, 0.5rem);padding-left:var(--global-kb-spacing-xxs, 0.5rem);flex-direction:column;justify-content:center;}}<\/style>\n<div class=\"wp-block-kadence-column kadence-column3365_fcb472-d2 inner-column-2\"><div class=\"kt-inside-inner-col\"><style>.kb-image3365_835d8a-58.kb-image-is-ratio-size, .kb-image3365_835d8a-58 .kb-image-is-ratio-size{max-width:1915px;width:100%;}.wp-block-kadence-column > .kt-inside-inner-col > .kb-image3365_835d8a-58.kb-image-is-ratio-size, .wp-block-kadence-column > .kt-inside-inner-col > .kb-image3365_835d8a-58 .kb-image-is-ratio-size{align-self:unset;}.kb-image3365_835d8a-58{max-width:1915px;}.image-is-svg.kb-image3365_835d8a-58{-webkit-flex:0 1 100%;flex:0 1 100%;}.image-is-svg.kb-image3365_835d8a-58 img{width:100%;}.kb-image3365_835d8a-58 .kb-image-has-overlay:after{opacity:0.3;}.kb-image3365_835d8a-58 img.kb-img, .kb-image3365_835d8a-58 .kb-img img{object-position:83% 38%;}<\/style>\n<figure class=\"wp-block-kadence-image kb-image3365_835d8a-58 size-large kb-image-is-ratio-size\"><div class=\"kb-is-ratio-image kb-image-ratio-port34\"><img loading=\"lazy\" decoding=\"async\" width=\"732\" height=\"1024\" src=\"https:\/\/zeroaesquerda.com.br\/wp-content\/uploads\/2024\/09\/mateus067-1-732x1024.jpg\" alt=\"\" class=\"kb-img wp-image-3416\" srcset=\"https:\/\/zeroaesquerda.com.br\/wp-content\/uploads\/2024\/09\/mateus067-1-732x1024.jpg 732w, https:\/\/zeroaesquerda.com.br\/wp-content\/uploads\/2024\/09\/mateus067-1-214x300.jpg 214w, https:\/\/zeroaesquerda.com.br\/wp-content\/uploads\/2024\/09\/mateus067-1-768x1075.jpg 768w, https:\/\/zeroaesquerda.com.br\/wp-content\/uploads\/2024\/09\/mateus067-1-1097x1536.jpg 1097w, https:\/\/zeroaesquerda.com.br\/wp-content\/uploads\/2024\/09\/mateus067-1-rotated.jpg 1291w\" sizes=\"auto, (max-width: 732px) 100vw, 732px\" \/><\/div><\/figure>\n<\/div><\/div>\n\n<\/div><\/div>\n\n\n<div class=\"wp-block-cover aligncenter\"><span aria-hidden=\"true\" class=\"wp-block-cover__background has-background-dim\"><\/span><img decoding=\"async\" class=\"wp-block-cover__image-background wp-image-3392\" alt=\"\" src=\"https:\/\/zeroaesquerda.com.br\/wp-content\/uploads\/2024\/09\/mateus058-1024x726.jpg\" style=\"object-position:52% 25%\" data-object-fit=\"cover\" data-object-position=\"52% 25%\"\/><div class=\"wp-block-cover__inner-container is-layout-flow wp-block-cover-is-layout-flow\">\n<p class=\"has-text-align-center has-theme-palette-1-color has-text-color has-link-color has-larger-font-size wp-elements-11462d7a419b41bc266af64e5d80352f\"><strong><em>1<\/em><\/strong><\/p>\n<\/div><\/div>\n\n\n\n<p>Primeiro lugar eu gostaria de fazer um pouco de \u201chist\u00f3ria de vovozinho\u201d. Como eu tenho 50 anos de USP (quatro como estudante, 30 como professor, 16 como inativo, como se diz), eu j\u00e1 vi muita coisa, ent\u00e3o posso falar alguma coisa de mem\u00f3ria. Mas n\u00e3o sou pesquisador da hist\u00f3ria da USP, o que \u00e9 uma coisa importante e uma disciplina que est\u00e1 engatinhando h\u00e1 uma d\u00e9cada mais ou menos. Eu poderia citar, que conhe\u00e7o pessoalmente, jovens pesquisadores que vale a pena ler. Por exemplo, a Maria Carlotto, terminou agora um doutorado agora sobre hist\u00f3ria da USP <span class=\"footnote_referrer\"><a role=\"button\" tabindex=\"0\" onclick=\"footnote_moveToReference_3365_1('footnote_plugin_reference_3365_1_3');\" onkeypress=\"footnote_moveToReference_3365_1('footnote_plugin_reference_3365_1_3');\" ><sup id=\"footnote_plugin_tooltip_3365_1_3\" class=\"footnote_plugin_tooltip_text\">[3]<\/sup><\/a><span id=\"footnote_plugin_tooltip_text_3365_1_3\" class=\"footnote_tooltip\">Maria Caramez Carlotto, A burocratiza\u00e7\u00e3o da universidade e seus efeitos sobre a din\u00e2mica de incorpora\u00e7\u00e3o de demandas sociais e sobre as atividades de ensino e pesquisa. (Tese de doutorado em&nbsp;&#x2026; <span class=\"footnote_tooltip_continue\"  onclick=\"footnote_moveToReference_3365_1('footnote_plugin_reference_3365_1_3');\">Continue reading<\/span><\/span><\/span><script type=\"text\/javascript\"> jQuery('#footnote_plugin_tooltip_3365_1_3').tooltip({ tip: '#footnote_plugin_tooltip_text_3365_1_3', tipClass: 'footnote_tooltip', effect: 'fade', predelay: 0, fadeInSpeed: 200, delay: 400, fadeOutSpeed: 200, position: 'top center', relative: true, offset: [-7, 0], });<\/script> e tem dois estudos com a Sylvia Garcia sobre a implanta\u00e7\u00e3o da EACH, da USP Leste, justamente o conflito entre institui\u00e7\u00e3o e organiza\u00e7\u00e3o \u2013 por que motivo que l\u00e1 as coisas foram para o vinagre. Os textos conhecidos do professor da EACH, que \u00e9 o Pablo Ortellado, que est\u00e1 estudando isso. Estou falando porque s\u00e3o amigos meus, sou leigo nesse assunto que \u00e9 estudar a USP, estudar a Universidade. Professor Marcos Barbosa, professor do Instituto de Educa\u00e7\u00e3o. Ele \u00e9 fil\u00f3sofo de forma\u00e7\u00e3o, fez doutorado na Inglaterra, uns vinte e poucos anos atr\u00e1s, mas come\u00e7ou a estudar propriedade intelectual e agora est\u00e1 estudando patente. Junto com o Pablo, est\u00e3o estudando a fraude na pesquisa e como \u00e9 que o sistema atual leva \u00e0 fraude. O que mais que poderia comentar? Bom, o Franklin. O Franklin \u00e9, digamos assim, o nosso arquivo ambulante, vivo, porque tamb\u00e9m tem quase tanto, um pouco menos do que eu de USP. Como ele participou de v\u00e1rios colegiados, pesquisou, estudou e viveu tudo isso (est\u00e1 aposentado hoje) e tem um ensaio extraordin\u00e1rio publicado no fim dos anos 90 na Revista da USP, cujo t\u00edtulo \u00e9 <em>A experi\u00eancia universit\u00e1ria entre dois liberalismos<\/em> <span class=\"footnote_referrer\"><a role=\"button\" tabindex=\"0\" onclick=\"footnote_moveToReference_3365_1('footnote_plugin_reference_3365_1_4');\" onkeypress=\"footnote_moveToReference_3365_1('footnote_plugin_reference_3365_1_4');\" ><sup id=\"footnote_plugin_tooltip_3365_1_4\" class=\"footnote_plugin_tooltip_text\">[4]<\/sup><\/a><span id=\"footnote_plugin_tooltip_text_3365_1_4\" class=\"footnote_tooltip\">Franklin Leopoldo e Silva, \u201cA experi\u00eancia universit\u00e1ria entre dois liberalismos\u201d (Revista Tempo Social, USP, n.11, 1999). <\/span><\/span><script type=\"text\/javascript\"> jQuery('#footnote_plugin_tooltip_3365_1_4').tooltip({ tip: '#footnote_plugin_tooltip_text_3365_1_4', tipClass: 'footnote_tooltip', effect: 'fade', predelay: 0, fadeInSpeed: 200, delay: 400, fadeOutSpeed: 200, position: 'top center', relative: true, offset: [-7, 0], });<\/script> L\u00e1 est\u00e1 toda hist\u00f3ria do que n\u00f3s estamos vivendo hoje, a pr\u00e9-hist\u00f3ria est\u00e1 contada. Inclusive todos os \u201cargumentos\u201d desse reitor, essa fraseologia toda nasceu j\u00e1 no fim dos anos 70, e \u00e9 esse per\u00edodo que o Franklin conta.<\/p>\n\n\n\n<p>Tenho muita coisa para contar, muita coisa para falar, mas eu vou me concentrar em uma coisa s\u00f3, que s\u00e3o esses dois per\u00edodos [o fim dos anos 70 e hoje]. N\u00e3o vou falar de todas as greves da USP, s\u00e3o per\u00edodos hist\u00f3ricos bem distintos. A primeira que participei eu era estudante, foi em 62, a greve chamada \u201cgreve do um ter\u00e7o\u201d \u2013 por representa\u00e7\u00e3o de um ter\u00e7o dos estudantes nos colegiados, nos colegiados universit\u00e1rios. Ela durou dois meses (n\u00e3o ganhou nada), mas fazia parte de um movimento geral do Brasil, das Reformas de Base, Reforma Universit\u00e1ria. Dois anos depois veio o Golpe. N\u00f3s ocupamos a faculdade, que era l\u00e1 na Maria Ant\u00f4nia, onde eu estudava f\u00edsica naquela \u00e9poca, mas n\u00e3o ganhamos. Perdemos, mas foi uma mobiliza\u00e7\u00e3o espantosa no Brasil inteiro. E depois a ditadura fez a Reforma, em 69 e 70, a reforma que n\u00f3s imagin\u00e1vamos (n\u00e3o exatamente a que n\u00f3s imagin\u00e1vamos, porque eles fizeram com moderniza\u00e7\u00e3o). Bom, a outra grande greve na USP foi em 79 (nessa eu participei j\u00e1 como professor), diretamente contra o governador. No caso, era o Maluf, governador bi\u00f4nico, nomeado pela ditadura e era tamb\u00e9m contra o arrocho. O arrocho, com o fim do milagre, j\u00e1 a infla\u00e7\u00e3o come\u00e7ando a ascender os c\u00e9us, em plena ditadura; do ponto de vista salarial, os docentes e os funcion\u00e1rios come\u00e7aram a viver uma situa\u00e7\u00e3o de pen\u00faria grave. E a mobiliza\u00e7\u00e3o foi geral: a primeira vez, na hist\u00f3ria da USP, diziam os mais velhos, que funcion\u00e1rios, estudantes e professores, ao mesmo tempo, entraram em greve. Foi uma mobiliza\u00e7\u00e3o realmente espantosa, durou quase tr\u00eas meses, e n\u00e3o se ganhou absolutamente nada, a n\u00e3o ser experi\u00eancia pol\u00edtica. Havia um banco de greve, para os que o ponto foi cortado, para os que estavam passando necessidade, como se dizia em cima. Bom, um dos argumentos naquela \u00e9poca era o seguinte. Quer dizer, uma coisa curiosa, um pouco hist\u00f3ria pol\u00edtica das ideias: n\u00f3s, no fim dos anos 70, primeiro ano depois do fim do AI-5 \u2013 portanto, algumas coisas eram poss\u00edveis ser ditas e organizadas de maneira p\u00fablica (\u00e9 um per\u00edodo que o Franklin est\u00e1 no ensaio est\u00e1 focalizando, que \u00e9 a <em>transi\u00e7\u00e3o <\/em>de institui\u00e7\u00e3o para organiza\u00e7\u00e3o) \u2013 n\u00f3s vimos ali a coisa come\u00e7ar a mudar. N\u00f3s ainda \u00e9ramos uma institui\u00e7\u00e3o que estava se desintegrando e uma organiza\u00e7\u00e3o que estava se formando, mas n\u00f3s ainda n\u00e3o t\u00ednhamos muita no\u00e7\u00e3o disso, ainda nos consider\u00e1vamos uma institui\u00e7\u00e3o, uma universidade nos velhos moldes acad\u00eamicos. E nas assembleias gerais como as coisas estavam girando em falso, como n\u00e3o consegu\u00edamos nada, a mobiliza\u00e7\u00e3o era gigantesca <span class=\"footnote_referrer\"><a role=\"button\" tabindex=\"0\" onclick=\"footnote_moveToReference_3365_1('footnote_plugin_reference_3365_1_5');\" onkeypress=\"footnote_moveToReference_3365_1('footnote_plugin_reference_3365_1_5');\" ><sup id=\"footnote_plugin_tooltip_3365_1_5\" class=\"footnote_plugin_tooltip_text\">[5]<\/sup><\/a><span id=\"footnote_plugin_tooltip_text_3365_1_5\" class=\"footnote_tooltip\">Digress\u00e3o: Tinha debate na televis\u00e3o, debate no r\u00e1dio, quem defendia o Maluf era o Celso Pastor (n\u00e3o sei est\u00e1 a\u00ed do lado ainda). E sabe quem era o nosso porta voz? Quem discutia planilhas com o&nbsp;&#x2026; <span class=\"footnote_tooltip_continue\"  onclick=\"footnote_moveToReference_3365_1('footnote_plugin_reference_3365_1_5');\">Continue reading<\/span><\/span><\/span><script type=\"text\/javascript\"> jQuery('#footnote_plugin_tooltip_3365_1_5').tooltip({ tip: '#footnote_plugin_tooltip_text_3365_1_5', tipClass: 'footnote_tooltip', effect: 'fade', predelay: 0, fadeInSpeed: 200, delay: 400, fadeOutSpeed: 200, position: 'top center', relative: true, offset: [-7, 0], });<\/script> e os resultados eram nulos \u2013 diante do impasse, as pessoas come\u00e7am a especular demais, a teorizar, dizer por que as coisas d\u00e3o errado e fazer teoria \u2013, quem achava que a nossa greve era um desprop\u00f3sito eram militantes de forma\u00e7\u00e3o marxista e que mais adiante foram fundadores do PT. Porque diziam o seguinte: \u201ca nossa greve\u201d \u2013 n\u00e3o eram furadores de greve, diziam, portanto, \u201c<em>n\u00f3s <\/em>estamos de greve, paralisados\u201d \u2013 \u201cmas \u00e9 um disparate, n\u00e3o vai dar certo, nunca. N\u00f3s n\u00e3o conseguimos civilizar ningu\u00e9m, a popula\u00e7\u00e3o de maneira geral. Porque n\u00f3s nem trabalhadores somos, somos futuros profissionais liberais e os funcion\u00e1rios s\u00e3o assalariados p\u00fablicos. N\u00f3s somos trabalhadores improdutivos; como manda o figurino, n\u00f3s n\u00e3o produzimos valor. Portanto, greve \u00e9 um contrassenso na universidade\u201d. E isso por mais que existisse tradi\u00e7\u00e3o de luta na universidade \u2013 desde o Cordobazo em 1918, em C\u00f3rdoba na Argentina, pela primeira grande reforma universit\u00e1ria (os argentinos come\u00e7aram na nossa frente). Em compensa\u00e7\u00e3o n\u00f3s \u00e9ramos uma institui\u00e7\u00e3o, est\u00e1vamos mobilizados, como se f\u00f4ssemos um grande coletivo pol\u00edtico enfrentando em p\u00e9 de guerra aquela coisa chamada Maluf e a ditadura, e a esquerda dos presentes (a nova esquerda que ia fundar um novo partido de esquerda) dizia que era um contrassenso porque uma institui\u00e7\u00e3o n\u00e3o pode fazer greve. \u201cN\u00e3o faz sentido: faz-se greve numa empresa, numa f\u00e1brica, no sistema produtivo, mas n\u00f3s n\u00e3o\u201d. Eles diziam: \u201cvoc\u00ea est\u00e3o brincando, voc\u00eas s\u00e3o esquerdistas, est\u00e3o brincando de fazer greve, isso aqui \u00e9 uma fic\u00e7\u00e3o, um <em>makebelieve<\/em>. Est\u00e3o fazendo um <em>show <\/em>para voc\u00eas mesmos\u201d. Isto \u00e9, os caras estavam fundando um partido e diziam: \u201csai daqui e vamos para a luta que o espa\u00e7o \u00e9 outro, n\u00e3o aqui\u201d. Quando havia, veja s\u00f3 a cegueira pol\u00edtica total, tr\u00eas mil pessoas inteiras mobilizadas durante tr\u00eas meses em assembleia geral e os funcion\u00e1rios parados mesmo. Bom, isso \u00e9 uma primeira observa\u00e7\u00e3o.<\/p>\n\n\n\n<p>O termo de compara\u00e7\u00e3o \u00e9 o seguinte. 35 anos depois, n\u00f3s n\u00e3o somos mais uma institui\u00e7\u00e3o \u2013 isso \u00e9 a constata\u00e7\u00e3o que eu estou apenas repercutindo \u2013, s\u00e3o bobagens que dizem. N\u00f3s n\u00e3o somos mais uma institui\u00e7\u00e3o, somos uma organiza\u00e7\u00e3o (isso \u00e9 o que estava surgindo) de assalariados. Pouco importa a ortodoxia, se produzem ou se n\u00e3o produzem valor; est\u00e1 trabalhando para alguma coisa, fazendo alguma coisa, uma popula\u00e7\u00e3o que est\u00e1 trabalhando para o setor, digamos, de servi\u00e7os. Portanto funcionamos hoje como uma empresa e somos avaliados como s\u00e3o avaliados os funcion\u00e1rios de uma empresa. Os aposentados tamb\u00e9m, somos avaliados (quando vamos morrer?) porque somos um \u00f4nus. Se bem que \u00e9 demagogia, n\u00e3o \u00e9 mais a universidade quem paga nossa aposentadoria, \u00e9 o Ipesp. Bom, finalmente somos uma empresa, uma organiza\u00e7\u00e3o empresarial, avaliados como tal e n\u00e3o conseguimos fazer greve. Quando \u00e9ramos institui\u00e7\u00e3o, faz\u00edamos devidamente, agora que dever\u00edamos fazer \u2013 que somos uma organiza\u00e7\u00e3o empresarial \u2013 n\u00e3o conseguimos. N\u00f3s somos 92 mil estudantes, 6 mil professores, 18 mil funcion\u00e1rios. Quantos est\u00e3o parados hoje? Mil, talvez?<\/p>\n\n\n\n<div class=\"wp-block-cover aligncenter\"><span aria-hidden=\"true\" class=\"wp-block-cover__background has-background-dim\"><\/span><img loading=\"lazy\" decoding=\"async\" width=\"1024\" height=\"728\" sizes=\"auto, (max-width: 1812px) 100vw, 1812px\" class=\"wp-block-cover__image-background wp-image-3422\" alt=\"\" src=\"https:\/\/zeroaesquerda.com.br\/wp-content\/uploads\/2024\/09\/mateus056-2-1024x728.jpg\" data-object-fit=\"cover\" srcset=\"https:\/\/zeroaesquerda.com.br\/wp-content\/uploads\/2024\/09\/mateus056-2-1024x728.jpg 1024w, https:\/\/zeroaesquerda.com.br\/wp-content\/uploads\/2024\/09\/mateus056-2-300x213.jpg 300w, https:\/\/zeroaesquerda.com.br\/wp-content\/uploads\/2024\/09\/mateus056-2-768x546.jpg 768w, https:\/\/zeroaesquerda.com.br\/wp-content\/uploads\/2024\/09\/mateus056-2-1536x1092.jpg 1536w, https:\/\/zeroaesquerda.com.br\/wp-content\/uploads\/2024\/09\/mateus056-2.jpg 1812w\" \/><div class=\"wp-block-cover__inner-container is-layout-flow wp-block-cover-is-layout-flow\">\n<p class=\"has-text-align-center has-theme-palette-1-color has-text-color has-link-color has-larger-font-size wp-elements-dc6fe38eacf4a447103d3408516fe7fb\"><strong><em>2<\/em><\/strong><\/p>\n<\/div><\/div>\n\n\n\n<p>A\u00ed que temos de pensar um pouquinho a respeito disso. N\u00e3o que eu tenha a chave de tudo isso, mas digo que estamos tendo as mesmas dificuldades de paraliza\u00e7\u00e3o que tem um empresa hoje. Mudou o registro, mudou o modus operandi daquilo que podemos come\u00e7ar a chamar de capitalismo acad\u00eamico. Bom, o que poderia ser esse capitalismo acad\u00eamico? O funcionamento dessa organiza\u00e7\u00e3o universit\u00e1ria est\u00e1 enfrentando as mesmas dificuldades que uma grande empresa contempor\u00e2nea tem para paralisar. E quando elas paralisam, elas paralisam de maneira selvagem \u2013 sobretudo na Europa, com grandes sindicatos, aqui n\u00f3s n\u00e3o temos nesse n\u00edvel. Quando digo que nos transformamos em organiza\u00e7\u00e3o eu n\u00e3o estou pensando apenas em uma empresa, dizendo \u201c\u00e9 uma coisa que funciona como se fosse uma entidade do setor privado, do mercado\u201d, n\u00e3o \u00e9 bem isso, n\u00e3o estou entendendo uma redu\u00e7\u00e3o a esse ponto. Por mais que tenha vazado um plano de demiss\u00f5es volunt\u00e1rias, transfer\u00eancia de hospitais, 25% de redu\u00e7\u00e3o da carga hor\u00e1ria e assim por diante, que s\u00e3o medidas corriqueiras (demiss\u00e3o volunt\u00e1ria \u00e9 o que se faz, o que se fazia nas empresas, nas estatais, no momento em que elas come\u00e7aram a ser privatizadas). <strong>N\u00e3o se trata de privatiza\u00e7\u00e3o, privatiza\u00e7\u00e3o \u00e9 um falso problema, porque est\u00e1 ultrapassado. A privatiza\u00e7\u00e3o da USP, se \u00e9 que isso faz algum sentido, j\u00e1 aconteceu faz um bom tempo. Existe \u2013 e n\u00f3s sabemos, isso \u00e9 um segredo de polichinelo \u2013 um acelerado empreendedorismo acad\u00eamico, sobretudo nas unidades que se podem dar ao luxo, que s\u00e3o as que profissionalizam nas \u00e1reas de comando econ\u00f4mico, principalmente nas engenharias. \u00c9 como se cada professor titular fosse como um pol\u00edtico (cada mandato \u00e9 uma empresa), cada professor titular \u00e9 uma pequena empresa \u2013 de investimento, de capta\u00e7\u00e3o de recursos, de lobby em ranqueamentos \u2013, de modo que tanto faz se isso est\u00e1 sob a tutela do Estado, se \u00e9 p\u00fablico, se faz parte do ICMS ou n\u00e3o<\/strong>, porque ele j\u00e1 n\u00e3o depende mais do ICMS, tem fontes pr\u00f3prias de financiamento, tem v\u00ednculos com funda\u00e7\u00f5es e essas funda\u00e7\u00f5es t\u00eam empresas. Ent\u00e3o esse lado empreendedor j\u00e1 est\u00e1 realizado, acontece que esses empreendedores s\u00e3o patr\u00f5es, eles dirigem laborat\u00f3rios. O problema b\u00e1sico nosso, que somos da zona de sombra das faculdades, somos a ral\u00e9 acad\u00eamica (FFLCH, ECA, Educa\u00e7\u00e3o, isso a\u00ed \u00e9 lixo). Da\u00ed porque se fecharmos isso aqui o Estad\u00e3o n\u00e3o vai, talvez, estrilar em nome da cultura. Os \u00faltimos a nos defender seria o Estad\u00e3o, a fam\u00edlia Mesquita \u2013 porque afinal eles montaram aquela coisa bonita com cultura europeia, teatro, cinema, filosofia, sociologia \u2013 mas, se fechar, tanto faz como n\u00e3o fez. <strong>Para n\u00f3s, \u00e9 do maior interesse, porque \u00e9 aqui que n\u00f3s fabricamos a ral\u00e9 politizada e \u00e9 isso que os incomoda. Ent\u00e3o essa ral\u00e9 tem que ser administrada, gerida, \u00e9 isso que n\u00f3s temos de entender porque \u00e9 isso que acontece com a universidade.<\/strong> Ent\u00e3o a ideia \u00e9 essa, o argumento est\u00e1 pipocando nos artigos desses jovens pesquisadores que eu mencionei. A fonte de alguns destes argumentos s\u00e3o autores franceses <span class=\"footnote_referrer\"><a role=\"button\" tabindex=\"0\" onclick=\"footnote_moveToReference_3365_1('footnote_plugin_reference_3365_1_6');\" onkeypress=\"footnote_moveToReference_3365_1('footnote_plugin_reference_3365_1_6');\" ><sup id=\"footnote_plugin_tooltip_3365_1_6\" class=\"footnote_plugin_tooltip_text\">[6]<\/sup><\/a><span id=\"footnote_plugin_tooltip_text_3365_1_6\" class=\"footnote_tooltip\">Digress\u00e3o: \u00c9 uma gera\u00e7\u00e3o de te\u00f3ricos e militantes que eu conhe\u00e7o de nome e que s\u00e3o franceses. Dois deles vir\u00e3o ao Brasil no ano que vem e eu estou tentando publicar um livro deles naquela&nbsp;&#x2026; <span class=\"footnote_tooltip_continue\"  onclick=\"footnote_moveToReference_3365_1('footnote_plugin_reference_3365_1_6');\">Continue reading<\/span><\/span><\/span><script type=\"text\/javascript\"> jQuery('#footnote_plugin_tooltip_3365_1_6').tooltip({ tip: '#footnote_plugin_tooltip_text_3365_1_6', tipClass: 'footnote_tooltip', effect: 'fade', predelay: 0, fadeInSpeed: 200, delay: 400, fadeOutSpeed: 200, position: 'top center', relative: true, offset: [-7, 0], });<\/script>, soci\u00f3logos, que est\u00e3o redefinindo, teorizando de uma outra maneira (que eu acho muito interessante) aquilo que se entende vulgarmente, na jornal\u00edstica, por neoliberalismo \u2013 fora do marxismo tradicional e fora do que movimentos e esquerda em geral falam (uma esp\u00e9cie de receitu\u00e1rio: privatizar, abertura comercial, super\u00e1vit fiscal, Estado m\u00ednimo; tudo isso \u00e9 uma monteira de asneira que n\u00e3o diz absolutamente nada sobre o que est\u00e3o fazendo). Nem \u00e9 o neoliberalismo uma esp\u00e9cie de vers\u00e3o t\u00f3xica do capitalismo velho de guerra. Eles est\u00e3o dizendo: \u201c\u00e9 uma coisa nova, e \u00e9 um sistema de governo do poder capitalista\u201d (perdoem o jarg\u00e3o, mas \u00e9 mais ou menos isso), \u201cuma raz\u00e3o governamental, um tipo de governo de popula\u00e7\u00f5es\u201d. E governo \u00e9 o seguinte: n\u00f3s governamos atrav\u00e9s de instrumentos econ\u00f4micos (entre outras coisas), o objeto desse governo \u00e9 uma popula\u00e7\u00e3o e o objetivo desse governo \u00e9 a seguran\u00e7a. O neoliberalismo \u00e9 uma tecnologia &#8211; assim como foi o liberalismo cl\u00e1ssico (mas o neoliberalismo n\u00e3o tem absolutamente nada a ver com isso), assim como foi governada a economia e a sociedade no p\u00f3s-guerra, nos 30 anos de prosperidade do capitalismo, em que havia pleno emprego, industrializa\u00e7\u00e3o das periferias, descoloniza\u00e7\u00e3o e coisa que o valha por a\u00ed. \u00c9 uma constru\u00e7\u00e3o pol\u00edtica. O neoliberalismo n\u00e3o \u00e9 uma pol\u00edtica econ\u00f4mica, n\u00e3o \u00e9 um desvio com rela\u00e7\u00e3o \u00e0 bem-aventuran\u00e7a do Estado regulador keynesiano, fordista, com prote\u00e7\u00e3o social. Portanto, quando dizem, \u201cn\u00f3s temos de reestabelecer aquele estado de coisas anterior\u201d, isso \u00e9 um <em>nonsense <\/em>\u2013 do ponto de vista econ\u00f4mico, pol\u00edtico, social, n\u00e3o existe volta atr\u00e1s. \u00c9 uma coisa nova, que n\u00f3s temos de encarar de frente na sua especificidade. Em segundo lugar, \u00e9 um mito a ideia de que se trata de um Estado m\u00ednimo, o Estado nunca foi t\u00e3o articulado, t\u00e3o central e t\u00e3o gerenciado como ele \u00e9 hoje e a fun\u00e7\u00e3o dele (ao contr\u00e1rio do que acontecia no tempo do grande consenso keynesiano) \u00e9 garantir que haja mercado e que esse mercado se expanda.<\/p>\n\n\n\n<p>Eles dizem o seguinte: a forma hoje do capitalismo n\u00e3o \u00e9 mais a troca de equivalentes, nem mais a sociedade de consumo, \u00e9 um sistema de concorr\u00eancia generalizado em que todos os atores, como se diz, \u2013 todas as unidades, todos os sujeitos, \u201ctudo\u201d (entre aspas) \u2013 funcionam como empresas. \u00c9 um mercado geral em que essas empresas concorrem. Mas qual a novidade? Como generaliza\u00e7\u00e3o da forma mercadoria para todos os setores da vida, \u00e9 verdade que o capitalismo sempre progrediu assim: avan\u00e7a sobre territ\u00f3rios in\u00f3spitos (desde a periferia, no s\u00e9culo XVII), sobre terras inexploradas do ponto de vista do mercado, transforma em mercadoria todos os produtos da atividade humana e fecha o acesso a essas mercadorias, ele sempre funcionou assim. Sim, mas tem uma novidade. A novidade \u00e9 que essa generaliza\u00e7\u00e3o da forma mercado, da forma empresa concorrencial, \u00e9 uma constru\u00e7\u00e3o pol\u00edtica e essa constru\u00e7\u00e3o pol\u00edtica, portanto, tem um lastro de coer\u00e7\u00e3o e \u00e9 feita contra alguma coisa (contra n\u00f3s, obviamente). Bom, essa constru\u00e7\u00e3o pol\u00edtica faz com que essa forma concorrencial se estenda para al\u00e9m do mercado, al\u00e9m do funcionamento dos mercados. Dito de outro modo (o que eles est\u00e3o dizendo por a\u00ed e \u00e9 o que n\u00f3s cabe como universidade) \u00e9 o seguinte: o neoliberalismo constr\u00f3i politicamente situa\u00e7\u00f5es de mercado em \u00e2mbitos sociais em que n\u00e3o s\u00e3o produzidas mercadorias, nem ser\u00e3o produzidas mercadorias. Mas \u00e9 um mercado, por exemplo, o de semente, mercado internacional cotado em Chicago, e isso n\u00e3o tem nada demais \u2013 \u00e9 o ABC, o padre nosso do capitalismo. Agora, fazer com que funcionem como mercados esferas sociais, entidades, sistemas que n\u00e3o produzem mercadorias, \u00e9 uma coisa completamente diferente.<\/p>\n\n\n\n<p>Onde \u00e9 que se entra para fazer essa constru\u00e7\u00e3o? N\u00e3o \u00e9 \u00e0 toa que essa nova peste \u2013 essa nova configura\u00e7\u00e3o, essa nova racionalidade pol\u00edtica e econ\u00f4mica, que n\u00f3s chamamos de neoliberalismo \u2013 come\u00e7ou nos pa\u00edses centrais onde havia uma forte regula\u00e7\u00e3o social, isto \u00e9, na Inglaterra e na Europa Continental, antes de chegar nos Estados Unidos (nos Estados Unidos a conversa \u00e9 um pouquinho diferente e eu n\u00e3o vou entrar l\u00e1). Come\u00e7a na Inglaterra, na Fran\u00e7a e na Alemanha, isto \u00e9, onde havia uma forte regula\u00e7\u00e3o social \u2013 portanto, onde havia um Estado administrativo e regulador muito poderoso, sobretudo regulador n\u00e3o s\u00f3 das empresas p\u00fablicas estatais, mas tamb\u00e9m dos servi\u00e7os p\u00fablicos. Era uma regula\u00e7\u00e3o que esses neoliberais \u2013 que s\u00e3o em certo sentido \u201crevolucion\u00e1rios\u201d, trata-se de revigorar o capitalismo, \u00e9 uma revanche do capitalismo que estava perdendo f\u00f4lego e for\u00e7a com esses trinta anos de acomoda\u00e7\u00e3o do p\u00f3s-guerra, porque havia uma esp\u00e9cie de jogo de soma zero \u2013 eles consideram as popula\u00e7\u00f5es muitos passivas e dependentes de uma administra\u00e7\u00e3o estritamente jur\u00eddico-burocr\u00e1tica, que \u00e9 a racionalidade burocr\u00e1tica propriamente dita. Ent\u00e3o \u00e9 preciso dar uma chacoalhada nisso, isso quer dizer, botar um pouquinho de medo nas pessoas para que elas se sintam inseguras dentro desses sistemas de seguran\u00e7a de prote\u00e7\u00e3o social que estava muito confort\u00e1vel. \u00c9 mais ou menos essa a ideia. Ent\u00e3o eles entram por a\u00ed e a alega\u00e7\u00e3o ideol\u00f3gica \u00e9 retirar as popula\u00e7\u00f5es, ou as classes sociais, dessa acomoda\u00e7\u00e3o, dessa letargia. Por isso que o nosso amigo Zago estava falando, \u201cas pessoas se acomodam\u201d. \u201cAs classes sociais, e sobretudo as classes trabalhadoras, est\u00e3o muito bem acomodadas\u201d. N\u00e3o estavam: j\u00e1 estavam protestando desde 1968, estavam perturbando a circula\u00e7\u00e3o. Bom, ent\u00e3o o que se faz? As grandes privatiza\u00e7\u00f5es, que s\u00e3o formas contempor\u00e2neas de acumula\u00e7\u00e3o primitiva, s\u00e3o triviais \u2013 uma hora uma empresa \u00e9 estatal, outra hora \u00e9 privatizada, depois ela \u00e9 reestatizada, depois ela \u00e9 reprivatizada, isso para c\u00e1 e para l\u00e1, de acordo com a conjuntura econ\u00f4mica \u2013, o que n\u00e3o \u00e9 trivial \u00e9 botar todo mundo no mercado, quando n\u00f3s sabemos que mercado \u00e9 uma coisa espec\u00edfica de \u00e2mbitos sociais que produzem mercadorias. <strong>Mercado de autom\u00f3vel \u00e9 uma coisa; mercado de <em>papers <\/em>n\u00e3o existe \u2013 que \u00e9 o nosso ponto. Ent\u00e3o como \u00e9 que voc\u00ea constr\u00f3i isso? Essa constru\u00e7\u00e3o pol\u00edtica j\u00e1 \u00e9 uma viol\u00eancia. \u00c9 assim na universidade (que foi uma institui\u00e7\u00e3o), \u00e9 assim em outras institui\u00e7\u00f5es similares como hospitais, como as escolas em geral, que come\u00e7am a funcionar como se fossem empresas que t\u00eam um <em>input <\/em>e um <em>output <\/em>\u2013 n\u00e3o t\u00eam, mas precisam ter. Ent\u00e3o se cria situa\u00e7\u00f5es de quase mercado, a universidade \u00e9 uma organiza\u00e7\u00e3o que atua num \u00e2mbito geral que \u00e9 um quase mercado, n\u00e3o \u00e9 um mercado \u2013 a universidade continua, como diziam nossos amigo em 79, a n\u00e3o produzir cois\u00edssima nenhuma. <\/strong>N\u00f3s n\u00e3o produzimos nada.<\/p>\n\n\n\n<p>Vamos come\u00e7ar a especificar: existe uma fic\u00e7\u00e3o que \u00e9 a de produ\u00e7\u00e3o (o fantasma dos anos 70, que era a cr\u00edtica de esquerda) de m\u00e3o-de-obra para o mercado, m\u00e3o-de-obra barata, qualificada&#8230; \u00c9 mito: o mercado n\u00e3o precisa de m\u00e3o-de-obra da universidade. As empresas recolhem m\u00e3o-de-obra onde existe e formam sua pr\u00f3pria m\u00e3o de obra (esse era o debate dos anos 70 e a gente precisa corrigir isso). &nbsp;A universidade n\u00e3o est\u00e1 sendo funcionalizada, ela serve para uma outra coisa. O mito de hoje \u00e9 o da inova\u00e7\u00e3o, que n\u00e3o leva a inova\u00e7\u00e3o nenhuma porque \u00e9 fraude. \u00c9 um <em>makebelieve<\/em>, \u00e9 um fingimento, \u00e9 um teatro, \u00e9 uma simula\u00e7\u00e3o. Isso eu estou falando n\u00e3o porque eu estudei, mas \u00e9 lendo teses acad\u00eamicas feitas por pessoas que est\u00e3o pesquisando isso (tecnologia, tecnoci\u00eancia, inova\u00e7\u00e3o), o que s\u00e3o essas universidades que \u201cinovam\u201d \u2013 elas n\u00e3o inovam nada. A inven\u00e7\u00e3o, a patente, o licenciamento, isso \u00e9 tudo um teatro montado pelas burocracias dessas grandes organiza\u00e7\u00f5es chamadas universidades para as ag\u00eancias nacionais e internacionais (da\u00ed o ranqueamento \u00e9 fundamental) para conseguir o qu\u00ea? Grana. Grana para dizer, \u201caqui n\u00f3s inovamos, ent\u00e3o, pela lei de inova\u00e7\u00e3o, pelo ranqueamento, por isso e aquilo&#8230;\u201d Ent\u00e3o voc\u00ea faz adoidado <em>n\u2019importe quoi<\/em>, \u00e9 f\u00e1cil patentear. E depois se queixam que as empresas n\u00e3o se interessam! As empresas, do ponto de vista da tecnologia contempor\u00e2nea, elas compram o pacote no mercado internacional, n\u00e3o encomendam. A parceria universidade-empresa \u00e9 conversa de campanha eleitoral para eleger burocracias partid\u00e1rias, burocracias universit\u00e1rias, burocracias propriamente ditas estatais. Isso \u00e9 um mito. Um mito correspondente \u00e9 um mito de esquerda segundo o qual as universidades existem para formular pol\u00edticas sociais p\u00fablicas e para contribuir para a resolu\u00e7\u00e3o ou para o encaminhamento da quest\u00e3o social (a\u00ed tem uma coisa a ser especificada que mais adiante n\u00f3s podemos discutir). Essa \u00e9 a justifica\u00e7\u00e3o de esquerda popular, e atualmente governamental, para a exist\u00eancia de campus aqui e campus acol\u00e1, que \u00e9 para a contribui\u00e7\u00e3o \u2013 que n\u00f3s devemos \u00e0queles que pagam impostos e para a classe trabalhadora em geral \u2013 para o desenvolvimento social. S\u00f3 que essas coisas precisam prestar contas, pois h\u00e1 investimento pol\u00edtico, ideol\u00f3gico, e investimento propriamente dito nisso. Ent\u00e3o, qual a maneira de prestar contas? \u00c9 a avalia\u00e7\u00e3o. E o que \u00e9 a avalia\u00e7\u00e3o? Atualmente, a avalia\u00e7\u00e3o \u00e9 justamente a principal engrenagem. <span class=\"footnote_referrer\"><a role=\"button\" tabindex=\"0\" onclick=\"footnote_moveToReference_3365_1('footnote_plugin_reference_3365_1_7');\" onkeypress=\"footnote_moveToReference_3365_1('footnote_plugin_reference_3365_1_7');\" ><sup id=\"footnote_plugin_tooltip_3365_1_7\" class=\"footnote_plugin_tooltip_text\">[7]<\/sup><\/a><span id=\"footnote_plugin_tooltip_text_3365_1_7\" class=\"footnote_tooltip\">Digress\u00e3o: Existe uma literatura enorme a respeito disso, sobre teoria das organiza\u00e7\u00f5es, das grandes corpora\u00e7\u00f5es capitalistas contempor\u00e2neas, sobre o que significa o benchmarking \u2013 o regime&nbsp;&#x2026; <span class=\"footnote_tooltip_continue\"  onclick=\"footnote_moveToReference_3365_1('footnote_plugin_reference_3365_1_7');\">Continue reading<\/span><\/span><\/span><script type=\"text\/javascript\"> jQuery('#footnote_plugin_tooltip_3365_1_7').tooltip({ tip: '#footnote_plugin_tooltip_text_3365_1_7', tipClass: 'footnote_tooltip', effect: 'fade', predelay: 0, fadeInSpeed: 200, delay: 400, fadeOutSpeed: 200, position: 'top center', relative: true, offset: [-7, 0], });<\/script> A ideia de avalia\u00e7\u00e3o \u00e9 um dispositivo de mobiliza\u00e7\u00e3o da vontade, da disposi\u00e7\u00e3o dos trabalhadores nessas grandes empresas, nas empresas em geral, para que eles trabalhem, funcionem e vistam a camisa, como se diz no jarg\u00e3o. O mecanismo de avalia\u00e7\u00e3o que \u00e9 mais ou menos compreens\u00edvel, embora seja socialmente aniquilador, em um organiza\u00e7\u00e3o capitalista propriamente dita, hoje, cuja performance \u00e9 medida pela concorr\u00eancia (concorr\u00eancia se faz pela inova\u00e7\u00e3o, sim, e por pre\u00e7os), quando essa avalia\u00e7\u00e3o chega nos \u00e2mbitos que n\u00e3o produzem mercadorias, que s\u00e3o servi\u00e7os ou que \u00e9 a universidade, ou que \u00e9 o servi\u00e7o postal. O correio na Inglaterra n\u00e3o funciona, e n\u00e3o \u00e9 por outras raz\u00f5es, tem muita burocracia interna, e por que tem muita burocracia interna? Tem muita organiza\u00e7\u00e3o, como s\u00e3o as nossas OSs aqui concorrendo entre elas. Ent\u00e3o, a ideia fundamental \u00e9 essa: voc\u00ea n\u00e3o precisa privatizar, vender um ativo para a iniciativa privada (o que \u00e9 que a iniciativa privada vai fazer com um correio?, nada, n\u00e3o acrescenta nada), mas o capitalismo se expande quando ele irradia um sistema de normas pr\u00e1ticas de a\u00e7\u00e3o que contaminam o conjunto da sociedade \u2013 esteja dentro do mercado propriamente dito, ou n\u00e3o esteja dentro do mercado. <strong>Isto \u00e9, a viol\u00eancia contempor\u00e2nea \u00e9 que voc\u00ea vai funcionar como se estivesse dentro de um mercado quando voc\u00ea n\u00e3o \u00e9 nem uma empresa, nem est\u00e1 concorrendo a nenhuma empresa similar a voc\u00ea mesmo. <\/strong>Isso \u00e9 uma viol\u00eancia. E isso acontece na universidade. Como? Pela transposi\u00e7\u00e3o desse pequeno dispositivo chamado avalia\u00e7\u00e3o, que \u00e9 um dispositivo de poder de san\u00e7\u00e3o e um dispositivo punitivo, cujo principal objetivo n\u00e3o \u00e9 avaliar \u2013 avaliar no sentido de verificar se um investimento est\u00e1 dando retorno (se n\u00f3s, como 9,6% de ICMS, estamos dando retorno: isso \u00e9 um <em>nonsense <\/em>econ\u00f4mico, n\u00e3o tem como avaliar), avaliar \u00e9 simplesmente governar a conduta das pessoas dentro dessa organiza\u00e7\u00e3o. <strong>Ora, a conduta dessas pessoas dentro de uma organiza\u00e7\u00e3o, que s\u00e3o regidas por um dispositivo chamado avalia\u00e7\u00e3o, \u00e9 a de total mobiliza\u00e7\u00e3o ps\u00edquica, intelectual nesse trabalho e a total desmobiliza\u00e7\u00e3o nisso que nos interessa que \u00e9 a pol\u00edtica. <\/strong>Ent\u00e3o voc\u00ea transp\u00f5e esse mecanismo de avalia\u00e7\u00e3o de uma empresa (que produz, por exemplo, mol\u00e9culas para uma ind\u00fastria farmac\u00eautica) introduzindo numa universidade que n\u00e3o est\u00e1 produzindo nada. Ent\u00e3o as pessoas s\u00e3o avaliadas como se fossem trabalhadoras produtivas quando elas n\u00e3o s\u00e3o, e como elas s\u00e3o avaliadas? Por um \u00edndice num\u00e9rico, por quantidade. A cr\u00edtica a ser feita n\u00e3o \u00e9 de que \u00e9 um absurdo a cifra cifrar em quantidade uma atividade que \u00e9 pura qualidade \u2013 como \u00e9 a atividade de pesquisar, dar aula, falar, escrever, conversar, fazer m\u00fasica, fazer teatro e assim por diante \u2013 o absurdo n\u00e3o \u00e9 esse (todo mundo sabe que isso \u00e9 um absurdo, at\u00e9 eles sabem que isso \u00e9 um absurdo), o absurdo \u00e9 fazer voc\u00ea se comportar como se estivesse prestando contas de sua atividade produtiva numa empresa que n\u00e3o \u00e9 uma empresa. Da\u00ed a viol\u00eancia: as pessoas adoecem, enlouquecem, ficam inseguras, com medo, elas se autocontrolam, se autocontrolam pelo medo e vem a\u00ed o que n\u00f3s sabemos, que \u00e9 uma coisa trivial, epid\u00eamica, que \u00e9 a depress\u00e3o, o suic\u00eddio, vidas arrebentadas e assim por diante. Porque voc\u00ea institui um sistema de mercado, um falso mercado onde n\u00e3o existe mercado. Ent\u00e3o para que esse teatro seja completo se institui a avalia\u00e7\u00e3o\u2013 a avalia\u00e7\u00e3o num\u00e9rica, isto \u00e9, com indexadores, com indicadores. Voc\u00ea precisa de informa\u00e7\u00f5es quando se trata de governar pessoas. Afinal, o que significa do ponto de vista do crescimento econ\u00f4mico, da acumula\u00e7\u00e3o, a fra\u00e7\u00e3o do PIB ou a merrequinha que n\u00f3s mobilizamos como universidade? Nada, \u00e9 insignificante. Trata-se simplesmente de conduzir condutas de pessoas que se comportam dessa maneira que n\u00f3s ficamos estarrecidos de ver que s\u00e3o os nossos colegas.<\/p>\n\n\n\n<p>No meu caso, eu que sou um pouco veterano, que tenho outro tipo de patologias (que n\u00e3o s\u00e3o as contempor\u00e2neas), comparo patologias. No meu tempo, a patologia era diferente. Como era institui\u00e7\u00e3o de modelo patriarcal e olig\u00e1rquico \u2013 eu nunca prestei concurso, fui cooptado, se quiserem eu posso esclarecer como funcionava esse mecanismo \u2013 a patologia da minha gera\u00e7\u00e3o n\u00e3o \u00e9 a depress\u00e3o, \u00e9 a neurose. Tamb\u00e9m leva ao suic\u00eddio, mas por outros caminhos, \u00e9 mais rom\u00e2ntica, d\u00e1 literatura, d\u00e1 teatro (depress\u00e3o tamb\u00e9m d\u00e1 teatro; mas, em geral, as pessoas ficam inibidas) porque \u00e9 um mecanismo bem edipiano, bem freudiano. \u00c9 claro, avalia\u00e7\u00e3o sempre houve \u2013 avalia\u00e7\u00e3o tem a ver com ju\u00edzo, com discernimento \u2013, eu estou falando da sua degrada\u00e7\u00e3o, da sua forma bastarda contempor\u00e2nea. Como a avalia\u00e7\u00e3o era a reputa\u00e7\u00e3o entre pares, era um caminho direto para a esterilidade, para o suic\u00eddio, para a neurose cr\u00f4nica, para os tiques todos que voc\u00ea pode imaginar. Era uma grande fam\u00edlia, ent\u00e3o voc\u00ea tinha sempre um grande pai, que era o catedr\u00e1tico com seus amigos. Voc\u00ea n\u00e3o tinha de prestar contas porque ningu\u00e9m te cobrava, mas voc\u00ea sabia que a opini\u00e3o contava, ent\u00e3o, se algu\u00e9m fizesse assim [gesto negativo com a cabe\u00e7a], era como um gladiador: voc\u00ea era morto, ia para os le\u00f5es. E o pavor disso tirava o sono, as pessoas adoeciam tamb\u00e9m.<\/p>\n\n\n\n<div class=\"wp-block-cover aligncenter\"><span aria-hidden=\"true\" class=\"wp-block-cover__background has-background-dim\"><\/span><img decoding=\"async\" class=\"wp-block-cover__image-background wp-image-3432\" alt=\"\" src=\"https:\/\/zeroaesquerda.com.br\/wp-content\/uploads\/2024\/09\/mateus062-6-1024x728.jpg\" style=\"object-position:54% 80%\" data-object-fit=\"cover\" data-object-position=\"54% 80%\"\/><div class=\"wp-block-cover__inner-container is-layout-flow wp-block-cover-is-layout-flow\">\n<p class=\"has-text-align-center has-theme-palette-1-color has-text-color has-link-color has-larger-font-size wp-elements-1b915746308139545ed0990eb98ece1f\"><strong><em>3<\/em><\/strong><\/p>\n<\/div><\/div>\n\n\n\n<p>O que \u00e9 o sistema de avalia\u00e7\u00e3o contempor\u00e2neo, o sistema CAPES, do qual eu escapei porque me aposentei no ano em que o sistema foi implantado (\u00e9 claro que eu n\u00e3o iria me adaptar, meu DNA \u00e9 sistema \u00c9dipo: papai, mam\u00e3e, casamento, carreira, sucesso liter\u00e1rio&#8230;)? \u00c9 uma imita\u00e7\u00e3o do sistema de pre\u00e7os de mercado. Os pre\u00e7os s\u00e3o sempre relativos, para voc\u00ea ter informa\u00e7\u00f5es do funcionamento daquele mercado, portanto, como dizem esses autores franceses, o sistema de pre\u00e7os \u00e9 sempre autorreferido, ele n\u00e3o diz nada sobre a realidade, n\u00e3o diz nada sobre o valor intr\u00ednseco das coisas, ele diz que quantidade voc\u00ea deve produzir em determinada conjuntura e pronto, ponto acabou. Como n\u00e3o h\u00e1 possibilidade, como havia antigamente \u2013 era pequeno, olig\u00e1rquico justamente, agora \u00e9 de massas, voc\u00ea tem que controlar uma enorme popula\u00e7\u00e3o, esse que \u00e9 o problema, como gerir isso? Gest\u00e3o, gest\u00e3o de recursos humanos \u2013, n\u00e3o h\u00e1 possibilidade de avalia\u00e7\u00e3o qualitativa, voc\u00ea \u00e9 obrigado a ter indicadores, saber onde \u00e9 que eu coloco, aqui, ali, no meio, em cima, em baixo, sete v\u00edrgula dois, sete v\u00edrgula tr\u00eas, \u00e9 t\u00e3o arbitr\u00e1rio quanto qualquer outro sistema. Da\u00ed, como n\u00e3o \u00e9 mensur\u00e1vel, como s\u00e3o mensur\u00e1veis as quantidades econ\u00f4micas, \u00e9 um ato de viol\u00eancia. \u00c9 uma fic\u00e7\u00e3o. Voc\u00ea n\u00e3o est\u00e1 medindo nada. Essa avalia\u00e7\u00e3o, portanto, ela produz o que? <strong>Ela produz aquilo que o Pablo Ortellado diz no artigo \u201cA f\u00e1brica de papers\u201d<\/strong>,<span class=\"footnote_referrer\"><a role=\"button\" tabindex=\"0\" onclick=\"footnote_moveToReference_3365_1('footnote_plugin_reference_3365_1_8');\" onkeypress=\"footnote_moveToReference_3365_1('footnote_plugin_reference_3365_1_8');\" ><sup id=\"footnote_plugin_tooltip_3365_1_8\" class=\"footnote_plugin_tooltip_text\">[8]<\/sup><\/a><span id=\"footnote_plugin_tooltip_text_3365_1_8\" class=\"footnote_tooltip\">Dispon\u00edvel em &lt;<a href=\"http:\/\/stoa.usp.br\/politica\/weblog\/99841.html\"><span class=\"footnote_url_wrap\">http:\/\/stoa.usp.br\/politica\/weblog\/99841.html<\/span><\/a>&gt;. <\/span><\/span><script type=\"text\/javascript\"> jQuery('#footnote_plugin_tooltip_3365_1_8').tooltip({ tip: '#footnote_plugin_tooltip_text_3365_1_8', tipClass: 'footnote_tooltip', effect: 'fade', predelay: 0, fadeInSpeed: 200, delay: 400, fadeOutSpeed: 200, position: 'top center', relative: true, offset: [-7, 0], });<\/script> <strong>ela produz justamente oper\u00e1rios (\u201cf\u00e1brica\u201d entre aspas) d\u00f3ceis. Porque eles est\u00e3o com o pesco\u00e7o nessa guilhotina permanentemente, sem que seja feita nenhuma viol\u00eancia externa, a viol\u00eancia \u00e9 sempre interna, a pessoa est\u00e1 sempre se controlando, est\u00e1 sempre atualizando o seu Lattes, est\u00e1 sempre procurando se conformar a esses crit\u00e9rios que s\u00e3o inteiramente fict\u00edcios. Portanto, voc\u00ea est\u00e1 simplesmente colaborando, e colaborando de maneira fan\u00e1tica e atroz, para sua pr\u00f3pria devasta\u00e7\u00e3o pessoal, por isso que as pessoas est\u00e3o mobilizadas at\u00e9 a extenua\u00e7\u00e3o nesse campo e, portanto, desmobilizadas nos outros. <\/strong>N\u00e3o h\u00e1 for\u00e7a humana que fa\u00e7a algu\u00e9m, aterrorizado nesse momento, a mudar o rumo e encarar a besta fera de frente. Ela est\u00e1 l\u00e1, simplesmente se desdobrando para&#8230; pontuar. Pontuar sabendo que essa pontua\u00e7\u00e3o (l\u00e1 em cima todo mundo sabe) tende a fraude, que ela n\u00e3o significa nada, ela \u00e9 apenas uma maneira de classificar, de ordenar, um conjunto de pessoas (participantes de uma institui\u00e7\u00e3o que n\u00e3o d\u00e1 pra abolir, chamada Universidade). Mas na verdade est\u00e3o gerindo, gerindo o que? Um cadastro. Todo mundo prestando informa\u00e7\u00f5es, atualizando o seu Lattes, sabendo como elas ser\u00e3o cadastradas, e portanto sabendo como elas ser\u00e3o credenciadas, descredenciadas, e credenciadas tem a ver com cr\u00e9dito, portanto, qual \u00e9 o seu cr\u00e9dito? N\u00e3o passa por nenhum tipo de avalia\u00e7\u00e3o qualitativa porque ela \u00e9 imposs\u00edvel, n\u00e3o d\u00e1, n\u00e3o h\u00e1 meios, digamos, instrumentais, de fazer avalia\u00e7\u00f5es qualitativas. \u00c9 uma roubada a oposi\u00e7\u00e3o de esquerda (\u201cnova\u201d, \u201cativista\u201d, o que voc\u00ea quiser, \u201cresist\u00eancia\u201d e assim por diante) reclamar da ideia de quantifica\u00e7\u00e3o. N\u00e3o \u00e9 quantifica\u00e7\u00e3o. Eles sabem que a quantifica\u00e7\u00e3o n\u00e3o diz nada, eles n\u00e3o est\u00e3o interessados em saber se a pesquisa A \u00e9 melhor ou se tem mais valor que a pesquisa B, se tiver e quanto, e tem a pesquisa C no meio que eu tenho que colocar, porque se tem pre\u00e7o eu posso fazer isso; mas se \u00e9 qualidade eu n\u00e3o posso fazer nada. Eles est\u00e3o interessados apenas em fazer com que essa massa se comporte desse jeito. E n\u00e3o \u00e9 uma massa, \u201cmassa\u201d \u00e9 uma express\u00e3o inadequada, s\u00e3o pequenas empresas concorrentes, que concorrem atrav\u00e9s desses indicadores.<\/p>\n\n\n\n<p>Eu li outro dia um artigo muito bom, de uma jovem soci\u00f3loga e pesquisadora chamada Ge\u00f3rgia Salles [?]. Num determinado momento, ela n\u00e3o desenvolveu, ela tem uma ideia que me parece muito boa, formid\u00e1vel. \u201cEssa avalia\u00e7\u00e3o est\u00e1 come\u00e7ando\u201d \u2013 ela n\u00e3o diz exatamente nesses termos \u2013 \u201cest\u00e1 come\u00e7ando a se replicar a si mesma\u201d. As ag\u00eancias que conferem o cr\u00e9dito, d\u00e3o ou n\u00e3o d\u00e3o cr\u00e9dito (como dizia o Schumpeter: no capitalismo o fundamental \u00e9 o cr\u00e9dito; voc\u00ea precisa ser inovador e ter cr\u00e9dito, e pra ter cr\u00e9dito voc\u00ea precisa inovar, Schumpeter b\u00e1sico, se n\u00e3o tem cr\u00e9dito \u00e9 a morte, no capitalismo \u00e9 a morte). Essas ag\u00eancias avaliam se elas concedem ou n\u00e3o concedem o cr\u00e9dito, mas elas est\u00e3o avaliando o qu\u00ea? O que esses empreendedores avaliados e cadastrados est\u00e3o produzindo? Est\u00e3o produzindo indicadores para novas avalia\u00e7\u00f5es. \u00c9 isso. Ent\u00e3o um pesquisador, numa linha de pesquisa, num departamento X, numa p\u00f3s gradua\u00e7\u00e3o, ele \u00e9 um produtor de indicadores. Est\u00e1 bem ou mal, produzindo mais ou menos, melhores ou bons indicadores para que aquela linha, aquele departamento, seja avaliada por uma ag\u00eancia (que \u00e9 um banco de cr\u00e9dito) dar uma nota. Bem, n\u00e3o \u00e9 credit\u00edcia, \u00e9 de financiamento. A\u00ed a Ge\u00f3rgia diz o seguinte: mas no fundo, o que \u00e9 que se est\u00e1 produzindo? Quando se pega as ci\u00eancias humanas, o que elas est\u00e3o produzindo? Esses indicadores refletem alguma coisa, mesmo que seja tudo fatiado, feito salame, as pesquisas e assim por diante. A\u00ed a fraude \u00e9 obrigat\u00f3ria. Ela diz o seguinte: as assim chamadas pesquisas, sobretudo as pesquisas em ci\u00eancias humanas, o que elas s\u00e3o? Elas s\u00e3o avalia\u00e7\u00f5es. E s\u00e3o avalia\u00e7\u00f5es do que? De programas sociais. O que faz um pesquisador que estuda a viol\u00eancia no Brasil (a n\u00e3o ser que ele estude a metaf\u00edsica da viol\u00eancia)? Soci\u00f3logo, antrop\u00f3logo, cientista pol\u00edtico: ele vai encaminhando suas investiga\u00e7\u00f5es, os indicadores que ele vai produzindo, para um centro de excel\u00eancia em que se produz o melhor a respeito de viol\u00eancia social, viol\u00eancia urbana. Portanto ele vai, no limite, quando ele for um craque \u2013 n\u00e3o a pedra -, ele vai ser o que? Um bom avaliador do impacto (outra palavra do jarg\u00e3o) de pol\u00edticas p\u00fablicas de seguran\u00e7a, portanto ele est\u00e1 a um passo de ser policial. A sociologia \u00e9 um ramo das ci\u00eancias criminol\u00f3gicas (n\u00e3o cr\u00edtica, tem criminologia cr\u00edtica). Ele est\u00e1 avaliando o impacto de pol\u00edticas de sa\u00fade, seguran\u00e7a p\u00fablica, recursos h\u00eddricos e assim por diante. Passou a ser um avaliador de governos ou de empresas. Ent\u00e3o voc\u00ea v\u00ea que a exig\u00eancia de que tenha a avalia\u00e7\u00e3o do impacto social, sem o que voc\u00ea n\u00e3o abre um campus estadual nem federal.<span class=\"footnote_referrer\"><a role=\"button\" tabindex=\"0\" onclick=\"footnote_moveToReference_3365_1('footnote_plugin_reference_3365_1_9');\" onkeypress=\"footnote_moveToReference_3365_1('footnote_plugin_reference_3365_1_9');\" ><sup id=\"footnote_plugin_tooltip_3365_1_9\" class=\"footnote_plugin_tooltip_text\">[9]<\/sup><\/a><span id=\"footnote_plugin_tooltip_text_3365_1_9\" class=\"footnote_tooltip\">Digress\u00e3o: As particulares s\u00e3o um neg\u00f3cio \u00e0 parte, n\u00e3o \u00e9 que seja um neg\u00f3cio, uma coisa a parte, tem diretamente a ver com o mundo do trabalho. Eles est\u00e3o l\u00e1, s\u00e3o trabalhadores que est\u00e3o&nbsp;&#x2026; <span class=\"footnote_tooltip_continue\"  onclick=\"footnote_moveToReference_3365_1('footnote_plugin_reference_3365_1_9');\">Continue reading<\/span><\/span><\/span><script type=\"text\/javascript\"> jQuery('#footnote_plugin_tooltip_3365_1_9').tooltip({ tip: '#footnote_plugin_tooltip_text_3365_1_9', tipClass: 'footnote_tooltip', effect: 'fade', predelay: 0, fadeInSpeed: 200, delay: 400, fadeOutSpeed: 200, position: 'top center', relative: true, offset: [-7, 0], });<\/script> Inova\u00e7\u00e3o, portanto, \u00e9 apenas uma maneira de voc\u00ea alimentar, retroalimentar, as burocracias de todos os n\u00edveis: das ag\u00eancias, dos estados, das administra\u00e7\u00f5es, das universidades; a fic\u00e7\u00e3o de que voc\u00ea est\u00e1 inovando, fazendo tecnologia para ser apropriada pelas ind\u00fastrias, grandes empresas. A tecnologia n\u00e3o funciona mais assim. \u00c9 incremental e vem em pacotes, voc\u00ea compra o pacote inteiro. (A \u00fanica que funciona assim \u00e9 a EMBRAPA, e a EMBRAPA n\u00e3o \u00e9 uma universidade. Podemos falar de pol\u00edticas da FAPESP que v\u00e3o nessa dire\u00e7\u00e3o). Impactos sociais: \u00e9 isso, voc\u00ea vai produzir \u201ccientistas sociais\u201d (entre aspas) capazes de avaliar o impacto ambiental, social, de programas X, Y, Z, de governos ou de empresas, ent\u00e3o o impacto social de uma universidade \u00e9 a mesma coisa \u2013 e a sua responsabilidade social diante do contribuinte \u2013 \u00e9 a mesma conversa da responsabilidade social, por exemplo, do banco Ita\u00fa, que tem <em>n <\/em>programas de responsabilidade social, ambiental, tudo que voc\u00ea possa imaginar. Eficientes, e que avaliam constantemente o impacto desses programas. Se eles n\u00e3o est\u00e3o funcionando, muda-se. E quem \u00e9 que est\u00e1 avaliando os programas? Gente que a gente forma, est\u00e3o l\u00e1. O circulo se fecha. E isso explica em parte essa engrenagem do Capitalismo Acad\u00eamico. Portanto, capitalismo acad\u00eamico independe de privatiza\u00e7\u00e3o, de dizer que \u201co reitor quer sucatear, quer privatizar, vai passar pra iniciativa privada\u201d, simplesmente isso n\u00e3o faz sentido. E se passar, vai do mesmo para o mesmo. Para a gente n\u00e3o interessa.<\/p>\n\n\n\n<p>Interessa, por exemplo, a transfer\u00eancia dos hospitais [universit\u00e1rios] por raz\u00f5es or\u00e7ament\u00e1rias. A\u00ed n\u00e3o, a\u00ed \u00e9, digamos assim, uma a\u00e7\u00e3o criminosa, criminosa no sentido de irresponsabilidade administrativa. Passa para o Estado. E passando para o Estado, o que vai acontecer, o Estado entrega pra quem? N\u00e3o vai privatizar, n\u00e3o vai vender. Entrega para as organiza\u00e7\u00f5es sociais que administram a sa\u00fade, que s\u00e3o pequenas organiza\u00e7\u00f5es (n\u00e3o vou dizer que tudo \u00e9 m\u00e1fia) que administram o sistema de sa\u00fade no estado de S\u00e3o Paulo. Tanto faz se \u00e9 p\u00fablico ou privado, est\u00e1 inteiramente controlado, gerido, por pequenas organiza\u00e7\u00f5es sociais de interesse da sociedade civil. E que funcionam como? Funcionam num sistema de <em>Benchmarker<\/em>, de avalia\u00e7\u00f5es internas dos seus pr\u00f3prios funcion\u00e1rios, que entre outros s\u00e3o tamb\u00e9m terceirizados. O problema n\u00e3o \u00e9 o HU dentro da USP ou o HU fora da USP. O problema \u00e9 que o acontece dentro de um hospital no Brasil e no mundo inteiro! Est\u00e1 acontecendo assim na Fran\u00e7a, na Inglaterra \u2013 a Fran\u00e7a n\u00e3o privatizou quase nada, ao contr\u00e1rio da Inglaterra que privatizou tudo \u2013 e funcionam mal do mesmo jeito atrav\u00e9s dessas organiza\u00e7\u00f5es. O que \u00e9 que se faz? Essas organiza\u00e7\u00f5es, dentro da universidade, e que s\u00e3o os empreendedores \u201cpesquisadores\u201d (entre aspas) individuais, e dentro de hospitais, que \u00e9 o exemplo que eu comecei e termino com ele, elas s\u00e3o obrigadas a concorrer entre elas, h\u00e1 um mercado de organiza\u00e7\u00f5es, elas s\u00e3o empresas \u2013 mesmo que n\u00e3o sejam empresas no sentido estrito \u2013 que concorrem no mercado, de licita\u00e7\u00f5es de hospitais. Ent\u00e3o come\u00e7a licita\u00e7\u00e3o, vem o edital&#8230;vai no CNPq, tem o edital tal, voc\u00ea forma um grupo e entra. Pronto, voc\u00ea est\u00e1 no mercado. \u00c9 um falso mercado, voc\u00ea vai se ferrar de qualquer jeito. Mas voc\u00ea entrou no mercado das licita\u00e7\u00f5es, onde est\u00e3o tamb\u00e9m os Movimentos Sociais. Ent\u00e3o n\u00f3s come\u00e7amos a ver que n\u00f3s estamos diante de uma sociedade organizada, capitalista, num sistema de poder em que voc\u00ea est\u00e1 gerindo classes sociais todas confundidas (num certo momento). Tem movimentos sociais de sem teto aqui [de um lado], e tem organiza\u00e7\u00f5es sociais dentro de uma universidade [do outro] como um cadastro. Uma popula\u00e7\u00e3o cadastrada que est\u00e1 sendo gerida atrav\u00e9s de v\u00e1rios mecanismos, o principal deles \u00e9 a avalia\u00e7\u00e3o, que passa por outra coisa chamada <em>edital<\/em>. Cultura \u00e9 isso. O Minist\u00e9rio da Cultura \u2013 ele perde pra uma outra organiza\u00e7\u00e3o maior \u2013 \u00e9 apenas e simplesmente uma central de editais. Pol\u00edtica p\u00fablica \u00e9 a pol\u00edtica de editais. A esses editais voc\u00ea concorre pessoalmente, voc\u00ea se organiza, faz isso, faz aquilo, e pronto. Depois voc\u00ea \u00e9 avaliado. A sua atividade social passa a ser produzir indicadores, pra dizer que voc\u00ea est\u00e1 conforme os termos do edital, para poder renovar o edital. Assim se reproduz a sociedade brasileira <em>(risos)<\/em>. Maior que o Minist\u00e9rio da Cultura \u00e9, por exemplo, o sistema SESC em S\u00e3o Paulo, mais que a Secretaria de Cultura, mais que o Minist\u00e9rio da Cultura em S\u00e3o Paulo, mais que a Secretaria da Cultura da prefeitura, \u00e9 o SESC. O SESC \u00e9 o Minist\u00e9rio da Cultura de S\u00e3o Paulo <em>(risos)<\/em>. Funciona nessa base, totalmente privado e ao mesmo tempo sendo p\u00fablico, voc\u00ea n\u00e3o sabe se ele \u00e9 p\u00fablico ou se ele \u00e9 privado, de onde \u00e9 que vem o dinheiro. Mas voc\u00ea sabe que ele funciona. Ele funciona nessa base, abre o edital do SESC e <em>pum! <\/em>N\u00e3o d\u00e1 outra. O sistema se reproduz, se fortalece, se legitima, e por a\u00ed vai. Ponto. Acho que falei demais.<\/p>\n\n\n\n<div class=\"wp-block-cover aligncenter\"><span aria-hidden=\"true\" class=\"wp-block-cover__background has-background-dim\"><\/span><img decoding=\"async\" class=\"wp-block-cover__image-background wp-image-3431\" alt=\"\" src=\"https:\/\/zeroaesquerda.com.br\/wp-content\/uploads\/2024\/09\/mateus055-4-1024x728.jpg\" style=\"object-position:49% 82%\" data-object-fit=\"cover\" data-object-position=\"49% 82%\"\/><div class=\"wp-block-cover__inner-container is-layout-flow wp-block-cover-is-layout-flow\">\n<p class=\"has-text-align-center has-theme-palette-1-color has-text-color has-link-color has-larger-font-size wp-elements-c5338f1a599e1b446e087dcea294ca0a\"><strong><em>4<\/em><\/strong><\/p>\n<\/div><\/div>\n\n\n\n<p><strong>Professora Maria Helena: <\/strong>Queria abrir, se algu\u00e9m quiser perguntar alguma coisa. Tem quest\u00f5es muito pontuais que voc\u00eas trazem [Paulo e T\u00e9ssio Redondo]. Eu s\u00f3 quero fazer um coment\u00e1rio, em cima do que voc\u00ea acabou de falar. Eu organizo dan\u00e7a e essa quest\u00e3o dos editais a gente vem conversando muito sobre isso, que na verdade o governo, essa pol\u00edtica dos editais, vai proliferando um jeito de lidar com a cria\u00e7\u00e3o que vai categorizando esses grupos e vai modificando cada vez mais a ideia de pesquisa que a gente tem. A ideia de pesquisa a principio \u00e9 lidar com algo que voc\u00ea n\u00e3o conhece, por isso que esse tempo precisaria ser mais estendido. E a cultura dos editais, seja de teatro, de dan\u00e7a, vem de alguma forma modificando o panorama de como o teatro e a dan\u00e7a v\u00e3o se organizando e como cognitivamente as pessoas come\u00e7am a entender o que \u00e9 produ\u00e7\u00e3o de conhecimento em teatro e dan\u00e7a via esses editais. Eu s\u00f3 queria fazer esse coment\u00e1rio.<\/p>\n\n\n\n<p><strong>Alice<\/strong>: Qual o lugar ou o papel do ensino nessa constru\u00e7\u00e3o neoliberal dos dias de hoje?<\/p>\n\n\n\n<p><strong>Paulo Arantes<\/strong>: Bom, eu n\u00e3o saberia te dizer. N\u00e3o tenho informa\u00e7\u00e3o de primeira m\u00e3o. Tem coisas que eu li a respeito. Vou dar autores para voc\u00ea que eu tenho lido a respeito de ensino, n\u00e3o \u00e9 muita coisa, mas o suficiente: recomendo que se leia uma soci\u00f3loga chamada Regina Magalh\u00e3es de Souza. O mestrado dela \u00e9 sobre <em>escola<\/em>, ela foi professora no ensino secund\u00e1rio da rede estadual durante muitos anos, sendo tamb\u00e9m funcion\u00e1ria da prefeitura. Ela fez o mestrado dela em cima disso e o doutorado, um livro extraordin\u00e1rio chamado <em>O discurso do protagonismo juvenil<\/em><span class=\"footnote_referrer\"><a role=\"button\" tabindex=\"0\" onclick=\"footnote_moveToReference_3365_1('footnote_plugin_reference_3365_1_10');\" onkeypress=\"footnote_moveToReference_3365_1('footnote_plugin_reference_3365_1_10');\" ><sup id=\"footnote_plugin_tooltip_3365_1_10\" class=\"footnote_plugin_tooltip_text\">[10]<\/sup><\/a><span id=\"footnote_plugin_tooltip_text_3365_1_10\" class=\"footnote_tooltip\">Regina Magalh\u00e3es de Souza, <em>O discurso do protagonismo juvenil <\/em>(Tese de Doutorado em Sociologia, FFLCH-USP, 2010). <\/span><\/span><script type=\"text\/javascript\"> jQuery('#footnote_plugin_tooltip_3365_1_10').tooltip({ tip: '#footnote_plugin_tooltip_text_3365_1_10', tipClass: 'footnote_tooltip', effect: 'fade', predelay: 0, fadeInSpeed: 200, delay: 400, fadeOutSpeed: 200, position: 'top center', relative: true, offset: [-7, 0], });<\/script>No que diz respeito ao ensino, ela faz constata\u00e7\u00f5es \u2013 estou contanto o que eu li, nunca passei pela rede estadual, converso com muita gente que trabalha, que atua, que \u00e9 militante, que \u00e9 professor, me conta coisas, conta casos \u2013, ela procura mostrar como a escola \u00e9 uma institui\u00e7\u00e3o, digamos, sem fazer jogo de palavras, que est\u00e1 dando certo porque ela \u00e9 um fracasso continuado. E ela \u00e9 pra ser um fracasso continuado, ent\u00e3o ela \u00e9 aperfei\u00e7oada nesse tipo de fracasso. E em \u00faltima inst\u00e2ncia \u2013 agora eu estou simplificando, ela n\u00e3o diz essa barbaridade \u2013 a escola, hoje, funciona perfeitamente bem, ela n\u00e3o \u00e9 um fracasso (ela \u00e9 um fracasso pra n\u00f3s, no sentido convencional, n\u00f3s que achamos ainda que ensinar \u00e9 uma coisa substantiva que tem a ver com cultura e humanidade), ela ensina aos pobres infelizes \u2013 ela est\u00e1 falando do sistema p\u00fablico \u2013 ela ensina aos que passam por l\u00e1 a \u201cse virar\u201d (entre aspas). \u201cSe virar\u201d significa (e \u00e9 o que eles querem, \u00e9 o que a meninada quer): como \u00e9 que eu me viro, por exemplo, o que eu devo saber, como \u00e9 que eu devo proceder, como \u00e9 que eu me viro, por exemplo, numa entrevista para ser entregador de pizza? Para ser recrutado. Como \u00e9 que eu me viro pra ser chapeiro do MacDonald\u2019s? Como \u00e9 que eu me viro num cargo qualquer, no setor de servi\u00e7os? Como \u00e9 que eu me viro pra trabalhar, usar a inform\u00e1tica? Qualquer coisa assim. Ent\u00e3o, na escola, o jarg\u00e3o \u00e9 assim: \u201caprender a aprender\u201d. \u201cAprender a aprender\u201d \u00e9 aprender a n\u00e3o se dar mal, a n\u00e3o sucumbir, n\u00e3o se afogar no mercado. Ponto. A escola \u00e9 isso. E quando a mo\u00e7ada pergunta: \u201cprofessor, pra que \u00e9 que isso serve?\u201d, ela n\u00e3o est\u00e1 querendo saber o que \u00e9 que foi o Brasil colonial, \u201cisso n\u00e3o serve pra nada\u201d, e ela n\u00e3o est\u00e1 desqualificando. Pra que \u00e9 que isso serve para aquilo que todos n\u00f3s sabemos que estamos aqui, para o que? Estamos todos ferrados, nossa perspectiva s\u00e3o empregos podres, e n\u00f3s queremos saber o tempo que n\u00f3s estamos perdendo aqui, poder\u00edamos estar fazendo outras coisas, o que vai nos contribuir pra gente se virar l\u00e1 fora? E os professores s\u00e3o, de alguma maneira, um caminho pra isso. Voc\u00ea cria trabalhadores para essa desqualifica\u00e7\u00e3o social. A escola \u00e9 isso.<\/p>\n\n\n\n<p>Do outro lado \u2013 que eu leio, n\u00e3o tenho nenhuma experi\u00eancia, de pesquisa, depoimentos, enfim, coisas que eu converso, como eu disse \u2013 a escola passa a ser uma fonte b\u00e1sica, de um lado voc\u00ea normaliza essa situa\u00e7\u00e3o de \u201cvira\u00e7\u00e3o\u201d, sem perspectiva absolutamente nenhuma. \u00c9 por isso que a molecada n\u00e3o p\u00e1ra quieta, ela sabe que aquilo ali \u00e9 engana\u00e7\u00e3o, que \u00e9 apenas uma antec\u00e2mara para se virar mais a diante. Do outro lado passa a ser uma esp\u00e9cie de f\u00e1brica de desconforto ou de infelicidade, ou, como se diz na nova sociologia da aliena\u00e7\u00e3o do trabalho, do sofrimento social. E no caso do Ensino o sofrimento \u00e9 muito maior do que algu\u00e9m que est\u00e1 fazendo um trabalho, digamos, mais redundante num setor produtivo qualquer, porque o ensino em princ\u00edpio n\u00e3o \u00e9, nunca foi, n\u00e3o \u00e9 pra ser, isso que ele \u00e9 atualmente. (\u00c9 uma coisa substantiva, tem que ver com a humanidade, com as pessoas, enfim.) As pessoas est\u00e3o l\u00e1 ensinando n\u00e3o \u00e9 porque n\u00e3o encontraram trabalho num banco e fazem um concurso para ser professor de matem\u00e1tica, de geografia; por um lado porque acham que ensinar matem\u00e1tica e geografia \u00e9 uma coisa boa, para quem ensina, para quem vai aprender matem\u00e1tica e geografia, para o mundo em geral, para a vida, para a civiliza\u00e7\u00e3o, para a sociedade, portanto est\u00e1 l\u00e1 porque gosta. Chamava-se antigamente de voca\u00e7\u00e3o: fazer o que gosta, trabalhar no que gosta. E \u00e9 um trabalho <em>lato sensu<\/em>. Nesse sistema infernal, algu\u00e9m que vai l\u00e1, quer isso, vai ser mal remunerado, vai ser arrebentado, vai ser humilhado socialmente \u2013 humilhado n\u00e3o s\u00f3 pelas hierarquias do sistema e da rede \u2013, mas vai ser humilhado socialmente porque vai ser desconsiderado e desclassificado socialmente como professor secund\u00e1rio da rede estadual. <span class=\"footnote_referrer\"><a role=\"button\" tabindex=\"0\" onclick=\"footnote_moveToReference_3365_1('footnote_plugin_reference_3365_1_11');\" onkeypress=\"footnote_moveToReference_3365_1('footnote_plugin_reference_3365_1_11');\" ><sup id=\"footnote_plugin_tooltip_3365_1_11\" class=\"footnote_plugin_tooltip_text\">[11]<\/sup><\/a><span id=\"footnote_plugin_tooltip_text_3365_1_11\" class=\"footnote_tooltip\">Digress\u00e3o: Esse professor n\u00e3o sabe o que era ser professor a 60, 70 anos atr\u00e1s, quando eu fui aluno na rede estadual p\u00fablica em S\u00e3o Paulo, e as cadeiras eram providas por concursos, que naquela&nbsp;&#x2026; <span class=\"footnote_tooltip_continue\"  onclick=\"footnote_moveToReference_3365_1('footnote_plugin_reference_3365_1_11');\">Continue reading<\/span><\/span><\/span><script type=\"text\/javascript\"> jQuery('#footnote_plugin_tooltip_3365_1_11').tooltip({ tip: '#footnote_plugin_tooltip_text_3365_1_11', tipClass: 'footnote_tooltip', effect: 'fade', predelay: 0, fadeInSpeed: 200, delay: 400, fadeOutSpeed: 200, position: 'top center', relative: true, offset: [-7, 0], });<\/script>11Ent\u00e3o voc\u00ea imagina o sofrimento de algu\u00e9m que faz aquilo, quer ensinar, mas n\u00e3o consegue. N\u00e3o pode, pelas condi\u00e7\u00f5es ambientes, ecol\u00f3gicas, da localiza\u00e7\u00e3o da classe, at\u00e9 uma quest\u00e3o propriamente profissional. Ent\u00e3o \u00e9 uma esp\u00e9cie de guerra, entre classe e professor, entre duas infelicidades permanentes. Isso eu n\u00e3o li em nenhum lugar, mas eu vi: n\u00e3o \u00e9 o filme brasileiro, <em>Pro o dia nascer<\/em> <em>feliz<\/em>,<span class=\"footnote_referrer\"><a role=\"button\" tabindex=\"0\" onclick=\"footnote_moveToReference_3365_1('footnote_plugin_reference_3365_1_12');\" onkeypress=\"footnote_moveToReference_3365_1('footnote_plugin_reference_3365_1_12');\" ><sup id=\"footnote_plugin_tooltip_3365_1_12\" class=\"footnote_plugin_tooltip_text\">[12]<\/sup><\/a><span id=\"footnote_plugin_tooltip_text_3365_1_12\" class=\"footnote_tooltip\"> <em>Pro dia nascer feliz<\/em>. Dire\u00e7\u00e3o de Jo\u00e3o Jardim (DVD, 2006).<\/span><\/span><script type=\"text\/javascript\"> jQuery('#footnote_plugin_tooltip_3365_1_12').tooltip({ tip: '#footnote_plugin_tooltip_text_3365_1_12', tipClass: 'footnote_tooltip', effect: 'fade', predelay: 0, fadeInSpeed: 200, delay: 400, fadeOutSpeed: 200, position: 'top center', relative: true, offset: [-7, 0], });<\/script>embora esteja tamb\u00e9m l\u00e1 isso. Mas tamb\u00e9m est\u00e1 num lugar em que n\u00e3o se imaginava que isso pudesse acontecer \u2013 tal, digamos, o bom azeitamento, o funcionamento do Estado social revelador \u2013 que era o franc\u00eas. Eles inventaram isso \u2013 fizeram uma Revolu\u00e7\u00e3o, muita cabe\u00e7a precisou ser cortada para que isso acontecesse, isso n\u00e3o cai do c\u00e9u, Estado social n\u00e3o cai do c\u00e9u \u2013 inventaram a escola. \u00c9 neste filme, <em>Entre os muros da escola<\/em>. <span class=\"footnote_referrer\"><a role=\"button\" tabindex=\"0\" onclick=\"footnote_moveToReference_3365_1('footnote_plugin_reference_3365_1_13');\" onkeypress=\"footnote_moveToReference_3365_1('footnote_plugin_reference_3365_1_13');\" ><sup id=\"footnote_plugin_tooltip_3365_1_13\" class=\"footnote_plugin_tooltip_text\">[13]<\/sup><\/a><span id=\"footnote_plugin_tooltip_text_3365_1_13\" class=\"footnote_tooltip\"><em>Entre les murs<\/em>. Dire\u00e7\u00e3o de Laurent Cantet. (DVD, 2008).<\/span><\/span><script type=\"text\/javascript\"> jQuery('#footnote_plugin_tooltip_3365_1_13').tooltip({ tip: '#footnote_plugin_tooltip_text_3365_1_13', tipClass: 'footnote_tooltip', effect: 'fade', predelay: 0, fadeInSpeed: 200, delay: 400, fadeOutSpeed: 200, position: 'top center', relative: true, offset: [-7, 0], });<\/script> \u00c9 um filme fant\u00e1stico, porque percebeu um lugar que \u00e9 o para\u00edso disso, onde foi inventado o ensino p\u00fablico, onde o preceptor, o professor do ensino prim\u00e1rio era valorizado na terceira rep\u00fablica francesa, em qualquer cidade da prov\u00edncia, ele entra na pequena cidadezinha, ele era a principal autoridade moral e intelectual, junto com o prefeito, o bispo, o padre, o m\u00e9dico, o chefe de pol\u00edcia, era o <em>centro<\/em>. E deu naquilo que aparece no filme. Perto das nossas condi\u00e7\u00f5es parece Princeton (risos). Mas n\u00e3o \u00e9. Voc\u00ea v\u00ea que as pessoas, ele, o professor, os alunos, est\u00e3o ali para se tornarem a vida do outro a mais chata, imposs\u00edvel. \u00c0 revelia deles, \u00e9 claro. Eu vi o filme duas vezes, mas j\u00e1 faz anos, mesmo assim h\u00e1 uma cena que voc\u00ea n\u00e3o esquece: aquela confiss\u00e3o final, \u201co que voc\u00ea aprendeu esse ano?\u201d \u2013antes das f\u00e9rias, voc\u00ea j\u00e1 sente o ver\u00e3o, ver\u00e3o europeu \u00e9 uma coisa muito s\u00e9ria, o ver\u00e3o chegando, um ar de felicidade chegando \u00e0 escola \u2013, ele diz \u201cnada\u201d.<\/p>\n\n\n\n<p>Agora voc\u00ea multiplica por n, exponencialmente isso, p\u00f5e esse nada l\u00e1 no fundo, com bastante viol\u00eancia e sofrimento: \u00e9 o Brasil isso. Falar em ensino, no Brasil? \u00c9 s\u00f3 ver a greve dos professores por a\u00ed. E eu imagino, depois de Junho \u2013 espero \u2013 que elas se tornem cada vez mais fortes. Junho foi o ano passado, n\u00e3o esse ano. E a USP \u00e9 essa pasmaceira. Confirmando: Junho n\u00e3o chegou \u00e0 USP, isso \u00e9 que \u00e9 o mais espantoso. Chegou onde tinha que chegar, no de sempre. O pessoal que foi l\u00e1, engaiolado, boa parte saiu daqui. Ficamos no c\u00edrculo vicioso. De fato n\u00e3o chegou, n\u00e3o chegou porque fomos \u2013 repetindo pela en\u00e9sima vez \u2013 criou-se uma organiza\u00e7\u00e3o cujo principal produto \u00e9 a dociliza\u00e7\u00e3o social. Dociliza\u00e7\u00e3o social recompensada regiamente, dependendo da unidade, ou mal noutras, e nessas outras que \u00e9 mal recompensada voc\u00ea n\u00e3o tem alternativa: sofram. Sofram, leiam e escrevem nas horas vagas aquilo que voc\u00ea acha interessante escrever. O edital \u00e9 uma coisa das agencias de fomento. Eu venho aqui, fa\u00e7o todo esse discurso de esquerdista e continuo orientando. Embora aposentado, s\u00f3 n\u00e3o dou aula, fa\u00e7o tudo. Vem os meus orientandos pedir bolsa pra ag\u00eancia, ou para o seu pr\u00f3prio departamento, filtrados pelo departamento, CAPES, CNPq, FAPESP, fazem o projeto.[&#8230;] \u00c9 verdade. Eu ponho, a gente p\u00f5e o combust\u00edvel na m\u00e1quina Ent\u00e3o a gente j\u00e1 est\u00e1 editalizado, j\u00e1 est\u00e1 dentro da planilha. O problema \u00e9 como \u00e9 que sai disso. \u00c9 dif\u00edcil.<\/p>\n\n\n\n<p><strong>Pergunta: <\/strong>Sobre essa quest\u00e3o dos editais, eu comecei a participar de edital nos anos 80. Eram tempos de terra arrasada, n\u00e3o existia para o teatro nada, n\u00e3o tinha nada. O teatro era o teatro amador, teatro de pesquisa, atores \u00e0s vezes muito bons, mas amador do ponto de vista da estrutura. Quando entrou o governo Fernando Henrique, ele jogou a decis\u00e3o pol\u00edtica cultural no pior lugar da Lei Rouanet, que \u00e9 um gerente de marketing de uma empresa de energia para gerir o dinheiro p\u00fablico destinado \u00e0 cultura. [&#8230;] Digamos que nos anos 90 faz\u00edamos pesquisa de vez em quando. [&#8230;] A lei de fomento, que \u00e9 o edital hoje, [&#8230;] na minha mem\u00f3ria \u00e9 uma coisa que a gente tinha conquistado, j\u00e1 que n\u00e3o existia nada. N\u00e3o era uma decis\u00e3o de balc\u00e3o, nem do gerente de marketing da Petrobras. Existia um lugar onde a gente podia propor um projeto com mais tempo e tal. Dez anos depois virou uma esp\u00e9cie de m\u00e1quina de moer, a gente faz projeto atr\u00e1s de projeto, de fato nos moem, a gente nunca pode parar. A gente se viu num moedor de carne quase t\u00e3o grande quanto o teatro comercial. A gente pesquisa, l\u00f3gico, mas a que pre\u00e7o? Minha pergunta seria: batalhar pelo que? J\u00e1 que o edital, a gente percebeu, 10 anos depois, que ele tamb\u00e9m est\u00e1 nos moendo; porque com a Lei Rouanet, n\u00e3o h\u00e1 dinheiro para teatro de pesquisa e a gente precisa dele para se manter. N\u00e3o h\u00e1 dinheiro para se manter, mesmo que se fa\u00e7a um teatro de pesquisa, mesmo que se viaje o mundo, mesmo que tenha p\u00fablico, e assim por diante, n\u00e3o existe dinheiro. A nossa \u00fanica sa\u00edda t\u00eam sido os editais, a lei de fomento. Por fim, reitero minha pergunta: sabendo dessa situa\u00e7\u00e3o, batalhar pelo que? Que forma outra seria poss\u00edvel?<\/p>\n\n\n\n<p><strong>Paulo Arantes<\/strong>: Se eu tivesse uma resposta eu seria milion\u00e1rio e os teatros de grupo fariam para mim uma est\u00e1tua na pra\u00e7a Roosevelt, fazendo banana para eles. Se eu fosse contar as reuni\u00f5es de que eu participei em que foi discutido lei de fomento, fazer o que agora que n\u00f3s sabemos disso, que s\u00e3o nossas conquistas, nos \u00faltimos 8 anos, teria 10 mil horas de debate. N\u00e3o tem o que [fazer]. N\u00e3o h\u00e1 resposta poss\u00edvel. A gente vira involuntariamente fil\u00f3sofo hegeliano amador, filosofo hegeliano \u00e9 o seguinte: a gente analisa um processo at\u00e9 ele chegar ao seu t\u00e9rmino, e quando ele chega ao seu t\u00e9rmino a gente olha pra tr\u00e1s e diz \u201cfoi assim, pronto\u201d (<em>risos<\/em>). Todo mundo acha que o Hegel \u00e9 um neg\u00f3cio&#8230; \u201cdial\u00e9tica\u201d, \u201crevolu\u00e7\u00e3o\u201d&#8230; N\u00e3o tem pol\u00edtica hegeliana, pol\u00edtica hegeliana \u00e9 o Estado, pol\u00edtica no nosso sentido de esquerda n\u00e3o existe no Hegel porque voc\u00ea sempre olha para tr\u00e1s, descreve processos que j\u00e1 se consumaram, e no caso da lei de fomento \u2013 j\u00e1 faz uns 2 anos que eu n\u00e3o discuto, felizmente, leis de fomento \u2013 a gente olha pra tr\u00e1s, v\u00ea o v\u00f4o da coruja, diz \u201colha, foi assim, terminou, mas valeu a pena\u201d, ponto. Ganhamos. Quanta coisa boa n\u00e3o foi feita? Mas n\u00e3o d\u00e1 pra continuar, n\u00f3s batemos no teto, n\u00e3o sabemos o que fazer, \u00e9 isso. Constatamos, n\u00e3o \u00e9 que se soub\u00e9ssemos de antem\u00e3o que seria assim n\u00e3o far\u00edamos nada, fizemos a coisa certa na hora certa, claro. Participei dos atos contra a barb\u00e1rie, falei, disse tudo que pensava: \u201cvamos l\u00e1 pessoal\u201d, ganhamos, fizemos, e tal. E deu? Deu, deu 10 anos de vida para <em>n <\/em>grupos de teatro importantes que est\u00e3o na hist\u00f3ria do teatro brasileiro j\u00e1. Mas e a\u00ed? N\u00e3o vivemos de mem\u00f3ria.<\/p>\n\n\n\n<p>Aonde \u00e9 que n\u00f3s esbarramos? N\u00f3s entramos numa outra engrenagem que tem um outro dispositivo de governo, irm\u00e3o g\u00eameo da avalia\u00e7\u00e3o, que se chama \u201cparticipa\u00e7\u00e3o\u201d. N\u00e3o tem como ser contra. Agora que as coisas se encerraram, que o ciclo participativo terminou, ent\u00e3o \u00e9 f\u00e1cil dizer: n\u00e3o \u00e9 mais esse o caminho, ele se esgotou, n\u00f3s olhamos para tr\u00e1s e dizemos \u201cfuncionou\u201d. E a participa\u00e7\u00e3o foi essa. N\u00f3s criamos nossa pr\u00f3pria lei, sa\u00edmos da ca\u00e7a selvagem ao edital, cada um por si, legalizamos isso, fizemos um edital s\u00f3 para todo mundo, mais ainda: constitu\u00edmos a comiss\u00e3o que avalia de maneira par-ti-ci-pa-ti-va. Ou seja, somos os pares \u2013 tem um ou outro legado das inst\u00e2ncias de fomento &#8211; que avaliam seus pares, portanto, n\u00e3o h\u00e1 melhor. Fazemos com que as pessoas implicadas por aquela disfun\u00e7\u00e3o social participem da gest\u00e3o da sua pr\u00f3pria disfun\u00e7\u00e3o. Nem porque existam leis de fomento n\u00f3s passamos a ser alguma coisa necess\u00e1ria para os assuntos culturais da rep\u00fablica, de jeito nenhum, continuamos a ser marginais, obviamente, mas conseguimos ser marginais que organizam participativamente da sua pr\u00f3pria marginalidade e tem l\u00e1 sua merrequinha sobrando dos editais, que afunilou e&#8230; encerrou. N\u00e3o d\u00e1 mais para o gasto politicamente, tirou tamb\u00e9m o f\u00f4lego do movimento. Havia um objetivo, todo mundo junto. Chegou l\u00e1 e se esgotou. A\u00ed voc\u00ea inventa uma outra alternativa, que \u00e9 puramente ideol\u00f3gica: voc\u00ea chega a um impasse e diz \u201cn\u00f3s somos todos trabalhadores da cultura\u201d, os grupos teatrais s\u00e3o movimentos sociais. V\u00e3o rodar e v\u00e3o chegar no mesmo lugar. Onde est\u00e3o os movimentos sociais no Brasil? Os movimentos sociais no Brasil entraram tamb\u00e9m pela porta aberta, pelo al\u00e7ap\u00e3o, pela armadilha, da participa\u00e7\u00e3o. Eles participam da sua pr\u00f3pria condi\u00e7\u00e3o subalterna de gente ou popula\u00e7\u00e3o cadastrada.<\/p>\n\n\n\n<p>Vou dar um exemplo patente que est\u00e1 nas ruas, no qual eu estou acompanhando: o movimento de moradia. O \u00faltimo dos moicanos \u00e9 o MTST, est\u00e1 l\u00e1 fora, e estava fora do grande bojo dos movimentos de moradia que est\u00e3o sob o guarda-chuva dos programas governamentais. Eles n\u00e3o tinham vez, eles eram muito radicais, n\u00e3o se subordinavam, n\u00e3o estavam na engrenagem p\u00fablica e assim por diante, n\u00e3o estavam dentro do <em>hall <\/em>oficial \u2013 o que \u00e9 o caso da maioria dos movimentos de moradia, e n\u00e3o tem outra, eles dependem do financiamento p\u00fablico, n\u00e3o tem como. Bom, a\u00ed eles encontraram uma brecha, a brecha foi Junho, mobilizaram-se, \u00e9 muita gente, \u00e9 f\u00e1cil reprimir 50 pessoas, mas 10 mil \u00e9 muito dif\u00edcil. E arrancaram algumas coisas. E o que eles arrancaram? Arrancaram a pr\u00f3pria sepultura, sinto muito. E eu digo isso pra eles, estou do lado deles. E \u00e9 o seguinte, diz a m\u00eddia que eles est\u00e3o furando a fila das fam\u00edlias cadastradas para chegar a casa pr\u00f3pria nos v\u00e1rios programas municipais, estaduais, ou federais, \u00e9 falso isso. Eles entraram por uma outra porta, que eles bateram a for\u00e7a e conseguiram, que \u00e9 o Minha Casa Minha Vida, o \u00faltimo patamar do Minha Casa Minha Vida que \u00e9 o Minha Casa Minha Vida \u201cEntidades\u201d, que \u00e9 a merreca da merreca do Minha Casa Minha Vida, reservaram uma faixa para os movimentos de moradia. Eles v\u00e3o ter que concorrer com os movimentos de moradia oficias \u2013 \u201coficiais\u201d entre aspas, no sentido que est\u00e3o alinhados com o governo e se mobilizam de dois em dois anos por causa das elei\u00e7\u00f5es -, eles v\u00e3o entrar j\u00e1 como ovelha negra nisso a\u00ed. Entram como ovelha negra e o que \u00e9 que faz nesse setor \u201cEntidades\u201d do Minha Casa Minha Vida (com gest\u00e3o participativa, aut\u00f4noma e assim por diante)? Eles v\u00e3o procurar primeiro o terreno \u2013 isso \u00e9 a coisa mais f\u00e1cil, o terreno se consegue, porque eles tem um mapa dos im\u00f3veis ociosos, dos terrenos vagos e inadimplentes que n\u00e3o est\u00e3o devendo IPTU. Eles v\u00e3o l\u00e1, ocupam e fazem isso muito bem. Essa \u00e9 a estrat\u00e9gia que funciona, din\u00e2mica, de impacto. Conquistado isso, o minist\u00e9rio j\u00e1 quer ca\u00e7ar, diz que \u00e9 inconstitucional, mas faz parte da luta. Mas digamos que cheguem na pr\u00f3xima etapa. Na pr\u00f3xima etapa \u00e9 que come\u00e7a a agonia, a agonia dos movimentos sociais reais, o que foi o movimento de grupo de h\u00e1 15 anos atr\u00e1s. A agonia \u00e9 o seguinte: agora voc\u00eas v\u00e3o ter que gerir a si mesmos, o que voc\u00eas v\u00e3o ter que fazer? Conseguido o terreno \u2013 ocupou, n\u00e3o v\u00e3o mais desalojar porque a remo\u00e7\u00e3o, agora na vitrine, pega mal -, voc\u00eas v\u00e3o ter que conseguir um escrit\u00f3rio de arquitetura, engenheiros, pareceres t\u00e9cnicos, laudo disso, laudo daquilo, voc\u00eas v\u00e3o distribuir os lotes (voc\u00eas v\u00e3o, portanto, lotear os terrenos), abreviando: voc\u00eas v\u00e3o se transformar numa imobili\u00e1ria. Uma imobili\u00e1ria de pobres e para pobres, mas uma imobili\u00e1ria. Portanto, o movimento mais aguerrido de moradia em S\u00e3o Paulo, lutador, combativo, vai se transformar, \u00e9 obrigado a se transformar numa imobili\u00e1ria para conseguir fazer a moradia para as n\u00e3o sei quantas mil fam\u00edlias que est\u00e3o envolvidas nisso. Ent\u00e3o, a engrenagem \u00e9 essa. Voc\u00ea amplifica, voc\u00ea tem uma ideia de por que o Brasil se transformou numa imensa f\u00e1brica de consenso em torno dessas coisas. Portanto voc\u00ea faz um bot\u00e3o, faz uma planilha, faz um movimento de entidade, e as pessoas participam e gerem. O que aconteceu com os movimentos sociais no Brasil? A USP portanto \u00e9 um caso, apenas um caso disso. Um caso patol\u00f3gico, grandioso, com 6 mil empreendedores \u2013 nem todos s\u00e3o empreendedores, tem a raia ol\u00edmpica, a ECA, a FFLCH, esses n\u00e3o conseguem nada \u2013 eles passam&#8230; perdi o fio da meada.<\/p>\n\n\n\n<hr class=\"wp-block-separator has-text-color has-theme-palette-2-color has-alpha-channel-opacity has-theme-palette-2-background-color has-background\"\/>\n\n\n<style>.kb-row-layout-id3365_b331ab-af > .kt-row-column-wrap{align-content:start;}:where(.kb-row-layout-id3365_b331ab-af > .kt-row-column-wrap) > .wp-block-kadence-column{justify-content:start;}.kb-row-layout-id3365_b331ab-af > .kt-row-column-wrap{column-gap:var(--global-kb-gap-md, 2rem);row-gap:var(--global-kb-gap-md, 2rem);max-width:var( --global-content-width, 1600px );padding-left:var(--global-content-edge-padding);padding-right:var(--global-content-edge-padding);padding-top:var(--global-kb-spacing-xxl, 5rem);padding-bottom:var(--global-kb-spacing-xxl, 5rem);grid-template-columns:minmax(0, 1fr);}.kb-row-layout-id3365_b331ab-af > .kt-row-layout-overlay{opacity:0.30;}@media all and (max-width: 1024px){.kb-row-layout-id3365_b331ab-af > .kt-row-column-wrap{grid-template-columns:minmax(0, 1fr);}}@media all and (max-width: 767px){.kb-row-layout-id3365_b331ab-af > .kt-row-column-wrap{grid-template-columns:minmax(0, 1fr);}}<\/style><div class=\"kb-row-layout-wrap kb-row-layout-id3365_b331ab-af alignfull has-theme-palette3-background-color kt-row-has-bg wp-block-kadence-rowlayout\"><div class=\"kt-row-column-wrap kt-has-1-columns kt-row-layout-equal kt-tab-layout-inherit kt-mobile-layout-row kt-row-valign-top kb-theme-content-width\">\n<style>.kadence-column3365_1a340c-ee > .kt-inside-inner-col,.kadence-column3365_1a340c-ee > .kt-inside-inner-col:before{border-top-left-radius:0px;border-top-right-radius:0px;border-bottom-right-radius:0px;border-bottom-left-radius:0px;}.kadence-column3365_1a340c-ee > .kt-inside-inner-col{column-gap:var(--global-kb-gap-sm, 1rem);}.kadence-column3365_1a340c-ee > .kt-inside-inner-col{flex-direction:column;}.kadence-column3365_1a340c-ee > .kt-inside-inner-col > .aligncenter{width:100%;}.kadence-column3365_1a340c-ee > .kt-inside-inner-col:before{opacity:0.3;}.kadence-column3365_1a340c-ee{position:relative;}@media all and (max-width: 1024px){.kadence-column3365_1a340c-ee > .kt-inside-inner-col{flex-direction:column;justify-content:center;}}@media all and (max-width: 767px){.kadence-column3365_1a340c-ee > .kt-inside-inner-col{flex-direction:column;justify-content:center;}}<\/style>\n<div class=\"wp-block-kadence-column kadence-column3365_1a340c-ee\"><div class=\"kt-inside-inner-col\"><style>.kb-row-layout-wrap.wp-block-kadence-rowlayout.kb-row-layout-id3365_7a7566-b7{margin-bottom:var(--global-kb-spacing-xl, 4rem);}.kb-row-layout-id3365_7a7566-b7 > .kt-row-column-wrap{align-content:start;}:where(.kb-row-layout-id3365_7a7566-b7 > .kt-row-column-wrap) > .wp-block-kadence-column{justify-content:start;}.kb-row-layout-id3365_7a7566-b7 > .kt-row-column-wrap{column-gap:var(--global-kb-gap-md, 2rem);row-gap:var(--global-kb-gap-md, 2rem);max-width:1000px;margin-left:auto;margin-right:auto;padding-top:0px;padding-right:0px;padding-bottom:0px;padding-left:0px;grid-template-columns:minmax(0, 2fr) minmax(0, 1fr);}.kb-row-layout-id3365_7a7566-b7 > .kt-row-layout-overlay{opacity:0.30;}@media all and (max-width: 1024px){.kb-row-layout-id3365_7a7566-b7 > .kt-row-column-wrap{padding-right:var(--global-kb-spacing-4xl, 8rem);padding-left:var(--global-kb-spacing-4xl, 8rem);grid-template-columns:minmax(0, 1fr);}}@media all and (max-width: 767px){.kb-row-layout-id3365_7a7566-b7 > .kt-row-column-wrap{padding-right:0px;padding-left:0px;grid-template-columns:minmax(0, 1fr);}}<\/style><div class=\"kb-row-layout-wrap kb-row-layout-id3365_7a7566-b7 alignnone wp-block-kadence-rowlayout\"><div class=\"kt-row-column-wrap kt-has-2-columns kt-row-layout-left-golden kt-tab-layout-row kt-mobile-layout-row kt-row-valign-top\">\n<style>.kadence-column3365_d91db2-26 > .kt-inside-inner-col,.kadence-column3365_d91db2-26 > .kt-inside-inner-col:before{border-top-left-radius:0px;border-top-right-radius:0px;border-bottom-right-radius:0px;border-bottom-left-radius:0px;}.kadence-column3365_d91db2-26 > .kt-inside-inner-col{column-gap:var(--global-kb-gap-sm, 1rem);}.kadence-column3365_d91db2-26 > .kt-inside-inner-col{flex-direction:column;}.kadence-column3365_d91db2-26 > .kt-inside-inner-col > .aligncenter{width:100%;}.kadence-column3365_d91db2-26 > .kt-inside-inner-col:before{opacity:0.3;}.kadence-column3365_d91db2-26{position:relative;}@media all and (max-width: 1024px){.kadence-column3365_d91db2-26 > .kt-inside-inner-col{flex-direction:column;justify-content:center;}}@media all and (max-width: 767px){.kadence-column3365_d91db2-26 > .kt-inside-inner-col{flex-direction:column;justify-content:center;}}<\/style>\n<div class=\"wp-block-kadence-column kadence-column3365_d91db2-26\"><div class=\"kt-inside-inner-col\"><style>.wp-block-kadence-advancedheading.kt-adv-heading3365_9515bf-17, .wp-block-kadence-advancedheading.kt-adv-heading3365_9515bf-17[data-kb-block=\"kb-adv-heading3365_9515bf-17\"]{font-size:var(--global-kb-font-size-xl, 3rem);line-height:1.2;font-style:normal;}.wp-block-kadence-advancedheading.kt-adv-heading3365_9515bf-17 mark.kt-highlight, .wp-block-kadence-advancedheading.kt-adv-heading3365_9515bf-17[data-kb-block=\"kb-adv-heading3365_9515bf-17\"] mark.kt-highlight{font-style:normal;color:#f76a0c;-webkit-box-decoration-break:clone;box-decoration-break:clone;padding-top:0px;padding-right:0px;padding-bottom:0px;padding-left:0px;}.wp-block-kadence-advancedheading.kt-adv-heading3365_9515bf-17 img.kb-inline-image, .wp-block-kadence-advancedheading.kt-adv-heading3365_9515bf-17[data-kb-block=\"kb-adv-heading3365_9515bf-17\"] img.kb-inline-image{width:150px;vertical-align:baseline;}<\/style>\n<h2 class=\"kt-adv-heading3365_9515bf-17 wp-block-kadence-advancedheading has-theme-palette-9-color has-text-color\" data-kb-block=\"kb-adv-heading3365_9515bf-17\">Fotos Mateus Catilha<\/h2>\n\n\n<style>.wp-block-kadence-advancedheading.kt-adv-heading3365_77290e-74, .wp-block-kadence-advancedheading.kt-adv-heading3365_77290e-74[data-kb-block=\"kb-adv-heading3365_77290e-74\"]{font-style:normal;}.wp-block-kadence-advancedheading.kt-adv-heading3365_77290e-74 mark.kt-highlight, .wp-block-kadence-advancedheading.kt-adv-heading3365_77290e-74[data-kb-block=\"kb-adv-heading3365_77290e-74\"] mark.kt-highlight{font-style:normal;color:#f76a0c;-webkit-box-decoration-break:clone;box-decoration-break:clone;padding-top:0px;padding-right:0px;padding-bottom:0px;padding-left:0px;}.wp-block-kadence-advancedheading.kt-adv-heading3365_77290e-74 img.kb-inline-image, .wp-block-kadence-advancedheading.kt-adv-heading3365_77290e-74[data-kb-block=\"kb-adv-heading3365_77290e-74\"] img.kb-inline-image{width:150px;vertical-align:baseline;}<\/style>\n<p class=\"kt-adv-heading3365_77290e-74 wp-block-kadence-advancedheading has-theme-palette-9-color has-text-color\" data-kb-block=\"kb-adv-heading3365_77290e-74\"><\/p>\n<\/div><\/div>\n\n\n<style>.kadence-column3365_0892e1-e3 > .kt-inside-inner-col,.kadence-column3365_0892e1-e3 > .kt-inside-inner-col:before{border-top-left-radius:0px;border-top-right-radius:0px;border-bottom-right-radius:0px;border-bottom-left-radius:0px;}.kadence-column3365_0892e1-e3 > .kt-inside-inner-col{column-gap:var(--global-kb-gap-sm, 1rem);}.kadence-column3365_0892e1-e3 > .kt-inside-inner-col{flex-direction:column;}.kadence-column3365_0892e1-e3 > .kt-inside-inner-col > .aligncenter{width:100%;}.kadence-column3365_0892e1-e3 > .kt-inside-inner-col:before{opacity:0.3;}.kadence-column3365_0892e1-e3{position:relative;}@media all and (max-width: 1024px){.kadence-column3365_0892e1-e3 > .kt-inside-inner-col{flex-direction:column;justify-content:center;}}@media all and (max-width: 767px){.kadence-column3365_0892e1-e3 > .kt-inside-inner-col{flex-direction:column;justify-content:center;}}<\/style>\n<div class=\"wp-block-kadence-column kadence-column3365_0892e1-e3 kvs-md-false kvs-sm-false\"><div class=\"kt-inside-inner-col\"><\/div><\/div>\n\n<\/div><\/div>\n\n<style>.kb-row-layout-id3365_d0fe7e-a1 > .kt-row-column-wrap{align-content:start;}:where(.kb-row-layout-id3365_d0fe7e-a1 > .kt-row-column-wrap) > .wp-block-kadence-column{justify-content:start;}.kb-row-layout-id3365_d0fe7e-a1 > .kt-row-column-wrap{column-gap:var(--global-kb-gap-md, 2rem);row-gap:var(--global-kb-gap-md, 2rem);padding-top:0px;padding-right:0px;padding-bottom:0px;padding-left:0px;}.kb-row-layout-id3365_d0fe7e-a1 > .kt-row-column-wrap > div:not(.added-for-specificity){grid-column:initial;}.kb-row-layout-id3365_d0fe7e-a1 > .kt-row-column-wrap{grid-template-columns:repeat(3, minmax(0, 1fr));}.kb-row-layout-id3365_d0fe7e-a1 > .kt-row-layout-overlay{opacity:0.30;}@media all and (max-width: 1024px){.kb-row-layout-id3365_d0fe7e-a1 > .kt-row-column-wrap > div:not(.added-for-specificity){grid-column:initial;}}@media all and (max-width: 1024px){.kb-row-layout-id3365_d0fe7e-a1 > .kt-row-column-wrap{grid-template-columns:repeat(3, minmax(0, 1fr));}}@media all and (max-width: 767px){.kb-row-layout-id3365_d0fe7e-a1 > .kt-row-column-wrap > div:not(.added-for-specificity){grid-column:initial;}.kb-row-layout-id3365_d0fe7e-a1 > .kt-row-column-wrap{grid-template-columns:minmax(0, 1fr);}}<\/style><div class=\"kb-row-layout-wrap kb-row-layout-id3365_d0fe7e-a1 alignnone wp-block-kadence-rowlayout\"><div class=\"kt-row-column-wrap kt-has-3-columns kt-row-layout-equal kt-tab-layout-inherit kt-mobile-layout-row kt-row-valign-top\">\n<style>.kadence-column3365_d1212b-27 > .kt-inside-inner-col,.kadence-column3365_d1212b-27 > .kt-inside-inner-col:before{border-top-left-radius:0px;border-top-right-radius:0px;border-bottom-right-radius:0px;border-bottom-left-radius:0px;}.kadence-column3365_d1212b-27 > .kt-inside-inner-col{column-gap:var(--global-kb-gap-sm, 1rem);}.kadence-column3365_d1212b-27 > .kt-inside-inner-col{flex-direction:column;}.kadence-column3365_d1212b-27 > .kt-inside-inner-col > .aligncenter{width:100%;}.kadence-column3365_d1212b-27 > .kt-inside-inner-col:before{opacity:0.3;}.kadence-column3365_d1212b-27{position:relative;}@media all and (max-width: 1024px){.kadence-column3365_d1212b-27 > .kt-inside-inner-col{flex-direction:column;justify-content:center;}}@media all and (max-width: 767px){.kadence-column3365_d1212b-27 > .kt-inside-inner-col{flex-direction:column;justify-content:center;}}<\/style>\n<div class=\"wp-block-kadence-column kadence-column3365_d1212b-27\"><div class=\"kt-inside-inner-col\"><style>.wp-block-kadence-image.kb-image3365_ffa0af-84:not(.kb-specificity-added):not(.kb-extra-specificity-added){margin-bottom:0px;}.kb-image3365_ffa0af-84:not(.kb-image-is-ratio-size) .kb-img, .kb-image3365_ffa0af-84.kb-image-is-ratio-size{padding-top:0px;padding-right:0px;padding-bottom:0px;padding-left:0px;}.kb-image3365_ffa0af-84 .kb-image-has-overlay:after{opacity:0.3;}.kb-image3365_ffa0af-84 img.kb-img, .kb-image3365_ffa0af-84 .kb-img img{object-position:63% 48%;}@media all and (max-width: 767px){.wp-block-kadence-image.kb-image3365_ffa0af-84:not(.kb-specificity-added):not(.kb-extra-specificity-added){margin-bottom:var(--global-kb-spacing-md, 2rem);}}<\/style>\n<figure class=\"wp-block-kadence-image kb-image3365_ffa0af-84 size-large kb-image-is-ratio-size\"><div class=\"kb-is-ratio-image kb-image-ratio-port23\"><img decoding=\"async\" src=\"https:\/\/zeroaesquerda.com.br\/wp-content\/uploads\/2024\/09\/mateus062-6-1024x728.jpg\" alt=\"\" class=\"kb-img wp-image-3432\"\/><\/div><\/figure>\n<\/div><\/div>\n\n\n<style>.kadence-column3365_d12604-b2 > .kt-inside-inner-col,.kadence-column3365_d12604-b2 > .kt-inside-inner-col:before{border-top-left-radius:0px;border-top-right-radius:0px;border-bottom-right-radius:0px;border-bottom-left-radius:0px;}.kadence-column3365_d12604-b2 > .kt-inside-inner-col{column-gap:var(--global-kb-gap-sm, 1rem);}.kadence-column3365_d12604-b2 > .kt-inside-inner-col{flex-direction:column;}.kadence-column3365_d12604-b2 > .kt-inside-inner-col > .aligncenter{width:100%;}.kadence-column3365_d12604-b2 > .kt-inside-inner-col:before{opacity:0.3;}.kadence-column3365_d12604-b2{position:relative;}@media all and (max-width: 1024px){.kadence-column3365_d12604-b2 > .kt-inside-inner-col{flex-direction:column;justify-content:center;}}@media all and (max-width: 767px){.kadence-column3365_d12604-b2 > .kt-inside-inner-col{flex-direction:column;justify-content:center;}}<\/style>\n<div class=\"wp-block-kadence-column kadence-column3365_d12604-b2\"><div class=\"kt-inside-inner-col\"><style>.wp-block-kadence-image.kb-image3365_8b46c5-6e:not(.kb-specificity-added):not(.kb-extra-specificity-added){margin-bottom:var(--global-kb-spacing-md, 2rem);}.kb-image3365_8b46c5-6e .kb-image-has-overlay:after{opacity:0.3;}<\/style>\n<figure class=\"wp-block-kadence-image kb-image3365_8b46c5-6e size-large kb-image-is-ratio-size\"><div class=\"kb-is-ratio-image kb-image-ratio-square\"><img decoding=\"async\" src=\"https:\/\/zeroaesquerda.com.br\/wp-content\/uploads\/2024\/09\/mateus055-1-1024x728.jpg\" alt=\"\" class=\"kb-img wp-image-3427\"\/><\/div><\/figure>\n\n\n<style>.kb-image3365_7863fb-a0 .kb-image-has-overlay:after{opacity:0.3;}<\/style>\n<figure class=\"wp-block-kadence-image kb-image3365_7863fb-a0 size-large kb-image-is-ratio-size\"><div class=\"kb-is-ratio-image kb-image-ratio-land43\"><img decoding=\"async\" src=\"https:\/\/zeroaesquerda.com.br\/wp-content\/uploads\/2024\/09\/mateus058-1024x726.jpg\" alt=\"\" class=\"kb-img wp-image-3392\"\/><\/div><\/figure>\n<\/div><\/div>\n\n\n<style>.kadence-column3365_0275f0-3f > .kt-inside-inner-col,.kadence-column3365_0275f0-3f > .kt-inside-inner-col:before{border-top-left-radius:0px;border-top-right-radius:0px;border-bottom-right-radius:0px;border-bottom-left-radius:0px;}.kadence-column3365_0275f0-3f > .kt-inside-inner-col{column-gap:var(--global-kb-gap-sm, 1rem);}.kadence-column3365_0275f0-3f > .kt-inside-inner-col{flex-direction:column;}.kadence-column3365_0275f0-3f > .kt-inside-inner-col > .aligncenter{width:100%;}.kadence-column3365_0275f0-3f > .kt-inside-inner-col:before{opacity:0.3;}.kadence-column3365_0275f0-3f{position:relative;}@media all and (max-width: 1024px){.kadence-column3365_0275f0-3f > .kt-inside-inner-col{flex-direction:column;justify-content:center;}}@media all and (max-width: 767px){.kadence-column3365_0275f0-3f > .kt-inside-inner-col{flex-direction:column;justify-content:center;}}<\/style>\n<div class=\"wp-block-kadence-column kadence-column3365_0275f0-3f\"><div class=\"kt-inside-inner-col\"><style>.wp-block-kadence-image.kb-image3365_6fdb67-1a:not(.kb-specificity-added):not(.kb-extra-specificity-added){margin-bottom:var(--global-kb-spacing-md, 2rem);}.kb-image3365_6fdb67-1a .kb-image-has-overlay:after{opacity:0.3;}<\/style>\n<figure class=\"wp-block-kadence-image kb-image3365_6fdb67-1a size-large kb-image-is-ratio-size\"><div class=\"kb-is-ratio-image kb-image-ratio-land32\"><img decoding=\"async\" src=\"https:\/\/zeroaesquerda.com.br\/wp-content\/uploads\/2024\/09\/mateus056-1-1024x728.jpg\" alt=\"\" class=\"kb-img wp-image-3413\"\/><\/div><\/figure>\n\n\n<style>.kb-image3365_f72136-15 .kb-image-has-overlay:after{opacity:0.3;}.kb-image3365_f72136-15 img.kb-img, .kb-image3365_f72136-15 .kb-img img{object-position:54% 42%;}<\/style>\n<figure class=\"wp-block-kadence-image kb-image3365_f72136-15 size-full kb-image-is-ratio-size\"><div class=\"kb-is-ratio-image kb-image-ratio-land43\"><img loading=\"lazy\" decoding=\"async\" width=\"1291\" height=\"1807\" src=\"https:\/\/zeroaesquerda.com.br\/wp-content\/uploads\/2024\/09\/mateus067-1-rotated.jpg\" alt=\"\" class=\"kb-img wp-image-3416\" srcset=\"https:\/\/zeroaesquerda.com.br\/wp-content\/uploads\/2024\/09\/mateus067-1-rotated.jpg 1291w, https:\/\/zeroaesquerda.com.br\/wp-content\/uploads\/2024\/09\/mateus067-1-214x300.jpg 214w, https:\/\/zeroaesquerda.com.br\/wp-content\/uploads\/2024\/09\/mateus067-1-732x1024.jpg 732w, https:\/\/zeroaesquerda.com.br\/wp-content\/uploads\/2024\/09\/mateus067-1-768x1075.jpg 768w, https:\/\/zeroaesquerda.com.br\/wp-content\/uploads\/2024\/09\/mateus067-1-1097x1536.jpg 1097w\" sizes=\"auto, (max-width: 1291px) 100vw, 1291px\" \/><\/div><\/figure>\n<\/div><\/div>\n\n<\/div><\/div><\/div><\/div>\n\n<\/div><\/div>\n\n\n<p><\/p>\n\n\n<style>.wp-block-kadence-column.kb-section-dir-horizontal > .kt-inside-inner-col > .kt-info-box3365_166ceb-eb .kt-blocks-info-box-link-wrap{max-width:unset;}.kt-info-box3365_166ceb-eb .kt-blocks-info-box-link-wrap{border-top:23px solid #d70141;border-right:23px solid #d70141;border-bottom:23px solid #d70141;border-left:23px solid #d70141;background:#d70141;padding-top:var(--global-kb-spacing-sm, 1.5rem);padding-right:var(--global-kb-spacing-sm, 1.5rem);padding-bottom:var(--global-kb-spacing-sm, 1.5rem);padding-left:var(--global-kb-spacing-sm, 1.5rem);margin-top:50px;}.kt-info-box3365_166ceb-eb .kt-blocks-info-box-link-wrap:hover{background:#d70141;}.kt-info-box3365_166ceb-eb.wp-block-kadence-infobox{max-width:100%;}.kt-info-box3365_166ceb-eb .kadence-info-box-image-inner-intrisic-container{max-width:265px;}.kt-info-box3365_166ceb-eb .kadence-info-box-image-inner-intrisic-container .kadence-info-box-image-intrisic{padding-bottom:56.25%;width:800px;height:0px;max-width:100%;}.kt-info-box3365_166ceb-eb .kadence-info-box-icon-container .kt-info-svg-icon, .kt-info-box3365_166ceb-eb .kt-info-svg-icon-flip, .kt-info-box3365_166ceb-eb .kt-blocks-info-box-number{font-size:50px;}.kt-info-box3365_166ceb-eb .kt-blocks-info-box-media{color:#444444;background:#f7e6d4;border-color:#f7e6d4;border-top-width:5px;border-right-width:5px;border-bottom-width:5px;border-left-width:5px;padding-top:0px;padding-right:0px;padding-bottom:0px;padding-left:0px;}.kt-info-box3365_166ceb-eb .kt-blocks-info-box-media-container{margin-top:-75px;margin-right:0px;margin-bottom:20px;margin-left:0px;}.kt-info-box3365_166ceb-eb .kt-blocks-info-box-link-wrap:hover .kt-blocks-info-box-media{color:#444444;background:#f7e6d4;border-color:#f7e6d4;}.kt-info-box3365_166ceb-eb .kt-infobox-textcontent h2.kt-blocks-info-box-title{color:#f7e6d4;padding-top:0px;padding-right:0px;padding-bottom:0px;padding-left:0px;margin-top:5px;margin-right:0px;margin-bottom:10px;margin-left:0px;}.kt-info-box3365_166ceb-eb .kt-blocks-info-box-link-wrap:hover h2.kt-blocks-info-box-title{color:#f7e6d4;}.kt-info-box3365_166ceb-eb .kt-infobox-textcontent .kt-blocks-info-box-text{color:#f4dcc3;}.kt-info-box3365_166ceb-eb .kt-blocks-info-box-link-wrap:hover .kt-blocks-info-box-text{color:#f4dcc3;}.kt-info-box3365_166ceb-eb .kt-blocks-info-box-learnmore{background:transparent;border-width:0px 0px 0px 0px;padding-top:4px;padding-right:8px;padding-bottom:4px;padding-left:8px;margin-top:10px;margin-right:0px;margin-bottom:10px;margin-left:0px;}@media all and (max-width: 1024px){.kt-info-box3365_166ceb-eb .kt-blocks-info-box-link-wrap{border-top:23px solid #d70141;border-right:23px solid #d70141;border-bottom:23px solid #d70141;border-left:23px solid #d70141;}}@media all and (max-width: 767px){.kt-info-box3365_166ceb-eb .kt-blocks-info-box-link-wrap{border-top:23px solid #d70141;border-right:23px solid #d70141;border-bottom:23px solid #d70141;border-left:23px solid #d70141;}}<\/style>\n<div class=\"wp-block-kadence-infobox kt-info-box3365_166ceb-eb\"><span class=\"kt-blocks-info-box-link-wrap info-box-link kt-blocks-info-box-media-align-top kt-info-halign-left\"><div class=\"kt-blocks-info-box-media-container\"><div class=\"kt-blocks-info-box-media kt-info-media-animate-none\"><div class=\"kadence-info-box-image-inner-intrisic-container\"><div class=\"kadence-info-box-image-intrisic kt-info-animate-none\"><div class=\"kadence-info-box-image-inner-intrisic\"><img loading=\"lazy\" decoding=\"async\" src=\"https:\/\/zeroaesquerda.com.br\/wp-content\/uploads\/2024\/09\/image_processing20200201-29235-1kelnnb.jpg\" alt=\"\" width=\"800\" height=\"450\" class=\"kt-info-box-image wp-image-3401\" srcset=\"https:\/\/zeroaesquerda.com.br\/wp-content\/uploads\/2024\/09\/image_processing20200201-29235-1kelnnb.jpg 800w, https:\/\/zeroaesquerda.com.br\/wp-content\/uploads\/2024\/09\/image_processing20200201-29235-1kelnnb-300x169.jpg 300w, https:\/\/zeroaesquerda.com.br\/wp-content\/uploads\/2024\/09\/image_processing20200201-29235-1kelnnb-768x432.jpg 768w\" sizes=\"auto, (max-width: 800px) 100vw, 800px\" \/><\/div><\/div><\/div><\/div><\/div><div class=\"kt-infobox-textcontent\"><h2 class=\"kt-blocks-info-box-title\">Paulo Arantes<\/h2><p class=\"kt-blocks-info-box-text\">\u00e9 fil\u00f3sofo e professor aposentado do Departamento de Filosofia da Universidade de S\u00e3o Paulo (USP)<\/p><\/div><\/span><\/div>\n\n\n\n<div class=\"wp-block-columns is-layout-flex wp-container-core-columns-is-layout-61ecc280 wp-block-columns-is-layout-flex\" style=\"padding-top:2.5rem;padding-right:2.5rem;padding-bottom:2.5rem;padding-left:2.5rem\">\n<div class=\"wp-block-column is-layout-flow wp-block-column-is-layout-flow\" style=\"flex-basis:25%\"><\/div>\n\n\n\n<div class=\"wp-block-column is-layout-flow wp-block-column-is-layout-flow\" style=\"flex-basis:75%\">\n<h2 class=\"wp-block-heading\">Lucas Melo Souza<\/h2>\n\n\n\n<p>dedicou-se \u00e0 reflex\u00e3o no \u00e2mbito da teoria cr\u00edtica e da cr\u00edtica cultural. Pesquisou ao longo de nove anos a obra de Walter Benjamin, a respeito de quem publicou artigos e redigiu sua disserta\u00e7\u00e3o de mestrado, diplomada postumamente pela FFLCH-USP, sobre o conceito de montagem enquanto m\u00e9todo<\/p>\n\n\n\n<div class=\"wp-block-buttons is-layout-flex wp-block-buttons-is-layout-flex\">\n<div class=\"wp-block-button\"><a class=\"wp-block-button__link wp-element-button\">Transcritor<\/a><\/div>\n<\/div>\n<\/div>\n<\/div>\n\n\n\n<div class=\"wp-block-columns is-layout-flex wp-container-core-columns-is-layout-61ecc280 wp-block-columns-is-layout-flex\" style=\"padding-top:2.5rem;padding-right:2.5rem;padding-bottom:2.5rem;padding-left:2.5rem\">\n<div class=\"wp-block-column is-layout-flow wp-block-column-is-layout-flow\" style=\"flex-basis:25%\"><\/div>\n\n\n\n<div class=\"wp-block-column is-layout-flow wp-block-column-is-layout-flow\" style=\"flex-basis:75%\">\n<h2 class=\"wp-block-heading\">Mateus Castilha<\/h2>\n\n\n\n<p>\u00e9 pesquisador em filosofia e fot\u00f3grafo. Trabalha atualmente na programa\u00e7\u00e3o art\u00edstica do Sesc-SP. Defendeu mestrado intitulado &#8220;Foucault e a deuxi\u00e8me gauche&#8221; pela FFLCH-USP.&nbsp;<\/p>\n\n\n\n<div class=\"wp-block-buttons is-layout-flex wp-block-buttons-is-layout-flex\">\n<div class=\"wp-block-button\"><a class=\"wp-block-button__link wp-element-button\">Transcritor<\/a><\/div>\n<\/div>\n<\/div>\n<\/div>\n<div class=\"speaker-mute footnotes_reference_container\"> <div class=\"footnote_container_prepare\"><p><span role=\"button\" tabindex=\"0\" class=\"footnote_reference_container_label pointer\" onclick=\"footnote_expand_collapse_reference_container_3365_1();\">&#x202F;<\/span><span role=\"button\" tabindex=\"0\" class=\"footnote_reference_container_collapse_button\" style=\"display: none;\" onclick=\"footnote_expand_collapse_reference_container_3365_1();\">[<a id=\"footnote_reference_container_collapse_button_3365_1\">+<\/a>]<\/span><\/p><\/div> <div id=\"footnote_references_container_3365_1\" style=\"\"><table class=\"footnotes_table footnote-reference-container\"><caption class=\"accessibility\">References<\/caption> <tbody> \r\n\r\n<tr class=\"footnotes_plugin_reference_row\"> <th scope=\"row\" id=\"footnote_plugin_reference_3365_1_1\" class=\"footnote_plugin_index pointer\" onclick=\"footnote_moveToAnchor_3365_1('footnote_plugin_tooltip_3365_1_1');\"><a role=\"button\" tabindex=\"0\" class=\"footnote_plugin_link\" ><span class=\"footnote_index_arrow\">&#8593;<\/span>1<\/a><\/th> <td class=\"footnote_plugin_text\"> \u201cA frase \u00e9 de Schiller\u201d, lembrou Paulo Arantes, que dela se serviu para abrir a confer\u00eancia realizada no Teatro Laborat\u00f3rio da ECA-USP em 15 de agosto de 2014, a convite do Departamento de Artes C\u00eanicas. O debate, que contou com a participa\u00e7\u00e3o do prof. Tercio Loureiro Redondo, era parte de uma programa\u00e7\u00e3o de discuss\u00f5es sobre  o atual estado da Universidade de S\u00e3o Paulo organizada pelo movimento de greve dos docentes dessa universidade. A fala de Paulo Arantes, e que consiste o presente texto, foi transcrita por Lucas Souza e Mateus Castilha, que acrescentaram tamb\u00e9m as notas. <\/td><\/tr>\r\n\r\n<tr class=\"footnotes_plugin_reference_row\"> <th scope=\"row\" id=\"footnote_plugin_reference_3365_1_2\" class=\"footnote_plugin_index pointer\" onclick=\"footnote_moveToAnchor_3365_1('footnote_plugin_tooltip_3365_1_2');\"><a role=\"button\" tabindex=\"0\" class=\"footnote_plugin_link\" ><span class=\"footnote_index_arrow\">&#8593;<\/span>2<\/a><\/th> <td class=\"footnote_plugin_text\">Sheila Slaughter e Larry L. Leslie, Academic Capitalism (Johns Hopkins UP, 1997). <\/td><\/tr>\r\n\r\n<tr class=\"footnotes_plugin_reference_row\"> <th scope=\"row\" id=\"footnote_plugin_reference_3365_1_3\" class=\"footnote_plugin_index pointer\" onclick=\"footnote_moveToAnchor_3365_1('footnote_plugin_tooltip_3365_1_3');\"><a role=\"button\" tabindex=\"0\" class=\"footnote_plugin_link\" ><span class=\"footnote_index_arrow\">&#8593;<\/span>3<\/a><\/th> <td class=\"footnote_plugin_text\">Maria Caramez Carlotto, <em>A burocratiza\u00e7\u00e3o da universidade e seus efeitos sobre a din\u00e2mica de incorpora\u00e7\u00e3o de demandas sociais e sobre as atividades de ensino e pesquisa. <\/em>(Tese de doutorado em Sociologia, FFLCH-USP, 2010).<\/td><\/tr>\r\n\r\n<tr class=\"footnotes_plugin_reference_row\"> <th scope=\"row\" id=\"footnote_plugin_reference_3365_1_4\" class=\"footnote_plugin_index pointer\" onclick=\"footnote_moveToAnchor_3365_1('footnote_plugin_tooltip_3365_1_4');\"><a role=\"button\" tabindex=\"0\" class=\"footnote_plugin_link\" ><span class=\"footnote_index_arrow\">&#8593;<\/span>4<\/a><\/th> <td class=\"footnote_plugin_text\">Franklin Leopoldo e Silva, \u201cA experi\u00eancia universit\u00e1ria entre dois liberalismos\u201d (Revista Tempo Social, USP, n.11, 1999). <\/td><\/tr>\r\n\r\n<tr class=\"footnotes_plugin_reference_row\"> <th scope=\"row\" id=\"footnote_plugin_reference_3365_1_5\" class=\"footnote_plugin_index pointer\" onclick=\"footnote_moveToAnchor_3365_1('footnote_plugin_tooltip_3365_1_5');\"><a role=\"button\" tabindex=\"0\" class=\"footnote_plugin_link\" ><span class=\"footnote_index_arrow\">&#8593;<\/span>5<\/a><\/th> <td class=\"footnote_plugin_text\"> Digress\u00e3o: <em>Tinha debate na televis\u00e3o, debate no r\u00e1dio, quem defendia o Maluf era o Celso Pastor (n\u00e3o sei est\u00e1 a\u00ed do lado ainda). E sabe quem era o nosso porta voz? Quem discutia planilhas com o Pastor e o Orlando? Era um economista tamb\u00e9m rec\u00e9m-chegado do ex\u00edlio, com o fim do AI-5 podia voltar, virou deputado e alguns anos depois secret\u00e1rio de planejamento do governo Montoro que foi eleito: economista Jos\u00e9 Serra. Algumas coisas curiosas: a hist\u00f3ria do Brasil, quando voc\u00ea v\u00ea com 50 anos de dist\u00e2ncia as coisas, as pe\u00e7as s\u00e3o as mesmas, nas v\u00e1rias posi\u00e7\u00f5es. Ent\u00e3o, bem e mal nunca s\u00e3o muito definidos. Existe uma zona cinzenta em que todos transitamos.<\/em><\/td><\/tr>\r\n\r\n<tr class=\"footnotes_plugin_reference_row\"> <th scope=\"row\" id=\"footnote_plugin_reference_3365_1_6\" class=\"footnote_plugin_index pointer\" onclick=\"footnote_moveToAnchor_3365_1('footnote_plugin_tooltip_3365_1_6');\"><a role=\"button\" tabindex=\"0\" class=\"footnote_plugin_link\" ><span class=\"footnote_index_arrow\">&#8593;<\/span>6<\/a><\/th> <td class=\"footnote_plugin_text\">Digress\u00e3o: <em>\u00c9 uma gera\u00e7\u00e3o de te\u00f3ricos e militantes que eu conhe\u00e7o de nome e que s\u00e3o franceses. Dois deles vir\u00e3o ao Brasil no ano que vem e eu estou tentando publicar um livro deles naquela cole\u00e7\u00e3o, \u201cEstado de S\u00edtio\u201d <\/em>[Pierre Dardot e Christian Laval, <em>La nouvelle raison du monde <\/em>(Paris, La D\u00e9couverte, 2010)].<\/td><\/tr>\r\n\r\n<tr class=\"footnotes_plugin_reference_row\"> <th scope=\"row\" id=\"footnote_plugin_reference_3365_1_7\" class=\"footnote_plugin_index pointer\" onclick=\"footnote_moveToAnchor_3365_1('footnote_plugin_tooltip_3365_1_7');\"><a role=\"button\" tabindex=\"0\" class=\"footnote_plugin_link\" ><span class=\"footnote_index_arrow\">&#8593;<\/span>7<\/a><\/th> <td class=\"footnote_plugin_text\"> Digress\u00e3o: <em>Existe uma literatura enorme a respeito disso, sobre teoria das organiza\u00e7\u00f5es, das grandes corpora\u00e7\u00f5es capitalistas contempor\u00e2neas, sobre o que significa o benchmarking \u2013 o regime de metas, por assim dizer, ou de refer\u00eancias, pois n\u00e3o s\u00e3o metas fixas, mas metas flutuantes de desempenho de qualquer trabalhador, funcion\u00e1rio, assalariado nas grandes corpora\u00e7\u00f5es multinacionais, e nem t\u00e3o multinacionais, ou qualquer boteco de esquina tem isso.<\/em> <\/td><\/tr>\r\n\r\n<tr class=\"footnotes_plugin_reference_row\"> <th scope=\"row\" id=\"footnote_plugin_reference_3365_1_8\" class=\"footnote_plugin_index pointer\" onclick=\"footnote_moveToAnchor_3365_1('footnote_plugin_tooltip_3365_1_8');\"><a role=\"button\" tabindex=\"0\" class=\"footnote_plugin_link\" ><span class=\"footnote_index_arrow\">&#8593;<\/span>8<\/a><\/th> <td class=\"footnote_plugin_text\">Dispon\u00edvel em &lt;<a href=\"http:\/\/stoa.usp.br\/politica\/weblog\/99841.html\"><span class=\"footnote_url_wrap\">http:\/\/stoa.usp.br\/politica\/weblog\/99841.html<\/span><\/a>&gt;. <\/td><\/tr>\r\n\r\n<tr class=\"footnotes_plugin_reference_row\"> <th scope=\"row\" id=\"footnote_plugin_reference_3365_1_9\" class=\"footnote_plugin_index pointer\" onclick=\"footnote_moveToAnchor_3365_1('footnote_plugin_tooltip_3365_1_9');\"><a role=\"button\" tabindex=\"0\" class=\"footnote_plugin_link\" ><span class=\"footnote_index_arrow\">&#8593;<\/span>9<\/a><\/th> <td class=\"footnote_plugin_text\">Digress\u00e3o: <em>As particulares s\u00e3o um neg\u00f3cio \u00e0 parte, n\u00e3o \u00e9 que seja um neg\u00f3cio, uma coisa a parte, tem diretamente a ver com o mundo do trabalho. Eles est\u00e3o l\u00e1, s\u00e3o trabalhadores que est\u00e3o nas particulares.<\/em><\/td><\/tr>\r\n\r\n<tr class=\"footnotes_plugin_reference_row\"> <th scope=\"row\" id=\"footnote_plugin_reference_3365_1_10\" class=\"footnote_plugin_index pointer\" onclick=\"footnote_moveToAnchor_3365_1('footnote_plugin_tooltip_3365_1_10');\"><a role=\"button\" tabindex=\"0\" class=\"footnote_plugin_link\" ><span class=\"footnote_index_arrow\">&#8593;<\/span>10<\/a><\/th> <td class=\"footnote_plugin_text\">Regina Magalh\u00e3es de Souza, <em>O discurso do protagonismo juvenil <\/em>(Tese de Doutorado em Sociologia, FFLCH-USP, 2010). <\/td><\/tr>\r\n\r\n<tr class=\"footnotes_plugin_reference_row\"> <th scope=\"row\" id=\"footnote_plugin_reference_3365_1_11\" class=\"footnote_plugin_index pointer\" onclick=\"footnote_moveToAnchor_3365_1('footnote_plugin_tooltip_3365_1_11');\"><a role=\"button\" tabindex=\"0\" class=\"footnote_plugin_link\" ><span class=\"footnote_index_arrow\">&#8593;<\/span>11<\/a><\/th> <td class=\"footnote_plugin_text\">Digress\u00e3o: <em>Esse professor n\u00e3o sabe o que era ser professor a 60, 70 anos atr\u00e1s, quando eu fui aluno na rede estadual p\u00fablica em S\u00e3o Paulo, e as cadeiras eram providas por concursos, que naquela \u00e9poca j\u00e1 eram preenchidas por professores formados na FFLCH, portanto havia uma coisa fundamental que \u00e9 chamada o reconhecimento social. Ser professor de portugu\u00eas numa escola p\u00fablica em S\u00e3o Paulo era uma coisa importante. A pessoa era reconhecida socialmente. Hoje \u00e9 lixo. \u00c9 entulho. \u00c9 refugo.<\/em><\/td><\/tr>\r\n\r\n<tr class=\"footnotes_plugin_reference_row\"> <th scope=\"row\" id=\"footnote_plugin_reference_3365_1_12\" class=\"footnote_plugin_index pointer\" onclick=\"footnote_moveToAnchor_3365_1('footnote_plugin_tooltip_3365_1_12');\"><a role=\"button\" tabindex=\"0\" class=\"footnote_plugin_link\" ><span class=\"footnote_index_arrow\">&#8593;<\/span>12<\/a><\/th> <td class=\"footnote_plugin_text\"> <em>Pro dia nascer feliz<\/em>. Dire\u00e7\u00e3o de Jo\u00e3o Jardim (DVD, 2006).<\/td><\/tr>\r\n\r\n<tr class=\"footnotes_plugin_reference_row\"> <th scope=\"row\" id=\"footnote_plugin_reference_3365_1_13\" class=\"footnote_plugin_index pointer\" onclick=\"footnote_moveToAnchor_3365_1('footnote_plugin_tooltip_3365_1_13');\"><a role=\"button\" tabindex=\"0\" class=\"footnote_plugin_link\" ><span class=\"footnote_index_arrow\">&#8593;<\/span>13<\/a><\/th> <td class=\"footnote_plugin_text\"><em>Entre les murs<\/em>. Dire\u00e7\u00e3o de Laurent Cantet. (DVD, 2008).<\/td><\/tr>\r\n\r\n <\/tbody> <\/table> <\/div><\/div><script type=\"text\/javascript\"> function footnote_expand_reference_container_3365_1() { jQuery('#footnote_references_container_3365_1').show(); jQuery('#footnote_reference_container_collapse_button_3365_1').text('\u2212'); } function footnote_collapse_reference_container_3365_1() { jQuery('#footnote_references_container_3365_1').hide(); jQuery('#footnote_reference_container_collapse_button_3365_1').text('+'); } function footnote_expand_collapse_reference_container_3365_1() { if (jQuery('#footnote_references_container_3365_1').is(':hidden')) { footnote_expand_reference_container_3365_1(); } else { footnote_collapse_reference_container_3365_1(); } } function footnote_moveToReference_3365_1(p_str_TargetID) { footnote_expand_reference_container_3365_1(); var l_obj_Target = jQuery('#' + p_str_TargetID); if (l_obj_Target.length) { jQuery( 'html, body' ).delay( 0 ); jQuery('html, body').animate({ scrollTop: l_obj_Target.offset().top - window.innerHeight * 0.2 }, 380); } } function footnote_moveToAnchor_3365_1(p_str_TargetID) { footnote_expand_reference_container_3365_1(); var l_obj_Target = jQuery('#' + p_str_TargetID); if (l_obj_Target.length) { jQuery( 'html, body' ).delay( 0 ); jQuery('html, body').animate({ scrollTop: l_obj_Target.offset().top - window.innerHeight * 0.2 }, 380); } }<\/script>","protected":false},"excerpt":{"rendered":"<p>Paulo Eduardo Arantes Capitalismo acad\u00eamico As t\u00e1buas do palco representam o mundo [1]\u201cA frase \u00e9 de Schiller\u201d, lembrou Paulo Arantes, que dela se serviu para abrir a confer\u00eancia realizada no Teatro Laborat\u00f3rio da ECA-USP em 15 de agosto de 2014, a convite do Departamento de&nbsp;&#x2026; Continue reading Primeiro gostaria de dizer o seguinte, a S\u00edlvia&#8230;<\/p>\n","protected":false},"author":1,"featured_media":0,"comment_status":"open","ping_status":"open","sticky":false,"template":"","format":"standard","meta":{"_coblocks_attr":"","_coblocks_dimensions":"","_coblocks_responsive_height":"","_coblocks_accordion_ie_support":"","om_disable_all_campaigns":false,"_monsterinsights_skip_tracking":false,"_monsterinsights_sitenote_active":false,"_monsterinsights_sitenote_note":"","_monsterinsights_sitenote_category":0,"_uf_show_specific_survey":0,"_uf_disable_surveys":false,"_kadence_starter_templates_imported_post":false,"_kad_post_transparent":"","_kad_post_title":"","_kad_post_layout":"","_kad_post_sidebar_id":"","_kad_post_content_style":"","_kad_post_vertical_padding":"","_kad_post_feature":"","_kad_post_feature_position":"","_kad_post_header":false,"_kad_post_footer":false,"_kad_post_classname":"","footnotes":""},"categories":[558,347],"tags":[133,564,238,265,563],"class_list":["post-3365","post","type-post","status-publish","format-standard","hentry","category-paulo-arantes","category-producoes","tag-filosofia","tag-movimento-estudantil","tag-movimentos-sociais","tag-politica","tag-usp"],"yoast_head":"<!-- This site is optimized with the Yoast SEO plugin v27.4 - https:\/\/yoast.com\/product\/yoast-seo-wordpress\/ -->\n<title>Capitalismo acad\u00eamico \u2013 Paulo Arantes - Zero \u00e0 Esquerda<\/title>\n<meta name=\"description\" content=\"As t\u00e1buas do palco representam o mundo. - \u201cA frase \u00e9 de Schiller\u201d, lembrou Paulo Arantes, que dela se serviu para abrir a confer\u00eancia realizada no Teatro Laborat\u00f3rio da ECA-USP em 15 de agosto de 2014, a convite do Departamento de Artes C\u00eanicas.\" \/>\n<meta name=\"robots\" content=\"index, follow, max-snippet:-1, max-image-preview:large, max-video-preview:-1\" \/>\n<link rel=\"canonical\" href=\"https:\/\/zeroaesquerda.com.br\/index.php\/2024\/09\/20\/capitalismo-academico-paulo-arantes\/\" \/>\n<meta property=\"og:locale\" content=\"pt_BR\" \/>\n<meta property=\"og:type\" content=\"article\" \/>\n<meta property=\"og:title\" content=\"Capitalismo acad\u00eamico \u2013 Paulo Arantes - Zero \u00e0 Esquerda\" \/>\n<meta property=\"og:description\" content=\"As t\u00e1buas do palco representam o mundo. - \u201cA frase \u00e9 de Schiller\u201d, lembrou Paulo Arantes, que dela se serviu para abrir a confer\u00eancia realizada no Teatro Laborat\u00f3rio da ECA-USP em 15 de agosto de 2014, a convite do Departamento de Artes C\u00eanicas.\" \/>\n<meta property=\"og:url\" content=\"https:\/\/zeroaesquerda.com.br\/index.php\/2024\/09\/20\/capitalismo-academico-paulo-arantes\/\" \/>\n<meta property=\"og:site_name\" content=\"Zero \u00e0 Esquerda\" \/>\n<meta property=\"article:publisher\" content=\"https:\/\/www.facebook.com\/revistazeroaesquerda\" \/>\n<meta property=\"article:published_time\" content=\"2024-09-20T15:30:00+00:00\" \/>\n<meta property=\"article:modified_time\" content=\"2024-10-11T00:39:32+00:00\" \/>\n<meta property=\"og:image\" content=\"https:\/\/zeroaesquerda.com.br\/wp-content\/uploads\/2024\/09\/mateus058.jpg\" \/>\n\t<meta property=\"og:image:width\" content=\"1816\" \/>\n\t<meta property=\"og:image:height\" content=\"1288\" \/>\n\t<meta property=\"og:image:type\" content=\"image\/jpeg\" \/>\n<meta name=\"author\" content=\"Zero \u00e0 Esquerda\" \/>\n<meta name=\"twitter:card\" content=\"summary_large_image\" \/>\n<meta name=\"twitter:image\" content=\"https:\/\/zeroaesquerda.com.br\/wp-content\/uploads\/2024\/09\/mateus067-1-rotated.jpg\" \/>\n<meta name=\"twitter:creator\" content=\"@z3roaesquerda\" \/>\n<meta name=\"twitter:site\" content=\"@z3roaesquerda\" \/>\n<meta name=\"twitter:label1\" content=\"Escrito por\" \/>\n\t<meta name=\"twitter:data1\" content=\"Zero \u00e0 Esquerda\" \/>\n\t<meta name=\"twitter:label2\" content=\"Est. tempo de leitura\" \/>\n\t<meta name=\"twitter:data2\" content=\"56 minutos\" \/>\n<script type=\"application\/ld+json\" class=\"yoast-schema-graph\">{\"@context\":\"https:\\\/\\\/schema.org\",\"@graph\":[{\"@type\":\"Article\",\"@id\":\"https:\\\/\\\/zeroaesquerda.com.br\\\/index.php\\\/2024\\\/09\\\/20\\\/capitalismo-academico-paulo-arantes\\\/#article\",\"isPartOf\":{\"@id\":\"https:\\\/\\\/zeroaesquerda.com.br\\\/index.php\\\/2024\\\/09\\\/20\\\/capitalismo-academico-paulo-arantes\\\/\"},\"author\":{\"name\":\"Zero \u00e0 Esquerda\",\"@id\":\"https:\\\/\\\/zeroaesquerda.com.br\\\/#\\\/schema\\\/person\\\/04e72095a4fbe77f00c7b047955ed0b8\"},\"headline\":\"Capitalismo acad\u00eamico \u2013 Paulo Arantes\",\"datePublished\":\"2024-09-20T15:30:00+00:00\",\"dateModified\":\"2024-10-11T00:39:32+00:00\",\"mainEntityOfPage\":{\"@id\":\"https:\\\/\\\/zeroaesquerda.com.br\\\/index.php\\\/2024\\\/09\\\/20\\\/capitalismo-academico-paulo-arantes\\\/\"},\"wordCount\":10465,\"commentCount\":0,\"publisher\":{\"@id\":\"https:\\\/\\\/zeroaesquerda.com.br\\\/#organization\"},\"image\":{\"@id\":\"https:\\\/\\\/zeroaesquerda.com.br\\\/index.php\\\/2024\\\/09\\\/20\\\/capitalismo-academico-paulo-arantes\\\/#primaryimage\"},\"thumbnailUrl\":\"https:\\\/\\\/zeroaesquerda.com.br\\\/wp-content\\\/uploads\\\/2024\\\/09\\\/mateus067-1-732x1024.jpg\",\"keywords\":[\"Filosofia\",\"movimento estudantil\",\"Movimentos Sociais\",\"Pol\u00edtica\",\"USP\"],\"articleSection\":[\"Paulo Arantes\",\"Produ\u00e7\u00f5es\"],\"inLanguage\":\"pt-BR\",\"potentialAction\":[{\"@type\":\"CommentAction\",\"name\":\"Comment\",\"target\":[\"https:\\\/\\\/zeroaesquerda.com.br\\\/index.php\\\/2024\\\/09\\\/20\\\/capitalismo-academico-paulo-arantes\\\/#respond\"]}]},{\"@type\":\"WebPage\",\"@id\":\"https:\\\/\\\/zeroaesquerda.com.br\\\/index.php\\\/2024\\\/09\\\/20\\\/capitalismo-academico-paulo-arantes\\\/\",\"url\":\"https:\\\/\\\/zeroaesquerda.com.br\\\/index.php\\\/2024\\\/09\\\/20\\\/capitalismo-academico-paulo-arantes\\\/\",\"name\":\"Capitalismo acad\u00eamico \u2013 Paulo Arantes - Zero \u00e0 Esquerda\",\"isPartOf\":{\"@id\":\"https:\\\/\\\/zeroaesquerda.com.br\\\/#website\"},\"primaryImageOfPage\":{\"@id\":\"https:\\\/\\\/zeroaesquerda.com.br\\\/index.php\\\/2024\\\/09\\\/20\\\/capitalismo-academico-paulo-arantes\\\/#primaryimage\"},\"image\":{\"@id\":\"https:\\\/\\\/zeroaesquerda.com.br\\\/index.php\\\/2024\\\/09\\\/20\\\/capitalismo-academico-paulo-arantes\\\/#primaryimage\"},\"thumbnailUrl\":\"https:\\\/\\\/zeroaesquerda.com.br\\\/wp-content\\\/uploads\\\/2024\\\/09\\\/mateus067-1-732x1024.jpg\",\"datePublished\":\"2024-09-20T15:30:00+00:00\",\"dateModified\":\"2024-10-11T00:39:32+00:00\",\"description\":\"As t\u00e1buas do palco representam o mundo. - \u201cA frase \u00e9 de Schiller\u201d, lembrou Paulo Arantes, que dela se serviu para abrir a confer\u00eancia realizada no Teatro Laborat\u00f3rio da ECA-USP em 15 de agosto de 2014, a convite do Departamento de Artes C\u00eanicas.\",\"breadcrumb\":{\"@id\":\"https:\\\/\\\/zeroaesquerda.com.br\\\/index.php\\\/2024\\\/09\\\/20\\\/capitalismo-academico-paulo-arantes\\\/#breadcrumb\"},\"inLanguage\":\"pt-BR\",\"potentialAction\":[{\"@type\":\"ReadAction\",\"target\":[\"https:\\\/\\\/zeroaesquerda.com.br\\\/index.php\\\/2024\\\/09\\\/20\\\/capitalismo-academico-paulo-arantes\\\/\"]}]},{\"@type\":\"ImageObject\",\"inLanguage\":\"pt-BR\",\"@id\":\"https:\\\/\\\/zeroaesquerda.com.br\\\/index.php\\\/2024\\\/09\\\/20\\\/capitalismo-academico-paulo-arantes\\\/#primaryimage\",\"url\":\"https:\\\/\\\/zeroaesquerda.com.br\\\/wp-content\\\/uploads\\\/2024\\\/09\\\/mateus067-1-rotated.jpg\",\"contentUrl\":\"https:\\\/\\\/zeroaesquerda.com.br\\\/wp-content\\\/uploads\\\/2024\\\/09\\\/mateus067-1-rotated.jpg\",\"width\":1291,\"height\":1807},{\"@type\":\"BreadcrumbList\",\"@id\":\"https:\\\/\\\/zeroaesquerda.com.br\\\/index.php\\\/2024\\\/09\\\/20\\\/capitalismo-academico-paulo-arantes\\\/#breadcrumb\",\"itemListElement\":[{\"@type\":\"ListItem\",\"position\":1,\"name\":\"In\u00edcio\",\"item\":\"https:\\\/\\\/zeroaesquerda.com.br\\\/\"},{\"@type\":\"ListItem\",\"position\":2,\"name\":\"Capitalismo acad\u00eamico \u2013 Paulo Arantes\"}]},{\"@type\":\"WebSite\",\"@id\":\"https:\\\/\\\/zeroaesquerda.com.br\\\/#website\",\"url\":\"https:\\\/\\\/zeroaesquerda.com.br\\\/\",\"name\":\"Zero \u00e0 Esquerda\",\"description\":\"Tra\u00e7ando tend\u00eancias para al\u00e9m do capitalismo.\",\"publisher\":{\"@id\":\"https:\\\/\\\/zeroaesquerda.com.br\\\/#organization\"},\"potentialAction\":[{\"@type\":\"SearchAction\",\"target\":{\"@type\":\"EntryPoint\",\"urlTemplate\":\"https:\\\/\\\/zeroaesquerda.com.br\\\/?s={search_term_string}\"},\"query-input\":{\"@type\":\"PropertyValueSpecification\",\"valueRequired\":true,\"valueName\":\"search_term_string\"}}],\"inLanguage\":\"pt-BR\"},{\"@type\":\"Organization\",\"@id\":\"https:\\\/\\\/zeroaesquerda.com.br\\\/#organization\",\"name\":\"Zero \u00e0 Esquerda\",\"url\":\"https:\\\/\\\/zeroaesquerda.com.br\\\/\",\"logo\":{\"@type\":\"ImageObject\",\"inLanguage\":\"pt-BR\",\"@id\":\"https:\\\/\\\/zeroaesquerda.com.br\\\/#\\\/schema\\\/logo\\\/image\\\/\",\"url\":\"https:\\\/\\\/zeroaesquerda.com.br\\\/wp-content\\\/uploads\\\/2021\\\/01\\\/4-simbolo-zero-a-esquerda-favicon-alt.png\",\"contentUrl\":\"https:\\\/\\\/zeroaesquerda.com.br\\\/wp-content\\\/uploads\\\/2021\\\/01\\\/4-simbolo-zero-a-esquerda-favicon-alt.png\",\"width\":1271,\"height\":1069,\"caption\":\"Zero \u00e0 Esquerda\"},\"image\":{\"@id\":\"https:\\\/\\\/zeroaesquerda.com.br\\\/#\\\/schema\\\/logo\\\/image\\\/\"},\"sameAs\":[\"https:\\\/\\\/www.facebook.com\\\/revistazeroaesquerda\",\"https:\\\/\\\/x.com\\\/z3roaesquerda\",\"https:\\\/\\\/www.instagram.com\\\/revistazeroaesquerda\\\/\",\"https:\\\/\\\/www.youtube.com\\\/channel\\\/UCIaGx271Qw6D1QwqYBojrLw\"]},{\"@type\":\"Person\",\"@id\":\"https:\\\/\\\/zeroaesquerda.com.br\\\/#\\\/schema\\\/person\\\/04e72095a4fbe77f00c7b047955ed0b8\",\"name\":\"Zero \u00e0 Esquerda\",\"image\":{\"@type\":\"ImageObject\",\"inLanguage\":\"pt-BR\",\"@id\":\"https:\\\/\\\/secure.gravatar.com\\\/avatar\\\/a417d8eccb1cec435aa9a93213f41ee528a636232351421dedc4ada2160b3f1b?s=96&d=mm&r=g\",\"url\":\"https:\\\/\\\/secure.gravatar.com\\\/avatar\\\/a417d8eccb1cec435aa9a93213f41ee528a636232351421dedc4ada2160b3f1b?s=96&d=mm&r=g\",\"contentUrl\":\"https:\\\/\\\/secure.gravatar.com\\\/avatar\\\/a417d8eccb1cec435aa9a93213f41ee528a636232351421dedc4ada2160b3f1b?s=96&d=mm&r=g\",\"caption\":\"Zero \u00e0 Esquerda\"},\"description\":\"Tra\u00e7ando tend\u00eancias para al\u00e9m do capitalismo.\",\"sameAs\":[\"http:\\\/\\\/zeroaesquerda.com.br\"],\"url\":\"https:\\\/\\\/zeroaesquerda.com.br\\\/index.php\\\/author\\\/revistazeroaesquerdagmail-com\\\/\"}]}<\/script>\n<!-- \/ Yoast SEO plugin. -->","yoast_head_json":{"title":"Capitalismo acad\u00eamico \u2013 Paulo Arantes - Zero \u00e0 Esquerda","description":"As t\u00e1buas do palco representam o mundo. - \u201cA frase \u00e9 de Schiller\u201d, lembrou Paulo Arantes, que dela se serviu para abrir a confer\u00eancia realizada no Teatro Laborat\u00f3rio da ECA-USP em 15 de agosto de 2014, a convite do Departamento de Artes C\u00eanicas.","robots":{"index":"index","follow":"follow","max-snippet":"max-snippet:-1","max-image-preview":"max-image-preview:large","max-video-preview":"max-video-preview:-1"},"canonical":"https:\/\/zeroaesquerda.com.br\/index.php\/2024\/09\/20\/capitalismo-academico-paulo-arantes\/","og_locale":"pt_BR","og_type":"article","og_title":"Capitalismo acad\u00eamico \u2013 Paulo Arantes - Zero \u00e0 Esquerda","og_description":"As t\u00e1buas do palco representam o mundo. - \u201cA frase \u00e9 de Schiller\u201d, lembrou Paulo Arantes, que dela se serviu para abrir a confer\u00eancia realizada no Teatro Laborat\u00f3rio da ECA-USP em 15 de agosto de 2014, a convite do Departamento de Artes C\u00eanicas.","og_url":"https:\/\/zeroaesquerda.com.br\/index.php\/2024\/09\/20\/capitalismo-academico-paulo-arantes\/","og_site_name":"Zero \u00e0 Esquerda","article_publisher":"https:\/\/www.facebook.com\/revistazeroaesquerda","article_published_time":"2024-09-20T15:30:00+00:00","article_modified_time":"2024-10-11T00:39:32+00:00","og_image":[{"width":1816,"height":1288,"url":"https:\/\/zeroaesquerda.com.br\/wp-content\/uploads\/2024\/09\/mateus058.jpg","type":"image\/jpeg"}],"author":"Zero \u00e0 Esquerda","twitter_card":"summary_large_image","twitter_image":"https:\/\/zeroaesquerda.com.br\/wp-content\/uploads\/2024\/09\/mateus067-1-rotated.jpg","twitter_creator":"@z3roaesquerda","twitter_site":"@z3roaesquerda","twitter_misc":{"Escrito por":"Zero \u00e0 Esquerda","Est. tempo de leitura":"56 minutos"},"schema":{"@context":"https:\/\/schema.org","@graph":[{"@type":"Article","@id":"https:\/\/zeroaesquerda.com.br\/index.php\/2024\/09\/20\/capitalismo-academico-paulo-arantes\/#article","isPartOf":{"@id":"https:\/\/zeroaesquerda.com.br\/index.php\/2024\/09\/20\/capitalismo-academico-paulo-arantes\/"},"author":{"name":"Zero \u00e0 Esquerda","@id":"https:\/\/zeroaesquerda.com.br\/#\/schema\/person\/04e72095a4fbe77f00c7b047955ed0b8"},"headline":"Capitalismo acad\u00eamico \u2013 Paulo Arantes","datePublished":"2024-09-20T15:30:00+00:00","dateModified":"2024-10-11T00:39:32+00:00","mainEntityOfPage":{"@id":"https:\/\/zeroaesquerda.com.br\/index.php\/2024\/09\/20\/capitalismo-academico-paulo-arantes\/"},"wordCount":10465,"commentCount":0,"publisher":{"@id":"https:\/\/zeroaesquerda.com.br\/#organization"},"image":{"@id":"https:\/\/zeroaesquerda.com.br\/index.php\/2024\/09\/20\/capitalismo-academico-paulo-arantes\/#primaryimage"},"thumbnailUrl":"https:\/\/zeroaesquerda.com.br\/wp-content\/uploads\/2024\/09\/mateus067-1-732x1024.jpg","keywords":["Filosofia","movimento estudantil","Movimentos Sociais","Pol\u00edtica","USP"],"articleSection":["Paulo Arantes","Produ\u00e7\u00f5es"],"inLanguage":"pt-BR","potentialAction":[{"@type":"CommentAction","name":"Comment","target":["https:\/\/zeroaesquerda.com.br\/index.php\/2024\/09\/20\/capitalismo-academico-paulo-arantes\/#respond"]}]},{"@type":"WebPage","@id":"https:\/\/zeroaesquerda.com.br\/index.php\/2024\/09\/20\/capitalismo-academico-paulo-arantes\/","url":"https:\/\/zeroaesquerda.com.br\/index.php\/2024\/09\/20\/capitalismo-academico-paulo-arantes\/","name":"Capitalismo acad\u00eamico \u2013 Paulo Arantes - Zero \u00e0 Esquerda","isPartOf":{"@id":"https:\/\/zeroaesquerda.com.br\/#website"},"primaryImageOfPage":{"@id":"https:\/\/zeroaesquerda.com.br\/index.php\/2024\/09\/20\/capitalismo-academico-paulo-arantes\/#primaryimage"},"image":{"@id":"https:\/\/zeroaesquerda.com.br\/index.php\/2024\/09\/20\/capitalismo-academico-paulo-arantes\/#primaryimage"},"thumbnailUrl":"https:\/\/zeroaesquerda.com.br\/wp-content\/uploads\/2024\/09\/mateus067-1-732x1024.jpg","datePublished":"2024-09-20T15:30:00+00:00","dateModified":"2024-10-11T00:39:32+00:00","description":"As t\u00e1buas do palco representam o mundo. - \u201cA frase \u00e9 de Schiller\u201d, lembrou Paulo Arantes, que dela se serviu para abrir a confer\u00eancia realizada no Teatro Laborat\u00f3rio da ECA-USP em 15 de agosto de 2014, a convite do Departamento de Artes C\u00eanicas.","breadcrumb":{"@id":"https:\/\/zeroaesquerda.com.br\/index.php\/2024\/09\/20\/capitalismo-academico-paulo-arantes\/#breadcrumb"},"inLanguage":"pt-BR","potentialAction":[{"@type":"ReadAction","target":["https:\/\/zeroaesquerda.com.br\/index.php\/2024\/09\/20\/capitalismo-academico-paulo-arantes\/"]}]},{"@type":"ImageObject","inLanguage":"pt-BR","@id":"https:\/\/zeroaesquerda.com.br\/index.php\/2024\/09\/20\/capitalismo-academico-paulo-arantes\/#primaryimage","url":"https:\/\/zeroaesquerda.com.br\/wp-content\/uploads\/2024\/09\/mateus067-1-rotated.jpg","contentUrl":"https:\/\/zeroaesquerda.com.br\/wp-content\/uploads\/2024\/09\/mateus067-1-rotated.jpg","width":1291,"height":1807},{"@type":"BreadcrumbList","@id":"https:\/\/zeroaesquerda.com.br\/index.php\/2024\/09\/20\/capitalismo-academico-paulo-arantes\/#breadcrumb","itemListElement":[{"@type":"ListItem","position":1,"name":"In\u00edcio","item":"https:\/\/zeroaesquerda.com.br\/"},{"@type":"ListItem","position":2,"name":"Capitalismo acad\u00eamico \u2013 Paulo Arantes"}]},{"@type":"WebSite","@id":"https:\/\/zeroaesquerda.com.br\/#website","url":"https:\/\/zeroaesquerda.com.br\/","name":"Zero \u00e0 Esquerda","description":"Tra\u00e7ando tend\u00eancias para al\u00e9m do capitalismo.","publisher":{"@id":"https:\/\/zeroaesquerda.com.br\/#organization"},"potentialAction":[{"@type":"SearchAction","target":{"@type":"EntryPoint","urlTemplate":"https:\/\/zeroaesquerda.com.br\/?s={search_term_string}"},"query-input":{"@type":"PropertyValueSpecification","valueRequired":true,"valueName":"search_term_string"}}],"inLanguage":"pt-BR"},{"@type":"Organization","@id":"https:\/\/zeroaesquerda.com.br\/#organization","name":"Zero \u00e0 Esquerda","url":"https:\/\/zeroaesquerda.com.br\/","logo":{"@type":"ImageObject","inLanguage":"pt-BR","@id":"https:\/\/zeroaesquerda.com.br\/#\/schema\/logo\/image\/","url":"https:\/\/zeroaesquerda.com.br\/wp-content\/uploads\/2021\/01\/4-simbolo-zero-a-esquerda-favicon-alt.png","contentUrl":"https:\/\/zeroaesquerda.com.br\/wp-content\/uploads\/2021\/01\/4-simbolo-zero-a-esquerda-favicon-alt.png","width":1271,"height":1069,"caption":"Zero \u00e0 Esquerda"},"image":{"@id":"https:\/\/zeroaesquerda.com.br\/#\/schema\/logo\/image\/"},"sameAs":["https:\/\/www.facebook.com\/revistazeroaesquerda","https:\/\/x.com\/z3roaesquerda","https:\/\/www.instagram.com\/revistazeroaesquerda\/","https:\/\/www.youtube.com\/channel\/UCIaGx271Qw6D1QwqYBojrLw"]},{"@type":"Person","@id":"https:\/\/zeroaesquerda.com.br\/#\/schema\/person\/04e72095a4fbe77f00c7b047955ed0b8","name":"Zero \u00e0 Esquerda","image":{"@type":"ImageObject","inLanguage":"pt-BR","@id":"https:\/\/secure.gravatar.com\/avatar\/a417d8eccb1cec435aa9a93213f41ee528a636232351421dedc4ada2160b3f1b?s=96&d=mm&r=g","url":"https:\/\/secure.gravatar.com\/avatar\/a417d8eccb1cec435aa9a93213f41ee528a636232351421dedc4ada2160b3f1b?s=96&d=mm&r=g","contentUrl":"https:\/\/secure.gravatar.com\/avatar\/a417d8eccb1cec435aa9a93213f41ee528a636232351421dedc4ada2160b3f1b?s=96&d=mm&r=g","caption":"Zero \u00e0 Esquerda"},"description":"Tra\u00e7ando tend\u00eancias para al\u00e9m do capitalismo.","sameAs":["http:\/\/zeroaesquerda.com.br"],"url":"https:\/\/zeroaesquerda.com.br\/index.php\/author\/revistazeroaesquerdagmail-com\/"}]}},"_links":{"self":[{"href":"https:\/\/zeroaesquerda.com.br\/index.php\/wp-json\/wp\/v2\/posts\/3365","targetHints":{"allow":["GET"]}}],"collection":[{"href":"https:\/\/zeroaesquerda.com.br\/index.php\/wp-json\/wp\/v2\/posts"}],"about":[{"href":"https:\/\/zeroaesquerda.com.br\/index.php\/wp-json\/wp\/v2\/types\/post"}],"author":[{"embeddable":true,"href":"https:\/\/zeroaesquerda.com.br\/index.php\/wp-json\/wp\/v2\/users\/1"}],"replies":[{"embeddable":true,"href":"https:\/\/zeroaesquerda.com.br\/index.php\/wp-json\/wp\/v2\/comments?post=3365"}],"version-history":[{"count":28,"href":"https:\/\/zeroaesquerda.com.br\/index.php\/wp-json\/wp\/v2\/posts\/3365\/revisions"}],"predecessor-version":[{"id":3456,"href":"https:\/\/zeroaesquerda.com.br\/index.php\/wp-json\/wp\/v2\/posts\/3365\/revisions\/3456"}],"wp:attachment":[{"href":"https:\/\/zeroaesquerda.com.br\/index.php\/wp-json\/wp\/v2\/media?parent=3365"}],"wp:term":[{"taxonomy":"category","embeddable":true,"href":"https:\/\/zeroaesquerda.com.br\/index.php\/wp-json\/wp\/v2\/categories?post=3365"},{"taxonomy":"post_tag","embeddable":true,"href":"https:\/\/zeroaesquerda.com.br\/index.php\/wp-json\/wp\/v2\/tags?post=3365"}],"curies":[{"name":"wp","href":"https:\/\/api.w.org\/{rel}","templated":true}]}}