{"id":3337,"date":"2024-08-08T18:00:00","date_gmt":"2024-08-08T18:00:00","guid":{"rendered":"https:\/\/zeroaesquerda.com.br\/?p=3337"},"modified":"2024-08-08T18:23:34","modified_gmt":"2024-08-08T18:23:34","slug":"o-saber-contido-na-pequena-historia-bento-prado-junior","status":"publish","type":"post","link":"https:\/\/zeroaesquerda.com.br\/index.php\/2024\/08\/08\/o-saber-contido-na-pequena-historia-bento-prado-junior\/","title":{"rendered":"O saber contido na pequena hist\u00f3ria \u2013 Bento Prado J\u00fanior"},"content":{"rendered":"\n<figure class=\"wp-block-pullquote alignwide has-text-align-center has-theme-palette-3-color has-theme-palette-9-background-color has-text-color has-background has-link-color wp-elements-9dba0ece7b76a58a87a2ab765d91f430\" style=\"border-style:none;border-width:0px;border-radius:0px;padding-top:var(--wp--preset--spacing--30);padding-right:0;padding-bottom:var(--wp--preset--spacing--30);padding-left:0;font-size:27px\"><blockquote><p>Nos textos do franc\u00eas G\u00e9rard Lebrun, a recusa fundamental da &#8216;hist\u00f3ria filosofante&#8217; e da &#8216;an\u00e1lise estrutural&#8217;.<\/p><\/blockquote><\/figure>\n\n\n\n<p class=\"has-text-color has-link-color wp-elements-222d8e2ee59359046d2c6013530c2230\" style=\"color:#000000\">Gra\u00e7as ao empenho de Carlos Alberto Ribeiro de Moura, Maria L\u00facia Cacciola e Marta Kawano, a editora Cosac Naify acaba de premiar o leitor brasileiro com uma obra-prima, <em>A Filosofia e sua hist\u00f3ria<\/em>, de G\u00e9rard Lebrun. Trata-se de uma reuni\u00e3o de textos publicados no Brasil (onde Lebrun ensinou por longos tempos: de 1960 a 66, de 1973 a 80, sempre retornando quando poss\u00edvel, em outras datas, ao que lhe parecia uma esp\u00e9cie de segunda p\u00e1tria) por um dos maiores fil\u00f3sofos franceses da segunda metade do s\u00e9culo 20. Uma obra-prima da filosofia franco-brasileira? Pelo menos a de um pensador europeu que confessava que, quando seu avi\u00e3o se aproximava do aeroporto de Congonhas, vinha-lhe \u00e0 mente que&#8230; \u201cO bom e velho Arist\u00f3teles tinha raz\u00e3o com sua ideia de lugar natural\u201d.<\/p>\n\n\n\n<p class=\"has-text-color has-link-color wp-elements-2855ede137176af443dcfa65d5321697\" style=\"color:#000000\">S\u00e3o 27 ensaios ou artigos que percorrem de maneira original toda a hist\u00f3ria da filosofia, sublinhando de maneira aguda o interesse propriamente filos\u00f3fico de tal percurso. No espa\u00e7o desta resenha n\u00e3o ser\u00e1 poss\u00edvel indicar todas as dimens\u00f5es do grande interesse do livro em pauta. Felizmente, posso apoiar-me no belo pref\u00e1cio de Carlos Alberto Ribeiro de Moura para ajudar ainda mais o leitor a penetrar na densa tessitura da escrita, que jamais nos afasta da clareza e da eleg\u00e2ncia.<\/p>\n\n\n<div class=\"wp-block-image is-style-default\">\n<figure class=\"alignleft size-full\"><img loading=\"lazy\" decoding=\"async\" width=\"320\" height=\"473\" sizes=\"auto, (max-width: 320px) 100vw, 320px\" src=\"https:\/\/zeroaesquerda.com.br\/wp-content\/uploads\/2024\/08\/1476410-3.jpg\" alt=\"\" class=\"wp-image-3342\" srcset=\"https:\/\/zeroaesquerda.com.br\/wp-content\/uploads\/2024\/08\/1476410-3.jpg 320w, https:\/\/zeroaesquerda.com.br\/wp-content\/uploads\/2024\/08\/1476410-3-203x300.jpg 203w\" \/><\/figure>\n<\/div>\n\n\n<p class=\"has-text-color has-link-color wp-elements-9e34e5032d103be06fc7693f4cfa99b7\" style=\"color:#000000\">Mas que podemos acrescentar ao pref\u00e1cio de Carlos Alberto, no estreito espa\u00e7o dispon\u00edvel? Apenas uma nota sobre os efeitos filos\u00f3ficos da dupla recusa, por Lebrun, dos modelos da \u201chist\u00f3ria filosofante da filosofia\u201d e da \u201can\u00e1lise estrutural dos textos filos\u00f3ficos\u201d. (N\u00e3o resisto \u00e0 tenta\u00e7\u00e3o de contar aqui uma boa blague que ouvi de Lebrun: \u201cN\u00e3o h\u00e1 asneira, por mais monumental que seja, que n\u00e3o possa ser justificada e demonstrada apoditicamente por uma boa an\u00e1lise estrutural de texto\u201d.) Insistir um pouco mais naquilo que j\u00e1 est\u00e1 presente nas entrelinhas do pref\u00e1cio, mas que pode passar despercebido para uma leitura mais apressada. A tese \u00e9 a seguinte: a \u00fanica maneira para a filosofia readquirir vida &#8211; a contrapelo das modas dominantes &#8211; \u00e9 evitar tanto Car\u00edbdis (hist\u00f3ria \u201cfilosofante\u201d) quanto Cila (an\u00e1lise \u201cestrutural\u201d), privilegiando a, e detendo-se na, pequena hist\u00f3ria. Nesse estreito espa\u00e7o, poder\u00e1 livrar-se dos dogmas da Teologia do Ser ou da Verdade e da monadologia dos sistemas que secretam, cada um, sua verdade incompar\u00e1vel, acess\u00edvel apenas a quem os l\u00ea <em>Ad mentem auctoris.<\/em><\/p>\n\n\n\n<p class=\"has-text-color has-link-color wp-elements-899b64a5b6661428fdc0565474a1ef43\" style=\"color:#000000\">Mas por que poderia a &#8220;pequena hist\u00f3ria&#8221; permitir tal milagre? Lembremos que a dupla opera\u00e7\u00e3o negativa implica em ruptura com a filosofia francesa do imediato p\u00f3s-guerra, que aproximava fenomenologia e marxismo (lembremos o nome de Merleau-Ponty, ponto de partida do jovem Lebrun, com o qual batalharia ao longo de sua obra, opondo &#8211; talvez com alguma injusti\u00e7a &#8211; suas ilus\u00f5es de acesso ao Ser \u00e0 ontologia negativa de Wittgenstein, como faz em um de seus \u00faltimos textos, intitulado <em>O Devir da Filosofia<\/em>). Mas, sobretudo, permite um afastamento cr\u00edtico face \u00e0s doutrinas que se op\u00f5em no presente, fazendo uma t\u00f3pica e uma estratigrafia das quest\u00f5es levantadas nas entrelinhas dos textos e da constante metamorfose dos problemas filos\u00f3ficos. Nada mais distante de tal empresa do que as perguntas: O que \u00e9 a Filosofia? Qual seu necess\u00e1rio ponto de partida? Qual seu alvo \u00faltimo? O sentido da filosofia oculta-se diante de tais quest\u00f5es; mostra-se, pelo contr\u00e1rio, no seu devir, no seu tornar-se outra, no inventar ou criar novos problemas, nas mudan\u00e7as do olhar que abalam sua pretensa ess\u00eancia, permitindo-os libertar-nos das ideologias ou dos dogmas que nos cegam. Ceticismo? Certamente n\u00e3o, mas seguramente <em>sk\u00e9psis<\/em> (exame, pesquisa, suspens\u00e3o provis\u00f3ria, pelo menos do valor de verdade de uma tese). N\u00e3o era seu amigo e aliado M. Foucault, que fazia dessa suspens\u00e3o etapa privilegiada de seu m\u00e9todo arqueol\u00f3gico?<\/p>\n\n\n\n<p class=\"has-text-color has-link-color wp-elements-aca540e967b23c9ce973103ad8e2efc1\" style=\"color:#000000\">Como procurei mostrar alhures, \u00e9 essencial, na obra de Lebrun, a refer\u00eancia a Kant (mas tamb\u00e9m a Hume) e \u00e0 metamorfose que o fil\u00f3sofo alem\u00e3o imp\u00f5e \u00e0 concep\u00e7\u00e3o cl\u00e1ssica do erro. Opera\u00e7\u00e3o na qual n\u00e3o est\u00e1 ausente um uso de Deleuze em sua maneira de privilegiar, contra a tradi\u00e7\u00e3o cl\u00e1ssica, a concep\u00e7\u00e3o da burrice e talvez, ocorre-me no momento, de uma esp\u00e9cie de<em> esprit de s\u00e9rieux <\/em>&#8211; no limite, o senso comum que se esconde mesmo sob os discursos que o desqualificam. J\u00e1 Pascal dizia: \u201cA verdadeira filosofia ri da filosofia\u201d. Como assim sugere Pascal, a antifilosofia n\u00e3o \u00e9 de modo algum externa \u00e0 filosofia: sobretudo porque s\u00f3 podemos rir realmente ou zombar da atitude doutrinal atrav\u00e9s da pr\u00f3pria filosofia. Pois a filosofia n\u00e3o \u00e9 necessariamente a procura de um Sentido \u00daltimo das Coisas que, apenas ele, poderia garantir nossa \u201cseguran\u00e7a moral\u201d. Temos uma demanda inteiramente outra com a heur\u00edstica lebruniana que atravessa obras de autores t\u00e3o diversos quanto Pascal, Hume, Kant, Hegel e Nietzsche, todos presentes no \u201c\u00e1lbum de fam\u00edlia\u201d de nosso autor. Temos, de fato, uma interroga\u00e7\u00e3o inteiramente diferente que nunca visa o descanso final na descoberta de um Fundamento, mas, para usar a linguagem de Foucault, na tomada de consci\u00eancia do <em>d\u00e9paysement<\/em> implicado pelo esfor\u00e7o de conhecimento. \u00c9, com efeito, no empreendimento arqueol\u00f3gico de Foucault ou na iniciativa anarc\u00f4ntica de Hume que Gerard Lebrun encontra os modelos mais pr\u00f3ximos de sua pr\u00f3pria atividade hist\u00f3rico-filos\u00f3fica.<\/p>\n\n\n\n<p class=\"has-text-align-right has-theme-palette-3-color has-text-color has-link-color wp-elements-233a01afed363be205e5a9567127095e\">Texto publicado originalmente em: O Estado de S\u00e3o Paulo, domingo, 03 de setembro de 2006<\/p>\n\n\n\n<hr class=\"wp-block-separator has-text-color has-theme-palette-2-color has-alpha-channel-opacity has-theme-palette-2-background-color has-background\"\/>\n\n\n<style>.wp-block-kadence-column.kb-section-dir-horizontal > .kt-inside-inner-col > .kt-info-box3337_4d1521-23{max-width:1197px;}.wp-block-kadence-column.kb-section-dir-horizontal > .kt-inside-inner-col > .kt-info-box3337_4d1521-23 .kt-blocks-info-box-link-wrap{max-width:unset;}.kt-info-box3337_4d1521-23 .kt-blocks-info-box-link-wrap{border-top:23px solid #d70141;border-right:23px solid #d70141;border-bottom:23px solid #d70141;border-left:23px solid #d70141;background:#d70141;max-width:1197px;padding-top:var(--global-kb-spacing-sm, 1.5rem);padding-right:var(--global-kb-spacing-sm, 1.5rem);padding-bottom:var(--global-kb-spacing-sm, 1.5rem);padding-left:var(--global-kb-spacing-sm, 1.5rem);margin-top:50px;}.kt-info-box3337_4d1521-23 .kt-blocks-info-box-link-wrap:hover{background:#d70141;}.kt-info-box3337_4d1521-23.wp-block-kadence-infobox{max-width:100%;}.kt-info-box3337_4d1521-23 .kadence-info-box-image-inner-intrisic-container{max-width:97px;}.kt-info-box3337_4d1521-23 .kadence-info-box-image-inner-intrisic-container .kadence-info-box-image-intrisic{padding-bottom:138.6023%;width:601px;height:0px;max-width:100%;}.kt-info-box3337_4d1521-23 .kadence-info-box-icon-container .kt-info-svg-icon, .kt-info-box3337_4d1521-23 .kt-info-svg-icon-flip, .kt-info-box3337_4d1521-23 .kt-blocks-info-box-number{font-size:50px;}.kt-info-box3337_4d1521-23 .kt-blocks-info-box-media{color:#444444;background:#f7e6d4;border-color:#f7e6d4;border-top-width:4px;border-right-width:4px;border-bottom-width:4px;border-left-width:4px;padding-top:0px;padding-right:0px;padding-bottom:0px;padding-left:0px;}.kt-info-box3337_4d1521-23 .kt-blocks-info-box-media-container{margin-top:-75px;margin-right:0px;margin-bottom:20px;margin-left:0px;}.kt-info-box3337_4d1521-23 .kt-blocks-info-box-link-wrap:hover .kt-blocks-info-box-media{color:#444444;background:#f7e6d4;border-color:#f7e6d4;}.kt-info-box3337_4d1521-23 .kt-infobox-textcontent h2.kt-blocks-info-box-title{color:#f7e6d4;padding-top:0px;padding-right:0px;padding-bottom:0px;padding-left:0px;margin-top:5px;margin-right:0px;margin-bottom:10px;margin-left:0px;}.kt-info-box3337_4d1521-23 .kt-blocks-info-box-link-wrap:hover h2.kt-blocks-info-box-title{color:#f7e6d4;}.kt-info-box3337_4d1521-23 .kt-infobox-textcontent .kt-blocks-info-box-text{color:#f4dcc3;}.wp-block-kadence-infobox.kt-info-box3337_4d1521-23 .kt-blocks-info-box-text{letter-spacing:0.5px;}.kt-info-box3337_4d1521-23 .kt-blocks-info-box-link-wrap:hover .kt-blocks-info-box-text{color:#f4dcc3;}.kt-info-box3337_4d1521-23 .kt-blocks-info-box-learnmore{background:transparent;border-width:0px 0px 0px 0px;padding-top:4px;padding-right:8px;padding-bottom:4px;padding-left:8px;margin-top:10px;margin-right:0px;margin-bottom:10px;margin-left:0px;}@media all and (max-width: 1024px){.kt-info-box3337_4d1521-23 .kt-blocks-info-box-link-wrap{border-top:23px solid #d70141;border-right:23px solid #d70141;border-bottom:23px solid #d70141;border-left:23px solid #d70141;}}@media all and (max-width: 767px){.kt-info-box3337_4d1521-23 .kt-blocks-info-box-link-wrap{border-top:23px solid #d70141;border-right:23px solid #d70141;border-bottom:23px solid #d70141;border-left:23px solid #d70141;}}<\/style>\n<div class=\"wp-block-kadence-infobox kt-info-box3337_4d1521-23\"><span class=\"kt-blocks-info-box-link-wrap info-box-link kt-blocks-info-box-media-align-top kt-info-halign-left\"><div class=\"kt-blocks-info-box-media-container\"><div class=\"kt-blocks-info-box-media kt-info-media-animate-none\"><div class=\"kadence-info-box-image-inner-intrisic-container\"><div class=\"kadence-info-box-image-intrisic kt-info-animate-none\"><div class=\"kadence-info-box-image-inner-intrisic\"><img loading=\"lazy\" decoding=\"async\" src=\"https:\/\/zeroaesquerda.com.br\/wp-content\/uploads\/2024\/08\/dossie_abre-ineditos_Bento-Prado-Junior-1993-e1723133212904.jpg\" alt=\"\" width=\"601\" height=\"833\" class=\"kt-info-box-image wp-image-3338\" srcset=\"https:\/\/zeroaesquerda.com.br\/wp-content\/uploads\/2024\/08\/dossie_abre-ineditos_Bento-Prado-Junior-1993-e1723133212904.jpg 601w, https:\/\/zeroaesquerda.com.br\/wp-content\/uploads\/2024\/08\/dossie_abre-ineditos_Bento-Prado-Junior-1993-e1723133212904-216x300.jpg 216w\" sizes=\"auto, (max-width: 601px) 100vw, 601px\" \/><\/div><\/div><\/div><\/div><\/div><div class=\"kt-infobox-textcontent\"><h2 class=\"kt-blocks-info-box-title\">Bento Prado J\u00fanior<\/h2><p class=\"kt-blocks-info-box-text\">Foi um dos mais importantes fil\u00f3sofos brasileiros. Ensa\u00edsta, professor, escritor. Entre suas obras mais importantes est\u00e3o <em>Alguns ensaios: Filosofia, literatura e psican\u00e1lise<\/em>, <em>Erro, ilus\u00e3o, loucura<\/em> e <em>A ret\u00f3rica de Rousseau<\/em><\/p><\/div><\/span><\/div>\n\n\n\n<p><\/p>\n","protected":false},"excerpt":{"rendered":"<p>Nos textos do franc\u00eas G\u00e9rard Lebrun, a recusa fundamental da &#8216;hist\u00f3ria filosofante&#8217; e da &#8216;an\u00e1lise estrutural&#8217;. Gra\u00e7as ao empenho de Carlos Alberto Ribeiro de Moura, Maria L\u00facia Cacciola e Marta Kawano, a editora Cosac Naify acaba de premiar o leitor brasileiro com uma obra-prima, A Filosofia e sua hist\u00f3ria, de G\u00e9rard Lebrun. Trata-se de uma&#8230;<\/p>\n","protected":false},"author":1,"featured_media":3343,"comment_status":"open","ping_status":"open","sticky":false,"template":"","format":"standard","meta":{"_coblocks_attr":"","_coblocks_dimensions":"","_coblocks_responsive_height":"","_coblocks_accordion_ie_support":"","om_disable_all_campaigns":false,"_monsterinsights_skip_tracking":false,"_monsterinsights_sitenote_active":false,"_monsterinsights_sitenote_note":"","_monsterinsights_sitenote_category":0,"_uf_show_specific_survey":0,"_uf_disable_surveys":false,"_kadence_starter_templates_imported_post":false,"_kad_post_transparent":"","_kad_post_title":"","_kad_post_layout":"","_kad_post_sidebar_id":"","_kad_post_content_style":"","_kad_post_vertical_padding":"","_kad_post_feature":"","_kad_post_feature_position":"","_kad_post_header":false,"_kad_post_footer":false,"_kad_post_classname":"","footnotes":""},"categories":[554,347],"tags":[556,133,171,555],"class_list":["post-3337","post","type-post","status-publish","format-standard","has-post-thumbnail","hentry","category-bento-prado-junior","category-producoes","tag-bento-prado-jr","tag-filosofia","tag-historia","tag-lebrun"],"yoast_head":"<!-- This site is optimized with the Yoast SEO plugin v27.4 - https:\/\/yoast.com\/product\/yoast-seo-wordpress\/ -->\n<title>O saber contido na pequena hist\u00f3ria \u2013 Bento Prado J\u00fanior - Zero \u00e0 Esquerda<\/title>\n<meta name=\"description\" content=\"S\u00e3o 27 ensaios ou artigos que percorrem de maneira original toda a hist\u00f3ria da filosofia, sublinhando de maneira aguda o interesse propriamente filos\u00f3fico de tal percurso.\" \/>\n<meta name=\"robots\" content=\"index, follow, max-snippet:-1, max-image-preview:large, max-video-preview:-1\" \/>\n<link rel=\"canonical\" href=\"https:\/\/zeroaesquerda.com.br\/index.php\/2024\/08\/08\/o-saber-contido-na-pequena-historia-bento-prado-junior\/\" \/>\n<meta property=\"og:locale\" content=\"pt_BR\" \/>\n<meta property=\"og:type\" content=\"article\" \/>\n<meta property=\"og:title\" content=\"O saber contido na pequena hist\u00f3ria \u2013 Bento Prado J\u00fanior - Zero \u00e0 Esquerda\" \/>\n<meta property=\"og:description\" content=\"S\u00e3o 27 ensaios ou artigos que percorrem de maneira original toda a hist\u00f3ria da filosofia, sublinhando de maneira aguda o interesse propriamente filos\u00f3fico de tal percurso.\" \/>\n<meta property=\"og:url\" content=\"https:\/\/zeroaesquerda.com.br\/index.php\/2024\/08\/08\/o-saber-contido-na-pequena-historia-bento-prado-junior\/\" \/>\n<meta property=\"og:site_name\" content=\"Zero \u00e0 Esquerda\" \/>\n<meta property=\"article:publisher\" content=\"https:\/\/www.facebook.com\/revistazeroaesquerda\" \/>\n<meta property=\"article:published_time\" content=\"2024-08-08T18:00:00+00:00\" \/>\n<meta property=\"article:modified_time\" content=\"2024-08-08T18:23:34+00:00\" \/>\n<meta property=\"og:image\" content=\"https:\/\/zeroaesquerda.com.br\/wp-content\/uploads\/2024\/08\/Design-sem-nome.jpg\" \/>\n\t<meta property=\"og:image:width\" content=\"1920\" \/>\n\t<meta property=\"og:image:height\" content=\"1080\" \/>\n\t<meta property=\"og:image:type\" content=\"image\/jpeg\" \/>\n<meta name=\"author\" content=\"Zero \u00e0 Esquerda\" \/>\n<meta name=\"twitter:card\" content=\"summary_large_image\" \/>\n<meta name=\"twitter:creator\" content=\"@z3roaesquerda\" \/>\n<meta name=\"twitter:site\" content=\"@z3roaesquerda\" \/>\n<meta name=\"twitter:label1\" content=\"Escrito por\" \/>\n\t<meta name=\"twitter:data1\" content=\"Zero \u00e0 Esquerda\" \/>\n\t<meta name=\"twitter:label2\" content=\"Est. tempo de leitura\" \/>\n\t<meta name=\"twitter:data2\" content=\"6 minutos\" \/>\n<script type=\"application\/ld+json\" class=\"yoast-schema-graph\">{\"@context\":\"https:\\\/\\\/schema.org\",\"@graph\":[{\"@type\":\"Article\",\"@id\":\"https:\\\/\\\/zeroaesquerda.com.br\\\/index.php\\\/2024\\\/08\\\/08\\\/o-saber-contido-na-pequena-historia-bento-prado-junior\\\/#article\",\"isPartOf\":{\"@id\":\"https:\\\/\\\/zeroaesquerda.com.br\\\/index.php\\\/2024\\\/08\\\/08\\\/o-saber-contido-na-pequena-historia-bento-prado-junior\\\/\"},\"author\":{\"name\":\"Zero \u00e0 Esquerda\",\"@id\":\"https:\\\/\\\/zeroaesquerda.com.br\\\/#\\\/schema\\\/person\\\/04e72095a4fbe77f00c7b047955ed0b8\"},\"headline\":\"O saber contido na pequena hist\u00f3ria \u2013 Bento Prado J\u00fanior\",\"datePublished\":\"2024-08-08T18:00:00+00:00\",\"dateModified\":\"2024-08-08T18:23:34+00:00\",\"mainEntityOfPage\":{\"@id\":\"https:\\\/\\\/zeroaesquerda.com.br\\\/index.php\\\/2024\\\/08\\\/08\\\/o-saber-contido-na-pequena-historia-bento-prado-junior\\\/\"},\"wordCount\":999,\"commentCount\":0,\"publisher\":{\"@id\":\"https:\\\/\\\/zeroaesquerda.com.br\\\/#organization\"},\"image\":{\"@id\":\"https:\\\/\\\/zeroaesquerda.com.br\\\/index.php\\\/2024\\\/08\\\/08\\\/o-saber-contido-na-pequena-historia-bento-prado-junior\\\/#primaryimage\"},\"thumbnailUrl\":\"https:\\\/\\\/zeroaesquerda.com.br\\\/wp-content\\\/uploads\\\/2024\\\/08\\\/Design-sem-nome.jpg\",\"keywords\":[\"Bento Prado Jr\",\"Filosofia\",\"Hist\u00f3ria\",\"Lebrun\"],\"articleSection\":[\"Bento Prado J\u00fanior\",\"Produ\u00e7\u00f5es\"],\"inLanguage\":\"pt-BR\",\"potentialAction\":[{\"@type\":\"CommentAction\",\"name\":\"Comment\",\"target\":[\"https:\\\/\\\/zeroaesquerda.com.br\\\/index.php\\\/2024\\\/08\\\/08\\\/o-saber-contido-na-pequena-historia-bento-prado-junior\\\/#respond\"]}]},{\"@type\":\"WebPage\",\"@id\":\"https:\\\/\\\/zeroaesquerda.com.br\\\/index.php\\\/2024\\\/08\\\/08\\\/o-saber-contido-na-pequena-historia-bento-prado-junior\\\/\",\"url\":\"https:\\\/\\\/zeroaesquerda.com.br\\\/index.php\\\/2024\\\/08\\\/08\\\/o-saber-contido-na-pequena-historia-bento-prado-junior\\\/\",\"name\":\"O saber contido na pequena hist\u00f3ria \u2013 Bento Prado J\u00fanior - Zero \u00e0 Esquerda\",\"isPartOf\":{\"@id\":\"https:\\\/\\\/zeroaesquerda.com.br\\\/#website\"},\"primaryImageOfPage\":{\"@id\":\"https:\\\/\\\/zeroaesquerda.com.br\\\/index.php\\\/2024\\\/08\\\/08\\\/o-saber-contido-na-pequena-historia-bento-prado-junior\\\/#primaryimage\"},\"image\":{\"@id\":\"https:\\\/\\\/zeroaesquerda.com.br\\\/index.php\\\/2024\\\/08\\\/08\\\/o-saber-contido-na-pequena-historia-bento-prado-junior\\\/#primaryimage\"},\"thumbnailUrl\":\"https:\\\/\\\/zeroaesquerda.com.br\\\/wp-content\\\/uploads\\\/2024\\\/08\\\/Design-sem-nome.jpg\",\"datePublished\":\"2024-08-08T18:00:00+00:00\",\"dateModified\":\"2024-08-08T18:23:34+00:00\",\"description\":\"S\u00e3o 27 ensaios ou artigos que percorrem de maneira original toda a hist\u00f3ria da filosofia, sublinhando de maneira aguda o interesse propriamente filos\u00f3fico de tal percurso.\",\"breadcrumb\":{\"@id\":\"https:\\\/\\\/zeroaesquerda.com.br\\\/index.php\\\/2024\\\/08\\\/08\\\/o-saber-contido-na-pequena-historia-bento-prado-junior\\\/#breadcrumb\"},\"inLanguage\":\"pt-BR\",\"potentialAction\":[{\"@type\":\"ReadAction\",\"target\":[\"https:\\\/\\\/zeroaesquerda.com.br\\\/index.php\\\/2024\\\/08\\\/08\\\/o-saber-contido-na-pequena-historia-bento-prado-junior\\\/\"]}]},{\"@type\":\"ImageObject\",\"inLanguage\":\"pt-BR\",\"@id\":\"https:\\\/\\\/zeroaesquerda.com.br\\\/index.php\\\/2024\\\/08\\\/08\\\/o-saber-contido-na-pequena-historia-bento-prado-junior\\\/#primaryimage\",\"url\":\"https:\\\/\\\/zeroaesquerda.com.br\\\/wp-content\\\/uploads\\\/2024\\\/08\\\/Design-sem-nome.jpg\",\"contentUrl\":\"https:\\\/\\\/zeroaesquerda.com.br\\\/wp-content\\\/uploads\\\/2024\\\/08\\\/Design-sem-nome.jpg\",\"width\":1920,\"height\":1080},{\"@type\":\"BreadcrumbList\",\"@id\":\"https:\\\/\\\/zeroaesquerda.com.br\\\/index.php\\\/2024\\\/08\\\/08\\\/o-saber-contido-na-pequena-historia-bento-prado-junior\\\/#breadcrumb\",\"itemListElement\":[{\"@type\":\"ListItem\",\"position\":1,\"name\":\"In\u00edcio\",\"item\":\"https:\\\/\\\/zeroaesquerda.com.br\\\/\"},{\"@type\":\"ListItem\",\"position\":2,\"name\":\"O saber contido na pequena hist\u00f3ria \u2013 Bento Prado J\u00fanior\"}]},{\"@type\":\"WebSite\",\"@id\":\"https:\\\/\\\/zeroaesquerda.com.br\\\/#website\",\"url\":\"https:\\\/\\\/zeroaesquerda.com.br\\\/\",\"name\":\"Zero \u00e0 Esquerda\",\"description\":\"Tra\u00e7ando tend\u00eancias para al\u00e9m do capitalismo.\",\"publisher\":{\"@id\":\"https:\\\/\\\/zeroaesquerda.com.br\\\/#organization\"},\"potentialAction\":[{\"@type\":\"SearchAction\",\"target\":{\"@type\":\"EntryPoint\",\"urlTemplate\":\"https:\\\/\\\/zeroaesquerda.com.br\\\/?s={search_term_string}\"},\"query-input\":{\"@type\":\"PropertyValueSpecification\",\"valueRequired\":true,\"valueName\":\"search_term_string\"}}],\"inLanguage\":\"pt-BR\"},{\"@type\":\"Organization\",\"@id\":\"https:\\\/\\\/zeroaesquerda.com.br\\\/#organization\",\"name\":\"Zero \u00e0 Esquerda\",\"url\":\"https:\\\/\\\/zeroaesquerda.com.br\\\/\",\"logo\":{\"@type\":\"ImageObject\",\"inLanguage\":\"pt-BR\",\"@id\":\"https:\\\/\\\/zeroaesquerda.com.br\\\/#\\\/schema\\\/logo\\\/image\\\/\",\"url\":\"https:\\\/\\\/zeroaesquerda.com.br\\\/wp-content\\\/uploads\\\/2021\\\/01\\\/4-simbolo-zero-a-esquerda-favicon-alt.png\",\"contentUrl\":\"https:\\\/\\\/zeroaesquerda.com.br\\\/wp-content\\\/uploads\\\/2021\\\/01\\\/4-simbolo-zero-a-esquerda-favicon-alt.png\",\"width\":1271,\"height\":1069,\"caption\":\"Zero \u00e0 Esquerda\"},\"image\":{\"@id\":\"https:\\\/\\\/zeroaesquerda.com.br\\\/#\\\/schema\\\/logo\\\/image\\\/\"},\"sameAs\":[\"https:\\\/\\\/www.facebook.com\\\/revistazeroaesquerda\",\"https:\\\/\\\/x.com\\\/z3roaesquerda\",\"https:\\\/\\\/www.instagram.com\\\/revistazeroaesquerda\\\/\",\"https:\\\/\\\/www.youtube.com\\\/channel\\\/UCIaGx271Qw6D1QwqYBojrLw\"]},{\"@type\":\"Person\",\"@id\":\"https:\\\/\\\/zeroaesquerda.com.br\\\/#\\\/schema\\\/person\\\/04e72095a4fbe77f00c7b047955ed0b8\",\"name\":\"Zero \u00e0 Esquerda\",\"image\":{\"@type\":\"ImageObject\",\"inLanguage\":\"pt-BR\",\"@id\":\"https:\\\/\\\/secure.gravatar.com\\\/avatar\\\/a417d8eccb1cec435aa9a93213f41ee528a636232351421dedc4ada2160b3f1b?s=96&d=mm&r=g\",\"url\":\"https:\\\/\\\/secure.gravatar.com\\\/avatar\\\/a417d8eccb1cec435aa9a93213f41ee528a636232351421dedc4ada2160b3f1b?s=96&d=mm&r=g\",\"contentUrl\":\"https:\\\/\\\/secure.gravatar.com\\\/avatar\\\/a417d8eccb1cec435aa9a93213f41ee528a636232351421dedc4ada2160b3f1b?s=96&d=mm&r=g\",\"caption\":\"Zero \u00e0 Esquerda\"},\"description\":\"Tra\u00e7ando tend\u00eancias para al\u00e9m do capitalismo.\",\"sameAs\":[\"http:\\\/\\\/zeroaesquerda.com.br\"],\"url\":\"https:\\\/\\\/zeroaesquerda.com.br\\\/index.php\\\/author\\\/revistazeroaesquerdagmail-com\\\/\"}]}<\/script>\n<!-- \/ Yoast SEO plugin. -->","yoast_head_json":{"title":"O saber contido na pequena hist\u00f3ria \u2013 Bento Prado J\u00fanior - Zero \u00e0 Esquerda","description":"S\u00e3o 27 ensaios ou artigos que percorrem de maneira original toda a hist\u00f3ria da filosofia, sublinhando de maneira aguda o interesse propriamente filos\u00f3fico de tal percurso.","robots":{"index":"index","follow":"follow","max-snippet":"max-snippet:-1","max-image-preview":"max-image-preview:large","max-video-preview":"max-video-preview:-1"},"canonical":"https:\/\/zeroaesquerda.com.br\/index.php\/2024\/08\/08\/o-saber-contido-na-pequena-historia-bento-prado-junior\/","og_locale":"pt_BR","og_type":"article","og_title":"O saber contido na pequena hist\u00f3ria \u2013 Bento Prado J\u00fanior - Zero \u00e0 Esquerda","og_description":"S\u00e3o 27 ensaios ou artigos que percorrem de maneira original toda a hist\u00f3ria da filosofia, sublinhando de maneira aguda o interesse propriamente filos\u00f3fico de tal percurso.","og_url":"https:\/\/zeroaesquerda.com.br\/index.php\/2024\/08\/08\/o-saber-contido-na-pequena-historia-bento-prado-junior\/","og_site_name":"Zero \u00e0 Esquerda","article_publisher":"https:\/\/www.facebook.com\/revistazeroaesquerda","article_published_time":"2024-08-08T18:00:00+00:00","article_modified_time":"2024-08-08T18:23:34+00:00","og_image":[{"width":1920,"height":1080,"url":"https:\/\/zeroaesquerda.com.br\/wp-content\/uploads\/2024\/08\/Design-sem-nome.jpg","type":"image\/jpeg"}],"author":"Zero \u00e0 Esquerda","twitter_card":"summary_large_image","twitter_creator":"@z3roaesquerda","twitter_site":"@z3roaesquerda","twitter_misc":{"Escrito por":"Zero \u00e0 Esquerda","Est. tempo de leitura":"6 minutos"},"schema":{"@context":"https:\/\/schema.org","@graph":[{"@type":"Article","@id":"https:\/\/zeroaesquerda.com.br\/index.php\/2024\/08\/08\/o-saber-contido-na-pequena-historia-bento-prado-junior\/#article","isPartOf":{"@id":"https:\/\/zeroaesquerda.com.br\/index.php\/2024\/08\/08\/o-saber-contido-na-pequena-historia-bento-prado-junior\/"},"author":{"name":"Zero \u00e0 Esquerda","@id":"https:\/\/zeroaesquerda.com.br\/#\/schema\/person\/04e72095a4fbe77f00c7b047955ed0b8"},"headline":"O saber contido na pequena hist\u00f3ria \u2013 Bento Prado J\u00fanior","datePublished":"2024-08-08T18:00:00+00:00","dateModified":"2024-08-08T18:23:34+00:00","mainEntityOfPage":{"@id":"https:\/\/zeroaesquerda.com.br\/index.php\/2024\/08\/08\/o-saber-contido-na-pequena-historia-bento-prado-junior\/"},"wordCount":999,"commentCount":0,"publisher":{"@id":"https:\/\/zeroaesquerda.com.br\/#organization"},"image":{"@id":"https:\/\/zeroaesquerda.com.br\/index.php\/2024\/08\/08\/o-saber-contido-na-pequena-historia-bento-prado-junior\/#primaryimage"},"thumbnailUrl":"https:\/\/zeroaesquerda.com.br\/wp-content\/uploads\/2024\/08\/Design-sem-nome.jpg","keywords":["Bento Prado Jr","Filosofia","Hist\u00f3ria","Lebrun"],"articleSection":["Bento Prado J\u00fanior","Produ\u00e7\u00f5es"],"inLanguage":"pt-BR","potentialAction":[{"@type":"CommentAction","name":"Comment","target":["https:\/\/zeroaesquerda.com.br\/index.php\/2024\/08\/08\/o-saber-contido-na-pequena-historia-bento-prado-junior\/#respond"]}]},{"@type":"WebPage","@id":"https:\/\/zeroaesquerda.com.br\/index.php\/2024\/08\/08\/o-saber-contido-na-pequena-historia-bento-prado-junior\/","url":"https:\/\/zeroaesquerda.com.br\/index.php\/2024\/08\/08\/o-saber-contido-na-pequena-historia-bento-prado-junior\/","name":"O saber contido na pequena hist\u00f3ria \u2013 Bento Prado J\u00fanior - Zero \u00e0 Esquerda","isPartOf":{"@id":"https:\/\/zeroaesquerda.com.br\/#website"},"primaryImageOfPage":{"@id":"https:\/\/zeroaesquerda.com.br\/index.php\/2024\/08\/08\/o-saber-contido-na-pequena-historia-bento-prado-junior\/#primaryimage"},"image":{"@id":"https:\/\/zeroaesquerda.com.br\/index.php\/2024\/08\/08\/o-saber-contido-na-pequena-historia-bento-prado-junior\/#primaryimage"},"thumbnailUrl":"https:\/\/zeroaesquerda.com.br\/wp-content\/uploads\/2024\/08\/Design-sem-nome.jpg","datePublished":"2024-08-08T18:00:00+00:00","dateModified":"2024-08-08T18:23:34+00:00","description":"S\u00e3o 27 ensaios ou artigos que percorrem de maneira original toda a hist\u00f3ria da filosofia, sublinhando de maneira aguda o interesse propriamente filos\u00f3fico de tal percurso.","breadcrumb":{"@id":"https:\/\/zeroaesquerda.com.br\/index.php\/2024\/08\/08\/o-saber-contido-na-pequena-historia-bento-prado-junior\/#breadcrumb"},"inLanguage":"pt-BR","potentialAction":[{"@type":"ReadAction","target":["https:\/\/zeroaesquerda.com.br\/index.php\/2024\/08\/08\/o-saber-contido-na-pequena-historia-bento-prado-junior\/"]}]},{"@type":"ImageObject","inLanguage":"pt-BR","@id":"https:\/\/zeroaesquerda.com.br\/index.php\/2024\/08\/08\/o-saber-contido-na-pequena-historia-bento-prado-junior\/#primaryimage","url":"https:\/\/zeroaesquerda.com.br\/wp-content\/uploads\/2024\/08\/Design-sem-nome.jpg","contentUrl":"https:\/\/zeroaesquerda.com.br\/wp-content\/uploads\/2024\/08\/Design-sem-nome.jpg","width":1920,"height":1080},{"@type":"BreadcrumbList","@id":"https:\/\/zeroaesquerda.com.br\/index.php\/2024\/08\/08\/o-saber-contido-na-pequena-historia-bento-prado-junior\/#breadcrumb","itemListElement":[{"@type":"ListItem","position":1,"name":"In\u00edcio","item":"https:\/\/zeroaesquerda.com.br\/"},{"@type":"ListItem","position":2,"name":"O saber contido na pequena hist\u00f3ria \u2013 Bento Prado J\u00fanior"}]},{"@type":"WebSite","@id":"https:\/\/zeroaesquerda.com.br\/#website","url":"https:\/\/zeroaesquerda.com.br\/","name":"Zero \u00e0 Esquerda","description":"Tra\u00e7ando tend\u00eancias para al\u00e9m do capitalismo.","publisher":{"@id":"https:\/\/zeroaesquerda.com.br\/#organization"},"potentialAction":[{"@type":"SearchAction","target":{"@type":"EntryPoint","urlTemplate":"https:\/\/zeroaesquerda.com.br\/?s={search_term_string}"},"query-input":{"@type":"PropertyValueSpecification","valueRequired":true,"valueName":"search_term_string"}}],"inLanguage":"pt-BR"},{"@type":"Organization","@id":"https:\/\/zeroaesquerda.com.br\/#organization","name":"Zero \u00e0 Esquerda","url":"https:\/\/zeroaesquerda.com.br\/","logo":{"@type":"ImageObject","inLanguage":"pt-BR","@id":"https:\/\/zeroaesquerda.com.br\/#\/schema\/logo\/image\/","url":"https:\/\/zeroaesquerda.com.br\/wp-content\/uploads\/2021\/01\/4-simbolo-zero-a-esquerda-favicon-alt.png","contentUrl":"https:\/\/zeroaesquerda.com.br\/wp-content\/uploads\/2021\/01\/4-simbolo-zero-a-esquerda-favicon-alt.png","width":1271,"height":1069,"caption":"Zero \u00e0 Esquerda"},"image":{"@id":"https:\/\/zeroaesquerda.com.br\/#\/schema\/logo\/image\/"},"sameAs":["https:\/\/www.facebook.com\/revistazeroaesquerda","https:\/\/x.com\/z3roaesquerda","https:\/\/www.instagram.com\/revistazeroaesquerda\/","https:\/\/www.youtube.com\/channel\/UCIaGx271Qw6D1QwqYBojrLw"]},{"@type":"Person","@id":"https:\/\/zeroaesquerda.com.br\/#\/schema\/person\/04e72095a4fbe77f00c7b047955ed0b8","name":"Zero \u00e0 Esquerda","image":{"@type":"ImageObject","inLanguage":"pt-BR","@id":"https:\/\/secure.gravatar.com\/avatar\/a417d8eccb1cec435aa9a93213f41ee528a636232351421dedc4ada2160b3f1b?s=96&d=mm&r=g","url":"https:\/\/secure.gravatar.com\/avatar\/a417d8eccb1cec435aa9a93213f41ee528a636232351421dedc4ada2160b3f1b?s=96&d=mm&r=g","contentUrl":"https:\/\/secure.gravatar.com\/avatar\/a417d8eccb1cec435aa9a93213f41ee528a636232351421dedc4ada2160b3f1b?s=96&d=mm&r=g","caption":"Zero \u00e0 Esquerda"},"description":"Tra\u00e7ando tend\u00eancias para al\u00e9m do capitalismo.","sameAs":["http:\/\/zeroaesquerda.com.br"],"url":"https:\/\/zeroaesquerda.com.br\/index.php\/author\/revistazeroaesquerdagmail-com\/"}]}},"_links":{"self":[{"href":"https:\/\/zeroaesquerda.com.br\/index.php\/wp-json\/wp\/v2\/posts\/3337","targetHints":{"allow":["GET"]}}],"collection":[{"href":"https:\/\/zeroaesquerda.com.br\/index.php\/wp-json\/wp\/v2\/posts"}],"about":[{"href":"https:\/\/zeroaesquerda.com.br\/index.php\/wp-json\/wp\/v2\/types\/post"}],"author":[{"embeddable":true,"href":"https:\/\/zeroaesquerda.com.br\/index.php\/wp-json\/wp\/v2\/users\/1"}],"replies":[{"embeddable":true,"href":"https:\/\/zeroaesquerda.com.br\/index.php\/wp-json\/wp\/v2\/comments?post=3337"}],"version-history":[{"count":5,"href":"https:\/\/zeroaesquerda.com.br\/index.php\/wp-json\/wp\/v2\/posts\/3337\/revisions"}],"predecessor-version":[{"id":3350,"href":"https:\/\/zeroaesquerda.com.br\/index.php\/wp-json\/wp\/v2\/posts\/3337\/revisions\/3350"}],"wp:featuredmedia":[{"embeddable":true,"href":"https:\/\/zeroaesquerda.com.br\/index.php\/wp-json\/wp\/v2\/media\/3343"}],"wp:attachment":[{"href":"https:\/\/zeroaesquerda.com.br\/index.php\/wp-json\/wp\/v2\/media?parent=3337"}],"wp:term":[{"taxonomy":"category","embeddable":true,"href":"https:\/\/zeroaesquerda.com.br\/index.php\/wp-json\/wp\/v2\/categories?post=3337"},{"taxonomy":"post_tag","embeddable":true,"href":"https:\/\/zeroaesquerda.com.br\/index.php\/wp-json\/wp\/v2\/tags?post=3337"}],"curies":[{"name":"wp","href":"https:\/\/api.w.org\/{rel}","templated":true}]}}