{"id":3197,"date":"2024-04-26T20:09:37","date_gmt":"2024-04-26T20:09:37","guid":{"rendered":"https:\/\/zeroaesquerda.com.br\/?p=3197"},"modified":"2024-04-26T20:09:37","modified_gmt":"2024-04-26T20:09:37","slug":"encontro-com-o-25-de-abril-50-anos-depois-ricardo-menezes","status":"publish","type":"post","link":"https:\/\/zeroaesquerda.com.br\/index.php\/2024\/04\/26\/encontro-com-o-25-de-abril-50-anos-depois-ricardo-menezes\/","title":{"rendered":"Encontro com o 25 de abril, 50 anos depois \u2014 Ricardo Menezes"},"content":{"rendered":"\n<p>Por um euro se compram os cravos nas esquinas. Senhoras pequenininhas como minha v\u00f3, torrando ao sol da primavera <strong>\u2014<\/strong> que vem j\u00e1 desacreditada depois de um inverno imenso. Por um euro se compram os cravos para enfeitar a lapela ou os cabelos naquilo que j\u00e1 \u00e9 um s\u00edmbolo e um desfile c\u00edvico.<\/p>\n\n\n\n<p>Os ex-combatentes, sob aplausos, tiram as fotos, os bigodes e as boinas da poeira dos arm\u00e1rios; os jovens, lindos ornamentados em vermelho, acessam Abril mediados pela moda da \u00e9poca, suas can\u00e7\u00f5es de rua e de r\u00e1dio, o design dos cartazes.<\/p>\n\n\n\n<p>N\u00e3o \u00e9 justa a pressa da afirmativa de que isto \u00e9 melancolia. Ser\u00e1? \u00c9 poss\u00edvel que, para Portugal, Abril tenha sido apenas\u2026 ontem. As for\u00e7as da direita, por exemplo, tentam enterrar a mem\u00f3ria da radicalidade do processo que se estendeu de Abril de 74 at\u00e9 novembro de 75 (pelo menos a n\u00edvel oficial, pois alguns historiadores mostram como ainda em 86 discuss\u00f5es sobre \u201ccomo deveria ser o socialismo\u201d nos ambientes de trabalho eram comuns) elogiando justamente essa \u00faltima data como o \u201cgrande momento da normaliza\u00e7\u00e3o democr\u00e1tica\u201d e vendo toda mir\u00edade de formas de luta, autogest\u00e3o e expropria\u00e7\u00e3o, como um \u201ccaminho para a democracia\u201d; n\u00e3o t\u00e3o longe, por exemplo, do tratamento que se d\u00e1 a luta armada no Brasil pelo progressismo, isto \u00e9, como uma luta n\u00e3o pelo socialismo, mas por uma abstrata democracia, podendo mesmo ser a democracia representativa.<\/p>\n\n\n\n<p>Falemos do cravo: erguido a s\u00edmbolo, perde a dimens\u00e3o particular <strong>\u2014<\/strong>  cr\u00edtica, inclusive <strong>\u2014<\/strong>  em que nasceu. O mito \u00e9 o de que uma senhora do povo, vendedora das flores da esta\u00e7\u00e3o nas ruas de Lisboa, ao perceber a movimenta\u00e7\u00e3o dos soldados e question\u00e1-los sobre o motivo, teria recebido em resposta algo como um \u201cviemos para derrubar o fascismo\u201d; entusiasmada, entregou-lhes as flores que tinha. Firma-se assim, apesar das contraindica\u00e7\u00f5es na noite do golpe por parte do ex\u00e9rcito acerca da participa\u00e7\u00e3o popular (recomendava-se a perman\u00eancia \u201cem casa\u201d), um pacto entre o povo e as for\u00e7as armadas em que o Belo seria uma d\u00e1diva entregue pelos debaixo. Esse \u2018cravo universal\u2019 enfeita inclusive o bolso dos casacos dos termidorianos do \u201cnovembro\u201d, marcando Abril e seus processos subsequentes como algo a que todos devem refer\u00eancia e posicionamento. Contra ou a favor, a quest\u00e3o est\u00e1 fincada pr\u00f3xima ao peito. Mesmo os ateus lidam com a cruz.<\/p>\n\n\n\n<p>Novamente o cravo: s\u00edmbolo do pacifismo revolucion\u00e1rio. J\u00e1 \u00e9 um lugar-comum na historiografia abordar Abril como um processo interligado \u00e0s revolu\u00e7\u00f5es anti-coloniais ocorridas em \u00c1frica desde pelo menos 1961, tendo em refer\u00eancia o Imp\u00e9rio portugu\u00eas. No caso desses processos de liberta\u00e7\u00e3o em espec\u00edfico, a viol\u00eancia foi tanta que, proporcionalmente ao tamanho da metr\u00f3pole, as baixas podem ser comparadas ou maiores ao Vietn\u00e3. A crise do imp\u00e9rio, o alargamento e os custos da burocracia, a transforma\u00e7\u00e3o de Portugal num pa\u00eds urbano a partir de 1960, s\u00e3o fatores que concorrem para a explica\u00e7\u00e3o dos motivos da ruptura. O que se seguiu a partir da\u00ed \u00e9 sempre mais dif\u00edcil de explicar por seu car\u00e1ter inovador e criativo. A ades\u00e3o popular ao golpe feito por um setor do ex\u00e9rcito, possibilitou, por exemplo, que num pa\u00eds de mais ou menos nove milh\u00f5es de habitantes, quase sua metade estivesse diariamente mobilizada em assembleias e comiss\u00f5es. Nascida numa \u00e9poca onde o horizonte revolucion\u00e1rio j\u00e1 come\u00e7ava a se desfocar, a Revolu\u00e7\u00e3o dos Cravos, como uma das \u00faltimas do s\u00e9culo XX, parece ter incorporado todos os tipos de luta vitoriosas e fracassadas at\u00e9 ent\u00e3o: desde a interven\u00e7\u00e3o dos jovens universit\u00e1rios no meio urbano \u00e0s cl\u00e1ssicas revoltas camponesas onde se expropriavam os latif\u00fandios.<\/p>\n\n\n\n<p><strong>Quarta-feira, 24 de abril.<\/strong><\/p>\n\n\n\n<p>Em pequenas publicidades, das que se encaixam nos cub\u00edculos dos pontos de \u00f4nibus, diversos fragmentos de poemas foram espalhados pela cidade em comemora\u00e7\u00e3o aos 50 anos do 25 de Abril. O design <strong>\u2014<\/strong> letras vermelhas sob o fundo branco <strong>\u2014<\/strong>  tamb\u00e9m \u00e9 evocativo daquilo que no marxismo-leninismo chamava-se de agita\u00e7\u00e3o e propaganda. Uma das coisas que sempre me chamou aten\u00e7\u00e3o em Portugal \u00e9 a incorpora\u00e7\u00e3o de seus melhores artistas pelo Estado atrav\u00e9s das atribui\u00e7\u00f5es de pr\u00eamios, medalhas, nomes de escola e a utiliza\u00e7\u00e3o de trechos do melhor da literatura local em discursos pol\u00edticos. Me surpreendi com uma pequena cole\u00e7\u00e3o de livros onde cada primeiro-ministro escolhia \u201cos poemas da sua vida\u201d. O que h\u00e1 de mais clich\u00ea, em poesia, do que a met\u00e1fora do cravo, por exemplo? Comparado a isso, o 68 parisiense parece sempre mais ret\u00f3rico. Se na Alemanha a filosofia foi a ideologia por excel\u00eancia, em Portugal, \u00e9 prov\u00e1vel que tenha sido a poesia. No entanto, h\u00e1 grande poesia. Ao lado dos cartazes publicit\u00e1rios, um pequeno papel colado \u00e0 parede com uma explos\u00e3o de cores no meio dizia na parte superior \u201cTentemos\u201d, na inferior, \u201cde novo\u201d. Tentemos de novo.<\/p>\n\n\n\n<hr class=\"wp-block-separator has-text-color has-theme-palette-3-color has-alpha-channel-opacity has-theme-palette-3-background-color has-background\"\/>\n\n\n<style>.wp-block-kadence-column.kb-section-dir-horizontal > .kt-inside-inner-col > .kt-info-box3197_f0117a-36{max-width:1056px;}.wp-block-kadence-column.kb-section-dir-horizontal > .kt-inside-inner-col > .kt-info-box3197_f0117a-36 .kt-blocks-info-box-link-wrap{max-width:unset;}.kt-info-box3197_f0117a-36 .kt-blocks-info-box-link-wrap{border-color:#d70141;border-top-width:23px;border-right-width:23px;border-bottom-width:23px;border-left-width:23px;background:#d70141;max-width:1056px;padding-top:var(--global-kb-spacing-sm, 1.5rem);padding-right:var(--global-kb-spacing-sm, 1.5rem);padding-bottom:var(--global-kb-spacing-sm, 1.5rem);padding-left:var(--global-kb-spacing-sm, 1.5rem);margin-top:50px;}.kt-info-box3197_f0117a-36 .kt-blocks-info-box-link-wrap:hover{border-color:#d70141;background:#d70141;}.kt-info-box3197_f0117a-36.wp-block-kadence-infobox{max-width:100%;}.kt-info-box3197_f0117a-36 .kadence-info-box-image-inner-intrisic-container{max-width:136px;}.kt-info-box3197_f0117a-36 .kadence-info-box-image-inner-intrisic-container .kadence-info-box-image-intrisic{padding-bottom:98.3015%;width:471px;height:0px;max-width:100%;}.kt-info-box3197_f0117a-36 .kadence-info-box-icon-container .kt-info-svg-icon, .kt-info-box3197_f0117a-36 .kt-info-svg-icon-flip, .kt-info-box3197_f0117a-36 .kt-blocks-info-box-number{font-size:50px;}.kt-info-box3197_f0117a-36 .kt-blocks-info-box-media{color:#444444;background:#f7e6d4;border-color:#f7e6d4;border-top-width:5px;border-right-width:5px;border-bottom-width:5px;border-left-width:5px;padding-top:0px;padding-right:0px;padding-bottom:0px;padding-left:0px;}.kt-info-box3197_f0117a-36 .kt-blocks-info-box-media-container{margin-top:-75px;margin-right:0px;margin-bottom:20px;margin-left:0px;}.kt-info-box3197_f0117a-36 .kt-blocks-info-box-link-wrap:hover .kt-blocks-info-box-media{color:#444444;background:#f7e6d4;border-color:#f7e6d4;}.kt-info-box3197_f0117a-36 .kt-infobox-textcontent h2.kt-blocks-info-box-title{color:#f7e6d4;padding-top:0px;padding-right:0px;padding-bottom:0px;padding-left:0px;margin-top:5px;margin-right:0px;margin-bottom:10px;margin-left:0px;}.kt-info-box3197_f0117a-36 .kt-blocks-info-box-link-wrap:hover h2.kt-blocks-info-box-title{color:#f7e6d4;}.kt-info-box3197_f0117a-36 .kt-infobox-textcontent .kt-blocks-info-box-text{color:#f4dcc3;}.kt-info-box3197_f0117a-36 .kt-blocks-info-box-link-wrap:hover .kt-blocks-info-box-text{color:#f4dcc3;}.kt-info-box3197_f0117a-36 .kt-blocks-info-box-learnmore{background:transparent;border-width:0px 0px 0px 0px;padding-top:4px;padding-right:8px;padding-bottom:4px;padding-left:8px;margin-top:10px;margin-right:0px;margin-bottom:10px;margin-left:0px;}<\/style>\n<div class=\"wp-block-kadence-infobox kt-info-box3197_f0117a-36\"><span class=\"kt-blocks-info-box-link-wrap info-box-link kt-blocks-info-box-media-align-top kt-info-halign-left\"><div class=\"kt-blocks-info-box-media-container\"><div class=\"kt-blocks-info-box-media kt-info-media-animate-none\"><div class=\"kadence-info-box-image-inner-intrisic-container\"><div class=\"kadence-info-box-image-intrisic kt-info-animate-none\"><div class=\"kadence-info-box-image-inner-intrisic\"><img loading=\"lazy\" decoding=\"async\" src=\"https:\/\/zeroaesquerda.com.br\/wp-content\/uploads\/2023\/12\/ricardo-e1707251872371.jpg\" alt=\"\" width=\"471\" height=\"463\" class=\"kt-info-box-image wp-image-2920\" srcset=\"https:\/\/zeroaesquerda.com.br\/wp-content\/uploads\/2023\/12\/ricardo-e1707251872371.jpg 471w, https:\/\/zeroaesquerda.com.br\/wp-content\/uploads\/2023\/12\/ricardo-e1707251872371-300x295.jpg 300w\" sizes=\"auto, (max-width: 471px) 100vw, 471px\" \/><\/div><\/div><\/div><\/div><\/div><div class=\"kt-infobox-textcontent\"><h2 class=\"kt-blocks-info-box-title\">Ricardo Menezes<\/h2><p class=\"kt-blocks-info-box-text\">Escritor e tradutor. \u00c9 membro da revista Zero \u00e0 Esquerda e autor da fotografia que destaca o presente texto.<\/p><\/div><\/span><\/div>\n\n\n\n<p><\/p>\n\n\n\n<hr class=\"wp-block-separator has-text-color has-theme-palette-3-color has-alpha-channel-opacity has-theme-palette-3-background-color has-background\"\/>\n","protected":false},"excerpt":{"rendered":"<p>Por um euro se compram os cravos nas esquinas. Senhoras pequenininhas como minha v\u00f3, torrando ao sol da primavera \u2014 que vem j\u00e1 desacreditada depois de um inverno imenso. Por um euro se compram os cravos para enfeitar a lapela ou os cabelos naquilo que j\u00e1 \u00e9 um s\u00edmbolo e um desfile c\u00edvico. Os ex-combatentes,&#8230;<\/p>\n","protected":false},"author":1,"featured_media":3198,"comment_status":"open","ping_status":"open","sticky":false,"template":"","format":"standard","meta":{"_coblocks_attr":"","_coblocks_dimensions":"","_coblocks_responsive_height":"","_coblocks_accordion_ie_support":"","om_disable_all_campaigns":false,"_monsterinsights_skip_tracking":false,"_monsterinsights_sitenote_active":false,"_monsterinsights_sitenote_note":"","_monsterinsights_sitenote_category":0,"_uf_show_specific_survey":0,"_uf_disable_surveys":false,"_kadence_starter_templates_imported_post":false,"_kad_post_transparent":"","_kad_post_title":"","_kad_post_layout":"","_kad_post_sidebar_id":"","_kad_post_content_style":"","_kad_post_vertical_padding":"","_kad_post_feature":"","_kad_post_feature_position":"","_kad_post_header":false,"_kad_post_footer":false,"_kad_post_classname":"","footnotes":""},"categories":[347,525],"tags":[526,265,527,528],"class_list":["post-3197","post","type-post","status-publish","format-standard","has-post-thumbnail","hentry","category-producoes","category-ricardo-menezes","tag-25-de-abril","tag-politica","tag-portugal","tag-revolucao-dos-cravos"],"yoast_head":"<!-- This site is optimized with the Yoast SEO plugin v27.4 - https:\/\/yoast.com\/product\/yoast-seo-wordpress\/ -->\n<title>Encontro com o 25 de abril, 50 anos depois \u2014 Ricardo Menezes - Zero \u00e0 Esquerda<\/title>\n<meta name=\"description\" content=\"N\u00e3o \u00e9 justa a pressa da afirmativa de que isto \u00e9 melancolia. Ser\u00e1? \u00c9 poss\u00edvel que, para Portugal, Abril tenha sido apenas\u2026 ontem.\" \/>\n<meta name=\"robots\" content=\"index, follow, max-snippet:-1, max-image-preview:large, max-video-preview:-1\" \/>\n<link rel=\"canonical\" href=\"https:\/\/zeroaesquerda.com.br\/index.php\/2024\/04\/26\/encontro-com-o-25-de-abril-50-anos-depois-ricardo-menezes\/\" \/>\n<meta property=\"og:locale\" content=\"pt_BR\" \/>\n<meta property=\"og:type\" content=\"article\" \/>\n<meta property=\"og:title\" content=\"Encontro com o 25 de abril, 50 anos depois \u2014 Ricardo Menezes - Zero \u00e0 Esquerda\" \/>\n<meta property=\"og:description\" content=\"N\u00e3o \u00e9 justa a pressa da afirmativa de que isto \u00e9 melancolia. Ser\u00e1? \u00c9 poss\u00edvel que, para Portugal, Abril tenha sido apenas\u2026 ontem.\" \/>\n<meta property=\"og:url\" content=\"https:\/\/zeroaesquerda.com.br\/index.php\/2024\/04\/26\/encontro-com-o-25-de-abril-50-anos-depois-ricardo-menezes\/\" \/>\n<meta property=\"og:site_name\" content=\"Zero \u00e0 Esquerda\" \/>\n<meta property=\"article:publisher\" content=\"https:\/\/www.facebook.com\/revistazeroaesquerda\" \/>\n<meta property=\"article:published_time\" content=\"2024-04-26T20:09:37+00:00\" \/>\n<meta property=\"og:image\" content=\"https:\/\/zeroaesquerda.com.br\/wp-content\/uploads\/2024\/04\/WhatsApp-Image-2024-04-26-at-12.57.37.jpeg\" \/>\n\t<meta property=\"og:image:width\" content=\"1600\" \/>\n\t<meta property=\"og:image:height\" content=\"1090\" \/>\n\t<meta property=\"og:image:type\" content=\"image\/jpeg\" \/>\n<meta name=\"author\" content=\"Zero \u00e0 Esquerda\" \/>\n<meta name=\"twitter:card\" content=\"summary_large_image\" \/>\n<meta name=\"twitter:creator\" content=\"@z3roaesquerda\" \/>\n<meta name=\"twitter:site\" content=\"@z3roaesquerda\" \/>\n<meta name=\"twitter:label1\" content=\"Escrito por\" \/>\n\t<meta name=\"twitter:data1\" content=\"Zero \u00e0 Esquerda\" \/>\n\t<meta name=\"twitter:label2\" content=\"Est. tempo de leitura\" \/>\n\t<meta name=\"twitter:data2\" content=\"5 minutos\" \/>\n<script type=\"application\/ld+json\" class=\"yoast-schema-graph\">{\"@context\":\"https:\\\/\\\/schema.org\",\"@graph\":[{\"@type\":\"Article\",\"@id\":\"https:\\\/\\\/zeroaesquerda.com.br\\\/index.php\\\/2024\\\/04\\\/26\\\/encontro-com-o-25-de-abril-50-anos-depois-ricardo-menezes\\\/#article\",\"isPartOf\":{\"@id\":\"https:\\\/\\\/zeroaesquerda.com.br\\\/index.php\\\/2024\\\/04\\\/26\\\/encontro-com-o-25-de-abril-50-anos-depois-ricardo-menezes\\\/\"},\"author\":{\"name\":\"Zero \u00e0 Esquerda\",\"@id\":\"https:\\\/\\\/zeroaesquerda.com.br\\\/#\\\/schema\\\/person\\\/04e72095a4fbe77f00c7b047955ed0b8\"},\"headline\":\"Encontro com o 25 de abril, 50 anos depois \u2014 Ricardo Menezes\",\"datePublished\":\"2024-04-26T20:09:37+00:00\",\"mainEntityOfPage\":{\"@id\":\"https:\\\/\\\/zeroaesquerda.com.br\\\/index.php\\\/2024\\\/04\\\/26\\\/encontro-com-o-25-de-abril-50-anos-depois-ricardo-menezes\\\/\"},\"wordCount\":866,\"commentCount\":0,\"publisher\":{\"@id\":\"https:\\\/\\\/zeroaesquerda.com.br\\\/#organization\"},\"image\":{\"@id\":\"https:\\\/\\\/zeroaesquerda.com.br\\\/index.php\\\/2024\\\/04\\\/26\\\/encontro-com-o-25-de-abril-50-anos-depois-ricardo-menezes\\\/#primaryimage\"},\"thumbnailUrl\":\"https:\\\/\\\/zeroaesquerda.com.br\\\/wp-content\\\/uploads\\\/2024\\\/04\\\/WhatsApp-Image-2024-04-26-at-12.57.37.jpeg\",\"keywords\":[\"25 de abril\",\"Pol\u00edtica\",\"Portugal\",\"Revolu\u00e7\u00e3o dos cravos\"],\"articleSection\":[\"Produ\u00e7\u00f5es\",\"Ricardo Menezes\"],\"inLanguage\":\"pt-BR\",\"potentialAction\":[{\"@type\":\"CommentAction\",\"name\":\"Comment\",\"target\":[\"https:\\\/\\\/zeroaesquerda.com.br\\\/index.php\\\/2024\\\/04\\\/26\\\/encontro-com-o-25-de-abril-50-anos-depois-ricardo-menezes\\\/#respond\"]}]},{\"@type\":\"WebPage\",\"@id\":\"https:\\\/\\\/zeroaesquerda.com.br\\\/index.php\\\/2024\\\/04\\\/26\\\/encontro-com-o-25-de-abril-50-anos-depois-ricardo-menezes\\\/\",\"url\":\"https:\\\/\\\/zeroaesquerda.com.br\\\/index.php\\\/2024\\\/04\\\/26\\\/encontro-com-o-25-de-abril-50-anos-depois-ricardo-menezes\\\/\",\"name\":\"Encontro com o 25 de abril, 50 anos depois \u2014 Ricardo Menezes - Zero \u00e0 Esquerda\",\"isPartOf\":{\"@id\":\"https:\\\/\\\/zeroaesquerda.com.br\\\/#website\"},\"primaryImageOfPage\":{\"@id\":\"https:\\\/\\\/zeroaesquerda.com.br\\\/index.php\\\/2024\\\/04\\\/26\\\/encontro-com-o-25-de-abril-50-anos-depois-ricardo-menezes\\\/#primaryimage\"},\"image\":{\"@id\":\"https:\\\/\\\/zeroaesquerda.com.br\\\/index.php\\\/2024\\\/04\\\/26\\\/encontro-com-o-25-de-abril-50-anos-depois-ricardo-menezes\\\/#primaryimage\"},\"thumbnailUrl\":\"https:\\\/\\\/zeroaesquerda.com.br\\\/wp-content\\\/uploads\\\/2024\\\/04\\\/WhatsApp-Image-2024-04-26-at-12.57.37.jpeg\",\"datePublished\":\"2024-04-26T20:09:37+00:00\",\"description\":\"N\u00e3o \u00e9 justa a pressa da afirmativa de que isto \u00e9 melancolia. Ser\u00e1? \u00c9 poss\u00edvel que, para Portugal, Abril tenha sido apenas\u2026 ontem.\",\"breadcrumb\":{\"@id\":\"https:\\\/\\\/zeroaesquerda.com.br\\\/index.php\\\/2024\\\/04\\\/26\\\/encontro-com-o-25-de-abril-50-anos-depois-ricardo-menezes\\\/#breadcrumb\"},\"inLanguage\":\"pt-BR\",\"potentialAction\":[{\"@type\":\"ReadAction\",\"target\":[\"https:\\\/\\\/zeroaesquerda.com.br\\\/index.php\\\/2024\\\/04\\\/26\\\/encontro-com-o-25-de-abril-50-anos-depois-ricardo-menezes\\\/\"]}]},{\"@type\":\"ImageObject\",\"inLanguage\":\"pt-BR\",\"@id\":\"https:\\\/\\\/zeroaesquerda.com.br\\\/index.php\\\/2024\\\/04\\\/26\\\/encontro-com-o-25-de-abril-50-anos-depois-ricardo-menezes\\\/#primaryimage\",\"url\":\"https:\\\/\\\/zeroaesquerda.com.br\\\/wp-content\\\/uploads\\\/2024\\\/04\\\/WhatsApp-Image-2024-04-26-at-12.57.37.jpeg\",\"contentUrl\":\"https:\\\/\\\/zeroaesquerda.com.br\\\/wp-content\\\/uploads\\\/2024\\\/04\\\/WhatsApp-Image-2024-04-26-at-12.57.37.jpeg\",\"width\":1600,\"height\":1090},{\"@type\":\"BreadcrumbList\",\"@id\":\"https:\\\/\\\/zeroaesquerda.com.br\\\/index.php\\\/2024\\\/04\\\/26\\\/encontro-com-o-25-de-abril-50-anos-depois-ricardo-menezes\\\/#breadcrumb\",\"itemListElement\":[{\"@type\":\"ListItem\",\"position\":1,\"name\":\"In\u00edcio\",\"item\":\"https:\\\/\\\/zeroaesquerda.com.br\\\/\"},{\"@type\":\"ListItem\",\"position\":2,\"name\":\"Encontro com o 25 de abril, 50 anos depois \u2014 Ricardo Menezes\"}]},{\"@type\":\"WebSite\",\"@id\":\"https:\\\/\\\/zeroaesquerda.com.br\\\/#website\",\"url\":\"https:\\\/\\\/zeroaesquerda.com.br\\\/\",\"name\":\"Zero \u00e0 Esquerda\",\"description\":\"Tra\u00e7ando tend\u00eancias para al\u00e9m do capitalismo.\",\"publisher\":{\"@id\":\"https:\\\/\\\/zeroaesquerda.com.br\\\/#organization\"},\"potentialAction\":[{\"@type\":\"SearchAction\",\"target\":{\"@type\":\"EntryPoint\",\"urlTemplate\":\"https:\\\/\\\/zeroaesquerda.com.br\\\/?s={search_term_string}\"},\"query-input\":{\"@type\":\"PropertyValueSpecification\",\"valueRequired\":true,\"valueName\":\"search_term_string\"}}],\"inLanguage\":\"pt-BR\"},{\"@type\":\"Organization\",\"@id\":\"https:\\\/\\\/zeroaesquerda.com.br\\\/#organization\",\"name\":\"Zero \u00e0 Esquerda\",\"url\":\"https:\\\/\\\/zeroaesquerda.com.br\\\/\",\"logo\":{\"@type\":\"ImageObject\",\"inLanguage\":\"pt-BR\",\"@id\":\"https:\\\/\\\/zeroaesquerda.com.br\\\/#\\\/schema\\\/logo\\\/image\\\/\",\"url\":\"https:\\\/\\\/zeroaesquerda.com.br\\\/wp-content\\\/uploads\\\/2021\\\/01\\\/4-simbolo-zero-a-esquerda-favicon-alt.png\",\"contentUrl\":\"https:\\\/\\\/zeroaesquerda.com.br\\\/wp-content\\\/uploads\\\/2021\\\/01\\\/4-simbolo-zero-a-esquerda-favicon-alt.png\",\"width\":1271,\"height\":1069,\"caption\":\"Zero \u00e0 Esquerda\"},\"image\":{\"@id\":\"https:\\\/\\\/zeroaesquerda.com.br\\\/#\\\/schema\\\/logo\\\/image\\\/\"},\"sameAs\":[\"https:\\\/\\\/www.facebook.com\\\/revistazeroaesquerda\",\"https:\\\/\\\/x.com\\\/z3roaesquerda\",\"https:\\\/\\\/www.instagram.com\\\/revistazeroaesquerda\\\/\",\"https:\\\/\\\/www.youtube.com\\\/channel\\\/UCIaGx271Qw6D1QwqYBojrLw\"]},{\"@type\":\"Person\",\"@id\":\"https:\\\/\\\/zeroaesquerda.com.br\\\/#\\\/schema\\\/person\\\/04e72095a4fbe77f00c7b047955ed0b8\",\"name\":\"Zero \u00e0 Esquerda\",\"image\":{\"@type\":\"ImageObject\",\"inLanguage\":\"pt-BR\",\"@id\":\"https:\\\/\\\/secure.gravatar.com\\\/avatar\\\/a417d8eccb1cec435aa9a93213f41ee528a636232351421dedc4ada2160b3f1b?s=96&d=mm&r=g\",\"url\":\"https:\\\/\\\/secure.gravatar.com\\\/avatar\\\/a417d8eccb1cec435aa9a93213f41ee528a636232351421dedc4ada2160b3f1b?s=96&d=mm&r=g\",\"contentUrl\":\"https:\\\/\\\/secure.gravatar.com\\\/avatar\\\/a417d8eccb1cec435aa9a93213f41ee528a636232351421dedc4ada2160b3f1b?s=96&d=mm&r=g\",\"caption\":\"Zero \u00e0 Esquerda\"},\"description\":\"Tra\u00e7ando tend\u00eancias para al\u00e9m do capitalismo.\",\"sameAs\":[\"http:\\\/\\\/zeroaesquerda.com.br\"],\"url\":\"https:\\\/\\\/zeroaesquerda.com.br\\\/index.php\\\/author\\\/revistazeroaesquerdagmail-com\\\/\"}]}<\/script>\n<!-- \/ Yoast SEO plugin. -->","yoast_head_json":{"title":"Encontro com o 25 de abril, 50 anos depois \u2014 Ricardo Menezes - Zero \u00e0 Esquerda","description":"N\u00e3o \u00e9 justa a pressa da afirmativa de que isto \u00e9 melancolia. Ser\u00e1? \u00c9 poss\u00edvel que, para Portugal, Abril tenha sido apenas\u2026 ontem.","robots":{"index":"index","follow":"follow","max-snippet":"max-snippet:-1","max-image-preview":"max-image-preview:large","max-video-preview":"max-video-preview:-1"},"canonical":"https:\/\/zeroaesquerda.com.br\/index.php\/2024\/04\/26\/encontro-com-o-25-de-abril-50-anos-depois-ricardo-menezes\/","og_locale":"pt_BR","og_type":"article","og_title":"Encontro com o 25 de abril, 50 anos depois \u2014 Ricardo Menezes - Zero \u00e0 Esquerda","og_description":"N\u00e3o \u00e9 justa a pressa da afirmativa de que isto \u00e9 melancolia. Ser\u00e1? \u00c9 poss\u00edvel que, para Portugal, Abril tenha sido apenas\u2026 ontem.","og_url":"https:\/\/zeroaesquerda.com.br\/index.php\/2024\/04\/26\/encontro-com-o-25-de-abril-50-anos-depois-ricardo-menezes\/","og_site_name":"Zero \u00e0 Esquerda","article_publisher":"https:\/\/www.facebook.com\/revistazeroaesquerda","article_published_time":"2024-04-26T20:09:37+00:00","og_image":[{"width":1600,"height":1090,"url":"https:\/\/zeroaesquerda.com.br\/wp-content\/uploads\/2024\/04\/WhatsApp-Image-2024-04-26-at-12.57.37.jpeg","type":"image\/jpeg"}],"author":"Zero \u00e0 Esquerda","twitter_card":"summary_large_image","twitter_creator":"@z3roaesquerda","twitter_site":"@z3roaesquerda","twitter_misc":{"Escrito por":"Zero \u00e0 Esquerda","Est. tempo de leitura":"5 minutos"},"schema":{"@context":"https:\/\/schema.org","@graph":[{"@type":"Article","@id":"https:\/\/zeroaesquerda.com.br\/index.php\/2024\/04\/26\/encontro-com-o-25-de-abril-50-anos-depois-ricardo-menezes\/#article","isPartOf":{"@id":"https:\/\/zeroaesquerda.com.br\/index.php\/2024\/04\/26\/encontro-com-o-25-de-abril-50-anos-depois-ricardo-menezes\/"},"author":{"name":"Zero \u00e0 Esquerda","@id":"https:\/\/zeroaesquerda.com.br\/#\/schema\/person\/04e72095a4fbe77f00c7b047955ed0b8"},"headline":"Encontro com o 25 de abril, 50 anos depois \u2014 Ricardo Menezes","datePublished":"2024-04-26T20:09:37+00:00","mainEntityOfPage":{"@id":"https:\/\/zeroaesquerda.com.br\/index.php\/2024\/04\/26\/encontro-com-o-25-de-abril-50-anos-depois-ricardo-menezes\/"},"wordCount":866,"commentCount":0,"publisher":{"@id":"https:\/\/zeroaesquerda.com.br\/#organization"},"image":{"@id":"https:\/\/zeroaesquerda.com.br\/index.php\/2024\/04\/26\/encontro-com-o-25-de-abril-50-anos-depois-ricardo-menezes\/#primaryimage"},"thumbnailUrl":"https:\/\/zeroaesquerda.com.br\/wp-content\/uploads\/2024\/04\/WhatsApp-Image-2024-04-26-at-12.57.37.jpeg","keywords":["25 de abril","Pol\u00edtica","Portugal","Revolu\u00e7\u00e3o dos cravos"],"articleSection":["Produ\u00e7\u00f5es","Ricardo Menezes"],"inLanguage":"pt-BR","potentialAction":[{"@type":"CommentAction","name":"Comment","target":["https:\/\/zeroaesquerda.com.br\/index.php\/2024\/04\/26\/encontro-com-o-25-de-abril-50-anos-depois-ricardo-menezes\/#respond"]}]},{"@type":"WebPage","@id":"https:\/\/zeroaesquerda.com.br\/index.php\/2024\/04\/26\/encontro-com-o-25-de-abril-50-anos-depois-ricardo-menezes\/","url":"https:\/\/zeroaesquerda.com.br\/index.php\/2024\/04\/26\/encontro-com-o-25-de-abril-50-anos-depois-ricardo-menezes\/","name":"Encontro com o 25 de abril, 50 anos depois \u2014 Ricardo Menezes - Zero \u00e0 Esquerda","isPartOf":{"@id":"https:\/\/zeroaesquerda.com.br\/#website"},"primaryImageOfPage":{"@id":"https:\/\/zeroaesquerda.com.br\/index.php\/2024\/04\/26\/encontro-com-o-25-de-abril-50-anos-depois-ricardo-menezes\/#primaryimage"},"image":{"@id":"https:\/\/zeroaesquerda.com.br\/index.php\/2024\/04\/26\/encontro-com-o-25-de-abril-50-anos-depois-ricardo-menezes\/#primaryimage"},"thumbnailUrl":"https:\/\/zeroaesquerda.com.br\/wp-content\/uploads\/2024\/04\/WhatsApp-Image-2024-04-26-at-12.57.37.jpeg","datePublished":"2024-04-26T20:09:37+00:00","description":"N\u00e3o \u00e9 justa a pressa da afirmativa de que isto \u00e9 melancolia. Ser\u00e1? \u00c9 poss\u00edvel que, para Portugal, Abril tenha sido apenas\u2026 ontem.","breadcrumb":{"@id":"https:\/\/zeroaesquerda.com.br\/index.php\/2024\/04\/26\/encontro-com-o-25-de-abril-50-anos-depois-ricardo-menezes\/#breadcrumb"},"inLanguage":"pt-BR","potentialAction":[{"@type":"ReadAction","target":["https:\/\/zeroaesquerda.com.br\/index.php\/2024\/04\/26\/encontro-com-o-25-de-abril-50-anos-depois-ricardo-menezes\/"]}]},{"@type":"ImageObject","inLanguage":"pt-BR","@id":"https:\/\/zeroaesquerda.com.br\/index.php\/2024\/04\/26\/encontro-com-o-25-de-abril-50-anos-depois-ricardo-menezes\/#primaryimage","url":"https:\/\/zeroaesquerda.com.br\/wp-content\/uploads\/2024\/04\/WhatsApp-Image-2024-04-26-at-12.57.37.jpeg","contentUrl":"https:\/\/zeroaesquerda.com.br\/wp-content\/uploads\/2024\/04\/WhatsApp-Image-2024-04-26-at-12.57.37.jpeg","width":1600,"height":1090},{"@type":"BreadcrumbList","@id":"https:\/\/zeroaesquerda.com.br\/index.php\/2024\/04\/26\/encontro-com-o-25-de-abril-50-anos-depois-ricardo-menezes\/#breadcrumb","itemListElement":[{"@type":"ListItem","position":1,"name":"In\u00edcio","item":"https:\/\/zeroaesquerda.com.br\/"},{"@type":"ListItem","position":2,"name":"Encontro com o 25 de abril, 50 anos depois \u2014 Ricardo Menezes"}]},{"@type":"WebSite","@id":"https:\/\/zeroaesquerda.com.br\/#website","url":"https:\/\/zeroaesquerda.com.br\/","name":"Zero \u00e0 Esquerda","description":"Tra\u00e7ando tend\u00eancias para al\u00e9m do capitalismo.","publisher":{"@id":"https:\/\/zeroaesquerda.com.br\/#organization"},"potentialAction":[{"@type":"SearchAction","target":{"@type":"EntryPoint","urlTemplate":"https:\/\/zeroaesquerda.com.br\/?s={search_term_string}"},"query-input":{"@type":"PropertyValueSpecification","valueRequired":true,"valueName":"search_term_string"}}],"inLanguage":"pt-BR"},{"@type":"Organization","@id":"https:\/\/zeroaesquerda.com.br\/#organization","name":"Zero \u00e0 Esquerda","url":"https:\/\/zeroaesquerda.com.br\/","logo":{"@type":"ImageObject","inLanguage":"pt-BR","@id":"https:\/\/zeroaesquerda.com.br\/#\/schema\/logo\/image\/","url":"https:\/\/zeroaesquerda.com.br\/wp-content\/uploads\/2021\/01\/4-simbolo-zero-a-esquerda-favicon-alt.png","contentUrl":"https:\/\/zeroaesquerda.com.br\/wp-content\/uploads\/2021\/01\/4-simbolo-zero-a-esquerda-favicon-alt.png","width":1271,"height":1069,"caption":"Zero \u00e0 Esquerda"},"image":{"@id":"https:\/\/zeroaesquerda.com.br\/#\/schema\/logo\/image\/"},"sameAs":["https:\/\/www.facebook.com\/revistazeroaesquerda","https:\/\/x.com\/z3roaesquerda","https:\/\/www.instagram.com\/revistazeroaesquerda\/","https:\/\/www.youtube.com\/channel\/UCIaGx271Qw6D1QwqYBojrLw"]},{"@type":"Person","@id":"https:\/\/zeroaesquerda.com.br\/#\/schema\/person\/04e72095a4fbe77f00c7b047955ed0b8","name":"Zero \u00e0 Esquerda","image":{"@type":"ImageObject","inLanguage":"pt-BR","@id":"https:\/\/secure.gravatar.com\/avatar\/a417d8eccb1cec435aa9a93213f41ee528a636232351421dedc4ada2160b3f1b?s=96&d=mm&r=g","url":"https:\/\/secure.gravatar.com\/avatar\/a417d8eccb1cec435aa9a93213f41ee528a636232351421dedc4ada2160b3f1b?s=96&d=mm&r=g","contentUrl":"https:\/\/secure.gravatar.com\/avatar\/a417d8eccb1cec435aa9a93213f41ee528a636232351421dedc4ada2160b3f1b?s=96&d=mm&r=g","caption":"Zero \u00e0 Esquerda"},"description":"Tra\u00e7ando tend\u00eancias para al\u00e9m do capitalismo.","sameAs":["http:\/\/zeroaesquerda.com.br"],"url":"https:\/\/zeroaesquerda.com.br\/index.php\/author\/revistazeroaesquerdagmail-com\/"}]}},"_links":{"self":[{"href":"https:\/\/zeroaesquerda.com.br\/index.php\/wp-json\/wp\/v2\/posts\/3197","targetHints":{"allow":["GET"]}}],"collection":[{"href":"https:\/\/zeroaesquerda.com.br\/index.php\/wp-json\/wp\/v2\/posts"}],"about":[{"href":"https:\/\/zeroaesquerda.com.br\/index.php\/wp-json\/wp\/v2\/types\/post"}],"author":[{"embeddable":true,"href":"https:\/\/zeroaesquerda.com.br\/index.php\/wp-json\/wp\/v2\/users\/1"}],"replies":[{"embeddable":true,"href":"https:\/\/zeroaesquerda.com.br\/index.php\/wp-json\/wp\/v2\/comments?post=3197"}],"version-history":[{"count":3,"href":"https:\/\/zeroaesquerda.com.br\/index.php\/wp-json\/wp\/v2\/posts\/3197\/revisions"}],"predecessor-version":[{"id":3202,"href":"https:\/\/zeroaesquerda.com.br\/index.php\/wp-json\/wp\/v2\/posts\/3197\/revisions\/3202"}],"wp:featuredmedia":[{"embeddable":true,"href":"https:\/\/zeroaesquerda.com.br\/index.php\/wp-json\/wp\/v2\/media\/3198"}],"wp:attachment":[{"href":"https:\/\/zeroaesquerda.com.br\/index.php\/wp-json\/wp\/v2\/media?parent=3197"}],"wp:term":[{"taxonomy":"category","embeddable":true,"href":"https:\/\/zeroaesquerda.com.br\/index.php\/wp-json\/wp\/v2\/categories?post=3197"},{"taxonomy":"post_tag","embeddable":true,"href":"https:\/\/zeroaesquerda.com.br\/index.php\/wp-json\/wp\/v2\/tags?post=3197"}],"curies":[{"name":"wp","href":"https:\/\/api.w.org\/{rel}","templated":true}]}}