{"id":2943,"date":"2024-01-19T00:37:18","date_gmt":"2024-01-19T00:37:18","guid":{"rendered":"https:\/\/zeroaesquerda.com.br\/?p=2943"},"modified":"2024-01-19T01:06:04","modified_gmt":"2024-01-19T01:06:04","slug":"juventude-contra-a-ditadura-israelense","status":"publish","type":"post","link":"https:\/\/zeroaesquerda.com.br\/index.php\/2024\/01\/19\/juventude-contra-a-ditadura-israelense\/","title":{"rendered":"Juventude contra a ditadura israelense"},"content":{"rendered":"\n<p>Em setembro de 2023 um movimento de boicotes ao recrutamento militar teve lugar em Israel. Cerca de 230 estudantes se negaram ao recrutamento militar em raz\u00e3o do genoc\u00eddio empreendido pelo estado de Israel. Neste m\u00eas de janeiro (2024), um dos militantes do movimento &#8220;Juventude contra a ditadura&#8221; foi preso. Traduzimos um trecho da carta de reinvindica\u00e7\u00e3o do movimento. <\/p>\n\n\n\n<p><\/p>\n\n\n\n<p class=\"has-theme-palette-9-color has-text-color has-background has-link-color wp-elements-9795ea37a099feab32553a362e1003af\" style=\"background:linear-gradient(135deg,rgb(240,9,63) 0%,rgb(225,49,170) 100%)\"><strong>Juventude contra a ditadura &#8211; ver\u00e3o de 2023<\/strong><br>N\u00f3s, jovens que enfrentam o recrutamento, dizemos n\u00e3o \u00e0 ditadura &#8211; ambas em Israel e nos<br>territ\u00f3rios ocupados na Palestina, e anunciamos que n\u00e3o nos alistaremos a menos que a<br>democracia seja garantida para todos, para qualquer um que viva nas leis de Israel. Mesmo depois de<br>6 meses lutando pela democracia real, o governo continua seu plano destrutivo. N\u00f3s tememos<br>pelo o nosso futuro e pelo futuro de todos que vivem aqui.<br>N\u00f3s decidimos que \u00e0 luz da situa\u00e7\u00e3o &#8211; devemos tomar medidas mais radicais &#8211; e recusamos.<br>Um governo que destr\u00f3i o sistema de justi\u00e7a \u00e9 um governo que n\u00f3s n\u00e3o concordamos em<br>servir. Um ex\u00e9rcito que conquista outro povo \u00e9 um ex\u00e9rcito que n\u00e3o vamos ajudar a compor suas<br>fileiras. O golpe judicial j\u00e1 causou enormes danos a sociedade israelita e ao povo palestino. A<br>ditadura que existe por d\u00e9cadas no territ\u00f3rio \u00e9 agora infiltrada em Israel e dirigida contra n\u00f3s.<br>A viol\u00eancia colonial agora governa todo o pa\u00eds. Esta tend\u00eancia n\u00e3o come\u00e7ou agora &#8211; \u00e9<br>inerente ao regime de ocupa\u00e7\u00e3o e supremacia Judaica.<br>As m\u00e1scaras est\u00e3o simplesmente caindo.<br>Diante dessa realidade, n\u00f3s dissemos n\u00e3o!<\/p>\n\n\n\n<figure class=\"wp-block-gallery has-nested-images columns-default is-cropped wp-block-gallery-1 is-layout-flex wp-block-gallery-is-layout-flex\">\n<figure class=\"wp-block-image size-full\"><img loading=\"lazy\" decoding=\"async\" width=\"1069\" height=\"1067\" sizes=\"auto, (max-width: 1069px) 100vw, 1069px\" data-id=\"2945\" src=\"https:\/\/zeroaesquerda.com.br\/wp-content\/uploads\/2024\/01\/mov.jpg\" alt=\"\" class=\"wp-image-2945\" srcset=\"https:\/\/zeroaesquerda.com.br\/wp-content\/uploads\/2024\/01\/mov.jpg 1069w, https:\/\/zeroaesquerda.com.br\/wp-content\/uploads\/2024\/01\/mov-300x300.jpg 300w, https:\/\/zeroaesquerda.com.br\/wp-content\/uploads\/2024\/01\/mov-1024x1022.jpg 1024w, https:\/\/zeroaesquerda.com.br\/wp-content\/uploads\/2024\/01\/mov-150x150.jpg 150w, https:\/\/zeroaesquerda.com.br\/wp-content\/uploads\/2024\/01\/mov-768x767.jpg 768w\" \/><\/figure>\n<\/figure>\n\n\n\n<figure class=\"wp-block-gallery has-nested-images columns-default is-cropped wp-block-gallery-2 is-layout-flex wp-block-gallery-is-layout-flex\">\n<figure class=\"wp-block-image size-full\"><img loading=\"lazy\" decoding=\"async\" width=\"541\" height=\"539\" sizes=\"auto, (max-width: 541px) 100vw, 541px\" data-id=\"2946\" src=\"https:\/\/zeroaesquerda.com.br\/wp-content\/uploads\/2024\/01\/mov1.jpg\" alt=\"\" class=\"wp-image-2946\" srcset=\"https:\/\/zeroaesquerda.com.br\/wp-content\/uploads\/2024\/01\/mov1.jpg 541w, https:\/\/zeroaesquerda.com.br\/wp-content\/uploads\/2024\/01\/mov1-300x300.jpg 300w, https:\/\/zeroaesquerda.com.br\/wp-content\/uploads\/2024\/01\/mov1-150x150.jpg 150w\" \/><\/figure>\n<\/figure>\n\n\n\n<figure class=\"wp-block-gallery has-nested-images columns-default is-cropped wp-block-gallery-3 is-layout-flex wp-block-gallery-is-layout-flex\">\n<figure class=\"wp-block-image size-full\"><img loading=\"lazy\" decoding=\"async\" width=\"690\" height=\"688\" sizes=\"auto, (max-width: 690px) 100vw, 690px\" data-id=\"2947\" src=\"https:\/\/zeroaesquerda.com.br\/wp-content\/uploads\/2024\/01\/mov2.jpg\" alt=\"\" class=\"wp-image-2947\" srcset=\"https:\/\/zeroaesquerda.com.br\/wp-content\/uploads\/2024\/01\/mov2.jpg 690w, https:\/\/zeroaesquerda.com.br\/wp-content\/uploads\/2024\/01\/mov2-300x300.jpg 300w, https:\/\/zeroaesquerda.com.br\/wp-content\/uploads\/2024\/01\/mov2-150x150.jpg 150w\" \/><\/figure>\n<\/figure>\n\n\n\n<hr class=\"wp-block-coblocks-dynamic-separator\" style=\"height:50px\"\/>\n\n\n\n<div class=\"wp-block-columns has-theme-palette-3-color has-theme-palette-9-background-color has-text-color has-background has-link-color wp-elements-7a5bd78a1929c0981d4a3b4a8d7b0667 is-layout-flex wp-container-core-columns-is-layout-61ecc280 wp-block-columns-is-layout-flex\" style=\"padding-top:2.5rem;padding-right:2.5rem;padding-bottom:2.5rem;padding-left:2.5rem\">\n<div class=\"wp-block-column is-layout-flow wp-block-column-is-layout-flow\" style=\"flex-basis:25%\">\n<figure class=\"wp-block-image size-large is-resized is-style-rounded\"><img loading=\"lazy\" decoding=\"async\" width=\"990\" height=\"1024\" sizes=\"auto, (max-width: 990px) 100vw, 990px\" src=\"https:\/\/zeroaesquerda.com.br\/wp-content\/uploads\/2024\/01\/Guara-990x1024.jpg\" alt=\"\" class=\"wp-image-2948\" style=\"width:271px;height:auto\" srcset=\"https:\/\/zeroaesquerda.com.br\/wp-content\/uploads\/2024\/01\/Guara-990x1024.jpg 990w, https:\/\/zeroaesquerda.com.br\/wp-content\/uploads\/2024\/01\/Guara-290x300.jpg 290w, https:\/\/zeroaesquerda.com.br\/wp-content\/uploads\/2024\/01\/Guara-768x794.jpg 768w, https:\/\/zeroaesquerda.com.br\/wp-content\/uploads\/2024\/01\/Guara.jpg 1223w\" \/><\/figure>\n<\/div>\n\n\n\n<div class=\"wp-block-column is-layout-flow wp-block-column-is-layout-flow\" style=\"flex-basis:75%\">\n<h2 class=\"wp-block-heading\">Guaraci Soares.<\/h2>\n\n\n\n<p>Granduando em Hist\u00f3ria pela UNIFESP, tradutor e membro da&nbsp;Zero&nbsp;\u00e0&nbsp;esquerda<\/p>\n\n\n\n<div class=\"wp-block-buttons is-layout-flex wp-block-buttons-is-layout-flex\">\n<div class=\"wp-block-button\"><a class=\"wp-block-button__link wp-element-button\">Tradutor<\/a><\/div>\n<\/div>\n<\/div>\n<\/div>\n\n\n\n<div class=\"wp-block-columns is-layout-flex wp-container-core-columns-is-layout-61ecc280 wp-block-columns-is-layout-flex\" style=\"padding-top:2.5rem;padding-right:2.5rem;padding-bottom:2.5rem;padding-left:2.5rem\">\n<div class=\"wp-block-column is-layout-flow wp-block-column-is-layout-flow\" style=\"flex-basis:25%\">\n<figure class=\"wp-block-image size-full is-style-rounded\"><img loading=\"lazy\" decoding=\"async\" width=\"400\" height=\"400\" sizes=\"auto, (max-width: 400px) 100vw, 400px\" src=\"https:\/\/zeroaesquerda.com.br\/wp-content\/uploads\/2024\/01\/eu.jpg\" alt=\"\" class=\"wp-image-2949\" srcset=\"https:\/\/zeroaesquerda.com.br\/wp-content\/uploads\/2024\/01\/eu.jpg 400w, https:\/\/zeroaesquerda.com.br\/wp-content\/uploads\/2024\/01\/eu-300x300.jpg 300w, https:\/\/zeroaesquerda.com.br\/wp-content\/uploads\/2024\/01\/eu-150x150.jpg 150w\" \/><\/figure>\n<\/div>\n\n\n\n<div class=\"wp-block-column is-layout-flow wp-block-column-is-layout-flow\" style=\"flex-basis:75%\">\n<h2 class=\"wp-block-heading\">Felipe Aiello<\/h2>\n\n\n\n<p>Professor, tradutor, mestrando em filosofia pela UNIFESP e um zero \u00e0 esquerda.<\/p>\n\n\n\n<div class=\"wp-block-buttons is-layout-flex wp-block-buttons-is-layout-flex\">\n<div class=\"wp-block-button\"><a class=\"wp-block-button__link wp-element-button\">Revisor<\/a><\/div>\n<\/div>\n<\/div>\n<\/div>\n","protected":false},"excerpt":{"rendered":"<p>Em setembro de 2023 um movimento de boicotes ao recrutamento militar teve lugar em Israel. Cerca de 230 estudantes se negaram ao recrutamento militar em raz\u00e3o do genoc\u00eddio empreendido pelo estado de Israel. Neste m\u00eas de janeiro (2024), um dos militantes do movimento &#8220;Juventude contra a ditadura&#8221; foi preso. Traduzimos um trecho da carta de&#8230;<\/p>\n","protected":false},"author":1,"featured_media":2945,"comment_status":"open","ping_status":"open","sticky":false,"template":"","format":"standard","meta":{"_coblocks_attr":"","_coblocks_dimensions":"","_coblocks_responsive_height":"","_coblocks_accordion_ie_support":"","om_disable_all_campaigns":false,"_monsterinsights_skip_tracking":false,"_monsterinsights_sitenote_active":false,"_monsterinsights_sitenote_note":"","_monsterinsights_sitenote_category":0,"_uf_show_specific_survey":0,"_uf_disable_surveys":false,"_kadence_starter_templates_imported_post":false,"_kad_post_transparent":"","_kad_post_title":"","_kad_post_layout":"","_kad_post_sidebar_id":"","_kad_post_content_style":"","_kad_post_vertical_padding":"","_kad_post_feature":"","_kad_post_feature_position":"","_kad_post_header":false,"_kad_post_footer":false,"_kad_post_classname":"","footnotes":""},"categories":[346],"tags":[495,497,496,122,469,494],"class_list":["post-2943","post","type-post","status-publish","format-standard","has-post-thumbnail","hentry","category-traducoes","tag-230-jovens-israelenses","tag-contra-a-ditadura-israelense","tag-contra-o-recrutamento","tag-exercito","tag-israel","tag-juventude-contra-a-ditadura"],"yoast_head":"<!-- This site is optimized with the Yoast SEO plugin v27.4 - https:\/\/yoast.com\/product\/yoast-seo-wordpress\/ -->\n<title>Juventude contra a ditadura israelense - Zero \u00e0 Esquerda<\/title>\n<meta name=\"robots\" content=\"index, follow, max-snippet:-1, max-image-preview:large, max-video-preview:-1\" \/>\n<link rel=\"canonical\" href=\"https:\/\/zeroaesquerda.com.br\/index.php\/2024\/01\/19\/juventude-contra-a-ditadura-israelense\/\" \/>\n<meta property=\"og:locale\" content=\"pt_BR\" \/>\n<meta property=\"og:type\" content=\"article\" \/>\n<meta property=\"og:title\" content=\"Juventude contra a ditadura israelense - Zero \u00e0 Esquerda\" \/>\n<meta property=\"og:description\" content=\"Em setembro de 2023 um movimento de boicotes ao recrutamento militar teve lugar em Israel. Cerca de 230 estudantes se negaram ao recrutamento militar em raz\u00e3o do genoc\u00eddio empreendido pelo estado de Israel. Neste m\u00eas de janeiro (2024), um dos militantes do movimento &#8220;Juventude contra a ditadura&#8221; foi preso. Traduzimos um trecho da carta de...\" \/>\n<meta property=\"og:url\" content=\"https:\/\/zeroaesquerda.com.br\/index.php\/2024\/01\/19\/juventude-contra-a-ditadura-israelense\/\" \/>\n<meta property=\"og:site_name\" content=\"Zero \u00e0 Esquerda\" \/>\n<meta property=\"article:publisher\" content=\"https:\/\/www.facebook.com\/revistazeroaesquerda\" \/>\n<meta property=\"article:published_time\" content=\"2024-01-19T00:37:18+00:00\" \/>\n<meta property=\"article:modified_time\" content=\"2024-01-19T01:06:04+00:00\" \/>\n<meta property=\"og:image\" content=\"https:\/\/zeroaesquerda.com.br\/wp-content\/uploads\/2024\/01\/mov.jpg\" \/>\n\t<meta property=\"og:image:width\" content=\"1069\" \/>\n\t<meta property=\"og:image:height\" content=\"1067\" \/>\n\t<meta property=\"og:image:type\" content=\"image\/jpeg\" \/>\n<meta name=\"author\" content=\"Zero \u00e0 Esquerda\" \/>\n<meta name=\"twitter:card\" content=\"summary_large_image\" \/>\n<meta name=\"twitter:image\" content=\"https:\/\/zeroaesquerda.com.br\/wp-content\/uploads\/2024\/01\/mov.jpg\" \/>\n<meta name=\"twitter:creator\" content=\"@z3roaesquerda\" \/>\n<meta name=\"twitter:site\" content=\"@z3roaesquerda\" \/>\n<meta name=\"twitter:label1\" content=\"Escrito por\" \/>\n\t<meta name=\"twitter:data1\" content=\"Zero \u00e0 Esquerda\" \/>\n\t<meta name=\"twitter:label2\" content=\"Est. tempo de leitura\" \/>\n\t<meta name=\"twitter:data2\" content=\"3 minutos\" \/>\n<script type=\"application\/ld+json\" class=\"yoast-schema-graph\">{\"@context\":\"https:\\\/\\\/schema.org\",\"@graph\":[{\"@type\":\"Article\",\"@id\":\"https:\\\/\\\/zeroaesquerda.com.br\\\/index.php\\\/2024\\\/01\\\/19\\\/juventude-contra-a-ditadura-israelense\\\/#article\",\"isPartOf\":{\"@id\":\"https:\\\/\\\/zeroaesquerda.com.br\\\/index.php\\\/2024\\\/01\\\/19\\\/juventude-contra-a-ditadura-israelense\\\/\"},\"author\":{\"name\":\"Zero \u00e0 Esquerda\",\"@id\":\"https:\\\/\\\/zeroaesquerda.com.br\\\/#\\\/schema\\\/person\\\/04e72095a4fbe77f00c7b047955ed0b8\"},\"headline\":\"Juventude contra a ditadura israelense\",\"datePublished\":\"2024-01-19T00:37:18+00:00\",\"dateModified\":\"2024-01-19T01:06:04+00:00\",\"mainEntityOfPage\":{\"@id\":\"https:\\\/\\\/zeroaesquerda.com.br\\\/index.php\\\/2024\\\/01\\\/19\\\/juventude-contra-a-ditadura-israelense\\\/\"},\"wordCount\":306,\"commentCount\":0,\"publisher\":{\"@id\":\"https:\\\/\\\/zeroaesquerda.com.br\\\/#organization\"},\"image\":{\"@id\":\"https:\\\/\\\/zeroaesquerda.com.br\\\/index.php\\\/2024\\\/01\\\/19\\\/juventude-contra-a-ditadura-israelense\\\/#primaryimage\"},\"thumbnailUrl\":\"https:\\\/\\\/zeroaesquerda.com.br\\\/wp-content\\\/uploads\\\/2024\\\/01\\\/mov.jpg\",\"keywords\":[\"230 jovens israelenses\",\"contra a ditadura israelense\",\"contra o recrutamento\",\"Ex\u00e9rcito\",\"Israel\",\"Juventude contra a ditadura\"],\"articleSection\":[\"Tradu\u00e7\u00f5es\"],\"inLanguage\":\"pt-BR\",\"potentialAction\":[{\"@type\":\"CommentAction\",\"name\":\"Comment\",\"target\":[\"https:\\\/\\\/zeroaesquerda.com.br\\\/index.php\\\/2024\\\/01\\\/19\\\/juventude-contra-a-ditadura-israelense\\\/#respond\"]}]},{\"@type\":\"WebPage\",\"@id\":\"https:\\\/\\\/zeroaesquerda.com.br\\\/index.php\\\/2024\\\/01\\\/19\\\/juventude-contra-a-ditadura-israelense\\\/\",\"url\":\"https:\\\/\\\/zeroaesquerda.com.br\\\/index.php\\\/2024\\\/01\\\/19\\\/juventude-contra-a-ditadura-israelense\\\/\",\"name\":\"Juventude contra a ditadura israelense - Zero \u00e0 Esquerda\",\"isPartOf\":{\"@id\":\"https:\\\/\\\/zeroaesquerda.com.br\\\/#website\"},\"primaryImageOfPage\":{\"@id\":\"https:\\\/\\\/zeroaesquerda.com.br\\\/index.php\\\/2024\\\/01\\\/19\\\/juventude-contra-a-ditadura-israelense\\\/#primaryimage\"},\"image\":{\"@id\":\"https:\\\/\\\/zeroaesquerda.com.br\\\/index.php\\\/2024\\\/01\\\/19\\\/juventude-contra-a-ditadura-israelense\\\/#primaryimage\"},\"thumbnailUrl\":\"https:\\\/\\\/zeroaesquerda.com.br\\\/wp-content\\\/uploads\\\/2024\\\/01\\\/mov.jpg\",\"datePublished\":\"2024-01-19T00:37:18+00:00\",\"dateModified\":\"2024-01-19T01:06:04+00:00\",\"breadcrumb\":{\"@id\":\"https:\\\/\\\/zeroaesquerda.com.br\\\/index.php\\\/2024\\\/01\\\/19\\\/juventude-contra-a-ditadura-israelense\\\/#breadcrumb\"},\"inLanguage\":\"pt-BR\",\"potentialAction\":[{\"@type\":\"ReadAction\",\"target\":[\"https:\\\/\\\/zeroaesquerda.com.br\\\/index.php\\\/2024\\\/01\\\/19\\\/juventude-contra-a-ditadura-israelense\\\/\"]}]},{\"@type\":\"ImageObject\",\"inLanguage\":\"pt-BR\",\"@id\":\"https:\\\/\\\/zeroaesquerda.com.br\\\/index.php\\\/2024\\\/01\\\/19\\\/juventude-contra-a-ditadura-israelense\\\/#primaryimage\",\"url\":\"https:\\\/\\\/zeroaesquerda.com.br\\\/wp-content\\\/uploads\\\/2024\\\/01\\\/mov.jpg\",\"contentUrl\":\"https:\\\/\\\/zeroaesquerda.com.br\\\/wp-content\\\/uploads\\\/2024\\\/01\\\/mov.jpg\",\"width\":1069,\"height\":1067},{\"@type\":\"BreadcrumbList\",\"@id\":\"https:\\\/\\\/zeroaesquerda.com.br\\\/index.php\\\/2024\\\/01\\\/19\\\/juventude-contra-a-ditadura-israelense\\\/#breadcrumb\",\"itemListElement\":[{\"@type\":\"ListItem\",\"position\":1,\"name\":\"In\u00edcio\",\"item\":\"https:\\\/\\\/zeroaesquerda.com.br\\\/\"},{\"@type\":\"ListItem\",\"position\":2,\"name\":\"Juventude contra a ditadura israelense\"}]},{\"@type\":\"WebSite\",\"@id\":\"https:\\\/\\\/zeroaesquerda.com.br\\\/#website\",\"url\":\"https:\\\/\\\/zeroaesquerda.com.br\\\/\",\"name\":\"Zero \u00e0 Esquerda\",\"description\":\"Tra\u00e7ando tend\u00eancias para al\u00e9m do capitalismo.\",\"publisher\":{\"@id\":\"https:\\\/\\\/zeroaesquerda.com.br\\\/#organization\"},\"potentialAction\":[{\"@type\":\"SearchAction\",\"target\":{\"@type\":\"EntryPoint\",\"urlTemplate\":\"https:\\\/\\\/zeroaesquerda.com.br\\\/?s={search_term_string}\"},\"query-input\":{\"@type\":\"PropertyValueSpecification\",\"valueRequired\":true,\"valueName\":\"search_term_string\"}}],\"inLanguage\":\"pt-BR\"},{\"@type\":\"Organization\",\"@id\":\"https:\\\/\\\/zeroaesquerda.com.br\\\/#organization\",\"name\":\"Zero \u00e0 Esquerda\",\"url\":\"https:\\\/\\\/zeroaesquerda.com.br\\\/\",\"logo\":{\"@type\":\"ImageObject\",\"inLanguage\":\"pt-BR\",\"@id\":\"https:\\\/\\\/zeroaesquerda.com.br\\\/#\\\/schema\\\/logo\\\/image\\\/\",\"url\":\"https:\\\/\\\/zeroaesquerda.com.br\\\/wp-content\\\/uploads\\\/2021\\\/01\\\/4-simbolo-zero-a-esquerda-favicon-alt.png\",\"contentUrl\":\"https:\\\/\\\/zeroaesquerda.com.br\\\/wp-content\\\/uploads\\\/2021\\\/01\\\/4-simbolo-zero-a-esquerda-favicon-alt.png\",\"width\":1271,\"height\":1069,\"caption\":\"Zero \u00e0 Esquerda\"},\"image\":{\"@id\":\"https:\\\/\\\/zeroaesquerda.com.br\\\/#\\\/schema\\\/logo\\\/image\\\/\"},\"sameAs\":[\"https:\\\/\\\/www.facebook.com\\\/revistazeroaesquerda\",\"https:\\\/\\\/x.com\\\/z3roaesquerda\",\"https:\\\/\\\/www.instagram.com\\\/revistazeroaesquerda\\\/\",\"https:\\\/\\\/www.youtube.com\\\/channel\\\/UCIaGx271Qw6D1QwqYBojrLw\"]},{\"@type\":\"Person\",\"@id\":\"https:\\\/\\\/zeroaesquerda.com.br\\\/#\\\/schema\\\/person\\\/04e72095a4fbe77f00c7b047955ed0b8\",\"name\":\"Zero \u00e0 Esquerda\",\"image\":{\"@type\":\"ImageObject\",\"inLanguage\":\"pt-BR\",\"@id\":\"https:\\\/\\\/secure.gravatar.com\\\/avatar\\\/a417d8eccb1cec435aa9a93213f41ee528a636232351421dedc4ada2160b3f1b?s=96&d=mm&r=g\",\"url\":\"https:\\\/\\\/secure.gravatar.com\\\/avatar\\\/a417d8eccb1cec435aa9a93213f41ee528a636232351421dedc4ada2160b3f1b?s=96&d=mm&r=g\",\"contentUrl\":\"https:\\\/\\\/secure.gravatar.com\\\/avatar\\\/a417d8eccb1cec435aa9a93213f41ee528a636232351421dedc4ada2160b3f1b?s=96&d=mm&r=g\",\"caption\":\"Zero \u00e0 Esquerda\"},\"description\":\"Tra\u00e7ando tend\u00eancias para al\u00e9m do capitalismo.\",\"sameAs\":[\"http:\\\/\\\/zeroaesquerda.com.br\"],\"url\":\"https:\\\/\\\/zeroaesquerda.com.br\\\/index.php\\\/author\\\/revistazeroaesquerdagmail-com\\\/\"}]}<\/script>\n<!-- \/ Yoast SEO plugin. -->","yoast_head_json":{"title":"Juventude contra a ditadura israelense - Zero \u00e0 Esquerda","robots":{"index":"index","follow":"follow","max-snippet":"max-snippet:-1","max-image-preview":"max-image-preview:large","max-video-preview":"max-video-preview:-1"},"canonical":"https:\/\/zeroaesquerda.com.br\/index.php\/2024\/01\/19\/juventude-contra-a-ditadura-israelense\/","og_locale":"pt_BR","og_type":"article","og_title":"Juventude contra a ditadura israelense - Zero \u00e0 Esquerda","og_description":"Em setembro de 2023 um movimento de boicotes ao recrutamento militar teve lugar em Israel. Cerca de 230 estudantes se negaram ao recrutamento militar em raz\u00e3o do genoc\u00eddio empreendido pelo estado de Israel. Neste m\u00eas de janeiro (2024), um dos militantes do movimento &#8220;Juventude contra a ditadura&#8221; foi preso. Traduzimos um trecho da carta de...","og_url":"https:\/\/zeroaesquerda.com.br\/index.php\/2024\/01\/19\/juventude-contra-a-ditadura-israelense\/","og_site_name":"Zero \u00e0 Esquerda","article_publisher":"https:\/\/www.facebook.com\/revistazeroaesquerda","article_published_time":"2024-01-19T00:37:18+00:00","article_modified_time":"2024-01-19T01:06:04+00:00","og_image":[{"width":1069,"height":1067,"url":"https:\/\/zeroaesquerda.com.br\/wp-content\/uploads\/2024\/01\/mov.jpg","type":"image\/jpeg"}],"author":"Zero \u00e0 Esquerda","twitter_card":"summary_large_image","twitter_image":"https:\/\/zeroaesquerda.com.br\/wp-content\/uploads\/2024\/01\/mov.jpg","twitter_creator":"@z3roaesquerda","twitter_site":"@z3roaesquerda","twitter_misc":{"Escrito por":"Zero \u00e0 Esquerda","Est. tempo de leitura":"3 minutos"},"schema":{"@context":"https:\/\/schema.org","@graph":[{"@type":"Article","@id":"https:\/\/zeroaesquerda.com.br\/index.php\/2024\/01\/19\/juventude-contra-a-ditadura-israelense\/#article","isPartOf":{"@id":"https:\/\/zeroaesquerda.com.br\/index.php\/2024\/01\/19\/juventude-contra-a-ditadura-israelense\/"},"author":{"name":"Zero \u00e0 Esquerda","@id":"https:\/\/zeroaesquerda.com.br\/#\/schema\/person\/04e72095a4fbe77f00c7b047955ed0b8"},"headline":"Juventude contra a ditadura israelense","datePublished":"2024-01-19T00:37:18+00:00","dateModified":"2024-01-19T01:06:04+00:00","mainEntityOfPage":{"@id":"https:\/\/zeroaesquerda.com.br\/index.php\/2024\/01\/19\/juventude-contra-a-ditadura-israelense\/"},"wordCount":306,"commentCount":0,"publisher":{"@id":"https:\/\/zeroaesquerda.com.br\/#organization"},"image":{"@id":"https:\/\/zeroaesquerda.com.br\/index.php\/2024\/01\/19\/juventude-contra-a-ditadura-israelense\/#primaryimage"},"thumbnailUrl":"https:\/\/zeroaesquerda.com.br\/wp-content\/uploads\/2024\/01\/mov.jpg","keywords":["230 jovens israelenses","contra a ditadura israelense","contra o recrutamento","Ex\u00e9rcito","Israel","Juventude contra a ditadura"],"articleSection":["Tradu\u00e7\u00f5es"],"inLanguage":"pt-BR","potentialAction":[{"@type":"CommentAction","name":"Comment","target":["https:\/\/zeroaesquerda.com.br\/index.php\/2024\/01\/19\/juventude-contra-a-ditadura-israelense\/#respond"]}]},{"@type":"WebPage","@id":"https:\/\/zeroaesquerda.com.br\/index.php\/2024\/01\/19\/juventude-contra-a-ditadura-israelense\/","url":"https:\/\/zeroaesquerda.com.br\/index.php\/2024\/01\/19\/juventude-contra-a-ditadura-israelense\/","name":"Juventude contra a ditadura israelense - Zero \u00e0 Esquerda","isPartOf":{"@id":"https:\/\/zeroaesquerda.com.br\/#website"},"primaryImageOfPage":{"@id":"https:\/\/zeroaesquerda.com.br\/index.php\/2024\/01\/19\/juventude-contra-a-ditadura-israelense\/#primaryimage"},"image":{"@id":"https:\/\/zeroaesquerda.com.br\/index.php\/2024\/01\/19\/juventude-contra-a-ditadura-israelense\/#primaryimage"},"thumbnailUrl":"https:\/\/zeroaesquerda.com.br\/wp-content\/uploads\/2024\/01\/mov.jpg","datePublished":"2024-01-19T00:37:18+00:00","dateModified":"2024-01-19T01:06:04+00:00","breadcrumb":{"@id":"https:\/\/zeroaesquerda.com.br\/index.php\/2024\/01\/19\/juventude-contra-a-ditadura-israelense\/#breadcrumb"},"inLanguage":"pt-BR","potentialAction":[{"@type":"ReadAction","target":["https:\/\/zeroaesquerda.com.br\/index.php\/2024\/01\/19\/juventude-contra-a-ditadura-israelense\/"]}]},{"@type":"ImageObject","inLanguage":"pt-BR","@id":"https:\/\/zeroaesquerda.com.br\/index.php\/2024\/01\/19\/juventude-contra-a-ditadura-israelense\/#primaryimage","url":"https:\/\/zeroaesquerda.com.br\/wp-content\/uploads\/2024\/01\/mov.jpg","contentUrl":"https:\/\/zeroaesquerda.com.br\/wp-content\/uploads\/2024\/01\/mov.jpg","width":1069,"height":1067},{"@type":"BreadcrumbList","@id":"https:\/\/zeroaesquerda.com.br\/index.php\/2024\/01\/19\/juventude-contra-a-ditadura-israelense\/#breadcrumb","itemListElement":[{"@type":"ListItem","position":1,"name":"In\u00edcio","item":"https:\/\/zeroaesquerda.com.br\/"},{"@type":"ListItem","position":2,"name":"Juventude contra a ditadura israelense"}]},{"@type":"WebSite","@id":"https:\/\/zeroaesquerda.com.br\/#website","url":"https:\/\/zeroaesquerda.com.br\/","name":"Zero \u00e0 Esquerda","description":"Tra\u00e7ando tend\u00eancias para al\u00e9m do capitalismo.","publisher":{"@id":"https:\/\/zeroaesquerda.com.br\/#organization"},"potentialAction":[{"@type":"SearchAction","target":{"@type":"EntryPoint","urlTemplate":"https:\/\/zeroaesquerda.com.br\/?s={search_term_string}"},"query-input":{"@type":"PropertyValueSpecification","valueRequired":true,"valueName":"search_term_string"}}],"inLanguage":"pt-BR"},{"@type":"Organization","@id":"https:\/\/zeroaesquerda.com.br\/#organization","name":"Zero \u00e0 Esquerda","url":"https:\/\/zeroaesquerda.com.br\/","logo":{"@type":"ImageObject","inLanguage":"pt-BR","@id":"https:\/\/zeroaesquerda.com.br\/#\/schema\/logo\/image\/","url":"https:\/\/zeroaesquerda.com.br\/wp-content\/uploads\/2021\/01\/4-simbolo-zero-a-esquerda-favicon-alt.png","contentUrl":"https:\/\/zeroaesquerda.com.br\/wp-content\/uploads\/2021\/01\/4-simbolo-zero-a-esquerda-favicon-alt.png","width":1271,"height":1069,"caption":"Zero \u00e0 Esquerda"},"image":{"@id":"https:\/\/zeroaesquerda.com.br\/#\/schema\/logo\/image\/"},"sameAs":["https:\/\/www.facebook.com\/revistazeroaesquerda","https:\/\/x.com\/z3roaesquerda","https:\/\/www.instagram.com\/revistazeroaesquerda\/","https:\/\/www.youtube.com\/channel\/UCIaGx271Qw6D1QwqYBojrLw"]},{"@type":"Person","@id":"https:\/\/zeroaesquerda.com.br\/#\/schema\/person\/04e72095a4fbe77f00c7b047955ed0b8","name":"Zero \u00e0 Esquerda","image":{"@type":"ImageObject","inLanguage":"pt-BR","@id":"https:\/\/secure.gravatar.com\/avatar\/a417d8eccb1cec435aa9a93213f41ee528a636232351421dedc4ada2160b3f1b?s=96&d=mm&r=g","url":"https:\/\/secure.gravatar.com\/avatar\/a417d8eccb1cec435aa9a93213f41ee528a636232351421dedc4ada2160b3f1b?s=96&d=mm&r=g","contentUrl":"https:\/\/secure.gravatar.com\/avatar\/a417d8eccb1cec435aa9a93213f41ee528a636232351421dedc4ada2160b3f1b?s=96&d=mm&r=g","caption":"Zero \u00e0 Esquerda"},"description":"Tra\u00e7ando tend\u00eancias para al\u00e9m do capitalismo.","sameAs":["http:\/\/zeroaesquerda.com.br"],"url":"https:\/\/zeroaesquerda.com.br\/index.php\/author\/revistazeroaesquerdagmail-com\/"}]}},"_links":{"self":[{"href":"https:\/\/zeroaesquerda.com.br\/index.php\/wp-json\/wp\/v2\/posts\/2943","targetHints":{"allow":["GET"]}}],"collection":[{"href":"https:\/\/zeroaesquerda.com.br\/index.php\/wp-json\/wp\/v2\/posts"}],"about":[{"href":"https:\/\/zeroaesquerda.com.br\/index.php\/wp-json\/wp\/v2\/types\/post"}],"author":[{"embeddable":true,"href":"https:\/\/zeroaesquerda.com.br\/index.php\/wp-json\/wp\/v2\/users\/1"}],"replies":[{"embeddable":true,"href":"https:\/\/zeroaesquerda.com.br\/index.php\/wp-json\/wp\/v2\/comments?post=2943"}],"version-history":[{"count":6,"href":"https:\/\/zeroaesquerda.com.br\/index.php\/wp-json\/wp\/v2\/posts\/2943\/revisions"}],"predecessor-version":[{"id":2956,"href":"https:\/\/zeroaesquerda.com.br\/index.php\/wp-json\/wp\/v2\/posts\/2943\/revisions\/2956"}],"wp:featuredmedia":[{"embeddable":true,"href":"https:\/\/zeroaesquerda.com.br\/index.php\/wp-json\/wp\/v2\/media\/2945"}],"wp:attachment":[{"href":"https:\/\/zeroaesquerda.com.br\/index.php\/wp-json\/wp\/v2\/media?parent=2943"}],"wp:term":[{"taxonomy":"category","embeddable":true,"href":"https:\/\/zeroaesquerda.com.br\/index.php\/wp-json\/wp\/v2\/categories?post=2943"},{"taxonomy":"post_tag","embeddable":true,"href":"https:\/\/zeroaesquerda.com.br\/index.php\/wp-json\/wp\/v2\/tags?post=2943"}],"curies":[{"name":"wp","href":"https:\/\/api.w.org\/{rel}","templated":true}]}}