{"id":2931,"date":"2023-12-23T15:22:25","date_gmt":"2023-12-23T15:22:25","guid":{"rendered":"https:\/\/zeroaesquerda.com.br\/?p=2931"},"modified":"2024-10-28T20:05:25","modified_gmt":"2024-10-28T20:05:25","slug":"aula-publica-com-marilena-chaui-greve-da-usp-2023","status":"publish","type":"post","link":"https:\/\/zeroaesquerda.com.br\/index.php\/2023\/12\/23\/aula-publica-com-marilena-chaui-greve-da-usp-2023\/","title":{"rendered":"Aula p\u00fablica com Marilena Chau\u00ed &#8211; greve da USP 2023"},"content":{"rendered":"\n<p class=\"has-theme-palette-8-color has-theme-palette-4-background-color has-text-color has-background has-link-color has-medium-font-size wp-elements-6b577bcb0d6fba828ec534ff75e56900\">Aula p\u00fablica com Marilena Chau\u00ed ocorrida no dia 18\/10\/2023 durante a greve da USP. Uma das principais reivindica\u00e7\u00f5es da greve foi a contrata\u00e7\u00e3o de professores. As conquistas foram parciais. Marilena v\u00ea a greve como vitoriosa. Mas a luta continua&#8230;<a href=\"https:\/\/www.youtube.com\/@ZeroaEsquerdaRevista\"><\/a><\/p>\n\n\n\n<figure class=\"wp-block-embed is-type-video is-provider-youtube wp-block-embed-youtube wp-embed-aspect-16-9 wp-has-aspect-ratio\"><div class=\"wp-block-embed__wrapper\">\n<iframe loading=\"lazy\" title=\"Aula p\u00fablica com Marilena Chau\u00ed - greve da USP 2023\" width=\"720\" height=\"405\" src=\"https:\/\/www.youtube.com\/embed\/qs9mYMCWHjc?feature=oembed\" frameborder=\"0\" allow=\"accelerometer; autoplay; clipboard-write; encrypted-media; gyroscope; picture-in-picture; web-share\" allowfullscreen><\/iframe>\n<\/div><\/figure>\n\n\n\n<figure class=\"wp-block-image size-large\"><img loading=\"lazy\" decoding=\"async\" width=\"1024\" height=\"768\" sizes=\"auto, (max-width: 1024px) 100vw, 1024px\" src=\"https:\/\/zeroaesquerda.com.br\/wp-content\/uploads\/2023\/12\/Marilenagreve1-1024x768.jpg\" alt=\"\" class=\"wp-image-2934\" srcset=\"https:\/\/zeroaesquerda.com.br\/wp-content\/uploads\/2023\/12\/Marilenagreve1-1024x768.jpg 1024w, https:\/\/zeroaesquerda.com.br\/wp-content\/uploads\/2023\/12\/Marilenagreve1-300x225.jpg 300w, https:\/\/zeroaesquerda.com.br\/wp-content\/uploads\/2023\/12\/Marilenagreve1-768x576.jpg 768w, https:\/\/zeroaesquerda.com.br\/wp-content\/uploads\/2023\/12\/Marilenagreve1-1536x1152.jpg 1536w, https:\/\/zeroaesquerda.com.br\/wp-content\/uploads\/2023\/12\/Marilenagreve1.jpg 1600w\" \/><\/figure>\n\n\n\n<p><\/p>\n\n\n\n<figure class=\"wp-block-image size-large\"><img loading=\"lazy\" decoding=\"async\" width=\"1024\" height=\"768\" sizes=\"auto, (max-width: 1024px) 100vw, 1024px\" src=\"https:\/\/zeroaesquerda.com.br\/wp-content\/uploads\/2023\/12\/Marilenagreve2-1024x768.jpg\" alt=\"\" class=\"wp-image-2933\" srcset=\"https:\/\/zeroaesquerda.com.br\/wp-content\/uploads\/2023\/12\/Marilenagreve2-1024x768.jpg 1024w, https:\/\/zeroaesquerda.com.br\/wp-content\/uploads\/2023\/12\/Marilenagreve2-300x225.jpg 300w, https:\/\/zeroaesquerda.com.br\/wp-content\/uploads\/2023\/12\/Marilenagreve2-768x576.jpg 768w, https:\/\/zeroaesquerda.com.br\/wp-content\/uploads\/2023\/12\/Marilenagreve2-1536x1152.jpg 1536w, https:\/\/zeroaesquerda.com.br\/wp-content\/uploads\/2023\/12\/Marilenagreve2.jpg 1600w\" \/><\/figure>\n\n\n\n<p><\/p>\n\n\n\n<p><\/p>\n\n\n\n<figure class=\"wp-block-image size-large\"><img loading=\"lazy\" decoding=\"async\" width=\"1024\" height=\"768\" sizes=\"auto, (max-width: 1024px) 100vw, 1024px\" src=\"https:\/\/zeroaesquerda.com.br\/wp-content\/uploads\/2023\/12\/Marilenagreve3-1024x768.jpg\" alt=\"\" class=\"wp-image-2932\" srcset=\"https:\/\/zeroaesquerda.com.br\/wp-content\/uploads\/2023\/12\/Marilenagreve3-1024x768.jpg 1024w, https:\/\/zeroaesquerda.com.br\/wp-content\/uploads\/2023\/12\/Marilenagreve3-300x225.jpg 300w, https:\/\/zeroaesquerda.com.br\/wp-content\/uploads\/2023\/12\/Marilenagreve3-768x576.jpg 768w, https:\/\/zeroaesquerda.com.br\/wp-content\/uploads\/2023\/12\/Marilenagreve3-1536x1152.jpg 1536w, https:\/\/zeroaesquerda.com.br\/wp-content\/uploads\/2023\/12\/Marilenagreve3.jpg 1600w\" \/><\/figure>\n\n\n\n<p>Fotos de Leonardo Silv\u00e9rio<\/p>\n\n\n\n<ul class=\"wp-block-social-links has-visible-labels is-layout-flex wp-block-social-links-is-layout-flex\"><li class=\"wp-social-link wp-social-link-instagram  wp-block-social-link\"><a href=\"https:\/\/www.instagram.com\/lwo_silverio\/\" class=\"wp-block-social-link-anchor\"><svg width=\"24\" height=\"24\" viewBox=\"0 0 24 24\" version=\"1.1\" xmlns=\"http:\/\/www.w3.org\/2000\/svg\" aria-hidden=\"true\" focusable=\"false\"><path d=\"M12,4.622c2.403,0,2.688,0.009,3.637,0.052c0.877,0.04,1.354,0.187,1.671,0.31c0.42,0.163,0.72,0.358,1.035,0.673 c0.315,0.315,0.51,0.615,0.673,1.035c0.123,0.317,0.27,0.794,0.31,1.671c0.043,0.949,0.052,1.234,0.052,3.637 s-0.009,2.688-0.052,3.637c-0.04,0.877-0.187,1.354-0.31,1.671c-0.163,0.42-0.358,0.72-0.673,1.035 c-0.315,0.315-0.615,0.51-1.035,0.673c-0.317,0.123-0.794,0.27-1.671,0.31c-0.949,0.043-1.233,0.052-3.637,0.052 s-2.688-0.009-3.637-0.052c-0.877-0.04-1.354-0.187-1.671-0.31c-0.42-0.163-0.72-0.358-1.035-0.673 c-0.315-0.315-0.51-0.615-0.673-1.035c-0.123-0.317-0.27-0.794-0.31-1.671C4.631,14.688,4.622,14.403,4.622,12 s0.009-2.688,0.052-3.637c0.04-0.877,0.187-1.354,0.31-1.671c0.163-0.42,0.358-0.72,0.673-1.035 c0.315-0.315,0.615-0.51,1.035-0.673c0.317-0.123,0.794-0.27,1.671-0.31C9.312,4.631,9.597,4.622,12,4.622 M12,3 C9.556,3,9.249,3.01,8.289,3.054C7.331,3.098,6.677,3.25,6.105,3.472C5.513,3.702,5.011,4.01,4.511,4.511 c-0.5,0.5-0.808,1.002-1.038,1.594C3.25,6.677,3.098,7.331,3.054,8.289C3.01,9.249,3,9.556,3,12c0,2.444,0.01,2.751,0.054,3.711 c0.044,0.958,0.196,1.612,0.418,2.185c0.23,0.592,0.538,1.094,1.038,1.594c0.5,0.5,1.002,0.808,1.594,1.038 c0.572,0.222,1.227,0.375,2.185,0.418C9.249,20.99,9.556,21,12,21s2.751-0.01,3.711-0.054c0.958-0.044,1.612-0.196,2.185-0.418 c0.592-0.23,1.094-0.538,1.594-1.038c0.5-0.5,0.808-1.002,1.038-1.594c0.222-0.572,0.375-1.227,0.418-2.185 C20.99,14.751,21,14.444,21,12s-0.01-2.751-0.054-3.711c-0.044-0.958-0.196-1.612-0.418-2.185c-0.23-0.592-0.538-1.094-1.038-1.594 c-0.5-0.5-1.002-0.808-1.594-1.038c-0.572-0.222-1.227-0.375-2.185-0.418C14.751,3.01,14.444,3,12,3L12,3z M12,7.378 c-2.552,0-4.622,2.069-4.622,4.622S9.448,16.622,12,16.622s4.622-2.069,4.622-4.622S14.552,7.378,12,7.378z M12,15 c-1.657,0-3-1.343-3-3s1.343-3,3-3s3,1.343,3,3S13.657,15,12,15z M16.804,6.116c-0.596,0-1.08,0.484-1.08,1.08 s0.484,1.08,1.08,1.08c0.596,0,1.08-0.484,1.08-1.08S17.401,6.116,16.804,6.116z\"><\/path><\/svg><span class=\"wp-block-social-link-label\">Instagram<\/span><\/a><\/li><\/ul>\n\n\n\n<p><\/p>\n\n\n\n<p><\/p>\n\n\n\n<p><\/p>\n\n\n\n<p><\/p>\n","protected":false},"excerpt":{"rendered":"<p>Aula p\u00fablica com Marilena Chau\u00ed ocorrida no dia 18\/10\/2023 durante a greve da USP. Uma das principais reivindica\u00e7\u00f5es da greve foi a contrata\u00e7\u00e3o de professores. As conquistas foram parciais. Marilena v\u00ea a greve como vitoriosa. Mas a luta continua&#8230; Fotos de Leonardo Silv\u00e9rio<\/p>\n","protected":false},"author":1,"featured_media":2933,"comment_status":"open","ping_status":"open","sticky":false,"template":"","format":"standard","meta":{"_coblocks_attr":"","_coblocks_dimensions":"","_coblocks_responsive_height":"","_coblocks_accordion_ie_support":"","om_disable_all_campaigns":false,"_monsterinsights_skip_tracking":false,"_monsterinsights_sitenote_active":false,"_monsterinsights_sitenote_note":"","_monsterinsights_sitenote_category":0,"_uf_show_specific_survey":0,"_uf_disable_surveys":false,"_kadence_starter_templates_imported_post":false,"_kad_post_transparent":"","_kad_post_title":"","_kad_post_layout":"","_kad_post_sidebar_id":"","_kad_post_content_style":"","_kad_post_vertical_padding":"","_kad_post_feature":"","_kad_post_feature_position":"","_kad_post_header":false,"_kad_post_footer":false,"_kad_post_classname":"","footnotes":""},"categories":[480,347,390],"tags":[487,488,483,419,482,486,485],"class_list":["post-2931","post","type-post","status-publish","format-standard","has-post-thumbnail","hentry","category-marilena-chaui","category-producoes","category-videos","tag-aula","tag-aula-publica","tag-aula-publica-com-marilena-chaui","tag-greve","tag-greve-usp","tag-marilena-chaui","tag-usp-2023"],"yoast_head":"<!-- This site is optimized with the Yoast SEO plugin v27.4 - https:\/\/yoast.com\/product\/yoast-seo-wordpress\/ -->\n<title>Aula p\u00fablica com Marilena Chau\u00ed - greve da USP 2023 - Zero \u00e0 Esquerda<\/title>\n<meta name=\"robots\" content=\"index, follow, max-snippet:-1, max-image-preview:large, max-video-preview:-1\" \/>\n<link rel=\"canonical\" href=\"https:\/\/zeroaesquerda.com.br\/index.php\/2023\/12\/23\/aula-publica-com-marilena-chaui-greve-da-usp-2023\/\" \/>\n<meta property=\"og:locale\" content=\"pt_BR\" \/>\n<meta property=\"og:type\" content=\"article\" \/>\n<meta property=\"og:title\" content=\"Aula p\u00fablica com Marilena Chau\u00ed - greve da USP 2023 - Zero \u00e0 Esquerda\" \/>\n<meta property=\"og:description\" content=\"Aula p\u00fablica com Marilena Chau\u00ed ocorrida no dia 18\/10\/2023 durante a greve da USP. Uma das principais reivindica\u00e7\u00f5es da greve foi a contrata\u00e7\u00e3o de professores. As conquistas foram parciais. Marilena v\u00ea a greve como vitoriosa. Mas a luta continua&#8230; Fotos de Leonardo Silv\u00e9rio\" \/>\n<meta property=\"og:url\" content=\"https:\/\/zeroaesquerda.com.br\/index.php\/2023\/12\/23\/aula-publica-com-marilena-chaui-greve-da-usp-2023\/\" \/>\n<meta property=\"og:site_name\" content=\"Zero \u00e0 Esquerda\" \/>\n<meta property=\"article:publisher\" content=\"https:\/\/www.facebook.com\/revistazeroaesquerda\" \/>\n<meta property=\"article:published_time\" content=\"2023-12-23T15:22:25+00:00\" \/>\n<meta property=\"article:modified_time\" content=\"2024-10-28T20:05:25+00:00\" \/>\n<meta property=\"og:image\" content=\"https:\/\/zeroaesquerda.com.br\/wp-content\/uploads\/2023\/12\/Marilenagreve2.jpg\" \/>\n\t<meta property=\"og:image:width\" content=\"1600\" \/>\n\t<meta property=\"og:image:height\" content=\"1200\" \/>\n\t<meta property=\"og:image:type\" content=\"image\/jpeg\" \/>\n<meta name=\"author\" content=\"Zero \u00e0 Esquerda\" \/>\n<meta name=\"twitter:card\" content=\"summary_large_image\" \/>\n<meta name=\"twitter:creator\" content=\"@z3roaesquerda\" \/>\n<meta name=\"twitter:site\" content=\"@z3roaesquerda\" \/>\n<meta name=\"twitter:label1\" content=\"Escrito por\" \/>\n\t<meta name=\"twitter:data1\" content=\"Zero \u00e0 Esquerda\" \/>\n\t<meta name=\"twitter:label2\" content=\"Est. tempo de leitura\" \/>\n\t<meta name=\"twitter:data2\" content=\"2 minutos\" \/>\n<script type=\"application\/ld+json\" class=\"yoast-schema-graph\">{\"@context\":\"https:\\\/\\\/schema.org\",\"@graph\":[{\"@type\":\"Article\",\"@id\":\"https:\\\/\\\/zeroaesquerda.com.br\\\/index.php\\\/2023\\\/12\\\/23\\\/aula-publica-com-marilena-chaui-greve-da-usp-2023\\\/#article\",\"isPartOf\":{\"@id\":\"https:\\\/\\\/zeroaesquerda.com.br\\\/index.php\\\/2023\\\/12\\\/23\\\/aula-publica-com-marilena-chaui-greve-da-usp-2023\\\/\"},\"author\":{\"name\":\"Zero \u00e0 Esquerda\",\"@id\":\"https:\\\/\\\/zeroaesquerda.com.br\\\/#\\\/schema\\\/person\\\/04e72095a4fbe77f00c7b047955ed0b8\"},\"headline\":\"Aula p\u00fablica com Marilena Chau\u00ed &#8211; greve da USP 2023\",\"datePublished\":\"2023-12-23T15:22:25+00:00\",\"dateModified\":\"2024-10-28T20:05:25+00:00\",\"mainEntityOfPage\":{\"@id\":\"https:\\\/\\\/zeroaesquerda.com.br\\\/index.php\\\/2023\\\/12\\\/23\\\/aula-publica-com-marilena-chaui-greve-da-usp-2023\\\/\"},\"wordCount\":71,\"commentCount\":0,\"publisher\":{\"@id\":\"https:\\\/\\\/zeroaesquerda.com.br\\\/#organization\"},\"image\":{\"@id\":\"https:\\\/\\\/zeroaesquerda.com.br\\\/index.php\\\/2023\\\/12\\\/23\\\/aula-publica-com-marilena-chaui-greve-da-usp-2023\\\/#primaryimage\"},\"thumbnailUrl\":\"https:\\\/\\\/zeroaesquerda.com.br\\\/wp-content\\\/uploads\\\/2023\\\/12\\\/Marilenagreve2.jpg\",\"keywords\":[\"Aula\",\"Aula P\u00fablica\",\"Aula p\u00fablica com Marilena Chau\u00ed\",\"Greve\",\"Greve USP\",\"Marilena Chau\u00ed\",\"USP 2023\"],\"articleSection\":[\"Marilena Chau\u00ed\",\"Produ\u00e7\u00f5es\",\"V\u00eddeos\"],\"inLanguage\":\"pt-BR\",\"potentialAction\":[{\"@type\":\"CommentAction\",\"name\":\"Comment\",\"target\":[\"https:\\\/\\\/zeroaesquerda.com.br\\\/index.php\\\/2023\\\/12\\\/23\\\/aula-publica-com-marilena-chaui-greve-da-usp-2023\\\/#respond\"]}]},{\"@type\":\"WebPage\",\"@id\":\"https:\\\/\\\/zeroaesquerda.com.br\\\/index.php\\\/2023\\\/12\\\/23\\\/aula-publica-com-marilena-chaui-greve-da-usp-2023\\\/\",\"url\":\"https:\\\/\\\/zeroaesquerda.com.br\\\/index.php\\\/2023\\\/12\\\/23\\\/aula-publica-com-marilena-chaui-greve-da-usp-2023\\\/\",\"name\":\"Aula p\u00fablica com Marilena Chau\u00ed - greve da USP 2023 - Zero \u00e0 Esquerda\",\"isPartOf\":{\"@id\":\"https:\\\/\\\/zeroaesquerda.com.br\\\/#website\"},\"primaryImageOfPage\":{\"@id\":\"https:\\\/\\\/zeroaesquerda.com.br\\\/index.php\\\/2023\\\/12\\\/23\\\/aula-publica-com-marilena-chaui-greve-da-usp-2023\\\/#primaryimage\"},\"image\":{\"@id\":\"https:\\\/\\\/zeroaesquerda.com.br\\\/index.php\\\/2023\\\/12\\\/23\\\/aula-publica-com-marilena-chaui-greve-da-usp-2023\\\/#primaryimage\"},\"thumbnailUrl\":\"https:\\\/\\\/zeroaesquerda.com.br\\\/wp-content\\\/uploads\\\/2023\\\/12\\\/Marilenagreve2.jpg\",\"datePublished\":\"2023-12-23T15:22:25+00:00\",\"dateModified\":\"2024-10-28T20:05:25+00:00\",\"breadcrumb\":{\"@id\":\"https:\\\/\\\/zeroaesquerda.com.br\\\/index.php\\\/2023\\\/12\\\/23\\\/aula-publica-com-marilena-chaui-greve-da-usp-2023\\\/#breadcrumb\"},\"inLanguage\":\"pt-BR\",\"potentialAction\":[{\"@type\":\"ReadAction\",\"target\":[\"https:\\\/\\\/zeroaesquerda.com.br\\\/index.php\\\/2023\\\/12\\\/23\\\/aula-publica-com-marilena-chaui-greve-da-usp-2023\\\/\"]}]},{\"@type\":\"ImageObject\",\"inLanguage\":\"pt-BR\",\"@id\":\"https:\\\/\\\/zeroaesquerda.com.br\\\/index.php\\\/2023\\\/12\\\/23\\\/aula-publica-com-marilena-chaui-greve-da-usp-2023\\\/#primaryimage\",\"url\":\"https:\\\/\\\/zeroaesquerda.com.br\\\/wp-content\\\/uploads\\\/2023\\\/12\\\/Marilenagreve2.jpg\",\"contentUrl\":\"https:\\\/\\\/zeroaesquerda.com.br\\\/wp-content\\\/uploads\\\/2023\\\/12\\\/Marilenagreve2.jpg\",\"width\":1600,\"height\":1200},{\"@type\":\"BreadcrumbList\",\"@id\":\"https:\\\/\\\/zeroaesquerda.com.br\\\/index.php\\\/2023\\\/12\\\/23\\\/aula-publica-com-marilena-chaui-greve-da-usp-2023\\\/#breadcrumb\",\"itemListElement\":[{\"@type\":\"ListItem\",\"position\":1,\"name\":\"In\u00edcio\",\"item\":\"https:\\\/\\\/zeroaesquerda.com.br\\\/\"},{\"@type\":\"ListItem\",\"position\":2,\"name\":\"Aula p\u00fablica com Marilena Chau\u00ed &#8211; greve da USP 2023\"}]},{\"@type\":\"WebSite\",\"@id\":\"https:\\\/\\\/zeroaesquerda.com.br\\\/#website\",\"url\":\"https:\\\/\\\/zeroaesquerda.com.br\\\/\",\"name\":\"Zero \u00e0 Esquerda\",\"description\":\"Tra\u00e7ando tend\u00eancias para al\u00e9m do capitalismo.\",\"publisher\":{\"@id\":\"https:\\\/\\\/zeroaesquerda.com.br\\\/#organization\"},\"potentialAction\":[{\"@type\":\"SearchAction\",\"target\":{\"@type\":\"EntryPoint\",\"urlTemplate\":\"https:\\\/\\\/zeroaesquerda.com.br\\\/?s={search_term_string}\"},\"query-input\":{\"@type\":\"PropertyValueSpecification\",\"valueRequired\":true,\"valueName\":\"search_term_string\"}}],\"inLanguage\":\"pt-BR\"},{\"@type\":\"Organization\",\"@id\":\"https:\\\/\\\/zeroaesquerda.com.br\\\/#organization\",\"name\":\"Zero \u00e0 Esquerda\",\"url\":\"https:\\\/\\\/zeroaesquerda.com.br\\\/\",\"logo\":{\"@type\":\"ImageObject\",\"inLanguage\":\"pt-BR\",\"@id\":\"https:\\\/\\\/zeroaesquerda.com.br\\\/#\\\/schema\\\/logo\\\/image\\\/\",\"url\":\"https:\\\/\\\/zeroaesquerda.com.br\\\/wp-content\\\/uploads\\\/2021\\\/01\\\/4-simbolo-zero-a-esquerda-favicon-alt.png\",\"contentUrl\":\"https:\\\/\\\/zeroaesquerda.com.br\\\/wp-content\\\/uploads\\\/2021\\\/01\\\/4-simbolo-zero-a-esquerda-favicon-alt.png\",\"width\":1271,\"height\":1069,\"caption\":\"Zero \u00e0 Esquerda\"},\"image\":{\"@id\":\"https:\\\/\\\/zeroaesquerda.com.br\\\/#\\\/schema\\\/logo\\\/image\\\/\"},\"sameAs\":[\"https:\\\/\\\/www.facebook.com\\\/revistazeroaesquerda\",\"https:\\\/\\\/x.com\\\/z3roaesquerda\",\"https:\\\/\\\/www.instagram.com\\\/revistazeroaesquerda\\\/\",\"https:\\\/\\\/www.youtube.com\\\/channel\\\/UCIaGx271Qw6D1QwqYBojrLw\"]},{\"@type\":\"Person\",\"@id\":\"https:\\\/\\\/zeroaesquerda.com.br\\\/#\\\/schema\\\/person\\\/04e72095a4fbe77f00c7b047955ed0b8\",\"name\":\"Zero \u00e0 Esquerda\",\"image\":{\"@type\":\"ImageObject\",\"inLanguage\":\"pt-BR\",\"@id\":\"https:\\\/\\\/secure.gravatar.com\\\/avatar\\\/a417d8eccb1cec435aa9a93213f41ee528a636232351421dedc4ada2160b3f1b?s=96&d=mm&r=g\",\"url\":\"https:\\\/\\\/secure.gravatar.com\\\/avatar\\\/a417d8eccb1cec435aa9a93213f41ee528a636232351421dedc4ada2160b3f1b?s=96&d=mm&r=g\",\"contentUrl\":\"https:\\\/\\\/secure.gravatar.com\\\/avatar\\\/a417d8eccb1cec435aa9a93213f41ee528a636232351421dedc4ada2160b3f1b?s=96&d=mm&r=g\",\"caption\":\"Zero \u00e0 Esquerda\"},\"description\":\"Tra\u00e7ando tend\u00eancias para al\u00e9m do capitalismo.\",\"sameAs\":[\"http:\\\/\\\/zeroaesquerda.com.br\"],\"url\":\"https:\\\/\\\/zeroaesquerda.com.br\\\/index.php\\\/author\\\/revistazeroaesquerdagmail-com\\\/\"}]}<\/script>\n<!-- \/ Yoast SEO plugin. -->","yoast_head_json":{"title":"Aula p\u00fablica com Marilena Chau\u00ed - greve da USP 2023 - Zero \u00e0 Esquerda","robots":{"index":"index","follow":"follow","max-snippet":"max-snippet:-1","max-image-preview":"max-image-preview:large","max-video-preview":"max-video-preview:-1"},"canonical":"https:\/\/zeroaesquerda.com.br\/index.php\/2023\/12\/23\/aula-publica-com-marilena-chaui-greve-da-usp-2023\/","og_locale":"pt_BR","og_type":"article","og_title":"Aula p\u00fablica com Marilena Chau\u00ed - greve da USP 2023 - Zero \u00e0 Esquerda","og_description":"Aula p\u00fablica com Marilena Chau\u00ed ocorrida no dia 18\/10\/2023 durante a greve da USP. Uma das principais reivindica\u00e7\u00f5es da greve foi a contrata\u00e7\u00e3o de professores. As conquistas foram parciais. Marilena v\u00ea a greve como vitoriosa. Mas a luta continua&#8230; Fotos de Leonardo Silv\u00e9rio","og_url":"https:\/\/zeroaesquerda.com.br\/index.php\/2023\/12\/23\/aula-publica-com-marilena-chaui-greve-da-usp-2023\/","og_site_name":"Zero \u00e0 Esquerda","article_publisher":"https:\/\/www.facebook.com\/revistazeroaesquerda","article_published_time":"2023-12-23T15:22:25+00:00","article_modified_time":"2024-10-28T20:05:25+00:00","og_image":[{"width":1600,"height":1200,"url":"https:\/\/zeroaesquerda.com.br\/wp-content\/uploads\/2023\/12\/Marilenagreve2.jpg","type":"image\/jpeg"}],"author":"Zero \u00e0 Esquerda","twitter_card":"summary_large_image","twitter_creator":"@z3roaesquerda","twitter_site":"@z3roaesquerda","twitter_misc":{"Escrito por":"Zero \u00e0 Esquerda","Est. tempo de leitura":"2 minutos"},"schema":{"@context":"https:\/\/schema.org","@graph":[{"@type":"Article","@id":"https:\/\/zeroaesquerda.com.br\/index.php\/2023\/12\/23\/aula-publica-com-marilena-chaui-greve-da-usp-2023\/#article","isPartOf":{"@id":"https:\/\/zeroaesquerda.com.br\/index.php\/2023\/12\/23\/aula-publica-com-marilena-chaui-greve-da-usp-2023\/"},"author":{"name":"Zero \u00e0 Esquerda","@id":"https:\/\/zeroaesquerda.com.br\/#\/schema\/person\/04e72095a4fbe77f00c7b047955ed0b8"},"headline":"Aula p\u00fablica com Marilena Chau\u00ed &#8211; greve da USP 2023","datePublished":"2023-12-23T15:22:25+00:00","dateModified":"2024-10-28T20:05:25+00:00","mainEntityOfPage":{"@id":"https:\/\/zeroaesquerda.com.br\/index.php\/2023\/12\/23\/aula-publica-com-marilena-chaui-greve-da-usp-2023\/"},"wordCount":71,"commentCount":0,"publisher":{"@id":"https:\/\/zeroaesquerda.com.br\/#organization"},"image":{"@id":"https:\/\/zeroaesquerda.com.br\/index.php\/2023\/12\/23\/aula-publica-com-marilena-chaui-greve-da-usp-2023\/#primaryimage"},"thumbnailUrl":"https:\/\/zeroaesquerda.com.br\/wp-content\/uploads\/2023\/12\/Marilenagreve2.jpg","keywords":["Aula","Aula P\u00fablica","Aula p\u00fablica com Marilena Chau\u00ed","Greve","Greve USP","Marilena Chau\u00ed","USP 2023"],"articleSection":["Marilena Chau\u00ed","Produ\u00e7\u00f5es","V\u00eddeos"],"inLanguage":"pt-BR","potentialAction":[{"@type":"CommentAction","name":"Comment","target":["https:\/\/zeroaesquerda.com.br\/index.php\/2023\/12\/23\/aula-publica-com-marilena-chaui-greve-da-usp-2023\/#respond"]}]},{"@type":"WebPage","@id":"https:\/\/zeroaesquerda.com.br\/index.php\/2023\/12\/23\/aula-publica-com-marilena-chaui-greve-da-usp-2023\/","url":"https:\/\/zeroaesquerda.com.br\/index.php\/2023\/12\/23\/aula-publica-com-marilena-chaui-greve-da-usp-2023\/","name":"Aula p\u00fablica com Marilena Chau\u00ed - greve da USP 2023 - Zero \u00e0 Esquerda","isPartOf":{"@id":"https:\/\/zeroaesquerda.com.br\/#website"},"primaryImageOfPage":{"@id":"https:\/\/zeroaesquerda.com.br\/index.php\/2023\/12\/23\/aula-publica-com-marilena-chaui-greve-da-usp-2023\/#primaryimage"},"image":{"@id":"https:\/\/zeroaesquerda.com.br\/index.php\/2023\/12\/23\/aula-publica-com-marilena-chaui-greve-da-usp-2023\/#primaryimage"},"thumbnailUrl":"https:\/\/zeroaesquerda.com.br\/wp-content\/uploads\/2023\/12\/Marilenagreve2.jpg","datePublished":"2023-12-23T15:22:25+00:00","dateModified":"2024-10-28T20:05:25+00:00","breadcrumb":{"@id":"https:\/\/zeroaesquerda.com.br\/index.php\/2023\/12\/23\/aula-publica-com-marilena-chaui-greve-da-usp-2023\/#breadcrumb"},"inLanguage":"pt-BR","potentialAction":[{"@type":"ReadAction","target":["https:\/\/zeroaesquerda.com.br\/index.php\/2023\/12\/23\/aula-publica-com-marilena-chaui-greve-da-usp-2023\/"]}]},{"@type":"ImageObject","inLanguage":"pt-BR","@id":"https:\/\/zeroaesquerda.com.br\/index.php\/2023\/12\/23\/aula-publica-com-marilena-chaui-greve-da-usp-2023\/#primaryimage","url":"https:\/\/zeroaesquerda.com.br\/wp-content\/uploads\/2023\/12\/Marilenagreve2.jpg","contentUrl":"https:\/\/zeroaesquerda.com.br\/wp-content\/uploads\/2023\/12\/Marilenagreve2.jpg","width":1600,"height":1200},{"@type":"BreadcrumbList","@id":"https:\/\/zeroaesquerda.com.br\/index.php\/2023\/12\/23\/aula-publica-com-marilena-chaui-greve-da-usp-2023\/#breadcrumb","itemListElement":[{"@type":"ListItem","position":1,"name":"In\u00edcio","item":"https:\/\/zeroaesquerda.com.br\/"},{"@type":"ListItem","position":2,"name":"Aula p\u00fablica com Marilena Chau\u00ed &#8211; greve da USP 2023"}]},{"@type":"WebSite","@id":"https:\/\/zeroaesquerda.com.br\/#website","url":"https:\/\/zeroaesquerda.com.br\/","name":"Zero \u00e0 Esquerda","description":"Tra\u00e7ando tend\u00eancias para al\u00e9m do capitalismo.","publisher":{"@id":"https:\/\/zeroaesquerda.com.br\/#organization"},"potentialAction":[{"@type":"SearchAction","target":{"@type":"EntryPoint","urlTemplate":"https:\/\/zeroaesquerda.com.br\/?s={search_term_string}"},"query-input":{"@type":"PropertyValueSpecification","valueRequired":true,"valueName":"search_term_string"}}],"inLanguage":"pt-BR"},{"@type":"Organization","@id":"https:\/\/zeroaesquerda.com.br\/#organization","name":"Zero \u00e0 Esquerda","url":"https:\/\/zeroaesquerda.com.br\/","logo":{"@type":"ImageObject","inLanguage":"pt-BR","@id":"https:\/\/zeroaesquerda.com.br\/#\/schema\/logo\/image\/","url":"https:\/\/zeroaesquerda.com.br\/wp-content\/uploads\/2021\/01\/4-simbolo-zero-a-esquerda-favicon-alt.png","contentUrl":"https:\/\/zeroaesquerda.com.br\/wp-content\/uploads\/2021\/01\/4-simbolo-zero-a-esquerda-favicon-alt.png","width":1271,"height":1069,"caption":"Zero \u00e0 Esquerda"},"image":{"@id":"https:\/\/zeroaesquerda.com.br\/#\/schema\/logo\/image\/"},"sameAs":["https:\/\/www.facebook.com\/revistazeroaesquerda","https:\/\/x.com\/z3roaesquerda","https:\/\/www.instagram.com\/revistazeroaesquerda\/","https:\/\/www.youtube.com\/channel\/UCIaGx271Qw6D1QwqYBojrLw"]},{"@type":"Person","@id":"https:\/\/zeroaesquerda.com.br\/#\/schema\/person\/04e72095a4fbe77f00c7b047955ed0b8","name":"Zero \u00e0 Esquerda","image":{"@type":"ImageObject","inLanguage":"pt-BR","@id":"https:\/\/secure.gravatar.com\/avatar\/a417d8eccb1cec435aa9a93213f41ee528a636232351421dedc4ada2160b3f1b?s=96&d=mm&r=g","url":"https:\/\/secure.gravatar.com\/avatar\/a417d8eccb1cec435aa9a93213f41ee528a636232351421dedc4ada2160b3f1b?s=96&d=mm&r=g","contentUrl":"https:\/\/secure.gravatar.com\/avatar\/a417d8eccb1cec435aa9a93213f41ee528a636232351421dedc4ada2160b3f1b?s=96&d=mm&r=g","caption":"Zero \u00e0 Esquerda"},"description":"Tra\u00e7ando tend\u00eancias para al\u00e9m do capitalismo.","sameAs":["http:\/\/zeroaesquerda.com.br"],"url":"https:\/\/zeroaesquerda.com.br\/index.php\/author\/revistazeroaesquerdagmail-com\/"}]}},"_links":{"self":[{"href":"https:\/\/zeroaesquerda.com.br\/index.php\/wp-json\/wp\/v2\/posts\/2931","targetHints":{"allow":["GET"]}}],"collection":[{"href":"https:\/\/zeroaesquerda.com.br\/index.php\/wp-json\/wp\/v2\/posts"}],"about":[{"href":"https:\/\/zeroaesquerda.com.br\/index.php\/wp-json\/wp\/v2\/types\/post"}],"author":[{"embeddable":true,"href":"https:\/\/zeroaesquerda.com.br\/index.php\/wp-json\/wp\/v2\/users\/1"}],"replies":[{"embeddable":true,"href":"https:\/\/zeroaesquerda.com.br\/index.php\/wp-json\/wp\/v2\/comments?post=2931"}],"version-history":[{"count":1,"href":"https:\/\/zeroaesquerda.com.br\/index.php\/wp-json\/wp\/v2\/posts\/2931\/revisions"}],"predecessor-version":[{"id":2935,"href":"https:\/\/zeroaesquerda.com.br\/index.php\/wp-json\/wp\/v2\/posts\/2931\/revisions\/2935"}],"wp:featuredmedia":[{"embeddable":true,"href":"https:\/\/zeroaesquerda.com.br\/index.php\/wp-json\/wp\/v2\/media\/2933"}],"wp:attachment":[{"href":"https:\/\/zeroaesquerda.com.br\/index.php\/wp-json\/wp\/v2\/media?parent=2931"}],"wp:term":[{"taxonomy":"category","embeddable":true,"href":"https:\/\/zeroaesquerda.com.br\/index.php\/wp-json\/wp\/v2\/categories?post=2931"},{"taxonomy":"post_tag","embeddable":true,"href":"https:\/\/zeroaesquerda.com.br\/index.php\/wp-json\/wp\/v2\/tags?post=2931"}],"curies":[{"name":"wp","href":"https:\/\/api.w.org\/{rel}","templated":true}]}}