{"id":190,"date":"2018-12-23T11:02:57","date_gmt":"2018-12-23T13:02:57","guid":{"rendered":"https:\/\/tradutoresproletarios.wordpress.com\/?p=190"},"modified":"2021-01-23T05:25:05","modified_gmt":"2021-01-23T05:25:05","slug":"os-rostos-e-as-vozes-dos-gilets-jaunes-na-franca","status":"publish","type":"post","link":"https:\/\/zeroaesquerda.com.br\/index.php\/2018\/12\/23\/os-rostos-e-as-vozes-dos-gilets-jaunes-na-franca\/","title":{"rendered":"Os rostos e as vozes dos Gilets Jaunes na Fran\u00e7a \u2014 The Intercept"},"content":{"rendered":"\n<figure class=\"wp-block-embed aligncenter is-type-video is-provider-youtube wp-block-embed-youtube wp-embed-aspect-16-9 wp-has-aspect-ratio\"><div class=\"wp-block-embed__wrapper\">\n<iframe loading=\"lazy\" title=\"Os Rostos e as Vozes dos Gilets Jaunes na Fran\u00e7a\" width=\"720\" height=\"405\" src=\"https:\/\/www.youtube.com\/embed\/C_pVDpzuwDU?feature=oembed\" frameborder=\"0\" allow=\"accelerometer; autoplay; clipboard-write; encrypted-media; gyroscope; picture-in-picture\" allowfullscreen><\/iframe>\n<\/div><\/figure>\n\n\n\n<hr class=\"wp-block-separator\"\/>\n\n\n\n<p><strong>Sinopse:<\/strong><br>&nbsp;\u201cQuando voc\u00ea pensa algo, tem que ir at\u00e9 o fim\u201d.<\/p>\n\n\n\n<p><strong>V\u00eddeo original: <\/strong><a href=\"https:\/\/www.youtube.com\/watch?v=KxAR9mooOog\" rel=\"noreferrer noopener\" target=\"_blank\">https:\/\/www.youtube.com\/watch?v=KxAR9mooOog<\/a><br><strong>Tradu\u00e7\u00e3o:<\/strong> Jo\u00e3o Nachtigall [CTP].<\/p>\n\n\n\n<hr class=\"wp-block-separator\"\/>\n\n\n\n<div class=\"wp-block-image\"><figure class=\"aligncenter is-resized\"><img loading=\"lazy\" decoding=\"async\" src=\"https:\/\/tradutoresproletarios.files.wordpress.com\/2018\/12\/fb41a-1wdjvsspqevkbusqp-8ucja.png\" alt=\"\" width=\"800\" height=\"533\"\/><\/figure><\/div>\n","protected":false},"excerpt":{"rendered":"<p>\u201cQuando voc\u00ea pensa algo, tem que ir at\u00e9 o fim\u201d.<\/p>\n","protected":false},"author":1,"featured_media":0,"comment_status":"closed","ping_status":"open","sticky":false,"template":"","format":"standard","meta":{"_coblocks_attr":"","_coblocks_dimensions":"","_coblocks_responsive_height":"","_coblocks_accordion_ie_support":"","om_disable_all_campaigns":false,"_monsterinsights_skip_tracking":false,"_monsterinsights_sitenote_active":false,"_monsterinsights_sitenote_note":"","_monsterinsights_sitenote_category":0,"_uf_show_specific_survey":0,"_uf_disable_surveys":false,"_kadence_starter_templates_imported_post":false,"_kad_post_transparent":"","_kad_post_title":"","_kad_post_layout":"","_kad_post_sidebar_id":"","_kad_post_content_style":"","_kad_post_vertical_padding":"","_kad_post_feature":"","_kad_post_feature_position":"","_kad_post_header":false,"_kad_post_footer":false,"_kad_post_classname":"","footnotes":""},"categories":[345,1],"tags":[83,143,197,265,309],"class_list":["post-190","post","type-post","status-publish","format-standard","hentry","category-arquivo-tradutores-proletarios","category-uncategorized","tag-coletes-amarelos","tag-franca","tag-jornalistica","tag-politica","tag-the-intercept"],"yoast_head":"<!-- This site is optimized with the Yoast SEO plugin v27.4 - https:\/\/yoast.com\/product\/yoast-seo-wordpress\/ -->\n<title>Os rostos e as vozes dos Gilets Jaunes na Fran\u00e7a \u2014 The Intercept - Zero \u00e0 Esquerda<\/title>\n<meta name=\"robots\" content=\"index, follow, max-snippet:-1, max-image-preview:large, max-video-preview:-1\" \/>\n<link rel=\"canonical\" href=\"https:\/\/zeroaesquerda.com.br\/index.php\/2018\/12\/23\/os-rostos-e-as-vozes-dos-gilets-jaunes-na-franca\/\" \/>\n<meta property=\"og:locale\" content=\"pt_BR\" \/>\n<meta property=\"og:type\" content=\"article\" \/>\n<meta property=\"og:title\" content=\"Os rostos e as vozes dos Gilets Jaunes na Fran\u00e7a \u2014 The Intercept - Zero \u00e0 Esquerda\" \/>\n<meta property=\"og:description\" content=\"\u201cQuando voc\u00ea pensa algo, tem que ir at\u00e9 o fim\u201d.\" \/>\n<meta property=\"og:url\" content=\"https:\/\/zeroaesquerda.com.br\/index.php\/2018\/12\/23\/os-rostos-e-as-vozes-dos-gilets-jaunes-na-franca\/\" \/>\n<meta property=\"og:site_name\" content=\"Zero \u00e0 Esquerda\" \/>\n<meta property=\"article:publisher\" content=\"https:\/\/www.facebook.com\/revistazeroaesquerda\" \/>\n<meta property=\"article:published_time\" content=\"2018-12-23T13:02:57+00:00\" \/>\n<meta property=\"article:modified_time\" content=\"2021-01-23T05:25:05+00:00\" \/>\n<meta property=\"og:image\" content=\"https:\/\/tradutoresproletarios.files.wordpress.com\/2018\/12\/fb41a-1wdjvsspqevkbusqp-8ucja.png\" \/>\n<meta name=\"author\" content=\"Zero \u00e0 Esquerda\" \/>\n<meta name=\"twitter:card\" content=\"summary_large_image\" \/>\n<meta name=\"twitter:creator\" content=\"@z3roaesquerda\" \/>\n<meta name=\"twitter:site\" content=\"@z3roaesquerda\" \/>\n<meta name=\"twitter:label1\" content=\"Escrito por\" \/>\n\t<meta name=\"twitter:data1\" content=\"Zero \u00e0 Esquerda\" \/>\n<script type=\"application\/ld+json\" class=\"yoast-schema-graph\">{\"@context\":\"https:\\\/\\\/schema.org\",\"@graph\":[{\"@type\":\"Article\",\"@id\":\"https:\\\/\\\/zeroaesquerda.com.br\\\/index.php\\\/2018\\\/12\\\/23\\\/os-rostos-e-as-vozes-dos-gilets-jaunes-na-franca\\\/#article\",\"isPartOf\":{\"@id\":\"https:\\\/\\\/zeroaesquerda.com.br\\\/index.php\\\/2018\\\/12\\\/23\\\/os-rostos-e-as-vozes-dos-gilets-jaunes-na-franca\\\/\"},\"author\":{\"name\":\"Zero \u00e0 Esquerda\",\"@id\":\"https:\\\/\\\/zeroaesquerda.com.br\\\/#\\\/schema\\\/person\\\/04e72095a4fbe77f00c7b047955ed0b8\"},\"headline\":\"Os rostos e as vozes dos Gilets Jaunes na Fran\u00e7a \u2014 The Intercept\",\"datePublished\":\"2018-12-23T13:02:57+00:00\",\"dateModified\":\"2021-01-23T05:25:05+00:00\",\"mainEntityOfPage\":{\"@id\":\"https:\\\/\\\/zeroaesquerda.com.br\\\/index.php\\\/2018\\\/12\\\/23\\\/os-rostos-e-as-vozes-dos-gilets-jaunes-na-franca\\\/\"},\"wordCount\":50,\"publisher\":{\"@id\":\"https:\\\/\\\/zeroaesquerda.com.br\\\/#organization\"},\"image\":{\"@id\":\"https:\\\/\\\/zeroaesquerda.com.br\\\/index.php\\\/2018\\\/12\\\/23\\\/os-rostos-e-as-vozes-dos-gilets-jaunes-na-franca\\\/#primaryimage\"},\"thumbnailUrl\":\"https:\\\/\\\/tradutoresproletarios.files.wordpress.com\\\/2018\\\/12\\\/fb41a-1wdjvsspqevkbusqp-8ucja.png\",\"keywords\":[\"Coletes Amarelos\",\"Fran\u00e7a\",\"Jornal\u00edstica\",\"Pol\u00edtica\",\"The Intercept\"],\"articleSection\":[\"Arquivo (Tradutores Prolet\u00e1rios)\",\"Uncategorized\"],\"inLanguage\":\"pt-BR\"},{\"@type\":\"WebPage\",\"@id\":\"https:\\\/\\\/zeroaesquerda.com.br\\\/index.php\\\/2018\\\/12\\\/23\\\/os-rostos-e-as-vozes-dos-gilets-jaunes-na-franca\\\/\",\"url\":\"https:\\\/\\\/zeroaesquerda.com.br\\\/index.php\\\/2018\\\/12\\\/23\\\/os-rostos-e-as-vozes-dos-gilets-jaunes-na-franca\\\/\",\"name\":\"Os rostos e as vozes dos Gilets Jaunes na Fran\u00e7a \u2014 The Intercept - Zero \u00e0 Esquerda\",\"isPartOf\":{\"@id\":\"https:\\\/\\\/zeroaesquerda.com.br\\\/#website\"},\"primaryImageOfPage\":{\"@id\":\"https:\\\/\\\/zeroaesquerda.com.br\\\/index.php\\\/2018\\\/12\\\/23\\\/os-rostos-e-as-vozes-dos-gilets-jaunes-na-franca\\\/#primaryimage\"},\"image\":{\"@id\":\"https:\\\/\\\/zeroaesquerda.com.br\\\/index.php\\\/2018\\\/12\\\/23\\\/os-rostos-e-as-vozes-dos-gilets-jaunes-na-franca\\\/#primaryimage\"},\"thumbnailUrl\":\"https:\\\/\\\/tradutoresproletarios.files.wordpress.com\\\/2018\\\/12\\\/fb41a-1wdjvsspqevkbusqp-8ucja.png\",\"datePublished\":\"2018-12-23T13:02:57+00:00\",\"dateModified\":\"2021-01-23T05:25:05+00:00\",\"breadcrumb\":{\"@id\":\"https:\\\/\\\/zeroaesquerda.com.br\\\/index.php\\\/2018\\\/12\\\/23\\\/os-rostos-e-as-vozes-dos-gilets-jaunes-na-franca\\\/#breadcrumb\"},\"inLanguage\":\"pt-BR\",\"potentialAction\":[{\"@type\":\"ReadAction\",\"target\":[\"https:\\\/\\\/zeroaesquerda.com.br\\\/index.php\\\/2018\\\/12\\\/23\\\/os-rostos-e-as-vozes-dos-gilets-jaunes-na-franca\\\/\"]}]},{\"@type\":\"ImageObject\",\"inLanguage\":\"pt-BR\",\"@id\":\"https:\\\/\\\/zeroaesquerda.com.br\\\/index.php\\\/2018\\\/12\\\/23\\\/os-rostos-e-as-vozes-dos-gilets-jaunes-na-franca\\\/#primaryimage\",\"url\":\"https:\\\/\\\/tradutoresproletarios.files.wordpress.com\\\/2018\\\/12\\\/fb41a-1wdjvsspqevkbusqp-8ucja.png\",\"contentUrl\":\"https:\\\/\\\/tradutoresproletarios.files.wordpress.com\\\/2018\\\/12\\\/fb41a-1wdjvsspqevkbusqp-8ucja.png\"},{\"@type\":\"BreadcrumbList\",\"@id\":\"https:\\\/\\\/zeroaesquerda.com.br\\\/index.php\\\/2018\\\/12\\\/23\\\/os-rostos-e-as-vozes-dos-gilets-jaunes-na-franca\\\/#breadcrumb\",\"itemListElement\":[{\"@type\":\"ListItem\",\"position\":1,\"name\":\"In\u00edcio\",\"item\":\"https:\\\/\\\/zeroaesquerda.com.br\\\/\"},{\"@type\":\"ListItem\",\"position\":2,\"name\":\"Os rostos e as vozes dos Gilets Jaunes na Fran\u00e7a \u2014 The Intercept\"}]},{\"@type\":\"WebSite\",\"@id\":\"https:\\\/\\\/zeroaesquerda.com.br\\\/#website\",\"url\":\"https:\\\/\\\/zeroaesquerda.com.br\\\/\",\"name\":\"Zero \u00e0 Esquerda\",\"description\":\"Tra\u00e7ando tend\u00eancias para al\u00e9m do capitalismo.\",\"publisher\":{\"@id\":\"https:\\\/\\\/zeroaesquerda.com.br\\\/#organization\"},\"potentialAction\":[{\"@type\":\"SearchAction\",\"target\":{\"@type\":\"EntryPoint\",\"urlTemplate\":\"https:\\\/\\\/zeroaesquerda.com.br\\\/?s={search_term_string}\"},\"query-input\":{\"@type\":\"PropertyValueSpecification\",\"valueRequired\":true,\"valueName\":\"search_term_string\"}}],\"inLanguage\":\"pt-BR\"},{\"@type\":\"Organization\",\"@id\":\"https:\\\/\\\/zeroaesquerda.com.br\\\/#organization\",\"name\":\"Zero \u00e0 Esquerda\",\"url\":\"https:\\\/\\\/zeroaesquerda.com.br\\\/\",\"logo\":{\"@type\":\"ImageObject\",\"inLanguage\":\"pt-BR\",\"@id\":\"https:\\\/\\\/zeroaesquerda.com.br\\\/#\\\/schema\\\/logo\\\/image\\\/\",\"url\":\"https:\\\/\\\/zeroaesquerda.com.br\\\/wp-content\\\/uploads\\\/2021\\\/01\\\/4-simbolo-zero-a-esquerda-favicon-alt.png\",\"contentUrl\":\"https:\\\/\\\/zeroaesquerda.com.br\\\/wp-content\\\/uploads\\\/2021\\\/01\\\/4-simbolo-zero-a-esquerda-favicon-alt.png\",\"width\":1271,\"height\":1069,\"caption\":\"Zero \u00e0 Esquerda\"},\"image\":{\"@id\":\"https:\\\/\\\/zeroaesquerda.com.br\\\/#\\\/schema\\\/logo\\\/image\\\/\"},\"sameAs\":[\"https:\\\/\\\/www.facebook.com\\\/revistazeroaesquerda\",\"https:\\\/\\\/x.com\\\/z3roaesquerda\",\"https:\\\/\\\/www.instagram.com\\\/revistazeroaesquerda\\\/\",\"https:\\\/\\\/www.youtube.com\\\/channel\\\/UCIaGx271Qw6D1QwqYBojrLw\"]},{\"@type\":\"Person\",\"@id\":\"https:\\\/\\\/zeroaesquerda.com.br\\\/#\\\/schema\\\/person\\\/04e72095a4fbe77f00c7b047955ed0b8\",\"name\":\"Zero \u00e0 Esquerda\",\"image\":{\"@type\":\"ImageObject\",\"inLanguage\":\"pt-BR\",\"@id\":\"https:\\\/\\\/secure.gravatar.com\\\/avatar\\\/a417d8eccb1cec435aa9a93213f41ee528a636232351421dedc4ada2160b3f1b?s=96&d=mm&r=g\",\"url\":\"https:\\\/\\\/secure.gravatar.com\\\/avatar\\\/a417d8eccb1cec435aa9a93213f41ee528a636232351421dedc4ada2160b3f1b?s=96&d=mm&r=g\",\"contentUrl\":\"https:\\\/\\\/secure.gravatar.com\\\/avatar\\\/a417d8eccb1cec435aa9a93213f41ee528a636232351421dedc4ada2160b3f1b?s=96&d=mm&r=g\",\"caption\":\"Zero \u00e0 Esquerda\"},\"description\":\"Tra\u00e7ando tend\u00eancias para al\u00e9m do capitalismo.\",\"sameAs\":[\"http:\\\/\\\/zeroaesquerda.com.br\"],\"url\":\"https:\\\/\\\/zeroaesquerda.com.br\\\/index.php\\\/author\\\/revistazeroaesquerdagmail-com\\\/\"}]}<\/script>\n<!-- \/ Yoast SEO plugin. -->","yoast_head_json":{"title":"Os rostos e as vozes dos Gilets Jaunes na Fran\u00e7a \u2014 The Intercept - Zero \u00e0 Esquerda","robots":{"index":"index","follow":"follow","max-snippet":"max-snippet:-1","max-image-preview":"max-image-preview:large","max-video-preview":"max-video-preview:-1"},"canonical":"https:\/\/zeroaesquerda.com.br\/index.php\/2018\/12\/23\/os-rostos-e-as-vozes-dos-gilets-jaunes-na-franca\/","og_locale":"pt_BR","og_type":"article","og_title":"Os rostos e as vozes dos Gilets Jaunes na Fran\u00e7a \u2014 The Intercept - Zero \u00e0 Esquerda","og_description":"\u201cQuando voc\u00ea pensa algo, tem que ir at\u00e9 o fim\u201d.","og_url":"https:\/\/zeroaesquerda.com.br\/index.php\/2018\/12\/23\/os-rostos-e-as-vozes-dos-gilets-jaunes-na-franca\/","og_site_name":"Zero \u00e0 Esquerda","article_publisher":"https:\/\/www.facebook.com\/revistazeroaesquerda","article_published_time":"2018-12-23T13:02:57+00:00","article_modified_time":"2021-01-23T05:25:05+00:00","og_image":[{"url":"https:\/\/tradutoresproletarios.files.wordpress.com\/2018\/12\/fb41a-1wdjvsspqevkbusqp-8ucja.png","type":"","width":"","height":""}],"author":"Zero \u00e0 Esquerda","twitter_card":"summary_large_image","twitter_creator":"@z3roaesquerda","twitter_site":"@z3roaesquerda","twitter_misc":{"Escrito por":"Zero \u00e0 Esquerda"},"schema":{"@context":"https:\/\/schema.org","@graph":[{"@type":"Article","@id":"https:\/\/zeroaesquerda.com.br\/index.php\/2018\/12\/23\/os-rostos-e-as-vozes-dos-gilets-jaunes-na-franca\/#article","isPartOf":{"@id":"https:\/\/zeroaesquerda.com.br\/index.php\/2018\/12\/23\/os-rostos-e-as-vozes-dos-gilets-jaunes-na-franca\/"},"author":{"name":"Zero \u00e0 Esquerda","@id":"https:\/\/zeroaesquerda.com.br\/#\/schema\/person\/04e72095a4fbe77f00c7b047955ed0b8"},"headline":"Os rostos e as vozes dos Gilets Jaunes na Fran\u00e7a \u2014 The Intercept","datePublished":"2018-12-23T13:02:57+00:00","dateModified":"2021-01-23T05:25:05+00:00","mainEntityOfPage":{"@id":"https:\/\/zeroaesquerda.com.br\/index.php\/2018\/12\/23\/os-rostos-e-as-vozes-dos-gilets-jaunes-na-franca\/"},"wordCount":50,"publisher":{"@id":"https:\/\/zeroaesquerda.com.br\/#organization"},"image":{"@id":"https:\/\/zeroaesquerda.com.br\/index.php\/2018\/12\/23\/os-rostos-e-as-vozes-dos-gilets-jaunes-na-franca\/#primaryimage"},"thumbnailUrl":"https:\/\/tradutoresproletarios.files.wordpress.com\/2018\/12\/fb41a-1wdjvsspqevkbusqp-8ucja.png","keywords":["Coletes Amarelos","Fran\u00e7a","Jornal\u00edstica","Pol\u00edtica","The Intercept"],"articleSection":["Arquivo (Tradutores Prolet\u00e1rios)","Uncategorized"],"inLanguage":"pt-BR"},{"@type":"WebPage","@id":"https:\/\/zeroaesquerda.com.br\/index.php\/2018\/12\/23\/os-rostos-e-as-vozes-dos-gilets-jaunes-na-franca\/","url":"https:\/\/zeroaesquerda.com.br\/index.php\/2018\/12\/23\/os-rostos-e-as-vozes-dos-gilets-jaunes-na-franca\/","name":"Os rostos e as vozes dos Gilets Jaunes na Fran\u00e7a \u2014 The Intercept - Zero \u00e0 Esquerda","isPartOf":{"@id":"https:\/\/zeroaesquerda.com.br\/#website"},"primaryImageOfPage":{"@id":"https:\/\/zeroaesquerda.com.br\/index.php\/2018\/12\/23\/os-rostos-e-as-vozes-dos-gilets-jaunes-na-franca\/#primaryimage"},"image":{"@id":"https:\/\/zeroaesquerda.com.br\/index.php\/2018\/12\/23\/os-rostos-e-as-vozes-dos-gilets-jaunes-na-franca\/#primaryimage"},"thumbnailUrl":"https:\/\/tradutoresproletarios.files.wordpress.com\/2018\/12\/fb41a-1wdjvsspqevkbusqp-8ucja.png","datePublished":"2018-12-23T13:02:57+00:00","dateModified":"2021-01-23T05:25:05+00:00","breadcrumb":{"@id":"https:\/\/zeroaesquerda.com.br\/index.php\/2018\/12\/23\/os-rostos-e-as-vozes-dos-gilets-jaunes-na-franca\/#breadcrumb"},"inLanguage":"pt-BR","potentialAction":[{"@type":"ReadAction","target":["https:\/\/zeroaesquerda.com.br\/index.php\/2018\/12\/23\/os-rostos-e-as-vozes-dos-gilets-jaunes-na-franca\/"]}]},{"@type":"ImageObject","inLanguage":"pt-BR","@id":"https:\/\/zeroaesquerda.com.br\/index.php\/2018\/12\/23\/os-rostos-e-as-vozes-dos-gilets-jaunes-na-franca\/#primaryimage","url":"https:\/\/tradutoresproletarios.files.wordpress.com\/2018\/12\/fb41a-1wdjvsspqevkbusqp-8ucja.png","contentUrl":"https:\/\/tradutoresproletarios.files.wordpress.com\/2018\/12\/fb41a-1wdjvsspqevkbusqp-8ucja.png"},{"@type":"BreadcrumbList","@id":"https:\/\/zeroaesquerda.com.br\/index.php\/2018\/12\/23\/os-rostos-e-as-vozes-dos-gilets-jaunes-na-franca\/#breadcrumb","itemListElement":[{"@type":"ListItem","position":1,"name":"In\u00edcio","item":"https:\/\/zeroaesquerda.com.br\/"},{"@type":"ListItem","position":2,"name":"Os rostos e as vozes dos Gilets Jaunes na Fran\u00e7a \u2014 The Intercept"}]},{"@type":"WebSite","@id":"https:\/\/zeroaesquerda.com.br\/#website","url":"https:\/\/zeroaesquerda.com.br\/","name":"Zero \u00e0 Esquerda","description":"Tra\u00e7ando tend\u00eancias para al\u00e9m do capitalismo.","publisher":{"@id":"https:\/\/zeroaesquerda.com.br\/#organization"},"potentialAction":[{"@type":"SearchAction","target":{"@type":"EntryPoint","urlTemplate":"https:\/\/zeroaesquerda.com.br\/?s={search_term_string}"},"query-input":{"@type":"PropertyValueSpecification","valueRequired":true,"valueName":"search_term_string"}}],"inLanguage":"pt-BR"},{"@type":"Organization","@id":"https:\/\/zeroaesquerda.com.br\/#organization","name":"Zero \u00e0 Esquerda","url":"https:\/\/zeroaesquerda.com.br\/","logo":{"@type":"ImageObject","inLanguage":"pt-BR","@id":"https:\/\/zeroaesquerda.com.br\/#\/schema\/logo\/image\/","url":"https:\/\/zeroaesquerda.com.br\/wp-content\/uploads\/2021\/01\/4-simbolo-zero-a-esquerda-favicon-alt.png","contentUrl":"https:\/\/zeroaesquerda.com.br\/wp-content\/uploads\/2021\/01\/4-simbolo-zero-a-esquerda-favicon-alt.png","width":1271,"height":1069,"caption":"Zero \u00e0 Esquerda"},"image":{"@id":"https:\/\/zeroaesquerda.com.br\/#\/schema\/logo\/image\/"},"sameAs":["https:\/\/www.facebook.com\/revistazeroaesquerda","https:\/\/x.com\/z3roaesquerda","https:\/\/www.instagram.com\/revistazeroaesquerda\/","https:\/\/www.youtube.com\/channel\/UCIaGx271Qw6D1QwqYBojrLw"]},{"@type":"Person","@id":"https:\/\/zeroaesquerda.com.br\/#\/schema\/person\/04e72095a4fbe77f00c7b047955ed0b8","name":"Zero \u00e0 Esquerda","image":{"@type":"ImageObject","inLanguage":"pt-BR","@id":"https:\/\/secure.gravatar.com\/avatar\/a417d8eccb1cec435aa9a93213f41ee528a636232351421dedc4ada2160b3f1b?s=96&d=mm&r=g","url":"https:\/\/secure.gravatar.com\/avatar\/a417d8eccb1cec435aa9a93213f41ee528a636232351421dedc4ada2160b3f1b?s=96&d=mm&r=g","contentUrl":"https:\/\/secure.gravatar.com\/avatar\/a417d8eccb1cec435aa9a93213f41ee528a636232351421dedc4ada2160b3f1b?s=96&d=mm&r=g","caption":"Zero \u00e0 Esquerda"},"description":"Tra\u00e7ando tend\u00eancias para al\u00e9m do capitalismo.","sameAs":["http:\/\/zeroaesquerda.com.br"],"url":"https:\/\/zeroaesquerda.com.br\/index.php\/author\/revistazeroaesquerdagmail-com\/"}]}},"_links":{"self":[{"href":"https:\/\/zeroaesquerda.com.br\/index.php\/wp-json\/wp\/v2\/posts\/190","targetHints":{"allow":["GET"]}}],"collection":[{"href":"https:\/\/zeroaesquerda.com.br\/index.php\/wp-json\/wp\/v2\/posts"}],"about":[{"href":"https:\/\/zeroaesquerda.com.br\/index.php\/wp-json\/wp\/v2\/types\/post"}],"author":[{"embeddable":true,"href":"https:\/\/zeroaesquerda.com.br\/index.php\/wp-json\/wp\/v2\/users\/1"}],"replies":[{"embeddable":true,"href":"https:\/\/zeroaesquerda.com.br\/index.php\/wp-json\/wp\/v2\/comments?post=190"}],"version-history":[{"count":1,"href":"https:\/\/zeroaesquerda.com.br\/index.php\/wp-json\/wp\/v2\/posts\/190\/revisions"}],"predecessor-version":[{"id":1103,"href":"https:\/\/zeroaesquerda.com.br\/index.php\/wp-json\/wp\/v2\/posts\/190\/revisions\/1103"}],"wp:attachment":[{"href":"https:\/\/zeroaesquerda.com.br\/index.php\/wp-json\/wp\/v2\/media?parent=190"}],"wp:term":[{"taxonomy":"category","embeddable":true,"href":"https:\/\/zeroaesquerda.com.br\/index.php\/wp-json\/wp\/v2\/categories?post=190"},{"taxonomy":"post_tag","embeddable":true,"href":"https:\/\/zeroaesquerda.com.br\/index.php\/wp-json\/wp\/v2\/tags?post=190"}],"curies":[{"name":"wp","href":"https:\/\/api.w.org\/{rel}","templated":true}]}}