{"id":1830,"date":"2021-09-06T14:49:23","date_gmt":"2021-09-06T14:49:23","guid":{"rendered":"https:\/\/zeroaesquerda.com.br\/?p=1830"},"modified":"2025-01-14T02:09:25","modified_gmt":"2025-01-14T02:09:25","slug":"um-zero-a-esquerda-mark-fisher","status":"publish","type":"post","link":"https:\/\/zeroaesquerda.com.br\/index.php\/2021\/09\/06\/um-zero-a-esquerda-mark-fisher\/","title":{"rendered":"Um zero \u00e0 esquerda &#8211; Mark Fisher"},"content":{"rendered":"\n<ul class=\"wp-block-social-links has-normal-icon-size is-style-pill-shape is-layout-flex wp-block-social-links-is-layout-flex\"><li class=\"wp-social-link wp-social-link-facebook  wp-block-social-link\"><a rel=\"noopener nofollow\" target=\"_blank\" href=\"https:\/\/facebook.com\/sharer\/sharer.php?u=https%3A%2F%2Fzeroaesquerda.com.br%2Findex.php%2F2021%2F09%2F06%2Fum-zero-a-esquerda-mark-fisher%2F&#038;title=Um%20zero%20%C3%A0%20esquerda%20-%20Mark%20Fisher\" class=\"wp-block-social-link-anchor\"><svg width=\"24\" height=\"24\" viewBox=\"0 0 24 24\" version=\"1.1\" xmlns=\"http:\/\/www.w3.org\/2000\/svg\" aria-hidden=\"true\" focusable=\"false\"><path d=\"M12 2C6.5 2 2 6.5 2 12c0 5 3.7 9.1 8.4 9.9v-7H7.9V12h2.5V9.8c0-2.5 1.5-3.9 3.8-3.9 1.1 0 2.2.2 2.2.2v2.5h-1.3c-1.2 0-1.6.8-1.6 1.6V12h2.8l-.4 2.9h-2.3v7C18.3 21.1 22 17 22 12c0-5.5-4.5-10-10-10z\"><\/path><\/svg><span class=\"wp-block-social-link-label screen-reader-text\">Share on Facebook<\/span><\/a><\/li>\n\n<li class=\"wp-social-link wp-social-link-twitter  wp-block-social-link\"><a rel=\"noopener nofollow\" target=\"_blank\" href=\"https:\/\/twitter.com\/share?url=https%3A%2F%2Fzeroaesquerda.com.br%2Findex.php%2F2021%2F09%2F06%2Fum-zero-a-esquerda-mark-fisher%2F&#038;link=Um%20zero%20%C3%A0%20esquerda%20-%20Mark%20Fisher\" class=\"wp-block-social-link-anchor\"><svg width=\"24\" height=\"24\" viewBox=\"0 0 24 24\" version=\"1.1\" xmlns=\"http:\/\/www.w3.org\/2000\/svg\" aria-hidden=\"true\" focusable=\"false\"><path d=\"M22.23,5.924c-0.736,0.326-1.527,0.547-2.357,0.646c0.847-0.508,1.498-1.312,1.804-2.27 c-0.793,0.47-1.671,0.812-2.606,0.996C18.324,4.498,17.257,4,16.077,4c-2.266,0-4.103,1.837-4.103,4.103 c0,0.322,0.036,0.635,0.106,0.935C8.67,8.867,5.647,7.234,3.623,4.751C3.27,5.357,3.067,6.062,3.067,6.814 c0,1.424,0.724,2.679,1.825,3.415c-0.673-0.021-1.305-0.206-1.859-0.513c0,0.017,0,0.034,0,0.052c0,1.988,1.414,3.647,3.292,4.023 c-0.344,0.094-0.707,0.144-1.081,0.144c-0.264,0-0.521-0.026-0.772-0.074c0.522,1.63,2.038,2.816,3.833,2.85 c-1.404,1.1-3.174,1.756-5.096,1.756c-0.331,0-0.658-0.019-0.979-0.057c1.816,1.164,3.973,1.843,6.29,1.843 c7.547,0,11.675-6.252,11.675-11.675c0-0.178-0.004-0.355-0.012-0.531C20.985,7.47,21.68,6.747,22.23,5.924z\"><\/path><\/svg><span class=\"wp-block-social-link-label screen-reader-text\">Share on Twitter<\/span><\/a><\/li>\n\n<li class=\"wp-social-link wp-social-link-email  wp-block-social-link\"><a rel=\"noopener nofollow\" target=\"_blank\" href=\"mailto:?body=https%3A%2F%2Fzeroaesquerda.com.br%2Findex.php%2F2021%2F09%2F06%2Fum-zero-a-esquerda-mark-fisher%2F&#038;subject=Um%20zero%20%C3%A0%20esquerda%20-%20Mark%20Fisher\" class=\"wp-block-social-link-anchor\"><svg width=\"24\" height=\"24\" xmlns=\"http:\/\/www.w3.org\/2000\/svg\" viewBox=\"0 0 24 24\"><path d=\"M9 11.8l6.1-4.5c.1.4.4.7.9.7h2c.6 0 1-.4 1-1V5c0-.6-.4-1-1-1h-2c-.6 0-1 .4-1 1v.4l-6.4 4.8c-.2-.1-.4-.2-.6-.2H6c-.6 0-1 .4-1 1v2c0 .6.4 1 1 1h2c.2 0 .4-.1.6-.2l6.4 4.8v.4c0 .6.4 1 1 1h2c.6 0 1-.4 1-1v-2c0-.6-.4-1-1-1h-2c-.5 0-.8.3-.9.7L9 12.2v-.4z\"\/><\/svg><span class=\"wp-block-social-link-label screen-reader-text\">Share via Email<\/span><\/a><\/li>\n\n<li class=\"wp-social-link wp-social-link-reddit  wp-block-social-link\"><a rel=\"noopener nofollow\" target=\"_blank\" href=\"https:\/\/reddit.com\/submit?url=https%3A%2F%2Fzeroaesquerda.com.br%2Findex.php%2F2021%2F09%2F06%2Fum-zero-a-esquerda-mark-fisher%2F&#038;title=Um%20zero%20%C3%A0%20esquerda%20-%20Mark%20Fisher\" class=\"wp-block-social-link-anchor\"><svg width=\"24\" height=\"24\" viewBox=\"0 0 24 24\" version=\"1.1\" xmlns=\"http:\/\/www.w3.org\/2000\/svg\" aria-hidden=\"true\" focusable=\"false\"><path d=\"M5.27 9.221A2.775 2.775 0 0 0 2.498 11.993a2.785 2.785 0 0 0 1.6 2.511 5.337 5.337 0 0 0 2.374 4.11 9.386 9.386 0 0 0 5.539 1.7 9.386 9.386 0 0 0 5.541-1.7 5.331 5.331 0 0 0 2.372-4.114 2.787 2.787 0 0 0 1.583-2.5 2.775 2.775 0 0 0-2.772-2.772 2.742 2.742 0 0 0-1.688.574 9.482 9.482 0 0 0-4.637-1.348v-.008a2.349 2.349 0 0 1 2.011-2.316 1.97 1.97 0 0 0 1.926 1.521 1.98 1.98 0 0 0 1.978-1.978 1.98 1.98 0 0 0-1.978-1.978 1.985 1.985 0 0 0-1.938 1.578 3.183 3.183 0 0 0-2.849 3.172v.011a9.463 9.463 0 0 0-4.59 1.35 2.741 2.741 0 0 0-1.688-.574Zm6.736 9.1a3.162 3.162 0 0 1-2.921-1.944.215.215 0 0 1 .014-.2.219.219 0 0 1 .168-.106 27.327 27.327 0 0 1 2.74-.133 27.357 27.357 0 0 1 2.74.133.219.219 0 0 1 .168.106.215.215 0 0 1 .014.2 3.158 3.158 0 0 1-2.921 1.944Zm3.743-3.157a1.265 1.265 0 0 1-1.4-1.371 1.954 1.954 0 0 1 .482-1.442 1.15 1.15 0 0 1 .842-.379 1.7 1.7 0 0 1 1.49 1.777 1.323 1.323 0 0 1-.325 1.015 1.476 1.476 0 0 1-1.089.4Zm-7.485 0a1.476 1.476 0 0 1-1.086-.4 1.323 1.323 0 0 1-.325-1.016 1.7 1.7 0 0 1 1.49-1.777 1.151 1.151 0 0 1 .843.379 1.951 1.951 0 0 1 .481 1.441 1.276 1.276 0 0 1-1.403 1.373Z\"><\/path><\/svg><span class=\"wp-block-social-link-label screen-reader-text\">Share on Reddit<\/span><\/a><\/li><\/ul>\n\n\n\n<p><\/p>\n\n\n\n<p>Tenho sofrido de uma depress\u00e3o intermitente desde que eu era adolescente. Alguns desses epis\u00f3dios t\u00eam sido altamente debilitantes &#8211; resultando em auto-mutila\u00e7\u00e3o, priva\u00e7\u00e3o (onde eu poderia gastar meses a fim no meu pr\u00f3prio quarto, s\u00f3 saindo para dar as caras ou para comprar o m\u00ednimo de comida que eu estaria consumindo), e tempo perdido em alas psiqui\u00e1tricas. Eu n\u00e3o diria que me recuperei dessa condi\u00e7\u00e3o, mas estou satisfeito em dizer que ambas as incid\u00eancias e a severidade dos epis\u00f3dios depressivos t\u00eam reduzido bastante nos anos recentes. Parcialmente por ser uma consequ\u00eancia das mudan\u00e7as na minha situa\u00e7\u00e3o de vida, mas tamb\u00e9m tem a ver com um entendimento diferente da minha depress\u00e3o e do que a causa. Eu ofere\u00e7o minhas pr\u00f3prias experi\u00eancias de sofrimento mental n\u00e3o porque eu penso que tem algo especial e \u00fanico sobre elas, mas para sustentar que v\u00e1rias formas de depress\u00e3o s\u00e3o melhor entendidas &#8211; e melhor combatidas &#8211; atrav\u00e9s de quadros que s\u00e3o impessoais e pol\u00edticos ao inv\u00e9s de pessoais e &#8216;psicol\u00f3gicos&#8217;.<\/p>\n\n\n\n<figure class=\"wp-block-pullquote has-text-align-left alignleft has-background has-theme-palette-7-background-color has-theme-palette-2-background-color is-style-solid-color has-theme-palette-3-color has-text-color\"><blockquote><p>            Eu ofere\u00e7o minhas pr\u00f3prias experi\u00eancias de sofrimento mental n\u00e3o porque eu penso que tem algo especial e \u00fanico sobre elas, mas para sustentar que v\u00e1rias formas de depress\u00e3o s\u00e3o melhor entendidas &#8211; e melhor combatidas &#8211; atrav\u00e9s de quadros que s\u00e3o impessoais e pol\u00edticos ao  inv\u00e9s de pessoais e &#8216;psicol\u00f3gicos&#8217;<\/p><\/blockquote><\/figure>\n\n\n\n<p>Escrever sobre a pr\u00f3pria depress\u00e3o \u00e9 dif\u00edcil. A depress\u00e3o \u00e9 parcialmente constitu\u00edda ao enraizar a voz &#8216;interna&#8217; zombeteira que acusa voc\u00ea de autoindulg\u00eancia &#8211; voc\u00ea n\u00e3o est\u00e1 deprimido, voc\u00ea est\u00e1 s\u00f3 sentindo pena de si mesmo, recomponha-se &#8211; e essa voz est\u00e1 sujeita a ser desencadeada ao tratar a p\u00fablico sobre a condi\u00e7\u00e3o. \u00c9 claro, essa voz n\u00e3o \u00e9 voz &#8216;interna&#8217; nenhuma &#8211; \u00e9 a express\u00e3o internalizada de for\u00e7as sociais atuais, algumas das quais t\u00eam investido interesse em negar qualquer conex\u00e3o entre depress\u00e3o e pol\u00edtica.<\/p>\n\n\n<div class=\"wp-block-image\">\n<figure class=\"alignleft size-full is-resized\"><img loading=\"lazy\" decoding=\"async\" width=\"192\" height=\"263\" sizes=\"auto, (max-width: 192px) 100vw, 192px\" src=\"https:\/\/zeroaesquerda.com.br\/wp-content\/uploads\/2021\/09\/markfisherr.jpg\" alt=\"\" class=\"wp-image-1835\" style=\"width:241px;height:330px\"\/><figcaption class=\"wp-element-caption\">Mark em uma viagem \u00e0 beira-mar,  meados dos anos 2000<\/figcaption><\/figure>\n<\/div>\n\n\n<p>Minha depress\u00e3o esteve sempre ligada \u00e0 convic\u00e7\u00e3o de que eu era literalmente um zero \u00e0 esquerda. Eu gastei a maior parte da minha vida aos 30 anos imaginando que eu nunca iria poder trabalhar. Nos meus 20 anos estava \u00e0 deriva entre estudos da p\u00f3s-gradua\u00e7\u00e3o, per\u00edodos de desemprego e trabalhos tempor\u00e1rios. Em cada um deles, eu sentia que eu n\u00e3o pertencia realmente &#8211; na p\u00f3s-gradua\u00e7\u00e3o, porque eu era um diletante que de algum modo forjou seu caminho, n\u00e3o propriamente um acad\u00eamico; no desemprego, porque eu n\u00e3o era realmente um desempregado, como aqueles que estavam procurando emprego de verdade, mas um fuj\u00e3o; e nos empregos tempor\u00e1rios, porque eu sentia que eu estava performando de forma incompetente, e em todo caso, eu realmente n\u00e3o pertencia a esses trabalhos em escrit\u00f3rios ou fabricas, n\u00e3o porque eu era &#8216;muito bom&#8217; para eles, mas &#8211; totalmente o contr\u00e1rio &#8211; porque eu era supereducado e in\u00fatil, tomando o trabalho de algu\u00e9m que realmente precisava e merecia mais do que eu. Mesmo quando eu estava na ala psiqui\u00e1trica, eu sentia que n\u00e3o estava deprimido de fato &#8211; eu estava s\u00f3 simulando a condi\u00e7\u00e3o de modo a evitar o trabalho, ou na l\u00f3gica infernalmente paradoxal da depress\u00e3o, eu estava simulando-a de modo a conceder ao fato de que eu n\u00e3o era capaz de trabalhar, e de que n\u00e3o havia lugar nenhum para mim na sociedade.<\/p>\n\n\n\n<figure class=\"wp-block-pullquote has-text-align-left alignright is-style-solid-color has-theme-palette-3-color has-text-color\"><blockquote><p>a popula\u00e7\u00e3o que por toda sua vida tem sido bombardeada com a mensagem de que ela n\u00e3o presta para nada, a ela \u00e9 simultaneamente dito que pode fazer qualquer coisa que ela queira fazer<\/p><\/blockquote><\/figure>\n\n\n\n<p>Quando eu eventualmente tive um emprego como professor em um col\u00e9gio de forma\u00e7\u00e3o complementar (<em>Further Education<\/em>), eu estava euf\u00f3rico &#8211; ainda pela pr\u00f3pria natureza dessa euforia se mostrou que eu n\u00e3o tinha abalado os sentimentos de n\u00e3o servir para nada que iriam levar ao agravamento dos per\u00edodos de depress\u00e3o. Me faltava a calma confian\u00e7a de algu\u00e9m nascido para a fun\u00e7\u00e3o. Em algum n\u00edvel n\u00e3o t\u00e3o submerso, eu evidentemente ainda n\u00e3o acreditava que eu era o tipo de pessoa que poderia fazer um trabalho como ensinar. Mas de onde essa cren\u00e7a veio? A escola de pensamento dominante na psiquiatria localiza a origem de tais &#8216;cren\u00e7as&#8217; no mal funcionamento da qu\u00edmica no c\u00e9rebro, a qual tem de ser corrigida por f\u00e1rmacos; a psican\u00e1lise e formas de terapia influenciadas por ela, olham para a raiz do sofrimento mental no pano de fundo familiar, enquanto a Terapia Cognitivo Comportamental est\u00e1 menos interessada em localizar a fonte de cren\u00e7as negativas do que simplesmente substitui-las por um set de historias positivas. N\u00e3o \u00e9 que esses modelos s\u00e3o totalmente falsos, a quest\u00e3o \u00e9 que eles perdem &#8211; e devem perder &#8211; a causa mais prov\u00e1vel de tais sentimentos de inferioridade: poder social. A forma do poder social que mais teve efeito em mim era o poder de classe, muito embora, \u00e9 claro, g\u00eanero, ra\u00e7a e outras formas de opress\u00e3o trabalham produzindo o mesmo sentido de inferioridade ontol\u00f3gica, que \u00e9 melhor expressa no exato pensamento que eu articulei acima: que algu\u00e9m n\u00e3o \u00e9 o tipo de pessoa que pode cumprir um papel que \u00e9 demarcado pelo grupo dominante.<\/p>\n\n\n\n<p>A pedido de um dos leitores do meu livro <em>Realismo Capitalista<\/em>, eu comecei a investigar o trabalho de David Smail. Smail &#8211; um terapeuta, mas um que faz da quest\u00e3o do poder central para sua pr\u00e1tica &#8211; confirmou a hip\u00f3tese que eu me deparei sobre a depress\u00e3o. Em seu livro crucial <em>The Origins of Unhappiness<\/em>, Smail descreve como as marcas de classe s\u00e3o projetadas para serem indel\u00e9veis. Para aqueles que desde o nascimento s\u00e3o ensinados a se pensar enquanto inferiores, a aquisi\u00e7\u00e3o de qualifica\u00e7\u00f5es ou riqueza ser\u00e3o raramente suficientes para apagar &#8211; mesmo nas suas pr\u00f3prias mentes ou nas mentes dos outros &#8211; o sentido primordial desse sentir-se in\u00fatil que os marca a vida t\u00e3o cedo. Algu\u00e9m que ultrapassa a esfera social que &#8220;supostamente&#8221; deveria ocupar est\u00e1 sempre em perigo de ser superado pelos sentimentos de vertigem, p\u00e2nico e horror: &#8220;&#8230;Isolado, cortado, cercado por espa\u00e7o hostil, voc\u00ea est\u00e1 de repente sem conex\u00f5es, sem estabilidade, com nada para segurar-se em p\u00e9 ou no lugar; uma vertiginosa e nauseante irealidade toma posse de voc\u00ea; voc\u00ea est\u00e1 amea\u00e7ado pela perda completa de identidade, um sentido de total fraudul\u00eancia; voc\u00ea n\u00e3o tem direito de estar aqui, agora, habitando esse corpo, vestido dessa forma; voc\u00ea \u00e9 um nada, e &#8216;nada&#8217; \u00e9 literalmente o que voc\u00ea sente estar se tornando.&#8221;<\/p>\n\n\n<div class=\"wp-block-image\">\n<figure class=\"alignright size-large is-resized\"><img loading=\"lazy\" decoding=\"async\" width=\"682\" height=\"1024\" sizes=\"auto, (max-width: 682px) 100vw, 682px\" src=\"https:\/\/zeroaesquerda.com.br\/wp-content\/uploads\/2021\/09\/Mark-Fisher-DR.ME_-682x1024.jpg\" alt=\"\" class=\"wp-image-1836\" style=\"width:379px;height:569px\" srcset=\"https:\/\/zeroaesquerda.com.br\/wp-content\/uploads\/2021\/09\/Mark-Fisher-DR.ME_-682x1024.jpg 682w, https:\/\/zeroaesquerda.com.br\/wp-content\/uploads\/2021\/09\/Mark-Fisher-DR.ME_-200x300.jpg 200w, https:\/\/zeroaesquerda.com.br\/wp-content\/uploads\/2021\/09\/Mark-Fisher-DR.ME_-768x1153.jpg 768w, https:\/\/zeroaesquerda.com.br\/wp-content\/uploads\/2021\/09\/Mark-Fisher-DR.ME_-1023x1536.jpg 1023w, https:\/\/zeroaesquerda.com.br\/wp-content\/uploads\/2021\/09\/Mark-Fisher-DR.ME_.jpg 1080w\" \/><figcaption class=\"wp-element-caption\">Arte de DR.ME<\/figcaption><\/figure>\n<\/div>\n\n\n<p>Por certo tempo, uma das t\u00e1ticas mais sucedidas da classe dominante tem sido a responsabiliza\u00e7\u00e3o. Cada membro individual de uma classe subordinada \u00e9 encorajado a sentir que sua pobreza, falta de oportunidades, ou desemprego, \u00e9 de sua culpa, e t\u00e3o somente sua. Os indiv\u00edduos v\u00e3o se culpar ao inv\u00e9s de culpar as estruturas sociais, as quais em todo caso eles t\u00eam sido induzidos a acreditar que realmente n\u00e3o existem (s\u00e3o s\u00f3 desculpas dadas pelos fracos). O que Smail chama de &#8216;voluntarismo m\u00e1gico&#8217; &#8211; a cren\u00e7a de que est\u00e1 dentro de cada poder individual a capacidade de fazer de si mesmo o que se queira- \u00e9 a ideologia dominante e a religi\u00e3o n\u00e3o oficial da sociedade capitalista contempor\u00e2nea, puxada pelos experts da <em>reality TV<\/em>, os gurus do <em>business<\/em> t\u00e3o quanto pelos pol\u00edticos. O voluntarismo m\u00e1gico \u00e9 tanto um efeito quanto a causa do at\u00e9 ent\u00e3o baixo n\u00edvel hist\u00f3rico da consci\u00eancia de classe. \u00c9 o outro lado da depress\u00e3o &#8211; cujo a convic\u00e7\u00e3o subjacente \u00e9 a de que n\u00f3s somos todos unicamente respons\u00e1veis por nossa pr\u00f3pria mis\u00e9ria e, portanto, a merecemos. Uma rela\u00e7\u00e3o particularmente viciosa \u00e9 imposta aos que est\u00e3o desempregados por um longo per\u00edodo no Reino Unido: \u00e0 popula\u00e7\u00e3o que por toda sua vida tem sido bombardeada com a mensagem de que ela n\u00e3o presta para nada, a ela \u00e9 simultaneamente dito que pode fazer qualquer coisa que ela queira fazer.<\/p>\n\n\n\n<figure class=\"wp-block-pullquote has-text-align-left alignleft is-style-solid-color has-theme-palette-3-color has-text-color\"><blockquote><p>Depress\u00e3o coletiva \u00e9 o resultado de um projeto de resubordina\u00e7\u00e3o tocado pela classe dominante<\/p><\/blockquote><\/figure>\n\n\n\n<p>N\u00f3s devemos entender a submiss\u00e3o fatalista da popula\u00e7\u00e3o do Reino Unido \u00e0 austeridade como consequ\u00eancia de uma depress\u00e3o cultivada deliberadamente. Essa depress\u00e3o \u00e9 manifesta na aceita\u00e7\u00e3o de que as coisas v\u00e3o ser piores (para todos exceto uma pequena elite), que tem sorte por ao menos ter um trabalho (ent\u00e3o n\u00f3s n\u00e3o devemos esperar que o sal\u00e1rio esteja pari passu com a infla\u00e7\u00e3o), que n\u00e3o podemos bancar a manuten\u00e7\u00e3o do <em>welfare state<\/em>. Depress\u00e3o coletiva \u00e9 o resultado de um projeto de resubordina\u00e7\u00e3o tocado pela classe dominante. De um&nbsp; tempo pra c\u00e1, temos cada vez mais aceitado a ideia de que n\u00e3o somos o tipo de pessoa que pode agir. Isso n\u00e3o \u00e9 uma falta de vontade, muito menos que qualquer indiv\u00edduo deprimido pode tirar-se de fora disso arrega\u00e7ando as pr\u00f3prias mangas.<\/p>\n\n\n\n<p>&nbsp;A reconstru\u00e7\u00e3o da consci\u00eancia de classe \u00e9 uma tarefa formid\u00e1vel de fato, uma que n\u00e3o pode ser cumprida por solu\u00e7\u00f5es dadas &#8211; mas, a despeito do que nossa depress\u00e3o coletiva nos diz, isso pode ser feito. Inventar novas formas de envolvimento pol\u00edtico, reviver institui\u00e7\u00f5es que tem se tornado decadente, converter insatisfa\u00e7\u00e3o privada em \u00f3dio politizado: tudo isso pode acontecer e quando acontece, quem sabe o que pode ser poss\u00edvel?&nbsp;<\/p>\n\n\n\n<figure class=\"wp-block-image size-large is-resized is-style-default coblocks-animate\" data-coblocks-animation=\"slideInLeft\"><img loading=\"lazy\" decoding=\"async\" width=\"1024\" height=\"690\" sizes=\"auto, (max-width: 1024px) 100vw, 1024px\" src=\"https:\/\/zeroaesquerda.com.br\/wp-content\/uploads\/2021\/09\/autonmia_mask_e-flux-1024x690.jpg\" alt=\"\" class=\"wp-image-1834\" style=\"width:1202px;height:810px\" srcset=\"https:\/\/zeroaesquerda.com.br\/wp-content\/uploads\/2021\/09\/autonmia_mask_e-flux-1024x690.jpg 1024w, https:\/\/zeroaesquerda.com.br\/wp-content\/uploads\/2021\/09\/autonmia_mask_e-flux-300x202.jpg 300w, https:\/\/zeroaesquerda.com.br\/wp-content\/uploads\/2021\/09\/autonmia_mask_e-flux-768x517.jpg 768w, https:\/\/zeroaesquerda.com.br\/wp-content\/uploads\/2021\/09\/autonmia_mask_e-flux.jpg 1440w\" \/><figcaption class=\"wp-element-caption\">Arte de <a href=\"https:\/\/www.dr-me.com\/13507678\">DR.ME<\/a><\/figcaption><\/figure>\n\n\n\n<hr class=\"wp-block-separator has-text-color has-theme-palette-2-color has-css-opacity has-theme-palette-2-background-color has-background\"\/>\n\n\n\n<p><\/p>\n\n\n\n<ul class=\"wp-block-social-links has-normal-icon-size is-style-pill-shape is-layout-flex wp-block-social-links-is-layout-flex\"><li class=\"wp-social-link wp-social-link-facebook  wp-block-social-link\"><a rel=\"noopener nofollow\" target=\"_blank\" href=\"https:\/\/facebook.com\/sharer\/sharer.php?u=https%3A%2F%2Fzeroaesquerda.com.br%2Findex.php%2F2021%2F09%2F06%2Fum-zero-a-esquerda-mark-fisher%2F&#038;title=Um%20zero%20%C3%A0%20esquerda%20-%20Mark%20Fisher\" class=\"wp-block-social-link-anchor\"><svg width=\"24\" height=\"24\" viewBox=\"0 0 24 24\" version=\"1.1\" xmlns=\"http:\/\/www.w3.org\/2000\/svg\" aria-hidden=\"true\" focusable=\"false\"><path d=\"M12 2C6.5 2 2 6.5 2 12c0 5 3.7 9.1 8.4 9.9v-7H7.9V12h2.5V9.8c0-2.5 1.5-3.9 3.8-3.9 1.1 0 2.2.2 2.2.2v2.5h-1.3c-1.2 0-1.6.8-1.6 1.6V12h2.8l-.4 2.9h-2.3v7C18.3 21.1 22 17 22 12c0-5.5-4.5-10-10-10z\"><\/path><\/svg><span class=\"wp-block-social-link-label screen-reader-text\">Share on Facebook<\/span><\/a><\/li>\n\n<li class=\"wp-social-link wp-social-link-twitter  wp-block-social-link\"><a rel=\"noopener nofollow\" target=\"_blank\" href=\"https:\/\/twitter.com\/share?url=https%3A%2F%2Fzeroaesquerda.com.br%2Findex.php%2F2021%2F09%2F06%2Fum-zero-a-esquerda-mark-fisher%2F&#038;link=Um%20zero%20%C3%A0%20esquerda%20-%20Mark%20Fisher\" class=\"wp-block-social-link-anchor\"><svg width=\"24\" height=\"24\" viewBox=\"0 0 24 24\" version=\"1.1\" xmlns=\"http:\/\/www.w3.org\/2000\/svg\" aria-hidden=\"true\" focusable=\"false\"><path d=\"M22.23,5.924c-0.736,0.326-1.527,0.547-2.357,0.646c0.847-0.508,1.498-1.312,1.804-2.27 c-0.793,0.47-1.671,0.812-2.606,0.996C18.324,4.498,17.257,4,16.077,4c-2.266,0-4.103,1.837-4.103,4.103 c0,0.322,0.036,0.635,0.106,0.935C8.67,8.867,5.647,7.234,3.623,4.751C3.27,5.357,3.067,6.062,3.067,6.814 c0,1.424,0.724,2.679,1.825,3.415c-0.673-0.021-1.305-0.206-1.859-0.513c0,0.017,0,0.034,0,0.052c0,1.988,1.414,3.647,3.292,4.023 c-0.344,0.094-0.707,0.144-1.081,0.144c-0.264,0-0.521-0.026-0.772-0.074c0.522,1.63,2.038,2.816,3.833,2.85 c-1.404,1.1-3.174,1.756-5.096,1.756c-0.331,0-0.658-0.019-0.979-0.057c1.816,1.164,3.973,1.843,6.29,1.843 c7.547,0,11.675-6.252,11.675-11.675c0-0.178-0.004-0.355-0.012-0.531C20.985,7.47,21.68,6.747,22.23,5.924z\"><\/path><\/svg><span class=\"wp-block-social-link-label screen-reader-text\">Share on Twitter<\/span><\/a><\/li>\n\n<li class=\"wp-social-link wp-social-link-email  wp-block-social-link\"><a rel=\"noopener nofollow\" target=\"_blank\" href=\"mailto:?body=https%3A%2F%2Fzeroaesquerda.com.br%2Findex.php%2F2021%2F09%2F06%2Fum-zero-a-esquerda-mark-fisher%2F&#038;subject=Um%20zero%20%C3%A0%20esquerda%20-%20Mark%20Fisher\" class=\"wp-block-social-link-anchor\"><svg width=\"24\" height=\"24\" xmlns=\"http:\/\/www.w3.org\/2000\/svg\" viewBox=\"0 0 24 24\"><path d=\"M9 11.8l6.1-4.5c.1.4.4.7.9.7h2c.6 0 1-.4 1-1V5c0-.6-.4-1-1-1h-2c-.6 0-1 .4-1 1v.4l-6.4 4.8c-.2-.1-.4-.2-.6-.2H6c-.6 0-1 .4-1 1v2c0 .6.4 1 1 1h2c.2 0 .4-.1.6-.2l6.4 4.8v.4c0 .6.4 1 1 1h2c.6 0 1-.4 1-1v-2c0-.6-.4-1-1-1h-2c-.5 0-.8.3-.9.7L9 12.2v-.4z\"\/><\/svg><span class=\"wp-block-social-link-label screen-reader-text\">Share via Email<\/span><\/a><\/li>\n\n<li class=\"wp-social-link wp-social-link-reddit  wp-block-social-link\"><a rel=\"noopener nofollow\" target=\"_blank\" href=\"https:\/\/reddit.com\/submit?url=https%3A%2F%2Fzeroaesquerda.com.br%2Findex.php%2F2021%2F09%2F06%2Fum-zero-a-esquerda-mark-fisher%2F&#038;title=Um%20zero%20%C3%A0%20esquerda%20-%20Mark%20Fisher\" class=\"wp-block-social-link-anchor\"><svg width=\"24\" height=\"24\" viewBox=\"0 0 24 24\" version=\"1.1\" xmlns=\"http:\/\/www.w3.org\/2000\/svg\" aria-hidden=\"true\" focusable=\"false\"><path d=\"M5.27 9.221A2.775 2.775 0 0 0 2.498 11.993a2.785 2.785 0 0 0 1.6 2.511 5.337 5.337 0 0 0 2.374 4.11 9.386 9.386 0 0 0 5.539 1.7 9.386 9.386 0 0 0 5.541-1.7 5.331 5.331 0 0 0 2.372-4.114 2.787 2.787 0 0 0 1.583-2.5 2.775 2.775 0 0 0-2.772-2.772 2.742 2.742 0 0 0-1.688.574 9.482 9.482 0 0 0-4.637-1.348v-.008a2.349 2.349 0 0 1 2.011-2.316 1.97 1.97 0 0 0 1.926 1.521 1.98 1.98 0 0 0 1.978-1.978 1.98 1.98 0 0 0-1.978-1.978 1.985 1.985 0 0 0-1.938 1.578 3.183 3.183 0 0 0-2.849 3.172v.011a9.463 9.463 0 0 0-4.59 1.35 2.741 2.741 0 0 0-1.688-.574Zm6.736 9.1a3.162 3.162 0 0 1-2.921-1.944.215.215 0 0 1 .014-.2.219.219 0 0 1 .168-.106 27.327 27.327 0 0 1 2.74-.133 27.357 27.357 0 0 1 2.74.133.219.219 0 0 1 .168.106.215.215 0 0 1 .014.2 3.158 3.158 0 0 1-2.921 1.944Zm3.743-3.157a1.265 1.265 0 0 1-1.4-1.371 1.954 1.954 0 0 1 .482-1.442 1.15 1.15 0 0 1 .842-.379 1.7 1.7 0 0 1 1.49 1.777 1.323 1.323 0 0 1-.325 1.015 1.476 1.476 0 0 1-1.089.4Zm-7.485 0a1.476 1.476 0 0 1-1.086-.4 1.323 1.323 0 0 1-.325-1.016 1.7 1.7 0 0 1 1.49-1.777 1.151 1.151 0 0 1 .843.379 1.951 1.951 0 0 1 .481 1.441 1.276 1.276 0 0 1-1.403 1.373Z\"><\/path><\/svg><span class=\"wp-block-social-link-label screen-reader-text\">Share on Reddit<\/span><\/a><\/li><\/ul>\n\n\n\n<hr class=\"wp-block-separator has-text-color has-theme-palette-2-color has-css-opacity has-theme-palette-2-background-color has-background\"\/>\n\n\n\n<p class=\"has-text-align-center\">Tradu\u00e7\u00e3o de Felipe Aiello<\/p>\n\n\n\n<p class=\"has-text-align-center\">Revis\u00e3o de \u00c9ric G. Ga\u00fana e Ricardo Menezes<\/p>\n\n\n\n<hr class=\"wp-block-separator has-text-color has-theme-palette-2-color has-css-opacity has-theme-palette-2-background-color has-background\"\/>\n","protected":false},"excerpt":{"rendered":"<p>Tenho sofrido de uma depress\u00e3o intermitente desde que eu era adolescente. Alguns desses epis\u00f3dios t\u00eam sido altamente debilitantes &#8211; resultando em auto-mutila\u00e7\u00e3o, priva\u00e7\u00e3o (onde eu poderia gastar meses a fim no meu pr\u00f3prio quarto, s\u00f3 saindo para dar as caras ou para comprar o m\u00ednimo de comida que eu estaria consumindo), e tempo perdido em&#8230;<\/p>\n","protected":false},"author":1,"featured_media":1831,"comment_status":"open","ping_status":"open","sticky":false,"template":"","format":"standard","meta":{"_coblocks_attr":"","_coblocks_dimensions":"","_coblocks_responsive_height":"","_coblocks_accordion_ie_support":"","om_disable_all_campaigns":false,"_monsterinsights_skip_tracking":false,"_monsterinsights_sitenote_active":false,"_monsterinsights_sitenote_note":"","_monsterinsights_sitenote_category":0,"_uf_show_specific_survey":0,"_uf_disable_surveys":false,"_kadence_starter_templates_imported_post":false,"_kad_post_transparent":"","_kad_post_title":"","_kad_post_layout":"","_kad_post_sidebar_id":"","_kad_post_content_style":"","_kad_post_vertical_padding":"","_kad_post_feature":"","_kad_post_feature_position":"","_kad_post_header":false,"_kad_post_footer":false,"_kad_post_classname":"","footnotes":""},"categories":[400,346],"tags":[405,404,402,354,403,356,401],"class_list":["post-1830","post","type-post","status-publish","format-standard","has-post-thumbnail","hentry","category-mark-fisher","category-traducoes","tag-bom-para-nada","tag-consciencia-de-classe","tag-depressao","tag-mark-fisher","tag-psicologia","tag-realismo-capitalista","tag-zero-a-esquerda"],"yoast_head":"<!-- This site is optimized with the Yoast SEO plugin v27.4 - https:\/\/yoast.com\/product\/yoast-seo-wordpress\/ -->\n<title>Um zero \u00e0 esquerda - Mark Fisher - Zero \u00e0 Esquerda<\/title>\n<meta name=\"robots\" content=\"index, follow, max-snippet:-1, max-image-preview:large, max-video-preview:-1\" \/>\n<link rel=\"canonical\" href=\"https:\/\/zeroaesquerda.com.br\/index.php\/2021\/09\/06\/um-zero-a-esquerda-mark-fisher\/\" \/>\n<meta property=\"og:locale\" content=\"pt_BR\" \/>\n<meta property=\"og:type\" content=\"article\" \/>\n<meta property=\"og:title\" content=\"Um zero \u00e0 esquerda - Mark Fisher - Zero \u00e0 Esquerda\" \/>\n<meta property=\"og:description\" content=\"Tenho sofrido de uma depress\u00e3o intermitente desde que eu era adolescente. Alguns desses epis\u00f3dios t\u00eam sido altamente debilitantes &#8211; resultando em auto-mutila\u00e7\u00e3o, priva\u00e7\u00e3o (onde eu poderia gastar meses a fim no meu pr\u00f3prio quarto, s\u00f3 saindo para dar as caras ou para comprar o m\u00ednimo de comida que eu estaria consumindo), e tempo perdido em...\" \/>\n<meta property=\"og:url\" content=\"https:\/\/zeroaesquerda.com.br\/index.php\/2021\/09\/06\/um-zero-a-esquerda-mark-fisher\/\" \/>\n<meta property=\"og:site_name\" content=\"Zero \u00e0 Esquerda\" \/>\n<meta property=\"article:publisher\" content=\"https:\/\/www.facebook.com\/revistazeroaesquerda\" \/>\n<meta property=\"article:published_time\" content=\"2021-09-06T14:49:23+00:00\" \/>\n<meta property=\"article:modified_time\" content=\"2025-01-14T02:09:25+00:00\" \/>\n<meta property=\"og:image\" content=\"https:\/\/zeroaesquerda.com.br\/wp-content\/uploads\/2021\/09\/markfisherpublication.jpeg\" \/>\n\t<meta property=\"og:image:width\" content=\"1117\" \/>\n\t<meta property=\"og:image:height\" content=\"704\" \/>\n\t<meta property=\"og:image:type\" content=\"image\/jpeg\" \/>\n<meta name=\"author\" content=\"Zero \u00e0 Esquerda\" \/>\n<meta name=\"twitter:card\" content=\"summary_large_image\" \/>\n<meta name=\"twitter:image\" content=\"https:\/\/zeroaesquerda.com.br\/wp-content\/uploads\/2021\/09\/markfisherpublication.jpeg\" \/>\n<meta name=\"twitter:creator\" content=\"@z3roaesquerda\" \/>\n<meta name=\"twitter:site\" content=\"@z3roaesquerda\" \/>\n<meta name=\"twitter:label1\" content=\"Escrito por\" \/>\n\t<meta name=\"twitter:data1\" content=\"Zero \u00e0 Esquerda\" \/>\n\t<meta name=\"twitter:label2\" content=\"Est. tempo de leitura\" \/>\n\t<meta name=\"twitter:data2\" content=\"9 minutos\" \/>\n<script type=\"application\/ld+json\" class=\"yoast-schema-graph\">{\"@context\":\"https:\\\/\\\/schema.org\",\"@graph\":[{\"@type\":\"Article\",\"@id\":\"https:\\\/\\\/zeroaesquerda.com.br\\\/index.php\\\/2021\\\/09\\\/06\\\/um-zero-a-esquerda-mark-fisher\\\/#article\",\"isPartOf\":{\"@id\":\"https:\\\/\\\/zeroaesquerda.com.br\\\/index.php\\\/2021\\\/09\\\/06\\\/um-zero-a-esquerda-mark-fisher\\\/\"},\"author\":{\"name\":\"Zero \u00e0 Esquerda\",\"@id\":\"https:\\\/\\\/zeroaesquerda.com.br\\\/#\\\/schema\\\/person\\\/04e72095a4fbe77f00c7b047955ed0b8\"},\"headline\":\"Um zero \u00e0 esquerda &#8211; Mark Fisher\",\"datePublished\":\"2021-09-06T14:49:23+00:00\",\"dateModified\":\"2025-01-14T02:09:25+00:00\",\"mainEntityOfPage\":{\"@id\":\"https:\\\/\\\/zeroaesquerda.com.br\\\/index.php\\\/2021\\\/09\\\/06\\\/um-zero-a-esquerda-mark-fisher\\\/\"},\"wordCount\":1689,\"commentCount\":0,\"publisher\":{\"@id\":\"https:\\\/\\\/zeroaesquerda.com.br\\\/#organization\"},\"image\":{\"@id\":\"https:\\\/\\\/zeroaesquerda.com.br\\\/index.php\\\/2021\\\/09\\\/06\\\/um-zero-a-esquerda-mark-fisher\\\/#primaryimage\"},\"thumbnailUrl\":\"https:\\\/\\\/zeroaesquerda.com.br\\\/wp-content\\\/uploads\\\/2021\\\/09\\\/markfisherpublication.jpeg\",\"keywords\":[\"Bom para nada\",\"Consci\u00eancia de classe\",\"Depress\u00e3o\",\"Mark Fisher\",\"Psicologia\",\"Realismo capitalista\",\"zero \u00e0 esquerda\"],\"articleSection\":[\"Mark Fisher\",\"Tradu\u00e7\u00f5es\"],\"inLanguage\":\"pt-BR\",\"potentialAction\":[{\"@type\":\"CommentAction\",\"name\":\"Comment\",\"target\":[\"https:\\\/\\\/zeroaesquerda.com.br\\\/index.php\\\/2021\\\/09\\\/06\\\/um-zero-a-esquerda-mark-fisher\\\/#respond\"]}]},{\"@type\":\"WebPage\",\"@id\":\"https:\\\/\\\/zeroaesquerda.com.br\\\/index.php\\\/2021\\\/09\\\/06\\\/um-zero-a-esquerda-mark-fisher\\\/\",\"url\":\"https:\\\/\\\/zeroaesquerda.com.br\\\/index.php\\\/2021\\\/09\\\/06\\\/um-zero-a-esquerda-mark-fisher\\\/\",\"name\":\"Um zero \u00e0 esquerda - Mark Fisher - Zero \u00e0 Esquerda\",\"isPartOf\":{\"@id\":\"https:\\\/\\\/zeroaesquerda.com.br\\\/#website\"},\"primaryImageOfPage\":{\"@id\":\"https:\\\/\\\/zeroaesquerda.com.br\\\/index.php\\\/2021\\\/09\\\/06\\\/um-zero-a-esquerda-mark-fisher\\\/#primaryimage\"},\"image\":{\"@id\":\"https:\\\/\\\/zeroaesquerda.com.br\\\/index.php\\\/2021\\\/09\\\/06\\\/um-zero-a-esquerda-mark-fisher\\\/#primaryimage\"},\"thumbnailUrl\":\"https:\\\/\\\/zeroaesquerda.com.br\\\/wp-content\\\/uploads\\\/2021\\\/09\\\/markfisherpublication.jpeg\",\"datePublished\":\"2021-09-06T14:49:23+00:00\",\"dateModified\":\"2025-01-14T02:09:25+00:00\",\"breadcrumb\":{\"@id\":\"https:\\\/\\\/zeroaesquerda.com.br\\\/index.php\\\/2021\\\/09\\\/06\\\/um-zero-a-esquerda-mark-fisher\\\/#breadcrumb\"},\"inLanguage\":\"pt-BR\",\"potentialAction\":[{\"@type\":\"ReadAction\",\"target\":[\"https:\\\/\\\/zeroaesquerda.com.br\\\/index.php\\\/2021\\\/09\\\/06\\\/um-zero-a-esquerda-mark-fisher\\\/\"]}]},{\"@type\":\"ImageObject\",\"inLanguage\":\"pt-BR\",\"@id\":\"https:\\\/\\\/zeroaesquerda.com.br\\\/index.php\\\/2021\\\/09\\\/06\\\/um-zero-a-esquerda-mark-fisher\\\/#primaryimage\",\"url\":\"https:\\\/\\\/zeroaesquerda.com.br\\\/wp-content\\\/uploads\\\/2021\\\/09\\\/markfisherpublication.jpeg\",\"contentUrl\":\"https:\\\/\\\/zeroaesquerda.com.br\\\/wp-content\\\/uploads\\\/2021\\\/09\\\/markfisherpublication.jpeg\",\"width\":1117,\"height\":704},{\"@type\":\"BreadcrumbList\",\"@id\":\"https:\\\/\\\/zeroaesquerda.com.br\\\/index.php\\\/2021\\\/09\\\/06\\\/um-zero-a-esquerda-mark-fisher\\\/#breadcrumb\",\"itemListElement\":[{\"@type\":\"ListItem\",\"position\":1,\"name\":\"In\u00edcio\",\"item\":\"https:\\\/\\\/zeroaesquerda.com.br\\\/\"},{\"@type\":\"ListItem\",\"position\":2,\"name\":\"Um zero \u00e0 esquerda &#8211; Mark Fisher\"}]},{\"@type\":\"WebSite\",\"@id\":\"https:\\\/\\\/zeroaesquerda.com.br\\\/#website\",\"url\":\"https:\\\/\\\/zeroaesquerda.com.br\\\/\",\"name\":\"Zero \u00e0 Esquerda\",\"description\":\"Tra\u00e7ando tend\u00eancias para al\u00e9m do capitalismo.\",\"publisher\":{\"@id\":\"https:\\\/\\\/zeroaesquerda.com.br\\\/#organization\"},\"potentialAction\":[{\"@type\":\"SearchAction\",\"target\":{\"@type\":\"EntryPoint\",\"urlTemplate\":\"https:\\\/\\\/zeroaesquerda.com.br\\\/?s={search_term_string}\"},\"query-input\":{\"@type\":\"PropertyValueSpecification\",\"valueRequired\":true,\"valueName\":\"search_term_string\"}}],\"inLanguage\":\"pt-BR\"},{\"@type\":\"Organization\",\"@id\":\"https:\\\/\\\/zeroaesquerda.com.br\\\/#organization\",\"name\":\"Zero \u00e0 Esquerda\",\"url\":\"https:\\\/\\\/zeroaesquerda.com.br\\\/\",\"logo\":{\"@type\":\"ImageObject\",\"inLanguage\":\"pt-BR\",\"@id\":\"https:\\\/\\\/zeroaesquerda.com.br\\\/#\\\/schema\\\/logo\\\/image\\\/\",\"url\":\"https:\\\/\\\/zeroaesquerda.com.br\\\/wp-content\\\/uploads\\\/2021\\\/01\\\/4-simbolo-zero-a-esquerda-favicon-alt.png\",\"contentUrl\":\"https:\\\/\\\/zeroaesquerda.com.br\\\/wp-content\\\/uploads\\\/2021\\\/01\\\/4-simbolo-zero-a-esquerda-favicon-alt.png\",\"width\":1271,\"height\":1069,\"caption\":\"Zero \u00e0 Esquerda\"},\"image\":{\"@id\":\"https:\\\/\\\/zeroaesquerda.com.br\\\/#\\\/schema\\\/logo\\\/image\\\/\"},\"sameAs\":[\"https:\\\/\\\/www.facebook.com\\\/revistazeroaesquerda\",\"https:\\\/\\\/x.com\\\/z3roaesquerda\",\"https:\\\/\\\/www.instagram.com\\\/revistazeroaesquerda\\\/\",\"https:\\\/\\\/www.youtube.com\\\/channel\\\/UCIaGx271Qw6D1QwqYBojrLw\"]},{\"@type\":\"Person\",\"@id\":\"https:\\\/\\\/zeroaesquerda.com.br\\\/#\\\/schema\\\/person\\\/04e72095a4fbe77f00c7b047955ed0b8\",\"name\":\"Zero \u00e0 Esquerda\",\"image\":{\"@type\":\"ImageObject\",\"inLanguage\":\"pt-BR\",\"@id\":\"https:\\\/\\\/secure.gravatar.com\\\/avatar\\\/a417d8eccb1cec435aa9a93213f41ee528a636232351421dedc4ada2160b3f1b?s=96&d=mm&r=g\",\"url\":\"https:\\\/\\\/secure.gravatar.com\\\/avatar\\\/a417d8eccb1cec435aa9a93213f41ee528a636232351421dedc4ada2160b3f1b?s=96&d=mm&r=g\",\"contentUrl\":\"https:\\\/\\\/secure.gravatar.com\\\/avatar\\\/a417d8eccb1cec435aa9a93213f41ee528a636232351421dedc4ada2160b3f1b?s=96&d=mm&r=g\",\"caption\":\"Zero \u00e0 Esquerda\"},\"description\":\"Tra\u00e7ando tend\u00eancias para al\u00e9m do capitalismo.\",\"sameAs\":[\"http:\\\/\\\/zeroaesquerda.com.br\"],\"url\":\"https:\\\/\\\/zeroaesquerda.com.br\\\/index.php\\\/author\\\/revistazeroaesquerdagmail-com\\\/\"}]}<\/script>\n<!-- \/ Yoast SEO plugin. -->","yoast_head_json":{"title":"Um zero \u00e0 esquerda - Mark Fisher - Zero \u00e0 Esquerda","robots":{"index":"index","follow":"follow","max-snippet":"max-snippet:-1","max-image-preview":"max-image-preview:large","max-video-preview":"max-video-preview:-1"},"canonical":"https:\/\/zeroaesquerda.com.br\/index.php\/2021\/09\/06\/um-zero-a-esquerda-mark-fisher\/","og_locale":"pt_BR","og_type":"article","og_title":"Um zero \u00e0 esquerda - Mark Fisher - Zero \u00e0 Esquerda","og_description":"Tenho sofrido de uma depress\u00e3o intermitente desde que eu era adolescente. Alguns desses epis\u00f3dios t\u00eam sido altamente debilitantes &#8211; resultando em auto-mutila\u00e7\u00e3o, priva\u00e7\u00e3o (onde eu poderia gastar meses a fim no meu pr\u00f3prio quarto, s\u00f3 saindo para dar as caras ou para comprar o m\u00ednimo de comida que eu estaria consumindo), e tempo perdido em...","og_url":"https:\/\/zeroaesquerda.com.br\/index.php\/2021\/09\/06\/um-zero-a-esquerda-mark-fisher\/","og_site_name":"Zero \u00e0 Esquerda","article_publisher":"https:\/\/www.facebook.com\/revistazeroaesquerda","article_published_time":"2021-09-06T14:49:23+00:00","article_modified_time":"2025-01-14T02:09:25+00:00","og_image":[{"width":1117,"height":704,"url":"https:\/\/zeroaesquerda.com.br\/wp-content\/uploads\/2021\/09\/markfisherpublication.jpeg","type":"image\/jpeg"}],"author":"Zero \u00e0 Esquerda","twitter_card":"summary_large_image","twitter_image":"https:\/\/zeroaesquerda.com.br\/wp-content\/uploads\/2021\/09\/markfisherpublication.jpeg","twitter_creator":"@z3roaesquerda","twitter_site":"@z3roaesquerda","twitter_misc":{"Escrito por":"Zero \u00e0 Esquerda","Est. tempo de leitura":"9 minutos"},"schema":{"@context":"https:\/\/schema.org","@graph":[{"@type":"Article","@id":"https:\/\/zeroaesquerda.com.br\/index.php\/2021\/09\/06\/um-zero-a-esquerda-mark-fisher\/#article","isPartOf":{"@id":"https:\/\/zeroaesquerda.com.br\/index.php\/2021\/09\/06\/um-zero-a-esquerda-mark-fisher\/"},"author":{"name":"Zero \u00e0 Esquerda","@id":"https:\/\/zeroaesquerda.com.br\/#\/schema\/person\/04e72095a4fbe77f00c7b047955ed0b8"},"headline":"Um zero \u00e0 esquerda &#8211; Mark Fisher","datePublished":"2021-09-06T14:49:23+00:00","dateModified":"2025-01-14T02:09:25+00:00","mainEntityOfPage":{"@id":"https:\/\/zeroaesquerda.com.br\/index.php\/2021\/09\/06\/um-zero-a-esquerda-mark-fisher\/"},"wordCount":1689,"commentCount":0,"publisher":{"@id":"https:\/\/zeroaesquerda.com.br\/#organization"},"image":{"@id":"https:\/\/zeroaesquerda.com.br\/index.php\/2021\/09\/06\/um-zero-a-esquerda-mark-fisher\/#primaryimage"},"thumbnailUrl":"https:\/\/zeroaesquerda.com.br\/wp-content\/uploads\/2021\/09\/markfisherpublication.jpeg","keywords":["Bom para nada","Consci\u00eancia de classe","Depress\u00e3o","Mark Fisher","Psicologia","Realismo capitalista","zero \u00e0 esquerda"],"articleSection":["Mark Fisher","Tradu\u00e7\u00f5es"],"inLanguage":"pt-BR","potentialAction":[{"@type":"CommentAction","name":"Comment","target":["https:\/\/zeroaesquerda.com.br\/index.php\/2021\/09\/06\/um-zero-a-esquerda-mark-fisher\/#respond"]}]},{"@type":"WebPage","@id":"https:\/\/zeroaesquerda.com.br\/index.php\/2021\/09\/06\/um-zero-a-esquerda-mark-fisher\/","url":"https:\/\/zeroaesquerda.com.br\/index.php\/2021\/09\/06\/um-zero-a-esquerda-mark-fisher\/","name":"Um zero \u00e0 esquerda - Mark Fisher - Zero \u00e0 Esquerda","isPartOf":{"@id":"https:\/\/zeroaesquerda.com.br\/#website"},"primaryImageOfPage":{"@id":"https:\/\/zeroaesquerda.com.br\/index.php\/2021\/09\/06\/um-zero-a-esquerda-mark-fisher\/#primaryimage"},"image":{"@id":"https:\/\/zeroaesquerda.com.br\/index.php\/2021\/09\/06\/um-zero-a-esquerda-mark-fisher\/#primaryimage"},"thumbnailUrl":"https:\/\/zeroaesquerda.com.br\/wp-content\/uploads\/2021\/09\/markfisherpublication.jpeg","datePublished":"2021-09-06T14:49:23+00:00","dateModified":"2025-01-14T02:09:25+00:00","breadcrumb":{"@id":"https:\/\/zeroaesquerda.com.br\/index.php\/2021\/09\/06\/um-zero-a-esquerda-mark-fisher\/#breadcrumb"},"inLanguage":"pt-BR","potentialAction":[{"@type":"ReadAction","target":["https:\/\/zeroaesquerda.com.br\/index.php\/2021\/09\/06\/um-zero-a-esquerda-mark-fisher\/"]}]},{"@type":"ImageObject","inLanguage":"pt-BR","@id":"https:\/\/zeroaesquerda.com.br\/index.php\/2021\/09\/06\/um-zero-a-esquerda-mark-fisher\/#primaryimage","url":"https:\/\/zeroaesquerda.com.br\/wp-content\/uploads\/2021\/09\/markfisherpublication.jpeg","contentUrl":"https:\/\/zeroaesquerda.com.br\/wp-content\/uploads\/2021\/09\/markfisherpublication.jpeg","width":1117,"height":704},{"@type":"BreadcrumbList","@id":"https:\/\/zeroaesquerda.com.br\/index.php\/2021\/09\/06\/um-zero-a-esquerda-mark-fisher\/#breadcrumb","itemListElement":[{"@type":"ListItem","position":1,"name":"In\u00edcio","item":"https:\/\/zeroaesquerda.com.br\/"},{"@type":"ListItem","position":2,"name":"Um zero \u00e0 esquerda &#8211; Mark Fisher"}]},{"@type":"WebSite","@id":"https:\/\/zeroaesquerda.com.br\/#website","url":"https:\/\/zeroaesquerda.com.br\/","name":"Zero \u00e0 Esquerda","description":"Tra\u00e7ando tend\u00eancias para al\u00e9m do capitalismo.","publisher":{"@id":"https:\/\/zeroaesquerda.com.br\/#organization"},"potentialAction":[{"@type":"SearchAction","target":{"@type":"EntryPoint","urlTemplate":"https:\/\/zeroaesquerda.com.br\/?s={search_term_string}"},"query-input":{"@type":"PropertyValueSpecification","valueRequired":true,"valueName":"search_term_string"}}],"inLanguage":"pt-BR"},{"@type":"Organization","@id":"https:\/\/zeroaesquerda.com.br\/#organization","name":"Zero \u00e0 Esquerda","url":"https:\/\/zeroaesquerda.com.br\/","logo":{"@type":"ImageObject","inLanguage":"pt-BR","@id":"https:\/\/zeroaesquerda.com.br\/#\/schema\/logo\/image\/","url":"https:\/\/zeroaesquerda.com.br\/wp-content\/uploads\/2021\/01\/4-simbolo-zero-a-esquerda-favicon-alt.png","contentUrl":"https:\/\/zeroaesquerda.com.br\/wp-content\/uploads\/2021\/01\/4-simbolo-zero-a-esquerda-favicon-alt.png","width":1271,"height":1069,"caption":"Zero \u00e0 Esquerda"},"image":{"@id":"https:\/\/zeroaesquerda.com.br\/#\/schema\/logo\/image\/"},"sameAs":["https:\/\/www.facebook.com\/revistazeroaesquerda","https:\/\/x.com\/z3roaesquerda","https:\/\/www.instagram.com\/revistazeroaesquerda\/","https:\/\/www.youtube.com\/channel\/UCIaGx271Qw6D1QwqYBojrLw"]},{"@type":"Person","@id":"https:\/\/zeroaesquerda.com.br\/#\/schema\/person\/04e72095a4fbe77f00c7b047955ed0b8","name":"Zero \u00e0 Esquerda","image":{"@type":"ImageObject","inLanguage":"pt-BR","@id":"https:\/\/secure.gravatar.com\/avatar\/a417d8eccb1cec435aa9a93213f41ee528a636232351421dedc4ada2160b3f1b?s=96&d=mm&r=g","url":"https:\/\/secure.gravatar.com\/avatar\/a417d8eccb1cec435aa9a93213f41ee528a636232351421dedc4ada2160b3f1b?s=96&d=mm&r=g","contentUrl":"https:\/\/secure.gravatar.com\/avatar\/a417d8eccb1cec435aa9a93213f41ee528a636232351421dedc4ada2160b3f1b?s=96&d=mm&r=g","caption":"Zero \u00e0 Esquerda"},"description":"Tra\u00e7ando tend\u00eancias para al\u00e9m do capitalismo.","sameAs":["http:\/\/zeroaesquerda.com.br"],"url":"https:\/\/zeroaesquerda.com.br\/index.php\/author\/revistazeroaesquerdagmail-com\/"}]}},"_links":{"self":[{"href":"https:\/\/zeroaesquerda.com.br\/index.php\/wp-json\/wp\/v2\/posts\/1830","targetHints":{"allow":["GET"]}}],"collection":[{"href":"https:\/\/zeroaesquerda.com.br\/index.php\/wp-json\/wp\/v2\/posts"}],"about":[{"href":"https:\/\/zeroaesquerda.com.br\/index.php\/wp-json\/wp\/v2\/types\/post"}],"author":[{"embeddable":true,"href":"https:\/\/zeroaesquerda.com.br\/index.php\/wp-json\/wp\/v2\/users\/1"}],"replies":[{"embeddable":true,"href":"https:\/\/zeroaesquerda.com.br\/index.php\/wp-json\/wp\/v2\/comments?post=1830"}],"version-history":[{"count":41,"href":"https:\/\/zeroaesquerda.com.br\/index.php\/wp-json\/wp\/v2\/posts\/1830\/revisions"}],"predecessor-version":[{"id":3601,"href":"https:\/\/zeroaesquerda.com.br\/index.php\/wp-json\/wp\/v2\/posts\/1830\/revisions\/3601"}],"wp:featuredmedia":[{"embeddable":true,"href":"https:\/\/zeroaesquerda.com.br\/index.php\/wp-json\/wp\/v2\/media\/1831"}],"wp:attachment":[{"href":"https:\/\/zeroaesquerda.com.br\/index.php\/wp-json\/wp\/v2\/media?parent=1830"}],"wp:term":[{"taxonomy":"category","embeddable":true,"href":"https:\/\/zeroaesquerda.com.br\/index.php\/wp-json\/wp\/v2\/categories?post=1830"},{"taxonomy":"post_tag","embeddable":true,"href":"https:\/\/zeroaesquerda.com.br\/index.php\/wp-json\/wp\/v2\/tags?post=1830"}],"curies":[{"name":"wp","href":"https:\/\/api.w.org\/{rel}","templated":true}]}}