{"id":151,"date":"2018-12-11T12:13:24","date_gmt":"2018-12-11T14:13:24","guid":{"rendered":"https:\/\/tradutoresproletarios.wordpress.com\/2018\/12\/11\/fascismo-e-amor-uma-face-desumana-do-altruismo\/"},"modified":"2021-01-23T05:25:06","modified_gmt":"2021-01-23T05:25:06","slug":"fascismo-e-amor-uma-face-desumana-do-altruismo","status":"publish","type":"post","link":"https:\/\/zeroaesquerda.com.br\/index.php\/2018\/12\/11\/fascismo-e-amor-uma-face-desumana-do-altruismo\/","title":{"rendered":"Fascismo \u00e9 amor: uma face desumana do altru\u00edsmo \u2014 Julie Reshe"},"content":{"rendered":"\n<p>Cuidar dos outros \u00e9 amplamente considerado a \u00fanica maneira de salvar a esp\u00e9cie humana. <strong>\u00c9 no amor altru\u00edsta pelos outros que somos propensos a ver a garantia de nossa humanidade. Certamente, esta intui\u00e7\u00e3o \u00e9 ver\u00eddica, mas a afirma\u00e7\u00e3o oposta n\u00e3o \u00e9 menos verdadeira. <\/strong>O amor incorpora em si humanidade, mas a trag\u00e9dia da ra\u00e7a humana \u00e9 que <strong>inumanidade n\u00e3o \u00e9 o oposto de amor<\/strong>, e sim seu inalien\u00e1vel lado avesso.<\/p>\n\n\n\n<p>O regime nazista de Hitler e o regime fascista italiano tornaram-se um s\u00edmbolo comum da inumanidade e a corporifica\u00e7\u00e3o do mal supremo. \u00c9 inconveniente reconhecer que n\u00e3o \u00e9 menos razo\u00e1vel consider\u00e1-los uma corporifica\u00e7\u00e3o do amor e devo\u00e7\u00e3o aos povos alem\u00e3o e italiano, e \u00e0 humanidade em geral. Benedetto Croce, o renomado fil\u00f3sofo italiano, n\u00e3o foi sarc\u00e1stico quando escreveu em 1924 que <strong>\u201cO cora\u00e7\u00e3o do fascismo \u00e9 o amor pela It\u00e1lia\u201d.<\/strong><\/p>\n\n\n\n<p>Michel Foucault chama aten\u00e7\u00e3o ao fato de que dois fen\u00f4menos aparentemente opostos\u200a\u2014\u200aa forma extrema de racismo contida na ideologia da Alemanha Nazista, e o sistema p\u00fablico de sa\u00fade, considerado hoje um indicador de progresso social\u200a\u2014\u200apossuem uma fonte em comum. Tanto a eugenia como o sistema mencionado s\u00e3o enraizados na biologiza\u00e7\u00e3o e medicaliza\u00e7\u00e3o do corpo, as quais pressup\u00f5em diferenciar os processos corporais em normais e patol\u00f3gicos, sendo aquelas primeiras empreendidas sob o pretexto de assist\u00eancia m\u00e9dica.<\/p>\n\n\n\n<div class=\"wp-block-image wp-caption\"><figure class=\"aligncenter\"><img decoding=\"async\" src=\"https:\/\/tradutoresproletarios.files.wordpress.com\/2018\/12\/4755c-1uemudobezvkeeslhyly0bw.jpeg\" alt=\"\"\/><figcaption>bit.ua<\/figcaption><\/figure><\/div>\n\n\n\n<p>Sob o arcabou\u00e7o ideol\u00f3gico do Nazismo, os Judeus foram apresentados como uma danosa patologia da qual a humanidade deveria ser resgatada. Em seu testamento, Hitler implora ao povo alem\u00e3o para \u201cresistir sem piedade \u00e0 envenenadora de todas as na\u00e7\u00f5es, a Judaria internacional\u201d. <strong>Considerando-se que Hitler sinceramente almejava salvar a humanidade curando-a de uma patologia mortal\u200a\u2014\u200an\u00e3o seria esta uma manifesta\u00e7\u00e3o de sua nobre humanidade?<\/strong><\/p>\n\n\n\n<p>Tal interpreta\u00e7\u00e3o das inten\u00e7\u00f5es hitlerianas n\u00e3o justifica de modo algum as consequ\u00eancias do regime Nazista, mas estas tamb\u00e9m n\u00e3o cancelam sua humanidade, nem revelam a \u201cverdade maligna\u201d de suas inten\u00e7\u00f5es. <strong>Estas permanecem n\u00e3o-malignas por natureza, mas, simultaneamente, suas consequ\u00eancias representam a mais extrema manifesta\u00e7\u00e3o do mal.<\/strong><\/p>\n\n\n\n<p>Assim como foi aplicado no presente contexto, isto significa que <strong>n\u00e3o h\u00e1 quaisquer garantias finais para nos assegurar de que algo hoje visto por n\u00f3s como uma manifesta\u00e7\u00e3o do que \u00e9 mais humano e progressivo <\/strong>(por exemplo, preocupar-se com a sa\u00fade mental, feminismo e prote\u00e7\u00e3o animal) <strong>n\u00e3o se tornar\u00e1, no fim, o mal mais absoluto.<\/strong><\/p>\n\n\n\n<p>N\u00e3o apenas a n\u00edvel intersocial, mas tamb\u00e9m no interpessoal, amor e cuidado tamb\u00e9m j\u00e1 carregam a amea\u00e7a do mal. Slavoj \u017di\u017eek sugere que em sua express\u00e3o mais derradeira, o amor \u00e9 mais um mal que um bem. O amor pressup\u00f5e seletividade, a raz\u00e3o pela qual, em seu alicerce, ele \u00e9 \u201cum ato extremamente cruel.\u201d O amor, por defini\u00e7\u00e3o, n\u00e3o pode ser amor pela humanidade. Amar \u00e9 preferir o objeto de amor aos outros.<\/p>\n\n\n\n<div class=\"wp-block-image wp-caption\"><figure class=\"aligncenter\"><img decoding=\"async\" src=\"https:\/\/tradutoresproletarios.files.wordpress.com\/2018\/12\/ee726-1unznv6un-1huqxfaxbdizq.jpeg\" alt=\"\"\/><figcaption>bit.ua<\/figcaption><\/figure><\/div>\n\n\n\n<p>O medo de \u017di\u017eek encontrou confirma\u00e7\u00e3o em pesquisas cient\u00edficas recentes. A ocitocina \u00e9 conhecida como o \u201chorm\u00f4nio do cuidado\u201d, tamb\u00e9m referido como o \u201chorm\u00f4nio do amor\u201d pois promove sentimentos amorosos e liga\u00e7\u00e3o social, al\u00e9m de exercer um papel-chave no estabelecimento da liga\u00e7\u00e3o m\u00e3e-filho. Este horm\u00f4nio tem sido h\u00e1 muito considerado uma potencial panaceia que salvar\u00e1 a ra\u00e7a humana\u200a\u2014\u200aera pressuposto que precisar\u00edamos apenas aumentar os n\u00edveis de ocitocina em humanos para tornar o mundo um para\u00edso onde todos se amariam.<\/p>\n\n\n\n<p>A implementa\u00e7\u00e3o deste plano t\u00e3o otimista foi interrompida pela descoberta do lado avesso do horm\u00f4nio do amor. Descobriu-se que este fomenta distin\u00e7\u00f5es entre membros endogrupais (n\u00f3s) e os exogrupais (eles), e p\u00f5e em movimento tanto um favoritismo direcionado aos membros endogrupais como preconceito contra aqueles em exogrupos. Correspondentemente, a ocitocina desencadeia agress\u00e3o defensiva contra outsiders que possam amea\u00e7ar o grupo social de um indiv\u00edduo.<\/p>\n\n\n\n<p>O fortalecimento da conex\u00e3o emocional com uma certa pessoa ou grupo social implica predisposi\u00e7\u00e3o a defend\u00ea-los agressivamente contra os que parecerem ser um perigo \u00e0queles. Por exemplo, este princ\u00edpio est\u00e1 em jogo sempre que uma guerra \u00e9 declarada, j\u00e1 que ela \u00e9 usualmente articulada como medida preventiva contra uma amea\u00e7a. O outro exemplo \u00e9 comportamento agressivo contra a comunidade LGBT, pois seus valores representam um perigo ao coletivo de pessoas que compartilham valores tradicionais.<\/p>\n\n\n\n<p>Foi tamb\u00e9m revelado que <strong>altos n\u00edveis de ocitocina podem estar associados com viol\u00eancia relacional e talvez seja um fator implicado no comportamento abusivo.<\/strong> O horm\u00f4nio \u00e9 ligado \u00e0 manuten\u00e7\u00e3o de relacionamentos por manter os amados por perto. Por conseguinte, se uma pessoa tem necessidade excessiva por um objeto de apego, isto pode provocar controle ou domina\u00e7\u00e3o do parceiro com abuso f\u00edsico e emocional.<\/p>\n\n\n\n<p>A esperan\u00e7a ing\u00eanua de que a humanidade pode purificar-se de todo mal e manter apenas a bondade \u00e9 v\u00e3. O mal n\u00e3o \u00e9 o oposto da bondade, bem mais frequentemente aquele \u00e9 um n\u00edvel excessivamente radical desta \u00faltima.<\/p>\n\n\n\n<p><strong>O mais sincero amor e desejo de cuidar dos outros n\u00e3o garante humanidade, mas simultaneamente s\u00e3o estes aquilo que tamb\u00e9m torna nosso mundo adequado para a exist\u00eancia. A ra\u00e7a humana est\u00e1 em uma situa\u00e7\u00e3o desesperadora\u200a\u2014\u200ao que pode destru\u00ed-la, \u00e9 tamb\u00e9m uma condi\u00e7\u00e3o para sua sobreviv\u00eancia.<\/strong><\/p>\n\n\n\n<p>Talvez a pr\u00f3pria consci\u00eancia dessa desesperan\u00e7a seja nossa \u00fanica esperan\u00e7a.<\/p>\n\n\n\n<p><a href=\"https:\/\/medium.com\/u\/e2e1f033f9cc\" target=\"_blank\" rel=\"noopener noreferrer\"><strong><em>Julie Reshe, PhD<\/em><\/strong><\/a><strong><em>.<\/em><\/strong><\/p>\n\n\n\n<p><em>Traduzido por Eliel Micm\u00e1s [<\/em>CTP<em>].<\/em><\/p>\n\n\n\n<hr class=\"wp-block-separator\"\/>\n\n\n\n<div class=\"wp-block-image\"><figure class=\"aligncenter\"><img decoding=\"async\" src=\"https:\/\/tradutoresproletarios.files.wordpress.com\/2019\/01\/a6912-172snwba2pbxpmjupqndsow.png\" alt=\"\"\/><\/figure><\/div>\n\n\n\n<p>Original:<em><br><\/em><a href=\"https:\/\/medium.com\/@juliereshe\/julie-reshe-fascism-is-love-75cb054c3801\" target=\"_blank\" rel=\"noopener noreferrer\">https:\/\/medium.com\/@juliereshe\/julie-reshe-fascism-is-love-75cb054c3801<\/a><\/p>\n","protected":false},"excerpt":{"rendered":"<p>Neste artigo, Julie Reshe afirma que o amor incorpora em si humanidade (a caracter\u00edstica de ser eticamente &#8220;humano&#8221;) &#8211; mas que, ironicamente, a trag\u00e9dia da ra\u00e7a humana consiste no fato de a inumanidade, encontrada por exemplo nos regimes nazifascistas, n\u00e3o ser o oposto do amor, e sim seu inalien\u00e1vel lado avesso.<\/p>\n","protected":false},"author":1,"featured_media":0,"comment_status":"open","ping_status":"open","sticky":false,"template":"","format":"standard","meta":{"_coblocks_attr":"","_coblocks_dimensions":"","_coblocks_responsive_height":"","_coblocks_accordion_ie_support":"","om_disable_all_campaigns":false,"_monsterinsights_skip_tracking":false,"_monsterinsights_sitenote_active":false,"_monsterinsights_sitenote_note":"","_monsterinsights_sitenote_category":0,"_uf_show_specific_survey":0,"_uf_disable_surveys":false,"_kadence_starter_templates_imported_post":false,"_kad_post_transparent":"","_kad_post_title":"","_kad_post_layout":"","_kad_post_sidebar_id":"","_kad_post_content_style":"","_kad_post_vertical_padding":"","_kad_post_feature":"","_kad_post_feature_position":"","_kad_post_header":false,"_kad_post_footer":false,"_kad_post_classname":"","footnotes":""},"categories":[345,1],"tags":[46,126,133,158,198,241,265,327],"class_list":["post-151","post","type-post","status-publish","format-standard","hentry","category-arquivo-tradutores-proletarios","category-uncategorized","tag-amor","tag-fascismo","tag-filosofia","tag-guerra","tag-julie-reshe","tag-nazismo","tag-politica","tag-violencia"],"yoast_head":"<!-- This site is optimized with the Yoast SEO plugin v27.4 - https:\/\/yoast.com\/product\/yoast-seo-wordpress\/ -->\n<title>Fascismo \u00e9 amor: uma face desumana do altru\u00edsmo \u2014 Julie Reshe - Zero \u00e0 Esquerda<\/title>\n<meta name=\"robots\" content=\"index, follow, max-snippet:-1, max-image-preview:large, max-video-preview:-1\" \/>\n<link rel=\"canonical\" href=\"https:\/\/zeroaesquerda.com.br\/index.php\/2018\/12\/11\/fascismo-e-amor-uma-face-desumana-do-altruismo\/\" \/>\n<meta property=\"og:locale\" content=\"pt_BR\" \/>\n<meta property=\"og:type\" content=\"article\" \/>\n<meta property=\"og:title\" content=\"Fascismo \u00e9 amor: uma face desumana do altru\u00edsmo \u2014 Julie Reshe - Zero \u00e0 Esquerda\" \/>\n<meta property=\"og:description\" content=\"Neste artigo, Julie Reshe afirma que o amor incorpora em si humanidade (a caracter\u00edstica de ser eticamente &quot;humano&quot;) - mas que, ironicamente, a trag\u00e9dia da ra\u00e7a humana consiste no fato de a inumanidade, encontrada por exemplo nos regimes nazifascistas, n\u00e3o ser o oposto do amor, e sim seu inalien\u00e1vel lado avesso.\" \/>\n<meta property=\"og:url\" content=\"https:\/\/zeroaesquerda.com.br\/index.php\/2018\/12\/11\/fascismo-e-amor-uma-face-desumana-do-altruismo\/\" \/>\n<meta property=\"og:site_name\" content=\"Zero \u00e0 Esquerda\" \/>\n<meta property=\"article:publisher\" content=\"https:\/\/www.facebook.com\/revistazeroaesquerda\" \/>\n<meta property=\"article:published_time\" content=\"2018-12-11T14:13:24+00:00\" \/>\n<meta property=\"article:modified_time\" content=\"2021-01-23T05:25:06+00:00\" \/>\n<meta property=\"og:image\" content=\"https:\/\/tradutoresproletarios.files.wordpress.com\/2018\/12\/4755c-1uemudobezvkeeslhyly0bw.jpeg\" \/>\n<meta name=\"author\" content=\"Zero \u00e0 Esquerda\" \/>\n<meta name=\"twitter:card\" content=\"summary_large_image\" \/>\n<meta name=\"twitter:creator\" content=\"@z3roaesquerda\" \/>\n<meta name=\"twitter:site\" content=\"@z3roaesquerda\" \/>\n<meta name=\"twitter:label1\" content=\"Escrito por\" \/>\n\t<meta name=\"twitter:data1\" content=\"Zero \u00e0 Esquerda\" \/>\n\t<meta name=\"twitter:label2\" content=\"Est. tempo de leitura\" \/>\n\t<meta name=\"twitter:data2\" content=\"5 minutos\" \/>\n<script type=\"application\/ld+json\" class=\"yoast-schema-graph\">{\"@context\":\"https:\\\/\\\/schema.org\",\"@graph\":[{\"@type\":\"Article\",\"@id\":\"https:\\\/\\\/zeroaesquerda.com.br\\\/index.php\\\/2018\\\/12\\\/11\\\/fascismo-e-amor-uma-face-desumana-do-altruismo\\\/#article\",\"isPartOf\":{\"@id\":\"https:\\\/\\\/zeroaesquerda.com.br\\\/index.php\\\/2018\\\/12\\\/11\\\/fascismo-e-amor-uma-face-desumana-do-altruismo\\\/\"},\"author\":{\"name\":\"Zero \u00e0 Esquerda\",\"@id\":\"https:\\\/\\\/zeroaesquerda.com.br\\\/#\\\/schema\\\/person\\\/04e72095a4fbe77f00c7b047955ed0b8\"},\"headline\":\"Fascismo \u00e9 amor: uma face desumana do altru\u00edsmo \u2014 Julie Reshe\",\"datePublished\":\"2018-12-11T14:13:24+00:00\",\"dateModified\":\"2021-01-23T05:25:06+00:00\",\"mainEntityOfPage\":{\"@id\":\"https:\\\/\\\/zeroaesquerda.com.br\\\/index.php\\\/2018\\\/12\\\/11\\\/fascismo-e-amor-uma-face-desumana-do-altruismo\\\/\"},\"wordCount\":956,\"commentCount\":0,\"publisher\":{\"@id\":\"https:\\\/\\\/zeroaesquerda.com.br\\\/#organization\"},\"image\":{\"@id\":\"https:\\\/\\\/zeroaesquerda.com.br\\\/index.php\\\/2018\\\/12\\\/11\\\/fascismo-e-amor-uma-face-desumana-do-altruismo\\\/#primaryimage\"},\"thumbnailUrl\":\"https:\\\/\\\/tradutoresproletarios.files.wordpress.com\\\/2018\\\/12\\\/4755c-1uemudobezvkeeslhyly0bw.jpeg\",\"keywords\":[\"Amor\",\"Fascismo\",\"Filosofia\",\"Guerra\",\"Julie Reshe\",\"Nazismo\",\"Pol\u00edtica\",\"Viol\u00eancia\"],\"articleSection\":[\"Arquivo (Tradutores Prolet\u00e1rios)\",\"Uncategorized\"],\"inLanguage\":\"pt-BR\",\"potentialAction\":[{\"@type\":\"CommentAction\",\"name\":\"Comment\",\"target\":[\"https:\\\/\\\/zeroaesquerda.com.br\\\/index.php\\\/2018\\\/12\\\/11\\\/fascismo-e-amor-uma-face-desumana-do-altruismo\\\/#respond\"]}]},{\"@type\":\"WebPage\",\"@id\":\"https:\\\/\\\/zeroaesquerda.com.br\\\/index.php\\\/2018\\\/12\\\/11\\\/fascismo-e-amor-uma-face-desumana-do-altruismo\\\/\",\"url\":\"https:\\\/\\\/zeroaesquerda.com.br\\\/index.php\\\/2018\\\/12\\\/11\\\/fascismo-e-amor-uma-face-desumana-do-altruismo\\\/\",\"name\":\"Fascismo \u00e9 amor: uma face desumana do altru\u00edsmo \u2014 Julie Reshe - Zero \u00e0 Esquerda\",\"isPartOf\":{\"@id\":\"https:\\\/\\\/zeroaesquerda.com.br\\\/#website\"},\"primaryImageOfPage\":{\"@id\":\"https:\\\/\\\/zeroaesquerda.com.br\\\/index.php\\\/2018\\\/12\\\/11\\\/fascismo-e-amor-uma-face-desumana-do-altruismo\\\/#primaryimage\"},\"image\":{\"@id\":\"https:\\\/\\\/zeroaesquerda.com.br\\\/index.php\\\/2018\\\/12\\\/11\\\/fascismo-e-amor-uma-face-desumana-do-altruismo\\\/#primaryimage\"},\"thumbnailUrl\":\"https:\\\/\\\/tradutoresproletarios.files.wordpress.com\\\/2018\\\/12\\\/4755c-1uemudobezvkeeslhyly0bw.jpeg\",\"datePublished\":\"2018-12-11T14:13:24+00:00\",\"dateModified\":\"2021-01-23T05:25:06+00:00\",\"breadcrumb\":{\"@id\":\"https:\\\/\\\/zeroaesquerda.com.br\\\/index.php\\\/2018\\\/12\\\/11\\\/fascismo-e-amor-uma-face-desumana-do-altruismo\\\/#breadcrumb\"},\"inLanguage\":\"pt-BR\",\"potentialAction\":[{\"@type\":\"ReadAction\",\"target\":[\"https:\\\/\\\/zeroaesquerda.com.br\\\/index.php\\\/2018\\\/12\\\/11\\\/fascismo-e-amor-uma-face-desumana-do-altruismo\\\/\"]}]},{\"@type\":\"ImageObject\",\"inLanguage\":\"pt-BR\",\"@id\":\"https:\\\/\\\/zeroaesquerda.com.br\\\/index.php\\\/2018\\\/12\\\/11\\\/fascismo-e-amor-uma-face-desumana-do-altruismo\\\/#primaryimage\",\"url\":\"https:\\\/\\\/tradutoresproletarios.files.wordpress.com\\\/2018\\\/12\\\/4755c-1uemudobezvkeeslhyly0bw.jpeg\",\"contentUrl\":\"https:\\\/\\\/tradutoresproletarios.files.wordpress.com\\\/2018\\\/12\\\/4755c-1uemudobezvkeeslhyly0bw.jpeg\"},{\"@type\":\"BreadcrumbList\",\"@id\":\"https:\\\/\\\/zeroaesquerda.com.br\\\/index.php\\\/2018\\\/12\\\/11\\\/fascismo-e-amor-uma-face-desumana-do-altruismo\\\/#breadcrumb\",\"itemListElement\":[{\"@type\":\"ListItem\",\"position\":1,\"name\":\"In\u00edcio\",\"item\":\"https:\\\/\\\/zeroaesquerda.com.br\\\/\"},{\"@type\":\"ListItem\",\"position\":2,\"name\":\"Fascismo \u00e9 amor: uma face desumana do altru\u00edsmo \u2014 Julie Reshe\"}]},{\"@type\":\"WebSite\",\"@id\":\"https:\\\/\\\/zeroaesquerda.com.br\\\/#website\",\"url\":\"https:\\\/\\\/zeroaesquerda.com.br\\\/\",\"name\":\"Zero \u00e0 Esquerda\",\"description\":\"Tra\u00e7ando tend\u00eancias para al\u00e9m do capitalismo.\",\"publisher\":{\"@id\":\"https:\\\/\\\/zeroaesquerda.com.br\\\/#organization\"},\"potentialAction\":[{\"@type\":\"SearchAction\",\"target\":{\"@type\":\"EntryPoint\",\"urlTemplate\":\"https:\\\/\\\/zeroaesquerda.com.br\\\/?s={search_term_string}\"},\"query-input\":{\"@type\":\"PropertyValueSpecification\",\"valueRequired\":true,\"valueName\":\"search_term_string\"}}],\"inLanguage\":\"pt-BR\"},{\"@type\":\"Organization\",\"@id\":\"https:\\\/\\\/zeroaesquerda.com.br\\\/#organization\",\"name\":\"Zero \u00e0 Esquerda\",\"url\":\"https:\\\/\\\/zeroaesquerda.com.br\\\/\",\"logo\":{\"@type\":\"ImageObject\",\"inLanguage\":\"pt-BR\",\"@id\":\"https:\\\/\\\/zeroaesquerda.com.br\\\/#\\\/schema\\\/logo\\\/image\\\/\",\"url\":\"https:\\\/\\\/zeroaesquerda.com.br\\\/wp-content\\\/uploads\\\/2021\\\/01\\\/4-simbolo-zero-a-esquerda-favicon-alt.png\",\"contentUrl\":\"https:\\\/\\\/zeroaesquerda.com.br\\\/wp-content\\\/uploads\\\/2021\\\/01\\\/4-simbolo-zero-a-esquerda-favicon-alt.png\",\"width\":1271,\"height\":1069,\"caption\":\"Zero \u00e0 Esquerda\"},\"image\":{\"@id\":\"https:\\\/\\\/zeroaesquerda.com.br\\\/#\\\/schema\\\/logo\\\/image\\\/\"},\"sameAs\":[\"https:\\\/\\\/www.facebook.com\\\/revistazeroaesquerda\",\"https:\\\/\\\/x.com\\\/z3roaesquerda\",\"https:\\\/\\\/www.instagram.com\\\/revistazeroaesquerda\\\/\",\"https:\\\/\\\/www.youtube.com\\\/channel\\\/UCIaGx271Qw6D1QwqYBojrLw\"]},{\"@type\":\"Person\",\"@id\":\"https:\\\/\\\/zeroaesquerda.com.br\\\/#\\\/schema\\\/person\\\/04e72095a4fbe77f00c7b047955ed0b8\",\"name\":\"Zero \u00e0 Esquerda\",\"image\":{\"@type\":\"ImageObject\",\"inLanguage\":\"pt-BR\",\"@id\":\"https:\\\/\\\/secure.gravatar.com\\\/avatar\\\/a417d8eccb1cec435aa9a93213f41ee528a636232351421dedc4ada2160b3f1b?s=96&d=mm&r=g\",\"url\":\"https:\\\/\\\/secure.gravatar.com\\\/avatar\\\/a417d8eccb1cec435aa9a93213f41ee528a636232351421dedc4ada2160b3f1b?s=96&d=mm&r=g\",\"contentUrl\":\"https:\\\/\\\/secure.gravatar.com\\\/avatar\\\/a417d8eccb1cec435aa9a93213f41ee528a636232351421dedc4ada2160b3f1b?s=96&d=mm&r=g\",\"caption\":\"Zero \u00e0 Esquerda\"},\"description\":\"Tra\u00e7ando tend\u00eancias para al\u00e9m do capitalismo.\",\"sameAs\":[\"http:\\\/\\\/zeroaesquerda.com.br\"],\"url\":\"https:\\\/\\\/zeroaesquerda.com.br\\\/index.php\\\/author\\\/revistazeroaesquerdagmail-com\\\/\"}]}<\/script>\n<!-- \/ Yoast SEO plugin. -->","yoast_head_json":{"title":"Fascismo \u00e9 amor: uma face desumana do altru\u00edsmo \u2014 Julie Reshe - Zero \u00e0 Esquerda","robots":{"index":"index","follow":"follow","max-snippet":"max-snippet:-1","max-image-preview":"max-image-preview:large","max-video-preview":"max-video-preview:-1"},"canonical":"https:\/\/zeroaesquerda.com.br\/index.php\/2018\/12\/11\/fascismo-e-amor-uma-face-desumana-do-altruismo\/","og_locale":"pt_BR","og_type":"article","og_title":"Fascismo \u00e9 amor: uma face desumana do altru\u00edsmo \u2014 Julie Reshe - Zero \u00e0 Esquerda","og_description":"Neste artigo, Julie Reshe afirma que o amor incorpora em si humanidade (a caracter\u00edstica de ser eticamente \"humano\") - mas que, ironicamente, a trag\u00e9dia da ra\u00e7a humana consiste no fato de a inumanidade, encontrada por exemplo nos regimes nazifascistas, n\u00e3o ser o oposto do amor, e sim seu inalien\u00e1vel lado avesso.","og_url":"https:\/\/zeroaesquerda.com.br\/index.php\/2018\/12\/11\/fascismo-e-amor-uma-face-desumana-do-altruismo\/","og_site_name":"Zero \u00e0 Esquerda","article_publisher":"https:\/\/www.facebook.com\/revistazeroaesquerda","article_published_time":"2018-12-11T14:13:24+00:00","article_modified_time":"2021-01-23T05:25:06+00:00","og_image":[{"url":"https:\/\/tradutoresproletarios.files.wordpress.com\/2018\/12\/4755c-1uemudobezvkeeslhyly0bw.jpeg","type":"","width":"","height":""}],"author":"Zero \u00e0 Esquerda","twitter_card":"summary_large_image","twitter_creator":"@z3roaesquerda","twitter_site":"@z3roaesquerda","twitter_misc":{"Escrito por":"Zero \u00e0 Esquerda","Est. tempo de leitura":"5 minutos"},"schema":{"@context":"https:\/\/schema.org","@graph":[{"@type":"Article","@id":"https:\/\/zeroaesquerda.com.br\/index.php\/2018\/12\/11\/fascismo-e-amor-uma-face-desumana-do-altruismo\/#article","isPartOf":{"@id":"https:\/\/zeroaesquerda.com.br\/index.php\/2018\/12\/11\/fascismo-e-amor-uma-face-desumana-do-altruismo\/"},"author":{"name":"Zero \u00e0 Esquerda","@id":"https:\/\/zeroaesquerda.com.br\/#\/schema\/person\/04e72095a4fbe77f00c7b047955ed0b8"},"headline":"Fascismo \u00e9 amor: uma face desumana do altru\u00edsmo \u2014 Julie Reshe","datePublished":"2018-12-11T14:13:24+00:00","dateModified":"2021-01-23T05:25:06+00:00","mainEntityOfPage":{"@id":"https:\/\/zeroaesquerda.com.br\/index.php\/2018\/12\/11\/fascismo-e-amor-uma-face-desumana-do-altruismo\/"},"wordCount":956,"commentCount":0,"publisher":{"@id":"https:\/\/zeroaesquerda.com.br\/#organization"},"image":{"@id":"https:\/\/zeroaesquerda.com.br\/index.php\/2018\/12\/11\/fascismo-e-amor-uma-face-desumana-do-altruismo\/#primaryimage"},"thumbnailUrl":"https:\/\/tradutoresproletarios.files.wordpress.com\/2018\/12\/4755c-1uemudobezvkeeslhyly0bw.jpeg","keywords":["Amor","Fascismo","Filosofia","Guerra","Julie Reshe","Nazismo","Pol\u00edtica","Viol\u00eancia"],"articleSection":["Arquivo (Tradutores Prolet\u00e1rios)","Uncategorized"],"inLanguage":"pt-BR","potentialAction":[{"@type":"CommentAction","name":"Comment","target":["https:\/\/zeroaesquerda.com.br\/index.php\/2018\/12\/11\/fascismo-e-amor-uma-face-desumana-do-altruismo\/#respond"]}]},{"@type":"WebPage","@id":"https:\/\/zeroaesquerda.com.br\/index.php\/2018\/12\/11\/fascismo-e-amor-uma-face-desumana-do-altruismo\/","url":"https:\/\/zeroaesquerda.com.br\/index.php\/2018\/12\/11\/fascismo-e-amor-uma-face-desumana-do-altruismo\/","name":"Fascismo \u00e9 amor: uma face desumana do altru\u00edsmo \u2014 Julie Reshe - Zero \u00e0 Esquerda","isPartOf":{"@id":"https:\/\/zeroaesquerda.com.br\/#website"},"primaryImageOfPage":{"@id":"https:\/\/zeroaesquerda.com.br\/index.php\/2018\/12\/11\/fascismo-e-amor-uma-face-desumana-do-altruismo\/#primaryimage"},"image":{"@id":"https:\/\/zeroaesquerda.com.br\/index.php\/2018\/12\/11\/fascismo-e-amor-uma-face-desumana-do-altruismo\/#primaryimage"},"thumbnailUrl":"https:\/\/tradutoresproletarios.files.wordpress.com\/2018\/12\/4755c-1uemudobezvkeeslhyly0bw.jpeg","datePublished":"2018-12-11T14:13:24+00:00","dateModified":"2021-01-23T05:25:06+00:00","breadcrumb":{"@id":"https:\/\/zeroaesquerda.com.br\/index.php\/2018\/12\/11\/fascismo-e-amor-uma-face-desumana-do-altruismo\/#breadcrumb"},"inLanguage":"pt-BR","potentialAction":[{"@type":"ReadAction","target":["https:\/\/zeroaesquerda.com.br\/index.php\/2018\/12\/11\/fascismo-e-amor-uma-face-desumana-do-altruismo\/"]}]},{"@type":"ImageObject","inLanguage":"pt-BR","@id":"https:\/\/zeroaesquerda.com.br\/index.php\/2018\/12\/11\/fascismo-e-amor-uma-face-desumana-do-altruismo\/#primaryimage","url":"https:\/\/tradutoresproletarios.files.wordpress.com\/2018\/12\/4755c-1uemudobezvkeeslhyly0bw.jpeg","contentUrl":"https:\/\/tradutoresproletarios.files.wordpress.com\/2018\/12\/4755c-1uemudobezvkeeslhyly0bw.jpeg"},{"@type":"BreadcrumbList","@id":"https:\/\/zeroaesquerda.com.br\/index.php\/2018\/12\/11\/fascismo-e-amor-uma-face-desumana-do-altruismo\/#breadcrumb","itemListElement":[{"@type":"ListItem","position":1,"name":"In\u00edcio","item":"https:\/\/zeroaesquerda.com.br\/"},{"@type":"ListItem","position":2,"name":"Fascismo \u00e9 amor: uma face desumana do altru\u00edsmo \u2014 Julie Reshe"}]},{"@type":"WebSite","@id":"https:\/\/zeroaesquerda.com.br\/#website","url":"https:\/\/zeroaesquerda.com.br\/","name":"Zero \u00e0 Esquerda","description":"Tra\u00e7ando tend\u00eancias para al\u00e9m do capitalismo.","publisher":{"@id":"https:\/\/zeroaesquerda.com.br\/#organization"},"potentialAction":[{"@type":"SearchAction","target":{"@type":"EntryPoint","urlTemplate":"https:\/\/zeroaesquerda.com.br\/?s={search_term_string}"},"query-input":{"@type":"PropertyValueSpecification","valueRequired":true,"valueName":"search_term_string"}}],"inLanguage":"pt-BR"},{"@type":"Organization","@id":"https:\/\/zeroaesquerda.com.br\/#organization","name":"Zero \u00e0 Esquerda","url":"https:\/\/zeroaesquerda.com.br\/","logo":{"@type":"ImageObject","inLanguage":"pt-BR","@id":"https:\/\/zeroaesquerda.com.br\/#\/schema\/logo\/image\/","url":"https:\/\/zeroaesquerda.com.br\/wp-content\/uploads\/2021\/01\/4-simbolo-zero-a-esquerda-favicon-alt.png","contentUrl":"https:\/\/zeroaesquerda.com.br\/wp-content\/uploads\/2021\/01\/4-simbolo-zero-a-esquerda-favicon-alt.png","width":1271,"height":1069,"caption":"Zero \u00e0 Esquerda"},"image":{"@id":"https:\/\/zeroaesquerda.com.br\/#\/schema\/logo\/image\/"},"sameAs":["https:\/\/www.facebook.com\/revistazeroaesquerda","https:\/\/x.com\/z3roaesquerda","https:\/\/www.instagram.com\/revistazeroaesquerda\/","https:\/\/www.youtube.com\/channel\/UCIaGx271Qw6D1QwqYBojrLw"]},{"@type":"Person","@id":"https:\/\/zeroaesquerda.com.br\/#\/schema\/person\/04e72095a4fbe77f00c7b047955ed0b8","name":"Zero \u00e0 Esquerda","image":{"@type":"ImageObject","inLanguage":"pt-BR","@id":"https:\/\/secure.gravatar.com\/avatar\/a417d8eccb1cec435aa9a93213f41ee528a636232351421dedc4ada2160b3f1b?s=96&d=mm&r=g","url":"https:\/\/secure.gravatar.com\/avatar\/a417d8eccb1cec435aa9a93213f41ee528a636232351421dedc4ada2160b3f1b?s=96&d=mm&r=g","contentUrl":"https:\/\/secure.gravatar.com\/avatar\/a417d8eccb1cec435aa9a93213f41ee528a636232351421dedc4ada2160b3f1b?s=96&d=mm&r=g","caption":"Zero \u00e0 Esquerda"},"description":"Tra\u00e7ando tend\u00eancias para al\u00e9m do capitalismo.","sameAs":["http:\/\/zeroaesquerda.com.br"],"url":"https:\/\/zeroaesquerda.com.br\/index.php\/author\/revistazeroaesquerdagmail-com\/"}]}},"_links":{"self":[{"href":"https:\/\/zeroaesquerda.com.br\/index.php\/wp-json\/wp\/v2\/posts\/151","targetHints":{"allow":["GET"]}}],"collection":[{"href":"https:\/\/zeroaesquerda.com.br\/index.php\/wp-json\/wp\/v2\/posts"}],"about":[{"href":"https:\/\/zeroaesquerda.com.br\/index.php\/wp-json\/wp\/v2\/types\/post"}],"author":[{"embeddable":true,"href":"https:\/\/zeroaesquerda.com.br\/index.php\/wp-json\/wp\/v2\/users\/1"}],"replies":[{"embeddable":true,"href":"https:\/\/zeroaesquerda.com.br\/index.php\/wp-json\/wp\/v2\/comments?post=151"}],"version-history":[{"count":1,"href":"https:\/\/zeroaesquerda.com.br\/index.php\/wp-json\/wp\/v2\/posts\/151\/revisions"}],"predecessor-version":[{"id":1099,"href":"https:\/\/zeroaesquerda.com.br\/index.php\/wp-json\/wp\/v2\/posts\/151\/revisions\/1099"}],"wp:attachment":[{"href":"https:\/\/zeroaesquerda.com.br\/index.php\/wp-json\/wp\/v2\/media?parent=151"}],"wp:term":[{"taxonomy":"category","embeddable":true,"href":"https:\/\/zeroaesquerda.com.br\/index.php\/wp-json\/wp\/v2\/categories?post=151"},{"taxonomy":"post_tag","embeddable":true,"href":"https:\/\/zeroaesquerda.com.br\/index.php\/wp-json\/wp\/v2\/tags?post=151"}],"curies":[{"name":"wp","href":"https:\/\/api.w.org\/{rel}","templated":true}]}}