{"id":147,"date":"2018-12-15T21:08:06","date_gmt":"2018-12-15T23:08:06","guid":{"rendered":"https:\/\/tradutoresproletarios.wordpress.com\/2018\/12\/15\/coletes-amarelos-as-apostas-de-uma-mobilizacao-popular\/"},"modified":"2021-11-22T22:46:42","modified_gmt":"2021-11-22T22:46:42","slug":"coletes-amarelos-as-apostas-de-uma-mobilizacao-popular","status":"publish","type":"post","link":"https:\/\/zeroaesquerda.com.br\/index.php\/2018\/12\/15\/coletes-amarelos-as-apostas-de-uma-mobilizacao-popular\/","title":{"rendered":"Coletes amarelos: as apostas de uma mobiliza\u00e7\u00e3o popular \u2014 L\u00e9on Cr\u00e9mieux"},"content":{"rendered":"\n<p>Foto de capa de <a href=\"https:\/\/www.flickr.com\/photos\/copivolta\/\">Oliver Ortelpa<\/a>.<\/p>\n\n\n\n<p>No dia 17 de novembro, pelo menos 2.500 bloqueios de cruzamentos e ped\u00e1gios ocorreram em todas as regi\u00f5es, reunindo, segundo a pol\u00edcia, pelo menos 300 mil \u201ccoletes amarelos\u201d (manifestantes vestindo um colete de seguran\u00e7a obrigat\u00f3rio em ve\u00edculos). Na semana seguinte, muitos bloqueios continuaram em torno das cidades de m\u00e9dio porte e nas \u00e1reas rurais. No \u00faltimo s\u00e1bado, 24 de novembro, mais uma vez, muitas a\u00e7\u00f5es foram realizadas: mais de 100 mil participantes, incluindo pelo menos 8 mil em Paris, nos Champs Elys\u00e9es, com 1600 bloqueios identificados nas regi\u00f5es.<\/p>\n\n\n\n<p>Esse movimento n\u00e3o foi iniciado por nenhum partido ou sindicatos. Foi inteiramente constru\u00eddo a partir de redes sociais, em torno da recusa de um novo aumento da taxa\u00e7\u00e3o sobre os combust\u00edveis atrav\u00e9s do TICZ (Imposto sobre o consumo interno de produtos energ\u00e9ticos) previsto para 1 de janeiro de 2019: mais 0,065 euros no litro de diesel e 0,029 no litro de SP95. Em 2018, a taxa sobre o diesel j\u00e1 havia aumentado 0,076 centavos. Em 1 litro de \u00f3leo diesel pago a \u20ac 1,45, o Estado atualmente recebe cerca de 60% dos impostos, ou 0,854 euros. O governo planeja em 2020 e 2021 aumentar ainda mais 6 centavos e meio por ano. Esta \u00e9 a maior porcentagem de impostos sobre o diesel na Europa depois do Reino Unido e da It\u00e1lia. Mas, na Fran\u00e7a, ao contr\u00e1rio da maioria dos outros pa\u00edses europeus, o diesel \u00e9 de uso majorit\u00e1rio e responde por 80% do consumo de combust\u00edvel. O pre\u00e7o do diesel subiu 23% no ano passado.<\/p>\n\n\n\n<p>Uma peti\u00e7\u00e3o online contra esses aumentos de impostos, citada em um artigo no principal jornal di\u00e1rio do pa\u00eds, o Le Parisien, reuniu centenas de milhares de assinaturas em meados de outubro e mais de um milh\u00e3o no in\u00edcio de novembro. A partir da\u00ed centenas de grupos no Facebook surgiram em todo o pa\u00eds, v\u00eddeos contra o imposto foram vistos milh\u00f5es de vezes pela Internet (incluindo um feito por um representante local do grupo de extrema-direita Debout la France [Levantar a Fran\u00e7a]).<\/p>\n\n\n\n<p>Um motorista fez um chamado para bloquear o anel vi\u00e1rio parisiense no dia 17 de novembro. A partir de ent\u00e3o, a data foi escolhida por todos os grupos para milhares de iniciativas locais visando bloquear estradas e rotundas listadas em um site criado para a ocasi\u00e3o por dois usu\u00e1rios integrantes dos Coletes Amarelos. Os principais notici\u00e1rios (incluindo a TV BFM) passaram a transmitir as a\u00e7\u00f5es amplificando o fen\u00f4meno.<\/p>\n\n\n\n<p>A partir da simples assinatura de uma peti\u00e7\u00e3o, o movimento se espalhou como um inc\u00eandio.<\/p>\n\n\n\n<h4 class=\"wp-block-heading\">Qual \u00e9 o car\u00e1ter do movimento?<\/h4>\n\n\n\n<p>O movimento atingiu duramente o governo, mas tamb\u00e9m os sindicatos e os l\u00edderes pol\u00edticos! O contraste foi marcante entre a sua extens\u00e3o nas classes populares, a ampla simpatia, especialmente nas empresas, o apoio maci\u00e7o da popula\u00e7\u00e3o (70% de apoio no dia anterior a 14 de novembro) e a caricatura que foi feita por parte da esquerda que acusou, confusamente, a presen\u00e7a dos interesses dos patr\u00f5es do setor de transporte rodovi\u00e1rio e da extrema direita. No entanto, todos os sindicatos patronais do transporte rodovi\u00e1rio condenaram os bloqueios, pedindo ao governo que liberasse as vias. No que diz respeito \u00e0 extrema-direita, \u00e9 verdade que Nicolas Dupont Aignan, l\u00edder do movimento Debout la France, se apressou, depois de meados de outubro, em exibir nas m\u00eddias sociais seu colete amarelo. Da mesma forma, o <em>Frente Nacional<\/em> de Marine Le Pen manifestou seu apoio ao mesmo tempo que desaprovavam os bloqueios nas estradas\u2026 A maioria dos organizadores dos Coletes Amarelos distanciaram-se com rela\u00e7\u00e3o a esse apoio.<\/p>\n\n\n\n<p>Discretamente, os republicanos e o Partido Socialista expressaram sua simpatia pelo movimento. Entretanto, se por um lado os l\u00edderes da <em>Fran\u00e7a Insubmissa<\/em> como Jean-Luc M\u00e9lenchon e Fran\u00e7ois Ruffin, ou de outras organiza\u00e7\u00f5es como Olivier Besancenot, que em v\u00e1rias transmiss\u00f5es televisivas marcaram seu apoio ao movimento, todos os principais sindicatos\u200a\u2014\u200aCFDT, e n\u00e3o s\u00f3 FO mas a CGT e Solidaires\u200a\u2014\u200ase recusaram a apoiar os protestos, insistindo sobre as supostas manipula\u00e7\u00f5es da extrema direita e do patronato do transporte rodovi\u00e1rio.<\/p>\n\n\n\n<p>A realidade \u00e9 que os Coletes Amarelos refletem um movimento profundo nas classes populares. Todos os dias, 17 milh\u00f5es de pessoas trabalham fora do seu munic\u00edpio de resid\u00eancia, ou seja, 2\/3 da popula\u00e7\u00e3o trabalhadora. Destes 2\/3, 80% usam seu ve\u00edculo pessoal.<\/p>\n\n\n\n<p>A preocupa\u00e7\u00e3o com o custo do combust\u00edvel \u00e9, portanto, uma preocupa\u00e7\u00e3o popular, tanto na grande \u00e1rea de Paris como em certas outras regi\u00f5es (mesmo na regi\u00e3o de Paris, apenas um em cada dois funcion\u00e1rios usa o transporte p\u00fablico para ir trabalhar).<\/p>\n\n\n\n<p>A quest\u00e3o do imposto adicional diz respeito \u00e0 grande maioria dos empregados!<\/p>\n\n\n\n<p>Os funcion\u00e1rios, e especialmente as fam\u00edlias, s\u00e3o for\u00e7ados a viver cada vez mais longe dos centros urbanos, a precariedade acentua o afastamento do local de trabalho. Na regi\u00e3o de Paris, 50% dos funcion\u00e1rios que levam um carro para o trabalho s\u00e3o, na maioria das vezes, aqueles que s\u00e3o for\u00e7ados a viver na periferia ou trabalham com hor\u00e1rios programados.<\/p>\n\n\n\n<p>O custo do transporte de carros, especialmente o diesel, explodiu num contexto em que o n\u00edvel oficial de infla\u00e7\u00e3o foi usado como uma desculpa para n\u00e3o aumentar os sal\u00e1rios.<\/p>\n\n\n\n<p>Os Coletes Amarelos polarizam uma exaspera\u00e7\u00e3o popular com o \u00f3bvio car\u00e1ter de classe em rela\u00e7\u00e3o ao poder de compra, sal\u00e1rios e pens\u00f5es.<\/p>\n\n\n\n<p>Mas essa exaspera\u00e7\u00e3o tamb\u00e9m catalisa a raiva generalizada devido ao descr\u00e9dito do governo, o ac\u00famulo de ataques ao poder de compra, pens\u00f5es, em face dos muitos privil\u00e9gios dados aos ricos, aos capitalistas. O descr\u00e9dito dos partidos pol\u00edticos, que por sua vez geriram o pa\u00eds, \u00e9 respons\u00e1vel por essa situa\u00e7\u00e3o social. Macron havia se beneficiado desse descr\u00e9dito para ser eleito e agora est\u00e1 sofrendo um efeito bumerangue.<\/p>\n\n\n\n<p>Gra\u00e7as \u00e0s reformas fiscais do governo (elimina\u00e7\u00e3o do ISF, imposto fixo sobre a renda do capital), os 1% mais ricos ver\u00e3o suas receitas aumentarem 6% em 2019, os 0,4% mais ricos ver\u00e3o seu poder de compra aumentar \u00e0 \u20ac 28,300, o mais rico 0,1% \u00e0 \u20ac 86,290. Enquanto isso, os 20% mais pobres ver\u00e3o a queda de sua renda, sem aumento nos benef\u00edcios sociais, reforma dos benef\u00edcios habitacionais, pens\u00f5es mais baixas, enquanto os pre\u00e7os sobem.<\/p>\n\n\n\n<h4 class=\"wp-block-heading\">Impopularidade e crise do&nbsp;governo<\/h4>\n\n\n\n<p>Macron \u00e9 visto como o presidente dos ricos para uma parte muito grande da popula\u00e7\u00e3o. O aumento nas taxas de combust\u00edvel, atingindo os baixos sal\u00e1rios, depois da concess\u00e3o de privil\u00e9gios para as classes mais abastadas, foi recebido como a gota d\u2019\u00e1gua.<\/p>\n\n\n\n<p>Al\u00e9m disso, o governo Macron entrou numa crise que vem se acelerando. O caso Benalla foi o esc\u00e2ndalo do ver\u00e3o. Alexander Benalla, agente de seguran\u00e7a pessoal de Macron, condenado por agress\u00e3o contra manifestantes no dia 1 de maio, foi o revelador da pr\u00e1tica presidencial, usando os servi\u00e7os do Estado de acordo com as suas necessidades pessoais e privilegiando os seus colaboradores, uma reminisc\u00eancia que lembra o esc\u00e2ndalo de Fillon na v\u00e9spera da elei\u00e7\u00e3o presidencial.<\/p>\n\n\n\n<p>O esc\u00e2ndalo de Benalla foi seguido pela ren\u00fancia de Nicolas Hulot, que liderava a seguran\u00e7a ambiental no governo Macron, ap\u00f3s muitas trai\u00e7\u00f5es aos compromissos ecol\u00f3gicos. No processo, Collomb, ministro do Interior e um dos primeiros apoiadores do presidente, tamb\u00e9m renunciou no in\u00edcio do outono. Essas sucessivas crises internas atestam o desgaste acelerado desse governo e a fraqueza de sua base pol\u00edtica e social.<\/p>\n\n\n\n<p>Todas as pesquisas d\u00e3o a Macron um n\u00edvel mais baixo de popularidade do que Fran\u00e7ois Hollande ap\u00f3s um mandato id\u00eantico.<\/p>\n\n\n\n<p>Em todas as mensagens dos coletes amarelos nas redes sociais sobre os bloqueios, misturam-se a exig\u00eancia da retirada do imposto sobre os combust\u00edveis, a insatisfa\u00e7\u00e3o quanto a vida custosa, o restabelecimento da taxa\u00e7\u00e3o sobre as grandes fortunas\u2026 e, frequentemente, pura e simplesmente a ren\u00fancia de Macron.<\/p>\n\n\n\n<p>Para justificar o imposto sobre os combust\u00edveis e obter apoio popular, o governo tem argumentado sobre a necessidade de combater o aquecimento global e, ao mesmo tempo, lutar contra as emiss\u00f5es de gases de efeito estufa e part\u00edculas finas. O porta-voz do governo, Benjamin Grivaux, acreditava estar conquistando o apoio da esquerda ambiental, denunciando \u201caqueles que fumam cigarros e usam diesel\u201d. Mas, mesmo no eleitorado ecologista, o aumento de impostos n\u00e3o encontrou um eco favor\u00e1vel e o necrot\u00e9rio desprez\u00edvel governamental n\u00e3o atingiu o pa\u00eds.<\/p>\n\n\n\n<p>O motivo mais basilar desta situa\u00e7\u00e3o \u00e9 que toda a pol\u00edtica do governo e de seus antecessores sempre vira as costas aos imperativos ecol\u00f3gicos do momento: depois de promover o carro e o diesel, nada \u00e9 feito para desenvolver o transporte p\u00fablico nas \u00e1reas rurais e na periferia das grandes cidades, enquanto a classe trabalhadora est\u00e1 experimentando dist\u00e2ncias cada vez maiores de seus locais de<\/p>\n\n\n\n<p>trabalho e centros urbanos. H\u00e1 uma arrog\u00e2ncia intoler\u00e1vel do governo para fazer pessoas que n\u00e3o podem mudar seu modo de locomo\u00e7\u00e3o pagarem ainda mais&nbsp;.<\/p>\n\n\n\n<p>Com os ataques contra a SNCF, o governo pretende remover mais de 11.000 km de ferrovia e sacrificou o frete ferrovi\u00e1rio em benef\u00edcio das rodovias. Enquanto isso, a petroleira Total est\u00e1 isenta de qualquer contribui\u00e7\u00e3o tribut\u00e1ria e tem as m\u00e3os livres para continuar a explora\u00e7\u00e3o. Al\u00e9m disso, os debates sobre a Lei de Finan\u00e7as de 2019 revelaram que mais de 500 milh\u00f5es em impostos sobre combust\u00edveis n\u00e3o ser\u00e3o usados para a transi\u00e7\u00e3o ecol\u00f3gica, mas para resgatar o d\u00e9ficit do or\u00e7amento de 2019 e compensar a elimina\u00e7\u00e3o da taxa\u00e7\u00e3o das grandes fortunas.<\/p>\n\n\n\n<p>Durante semanas, o governo e os meios de comunica\u00e7\u00e3o tentaram descreditar o movimento com um desprezo condescendente, vendo-o como <em>la France de la p\u00e9riph\u00e9rie<\/em> [\u201ca Fran\u00e7a da periferia\u201d], <em>territoires oubli\u00e9s<\/em> [\u201cterrit\u00f3rios esquecidos\u201d] que iria fazer uma <em>jacquerie<\/em> [\u201crevolta camponesa\u201d] de pessoas ignorantes, inconscientes das mudan\u00e7as clim\u00e1ticas.<\/p>\n\n\n\n<p>O movimento oper\u00e1rio e suas organiza\u00e7\u00f5es n\u00e3o tiveram iniciativa no movimento dos Coletes Amarelos. Isso reflete sua perda de influ\u00eancia em muitas regi\u00f5es e coletivos de trabalho. \u00c9 tamb\u00e9m, como dizem l\u00edderes da <em>ATTAC et Copernic\u00b2<\/em> em um artigo no <em>Le Monde,<\/em> o resultado de falhas acumuladas dos movimentos sociais nos \u00faltimos anos. O intuito de fazer bloqueios para realizar a\u00e7\u00e3o direta tamb\u00e9m vem da rejei\u00e7\u00e3o das formas tradicionais de protestos, mas est\u00e1 em continuidade com as a\u00e7\u00f5es de bloqueios realizados nos \u00faltimos anos pelos setores sociais combativos.<\/p>\n\n\n\n<p>Al\u00e9m disso, a pol\u00edtica praticada pela lideran\u00e7a sindical, e sua fraqueza no que diz respeito \u00e0s rela\u00e7\u00f5es com o movimento popular s\u00e3o problem\u00e1ticas. Esta pol\u00edtica tomou como pretexto as manobras da extrema direita ou o suposto \u201capolitismo\u201d dos Coletes Amarelos. Mas, como dizem os integrantes da <em>ATTAC et Copernic<\/em> no mesmo artigo do <em>Le Monde<\/em>: \u201cN\u00e3o combateremos essa desconfian\u00e7a nem a instrumentaliza\u00e7\u00e3o pela extrema direita, nem o risco do antifiscalismo, praticando a pol\u00edtica da <em>chaise vide\u00b3<\/em> ou fazendo com que os manifestantes se sintam culpados. Pelo contr\u00e1rio, se trata mais de analisar e vencer a batalha cultural e pol\u00edtica dentro desse movimento contra a extrema direita e as for\u00e7as patronais que querem subjug\u00e1-lo\u201d.<\/p>\n\n\n\n<p>Muitas estruturas sindicais e ativistas n\u00e3o hesitaram em apoiar e convocar a participa\u00e7\u00e3o nas a\u00e7\u00f5es dos Coletes Amarelos: foi assim em particular no setor de metalurgia da CGT, na ind\u00fastria do Sul e na FO Transporte, onde muitos chamados \u00e0 unidade departamental avan\u00e7aram numa plataforma reivindicativa pelo aumento dos sal\u00e1rios, contra os impostos indiretos que violentam as classes populares e pela efetiva\u00e7\u00e3o do imposto progressivo. Muitas vezes, esses pedidos recusavam claramente os impostos sobre combust\u00edveis, ao mesmo tempo que destacavam a necessidade de uma pol\u00edtica ecol\u00f3gica real que atingisse a Total, desenvolvendo transporte p\u00fablico e frete ferrovi\u00e1rio face ao transporte rodovi\u00e1rio.<\/p>\n\n\n\n<p>Nos debates entre militantes, mesmo na imprensa, todos os relat\u00f3rios atestam a realidade popular desse movimento, composto principalmente por empregados, pensionistas, ao lado de trabalhadores independentes ou pequenos empreendedores, todos aqueles que, com baixos rendimentos, suportam o peso dos ataques do governo. Os ativistas do NPA (Novo Partido Anticapitalista) que participaram dos bloqueios e distribu\u00edram panfletos tamb\u00e9m atestam a boa receptividade e, principalmente, o acordo com os requisitos para a restaura\u00e7\u00e3o do ISF\u2074 e ao final dos incentivos fiscais para os mais ricos.<\/p>\n\n\n\n<h4 class=\"wp-block-heading\">As apostas do movimento<\/h4>\n\n\n\n<p>H\u00e1, portanto, grandes interesses pol\u00edticos neste movimento, sejam quais forem os resultados. Uma problem\u00e1tica que, indiretamente, imp\u00f5e uma organiza\u00e7\u00e3o democr\u00e1tica que convirja junto \u00e0s organiza\u00e7\u00f5es do movimento oper\u00e1rio que querem travar uma luta comum, rumo a um confronto geral contra o poder.<\/p>\n\n\n\n<p>O governo espera ver os Coletes Amarelos como um par\u00eantese perturbador antes do retorno \u00e0 vida pol\u00edtica e social \u201cnormal\u201d. Depois do dia 17, toda a m\u00eddia veiculou insistentemente os confrontos, os feridos nas barragens e a morte de um Colete Amarelo, esmagado por um motorista. Eles tamb\u00e9m insistiram em atos homof\u00f3bicos racistas, inaceit\u00e1veis (mas muito marginais), cometidos em bloqueios de estradas, buscando desacreditar o movimento como um todo.<\/p>\n\n\n\n<p>Embora aja com mais cautela do que as manifesta\u00e7\u00f5es do movimento social, o poder estatal reprimiu duramente os bloqueios nesses \u00faltimos dias e, em particular, a manifesta\u00e7\u00e3o nos Champs Elysees do \u00faltimo s\u00e1bado. Desacostumados com manifesta\u00e7\u00f5es de rua e menos ainda com confrontos, muitos Coletes Amarelos ficaram chocados com tal viol\u00eancia, mas n\u00e3o afetaram a determina\u00e7\u00e3o e a disposi\u00e7\u00e3o para fazer novos bloqueios.<\/p>\n\n\n\n<p>O governo espera que as imagens dos confrontos e a aproxima\u00e7\u00e3o das festividades de final de ano levem \u00e0 extin\u00e7\u00e3o do movimento. Se o movimento sindical e partid\u00e1rio pensar a mesma coisa, ser\u00e1 um grande erro. Mesmo marginal, a extrema direita ambiciona aumentar sua influ\u00eancia e espera que n\u00e3o surja nenhuma perspectiva anticapitalista para dar outros rumos.<\/p>\n\n\n\n<p>O epis\u00f3dio de \u201cForconi\u201d em 2013 na It\u00e1lia, com o qual os Coletes Amarelos possuem semelhan\u00e7as, deve alertar os anticapitalistas que esperam que a ira popular, a frustra\u00e7\u00e3o social, n\u00e3o s\u00f3 se volte contra o governo dos ricos, mas abra caminho para uma ofensiva que leve a emancipa\u00e7\u00e3o.<\/p>\n\n\n\n<p><strong><em>L\u00e9on Cr\u00e9mieux.\u00b9<\/em><\/strong><\/p>\n\n\n\n<p><em>Traduzido por Ricardo Menezes <\/em>[CTP]<\/p>\n\n\n\n<hr class=\"wp-block-separator\"\/>\n\n\n\n<p>[1] Artigo escrito por L\u00e9on Cr\u00e9mieux para a revista <em>Viento Sur<\/em> e veiculado na p\u00e1gina digital do NPA (<em>Nouveau Parti Anticapitaliste<\/em>) no dia 26 de novembro de 2018.<\/p>\n\n\n\n<p>[2] Organiza\u00e7\u00e3o fundada em 1998 promotora de publica\u00e7\u00f5es de cunho cr\u00edtico \u00e0 tradi\u00e7\u00e3o liberal<\/p>\n\n\n\n<p>[3] N\u00e3o participar de uma reuni\u00e3o por <strong>discordar <\/strong>ou n\u00e3o permitir o processo de tomada de decis\u00e3o.<\/p>\n\n\n\n<p>[4] O <strong>Imp\u00f4t de solidarit\u00e9 sur la fortune <\/strong>(<strong>ISF<\/strong>) \u00e9 o imposto sobre a fortuna franc\u00eas pago por indiv\u00edduos e casais que possuem patrim\u00f4nio maior que 2,57 milh\u00f5es de euros. A taxa\u00e7\u00e3o do ISF estende-se ao patrim\u00f4nio imobili\u00e1rio e profissional, incluindo im\u00f3veis e a\u00e7\u00f5es. O governo Macron extinguiu o ISF, colocando em seu lugar o IFI, que passa a taxar apenas o patrim\u00f4nio imobili\u00e1rio.<\/p>\n\n\n\n<hr class=\"wp-block-separator\"\/>\n\n\n\n<div class=\"wp-block-image\"><figure class=\"aligncenter\"><img decoding=\"async\" src=\"https:\/\/tradutoresproletarios.files.wordpress.com\/2019\/01\/a6912-172snwba2pbxpmjupqndsow.png\" alt=\"\"\/><\/figure><\/div>\n\n\n\n<p>Original:<br><a href=\"https:\/\/npa2009.org\/idees\/politique\/gilets-jaunes-les-enjeux-dune-mobilisation-populaire\" target=\"_blank\" rel=\"noopener noreferrer\">https:\/\/npa2009.org\/idees\/politique\/gilets-jaunes-les-enjeux-dune-mobilisation-populaire<\/a><\/p>\n","protected":false},"excerpt":{"rendered":"<p>Cr\u00e9mieux sintetiza e contextualiza a problem\u00e1tica dos Gilets Jaunes, narra a intera\u00e7\u00e3o que a esquerda francesa teve com o movimento, e pede para que esta se torne mais ativa dentro do movimento.<\/p>\n","protected":false},"author":1,"featured_media":2020,"comment_status":"open","ping_status":"open","sticky":false,"template":"","format":"standard","meta":{"_coblocks_attr":"","_coblocks_dimensions":"","_coblocks_responsive_height":"","_coblocks_accordion_ie_support":"","om_disable_all_campaigns":false,"_monsterinsights_skip_tracking":false,"_monsterinsights_sitenote_active":false,"_monsterinsights_sitenote_note":"","_monsterinsights_sitenote_category":0,"_uf_show_specific_survey":0,"_uf_disable_surveys":false,"_kadence_starter_templates_imported_post":false,"_kad_post_transparent":"","_kad_post_title":"","_kad_post_layout":"","_kad_post_sidebar_id":"","_kad_post_content_style":"","_kad_post_vertical_padding":"","_kad_post_feature":"","_kad_post_feature_position":"","_kad_post_header":false,"_kad_post_footer":false,"_kad_post_classname":"","footnotes":""},"categories":[345,348,346],"tags":[83,143,203,238,265,299],"class_list":["post-147","post","type-post","status-publish","format-standard","has-post-thumbnail","hentry","category-arquivo-tradutores-proletarios","category-series","category-traducoes","tag-coletes-amarelos","tag-franca","tag-leon-cremieux","tag-movimentos-sociais","tag-politica","tag-sociologia"],"yoast_head":"<!-- This site is optimized with the Yoast SEO plugin v27.4 - https:\/\/yoast.com\/product\/yoast-seo-wordpress\/ -->\n<title>Coletes amarelos: as apostas de uma mobiliza\u00e7\u00e3o popular \u2014 L\u00e9on Cr\u00e9mieux - Zero \u00e0 Esquerda<\/title>\n<meta name=\"robots\" content=\"index, follow, max-snippet:-1, max-image-preview:large, max-video-preview:-1\" \/>\n<link rel=\"canonical\" href=\"https:\/\/zeroaesquerda.com.br\/index.php\/2018\/12\/15\/coletes-amarelos-as-apostas-de-uma-mobilizacao-popular\/\" \/>\n<meta property=\"og:locale\" content=\"pt_BR\" \/>\n<meta property=\"og:type\" content=\"article\" \/>\n<meta property=\"og:title\" content=\"Coletes amarelos: as apostas de uma mobiliza\u00e7\u00e3o popular \u2014 L\u00e9on Cr\u00e9mieux - Zero \u00e0 Esquerda\" \/>\n<meta property=\"og:description\" content=\"Cr\u00e9mieux sintetiza e contextualiza a problem\u00e1tica dos Gilets Jaunes, narra a intera\u00e7\u00e3o que a esquerda francesa teve com o movimento, e pede para que esta se torne mais ativa dentro do movimento.\" \/>\n<meta property=\"og:url\" content=\"https:\/\/zeroaesquerda.com.br\/index.php\/2018\/12\/15\/coletes-amarelos-as-apostas-de-uma-mobilizacao-popular\/\" \/>\n<meta property=\"og:site_name\" content=\"Zero \u00e0 Esquerda\" \/>\n<meta property=\"article:publisher\" content=\"https:\/\/www.facebook.com\/revistazeroaesquerda\" \/>\n<meta property=\"article:published_time\" content=\"2018-12-15T23:08:06+00:00\" \/>\n<meta property=\"article:modified_time\" content=\"2021-11-22T22:46:42+00:00\" \/>\n<meta property=\"og:image\" content=\"https:\/\/zeroaesquerda.com.br\/wp-content\/uploads\/2018\/12\/33331-1g9bobsfgcuugpytxoe0paa-1024x684.png\" \/>\n\t<meta property=\"og:image:width\" content=\"1024\" \/>\n\t<meta property=\"og:image:height\" content=\"684\" \/>\n\t<meta property=\"og:image:type\" content=\"image\/png\" \/>\n<meta name=\"author\" content=\"Zero \u00e0 Esquerda\" \/>\n<meta name=\"twitter:card\" content=\"summary_large_image\" \/>\n<meta name=\"twitter:creator\" content=\"@z3roaesquerda\" \/>\n<meta name=\"twitter:site\" content=\"@z3roaesquerda\" \/>\n<meta name=\"twitter:label1\" content=\"Escrito por\" \/>\n\t<meta name=\"twitter:data1\" content=\"Zero \u00e0 Esquerda\" \/>\n\t<meta name=\"twitter:label2\" content=\"Est. tempo de leitura\" \/>\n\t<meta name=\"twitter:data2\" content=\"11 minutos\" \/>\n<script type=\"application\/ld+json\" class=\"yoast-schema-graph\">{\"@context\":\"https:\\\/\\\/schema.org\",\"@graph\":[{\"@type\":\"Article\",\"@id\":\"https:\\\/\\\/zeroaesquerda.com.br\\\/index.php\\\/2018\\\/12\\\/15\\\/coletes-amarelos-as-apostas-de-uma-mobilizacao-popular\\\/#article\",\"isPartOf\":{\"@id\":\"https:\\\/\\\/zeroaesquerda.com.br\\\/index.php\\\/2018\\\/12\\\/15\\\/coletes-amarelos-as-apostas-de-uma-mobilizacao-popular\\\/\"},\"author\":{\"name\":\"Zero \u00e0 Esquerda\",\"@id\":\"https:\\\/\\\/zeroaesquerda.com.br\\\/#\\\/schema\\\/person\\\/04e72095a4fbe77f00c7b047955ed0b8\"},\"headline\":\"Coletes amarelos: as apostas de uma mobiliza\u00e7\u00e3o popular \u2014 L\u00e9on Cr\u00e9mieux\",\"datePublished\":\"2018-12-15T23:08:06+00:00\",\"dateModified\":\"2021-11-22T22:46:42+00:00\",\"mainEntityOfPage\":{\"@id\":\"https:\\\/\\\/zeroaesquerda.com.br\\\/index.php\\\/2018\\\/12\\\/15\\\/coletes-amarelos-as-apostas-de-uma-mobilizacao-popular\\\/\"},\"wordCount\":2615,\"commentCount\":0,\"publisher\":{\"@id\":\"https:\\\/\\\/zeroaesquerda.com.br\\\/#organization\"},\"image\":{\"@id\":\"https:\\\/\\\/zeroaesquerda.com.br\\\/index.php\\\/2018\\\/12\\\/15\\\/coletes-amarelos-as-apostas-de-uma-mobilizacao-popular\\\/#primaryimage\"},\"thumbnailUrl\":\"https:\\\/\\\/zeroaesquerda.com.br\\\/wp-content\\\/uploads\\\/2018\\\/12\\\/33331-1g9bobsfgcuugpytxoe0paa.png\",\"keywords\":[\"Coletes Amarelos\",\"Fran\u00e7a\",\"L\u00e9on Cr\u00e9mieux\",\"Movimentos Sociais\",\"Pol\u00edtica\",\"Sociologia\"],\"articleSection\":[\"Arquivo (Tradutores Prolet\u00e1rios)\",\"S\u00e9ries\",\"Tradu\u00e7\u00f5es\"],\"inLanguage\":\"pt-BR\",\"potentialAction\":[{\"@type\":\"CommentAction\",\"name\":\"Comment\",\"target\":[\"https:\\\/\\\/zeroaesquerda.com.br\\\/index.php\\\/2018\\\/12\\\/15\\\/coletes-amarelos-as-apostas-de-uma-mobilizacao-popular\\\/#respond\"]}]},{\"@type\":\"WebPage\",\"@id\":\"https:\\\/\\\/zeroaesquerda.com.br\\\/index.php\\\/2018\\\/12\\\/15\\\/coletes-amarelos-as-apostas-de-uma-mobilizacao-popular\\\/\",\"url\":\"https:\\\/\\\/zeroaesquerda.com.br\\\/index.php\\\/2018\\\/12\\\/15\\\/coletes-amarelos-as-apostas-de-uma-mobilizacao-popular\\\/\",\"name\":\"Coletes amarelos: as apostas de uma mobiliza\u00e7\u00e3o popular \u2014 L\u00e9on Cr\u00e9mieux - Zero \u00e0 Esquerda\",\"isPartOf\":{\"@id\":\"https:\\\/\\\/zeroaesquerda.com.br\\\/#website\"},\"primaryImageOfPage\":{\"@id\":\"https:\\\/\\\/zeroaesquerda.com.br\\\/index.php\\\/2018\\\/12\\\/15\\\/coletes-amarelos-as-apostas-de-uma-mobilizacao-popular\\\/#primaryimage\"},\"image\":{\"@id\":\"https:\\\/\\\/zeroaesquerda.com.br\\\/index.php\\\/2018\\\/12\\\/15\\\/coletes-amarelos-as-apostas-de-uma-mobilizacao-popular\\\/#primaryimage\"},\"thumbnailUrl\":\"https:\\\/\\\/zeroaesquerda.com.br\\\/wp-content\\\/uploads\\\/2018\\\/12\\\/33331-1g9bobsfgcuugpytxoe0paa.png\",\"datePublished\":\"2018-12-15T23:08:06+00:00\",\"dateModified\":\"2021-11-22T22:46:42+00:00\",\"breadcrumb\":{\"@id\":\"https:\\\/\\\/zeroaesquerda.com.br\\\/index.php\\\/2018\\\/12\\\/15\\\/coletes-amarelos-as-apostas-de-uma-mobilizacao-popular\\\/#breadcrumb\"},\"inLanguage\":\"pt-BR\",\"potentialAction\":[{\"@type\":\"ReadAction\",\"target\":[\"https:\\\/\\\/zeroaesquerda.com.br\\\/index.php\\\/2018\\\/12\\\/15\\\/coletes-amarelos-as-apostas-de-uma-mobilizacao-popular\\\/\"]}]},{\"@type\":\"ImageObject\",\"inLanguage\":\"pt-BR\",\"@id\":\"https:\\\/\\\/zeroaesquerda.com.br\\\/index.php\\\/2018\\\/12\\\/15\\\/coletes-amarelos-as-apostas-de-uma-mobilizacao-popular\\\/#primaryimage\",\"url\":\"https:\\\/\\\/zeroaesquerda.com.br\\\/wp-content\\\/uploads\\\/2018\\\/12\\\/33331-1g9bobsfgcuugpytxoe0paa.png\",\"contentUrl\":\"https:\\\/\\\/zeroaesquerda.com.br\\\/wp-content\\\/uploads\\\/2018\\\/12\\\/33331-1g9bobsfgcuugpytxoe0paa.png\",\"width\":2560,\"height\":1709},{\"@type\":\"BreadcrumbList\",\"@id\":\"https:\\\/\\\/zeroaesquerda.com.br\\\/index.php\\\/2018\\\/12\\\/15\\\/coletes-amarelos-as-apostas-de-uma-mobilizacao-popular\\\/#breadcrumb\",\"itemListElement\":[{\"@type\":\"ListItem\",\"position\":1,\"name\":\"In\u00edcio\",\"item\":\"https:\\\/\\\/zeroaesquerda.com.br\\\/\"},{\"@type\":\"ListItem\",\"position\":2,\"name\":\"Coletes amarelos: as apostas de uma mobiliza\u00e7\u00e3o popular \u2014 L\u00e9on Cr\u00e9mieux\"}]},{\"@type\":\"WebSite\",\"@id\":\"https:\\\/\\\/zeroaesquerda.com.br\\\/#website\",\"url\":\"https:\\\/\\\/zeroaesquerda.com.br\\\/\",\"name\":\"Zero \u00e0 Esquerda\",\"description\":\"Tra\u00e7ando tend\u00eancias para al\u00e9m do capitalismo.\",\"publisher\":{\"@id\":\"https:\\\/\\\/zeroaesquerda.com.br\\\/#organization\"},\"potentialAction\":[{\"@type\":\"SearchAction\",\"target\":{\"@type\":\"EntryPoint\",\"urlTemplate\":\"https:\\\/\\\/zeroaesquerda.com.br\\\/?s={search_term_string}\"},\"query-input\":{\"@type\":\"PropertyValueSpecification\",\"valueRequired\":true,\"valueName\":\"search_term_string\"}}],\"inLanguage\":\"pt-BR\"},{\"@type\":\"Organization\",\"@id\":\"https:\\\/\\\/zeroaesquerda.com.br\\\/#organization\",\"name\":\"Zero \u00e0 Esquerda\",\"url\":\"https:\\\/\\\/zeroaesquerda.com.br\\\/\",\"logo\":{\"@type\":\"ImageObject\",\"inLanguage\":\"pt-BR\",\"@id\":\"https:\\\/\\\/zeroaesquerda.com.br\\\/#\\\/schema\\\/logo\\\/image\\\/\",\"url\":\"https:\\\/\\\/zeroaesquerda.com.br\\\/wp-content\\\/uploads\\\/2021\\\/01\\\/4-simbolo-zero-a-esquerda-favicon-alt.png\",\"contentUrl\":\"https:\\\/\\\/zeroaesquerda.com.br\\\/wp-content\\\/uploads\\\/2021\\\/01\\\/4-simbolo-zero-a-esquerda-favicon-alt.png\",\"width\":1271,\"height\":1069,\"caption\":\"Zero \u00e0 Esquerda\"},\"image\":{\"@id\":\"https:\\\/\\\/zeroaesquerda.com.br\\\/#\\\/schema\\\/logo\\\/image\\\/\"},\"sameAs\":[\"https:\\\/\\\/www.facebook.com\\\/revistazeroaesquerda\",\"https:\\\/\\\/x.com\\\/z3roaesquerda\",\"https:\\\/\\\/www.instagram.com\\\/revistazeroaesquerda\\\/\",\"https:\\\/\\\/www.youtube.com\\\/channel\\\/UCIaGx271Qw6D1QwqYBojrLw\"]},{\"@type\":\"Person\",\"@id\":\"https:\\\/\\\/zeroaesquerda.com.br\\\/#\\\/schema\\\/person\\\/04e72095a4fbe77f00c7b047955ed0b8\",\"name\":\"Zero \u00e0 Esquerda\",\"image\":{\"@type\":\"ImageObject\",\"inLanguage\":\"pt-BR\",\"@id\":\"https:\\\/\\\/secure.gravatar.com\\\/avatar\\\/a417d8eccb1cec435aa9a93213f41ee528a636232351421dedc4ada2160b3f1b?s=96&d=mm&r=g\",\"url\":\"https:\\\/\\\/secure.gravatar.com\\\/avatar\\\/a417d8eccb1cec435aa9a93213f41ee528a636232351421dedc4ada2160b3f1b?s=96&d=mm&r=g\",\"contentUrl\":\"https:\\\/\\\/secure.gravatar.com\\\/avatar\\\/a417d8eccb1cec435aa9a93213f41ee528a636232351421dedc4ada2160b3f1b?s=96&d=mm&r=g\",\"caption\":\"Zero \u00e0 Esquerda\"},\"description\":\"Tra\u00e7ando tend\u00eancias para al\u00e9m do capitalismo.\",\"sameAs\":[\"http:\\\/\\\/zeroaesquerda.com.br\"],\"url\":\"https:\\\/\\\/zeroaesquerda.com.br\\\/index.php\\\/author\\\/revistazeroaesquerdagmail-com\\\/\"}]}<\/script>\n<!-- \/ Yoast SEO plugin. -->","yoast_head_json":{"title":"Coletes amarelos: as apostas de uma mobiliza\u00e7\u00e3o popular \u2014 L\u00e9on Cr\u00e9mieux - Zero \u00e0 Esquerda","robots":{"index":"index","follow":"follow","max-snippet":"max-snippet:-1","max-image-preview":"max-image-preview:large","max-video-preview":"max-video-preview:-1"},"canonical":"https:\/\/zeroaesquerda.com.br\/index.php\/2018\/12\/15\/coletes-amarelos-as-apostas-de-uma-mobilizacao-popular\/","og_locale":"pt_BR","og_type":"article","og_title":"Coletes amarelos: as apostas de uma mobiliza\u00e7\u00e3o popular \u2014 L\u00e9on Cr\u00e9mieux - Zero \u00e0 Esquerda","og_description":"Cr\u00e9mieux sintetiza e contextualiza a problem\u00e1tica dos Gilets Jaunes, narra a intera\u00e7\u00e3o que a esquerda francesa teve com o movimento, e pede para que esta se torne mais ativa dentro do movimento.","og_url":"https:\/\/zeroaesquerda.com.br\/index.php\/2018\/12\/15\/coletes-amarelos-as-apostas-de-uma-mobilizacao-popular\/","og_site_name":"Zero \u00e0 Esquerda","article_publisher":"https:\/\/www.facebook.com\/revistazeroaesquerda","article_published_time":"2018-12-15T23:08:06+00:00","article_modified_time":"2021-11-22T22:46:42+00:00","og_image":[{"width":1024,"height":684,"url":"https:\/\/zeroaesquerda.com.br\/wp-content\/uploads\/2018\/12\/33331-1g9bobsfgcuugpytxoe0paa-1024x684.png","type":"image\/png"}],"author":"Zero \u00e0 Esquerda","twitter_card":"summary_large_image","twitter_creator":"@z3roaesquerda","twitter_site":"@z3roaesquerda","twitter_misc":{"Escrito por":"Zero \u00e0 Esquerda","Est. tempo de leitura":"11 minutos"},"schema":{"@context":"https:\/\/schema.org","@graph":[{"@type":"Article","@id":"https:\/\/zeroaesquerda.com.br\/index.php\/2018\/12\/15\/coletes-amarelos-as-apostas-de-uma-mobilizacao-popular\/#article","isPartOf":{"@id":"https:\/\/zeroaesquerda.com.br\/index.php\/2018\/12\/15\/coletes-amarelos-as-apostas-de-uma-mobilizacao-popular\/"},"author":{"name":"Zero \u00e0 Esquerda","@id":"https:\/\/zeroaesquerda.com.br\/#\/schema\/person\/04e72095a4fbe77f00c7b047955ed0b8"},"headline":"Coletes amarelos: as apostas de uma mobiliza\u00e7\u00e3o popular \u2014 L\u00e9on Cr\u00e9mieux","datePublished":"2018-12-15T23:08:06+00:00","dateModified":"2021-11-22T22:46:42+00:00","mainEntityOfPage":{"@id":"https:\/\/zeroaesquerda.com.br\/index.php\/2018\/12\/15\/coletes-amarelos-as-apostas-de-uma-mobilizacao-popular\/"},"wordCount":2615,"commentCount":0,"publisher":{"@id":"https:\/\/zeroaesquerda.com.br\/#organization"},"image":{"@id":"https:\/\/zeroaesquerda.com.br\/index.php\/2018\/12\/15\/coletes-amarelos-as-apostas-de-uma-mobilizacao-popular\/#primaryimage"},"thumbnailUrl":"https:\/\/zeroaesquerda.com.br\/wp-content\/uploads\/2018\/12\/33331-1g9bobsfgcuugpytxoe0paa.png","keywords":["Coletes Amarelos","Fran\u00e7a","L\u00e9on Cr\u00e9mieux","Movimentos Sociais","Pol\u00edtica","Sociologia"],"articleSection":["Arquivo (Tradutores Prolet\u00e1rios)","S\u00e9ries","Tradu\u00e7\u00f5es"],"inLanguage":"pt-BR","potentialAction":[{"@type":"CommentAction","name":"Comment","target":["https:\/\/zeroaesquerda.com.br\/index.php\/2018\/12\/15\/coletes-amarelos-as-apostas-de-uma-mobilizacao-popular\/#respond"]}]},{"@type":"WebPage","@id":"https:\/\/zeroaesquerda.com.br\/index.php\/2018\/12\/15\/coletes-amarelos-as-apostas-de-uma-mobilizacao-popular\/","url":"https:\/\/zeroaesquerda.com.br\/index.php\/2018\/12\/15\/coletes-amarelos-as-apostas-de-uma-mobilizacao-popular\/","name":"Coletes amarelos: as apostas de uma mobiliza\u00e7\u00e3o popular \u2014 L\u00e9on Cr\u00e9mieux - Zero \u00e0 Esquerda","isPartOf":{"@id":"https:\/\/zeroaesquerda.com.br\/#website"},"primaryImageOfPage":{"@id":"https:\/\/zeroaesquerda.com.br\/index.php\/2018\/12\/15\/coletes-amarelos-as-apostas-de-uma-mobilizacao-popular\/#primaryimage"},"image":{"@id":"https:\/\/zeroaesquerda.com.br\/index.php\/2018\/12\/15\/coletes-amarelos-as-apostas-de-uma-mobilizacao-popular\/#primaryimage"},"thumbnailUrl":"https:\/\/zeroaesquerda.com.br\/wp-content\/uploads\/2018\/12\/33331-1g9bobsfgcuugpytxoe0paa.png","datePublished":"2018-12-15T23:08:06+00:00","dateModified":"2021-11-22T22:46:42+00:00","breadcrumb":{"@id":"https:\/\/zeroaesquerda.com.br\/index.php\/2018\/12\/15\/coletes-amarelos-as-apostas-de-uma-mobilizacao-popular\/#breadcrumb"},"inLanguage":"pt-BR","potentialAction":[{"@type":"ReadAction","target":["https:\/\/zeroaesquerda.com.br\/index.php\/2018\/12\/15\/coletes-amarelos-as-apostas-de-uma-mobilizacao-popular\/"]}]},{"@type":"ImageObject","inLanguage":"pt-BR","@id":"https:\/\/zeroaesquerda.com.br\/index.php\/2018\/12\/15\/coletes-amarelos-as-apostas-de-uma-mobilizacao-popular\/#primaryimage","url":"https:\/\/zeroaesquerda.com.br\/wp-content\/uploads\/2018\/12\/33331-1g9bobsfgcuugpytxoe0paa.png","contentUrl":"https:\/\/zeroaesquerda.com.br\/wp-content\/uploads\/2018\/12\/33331-1g9bobsfgcuugpytxoe0paa.png","width":2560,"height":1709},{"@type":"BreadcrumbList","@id":"https:\/\/zeroaesquerda.com.br\/index.php\/2018\/12\/15\/coletes-amarelos-as-apostas-de-uma-mobilizacao-popular\/#breadcrumb","itemListElement":[{"@type":"ListItem","position":1,"name":"In\u00edcio","item":"https:\/\/zeroaesquerda.com.br\/"},{"@type":"ListItem","position":2,"name":"Coletes amarelos: as apostas de uma mobiliza\u00e7\u00e3o popular \u2014 L\u00e9on Cr\u00e9mieux"}]},{"@type":"WebSite","@id":"https:\/\/zeroaesquerda.com.br\/#website","url":"https:\/\/zeroaesquerda.com.br\/","name":"Zero \u00e0 Esquerda","description":"Tra\u00e7ando tend\u00eancias para al\u00e9m do capitalismo.","publisher":{"@id":"https:\/\/zeroaesquerda.com.br\/#organization"},"potentialAction":[{"@type":"SearchAction","target":{"@type":"EntryPoint","urlTemplate":"https:\/\/zeroaesquerda.com.br\/?s={search_term_string}"},"query-input":{"@type":"PropertyValueSpecification","valueRequired":true,"valueName":"search_term_string"}}],"inLanguage":"pt-BR"},{"@type":"Organization","@id":"https:\/\/zeroaesquerda.com.br\/#organization","name":"Zero \u00e0 Esquerda","url":"https:\/\/zeroaesquerda.com.br\/","logo":{"@type":"ImageObject","inLanguage":"pt-BR","@id":"https:\/\/zeroaesquerda.com.br\/#\/schema\/logo\/image\/","url":"https:\/\/zeroaesquerda.com.br\/wp-content\/uploads\/2021\/01\/4-simbolo-zero-a-esquerda-favicon-alt.png","contentUrl":"https:\/\/zeroaesquerda.com.br\/wp-content\/uploads\/2021\/01\/4-simbolo-zero-a-esquerda-favicon-alt.png","width":1271,"height":1069,"caption":"Zero \u00e0 Esquerda"},"image":{"@id":"https:\/\/zeroaesquerda.com.br\/#\/schema\/logo\/image\/"},"sameAs":["https:\/\/www.facebook.com\/revistazeroaesquerda","https:\/\/x.com\/z3roaesquerda","https:\/\/www.instagram.com\/revistazeroaesquerda\/","https:\/\/www.youtube.com\/channel\/UCIaGx271Qw6D1QwqYBojrLw"]},{"@type":"Person","@id":"https:\/\/zeroaesquerda.com.br\/#\/schema\/person\/04e72095a4fbe77f00c7b047955ed0b8","name":"Zero \u00e0 Esquerda","image":{"@type":"ImageObject","inLanguage":"pt-BR","@id":"https:\/\/secure.gravatar.com\/avatar\/a417d8eccb1cec435aa9a93213f41ee528a636232351421dedc4ada2160b3f1b?s=96&d=mm&r=g","url":"https:\/\/secure.gravatar.com\/avatar\/a417d8eccb1cec435aa9a93213f41ee528a636232351421dedc4ada2160b3f1b?s=96&d=mm&r=g","contentUrl":"https:\/\/secure.gravatar.com\/avatar\/a417d8eccb1cec435aa9a93213f41ee528a636232351421dedc4ada2160b3f1b?s=96&d=mm&r=g","caption":"Zero \u00e0 Esquerda"},"description":"Tra\u00e7ando tend\u00eancias para al\u00e9m do capitalismo.","sameAs":["http:\/\/zeroaesquerda.com.br"],"url":"https:\/\/zeroaesquerda.com.br\/index.php\/author\/revistazeroaesquerdagmail-com\/"}]}},"_links":{"self":[{"href":"https:\/\/zeroaesquerda.com.br\/index.php\/wp-json\/wp\/v2\/posts\/147","targetHints":{"allow":["GET"]}}],"collection":[{"href":"https:\/\/zeroaesquerda.com.br\/index.php\/wp-json\/wp\/v2\/posts"}],"about":[{"href":"https:\/\/zeroaesquerda.com.br\/index.php\/wp-json\/wp\/v2\/types\/post"}],"author":[{"embeddable":true,"href":"https:\/\/zeroaesquerda.com.br\/index.php\/wp-json\/wp\/v2\/users\/1"}],"replies":[{"embeddable":true,"href":"https:\/\/zeroaesquerda.com.br\/index.php\/wp-json\/wp\/v2\/comments?post=147"}],"version-history":[{"count":2,"href":"https:\/\/zeroaesquerda.com.br\/index.php\/wp-json\/wp\/v2\/posts\/147\/revisions"}],"predecessor-version":[{"id":2021,"href":"https:\/\/zeroaesquerda.com.br\/index.php\/wp-json\/wp\/v2\/posts\/147\/revisions\/2021"}],"wp:featuredmedia":[{"embeddable":true,"href":"https:\/\/zeroaesquerda.com.br\/index.php\/wp-json\/wp\/v2\/media\/2020"}],"wp:attachment":[{"href":"https:\/\/zeroaesquerda.com.br\/index.php\/wp-json\/wp\/v2\/media?parent=147"}],"wp:term":[{"taxonomy":"category","embeddable":true,"href":"https:\/\/zeroaesquerda.com.br\/index.php\/wp-json\/wp\/v2\/categories?post=147"},{"taxonomy":"post_tag","embeddable":true,"href":"https:\/\/zeroaesquerda.com.br\/index.php\/wp-json\/wp\/v2\/tags?post=147"}],"curies":[{"name":"wp","href":"https:\/\/api.w.org\/{rel}","templated":true}]}}