{"id":1438,"date":"2021-05-12T16:01:51","date_gmt":"2021-05-12T16:01:51","guid":{"rendered":"https:\/\/zeroaesquerda.com.br\/?p=1438"},"modified":"2021-09-06T00:03:23","modified_gmt":"2021-09-06T00:03:23","slug":"a-articulacao-dos-povos-para-alem-do-capital-entrevista-com-neto-onire-da-teia-dos-povos","status":"publish","type":"post","link":"https:\/\/zeroaesquerda.com.br\/index.php\/2021\/05\/12\/a-articulacao-dos-povos-para-alem-do-capital-entrevista-com-neto-onire-da-teia-dos-povos\/","title":{"rendered":"A articula\u00e7\u00e3o dos povos para al\u00e9m do capital &#8211; entrevista com Neto Onir\u00ea da Teia dos Povos"},"content":{"rendered":"<div class=\"wp-block-coblocks-social has-colors\" style=\" \"><ul><li>\n\t\t\t\t\t<a href=\"https:\/\/www.facebook.com\/sharer\/sharer.php?u=https:\/\/zeroaesquerda.com.br\/index.php\/2021\/05\/12\/a-articulacao-dos-povos-para-alem-do-capital-entrevista-com-neto-onire-da-teia-dos-povos\/&#038;title=A%20articula\u00e7\u00e3o%20dos%20povos%20para%20al\u00e9m%20do%20capital%20&#8211;%20entrevista%20com%20Neto%20Onir\u00ea%20da%20Teia%20dos%20Povos\" class=\"wp-block-button__link wp-block-coblocks-social__button wp-block-coblocks-social__button--facebook     has-padding\" title=\"Compartilhar no Facebook\" style=\"border-radius: 0px;\">\n\t\t\t\t\t\t<span class=\"wp-block-coblocks-social__icon\" style=\"\"><\/span>\n\t\t\t\t\t\t<span class=\"wp-block-coblocks-social__text\" style=\"\">Compartilhar no Facebook<\/span>\n\t\t\t\t\t<\/a>\n\t\t\t\t<\/li><li>\n\t\t\t\t\t<a href=\"http:\/\/twitter.com\/share?text=A%20articula\u00e7\u00e3o%20dos%20povos%20para%20al\u00e9m%20do%20capital%20&#8211;%20entrevista%20com%20Neto%20Onir\u00ea%20da%20Teia%20dos%20Povos&#038;url=https:\/\/zeroaesquerda.com.br\/index.php\/2021\/05\/12\/a-articulacao-dos-povos-para-alem-do-capital-entrevista-com-neto-onire-da-teia-dos-povos\/\" class=\"wp-block-button__link wp-block-coblocks-social__button wp-block-coblocks-social__button--twitter     has-padding\" title=\"Compartilhar no Twitter\" style=\"border-radius: 0px;\">\n\t\t\t\t\t\t<span class=\"wp-block-coblocks-social__icon\" style=\"\"><\/span>\n\t\t\t\t\t\t<span class=\"wp-block-coblocks-social__text\" style=\"\">Compartilhar no Twitter<\/span>\n\t\t\t\t\t<\/a>\n\t\t\t\t<\/li><li>\n\t\t\t\t\t<a href=\"https:\/\/www.linkedin.com\/shareArticle?mini=true&#038;url=https:\/\/zeroaesquerda.com.br\/index.php\/2021\/05\/12\/a-articulacao-dos-povos-para-alem-do-capital-entrevista-com-neto-onire-da-teia-dos-povos\/&#038;title=A%20articula\u00e7\u00e3o%20dos%20povos%20para%20al\u00e9m%20do%20capital%20&#8211;%20entrevista%20com%20Neto%20Onir\u00ea%20da%20Teia%20dos%20Povos\" class=\"wp-block-button__link wp-block-coblocks-social__button wp-block-coblocks-social__button--linkedin     has-padding\" title=\"Compartilhar no LinkedIn\" style=\"border-radius: 0px;\">\n\t\t\t\t\t\t<span class=\"wp-block-coblocks-social__icon\" style=\"\"><\/span>\n\t\t\t\t\t\t<span class=\"wp-block-coblocks-social__text\" style=\"\">Compartilhar no LinkedIn<\/span>\n\t\t\t\t\t<\/a>\n\t\t\t\t<\/li><li>\n\t\t\t\t\t<a href=\"mailto:?subject=A%20articula\u00e7\u00e3o%20dos%20povos%20para%20al\u00e9m%20do%20capital%20&#8211;%20entrevista%20com%20Neto%20Onir\u00ea%20da%20Teia%20dos%20Povos&#038;body=A%20articula\u00e7\u00e3o%20dos%20povos%20para%20al\u00e9m%20do%20capital%20&#8211;%20entrevista%20com%20Neto%20Onir\u00ea%20da%20Teia%20dos%20Povos&mdash;https:\/\/zeroaesquerda.com.br\/index.php\/2021\/05\/12\/a-articulacao-dos-povos-para-alem-do-capital-entrevista-com-neto-onire-da-teia-dos-povos\/\" class=\"wp-block-button__link wp-block-coblocks-social__button wp-block-coblocks-social__button--email     has-padding\" title=\"Compartilhar por e-mail\" style=\"border-radius: 0px;\">\n\t\t\t\t\t\t<span class=\"wp-block-coblocks-social__icon\" style=\"\"><\/span>\n\t\t\t\t\t\t<span class=\"wp-block-coblocks-social__text\" style=\"\">Compartilhar por e-mail<\/span>\n\t\t\t\t\t<\/a>\n\t\t\t\t<\/li><li>\n\t\t\t\t\t<a href=\"https:\/\/plus.google.com\/share?url=https:\/\/zeroaesquerda.com.br\/index.php\/2021\/05\/12\/a-articulacao-dos-povos-para-alem-do-capital-entrevista-com-neto-onire-da-teia-dos-povos\/\" class=\"wp-block-button__link wp-block-coblocks-social__button wp-block-coblocks-social__button--google     has-padding\" title=\"Compartilhar no Google\" style=\"border-radius: 0px;\">\n\t\t\t\t\t\t<span class=\"wp-block-coblocks-social__icon\" style=\"\"><\/span>\n\t\t\t\t\t\t<span class=\"wp-block-coblocks-social__text\" style=\"\">Compartilhar no Google<\/span>\n\t\t\t\t\t<\/a>\n\t\t\t\t<\/li><li>\n\t\t\t\t\t<a href=\"https:\/\/www.reddit.com\/submit?url=https:\/\/zeroaesquerda.com.br\/index.php\/2021\/05\/12\/a-articulacao-dos-povos-para-alem-do-capital-entrevista-com-neto-onire-da-teia-dos-povos\/\" class=\"wp-block-button__link wp-block-coblocks-social__button wp-block-coblocks-social__button--reddit     has-padding\" title=\"Compartilhar no Reddit\" style=\"border-radius: 0px;\">\n\t\t\t\t\t\t<span class=\"wp-block-coblocks-social__icon\" style=\"\"><\/span>\n\t\t\t\t\t\t<span class=\"wp-block-coblocks-social__text\" style=\"\">Compartilhar no Reddit<\/span>\n\t\t\t\t\t<\/a>\n\t\t\t\t<\/li><\/ul><\/div>\n\n\n<p><\/p>\n\n\n\n<p><em>Entrevista realizada pela revista Zero \u00e0 Esquerda com a participa\u00e7\u00e3o de Neto Onir\u00ea, agricultor, Dirigente Estadual da Brigada Ojeffersson-MST e conselheiro da Teia dos Povos<\/em>.<\/p>\n\n\n\n<hr class=\"wp-block-separator\"\/>\n\n\n\n<p> <\/p>\n\n\n\n<p><strong>O que \u00e9 a Teia dos Povos?<\/strong><\/p>\n\n\n\n<p>A Teia \u00e9 uma articula\u00e7\u00e3o. Uma retomada das lutas que conseguiram apontar horizontes para al\u00e9m do Capital. N\u00e3o \u00e9 a primeira vez que surge uma articula\u00e7\u00e3o dos povos, no entanto, \u00e9 a primeira com um n\u00edvel de tecnologia capaz de conectar v\u00e1rios territ\u00f3rios a muitos quil\u00f4metros de dist\u00e2ncia. <\/p>\n\n\n\n<p><strong>De que maneira, na sua vis\u00e3o, movimentos do campo e movimentos da cidade podem se articular?<\/strong><\/p>\n\n\n\n<p class=\"has-text-align-left\">Responder essa pergunta de maneira satisfat\u00f3ria \u00e9 encontrar o caminho das pedras na trilha da revolu\u00e7\u00e3o. Penso que s\u00f3 teremos uma articula\u00e7\u00e3o s\u00f3lida quando as lutas estiverem conectadas e as solu\u00e7\u00f5es das demandas concretas de cada territ\u00f3rio forem mediadas por essa alian\u00e7a. De maneira simples, temos demandas que se completam.<\/p>\n\n\n\n<figure class=\"wp-block-pullquote\"><blockquote><p> A cidade tem excesso de gente e falta comida, o campo tem comida e falta gente para produzir. Sendo assim, demonstrar um caminho de volta para a terra \u00e9 a primeira tarefa do campo. A segunda, \u00e9 garantir que as lutas da cidade n\u00e3o se enfraque\u00e7am por falta de comida. <\/p><\/blockquote><\/figure>\n\n\n\n<p>Quando uma ocupa\u00e7\u00e3o precisar comprar comida, o far\u00e1 de uma \u00e1rea do MST, assim como a demanda por profissionais ser\u00e3o atendidas pelos movimentos urbanos. Para al\u00e9m disso, \u00e9 importante saber que uma articula\u00e7\u00e3o existe em torno de uma demanda concreta de um dos elos da articula\u00e7\u00e3o, \u00e9 a necessidade que comanda a vontade e assim dar\u00e1 forma a essa alian\u00e7a. Penso que tenho uma tarefa: garantir que uma ocupa\u00e7\u00e3o urbana pr\u00f3xima de uma \u00e1rea da Brigada ofere\u00e7a espa\u00e7o para que os companheiros possam produzir comida, gerar renda e quando precisarmos de apoio, esses mesmos \u201ccompas\u201d dever\u00e3o ajudar a defender o territ\u00f3rio.<\/p>\n\n\n\n<figure class=\"wp-block-gallery columns-1 is-cropped coblocks-animate wp-block-gallery-1 is-layout-flex wp-block-gallery-is-layout-flex\" data-coblocks-animation=\"fadeIn\"><ul class=\"blocks-gallery-grid\"><li class=\"blocks-gallery-item\"><figure><img loading=\"lazy\" decoding=\"async\" width=\"1024\" height=\"768\" src=\"https:\/\/zeroaesquerda.com.br\/wp-content\/uploads\/2021\/05\/netor-1024x768.jpg\" alt=\"\" data-id=\"1451\" data-full-url=\"https:\/\/zeroaesquerda.com.br\/wp-content\/uploads\/2021\/05\/netor.jpg\" data-link=\"https:\/\/zeroaesquerda.com.br\/?attachment_id=1451\" class=\"wp-image-1451\" srcset=\"https:\/\/zeroaesquerda.com.br\/wp-content\/uploads\/2021\/05\/netor-1024x768.jpg 1024w, https:\/\/zeroaesquerda.com.br\/wp-content\/uploads\/2021\/05\/netor-300x225.jpg 300w, https:\/\/zeroaesquerda.com.br\/wp-content\/uploads\/2021\/05\/netor-768x576.jpg 768w, https:\/\/zeroaesquerda.com.br\/wp-content\/uploads\/2021\/05\/netor.jpg 1280w\" sizes=\"auto, (max-width: 1024px) 100vw, 1024px\" \/><\/figure><\/li><\/ul><\/figure>\n\n\n\n<p><\/p>\n\n\n\n<p><strong>Sendo uma lideran\u00e7a do MST na Bahia, como voc\u00ea compreende essa rela\u00e7\u00e3o do Movimento Sem Terra com a Teia dos Povos?<\/strong><\/p>\n\n\n\n<p>\u00c9 uma rela\u00e7\u00e3o necess\u00e1ria. A TEIA n\u00e3o pretende comandar e sim articular as lutas que existem. N\u00f3s n\u00e3o somos inimigos, o capital e suas manifesta\u00e7\u00f5es \u00e9 que o s\u00e3o, ent\u00e3o por qu\u00ea lutar separados? \u00c9 verdade que existem diverg\u00eancias quanto \u00e0s t\u00e1ticas, no entanto, \u00e0 medida que nossos inimigos avan\u00e7am, celebrar uma alian\u00e7a de luta ser\u00e1 inevit\u00e1vel. Est\u00e1 evidente para mim que a revolu\u00e7\u00e3o s\u00f3 ser\u00e1 poss\u00edvel com a alian\u00e7a dos povos, o MST tem um papel decisivo nessa jornada.<\/p>\n\n\n\n<p><strong>Assentamentos na Bahia tem sido alvo de ataques por parte do governo local e federal, como est\u00e1 a luta pela terra na Bahia haja vista as ofensivas do estado?<\/strong><\/p>\n\n\n\n<p>A luta pela terra passa por um momento cr\u00edtico no que tange \u00e0 desapropria\u00e7\u00e3o de terras e consolida\u00e7\u00e3o de assentamentos. N\u00e3o teremos novas \u00e1reas desapropriadas e existe um movimento de titula\u00e7\u00e3o, cujo objetivo \u00e9 tornar as terras dos assentamentos pass\u00edveis de venda e assim apropri\u00e1veis pelo agroneg\u00f3cio. <\/p>\n\n\n\n<figure class=\"wp-block-pullquote\"><blockquote><p>Penso que a reforma agr\u00e1ria enquanto pol\u00edtica p\u00fablica chegou ao seu fim. Essa \u00e9 uma reforma liberal para garantir a produ\u00e7\u00e3o de mat\u00e9ria prima para a ind\u00fastria nacional. <\/p><\/blockquote><\/figure>\n\n\n\n<p>Passando o Brasil a adotar o agroneg\u00f3cio como modelo de produ\u00e7\u00e3o agr\u00edcola baseado na produ\u00e7\u00e3o de commodity, abriu m\u00e3o de consolidar um complexo industrial nacional e tamb\u00e9m \u201cresolveu\u201d o dilema dos latif\u00fandios improdutivos. Contudo, a luta pela terra ainda \u00e9 necess\u00e1ria para garantir a soberania alimentar do pa\u00eds e por isso o MST defende a Reforma Agr\u00e1ria Popular baseada na produ\u00e7\u00e3o de alimentos saud\u00e1veis e acess\u00edveis \u00e0 classe trabalhadora. Minha opini\u00e3o pessoal \u00e9 que entramos num momento em que a luta pela terra precisa romper o limite da legalidade e assumir um car\u00e1ter de Revolu\u00e7\u00e3o Agr\u00e1ria, baseada na posse coletiva da terra e no processo de resist\u00eancia ainda maior do que historicamente j\u00e1 fizemos. Isso porque nenhum governo na esfera municipal, estadual ou federal tem compromisso com uma pol\u00edtica de redistribui\u00e7\u00e3o e terra que altere drasticamente os \u00edndices de concentra\u00e7\u00e3o de terra no pa\u00eds, ferindo assim os interesses do agroneg\u00f3cio e das empresas que controlam as terras agricult\u00e1veis no pa\u00eds.<\/p>\n\n\n\n<p><strong>Como combater a vis\u00e3o que coloca a natureza como mero recurso a ser explorado pelo ser humano?<\/strong><\/p>\n\n\n\n<p>Destruindo o capitalismo! Ao dizer isso, quero afirmar a necessidade de enfrentar os valores e as pr\u00e1ticas capitalistas introjetadas em n\u00f3s. \u00c9 preciso reconectar o homem, o capital nos separou da natureza e com isso criou a ilus\u00e3o que \u00e9 poss\u00edvel viver sem os bens naturais.<\/p>\n\n\n\n<figure class=\"wp-block-pullquote\"><blockquote><p> A floresta \u00e9 vista como um empecilho para o desenvolvimento e por isso derrubar e queimar \u00e9 progresso. <\/p><\/blockquote><\/figure>\n\n\n\n<p>Sendo assim, religar \u00e9 sin\u00f4nimo de evidenciar a nossa depend\u00eancia unilateral da natureza, pois nenhum desses recursos dependem do homem para se desenvolver e perpetuar. Consolidar uma vis\u00e3o inspirada na cosmovis\u00e3o dos povos origin\u00e1rios de guardi\u00f5es da natureza, substituir a ideia de recursos naturais que est\u00e3o para serem usado por uma l\u00f3gica de patrim\u00f4nio comum dos povos.<\/p>\n\n\n\n<p><\/p>\n\n\n\n<p><strong>Como voc\u00ea v\u00ea o lugar da agroecologia na constru\u00e7\u00e3o dos movimentos de luta pela terra? Qual a import\u00e2ncia da agroecologia para se opor ao discurso do \u201ccapitalismo verde\u201d, discurso esse que mascara uma l\u00f3gica absolutamente insustent\u00e1vel?&nbsp;<\/strong><\/p>\n\n\n\n<p>A agroecologia \u00e9 o que permite a exist\u00eancia de movimentos de luta pela terra. Isso porque os saberes agroecol\u00f3gicos justificam a tomada de terra do agroneg\u00f3cio para produzir comida saud\u00e1vel (sem agrot\u00f3xicos) e a preserva\u00e7\u00e3o ambiental. Qualquer movimento de luta pela terra que seja s\u00e9rio tem a agroecologia como modo de produ\u00e7\u00e3o e tamb\u00e9m como valor moral e organizativo. N\u00e3o tem agroecologia sem comunidade, sem soberania alimentar, preserva\u00e7\u00e3o da natureza (flora, fauna, solo, \u00e1guas). <\/p>\n\n\n\n<figure class=\"wp-block-pullquote alignleft\"><blockquote><p>O \u201ccapitalismo verde\u201d pode ser org\u00e2nico, mas jamais ser\u00e1 agroecol\u00f3gico. \u00c9 poss\u00edvel ter um selo do IBD e ter rela\u00e7\u00f5es machistas, reproduzir homofobias, racismo, ter monocultivo. Um latif\u00fandio org\u00e2nico ainda \u00e9 um latif\u00fandio e causa problemas sociais, concentra renda e terra e p\u00f5e em risco a soberania alimentar dos povos.<\/p><\/blockquote><\/figure>\n\n\n\n<p> Nesse sentido, a agroecologia \u00e9 o que permite, inclusive, o religar do homem com a natureza enfrentado a l\u00f3gica predat\u00f3ria de seu uso enquanto mercadoria e recurso de produ\u00e7\u00e3o. Por fim, a agroecologia n\u00e3o \u00e9 uma alternativa ao \u201ccapitalismo verde\u201d \u00e9 uma alternativa ao capitalismo em si, como destrui\u00e7\u00e3o da humanidade.<\/p>\n\n\n\n<p><\/p>\n\n\n\n<p><strong>Atualmente h\u00e1 um grande esfor\u00e7o, pelos que se dizem progressistas, para estabelecer a chamada Frente Ampla ou algum tipo de unidade para enfrentar a ascens\u00e3o do fascismo. Qual sua posi\u00e7\u00e3o sobre a pauta da unidade nacional? E como a Teia se posiciona quanto a isso?<\/strong><\/p>\n\n\n\n<p>N\u00e3o tenho como falar pela Teia, j\u00e1 que ela \u00e9 uma articula\u00e7\u00e3o, sendo assim temos pautas, lutas, objetivos e estrat\u00e9gias em comum, por\u00e9m, cada organiza\u00e7\u00e3o fala por si. Minha opini\u00e3o pessoal \u00e9 que o limite da frente ampla \u00e9 proporcional \u00e0 varia\u00e7\u00e3o da taxa m\u00e9dia de lucro do capital internacional e parcela da burguesia nacional. H\u00e1 um erro nas leituras que apontam a frente ampla abarcando, inclusive, partidos de direita como o PSDB por exemplo que: discordar de falas de Bolsonaro ou de sua postura na condu\u00e7\u00e3o do enfrentamento \u00e0 crise sanit\u00e1ria, n\u00e3o significa discordar do projeto que ele conduz. Ou um grupo que viu nele a possibilidade de implementar as reformas necess\u00e1ria para aumentar a margem de lucro ap\u00f3s a crise de 2008 e, por isso, a composi\u00e7\u00e3o da frente com eles representa alimentar o inimigo. As esquerdas vivem uma crise de lideran\u00e7a e projetos, as elei\u00e7\u00f5es de 2018 deixaram isso evidente. N\u00e3o foi apresentado um projeto capaz de dialogar com as massas, a campanha eleitoral foi feita baseada em denunciar o machismo, homofobia, racismo de Bolsonaro, fazendo parecer que \u201cn\u00f3s somos bons porque ele \u00e9 ruim\u201d. Penso que uma frente s\u00f3 se sustenta em torno de um projeto de na\u00e7\u00e3o que v\u00e1 al\u00e9m da elei\u00e7\u00e3o de 2022 e precisa estar organizado desde a base e, para isso, retomar a unidade de luta \u00e9 fundamental, assim como consolidar pautas que atendam a demandas imediatas do povo e formem consci\u00eancia para al\u00e9m delas. Num n\u00edvel muito pessoal de pensamento avalio que uma frente como a que elegeu Lula em 2002 deixou claro que elas podem at\u00e9 nos levar ao poder mas n\u00e3o nos dar\u00e1 poder.<\/p>\n\n\n\n<p><strong>Algo que chama a aten\u00e7\u00e3o em muitos dos v\u00eddeos de apresenta\u00e7\u00e3o \u00e0 Teia \u00e9 a presen\u00e7a constante da arte. Qual \u00e9, para voc\u00ea, o papel que a arte tem a desempenhar na luta pol\u00edtica?<\/strong><\/p>\n\n\n\n<p>Li em um poema de Ferreira Gullar que \u201ca arte existe porque a vida n\u00e3o basta\u201d e tenho total acordo com isso: a arte em suas v\u00e1rias express\u00f5es d\u00e1 sentido \u00e0 vida e \u00e0 exist\u00eancia humana. Ela \u00e9 um instrumento poderoso de luta pol\u00edtica porque consegue tocar a alma e o cora\u00e7\u00e3o. Vivemos um tempo de embrutecimento da humanidade, das experi\u00eancias cada vez mais superficiais de sociabilidade, e a arte permite esse mergulho mais profundo. Sem contar que nossos povos s\u00e3o artistas, \u201critualizam\u201d os processos da vida, t\u00eam m\u00fasica para a colheita, outra para o plantio, dan\u00e7a que marca o tempo da pisada no barro que se barrea a casa. Avalio que precisamos ter cuidado com a mercantiliza\u00e7\u00e3o da arte e sua apropria\u00e7\u00e3o pelo capital para propagar sua ideologia. As m\u00fasicas de sucesso comercial s\u00e3o instrumentos para socializa\u00e7\u00e3o capitalista e consolida\u00e7\u00e3o de sua hegemonia, baseado no consumo, individualismo, machismo, homofobia e exemplos n\u00e3o faltam. Por isso, acredito que precisamos fomentar a produ\u00e7\u00e3o e circula\u00e7\u00e3o de nossas express\u00f5es art\u00edsticas e culturais em suas v\u00e1rias facetas. <\/p>\n\n\n\n<figure class=\"wp-block-pullquote\"><blockquote><p>\u00c9 preciso cantar o plantio, versar a luta, ler a vit\u00f3ria, dan\u00e7ar o enfrentamento. \u00c9 urgente que a juventude encontre abrigo na arte que fala da vida dela no assentamento e se sinta abra\u00e7ada e feliz por isso. <\/p><\/blockquote><\/figure>\n\n\n\n<figure class=\"wp-block-gallery alignright columns-1 is-cropped coblocks-animate has-filter-saturation wp-block-gallery-2 is-layout-flex wp-block-gallery-is-layout-flex\" data-coblocks-animation=\"fadeIn\"><ul class=\"blocks-gallery-grid\"><li class=\"blocks-gallery-item\"><figure><img loading=\"lazy\" decoding=\"async\" width=\"768\" height=\"1024\" src=\"https:\/\/zeroaesquerda.com.br\/wp-content\/uploads\/2021\/05\/3-1-768x1024.png\" alt=\"\" data-id=\"1454\" data-full-url=\"https:\/\/zeroaesquerda.com.br\/wp-content\/uploads\/2021\/05\/3-1.png\" data-link=\"https:\/\/zeroaesquerda.com.br\/?attachment_id=1454\" class=\"wp-image-1454\" srcset=\"https:\/\/zeroaesquerda.com.br\/wp-content\/uploads\/2021\/05\/3-1-768x1024.png 768w, https:\/\/zeroaesquerda.com.br\/wp-content\/uploads\/2021\/05\/3-1-225x300.png 225w, https:\/\/zeroaesquerda.com.br\/wp-content\/uploads\/2021\/05\/3-1.png 1080w\" sizes=\"auto, (max-width: 768px) 100vw, 768px\" \/><\/figure><\/li><\/ul><\/figure>\n\n\n\n<p><strong>Um dos princ\u00edpios da Teia fala em \u201cpedagogia do exemplo\u201d, tomando-a como um instrumento para a emancipa\u00e7\u00e3o. Voc\u00eas poderiam explicar melhor em que exatamente consiste essa pedagogia?<\/strong><\/p>\n\n\n\n<p>H\u00e1 um dito que fala \u201cpalavras comovem e o exemplo arrasta\u201d. Um outro que aprendi no MST \u00e9 que: \u201co agricultor \u00e9 igual S\u00e3o Tom\u00e9, precisa ver para crer\u201d. N\u00e3o adianta falarmos que plantar sem queimar aumenta a sa\u00fade do solo, se n\u00e3o tivermos uma \u00e1rea para mostrar e, preferencialmente, que ele tenha participado do processo para que assim n\u00e3o tenha d\u00favidas que funciona. Outra dimens\u00e3o dessa pedagogia \u00e9 para fora, para os outros movimentos, a TEIA defende a constru\u00e7\u00e3o de territ\u00f3rios aut\u00f4nomos e a consolida\u00e7\u00e3o de alian\u00e7as de lutas t\u00e1ticas e estrat\u00e9gicas e para isso \u00e9 preciso aceitaram que esses desafios fa\u00e7am acontecer na pr\u00e1tica, mostrando resultados e assim fazendo com que os outros acreditem e tenham refer\u00eancias a seguir e n\u00e3o mais apenas uma teoria. Um movimento ou organiza\u00e7\u00e3o pode at\u00e9 duvidar de que diz avan\u00e7ar sem depend\u00eancia do Estado, mas n\u00e3o pode duvidar de quem faz!<\/p>\n\n\n\n<p><\/p>\n\n\n\n<p><strong>A Teia enuncia como um dos seus princ\u00edpios \u201creafirmar o olhar ancestral na edifica\u00e7\u00e3o de um novo tempo, contextualizado \u00e0 nossa forma.\u201d O que seria essa reafirma\u00e7\u00e3o do olhar ancestral? Como, a partir desse princ\u00edpio, se entende o saber atualmente produzido nas universidades?<\/strong><\/p>\n\n\n\n<p>Uma \u00e1rvore frondosa tem uma raiz compat\u00edvel com seu porte, do contr\u00e1rio ela ser\u00e1 arrancada pelo vento ou tombar\u00e1 por n\u00e3o suportar seu peso. Desse modo, pretendemos garantir o crescimento saud\u00e1vel de nossas ra\u00edzes, somente assim suportaremos o mal tempo e quando estivermos grandes n\u00e3o teremos medo da caminhada. Como disse, \u00e9 preciso religar a humanidade \u00e0 natureza e, para isso, precisamos nos abrir para o saber ancestral, para a cosmovis\u00e3o dos povos origin\u00e1rios, do povo preto e esse saber n\u00e3o \u00e9 inimigo do saber constru\u00eddo na universidade, ainda que o saber produzido na universidade se coloque como oposto, negue os conhecimentos produzidos pelos nossos ancestrais, at\u00e9 se apropriarem dele e o transformarem em teoria, mercadoria. A TEIA n\u00e3o nega a universidade, no entanto as nossas ra\u00edzes se alimentam dos encantados, dos orix\u00e1s. Em v\u00e1rios territ\u00f3rios dos povos origin\u00e1rios, s\u00e3o os encantados que determinam quem ser\u00e1 a lideran\u00e7a, auxiliam na defini\u00e7\u00e3o da estrat\u00e9gia de luta e isso n\u00e3o \u00e9 algo atrasado ou romantizado.<\/p>\n\n\n\n<figure class=\"wp-block-pullquote\"><blockquote><p> \u00c9 um fundamento do tempo que precisamos construir, um tempo conectado com a natureza onde o saber \u201ccientifico\u201c \u00e9 aliado \u00e0 ancestralidade e seus ensinamentos, pois a primazia do saber cientifico desconectado da nossa ancestralidade est\u00e1 nos levando para a extin\u00e7\u00e3o.<\/p><\/blockquote><\/figure>\n\n\n\n<p><\/p>\n\n\n\n<p><strong>Em um v\u00eddeo presente no site da TEIA, fala-se o seguinte: \u201c[\u2026] \u00e9 tempo, sobretudo, de deixar de ser a solit\u00e1ria vanguarda de n\u00f3s mesmos.\u201d Como uma luta que tem por fundamento a territorialidade seria capaz de&nbsp;induzir transforma\u00e7\u00f5es efetivas fora dos territ\u00f3rios em que \u00e9 travada? Como fazer isso sem ter de abrir m\u00e3o do car\u00e1ter local dos diversos n\u00facleos de base e elos que fazem parte da Teia?<\/strong><\/p>\n\n\n\n<p>Pela politica de alian\u00e7as. Essa \u00e9 a tarefa fundamental da TEIA! Articular os v\u00e1rios territ\u00f3rios em luta para que os caminhos que possibilitem o avan\u00e7o para outro. Exemplo pr\u00e1tico disso: A Brigada Ojefferson tem uma pol\u00edtica de troca e venda justa com o Territ\u00f3rio Quilombola e Pesqueiro de Salinas da Concei\u00e7\u00e3o, vinculado ao MPP. O beneficiamento do cupua\u00e7u permitiu levar para o quilombo polpas 4 reais mais baratas que as vendidas na regi\u00e3o por atravessadores e com qualidade superior. Por outro lado os assentados tiveram acesso a peixes frescos com pre\u00e7os menores, qualidade superior e maior variedade al\u00e9m do incremento da renda para os dois territ\u00f3rios. Outro exemplo pr\u00e1tico foi a constru\u00e7\u00e3o de uma cisterna na Ocupa\u00e7\u00e3o Paraiso, ligada ao MSTB no sub\u00farbio de Salvador, pelos companheiros do MPA que dominavam a tecnologia de armazenamento de \u00e1gua. Um territ\u00f3rio n\u00e3o avan\u00e7a sozinho, n\u00e3o vence sozinho, ele sempre vai precisar de apoio. O que a TEIA faz \u00e9 permitir que esse suporte venha dos outros territ\u00f3rios, das outras organiza\u00e7\u00f5es sem a primazia de uma sobre a outra mas uma alian\u00e7a baseada no trabalho e unidade de lutas.<\/p>\n\n\n\n<p><\/p>\n\n\n\n<p><strong>Sabemos que a Teia prioriza aqueles e aquelas que, acima de tudo, habitam e conhecem suas terras de modo enraizado, produzindo a subsist\u00eancia pelo cuidado com a natureza e com a vida em comunidade. A Am\u00e9rica Latina \u00e9 um continente com uma grande multiplicidade de movimentos desse tipo. No horizonte da Teia, h\u00e1 inten\u00e7\u00e3o de se conectar com outros movimentos na Am\u00e9rica Latina?<\/strong><\/p>\n\n\n\n<p>Essa \u00e9 uma rela\u00e7\u00e3o que extrapola a vontade e se torna uma tarefa que j\u00e1 est\u00e1 em curso. \u00c9 imposs\u00edvel se manter fora dessa conex\u00e3o. Hoje h\u00e1 rela\u00e7\u00e3o com o zapatismo, recebemos na VI Jornada de Agroecologia, os companheiros da r\u00e1dio zapatista, que nos presentearam com p\u00f4steres. Temos uma coluna mensal saindo em um jornal no M\u00e9xico e para qual eu mesmo j\u00e1 escrevi. Traduzimos as VI Declara\u00e7\u00f5es da Selva Lacandona do Enlace Zapatista. J\u00e1 esta em curso essa alian\u00e7a e temos muito que aprender com todos esses movimentos. As realidades t\u00eam suas diferen\u00e7as, mas o inimigos s\u00e3o os mesmos!<\/p>\n\n\n\n<hr class=\"wp-block-separator\"\/>\n\n\n<div class=\"wp-block-coblocks-social has-colors\" style=\" \"><ul><li>\n\t\t\t\t\t<a href=\"https:\/\/www.facebook.com\/sharer\/sharer.php?u=https:\/\/zeroaesquerda.com.br\/index.php\/2021\/05\/12\/a-articulacao-dos-povos-para-alem-do-capital-entrevista-com-neto-onire-da-teia-dos-povos\/&#038;title=A%20articula\u00e7\u00e3o%20dos%20povos%20para%20al\u00e9m%20do%20capital%20&#8211;%20entrevista%20com%20Neto%20Onir\u00ea%20da%20Teia%20dos%20Povos\" class=\"wp-block-button__link wp-block-coblocks-social__button wp-block-coblocks-social__button--facebook     has-padding\" title=\"Compartilhar no Facebook\" style=\"border-radius: 0px;\">\n\t\t\t\t\t\t<span class=\"wp-block-coblocks-social__icon\" style=\"\"><\/span>\n\t\t\t\t\t\t<span class=\"wp-block-coblocks-social__text\" style=\"\">Compartilhar no Facebook<\/span>\n\t\t\t\t\t<\/a>\n\t\t\t\t<\/li><li>\n\t\t\t\t\t<a href=\"http:\/\/twitter.com\/share?text=A%20articula\u00e7\u00e3o%20dos%20povos%20para%20al\u00e9m%20do%20capital%20&#8211;%20entrevista%20com%20Neto%20Onir\u00ea%20da%20Teia%20dos%20Povos&#038;url=https:\/\/zeroaesquerda.com.br\/index.php\/2021\/05\/12\/a-articulacao-dos-povos-para-alem-do-capital-entrevista-com-neto-onire-da-teia-dos-povos\/\" class=\"wp-block-button__link wp-block-coblocks-social__button wp-block-coblocks-social__button--twitter     has-padding\" title=\"Compartilhar no Twitter\" style=\"border-radius: 0px;\">\n\t\t\t\t\t\t<span class=\"wp-block-coblocks-social__icon\" style=\"\"><\/span>\n\t\t\t\t\t\t<span class=\"wp-block-coblocks-social__text\" style=\"\">Compartilhar no Twitter<\/span>\n\t\t\t\t\t<\/a>\n\t\t\t\t<\/li><li>\n\t\t\t\t\t<a href=\"https:\/\/www.linkedin.com\/shareArticle?mini=true&#038;url=https:\/\/zeroaesquerda.com.br\/index.php\/2021\/05\/12\/a-articulacao-dos-povos-para-alem-do-capital-entrevista-com-neto-onire-da-teia-dos-povos\/&#038;title=A%20articula\u00e7\u00e3o%20dos%20povos%20para%20al\u00e9m%20do%20capital%20&#8211;%20entrevista%20com%20Neto%20Onir\u00ea%20da%20Teia%20dos%20Povos\" class=\"wp-block-button__link wp-block-coblocks-social__button wp-block-coblocks-social__button--linkedin     has-padding\" title=\"Compartilhar no LinkedIn\" style=\"border-radius: 0px;\">\n\t\t\t\t\t\t<span class=\"wp-block-coblocks-social__icon\" style=\"\"><\/span>\n\t\t\t\t\t\t<span class=\"wp-block-coblocks-social__text\" style=\"\">Compartilhar no LinkedIn<\/span>\n\t\t\t\t\t<\/a>\n\t\t\t\t<\/li><li>\n\t\t\t\t\t<a href=\"mailto:?subject=A%20articula\u00e7\u00e3o%20dos%20povos%20para%20al\u00e9m%20do%20capital%20&#8211;%20entrevista%20com%20Neto%20Onir\u00ea%20da%20Teia%20dos%20Povos&#038;body=A%20articula\u00e7\u00e3o%20dos%20povos%20para%20al\u00e9m%20do%20capital%20&#8211;%20entrevista%20com%20Neto%20Onir\u00ea%20da%20Teia%20dos%20Povos&mdash;https:\/\/zeroaesquerda.com.br\/index.php\/2021\/05\/12\/a-articulacao-dos-povos-para-alem-do-capital-entrevista-com-neto-onire-da-teia-dos-povos\/\" class=\"wp-block-button__link wp-block-coblocks-social__button wp-block-coblocks-social__button--email     has-padding\" title=\"Compartilhar por e-mail\" style=\"border-radius: 0px;\">\n\t\t\t\t\t\t<span class=\"wp-block-coblocks-social__icon\" style=\"\"><\/span>\n\t\t\t\t\t\t<span class=\"wp-block-coblocks-social__text\" style=\"\">Compartilhar por e-mail<\/span>\n\t\t\t\t\t<\/a>\n\t\t\t\t<\/li><li>\n\t\t\t\t\t<a href=\"https:\/\/plus.google.com\/share?url=https:\/\/zeroaesquerda.com.br\/index.php\/2021\/05\/12\/a-articulacao-dos-povos-para-alem-do-capital-entrevista-com-neto-onire-da-teia-dos-povos\/\" class=\"wp-block-button__link wp-block-coblocks-social__button wp-block-coblocks-social__button--google     has-padding\" title=\"Compartilhar no Google\" style=\"border-radius: 0px;\">\n\t\t\t\t\t\t<span class=\"wp-block-coblocks-social__icon\" style=\"\"><\/span>\n\t\t\t\t\t\t<span class=\"wp-block-coblocks-social__text\" style=\"\">Compartilhar no Google<\/span>\n\t\t\t\t\t<\/a>\n\t\t\t\t<\/li><li>\n\t\t\t\t\t<a href=\"https:\/\/www.reddit.com\/submit?url=https:\/\/zeroaesquerda.com.br\/index.php\/2021\/05\/12\/a-articulacao-dos-povos-para-alem-do-capital-entrevista-com-neto-onire-da-teia-dos-povos\/\" class=\"wp-block-button__link wp-block-coblocks-social__button wp-block-coblocks-social__button--reddit     has-padding\" title=\"Compartilhar no Reddit\" style=\"border-radius: 0px;\">\n\t\t\t\t\t\t<span class=\"wp-block-coblocks-social__icon\" style=\"\"><\/span>\n\t\t\t\t\t\t<span class=\"wp-block-coblocks-social__text\" style=\"\">Compartilhar no Reddit<\/span>\n\t\t\t\t\t<\/a>\n\t\t\t\t<\/li><\/ul><\/div>\n\n\n<hr class=\"wp-block-separator\"\/>\n\n\n\n<p><\/p>\n\n\n<style>.wp-block-kadence-column.kb-section-dir-horizontal > .kt-inside-inner-col > #kt-info-box_2c3017-23 .kt-blocks-info-box-link-wrap{max-width:unset;}#kt-info-box_2c3017-23 .kt-blocks-info-box-link-wrap{border-color:#d70141;border-top-width:5px;border-right-width:5px;border-bottom-width:5px;border-left-width:5px;background:#d70141;padding-top:24px;padding-right:24px;padding-bottom:24px;padding-left:24px;margin-top:50px;}#kt-info-box_2c3017-23 .kt-blocks-info-box-link-wrap:hover{border-color:#d70141;background:#d70141;}#kt-info-box_2c3017-23.wp-block-kadence-infobox{max-width:100%;}#kt-info-box_2c3017-23 .kadence-info-box-image-inner-intrisic-container{max-width:206px;}#kt-info-box_2c3017-23 .kadence-info-box-image-inner-intrisic-container .kadence-info-box-image-intrisic{padding-bottom:75%;width:260px;height:0px;max-width:100%;}#kt-info-box_2c3017-23 .kadence-info-box-icon-container .kt-info-svg-icon, #kt-info-box_2c3017-23 .kt-info-svg-icon-flip, #kt-info-box_2c3017-23 .kt-blocks-info-box-number{font-size:50px;}#kt-info-box_2c3017-23 .kt-blocks-info-box-media{color:#444444;background:#ffffff;border-color:#eeeeee;border-top-width:5px;border-right-width:5px;border-bottom-width:5px;border-left-width:5px;padding-top:0px;padding-right:0px;padding-bottom:0px;padding-left:0px;}#kt-info-box_2c3017-23 .kt-blocks-info-box-media-container{margin-top:-75px;margin-right:0px;margin-bottom:20px;margin-left:0px;}#kt-info-box_2c3017-23 .kt-blocks-info-box-link-wrap:hover .kt-blocks-info-box-media{color:#444444;background:#ffffff;border-color:#eeeeee;}#kt-info-box_2c3017-23 .kt-infobox-textcontent h2.kt-blocks-info-box-title{color:#f7e6d4;padding-top:0px;padding-right:0px;padding-bottom:0px;padding-left:0px;margin-top:5px;margin-right:0px;margin-bottom:10px;margin-left:0px;}#kt-info-box_2c3017-23 .kt-blocks-info-box-link-wrap:hover h2.kt-blocks-info-box-title{color:#f7e6d4;}#kt-info-box_2c3017-23 .kt-infobox-textcontent .kt-blocks-info-box-text{color:#f4dcc3;}#kt-info-box_2c3017-23 .kt-blocks-info-box-link-wrap:hover .kt-blocks-info-box-text{color:#f4dcc3;}#kt-info-box_2c3017-23 .kt-blocks-info-box-learnmore{background:transparent;border-width:0px 0px 0px 0px;padding-top:4px;padding-right:8px;padding-bottom:4px;padding-left:8px;margin-top:10px;margin-right:0px;margin-bottom:10px;margin-left:0px;}<\/style>\n<div id=\"kt-info-box_2c3017-23\" class=\"wp-block-kadence-infobox\"><a class=\"kt-blocks-info-box-link-wrap info-box-link kt-blocks-info-box-media-align-top kt-info-halign-left\" target=\"_blank\" rel=\"noopener noreferrer\"><div class=\"kt-blocks-info-box-media-container\"><div class=\"kt-blocks-info-box-media kt-info-media-animate-none\"><div class=\"kadence-info-box-image-inner-intrisic-container\"><div class=\"kadence-info-box-image-intrisic kt-info-animate-none\"><div class=\"kadence-info-box-image-inner-intrisic\"><img loading=\"lazy\" decoding=\"async\" src=\"https:\/\/zeroaesquerda.com.br\/wp-content\/uploads\/2021\/05\/neto.jpg\" alt=\"\" width=\"260\" height=\"195\" class=\"kt-info-box-image wp-image-1439\"\/><\/div><\/div><\/div><\/div><\/div><div class=\"kt-infobox-textcontent\"><h2 class=\"kt-blocks-info-box-title\">Neto Onir\u00ea<\/h2><p class=\"kt-blocks-info-box-text\">Homem negro, agricultor, Dirigente Estadual da Brigada Ojeffersson-MST e conselheiro da Teia dos Povos.<\/p><\/div><\/a><\/div>\n\n\n\n<p><\/p>\n","protected":false},"excerpt":{"rendered":"<p>Entrevista realizada pela revista Zero \u00e0 Esquerda com a participa\u00e7\u00e3o de Neto Onir\u00ea, agricultor, Dirigente Estadual da Brigada Ojeffersson-MST e conselheiro da Teia dos Povos. O que \u00e9 a Teia dos Povos? A Teia \u00e9 uma articula\u00e7\u00e3o. Uma retomada das lutas que conseguiram apontar horizontes para al\u00e9m do Capital. N\u00e3o \u00e9 a primeira vez que&#8230;<\/p>\n","protected":false},"author":1,"featured_media":1482,"comment_status":"open","ping_status":"open","sticky":false,"template":"","format":"standard","meta":{"_coblocks_attr":"","_coblocks_dimensions":"","_coblocks_responsive_height":"","_coblocks_accordion_ie_support":"","om_disable_all_campaigns":false,"_monsterinsights_skip_tracking":false,"_monsterinsights_sitenote_active":false,"_monsterinsights_sitenote_note":"","_monsterinsights_sitenote_category":0,"_uf_show_specific_survey":0,"_uf_disable_surveys":false,"_kadence_starter_templates_imported_post":false,"_kad_post_transparent":"","_kad_post_title":"","_kad_post_layout":"","_kad_post_sidebar_id":"","_kad_post_content_style":"","_kad_post_vertical_padding":"","_kad_post_feature":"","_kad_post_feature_position":"","_kad_post_header":false,"_kad_post_footer":false,"_kad_post_classname":"","footnotes":""},"categories":[378,347],"tags":[381,382,380,379],"class_list":["post-1438","post","type-post","status-publish","format-standard","has-post-thumbnail","hentry","category-entrevistas","category-producoes","tag-agroecologia","tag-mst","tag-neto-onire","tag-teia-dos-povos"],"yoast_head":"<!-- This site is optimized with the Yoast SEO plugin v27.4 - https:\/\/yoast.com\/product\/yoast-seo-wordpress\/ -->\n<title>A articula\u00e7\u00e3o dos povos para al\u00e9m do capital - entrevista com Neto Onir\u00ea da Teia dos Povos - Zero \u00e0 Esquerda<\/title>\n<meta name=\"description\" content=\"Entrevista realizada pela revista Zero \u00e0 Esquerda com a participa\u00e7\u00e3o de Neto Onir\u00ea, agricultor, Dirigente Estadual da Brigada Ojeffersson-MST e conselheiro da Teia dos Povos.\" \/>\n<meta name=\"robots\" content=\"index, follow, max-snippet:-1, max-image-preview:large, max-video-preview:-1\" \/>\n<link rel=\"canonical\" href=\"https:\/\/zeroaesquerda.com.br\/index.php\/2021\/05\/12\/a-articulacao-dos-povos-para-alem-do-capital-entrevista-com-neto-onire-da-teia-dos-povos\/\" \/>\n<meta property=\"og:locale\" content=\"pt_BR\" \/>\n<meta property=\"og:type\" content=\"article\" \/>\n<meta property=\"og:title\" content=\"A articula\u00e7\u00e3o dos povos para al\u00e9m do capital - entrevista com Neto Onir\u00ea da Teia dos Povos - Zero \u00e0 Esquerda\" \/>\n<meta property=\"og:description\" content=\"Entrevista realizada pela revista Zero \u00e0 Esquerda com a participa\u00e7\u00e3o de Neto Onir\u00ea, agricultor, Dirigente Estadual da Brigada Ojeffersson-MST e conselheiro da Teia dos Povos.\" \/>\n<meta property=\"og:url\" content=\"https:\/\/zeroaesquerda.com.br\/index.php\/2021\/05\/12\/a-articulacao-dos-povos-para-alem-do-capital-entrevista-com-neto-onire-da-teia-dos-povos\/\" \/>\n<meta property=\"og:site_name\" content=\"Zero \u00e0 Esquerda\" \/>\n<meta property=\"article:publisher\" content=\"https:\/\/www.facebook.com\/revistazeroaesquerda\" \/>\n<meta property=\"article:published_time\" content=\"2021-05-12T16:01:51+00:00\" \/>\n<meta property=\"article:modified_time\" content=\"2021-09-06T00:03:23+00:00\" \/>\n<meta property=\"og:image\" content=\"https:\/\/zeroaesquerda.com.br\/wp-content\/uploads\/2021\/05\/teia.jpg\" \/>\n\t<meta property=\"og:image:width\" content=\"1280\" \/>\n\t<meta property=\"og:image:height\" content=\"720\" \/>\n\t<meta property=\"og:image:type\" content=\"image\/jpeg\" \/>\n<meta name=\"author\" content=\"Zero \u00e0 Esquerda\" \/>\n<meta name=\"twitter:card\" content=\"summary_large_image\" \/>\n<meta name=\"twitter:image\" content=\"https:\/\/zeroaesquerda.com.br\/wp-content\/uploads\/2021\/05\/teia.jpg\" \/>\n<meta name=\"twitter:creator\" content=\"@z3roaesquerda\" \/>\n<meta name=\"twitter:site\" content=\"@z3roaesquerda\" \/>\n<meta name=\"twitter:label1\" content=\"Escrito por\" \/>\n\t<meta name=\"twitter:data1\" content=\"Zero \u00e0 Esquerda\" \/>\n\t<meta name=\"twitter:label2\" content=\"Est. tempo de leitura\" \/>\n\t<meta name=\"twitter:data2\" content=\"12 minutos\" \/>\n<script type=\"application\/ld+json\" class=\"yoast-schema-graph\">{\"@context\":\"https:\\\/\\\/schema.org\",\"@graph\":[{\"@type\":\"Article\",\"@id\":\"https:\\\/\\\/zeroaesquerda.com.br\\\/index.php\\\/2021\\\/05\\\/12\\\/a-articulacao-dos-povos-para-alem-do-capital-entrevista-com-neto-onire-da-teia-dos-povos\\\/#article\",\"isPartOf\":{\"@id\":\"https:\\\/\\\/zeroaesquerda.com.br\\\/index.php\\\/2021\\\/05\\\/12\\\/a-articulacao-dos-povos-para-alem-do-capital-entrevista-com-neto-onire-da-teia-dos-povos\\\/\"},\"author\":{\"name\":\"Zero \u00e0 Esquerda\",\"@id\":\"https:\\\/\\\/zeroaesquerda.com.br\\\/#\\\/schema\\\/person\\\/04e72095a4fbe77f00c7b047955ed0b8\"},\"headline\":\"A articula\u00e7\u00e3o dos povos para al\u00e9m do capital &#8211; entrevista com Neto Onir\u00ea da Teia dos Povos\",\"datePublished\":\"2021-05-12T16:01:51+00:00\",\"dateModified\":\"2021-09-06T00:03:23+00:00\",\"mainEntityOfPage\":{\"@id\":\"https:\\\/\\\/zeroaesquerda.com.br\\\/index.php\\\/2021\\\/05\\\/12\\\/a-articulacao-dos-povos-para-alem-do-capital-entrevista-com-neto-onire-da-teia-dos-povos\\\/\"},\"wordCount\":2674,\"commentCount\":0,\"publisher\":{\"@id\":\"https:\\\/\\\/zeroaesquerda.com.br\\\/#organization\"},\"image\":{\"@id\":\"https:\\\/\\\/zeroaesquerda.com.br\\\/index.php\\\/2021\\\/05\\\/12\\\/a-articulacao-dos-povos-para-alem-do-capital-entrevista-com-neto-onire-da-teia-dos-povos\\\/#primaryimage\"},\"thumbnailUrl\":\"https:\\\/\\\/zeroaesquerda.com.br\\\/wp-content\\\/uploads\\\/2021\\\/05\\\/7-teia-dos-povos.png\",\"keywords\":[\"agroecologia\",\"MST\",\"Neto Onir\u00ea\",\"Teia dos Povos\"],\"articleSection\":[\"Entrevistas\",\"Produ\u00e7\u00f5es\"],\"inLanguage\":\"pt-BR\",\"potentialAction\":[{\"@type\":\"CommentAction\",\"name\":\"Comment\",\"target\":[\"https:\\\/\\\/zeroaesquerda.com.br\\\/index.php\\\/2021\\\/05\\\/12\\\/a-articulacao-dos-povos-para-alem-do-capital-entrevista-com-neto-onire-da-teia-dos-povos\\\/#respond\"]}]},{\"@type\":\"WebPage\",\"@id\":\"https:\\\/\\\/zeroaesquerda.com.br\\\/index.php\\\/2021\\\/05\\\/12\\\/a-articulacao-dos-povos-para-alem-do-capital-entrevista-com-neto-onire-da-teia-dos-povos\\\/\",\"url\":\"https:\\\/\\\/zeroaesquerda.com.br\\\/index.php\\\/2021\\\/05\\\/12\\\/a-articulacao-dos-povos-para-alem-do-capital-entrevista-com-neto-onire-da-teia-dos-povos\\\/\",\"name\":\"A articula\u00e7\u00e3o dos povos para al\u00e9m do capital - entrevista com Neto Onir\u00ea da Teia dos Povos - Zero \u00e0 Esquerda\",\"isPartOf\":{\"@id\":\"https:\\\/\\\/zeroaesquerda.com.br\\\/#website\"},\"primaryImageOfPage\":{\"@id\":\"https:\\\/\\\/zeroaesquerda.com.br\\\/index.php\\\/2021\\\/05\\\/12\\\/a-articulacao-dos-povos-para-alem-do-capital-entrevista-com-neto-onire-da-teia-dos-povos\\\/#primaryimage\"},\"image\":{\"@id\":\"https:\\\/\\\/zeroaesquerda.com.br\\\/index.php\\\/2021\\\/05\\\/12\\\/a-articulacao-dos-povos-para-alem-do-capital-entrevista-com-neto-onire-da-teia-dos-povos\\\/#primaryimage\"},\"thumbnailUrl\":\"https:\\\/\\\/zeroaesquerda.com.br\\\/wp-content\\\/uploads\\\/2021\\\/05\\\/7-teia-dos-povos.png\",\"datePublished\":\"2021-05-12T16:01:51+00:00\",\"dateModified\":\"2021-09-06T00:03:23+00:00\",\"description\":\"Entrevista realizada pela revista Zero \u00e0 Esquerda com a participa\u00e7\u00e3o de Neto Onir\u00ea, agricultor, Dirigente Estadual da Brigada Ojeffersson-MST e conselheiro da Teia dos Povos.\",\"breadcrumb\":{\"@id\":\"https:\\\/\\\/zeroaesquerda.com.br\\\/index.php\\\/2021\\\/05\\\/12\\\/a-articulacao-dos-povos-para-alem-do-capital-entrevista-com-neto-onire-da-teia-dos-povos\\\/#breadcrumb\"},\"inLanguage\":\"pt-BR\",\"potentialAction\":[{\"@type\":\"ReadAction\",\"target\":[\"https:\\\/\\\/zeroaesquerda.com.br\\\/index.php\\\/2021\\\/05\\\/12\\\/a-articulacao-dos-povos-para-alem-do-capital-entrevista-com-neto-onire-da-teia-dos-povos\\\/\"]}]},{\"@type\":\"ImageObject\",\"inLanguage\":\"pt-BR\",\"@id\":\"https:\\\/\\\/zeroaesquerda.com.br\\\/index.php\\\/2021\\\/05\\\/12\\\/a-articulacao-dos-povos-para-alem-do-capital-entrevista-com-neto-onire-da-teia-dos-povos\\\/#primaryimage\",\"url\":\"https:\\\/\\\/zeroaesquerda.com.br\\\/wp-content\\\/uploads\\\/2021\\\/05\\\/7-teia-dos-povos.png\",\"contentUrl\":\"https:\\\/\\\/zeroaesquerda.com.br\\\/wp-content\\\/uploads\\\/2021\\\/05\\\/7-teia-dos-povos.png\",\"width\":1920,\"height\":1080},{\"@type\":\"BreadcrumbList\",\"@id\":\"https:\\\/\\\/zeroaesquerda.com.br\\\/index.php\\\/2021\\\/05\\\/12\\\/a-articulacao-dos-povos-para-alem-do-capital-entrevista-com-neto-onire-da-teia-dos-povos\\\/#breadcrumb\",\"itemListElement\":[{\"@type\":\"ListItem\",\"position\":1,\"name\":\"In\u00edcio\",\"item\":\"https:\\\/\\\/zeroaesquerda.com.br\\\/\"},{\"@type\":\"ListItem\",\"position\":2,\"name\":\"A articula\u00e7\u00e3o dos povos para al\u00e9m do capital &#8211; entrevista com Neto Onir\u00ea da Teia dos Povos\"}]},{\"@type\":\"WebSite\",\"@id\":\"https:\\\/\\\/zeroaesquerda.com.br\\\/#website\",\"url\":\"https:\\\/\\\/zeroaesquerda.com.br\\\/\",\"name\":\"Zero \u00e0 Esquerda\",\"description\":\"Tra\u00e7ando tend\u00eancias para al\u00e9m do capitalismo.\",\"publisher\":{\"@id\":\"https:\\\/\\\/zeroaesquerda.com.br\\\/#organization\"},\"potentialAction\":[{\"@type\":\"SearchAction\",\"target\":{\"@type\":\"EntryPoint\",\"urlTemplate\":\"https:\\\/\\\/zeroaesquerda.com.br\\\/?s={search_term_string}\"},\"query-input\":{\"@type\":\"PropertyValueSpecification\",\"valueRequired\":true,\"valueName\":\"search_term_string\"}}],\"inLanguage\":\"pt-BR\"},{\"@type\":\"Organization\",\"@id\":\"https:\\\/\\\/zeroaesquerda.com.br\\\/#organization\",\"name\":\"Zero \u00e0 Esquerda\",\"url\":\"https:\\\/\\\/zeroaesquerda.com.br\\\/\",\"logo\":{\"@type\":\"ImageObject\",\"inLanguage\":\"pt-BR\",\"@id\":\"https:\\\/\\\/zeroaesquerda.com.br\\\/#\\\/schema\\\/logo\\\/image\\\/\",\"url\":\"https:\\\/\\\/zeroaesquerda.com.br\\\/wp-content\\\/uploads\\\/2021\\\/01\\\/4-simbolo-zero-a-esquerda-favicon-alt.png\",\"contentUrl\":\"https:\\\/\\\/zeroaesquerda.com.br\\\/wp-content\\\/uploads\\\/2021\\\/01\\\/4-simbolo-zero-a-esquerda-favicon-alt.png\",\"width\":1271,\"height\":1069,\"caption\":\"Zero \u00e0 Esquerda\"},\"image\":{\"@id\":\"https:\\\/\\\/zeroaesquerda.com.br\\\/#\\\/schema\\\/logo\\\/image\\\/\"},\"sameAs\":[\"https:\\\/\\\/www.facebook.com\\\/revistazeroaesquerda\",\"https:\\\/\\\/x.com\\\/z3roaesquerda\",\"https:\\\/\\\/www.instagram.com\\\/revistazeroaesquerda\\\/\",\"https:\\\/\\\/www.youtube.com\\\/channel\\\/UCIaGx271Qw6D1QwqYBojrLw\"]},{\"@type\":\"Person\",\"@id\":\"https:\\\/\\\/zeroaesquerda.com.br\\\/#\\\/schema\\\/person\\\/04e72095a4fbe77f00c7b047955ed0b8\",\"name\":\"Zero \u00e0 Esquerda\",\"image\":{\"@type\":\"ImageObject\",\"inLanguage\":\"pt-BR\",\"@id\":\"https:\\\/\\\/secure.gravatar.com\\\/avatar\\\/a417d8eccb1cec435aa9a93213f41ee528a636232351421dedc4ada2160b3f1b?s=96&d=mm&r=g\",\"url\":\"https:\\\/\\\/secure.gravatar.com\\\/avatar\\\/a417d8eccb1cec435aa9a93213f41ee528a636232351421dedc4ada2160b3f1b?s=96&d=mm&r=g\",\"contentUrl\":\"https:\\\/\\\/secure.gravatar.com\\\/avatar\\\/a417d8eccb1cec435aa9a93213f41ee528a636232351421dedc4ada2160b3f1b?s=96&d=mm&r=g\",\"caption\":\"Zero \u00e0 Esquerda\"},\"description\":\"Tra\u00e7ando tend\u00eancias para al\u00e9m do capitalismo.\",\"sameAs\":[\"http:\\\/\\\/zeroaesquerda.com.br\"],\"url\":\"https:\\\/\\\/zeroaesquerda.com.br\\\/index.php\\\/author\\\/revistazeroaesquerdagmail-com\\\/\"}]}<\/script>\n<!-- \/ Yoast SEO plugin. -->","yoast_head_json":{"title":"A articula\u00e7\u00e3o dos povos para al\u00e9m do capital - entrevista com Neto Onir\u00ea da Teia dos Povos - Zero \u00e0 Esquerda","description":"Entrevista realizada pela revista Zero \u00e0 Esquerda com a participa\u00e7\u00e3o de Neto Onir\u00ea, agricultor, Dirigente Estadual da Brigada Ojeffersson-MST e conselheiro da Teia dos Povos.","robots":{"index":"index","follow":"follow","max-snippet":"max-snippet:-1","max-image-preview":"max-image-preview:large","max-video-preview":"max-video-preview:-1"},"canonical":"https:\/\/zeroaesquerda.com.br\/index.php\/2021\/05\/12\/a-articulacao-dos-povos-para-alem-do-capital-entrevista-com-neto-onire-da-teia-dos-povos\/","og_locale":"pt_BR","og_type":"article","og_title":"A articula\u00e7\u00e3o dos povos para al\u00e9m do capital - entrevista com Neto Onir\u00ea da Teia dos Povos - Zero \u00e0 Esquerda","og_description":"Entrevista realizada pela revista Zero \u00e0 Esquerda com a participa\u00e7\u00e3o de Neto Onir\u00ea, agricultor, Dirigente Estadual da Brigada Ojeffersson-MST e conselheiro da Teia dos Povos.","og_url":"https:\/\/zeroaesquerda.com.br\/index.php\/2021\/05\/12\/a-articulacao-dos-povos-para-alem-do-capital-entrevista-com-neto-onire-da-teia-dos-povos\/","og_site_name":"Zero \u00e0 Esquerda","article_publisher":"https:\/\/www.facebook.com\/revistazeroaesquerda","article_published_time":"2021-05-12T16:01:51+00:00","article_modified_time":"2021-09-06T00:03:23+00:00","og_image":[{"width":1280,"height":720,"url":"https:\/\/zeroaesquerda.com.br\/wp-content\/uploads\/2021\/05\/teia.jpg","type":"image\/jpeg"}],"author":"Zero \u00e0 Esquerda","twitter_card":"summary_large_image","twitter_image":"https:\/\/zeroaesquerda.com.br\/wp-content\/uploads\/2021\/05\/teia.jpg","twitter_creator":"@z3roaesquerda","twitter_site":"@z3roaesquerda","twitter_misc":{"Escrito por":"Zero \u00e0 Esquerda","Est. tempo de leitura":"12 minutos"},"schema":{"@context":"https:\/\/schema.org","@graph":[{"@type":"Article","@id":"https:\/\/zeroaesquerda.com.br\/index.php\/2021\/05\/12\/a-articulacao-dos-povos-para-alem-do-capital-entrevista-com-neto-onire-da-teia-dos-povos\/#article","isPartOf":{"@id":"https:\/\/zeroaesquerda.com.br\/index.php\/2021\/05\/12\/a-articulacao-dos-povos-para-alem-do-capital-entrevista-com-neto-onire-da-teia-dos-povos\/"},"author":{"name":"Zero \u00e0 Esquerda","@id":"https:\/\/zeroaesquerda.com.br\/#\/schema\/person\/04e72095a4fbe77f00c7b047955ed0b8"},"headline":"A articula\u00e7\u00e3o dos povos para al\u00e9m do capital &#8211; entrevista com Neto Onir\u00ea da Teia dos Povos","datePublished":"2021-05-12T16:01:51+00:00","dateModified":"2021-09-06T00:03:23+00:00","mainEntityOfPage":{"@id":"https:\/\/zeroaesquerda.com.br\/index.php\/2021\/05\/12\/a-articulacao-dos-povos-para-alem-do-capital-entrevista-com-neto-onire-da-teia-dos-povos\/"},"wordCount":2674,"commentCount":0,"publisher":{"@id":"https:\/\/zeroaesquerda.com.br\/#organization"},"image":{"@id":"https:\/\/zeroaesquerda.com.br\/index.php\/2021\/05\/12\/a-articulacao-dos-povos-para-alem-do-capital-entrevista-com-neto-onire-da-teia-dos-povos\/#primaryimage"},"thumbnailUrl":"https:\/\/zeroaesquerda.com.br\/wp-content\/uploads\/2021\/05\/7-teia-dos-povos.png","keywords":["agroecologia","MST","Neto Onir\u00ea","Teia dos Povos"],"articleSection":["Entrevistas","Produ\u00e7\u00f5es"],"inLanguage":"pt-BR","potentialAction":[{"@type":"CommentAction","name":"Comment","target":["https:\/\/zeroaesquerda.com.br\/index.php\/2021\/05\/12\/a-articulacao-dos-povos-para-alem-do-capital-entrevista-com-neto-onire-da-teia-dos-povos\/#respond"]}]},{"@type":"WebPage","@id":"https:\/\/zeroaesquerda.com.br\/index.php\/2021\/05\/12\/a-articulacao-dos-povos-para-alem-do-capital-entrevista-com-neto-onire-da-teia-dos-povos\/","url":"https:\/\/zeroaesquerda.com.br\/index.php\/2021\/05\/12\/a-articulacao-dos-povos-para-alem-do-capital-entrevista-com-neto-onire-da-teia-dos-povos\/","name":"A articula\u00e7\u00e3o dos povos para al\u00e9m do capital - entrevista com Neto Onir\u00ea da Teia dos Povos - Zero \u00e0 Esquerda","isPartOf":{"@id":"https:\/\/zeroaesquerda.com.br\/#website"},"primaryImageOfPage":{"@id":"https:\/\/zeroaesquerda.com.br\/index.php\/2021\/05\/12\/a-articulacao-dos-povos-para-alem-do-capital-entrevista-com-neto-onire-da-teia-dos-povos\/#primaryimage"},"image":{"@id":"https:\/\/zeroaesquerda.com.br\/index.php\/2021\/05\/12\/a-articulacao-dos-povos-para-alem-do-capital-entrevista-com-neto-onire-da-teia-dos-povos\/#primaryimage"},"thumbnailUrl":"https:\/\/zeroaesquerda.com.br\/wp-content\/uploads\/2021\/05\/7-teia-dos-povos.png","datePublished":"2021-05-12T16:01:51+00:00","dateModified":"2021-09-06T00:03:23+00:00","description":"Entrevista realizada pela revista Zero \u00e0 Esquerda com a participa\u00e7\u00e3o de Neto Onir\u00ea, agricultor, Dirigente Estadual da Brigada Ojeffersson-MST e conselheiro da Teia dos Povos.","breadcrumb":{"@id":"https:\/\/zeroaesquerda.com.br\/index.php\/2021\/05\/12\/a-articulacao-dos-povos-para-alem-do-capital-entrevista-com-neto-onire-da-teia-dos-povos\/#breadcrumb"},"inLanguage":"pt-BR","potentialAction":[{"@type":"ReadAction","target":["https:\/\/zeroaesquerda.com.br\/index.php\/2021\/05\/12\/a-articulacao-dos-povos-para-alem-do-capital-entrevista-com-neto-onire-da-teia-dos-povos\/"]}]},{"@type":"ImageObject","inLanguage":"pt-BR","@id":"https:\/\/zeroaesquerda.com.br\/index.php\/2021\/05\/12\/a-articulacao-dos-povos-para-alem-do-capital-entrevista-com-neto-onire-da-teia-dos-povos\/#primaryimage","url":"https:\/\/zeroaesquerda.com.br\/wp-content\/uploads\/2021\/05\/7-teia-dos-povos.png","contentUrl":"https:\/\/zeroaesquerda.com.br\/wp-content\/uploads\/2021\/05\/7-teia-dos-povos.png","width":1920,"height":1080},{"@type":"BreadcrumbList","@id":"https:\/\/zeroaesquerda.com.br\/index.php\/2021\/05\/12\/a-articulacao-dos-povos-para-alem-do-capital-entrevista-com-neto-onire-da-teia-dos-povos\/#breadcrumb","itemListElement":[{"@type":"ListItem","position":1,"name":"In\u00edcio","item":"https:\/\/zeroaesquerda.com.br\/"},{"@type":"ListItem","position":2,"name":"A articula\u00e7\u00e3o dos povos para al\u00e9m do capital &#8211; entrevista com Neto Onir\u00ea da Teia dos Povos"}]},{"@type":"WebSite","@id":"https:\/\/zeroaesquerda.com.br\/#website","url":"https:\/\/zeroaesquerda.com.br\/","name":"Zero \u00e0 Esquerda","description":"Tra\u00e7ando tend\u00eancias para al\u00e9m do capitalismo.","publisher":{"@id":"https:\/\/zeroaesquerda.com.br\/#organization"},"potentialAction":[{"@type":"SearchAction","target":{"@type":"EntryPoint","urlTemplate":"https:\/\/zeroaesquerda.com.br\/?s={search_term_string}"},"query-input":{"@type":"PropertyValueSpecification","valueRequired":true,"valueName":"search_term_string"}}],"inLanguage":"pt-BR"},{"@type":"Organization","@id":"https:\/\/zeroaesquerda.com.br\/#organization","name":"Zero \u00e0 Esquerda","url":"https:\/\/zeroaesquerda.com.br\/","logo":{"@type":"ImageObject","inLanguage":"pt-BR","@id":"https:\/\/zeroaesquerda.com.br\/#\/schema\/logo\/image\/","url":"https:\/\/zeroaesquerda.com.br\/wp-content\/uploads\/2021\/01\/4-simbolo-zero-a-esquerda-favicon-alt.png","contentUrl":"https:\/\/zeroaesquerda.com.br\/wp-content\/uploads\/2021\/01\/4-simbolo-zero-a-esquerda-favicon-alt.png","width":1271,"height":1069,"caption":"Zero \u00e0 Esquerda"},"image":{"@id":"https:\/\/zeroaesquerda.com.br\/#\/schema\/logo\/image\/"},"sameAs":["https:\/\/www.facebook.com\/revistazeroaesquerda","https:\/\/x.com\/z3roaesquerda","https:\/\/www.instagram.com\/revistazeroaesquerda\/","https:\/\/www.youtube.com\/channel\/UCIaGx271Qw6D1QwqYBojrLw"]},{"@type":"Person","@id":"https:\/\/zeroaesquerda.com.br\/#\/schema\/person\/04e72095a4fbe77f00c7b047955ed0b8","name":"Zero \u00e0 Esquerda","image":{"@type":"ImageObject","inLanguage":"pt-BR","@id":"https:\/\/secure.gravatar.com\/avatar\/a417d8eccb1cec435aa9a93213f41ee528a636232351421dedc4ada2160b3f1b?s=96&d=mm&r=g","url":"https:\/\/secure.gravatar.com\/avatar\/a417d8eccb1cec435aa9a93213f41ee528a636232351421dedc4ada2160b3f1b?s=96&d=mm&r=g","contentUrl":"https:\/\/secure.gravatar.com\/avatar\/a417d8eccb1cec435aa9a93213f41ee528a636232351421dedc4ada2160b3f1b?s=96&d=mm&r=g","caption":"Zero \u00e0 Esquerda"},"description":"Tra\u00e7ando tend\u00eancias para al\u00e9m do capitalismo.","sameAs":["http:\/\/zeroaesquerda.com.br"],"url":"https:\/\/zeroaesquerda.com.br\/index.php\/author\/revistazeroaesquerdagmail-com\/"}]}},"_links":{"self":[{"href":"https:\/\/zeroaesquerda.com.br\/index.php\/wp-json\/wp\/v2\/posts\/1438","targetHints":{"allow":["GET"]}}],"collection":[{"href":"https:\/\/zeroaesquerda.com.br\/index.php\/wp-json\/wp\/v2\/posts"}],"about":[{"href":"https:\/\/zeroaesquerda.com.br\/index.php\/wp-json\/wp\/v2\/types\/post"}],"author":[{"embeddable":true,"href":"https:\/\/zeroaesquerda.com.br\/index.php\/wp-json\/wp\/v2\/users\/1"}],"replies":[{"embeddable":true,"href":"https:\/\/zeroaesquerda.com.br\/index.php\/wp-json\/wp\/v2\/comments?post=1438"}],"version-history":[{"count":17,"href":"https:\/\/zeroaesquerda.com.br\/index.php\/wp-json\/wp\/v2\/posts\/1438\/revisions"}],"predecessor-version":[{"id":1851,"href":"https:\/\/zeroaesquerda.com.br\/index.php\/wp-json\/wp\/v2\/posts\/1438\/revisions\/1851"}],"wp:featuredmedia":[{"embeddable":true,"href":"https:\/\/zeroaesquerda.com.br\/index.php\/wp-json\/wp\/v2\/media\/1482"}],"wp:attachment":[{"href":"https:\/\/zeroaesquerda.com.br\/index.php\/wp-json\/wp\/v2\/media?parent=1438"}],"wp:term":[{"taxonomy":"category","embeddable":true,"href":"https:\/\/zeroaesquerda.com.br\/index.php\/wp-json\/wp\/v2\/categories?post=1438"},{"taxonomy":"post_tag","embeddable":true,"href":"https:\/\/zeroaesquerda.com.br\/index.php\/wp-json\/wp\/v2\/tags?post=1438"}],"curies":[{"name":"wp","href":"https:\/\/api.w.org\/{rel}","templated":true}]}}