{"id":1394,"date":"2021-04-16T19:14:17","date_gmt":"2021-04-16T19:14:17","guid":{"rendered":"https:\/\/zeroaesquerda.com.br\/?p=1394"},"modified":"2021-05-05T23:10:33","modified_gmt":"2021-05-05T23:10:33","slug":"a-reabertura-das-escolas-so-confirma-sua-obsolescencia-nathalia-colli","status":"publish","type":"post","link":"https:\/\/zeroaesquerda.com.br\/index.php\/2021\/04\/16\/a-reabertura-das-escolas-so-confirma-sua-obsolescencia-nathalia-colli\/","title":{"rendered":"A reabertura das escolas s\u00f3 confirma sua obsolesc\u00eancia \u2014 Nathalia Colli"},"content":{"rendered":"<div class=\"wp-block-coblocks-social has-colors\" style=\" \"><ul><li>\n\t\t\t\t\t<a href=\"https:\/\/www.facebook.com\/sharer\/sharer.php?u=https:\/\/zeroaesquerda.com.br\/index.php\/2021\/04\/16\/a-reabertura-das-escolas-so-confirma-sua-obsolescencia-nathalia-colli\/&#038;title=A%20reabertura%20das%20escolas%20s\u00f3%20confirma%20sua%20obsolesc\u00eancia%20\u2014%20Nathalia%20Colli\" class=\"wp-block-button__link wp-block-coblocks-social__button wp-block-coblocks-social__button--facebook     has-padding\" title=\"Compartilhar no Facebook\" style=\"border-radius: 0px;\">\n\t\t\t\t\t\t<span class=\"wp-block-coblocks-social__icon\" style=\"\"><\/span>\n\t\t\t\t\t\t<span class=\"wp-block-coblocks-social__text\" style=\"\">Compartilhar no Facebook<\/span>\n\t\t\t\t\t<\/a>\n\t\t\t\t<\/li><li>\n\t\t\t\t\t<a href=\"http:\/\/twitter.com\/share?text=A%20reabertura%20das%20escolas%20s\u00f3%20confirma%20sua%20obsolesc\u00eancia%20\u2014%20Nathalia%20Colli&#038;url=https:\/\/zeroaesquerda.com.br\/index.php\/2021\/04\/16\/a-reabertura-das-escolas-so-confirma-sua-obsolescencia-nathalia-colli\/\" class=\"wp-block-button__link wp-block-coblocks-social__button wp-block-coblocks-social__button--twitter     has-padding\" title=\"Compartilhar no Twitter\" style=\"border-radius: 0px;\">\n\t\t\t\t\t\t<span class=\"wp-block-coblocks-social__icon\" style=\"\"><\/span>\n\t\t\t\t\t\t<span class=\"wp-block-coblocks-social__text\" style=\"\">Compartilhar no Twitter<\/span>\n\t\t\t\t\t<\/a>\n\t\t\t\t<\/li><li>\n\t\t\t\t\t<a href=\"https:\/\/www.linkedin.com\/shareArticle?mini=true&#038;url=https:\/\/zeroaesquerda.com.br\/index.php\/2021\/04\/16\/a-reabertura-das-escolas-so-confirma-sua-obsolescencia-nathalia-colli\/&#038;title=A%20reabertura%20das%20escolas%20s\u00f3%20confirma%20sua%20obsolesc\u00eancia%20\u2014%20Nathalia%20Colli\" class=\"wp-block-button__link wp-block-coblocks-social__button wp-block-coblocks-social__button--linkedin     has-padding\" title=\"Compartilhar no LinkedIn\" style=\"border-radius: 0px;\">\n\t\t\t\t\t\t<span class=\"wp-block-coblocks-social__icon\" style=\"\"><\/span>\n\t\t\t\t\t\t<span class=\"wp-block-coblocks-social__text\" style=\"\">Compartilhar no LinkedIn<\/span>\n\t\t\t\t\t<\/a>\n\t\t\t\t<\/li><li>\n\t\t\t\t\t<a href=\"mailto:?subject=A%20reabertura%20das%20escolas%20s\u00f3%20confirma%20sua%20obsolesc\u00eancia%20\u2014%20Nathalia%20Colli&#038;body=A%20reabertura%20das%20escolas%20s\u00f3%20confirma%20sua%20obsolesc\u00eancia%20\u2014%20Nathalia%20Colli&mdash;https:\/\/zeroaesquerda.com.br\/index.php\/2021\/04\/16\/a-reabertura-das-escolas-so-confirma-sua-obsolescencia-nathalia-colli\/\" class=\"wp-block-button__link wp-block-coblocks-social__button wp-block-coblocks-social__button--email     has-padding\" title=\"Compartilhar por e-mail\" style=\"border-radius: 0px;\">\n\t\t\t\t\t\t<span class=\"wp-block-coblocks-social__icon\" style=\"\"><\/span>\n\t\t\t\t\t\t<span class=\"wp-block-coblocks-social__text\" style=\"\">Compartilhar por e-mail<\/span>\n\t\t\t\t\t<\/a>\n\t\t\t\t<\/li><li>\n\t\t\t\t\t<a href=\"https:\/\/plus.google.com\/share?url=https:\/\/zeroaesquerda.com.br\/index.php\/2021\/04\/16\/a-reabertura-das-escolas-so-confirma-sua-obsolescencia-nathalia-colli\/\" class=\"wp-block-button__link wp-block-coblocks-social__button wp-block-coblocks-social__button--google     has-padding\" title=\"Compartilhar no Google\" style=\"border-radius: 0px;\">\n\t\t\t\t\t\t<span class=\"wp-block-coblocks-social__icon\" style=\"\"><\/span>\n\t\t\t\t\t\t<span class=\"wp-block-coblocks-social__text\" style=\"\">Compartilhar no Google<\/span>\n\t\t\t\t\t<\/a>\n\t\t\t\t<\/li><li>\n\t\t\t\t\t<a href=\"https:\/\/www.reddit.com\/submit?url=https:\/\/zeroaesquerda.com.br\/index.php\/2021\/04\/16\/a-reabertura-das-escolas-so-confirma-sua-obsolescencia-nathalia-colli\/\" class=\"wp-block-button__link wp-block-coblocks-social__button wp-block-coblocks-social__button--reddit     has-padding\" title=\"Compartilhar no Reddit\" style=\"border-radius: 0px;\">\n\t\t\t\t\t\t<span class=\"wp-block-coblocks-social__icon\" style=\"\"><\/span>\n\t\t\t\t\t\t<span class=\"wp-block-coblocks-social__text\" style=\"\">Compartilhar no Reddit<\/span>\n\t\t\t\t\t<\/a>\n\t\t\t\t<\/li><\/ul><\/div>\n\n\n<p>N\u00e3o h\u00e1 nada para ser ensinado atrav\u00e9s das mat\u00e9rias fora aquilo que os alunos j\u00e1 recebem em casa. N\u00e3o h\u00e1 nenhum plano de futuro para os adolescentes e para as crian\u00e7as, nesse exato momento, a n\u00e3o ser sa\u00edrem com vida ao lado dos seus. Atrav\u00e9s do ensino remoto, talvez as aulas ainda ganhem algum sentido pelo contato com a abstra\u00e7\u00e3o, com o pensamento que nos movimenta para al\u00e9m desse horror que \u00e9 a vida imediata, nada al\u00e9m disso. De modo geral, estamos todos submetidos a uma \u00fanica educa\u00e7\u00e3o: esperar.<\/p>\n\n\n\n<p>A ansiedade pela reabertura \u00e9 a ansiedade pela resolu\u00e7\u00e3o atrav\u00e9s do \u00f3bito, onde morrer talvez seja melhor que esperar. Na data de hoje<a href=\"#_ftn1\"><sup>[1]<\/sup><\/a> a regi\u00e3o sul ultrapassou mais um marco hist\u00f3rico: pela primeira vez morrem mais pessoas por dia do que nascem. A conta governamental, um tanto escancarada, talvez seja ampliar ao limite essa diferen\u00e7a. J\u00e1 n\u00e3o h\u00e1 vagas nos hospitais, nos cemit\u00e9rios, nas consultas psiqui\u00e1tricas, nos empregos. N\u00e3o h\u00e1 vagas para humanos na terra. Abrir a escola \u00e9 um meio de salvar a institui\u00e7\u00e3o e matar o humano, no limite, est\u00e1 tudo de acordo com os ponteiros do rel\u00f3gio mundial. Basta se conformar que o caminho para a nossa pr\u00f3pria extin\u00e7\u00e3o \u00e9 o horizonte coletivo que cultivamos, o resto \u00e9 conversa de bar que, por falar nisso, tamb\u00e9m est\u00e1 no fim.<\/p>\n\n\n\n<p>Se por um lado \u00e9 verdade que a escola hoje perdeu sua fun\u00e7\u00e3o formadora para se tornar um grande dep\u00f3sito de crian\u00e7as \u2014 esp\u00e9cie de assist\u00eancia social destinada a movimenta\u00e7\u00e3o dos pais desses menores em dire\u00e7\u00e3o ao trabalho \u2014 , por outro, em um cen\u00e1rio pand\u00eamico, a escola j\u00e1 n\u00e3o cumpre nem mesmo este fim, j\u00e1 que o n\u00famero de alunos por sala \u00e9 reduzido e o retorno escolar flutua entre a seguran\u00e7a da reabertura e a emerg\u00eancia do fechamento. O fato \u00e9 facilmente observ\u00e1vel no n\u00famero de alunos que aderem ao retorno, ao menos nas escolas p\u00fablicas, e as brev\u00edssimas semanas onde a \u201cnormalidade\u201d e a \u201cseguran\u00e7a\u201d do ambiente podem ser garantidas; assim, a \u00fanica fun\u00e7\u00e3o plenamente garantida pelo retorno \u00e9 o aumento da contamina\u00e7\u00e3o da comunidade escolar. A justificativa econ\u00f4mica, por exemplo, \u00e9 desmascarada pelo desespero familiar de que seus filhos retornem ao \u201cdep\u00f3sito\u201d, para que o curso do trabalho siga, ainda que o trabalho n\u00e3o exista na pr\u00e1tica. O aux\u00edlio emergencial e o aux\u00edlio merenda parecem preocupar muito mais as fam\u00edlias dos estudantes das escolas p\u00fablicas do que o reclame pelo retorno. A bem intencionada preocupa\u00e7\u00e3o com a sa\u00fade mental dos estudantes e dos pais, h\u00e1 um ano quarentenados, demonstra apenas certa ades\u00e3o ao massacre: se h\u00e1 uma urg\u00eancia em retornar \u00e0 normalidade, por que ent\u00e3o n\u00e3o se cobra uma sa\u00edda coletiva dos governos \u00e0 barb\u00e1rie em que estamos todos metidos? Qualquer tentativa de \u201cnormaliza\u00e7\u00e3o\u201d pela via da redu\u00e7\u00e3o de danos mentais, se apresenta, de todo modo, como uma esp\u00e9cie estranha de conformismo diante da morte.&nbsp;<\/p>\n\n\n\n<p class=\"has-text-align-left\">O clima de morbidez j\u00e1 tomou tamb\u00e9m os corredores das escolas; talvez o an\u00fancio de sua fal\u00eancia tenha se mantido durante um longo per\u00edodo, sendo entregue a conta-gotas a verdade de sua n\u00e3o-fun\u00e7\u00e3o social. A crise sanit\u00e1ria s\u00f3 confirmou com mais for\u00e7a a intui\u00e7\u00e3o inomin\u00e1vel da comunidade escolar nas \u00faltimas d\u00e9cadas: a escola, tal qual a conhec\u00edamos, acabou. Para que ent\u00e3o a pressa em reabri-la?<\/p>\n\n\n\n<p><a href=\"#_ftnref1\"><sup>[1]<\/sup><\/a> O texto come\u00e7ou a ser escrito no dia 8 de abril de 2021. Nessa data, a regi\u00e3o sul do pa\u00eds divulgou a in\u00e9dita invers\u00e3o demogr\u00e1fica da regi\u00e3o, intensificada pela covid 19.<\/p>\n\n\n\n<p><\/p>\n\n\n<div class=\"wp-block-coblocks-social has-colors\" style=\" \"><ul><li>\n\t\t\t\t\t<a href=\"https:\/\/www.facebook.com\/sharer\/sharer.php?u=https:\/\/zeroaesquerda.com.br\/index.php\/2021\/04\/16\/a-reabertura-das-escolas-so-confirma-sua-obsolescencia-nathalia-colli\/&#038;title=A%20reabertura%20das%20escolas%20s\u00f3%20confirma%20sua%20obsolesc\u00eancia%20\u2014%20Nathalia%20Colli\" class=\"wp-block-button__link wp-block-coblocks-social__button wp-block-coblocks-social__button--facebook     has-padding\" title=\"Compartilhar no Facebook\" style=\"border-radius: 0px;\">\n\t\t\t\t\t\t<span class=\"wp-block-coblocks-social__icon\" style=\"\"><\/span>\n\t\t\t\t\t\t<span class=\"wp-block-coblocks-social__text\" style=\"\">Compartilhar no Facebook<\/span>\n\t\t\t\t\t<\/a>\n\t\t\t\t<\/li><li>\n\t\t\t\t\t<a href=\"http:\/\/twitter.com\/share?text=A%20reabertura%20das%20escolas%20s\u00f3%20confirma%20sua%20obsolesc\u00eancia%20\u2014%20Nathalia%20Colli&#038;url=https:\/\/zeroaesquerda.com.br\/index.php\/2021\/04\/16\/a-reabertura-das-escolas-so-confirma-sua-obsolescencia-nathalia-colli\/\" class=\"wp-block-button__link wp-block-coblocks-social__button wp-block-coblocks-social__button--twitter     has-padding\" title=\"Compartilhar no Twitter\" style=\"border-radius: 0px;\">\n\t\t\t\t\t\t<span class=\"wp-block-coblocks-social__icon\" style=\"\"><\/span>\n\t\t\t\t\t\t<span class=\"wp-block-coblocks-social__text\" style=\"\">Compartilhar no Twitter<\/span>\n\t\t\t\t\t<\/a>\n\t\t\t\t<\/li><li>\n\t\t\t\t\t<a href=\"https:\/\/www.linkedin.com\/shareArticle?mini=true&#038;url=https:\/\/zeroaesquerda.com.br\/index.php\/2021\/04\/16\/a-reabertura-das-escolas-so-confirma-sua-obsolescencia-nathalia-colli\/&#038;title=A%20reabertura%20das%20escolas%20s\u00f3%20confirma%20sua%20obsolesc\u00eancia%20\u2014%20Nathalia%20Colli\" class=\"wp-block-button__link wp-block-coblocks-social__button wp-block-coblocks-social__button--linkedin     has-padding\" title=\"Compartilhar no LinkedIn\" style=\"border-radius: 0px;\">\n\t\t\t\t\t\t<span class=\"wp-block-coblocks-social__icon\" style=\"\"><\/span>\n\t\t\t\t\t\t<span class=\"wp-block-coblocks-social__text\" style=\"\">Compartilhar no LinkedIn<\/span>\n\t\t\t\t\t<\/a>\n\t\t\t\t<\/li><li>\n\t\t\t\t\t<a href=\"mailto:?subject=A%20reabertura%20das%20escolas%20s\u00f3%20confirma%20sua%20obsolesc\u00eancia%20\u2014%20Nathalia%20Colli&#038;body=A%20reabertura%20das%20escolas%20s\u00f3%20confirma%20sua%20obsolesc\u00eancia%20\u2014%20Nathalia%20Colli&mdash;https:\/\/zeroaesquerda.com.br\/index.php\/2021\/04\/16\/a-reabertura-das-escolas-so-confirma-sua-obsolescencia-nathalia-colli\/\" class=\"wp-block-button__link wp-block-coblocks-social__button wp-block-coblocks-social__button--email     has-padding\" title=\"Compartilhar por e-mail\" style=\"border-radius: 0px;\">\n\t\t\t\t\t\t<span class=\"wp-block-coblocks-social__icon\" style=\"\"><\/span>\n\t\t\t\t\t\t<span class=\"wp-block-coblocks-social__text\" style=\"\">Compartilhar por e-mail<\/span>\n\t\t\t\t\t<\/a>\n\t\t\t\t<\/li><li>\n\t\t\t\t\t<a href=\"https:\/\/plus.google.com\/share?url=https:\/\/zeroaesquerda.com.br\/index.php\/2021\/04\/16\/a-reabertura-das-escolas-so-confirma-sua-obsolescencia-nathalia-colli\/\" class=\"wp-block-button__link wp-block-coblocks-social__button wp-block-coblocks-social__button--google     has-padding\" title=\"Compartilhar no Google\" style=\"border-radius: 0px;\">\n\t\t\t\t\t\t<span class=\"wp-block-coblocks-social__icon\" style=\"\"><\/span>\n\t\t\t\t\t\t<span class=\"wp-block-coblocks-social__text\" style=\"\">Compartilhar no Google<\/span>\n\t\t\t\t\t<\/a>\n\t\t\t\t<\/li><li>\n\t\t\t\t\t<a href=\"https:\/\/www.reddit.com\/submit?url=https:\/\/zeroaesquerda.com.br\/index.php\/2021\/04\/16\/a-reabertura-das-escolas-so-confirma-sua-obsolescencia-nathalia-colli\/\" class=\"wp-block-button__link wp-block-coblocks-social__button wp-block-coblocks-social__button--reddit     has-padding\" title=\"Compartilhar no Reddit\" style=\"border-radius: 0px;\">\n\t\t\t\t\t\t<span class=\"wp-block-coblocks-social__icon\" style=\"\"><\/span>\n\t\t\t\t\t\t<span class=\"wp-block-coblocks-social__text\" style=\"\">Compartilhar no Reddit<\/span>\n\t\t\t\t\t<\/a>\n\t\t\t\t<\/li><\/ul><\/div>\n\n\n<hr class=\"wp-block-separator is-style-default\"\/>\n\n\n<style>.wp-block-kadence-column.kb-section-dir-horizontal > .kt-inside-inner-col > #kt-info-box_906109-c4 .kt-blocks-info-box-link-wrap{max-width:unset;}#kt-info-box_906109-c4 .kt-blocks-info-box-link-wrap{border-color:#d70141;border-top-width:5px;border-right-width:5px;border-bottom-width:5px;border-left-width:5px;background:#d70141;padding-top:24px;padding-right:24px;padding-bottom:24px;padding-left:24px;margin-top:50px;}#kt-info-box_906109-c4 .kt-blocks-info-box-link-wrap:hover{border-color:#d70141;background:#d70141;}#kt-info-box_906109-c4.wp-block-kadence-infobox{max-width:100%;}#kt-info-box_906109-c4 .kadence-info-box-image-inner-intrisic-container{max-width:195px;}#kt-info-box_906109-c4 .kadence-info-box-image-inner-intrisic-container .kadence-info-box-image-intrisic{padding-bottom:99.6528%;width:1440px;height:0px;max-width:100%;}#kt-info-box_906109-c4 .kadence-info-box-icon-container .kt-info-svg-icon, #kt-info-box_906109-c4 .kt-info-svg-icon-flip, #kt-info-box_906109-c4 .kt-blocks-info-box-number{font-size:50px;}#kt-info-box_906109-c4 .kt-blocks-info-box-media{color:#444444;background:#ffffff;border-color:#eeeeee;border-top-width:5px;border-right-width:5px;border-bottom-width:5px;border-left-width:5px;padding-top:0px;padding-right:0px;padding-bottom:0px;padding-left:0px;}#kt-info-box_906109-c4 .kt-blocks-info-box-media-container{margin-top:-75px;margin-right:0px;margin-bottom:20px;margin-left:0px;}#kt-info-box_906109-c4 .kt-blocks-info-box-link-wrap:hover .kt-blocks-info-box-media{color:#444444;background:#ffffff;border-color:#eeeeee;}#kt-info-box_906109-c4 .kt-infobox-textcontent h2.kt-blocks-info-box-title{color:#f7e6d4;padding-top:0px;padding-right:0px;padding-bottom:0px;padding-left:0px;margin-top:5px;margin-right:0px;margin-bottom:10px;margin-left:0px;}#kt-info-box_906109-c4 .kt-blocks-info-box-link-wrap:hover h2.kt-blocks-info-box-title{color:#f7e6d4;}#kt-info-box_906109-c4 .kt-infobox-textcontent .kt-blocks-info-box-text{color:#f4dcc3;}#kt-info-box_906109-c4 .kt-blocks-info-box-link-wrap:hover .kt-blocks-info-box-text{color:#f4dcc3;}#kt-info-box_906109-c4 .kt-blocks-info-box-learnmore{background:transparent;border-width:0px 0px 0px 0px;padding-top:4px;padding-right:8px;padding-bottom:4px;padding-left:8px;margin-top:10px;margin-right:0px;margin-bottom:10px;margin-left:0px;}<\/style>\n<div id=\"kt-info-box_906109-c4\" class=\"wp-block-kadence-infobox\"><a class=\"kt-blocks-info-box-link-wrap info-box-link kt-blocks-info-box-media-align-top kt-info-halign-left\" target=\"_blank\" rel=\"noopener noreferrer\"><div class=\"kt-blocks-info-box-media-container\"><div class=\"kt-blocks-info-box-media kt-info-media-animate-none\"><div class=\"kadence-info-box-image-inner-intrisic-container\" style=\"max-width:195px\"><div class=\"kadence-info-box-image-intrisic kt-info-animate-none\" style=\"padding-bottom:99.65277777777779%;height:0;width:1440px;max-width:100%\"><div class=\"kadence-info-box-image-inner-intrisic\"><img loading=\"lazy\" decoding=\"async\" src=\"https:\/\/zeroaesquerda.com.br\/wp-content\/uploads\/2021\/05\/NataliaColli.jpg\" alt=\"\" width=\"1440\" height=\"1435\" class=\"kt-info-box-image wp-image-1470 \" srcset=\"https:\/\/zeroaesquerda.com.br\/wp-content\/uploads\/2021\/05\/NataliaColli.jpg 1440w, https:\/\/zeroaesquerda.com.br\/wp-content\/uploads\/2021\/05\/NataliaColli-300x300.jpg 300w, https:\/\/zeroaesquerda.com.br\/wp-content\/uploads\/2021\/05\/NataliaColli-1024x1020.jpg 1024w, https:\/\/zeroaesquerda.com.br\/wp-content\/uploads\/2021\/05\/NataliaColli-150x150.jpg 150w, https:\/\/zeroaesquerda.com.br\/wp-content\/uploads\/2021\/05\/NataliaColli-768x765.jpg 768w\" sizes=\"auto, (max-width: 1440px) 100vw, 1440px\" \/><\/div><\/div><\/div><\/div><\/div><div class=\"kt-infobox-textcontent\"><h2 class=\"kt-blocks-info-box-title\">Nathalia Colli<\/h2><p class=\"kt-blocks-info-box-text\"> \u00c9 professora do Estado, mestranda no Departamento de Teoria Liter\u00e1ria e Literatura Comparada da Universidade de S\u00e3o Paulo e formada em Filosofia pela Universidade Federal de S\u00e3o Paulo.<\/p><\/div><\/a><\/div>\n","protected":false},"excerpt":{"rendered":"<p>N\u00e3o h\u00e1 nada para ser ensinado atrav\u00e9s das mat\u00e9rias fora aquilo que os alunos j\u00e1 recebem em casa. N\u00e3o h\u00e1 nenhum plano de futuro para os adolescentes e para as crian\u00e7as, nesse exato momento, a n\u00e3o ser sa\u00edrem com vida ao lado dos seus. Atrav\u00e9s do ensino remoto, talvez as aulas ainda ganhem algum sentido&#8230;<\/p>\n","protected":false},"author":1,"featured_media":1395,"comment_status":"open","ping_status":"open","sticky":false,"template":"","format":"standard","meta":{"_coblocks_attr":"","_coblocks_dimensions":"","_coblocks_responsive_height":"","_coblocks_accordion_ie_support":"","om_disable_all_campaigns":false,"_monsterinsights_skip_tracking":false,"_monsterinsights_sitenote_active":false,"_monsterinsights_sitenote_note":"","_monsterinsights_sitenote_category":0,"_uf_show_specific_survey":0,"_uf_disable_surveys":false,"_kadence_starter_templates_imported_post":false,"_kad_post_transparent":"","_kad_post_title":"","_kad_post_layout":"","_kad_post_sidebar_id":"","_kad_post_content_style":"","_kad_post_vertical_padding":"","_kad_post_feature":"","_kad_post_feature_position":"","_kad_post_header":false,"_kad_post_footer":false,"_kad_post_classname":"","footnotes":""},"categories":[350,376,347],"tags":[],"class_list":["post-1394","post","type-post","status-publish","format-standard","has-post-thumbnail","hentry","category-autores","category-nathalia-colli","category-producoes"],"yoast_head":"<!-- This site is optimized with the Yoast SEO plugin v27.4 - https:\/\/yoast.com\/product\/yoast-seo-wordpress\/ -->\n<title>A reabertura das escolas s\u00f3 confirma sua obsolesc\u00eancia \u2014 Nathalia Colli - Zero \u00e0 Esquerda<\/title>\n<meta name=\"description\" content=\"&quot;N\u00e3o h\u00e1 nada para ser ensinado atrav\u00e9s das mat\u00e9rias fora aquilo que os alunos j\u00e1 recebem em casa. N\u00e3o h\u00e1 nenhum plano de futuro para os adolescentes e para as crian\u00e7as, nesse exato momento, a n\u00e3o ser sa\u00edrem com vida ao lado dos seus. Atrav\u00e9s do ensino remoto, talvez as aulas ainda ganhem algum sentido pelo contato com a abstra\u00e7\u00e3o, com o pensamento que nos movimenta para al\u00e9m desse horror que \u00e9 a vida imediata, nada al\u00e9m disso. De modo geral, estamos todos submetidos a uma \u00fanica educa\u00e7\u00e3o: esperar.&quot;\" \/>\n<meta name=\"robots\" content=\"index, follow, max-snippet:-1, max-image-preview:large, max-video-preview:-1\" \/>\n<link rel=\"canonical\" href=\"https:\/\/zeroaesquerda.com.br\/index.php\/2021\/04\/16\/a-reabertura-das-escolas-so-confirma-sua-obsolescencia-nathalia-colli\/\" \/>\n<meta property=\"og:locale\" content=\"pt_BR\" \/>\n<meta property=\"og:type\" content=\"article\" \/>\n<meta property=\"og:title\" content=\"A reabertura das escolas s\u00f3 confirma sua obsolesc\u00eancia \u2014 Nathalia Colli - Zero \u00e0 Esquerda\" \/>\n<meta property=\"og:description\" content=\"&quot;N\u00e3o h\u00e1 nada para ser ensinado atrav\u00e9s das mat\u00e9rias fora aquilo que os alunos j\u00e1 recebem em casa. N\u00e3o h\u00e1 nenhum plano de futuro para os adolescentes e para as crian\u00e7as, nesse exato momento, a n\u00e3o ser sa\u00edrem com vida ao lado dos seus. Atrav\u00e9s do ensino remoto, talvez as aulas ainda ganhem algum sentido pelo contato com a abstra\u00e7\u00e3o, com o pensamento que nos movimenta para al\u00e9m desse horror que \u00e9 a vida imediata, nada al\u00e9m disso. De modo geral, estamos todos submetidos a uma \u00fanica educa\u00e7\u00e3o: esperar.&quot;\" \/>\n<meta property=\"og:url\" content=\"https:\/\/zeroaesquerda.com.br\/index.php\/2021\/04\/16\/a-reabertura-das-escolas-so-confirma-sua-obsolescencia-nathalia-colli\/\" \/>\n<meta property=\"og:site_name\" content=\"Zero \u00e0 Esquerda\" \/>\n<meta property=\"article:publisher\" content=\"https:\/\/www.facebook.com\/revistazeroaesquerda\" \/>\n<meta property=\"article:published_time\" content=\"2021-04-16T19:14:17+00:00\" \/>\n<meta property=\"article:modified_time\" content=\"2021-05-05T23:10:33+00:00\" \/>\n<meta property=\"og:image\" content=\"https:\/\/zeroaesquerda.com.br\/wp-content\/uploads\/2021\/04\/vIVE-LA-COMMUNE-1871-\u516c\u793e\u842c\u6b72-1927-10.jpg\" \/>\n\t<meta property=\"og:image:width\" content=\"1920\" \/>\n\t<meta property=\"og:image:height\" content=\"1080\" \/>\n\t<meta property=\"og:image:type\" content=\"image\/jpeg\" \/>\n<meta name=\"author\" content=\"Zero \u00e0 Esquerda\" \/>\n<meta name=\"twitter:card\" content=\"summary_large_image\" \/>\n<meta name=\"twitter:creator\" content=\"@z3roaesquerda\" \/>\n<meta name=\"twitter:site\" content=\"@z3roaesquerda\" \/>\n<meta name=\"twitter:label1\" content=\"Escrito por\" \/>\n\t<meta name=\"twitter:data1\" content=\"Zero \u00e0 Esquerda\" \/>\n\t<meta name=\"twitter:label2\" content=\"Est. tempo de leitura\" \/>\n\t<meta name=\"twitter:data2\" content=\"3 minutos\" \/>\n<script type=\"application\/ld+json\" class=\"yoast-schema-graph\">{\"@context\":\"https:\\\/\\\/schema.org\",\"@graph\":[{\"@type\":\"Article\",\"@id\":\"https:\\\/\\\/zeroaesquerda.com.br\\\/index.php\\\/2021\\\/04\\\/16\\\/a-reabertura-das-escolas-so-confirma-sua-obsolescencia-nathalia-colli\\\/#article\",\"isPartOf\":{\"@id\":\"https:\\\/\\\/zeroaesquerda.com.br\\\/index.php\\\/2021\\\/04\\\/16\\\/a-reabertura-das-escolas-so-confirma-sua-obsolescencia-nathalia-colli\\\/\"},\"author\":{\"name\":\"Zero \u00e0 Esquerda\",\"@id\":\"https:\\\/\\\/zeroaesquerda.com.br\\\/#\\\/schema\\\/person\\\/04e72095a4fbe77f00c7b047955ed0b8\"},\"headline\":\"A reabertura das escolas s\u00f3 confirma sua obsolesc\u00eancia \u2014 Nathalia Colli\",\"datePublished\":\"2021-04-16T19:14:17+00:00\",\"dateModified\":\"2021-05-05T23:10:33+00:00\",\"mainEntityOfPage\":{\"@id\":\"https:\\\/\\\/zeroaesquerda.com.br\\\/index.php\\\/2021\\\/04\\\/16\\\/a-reabertura-das-escolas-so-confirma-sua-obsolescencia-nathalia-colli\\\/\"},\"wordCount\":687,\"commentCount\":0,\"publisher\":{\"@id\":\"https:\\\/\\\/zeroaesquerda.com.br\\\/#organization\"},\"image\":{\"@id\":\"https:\\\/\\\/zeroaesquerda.com.br\\\/index.php\\\/2021\\\/04\\\/16\\\/a-reabertura-das-escolas-so-confirma-sua-obsolescencia-nathalia-colli\\\/#primaryimage\"},\"thumbnailUrl\":\"https:\\\/\\\/zeroaesquerda.com.br\\\/wp-content\\\/uploads\\\/2021\\\/04\\\/vIVE-LA-COMMUNE-1871-\u516c\u793e\u842c\u6b72-1927-10.jpg\",\"articleSection\":[\"Autores\",\"Nathalia Colli\",\"Produ\u00e7\u00f5es\"],\"inLanguage\":\"pt-BR\",\"potentialAction\":[{\"@type\":\"CommentAction\",\"name\":\"Comment\",\"target\":[\"https:\\\/\\\/zeroaesquerda.com.br\\\/index.php\\\/2021\\\/04\\\/16\\\/a-reabertura-das-escolas-so-confirma-sua-obsolescencia-nathalia-colli\\\/#respond\"]}]},{\"@type\":\"WebPage\",\"@id\":\"https:\\\/\\\/zeroaesquerda.com.br\\\/index.php\\\/2021\\\/04\\\/16\\\/a-reabertura-das-escolas-so-confirma-sua-obsolescencia-nathalia-colli\\\/\",\"url\":\"https:\\\/\\\/zeroaesquerda.com.br\\\/index.php\\\/2021\\\/04\\\/16\\\/a-reabertura-das-escolas-so-confirma-sua-obsolescencia-nathalia-colli\\\/\",\"name\":\"A reabertura das escolas s\u00f3 confirma sua obsolesc\u00eancia \u2014 Nathalia Colli - Zero \u00e0 Esquerda\",\"isPartOf\":{\"@id\":\"https:\\\/\\\/zeroaesquerda.com.br\\\/#website\"},\"primaryImageOfPage\":{\"@id\":\"https:\\\/\\\/zeroaesquerda.com.br\\\/index.php\\\/2021\\\/04\\\/16\\\/a-reabertura-das-escolas-so-confirma-sua-obsolescencia-nathalia-colli\\\/#primaryimage\"},\"image\":{\"@id\":\"https:\\\/\\\/zeroaesquerda.com.br\\\/index.php\\\/2021\\\/04\\\/16\\\/a-reabertura-das-escolas-so-confirma-sua-obsolescencia-nathalia-colli\\\/#primaryimage\"},\"thumbnailUrl\":\"https:\\\/\\\/zeroaesquerda.com.br\\\/wp-content\\\/uploads\\\/2021\\\/04\\\/vIVE-LA-COMMUNE-1871-\u516c\u793e\u842c\u6b72-1927-10.jpg\",\"datePublished\":\"2021-04-16T19:14:17+00:00\",\"dateModified\":\"2021-05-05T23:10:33+00:00\",\"description\":\"\\\"N\u00e3o h\u00e1 nada para ser ensinado atrav\u00e9s das mat\u00e9rias fora aquilo que os alunos j\u00e1 recebem em casa. N\u00e3o h\u00e1 nenhum plano de futuro para os adolescentes e para as crian\u00e7as, nesse exato momento, a n\u00e3o ser sa\u00edrem com vida ao lado dos seus. Atrav\u00e9s do ensino remoto, talvez as aulas ainda ganhem algum sentido pelo contato com a abstra\u00e7\u00e3o, com o pensamento que nos movimenta para al\u00e9m desse horror que \u00e9 a vida imediata, nada al\u00e9m disso. De modo geral, estamos todos submetidos a uma \u00fanica educa\u00e7\u00e3o: esperar.\\\"\",\"breadcrumb\":{\"@id\":\"https:\\\/\\\/zeroaesquerda.com.br\\\/index.php\\\/2021\\\/04\\\/16\\\/a-reabertura-das-escolas-so-confirma-sua-obsolescencia-nathalia-colli\\\/#breadcrumb\"},\"inLanguage\":\"pt-BR\",\"potentialAction\":[{\"@type\":\"ReadAction\",\"target\":[\"https:\\\/\\\/zeroaesquerda.com.br\\\/index.php\\\/2021\\\/04\\\/16\\\/a-reabertura-das-escolas-so-confirma-sua-obsolescencia-nathalia-colli\\\/\"]}]},{\"@type\":\"ImageObject\",\"inLanguage\":\"pt-BR\",\"@id\":\"https:\\\/\\\/zeroaesquerda.com.br\\\/index.php\\\/2021\\\/04\\\/16\\\/a-reabertura-das-escolas-so-confirma-sua-obsolescencia-nathalia-colli\\\/#primaryimage\",\"url\":\"https:\\\/\\\/zeroaesquerda.com.br\\\/wp-content\\\/uploads\\\/2021\\\/04\\\/vIVE-LA-COMMUNE-1871-\u516c\u793e\u842c\u6b72-1927-10.jpg\",\"contentUrl\":\"https:\\\/\\\/zeroaesquerda.com.br\\\/wp-content\\\/uploads\\\/2021\\\/04\\\/vIVE-LA-COMMUNE-1871-\u516c\u793e\u842c\u6b72-1927-10.jpg\",\"width\":1920,\"height\":1080},{\"@type\":\"BreadcrumbList\",\"@id\":\"https:\\\/\\\/zeroaesquerda.com.br\\\/index.php\\\/2021\\\/04\\\/16\\\/a-reabertura-das-escolas-so-confirma-sua-obsolescencia-nathalia-colli\\\/#breadcrumb\",\"itemListElement\":[{\"@type\":\"ListItem\",\"position\":1,\"name\":\"In\u00edcio\",\"item\":\"https:\\\/\\\/zeroaesquerda.com.br\\\/\"},{\"@type\":\"ListItem\",\"position\":2,\"name\":\"A reabertura das escolas s\u00f3 confirma sua obsolesc\u00eancia \u2014 Nathalia Colli\"}]},{\"@type\":\"WebSite\",\"@id\":\"https:\\\/\\\/zeroaesquerda.com.br\\\/#website\",\"url\":\"https:\\\/\\\/zeroaesquerda.com.br\\\/\",\"name\":\"Zero \u00e0 Esquerda\",\"description\":\"Tra\u00e7ando tend\u00eancias para al\u00e9m do capitalismo.\",\"publisher\":{\"@id\":\"https:\\\/\\\/zeroaesquerda.com.br\\\/#organization\"},\"potentialAction\":[{\"@type\":\"SearchAction\",\"target\":{\"@type\":\"EntryPoint\",\"urlTemplate\":\"https:\\\/\\\/zeroaesquerda.com.br\\\/?s={search_term_string}\"},\"query-input\":{\"@type\":\"PropertyValueSpecification\",\"valueRequired\":true,\"valueName\":\"search_term_string\"}}],\"inLanguage\":\"pt-BR\"},{\"@type\":\"Organization\",\"@id\":\"https:\\\/\\\/zeroaesquerda.com.br\\\/#organization\",\"name\":\"Zero \u00e0 Esquerda\",\"url\":\"https:\\\/\\\/zeroaesquerda.com.br\\\/\",\"logo\":{\"@type\":\"ImageObject\",\"inLanguage\":\"pt-BR\",\"@id\":\"https:\\\/\\\/zeroaesquerda.com.br\\\/#\\\/schema\\\/logo\\\/image\\\/\",\"url\":\"https:\\\/\\\/zeroaesquerda.com.br\\\/wp-content\\\/uploads\\\/2021\\\/01\\\/4-simbolo-zero-a-esquerda-favicon-alt.png\",\"contentUrl\":\"https:\\\/\\\/zeroaesquerda.com.br\\\/wp-content\\\/uploads\\\/2021\\\/01\\\/4-simbolo-zero-a-esquerda-favicon-alt.png\",\"width\":1271,\"height\":1069,\"caption\":\"Zero \u00e0 Esquerda\"},\"image\":{\"@id\":\"https:\\\/\\\/zeroaesquerda.com.br\\\/#\\\/schema\\\/logo\\\/image\\\/\"},\"sameAs\":[\"https:\\\/\\\/www.facebook.com\\\/revistazeroaesquerda\",\"https:\\\/\\\/x.com\\\/z3roaesquerda\",\"https:\\\/\\\/www.instagram.com\\\/revistazeroaesquerda\\\/\",\"https:\\\/\\\/www.youtube.com\\\/channel\\\/UCIaGx271Qw6D1QwqYBojrLw\"]},{\"@type\":\"Person\",\"@id\":\"https:\\\/\\\/zeroaesquerda.com.br\\\/#\\\/schema\\\/person\\\/04e72095a4fbe77f00c7b047955ed0b8\",\"name\":\"Zero \u00e0 Esquerda\",\"image\":{\"@type\":\"ImageObject\",\"inLanguage\":\"pt-BR\",\"@id\":\"https:\\\/\\\/secure.gravatar.com\\\/avatar\\\/a417d8eccb1cec435aa9a93213f41ee528a636232351421dedc4ada2160b3f1b?s=96&d=mm&r=g\",\"url\":\"https:\\\/\\\/secure.gravatar.com\\\/avatar\\\/a417d8eccb1cec435aa9a93213f41ee528a636232351421dedc4ada2160b3f1b?s=96&d=mm&r=g\",\"contentUrl\":\"https:\\\/\\\/secure.gravatar.com\\\/avatar\\\/a417d8eccb1cec435aa9a93213f41ee528a636232351421dedc4ada2160b3f1b?s=96&d=mm&r=g\",\"caption\":\"Zero \u00e0 Esquerda\"},\"description\":\"Tra\u00e7ando tend\u00eancias para al\u00e9m do capitalismo.\",\"sameAs\":[\"http:\\\/\\\/zeroaesquerda.com.br\"],\"url\":\"https:\\\/\\\/zeroaesquerda.com.br\\\/index.php\\\/author\\\/revistazeroaesquerdagmail-com\\\/\"}]}<\/script>\n<!-- \/ Yoast SEO plugin. -->","yoast_head_json":{"title":"A reabertura das escolas s\u00f3 confirma sua obsolesc\u00eancia \u2014 Nathalia Colli - Zero \u00e0 Esquerda","description":"\"N\u00e3o h\u00e1 nada para ser ensinado atrav\u00e9s das mat\u00e9rias fora aquilo que os alunos j\u00e1 recebem em casa. N\u00e3o h\u00e1 nenhum plano de futuro para os adolescentes e para as crian\u00e7as, nesse exato momento, a n\u00e3o ser sa\u00edrem com vida ao lado dos seus. Atrav\u00e9s do ensino remoto, talvez as aulas ainda ganhem algum sentido pelo contato com a abstra\u00e7\u00e3o, com o pensamento que nos movimenta para al\u00e9m desse horror que \u00e9 a vida imediata, nada al\u00e9m disso. De modo geral, estamos todos submetidos a uma \u00fanica educa\u00e7\u00e3o: esperar.\"","robots":{"index":"index","follow":"follow","max-snippet":"max-snippet:-1","max-image-preview":"max-image-preview:large","max-video-preview":"max-video-preview:-1"},"canonical":"https:\/\/zeroaesquerda.com.br\/index.php\/2021\/04\/16\/a-reabertura-das-escolas-so-confirma-sua-obsolescencia-nathalia-colli\/","og_locale":"pt_BR","og_type":"article","og_title":"A reabertura das escolas s\u00f3 confirma sua obsolesc\u00eancia \u2014 Nathalia Colli - Zero \u00e0 Esquerda","og_description":"\"N\u00e3o h\u00e1 nada para ser ensinado atrav\u00e9s das mat\u00e9rias fora aquilo que os alunos j\u00e1 recebem em casa. N\u00e3o h\u00e1 nenhum plano de futuro para os adolescentes e para as crian\u00e7as, nesse exato momento, a n\u00e3o ser sa\u00edrem com vida ao lado dos seus. Atrav\u00e9s do ensino remoto, talvez as aulas ainda ganhem algum sentido pelo contato com a abstra\u00e7\u00e3o, com o pensamento que nos movimenta para al\u00e9m desse horror que \u00e9 a vida imediata, nada al\u00e9m disso. De modo geral, estamos todos submetidos a uma \u00fanica educa\u00e7\u00e3o: esperar.\"","og_url":"https:\/\/zeroaesquerda.com.br\/index.php\/2021\/04\/16\/a-reabertura-das-escolas-so-confirma-sua-obsolescencia-nathalia-colli\/","og_site_name":"Zero \u00e0 Esquerda","article_publisher":"https:\/\/www.facebook.com\/revistazeroaesquerda","article_published_time":"2021-04-16T19:14:17+00:00","article_modified_time":"2021-05-05T23:10:33+00:00","og_image":[{"width":1920,"height":1080,"url":"https:\/\/zeroaesquerda.com.br\/wp-content\/uploads\/2021\/04\/vIVE-LA-COMMUNE-1871-\u516c\u793e\u842c\u6b72-1927-10.jpg","type":"image\/jpeg"}],"author":"Zero \u00e0 Esquerda","twitter_card":"summary_large_image","twitter_creator":"@z3roaesquerda","twitter_site":"@z3roaesquerda","twitter_misc":{"Escrito por":"Zero \u00e0 Esquerda","Est. tempo de leitura":"3 minutos"},"schema":{"@context":"https:\/\/schema.org","@graph":[{"@type":"Article","@id":"https:\/\/zeroaesquerda.com.br\/index.php\/2021\/04\/16\/a-reabertura-das-escolas-so-confirma-sua-obsolescencia-nathalia-colli\/#article","isPartOf":{"@id":"https:\/\/zeroaesquerda.com.br\/index.php\/2021\/04\/16\/a-reabertura-das-escolas-so-confirma-sua-obsolescencia-nathalia-colli\/"},"author":{"name":"Zero \u00e0 Esquerda","@id":"https:\/\/zeroaesquerda.com.br\/#\/schema\/person\/04e72095a4fbe77f00c7b047955ed0b8"},"headline":"A reabertura das escolas s\u00f3 confirma sua obsolesc\u00eancia \u2014 Nathalia Colli","datePublished":"2021-04-16T19:14:17+00:00","dateModified":"2021-05-05T23:10:33+00:00","mainEntityOfPage":{"@id":"https:\/\/zeroaesquerda.com.br\/index.php\/2021\/04\/16\/a-reabertura-das-escolas-so-confirma-sua-obsolescencia-nathalia-colli\/"},"wordCount":687,"commentCount":0,"publisher":{"@id":"https:\/\/zeroaesquerda.com.br\/#organization"},"image":{"@id":"https:\/\/zeroaesquerda.com.br\/index.php\/2021\/04\/16\/a-reabertura-das-escolas-so-confirma-sua-obsolescencia-nathalia-colli\/#primaryimage"},"thumbnailUrl":"https:\/\/zeroaesquerda.com.br\/wp-content\/uploads\/2021\/04\/vIVE-LA-COMMUNE-1871-\u516c\u793e\u842c\u6b72-1927-10.jpg","articleSection":["Autores","Nathalia Colli","Produ\u00e7\u00f5es"],"inLanguage":"pt-BR","potentialAction":[{"@type":"CommentAction","name":"Comment","target":["https:\/\/zeroaesquerda.com.br\/index.php\/2021\/04\/16\/a-reabertura-das-escolas-so-confirma-sua-obsolescencia-nathalia-colli\/#respond"]}]},{"@type":"WebPage","@id":"https:\/\/zeroaesquerda.com.br\/index.php\/2021\/04\/16\/a-reabertura-das-escolas-so-confirma-sua-obsolescencia-nathalia-colli\/","url":"https:\/\/zeroaesquerda.com.br\/index.php\/2021\/04\/16\/a-reabertura-das-escolas-so-confirma-sua-obsolescencia-nathalia-colli\/","name":"A reabertura das escolas s\u00f3 confirma sua obsolesc\u00eancia \u2014 Nathalia Colli - Zero \u00e0 Esquerda","isPartOf":{"@id":"https:\/\/zeroaesquerda.com.br\/#website"},"primaryImageOfPage":{"@id":"https:\/\/zeroaesquerda.com.br\/index.php\/2021\/04\/16\/a-reabertura-das-escolas-so-confirma-sua-obsolescencia-nathalia-colli\/#primaryimage"},"image":{"@id":"https:\/\/zeroaesquerda.com.br\/index.php\/2021\/04\/16\/a-reabertura-das-escolas-so-confirma-sua-obsolescencia-nathalia-colli\/#primaryimage"},"thumbnailUrl":"https:\/\/zeroaesquerda.com.br\/wp-content\/uploads\/2021\/04\/vIVE-LA-COMMUNE-1871-\u516c\u793e\u842c\u6b72-1927-10.jpg","datePublished":"2021-04-16T19:14:17+00:00","dateModified":"2021-05-05T23:10:33+00:00","description":"\"N\u00e3o h\u00e1 nada para ser ensinado atrav\u00e9s das mat\u00e9rias fora aquilo que os alunos j\u00e1 recebem em casa. N\u00e3o h\u00e1 nenhum plano de futuro para os adolescentes e para as crian\u00e7as, nesse exato momento, a n\u00e3o ser sa\u00edrem com vida ao lado dos seus. Atrav\u00e9s do ensino remoto, talvez as aulas ainda ganhem algum sentido pelo contato com a abstra\u00e7\u00e3o, com o pensamento que nos movimenta para al\u00e9m desse horror que \u00e9 a vida imediata, nada al\u00e9m disso. De modo geral, estamos todos submetidos a uma \u00fanica educa\u00e7\u00e3o: esperar.\"","breadcrumb":{"@id":"https:\/\/zeroaesquerda.com.br\/index.php\/2021\/04\/16\/a-reabertura-das-escolas-so-confirma-sua-obsolescencia-nathalia-colli\/#breadcrumb"},"inLanguage":"pt-BR","potentialAction":[{"@type":"ReadAction","target":["https:\/\/zeroaesquerda.com.br\/index.php\/2021\/04\/16\/a-reabertura-das-escolas-so-confirma-sua-obsolescencia-nathalia-colli\/"]}]},{"@type":"ImageObject","inLanguage":"pt-BR","@id":"https:\/\/zeroaesquerda.com.br\/index.php\/2021\/04\/16\/a-reabertura-das-escolas-so-confirma-sua-obsolescencia-nathalia-colli\/#primaryimage","url":"https:\/\/zeroaesquerda.com.br\/wp-content\/uploads\/2021\/04\/vIVE-LA-COMMUNE-1871-\u516c\u793e\u842c\u6b72-1927-10.jpg","contentUrl":"https:\/\/zeroaesquerda.com.br\/wp-content\/uploads\/2021\/04\/vIVE-LA-COMMUNE-1871-\u516c\u793e\u842c\u6b72-1927-10.jpg","width":1920,"height":1080},{"@type":"BreadcrumbList","@id":"https:\/\/zeroaesquerda.com.br\/index.php\/2021\/04\/16\/a-reabertura-das-escolas-so-confirma-sua-obsolescencia-nathalia-colli\/#breadcrumb","itemListElement":[{"@type":"ListItem","position":1,"name":"In\u00edcio","item":"https:\/\/zeroaesquerda.com.br\/"},{"@type":"ListItem","position":2,"name":"A reabertura das escolas s\u00f3 confirma sua obsolesc\u00eancia \u2014 Nathalia Colli"}]},{"@type":"WebSite","@id":"https:\/\/zeroaesquerda.com.br\/#website","url":"https:\/\/zeroaesquerda.com.br\/","name":"Zero \u00e0 Esquerda","description":"Tra\u00e7ando tend\u00eancias para al\u00e9m do capitalismo.","publisher":{"@id":"https:\/\/zeroaesquerda.com.br\/#organization"},"potentialAction":[{"@type":"SearchAction","target":{"@type":"EntryPoint","urlTemplate":"https:\/\/zeroaesquerda.com.br\/?s={search_term_string}"},"query-input":{"@type":"PropertyValueSpecification","valueRequired":true,"valueName":"search_term_string"}}],"inLanguage":"pt-BR"},{"@type":"Organization","@id":"https:\/\/zeroaesquerda.com.br\/#organization","name":"Zero \u00e0 Esquerda","url":"https:\/\/zeroaesquerda.com.br\/","logo":{"@type":"ImageObject","inLanguage":"pt-BR","@id":"https:\/\/zeroaesquerda.com.br\/#\/schema\/logo\/image\/","url":"https:\/\/zeroaesquerda.com.br\/wp-content\/uploads\/2021\/01\/4-simbolo-zero-a-esquerda-favicon-alt.png","contentUrl":"https:\/\/zeroaesquerda.com.br\/wp-content\/uploads\/2021\/01\/4-simbolo-zero-a-esquerda-favicon-alt.png","width":1271,"height":1069,"caption":"Zero \u00e0 Esquerda"},"image":{"@id":"https:\/\/zeroaesquerda.com.br\/#\/schema\/logo\/image\/"},"sameAs":["https:\/\/www.facebook.com\/revistazeroaesquerda","https:\/\/x.com\/z3roaesquerda","https:\/\/www.instagram.com\/revistazeroaesquerda\/","https:\/\/www.youtube.com\/channel\/UCIaGx271Qw6D1QwqYBojrLw"]},{"@type":"Person","@id":"https:\/\/zeroaesquerda.com.br\/#\/schema\/person\/04e72095a4fbe77f00c7b047955ed0b8","name":"Zero \u00e0 Esquerda","image":{"@type":"ImageObject","inLanguage":"pt-BR","@id":"https:\/\/secure.gravatar.com\/avatar\/a417d8eccb1cec435aa9a93213f41ee528a636232351421dedc4ada2160b3f1b?s=96&d=mm&r=g","url":"https:\/\/secure.gravatar.com\/avatar\/a417d8eccb1cec435aa9a93213f41ee528a636232351421dedc4ada2160b3f1b?s=96&d=mm&r=g","contentUrl":"https:\/\/secure.gravatar.com\/avatar\/a417d8eccb1cec435aa9a93213f41ee528a636232351421dedc4ada2160b3f1b?s=96&d=mm&r=g","caption":"Zero \u00e0 Esquerda"},"description":"Tra\u00e7ando tend\u00eancias para al\u00e9m do capitalismo.","sameAs":["http:\/\/zeroaesquerda.com.br"],"url":"https:\/\/zeroaesquerda.com.br\/index.php\/author\/revistazeroaesquerdagmail-com\/"}]}},"_links":{"self":[{"href":"https:\/\/zeroaesquerda.com.br\/index.php\/wp-json\/wp\/v2\/posts\/1394","targetHints":{"allow":["GET"]}}],"collection":[{"href":"https:\/\/zeroaesquerda.com.br\/index.php\/wp-json\/wp\/v2\/posts"}],"about":[{"href":"https:\/\/zeroaesquerda.com.br\/index.php\/wp-json\/wp\/v2\/types\/post"}],"author":[{"embeddable":true,"href":"https:\/\/zeroaesquerda.com.br\/index.php\/wp-json\/wp\/v2\/users\/1"}],"replies":[{"embeddable":true,"href":"https:\/\/zeroaesquerda.com.br\/index.php\/wp-json\/wp\/v2\/comments?post=1394"}],"version-history":[{"count":7,"href":"https:\/\/zeroaesquerda.com.br\/index.php\/wp-json\/wp\/v2\/posts\/1394\/revisions"}],"predecessor-version":[{"id":1474,"href":"https:\/\/zeroaesquerda.com.br\/index.php\/wp-json\/wp\/v2\/posts\/1394\/revisions\/1474"}],"wp:featuredmedia":[{"embeddable":true,"href":"https:\/\/zeroaesquerda.com.br\/index.php\/wp-json\/wp\/v2\/media\/1395"}],"wp:attachment":[{"href":"https:\/\/zeroaesquerda.com.br\/index.php\/wp-json\/wp\/v2\/media?parent=1394"}],"wp:term":[{"taxonomy":"category","embeddable":true,"href":"https:\/\/zeroaesquerda.com.br\/index.php\/wp-json\/wp\/v2\/categories?post=1394"},{"taxonomy":"post_tag","embeddable":true,"href":"https:\/\/zeroaesquerda.com.br\/index.php\/wp-json\/wp\/v2\/tags?post=1394"}],"curies":[{"name":"wp","href":"https:\/\/api.w.org\/{rel}","templated":true}]}}