{"id":1349,"date":"2021-05-01T18:28:00","date_gmt":"2021-05-01T18:28:00","guid":{"rendered":"https:\/\/zeroaesquerda.com.br\/?p=1349"},"modified":"2021-12-28T14:29:02","modified_gmt":"2021-12-28T14:29:02","slug":"o-primeiro-de-maio-e-a-frente-unica-jose-carlos-mariategui","status":"publish","type":"post","link":"https:\/\/zeroaesquerda.com.br\/index.php\/2021\/05\/01\/o-primeiro-de-maio-e-a-frente-unica-jose-carlos-mariategui\/","title":{"rendered":"O primeiro de maio e a frente \u00fanica \u2014 Jos\u00e9 Carlos Mari\u00e1tegui"},"content":{"rendered":"\n<ul class=\"wp-block-social-links has-small-icon-size is-layout-flex wp-block-social-links-is-layout-flex\"><li class=\"wp-social-link wp-social-link-facebook  wp-block-social-link\"><a rel=\"noopener nofollow\" target=\"_blank\" href=\"https:\/\/facebook.com\/sharer\/sharer.php?u=https%3A%2F%2Fzeroaesquerda.com.br%2Findex.php%2F2021%2F05%2F01%2Fo-primeiro-de-maio-e-a-frente-unica-jose-carlos-mariategui%2F&#038;title=O%20primeiro%20de%20maio%20e%20a%20frente%20%C3%BAnica%20%E2%80%94%20Jos%C3%A9%20Carlos%20Mari%C3%A1tegui\" class=\"wp-block-social-link-anchor\"><svg width=\"24\" height=\"24\" viewBox=\"0 0 24 24\" version=\"1.1\" xmlns=\"http:\/\/www.w3.org\/2000\/svg\" aria-hidden=\"true\" focusable=\"false\"><path d=\"M12 2C6.5 2 2 6.5 2 12c0 5 3.7 9.1 8.4 9.9v-7H7.9V12h2.5V9.8c0-2.5 1.5-3.9 3.8-3.9 1.1 0 2.2.2 2.2.2v2.5h-1.3c-1.2 0-1.6.8-1.6 1.6V12h2.8l-.4 2.9h-2.3v7C18.3 21.1 22 17 22 12c0-5.5-4.5-10-10-10z\"><\/path><\/svg><span class=\"wp-block-social-link-label screen-reader-text\">Compartilhar no Facebook<\/span><\/a><\/li>\n\n<li class=\"wp-social-link wp-social-link-twitter  wp-block-social-link\"><a rel=\"noopener nofollow\" target=\"_blank\" href=\"https:\/\/twitter.com\/share?url=https%3A%2F%2Fzeroaesquerda.com.br%2Findex.php%2F2021%2F05%2F01%2Fo-primeiro-de-maio-e-a-frente-unica-jose-carlos-mariategui%2F&#038;link=O%20primeiro%20de%20maio%20e%20a%20frente%20%C3%BAnica%20%E2%80%94%20Jos%C3%A9%20Carlos%20Mari%C3%A1tegui\" class=\"wp-block-social-link-anchor\"><svg width=\"24\" height=\"24\" viewBox=\"0 0 24 24\" version=\"1.1\" xmlns=\"http:\/\/www.w3.org\/2000\/svg\" aria-hidden=\"true\" focusable=\"false\"><path d=\"M22.23,5.924c-0.736,0.326-1.527,0.547-2.357,0.646c0.847-0.508,1.498-1.312,1.804-2.27 c-0.793,0.47-1.671,0.812-2.606,0.996C18.324,4.498,17.257,4,16.077,4c-2.266,0-4.103,1.837-4.103,4.103 c0,0.322,0.036,0.635,0.106,0.935C8.67,8.867,5.647,7.234,3.623,4.751C3.27,5.357,3.067,6.062,3.067,6.814 c0,1.424,0.724,2.679,1.825,3.415c-0.673-0.021-1.305-0.206-1.859-0.513c0,0.017,0,0.034,0,0.052c0,1.988,1.414,3.647,3.292,4.023 c-0.344,0.094-0.707,0.144-1.081,0.144c-0.264,0-0.521-0.026-0.772-0.074c0.522,1.63,2.038,2.816,3.833,2.85 c-1.404,1.1-3.174,1.756-5.096,1.756c-0.331,0-0.658-0.019-0.979-0.057c1.816,1.164,3.973,1.843,6.29,1.843 c7.547,0,11.675-6.252,11.675-11.675c0-0.178-0.004-0.355-0.012-0.531C20.985,7.47,21.68,6.747,22.23,5.924z\"><\/path><\/svg><span class=\"wp-block-social-link-label screen-reader-text\">Compartilhar no Twitter<\/span><\/a><\/li>\n\n<li class=\"wp-social-link wp-social-link-linkedin  wp-block-social-link\"><a rel=\"noopener nofollow\" target=\"_blank\" href=\"https:\/\/linkedin.com\/shareArticle?url=https%3A%2F%2Fzeroaesquerda.com.br%2Findex.php%2F2021%2F05%2F01%2Fo-primeiro-de-maio-e-a-frente-unica-jose-carlos-mariategui%2F&#038;title=O%20primeiro%20de%20maio%20e%20a%20frente%20%C3%BAnica%20%E2%80%94%20Jos%C3%A9%20Carlos%20Mari%C3%A1tegui\" class=\"wp-block-social-link-anchor\"><svg width=\"24\" height=\"24\" viewBox=\"0 0 24 24\" version=\"1.1\" xmlns=\"http:\/\/www.w3.org\/2000\/svg\" aria-hidden=\"true\" focusable=\"false\"><path d=\"M19.7,3H4.3C3.582,3,3,3.582,3,4.3v15.4C3,20.418,3.582,21,4.3,21h15.4c0.718,0,1.3-0.582,1.3-1.3V4.3 C21,3.582,20.418,3,19.7,3z M8.339,18.338H5.667v-8.59h2.672V18.338z M7.004,8.574c-0.857,0-1.549-0.694-1.549-1.548 c0-0.855,0.691-1.548,1.549-1.548c0.854,0,1.547,0.694,1.547,1.548C8.551,7.881,7.858,8.574,7.004,8.574z M18.339,18.338h-2.669 v-4.177c0-0.996-0.017-2.278-1.387-2.278c-1.389,0-1.601,1.086-1.601,2.206v4.249h-2.667v-8.59h2.559v1.174h0.037 c0.356-0.675,1.227-1.387,2.526-1.387c2.703,0,3.203,1.779,3.203,4.092V18.338z\"><\/path><\/svg><span class=\"wp-block-social-link-label screen-reader-text\">Compartilhar no LinkedIn<\/span><\/a><\/li>\n\n<li class=\"wp-social-link wp-social-link-email  wp-block-social-link\"><a rel=\"noopener nofollow\" target=\"_blank\" href=\"mailto:?body=https%3A%2F%2Fzeroaesquerda.com.br%2Findex.php%2F2021%2F05%2F01%2Fo-primeiro-de-maio-e-a-frente-unica-jose-carlos-mariategui%2F&#038;subject=O%20primeiro%20de%20maio%20e%20a%20frente%20%C3%BAnica%20%E2%80%94%20Jos%C3%A9%20Carlos%20Mari%C3%A1tegui\" class=\"wp-block-social-link-anchor\"><svg width=\"24\" height=\"24\" xmlns=\"http:\/\/www.w3.org\/2000\/svg\" viewBox=\"0 0 24 24\"><path d=\"M9 11.8l6.1-4.5c.1.4.4.7.9.7h2c.6 0 1-.4 1-1V5c0-.6-.4-1-1-1h-2c-.6 0-1 .4-1 1v.4l-6.4 4.8c-.2-.1-.4-.2-.6-.2H6c-.6 0-1 .4-1 1v2c0 .6.4 1 1 1h2c.2 0 .4-.1.6-.2l6.4 4.8v.4c0 .6.4 1 1 1h2c.6 0 1-.4 1-1v-2c0-.6-.4-1-1-1h-2c-.5 0-.8.3-.9.7L9 12.2v-.4z\"\/><\/svg><span class=\"wp-block-social-link-label screen-reader-text\">Compartilhar por e-mail<\/span><\/a><\/li>\n\n<li class=\"wp-social-link wp-social-link-reddit  wp-block-social-link\"><a rel=\"noopener nofollow\" target=\"_blank\" href=\"https:\/\/reddit.com\/submit?url=https%3A%2F%2Fzeroaesquerda.com.br%2Findex.php%2F2021%2F05%2F01%2Fo-primeiro-de-maio-e-a-frente-unica-jose-carlos-mariategui%2F&#038;title=O%20primeiro%20de%20maio%20e%20a%20frente%20%C3%BAnica%20%E2%80%94%20Jos%C3%A9%20Carlos%20Mari%C3%A1tegui\" class=\"wp-block-social-link-anchor\"><svg width=\"24\" height=\"24\" viewBox=\"0 0 24 24\" version=\"1.1\" xmlns=\"http:\/\/www.w3.org\/2000\/svg\" aria-hidden=\"true\" focusable=\"false\"><path d=\"M5.27 9.221A2.775 2.775 0 0 0 2.498 11.993a2.785 2.785 0 0 0 1.6 2.511 5.337 5.337 0 0 0 2.374 4.11 9.386 9.386 0 0 0 5.539 1.7 9.386 9.386 0 0 0 5.541-1.7 5.331 5.331 0 0 0 2.372-4.114 2.787 2.787 0 0 0 1.583-2.5 2.775 2.775 0 0 0-2.772-2.772 2.742 2.742 0 0 0-1.688.574 9.482 9.482 0 0 0-4.637-1.348v-.008a2.349 2.349 0 0 1 2.011-2.316 1.97 1.97 0 0 0 1.926 1.521 1.98 1.98 0 0 0 1.978-1.978 1.98 1.98 0 0 0-1.978-1.978 1.985 1.985 0 0 0-1.938 1.578 3.183 3.183 0 0 0-2.849 3.172v.011a9.463 9.463 0 0 0-4.59 1.35 2.741 2.741 0 0 0-1.688-.574Zm6.736 9.1a3.162 3.162 0 0 1-2.921-1.944.215.215 0 0 1 .014-.2.219.219 0 0 1 .168-.106 27.327 27.327 0 0 1 2.74-.133 27.357 27.357 0 0 1 2.74.133.219.219 0 0 1 .168.106.215.215 0 0 1 .014.2 3.158 3.158 0 0 1-2.921 1.944Zm3.743-3.157a1.265 1.265 0 0 1-1.4-1.371 1.954 1.954 0 0 1 .482-1.442 1.15 1.15 0 0 1 .842-.379 1.7 1.7 0 0 1 1.49 1.777 1.323 1.323 0 0 1-.325 1.015 1.476 1.476 0 0 1-1.089.4Zm-7.485 0a1.476 1.476 0 0 1-1.086-.4 1.323 1.323 0 0 1-.325-1.016 1.7 1.7 0 0 1 1.49-1.777 1.151 1.151 0 0 1 .843.379 1.951 1.951 0 0 1 .481 1.441 1.276 1.276 0 0 1-1.403 1.373Z\"><\/path><\/svg><span class=\"wp-block-social-link-label screen-reader-text\">Compartilhar no Reddit<\/span><\/a><\/li><\/ul>\n\n\n\n<p><strong>(Publicado em 1 de maio de 1924, Lima)<\/strong><\/p>\n\n\n\n<p>O 1\u00b0 de Maio \u00e9, em todo o mundo, um dia de unidade do proletariado revolucion\u00e1rio, uma data que re\u00fane todos os trabalhadores organizados em uma imensa frente \u00fanica nacional. Nessa data ressoam em unanimidade obedecidas e acatadas as palavras de Karl Marx: \u201cProlet\u00e1rios do mundo, uni-vos\u201d. Nessa data caem espontaneamente todas as barreiras que diferenciam e separam a vanguarda prolet\u00e1ria em v\u00e1rios grupos e escolas.<\/p>\n\n\n\n<p>O 1\u00b0 de Maio n\u00e3o pertence a uma Internacional; \u00e9 a data de todas as Internacionais. Socialistas, comunistas e libert\u00e1rios de todos os graus se confundem e se misturam hoje em um s\u00f3 ex\u00e9rcito que marcha at\u00e9 a luta final.<\/p>\n\n\n\n<p>Esta data, em suma, \u00e9 uma afirma\u00e7\u00e3o e uma constata\u00e7\u00e3o de que a frente \u00fanica e prolet\u00e1ria \u00e9 poss\u00edvel e pratic\u00e1vel e de que sua realiza\u00e7\u00e3o n\u00e3o se op\u00f5e a nenhum interesse e a nenhuma exig\u00eancia do presente<\/p>\n\n\n\n<p>Esta data internacional convida a muitas medita\u00e7\u00f5es. Para os trabalhadores peruanos, a mais atual e mais oportuna \u00e9 a referente \u00e0 necessidade e possibilidade da frente \u00fanica. Ultimamente se produziram algumas tentativas sect\u00e1rias. E urge entender-nos, urge que se concretize <em>[a frente \u00fanica], <\/em>para evitar que o sectarismo prospere, evitando que solapem e minem a nascente vanguarda prolet\u00e1ria do Peru.<\/p>\n\n\n\n<p>Minha atitude, desde que me incorporei a esta vanguarda, \u00e9 sempre a de um facilitador convencido, a de um propagandista fervoroso da frente \u00fanica. Recordo t\u00ea-lo declarado em uma das confer\u00eancias iniciais do meu curso de hist\u00f3ria da crise mundial. Respondendo os primeiros gestos de resist\u00eancia e de apreens\u00e3o de alguns antigos e solenes libert\u00e1rios, mais preocupados com a rigidez do dogma que com a efic\u00e1cia e fecundidade da a\u00e7\u00e3o, disse desde a tribuna da Universidade Popular: \u201cAinda somos poucos para dividir-nos. N\u00e3o fa\u00e7amos quest\u00e3o de etiquetas nem de t\u00edtulos\u201d.<\/p>\n\n\n\n<p>Posteriormente repeti estas ou palavras an\u00e1logas. E n\u00e3o me cansarei de reiter\u00e1-las. O movimento de classe, entre n\u00f3s, ainda \u00e9 muito incipiente, muito limitado para que pensemos em fracion\u00e1-lo e separ\u00e1-lo. Antes que chegue a hora, inevit\u00e1vel acaso, de uma divis\u00e3o, nos corresponde realizar muitas a\u00e7\u00f5es juntas, muito trabalho solid\u00e1rio. Precisamos empreender juntos muitas jornadas longas. Cabe-nos, por exemplo, suscitar na maioria do proletariado peruano, consci\u00eancia de classe e sentimento de classe. Esta tarefa pertence por igual aos socialistas e sindicalistas, aos comunistas e libert\u00e1rios. Todos temos o dever de afastar o proletariado das assembleias amarelas e das falsas \u201cinstitui\u00e7\u00f5es representativas\u201d. Todos temos o dever de lutar contra os ataques e as repress\u00f5es reacion\u00e1rias. Todos temos o dever de defender a tribuna, a imprensa e a organiza\u00e7\u00e3o prolet\u00e1ria. Todos temos o dever de levantar as reivindica\u00e7\u00f5es da escravizada e oprimida ra\u00e7a ind\u00edgena. No cumprimento desses deveres hist\u00f3ricos, desses deveres elementares, nossos caminhos se encontrar\u00e3o e juntar\u00e3o, qualquer que seja nossa meta final.<\/p>\n\n\n\n<p>A frente \u00fanica n\u00e3o anula a personalidade, n\u00e3o anula a filia\u00e7\u00e3o de ningu\u00e9m que a comp\u00f5e. N\u00e3o significa a confus\u00e3o nem o am\u00e1lgama de todas as doutrinas em uma doutrina \u00fanica. \u00c9 uma a\u00e7\u00e3o contingente, concreta, pr\u00e1tica. O programa da frente \u00fanica considera exclusivamente a realidade imediata, fora de toda abstra\u00e7\u00e3o e de toda utopia. Apoiar a frente \u00fanica n\u00e3o \u00e9 apoiar a confus\u00e3o ideol\u00f3gica. Dentro da frente \u00fanica cada qual deve conservar sua pr\u00f3pria filia\u00e7\u00e3o e seu pr\u00f3prio ide\u00e1rio. Cada qual deve trabalhar pelo seu pr\u00f3prio credo. Mas todos devem sentir-se unidos pela solidariedade de classe, vinculados pela luta contra o advers\u00e1rio comum, ligados pela mesma vontade revolucion\u00e1ria e pela mesma paix\u00e3o renovadora. Formar uma frente \u00fanica \u00e9 ter uma atitude solid\u00e1ria diante de um problema concreto, diante de uma necessidade urgente. N\u00e3o \u00e9 renunciar \u00e0 doutrina a que cada um serve nem \u00e0 posi\u00e7\u00e3o que cada um ocupa na vanguarda, a variedade de tend\u00eancias e a diversidade de tons ideol\u00f3gicos \u00e9 inevit\u00e1vel nessa imensa legi\u00e3o humana chamada proletariado. A exist\u00eancia de tend\u00eancias e grupos definidos e precisos n\u00e3o \u00e9 um mal: \u00e9, pelo contr\u00e1rio, sinal de um per\u00edodo avan\u00e7ado do processo revolucion\u00e1rio. O que importa \u00e9 que esses grupos e tend\u00eancias saibam estender-se diante da realidade concreta do dia. Que n\u00e3o se esterilizem bizantinamente em confiss\u00f5es e excomunh\u00f5es rec\u00edprocas. Que n\u00e3o afastem as massas da revolu\u00e7\u00e3o com o espet\u00e1culo das rinhas dogm\u00e1ticas de seus predicadores. Que n\u00e3o empreguem suas armas nem dilapidem seu tempo ferindo uns aos outros, sen\u00e3o combatendo a ordem social, suas institui\u00e7\u00f5es, suas injusti\u00e7as e seus crimes.<\/p>\n\n\n\n<p>Tratemos de sentir cordialmente o la\u00e7o hist\u00f3rico que nos une a todos da vanguarda, a todos os facilitadores da renova\u00e7\u00e3o. Os exemplos que cotidianamente chegam de fora s\u00e3o inumer\u00e1veis e magn\u00edficos. O mais recente e emocionante destes exemplos \u00e9 o de Germaine Berthon. Germaine Berthon, anarquista, disparou certeiramente seu rev\u00f3lver contra um organizador do terror branco para vingar o assassinato do socialista Jean Jaur\u00e9s. Os esp\u00edritos nobres, elevados e sinceros da revolu\u00e7\u00e3o percebem e respeitam, por cima de toda barreira te\u00f3rica, a solidariedade hist\u00f3rica de seus refor\u00e7os e suas obras. Pertence aos esp\u00edritos mesquinhos, sem horizontes e sem asas, a mentalidade dogm\u00e1tica que quer petrificar e imobilizar a vida em uma f\u00f3rmula r\u00edgida, o privil\u00e9gio da incompreens\u00e3o e do egotismo sect\u00e1rio.&nbsp;<\/p>\n\n\n\n<p>A frente \u00fanica prolet\u00e1ria, por sorte, \u00e9 entre n\u00f3s uma decis\u00e3o e um desejo evidente do proletariado. As massas conclamam a unidade. As massas querem f\u00e9. E, por isso, sua alma recusa a voz corrosiva, dissolvente e pessimista dos que negam e dos que duvidam, e buscam a voz otimista, cordial, juvenil e fecunda dos que afirmam e dos que creem.&nbsp;<\/p>\n\n\n\n<ul class=\"wp-block-social-links has-small-icon-size is-layout-flex wp-block-social-links-is-layout-flex\"><li class=\"wp-social-link wp-social-link-facebook  wp-block-social-link\"><a rel=\"noopener nofollow\" target=\"_blank\" href=\"https:\/\/facebook.com\/sharer\/sharer.php?u=https%3A%2F%2Fzeroaesquerda.com.br%2Findex.php%2F2021%2F05%2F01%2Fo-primeiro-de-maio-e-a-frente-unica-jose-carlos-mariategui%2F&#038;title=O%20primeiro%20de%20maio%20e%20a%20frente%20%C3%BAnica%20%E2%80%94%20Jos%C3%A9%20Carlos%20Mari%C3%A1tegui\" class=\"wp-block-social-link-anchor\"><svg width=\"24\" height=\"24\" viewBox=\"0 0 24 24\" version=\"1.1\" xmlns=\"http:\/\/www.w3.org\/2000\/svg\" aria-hidden=\"true\" focusable=\"false\"><path d=\"M12 2C6.5 2 2 6.5 2 12c0 5 3.7 9.1 8.4 9.9v-7H7.9V12h2.5V9.8c0-2.5 1.5-3.9 3.8-3.9 1.1 0 2.2.2 2.2.2v2.5h-1.3c-1.2 0-1.6.8-1.6 1.6V12h2.8l-.4 2.9h-2.3v7C18.3 21.1 22 17 22 12c0-5.5-4.5-10-10-10z\"><\/path><\/svg><span class=\"wp-block-social-link-label screen-reader-text\">Compartilhar no Facebook<\/span><\/a><\/li>\n\n<li class=\"wp-social-link wp-social-link-twitter  wp-block-social-link\"><a rel=\"noopener nofollow\" target=\"_blank\" href=\"https:\/\/twitter.com\/share?url=https%3A%2F%2Fzeroaesquerda.com.br%2Findex.php%2F2021%2F05%2F01%2Fo-primeiro-de-maio-e-a-frente-unica-jose-carlos-mariategui%2F&#038;link=O%20primeiro%20de%20maio%20e%20a%20frente%20%C3%BAnica%20%E2%80%94%20Jos%C3%A9%20Carlos%20Mari%C3%A1tegui\" class=\"wp-block-social-link-anchor\"><svg width=\"24\" height=\"24\" viewBox=\"0 0 24 24\" version=\"1.1\" xmlns=\"http:\/\/www.w3.org\/2000\/svg\" aria-hidden=\"true\" focusable=\"false\"><path d=\"M22.23,5.924c-0.736,0.326-1.527,0.547-2.357,0.646c0.847-0.508,1.498-1.312,1.804-2.27 c-0.793,0.47-1.671,0.812-2.606,0.996C18.324,4.498,17.257,4,16.077,4c-2.266,0-4.103,1.837-4.103,4.103 c0,0.322,0.036,0.635,0.106,0.935C8.67,8.867,5.647,7.234,3.623,4.751C3.27,5.357,3.067,6.062,3.067,6.814 c0,1.424,0.724,2.679,1.825,3.415c-0.673-0.021-1.305-0.206-1.859-0.513c0,0.017,0,0.034,0,0.052c0,1.988,1.414,3.647,3.292,4.023 c-0.344,0.094-0.707,0.144-1.081,0.144c-0.264,0-0.521-0.026-0.772-0.074c0.522,1.63,2.038,2.816,3.833,2.85 c-1.404,1.1-3.174,1.756-5.096,1.756c-0.331,0-0.658-0.019-0.979-0.057c1.816,1.164,3.973,1.843,6.29,1.843 c7.547,0,11.675-6.252,11.675-11.675c0-0.178-0.004-0.355-0.012-0.531C20.985,7.47,21.68,6.747,22.23,5.924z\"><\/path><\/svg><span class=\"wp-block-social-link-label screen-reader-text\">Compartilhar no Twitter<\/span><\/a><\/li>\n\n<li class=\"wp-social-link wp-social-link-linkedin  wp-block-social-link\"><a rel=\"noopener nofollow\" target=\"_blank\" href=\"https:\/\/linkedin.com\/shareArticle?url=https%3A%2F%2Fzeroaesquerda.com.br%2Findex.php%2F2021%2F05%2F01%2Fo-primeiro-de-maio-e-a-frente-unica-jose-carlos-mariategui%2F&#038;title=O%20primeiro%20de%20maio%20e%20a%20frente%20%C3%BAnica%20%E2%80%94%20Jos%C3%A9%20Carlos%20Mari%C3%A1tegui\" class=\"wp-block-social-link-anchor\"><svg width=\"24\" height=\"24\" viewBox=\"0 0 24 24\" version=\"1.1\" xmlns=\"http:\/\/www.w3.org\/2000\/svg\" aria-hidden=\"true\" focusable=\"false\"><path d=\"M19.7,3H4.3C3.582,3,3,3.582,3,4.3v15.4C3,20.418,3.582,21,4.3,21h15.4c0.718,0,1.3-0.582,1.3-1.3V4.3 C21,3.582,20.418,3,19.7,3z M8.339,18.338H5.667v-8.59h2.672V18.338z M7.004,8.574c-0.857,0-1.549-0.694-1.549-1.548 c0-0.855,0.691-1.548,1.549-1.548c0.854,0,1.547,0.694,1.547,1.548C8.551,7.881,7.858,8.574,7.004,8.574z M18.339,18.338h-2.669 v-4.177c0-0.996-0.017-2.278-1.387-2.278c-1.389,0-1.601,1.086-1.601,2.206v4.249h-2.667v-8.59h2.559v1.174h0.037 c0.356-0.675,1.227-1.387,2.526-1.387c2.703,0,3.203,1.779,3.203,4.092V18.338z\"><\/path><\/svg><span class=\"wp-block-social-link-label screen-reader-text\">Compartilhar no LinkedIn<\/span><\/a><\/li>\n\n<li class=\"wp-social-link wp-social-link-email  wp-block-social-link\"><a rel=\"noopener nofollow\" target=\"_blank\" href=\"mailto:?body=https%3A%2F%2Fzeroaesquerda.com.br%2Findex.php%2F2021%2F05%2F01%2Fo-primeiro-de-maio-e-a-frente-unica-jose-carlos-mariategui%2F&#038;subject=O%20primeiro%20de%20maio%20e%20a%20frente%20%C3%BAnica%20%E2%80%94%20Jos%C3%A9%20Carlos%20Mari%C3%A1tegui\" class=\"wp-block-social-link-anchor\"><svg width=\"24\" height=\"24\" xmlns=\"http:\/\/www.w3.org\/2000\/svg\" viewBox=\"0 0 24 24\"><path d=\"M9 11.8l6.1-4.5c.1.4.4.7.9.7h2c.6 0 1-.4 1-1V5c0-.6-.4-1-1-1h-2c-.6 0-1 .4-1 1v.4l-6.4 4.8c-.2-.1-.4-.2-.6-.2H6c-.6 0-1 .4-1 1v2c0 .6.4 1 1 1h2c.2 0 .4-.1.6-.2l6.4 4.8v.4c0 .6.4 1 1 1h2c.6 0 1-.4 1-1v-2c0-.6-.4-1-1-1h-2c-.5 0-.8.3-.9.7L9 12.2v-.4z\"\/><\/svg><span class=\"wp-block-social-link-label screen-reader-text\">Compartilhar por e-mail<\/span><\/a><\/li>\n\n<li class=\"wp-social-link wp-social-link-reddit  wp-block-social-link\"><a rel=\"noopener nofollow\" target=\"_blank\" href=\"https:\/\/reddit.com\/submit?url=https%3A%2F%2Fzeroaesquerda.com.br%2Findex.php%2F2021%2F05%2F01%2Fo-primeiro-de-maio-e-a-frente-unica-jose-carlos-mariategui%2F&#038;title=O%20primeiro%20de%20maio%20e%20a%20frente%20%C3%BAnica%20%E2%80%94%20Jos%C3%A9%20Carlos%20Mari%C3%A1tegui\" class=\"wp-block-social-link-anchor\"><svg width=\"24\" height=\"24\" viewBox=\"0 0 24 24\" version=\"1.1\" xmlns=\"http:\/\/www.w3.org\/2000\/svg\" aria-hidden=\"true\" focusable=\"false\"><path d=\"M5.27 9.221A2.775 2.775 0 0 0 2.498 11.993a2.785 2.785 0 0 0 1.6 2.511 5.337 5.337 0 0 0 2.374 4.11 9.386 9.386 0 0 0 5.539 1.7 9.386 9.386 0 0 0 5.541-1.7 5.331 5.331 0 0 0 2.372-4.114 2.787 2.787 0 0 0 1.583-2.5 2.775 2.775 0 0 0-2.772-2.772 2.742 2.742 0 0 0-1.688.574 9.482 9.482 0 0 0-4.637-1.348v-.008a2.349 2.349 0 0 1 2.011-2.316 1.97 1.97 0 0 0 1.926 1.521 1.98 1.98 0 0 0 1.978-1.978 1.98 1.98 0 0 0-1.978-1.978 1.985 1.985 0 0 0-1.938 1.578 3.183 3.183 0 0 0-2.849 3.172v.011a9.463 9.463 0 0 0-4.59 1.35 2.741 2.741 0 0 0-1.688-.574Zm6.736 9.1a3.162 3.162 0 0 1-2.921-1.944.215.215 0 0 1 .014-.2.219.219 0 0 1 .168-.106 27.327 27.327 0 0 1 2.74-.133 27.357 27.357 0 0 1 2.74.133.219.219 0 0 1 .168.106.215.215 0 0 1 .014.2 3.158 3.158 0 0 1-2.921 1.944Zm3.743-3.157a1.265 1.265 0 0 1-1.4-1.371 1.954 1.954 0 0 1 .482-1.442 1.15 1.15 0 0 1 .842-.379 1.7 1.7 0 0 1 1.49 1.777 1.323 1.323 0 0 1-.325 1.015 1.476 1.476 0 0 1-1.089.4Zm-7.485 0a1.476 1.476 0 0 1-1.086-.4 1.323 1.323 0 0 1-.325-1.016 1.7 1.7 0 0 1 1.49-1.777 1.151 1.151 0 0 1 .843.379 1.951 1.951 0 0 1 .481 1.441 1.276 1.276 0 0 1-1.403 1.373Z\"><\/path><\/svg><span class=\"wp-block-social-link-label screen-reader-text\">Compartilhar no Reddit<\/span><\/a><\/li><\/ul>\n\n\n\n<p class=\"has-text-align-center\"><strong>Jos\u00e9 Carlos Mati\u00e1tegui<\/strong><\/p>\n\n\n\n<hr class=\"wp-block-separator is-style-default\"\/>\n\n\n\n<p><\/p>\n\n\n\n<p class=\"has-text-align-center\"><em>Tradu\u00e7\u00e3o: <\/em>Clarice Filgueiras<em><br>Revis\u00e3o:<\/em> Maria Bet\u00e2nia<\/p>\n\n\n\n<p class=\"has-text-align-center\">Original: <a href=\"https:\/\/www.marxists.org\/espanol\/mariateg\/1924\/may\/01.htm\">https:\/\/www.marxists.org\/espanol\/mariateg\/1924\/may\/01.htm<\/a><\/p>\n","protected":false},"excerpt":{"rendered":"<p>(Publicado em 1 de maio de 1924, Lima) O 1\u00b0 de Maio \u00e9, em todo o mundo, um dia de unidade do proletariado revolucion\u00e1rio, uma data que re\u00fane todos os trabalhadores organizados em uma imensa frente \u00fanica nacional. Nessa data ressoam em unanimidade obedecidas e acatadas as palavras de Karl Marx: \u201cProlet\u00e1rios do mundo, uni-vos\u201d&#8230;.<\/p>\n","protected":false},"author":1,"featured_media":1385,"comment_status":"open","ping_status":"open","sticky":false,"template":"","format":"standard","meta":{"_coblocks_attr":"","_coblocks_dimensions":"","_coblocks_responsive_height":"","_coblocks_accordion_ie_support":"","om_disable_all_campaigns":false,"_monsterinsights_skip_tracking":false,"_monsterinsights_sitenote_active":false,"_monsterinsights_sitenote_note":"","_monsterinsights_sitenote_category":0,"_uf_show_specific_survey":0,"_uf_disable_surveys":false,"_kadence_starter_templates_imported_post":false,"_kad_post_transparent":"","_kad_post_title":"","_kad_post_layout":"","_kad_post_sidebar_id":"","_kad_post_content_style":"","_kad_post_vertical_padding":"","_kad_post_feature":"","_kad_post_feature_position":"","_kad_post_header":false,"_kad_post_footer":false,"_kad_post_classname":"","footnotes":""},"categories":[350,366,346],"tags":[],"class_list":["post-1349","post","type-post","status-publish","format-standard","has-post-thumbnail","hentry","category-autores","category-jose-carlos-mariategui","category-traducoes"],"yoast_head":"<!-- This site is optimized with the Yoast SEO plugin v27.4 - https:\/\/yoast.com\/product\/yoast-seo-wordpress\/ -->\n<title>O primeiro de maio e a frente \u00fanica \u2014 Jos\u00e9 Carlos Mari\u00e1tegui - Zero \u00e0 Esquerda<\/title>\n<meta name=\"robots\" content=\"index, follow, max-snippet:-1, max-image-preview:large, max-video-preview:-1\" \/>\n<link rel=\"canonical\" href=\"https:\/\/zeroaesquerda.com.br\/index.php\/2021\/05\/01\/o-primeiro-de-maio-e-a-frente-unica-jose-carlos-mariategui\/\" \/>\n<meta property=\"og:locale\" content=\"pt_BR\" \/>\n<meta property=\"og:type\" content=\"article\" \/>\n<meta property=\"og:title\" content=\"O primeiro de maio e a frente \u00fanica \u2014 Jos\u00e9 Carlos Mari\u00e1tegui - Zero \u00e0 Esquerda\" \/>\n<meta property=\"og:description\" content=\"(Publicado em 1 de maio de 1924, Lima) O 1\u00b0 de Maio \u00e9, em todo o mundo, um dia de unidade do proletariado revolucion\u00e1rio, uma data que re\u00fane todos os trabalhadores organizados em uma imensa frente \u00fanica nacional. Nessa data ressoam em unanimidade obedecidas e acatadas as palavras de Karl Marx: \u201cProlet\u00e1rios do mundo, uni-vos\u201d....\" \/>\n<meta property=\"og:url\" content=\"https:\/\/zeroaesquerda.com.br\/index.php\/2021\/05\/01\/o-primeiro-de-maio-e-a-frente-unica-jose-carlos-mariategui\/\" \/>\n<meta property=\"og:site_name\" content=\"Zero \u00e0 Esquerda\" \/>\n<meta property=\"article:publisher\" content=\"https:\/\/www.facebook.com\/revistazeroaesquerda\" \/>\n<meta property=\"article:published_time\" content=\"2021-05-01T18:28:00+00:00\" \/>\n<meta property=\"article:modified_time\" content=\"2021-12-28T14:29:02+00:00\" \/>\n<meta property=\"og:image\" content=\"https:\/\/zeroaesquerda.com.br\/wp-content\/uploads\/2021\/05\/3-mariategui-1024x576.png\" \/>\n\t<meta property=\"og:image:width\" content=\"1024\" \/>\n\t<meta property=\"og:image:height\" content=\"576\" \/>\n\t<meta property=\"og:image:type\" content=\"image\/png\" \/>\n<meta name=\"author\" content=\"Zero \u00e0 Esquerda\" \/>\n<meta name=\"twitter:card\" content=\"summary_large_image\" \/>\n<meta name=\"twitter:creator\" content=\"@z3roaesquerda\" \/>\n<meta name=\"twitter:site\" content=\"@z3roaesquerda\" \/>\n<meta name=\"twitter:label1\" content=\"Escrito por\" \/>\n\t<meta name=\"twitter:data1\" content=\"Zero \u00e0 Esquerda\" \/>\n\t<meta name=\"twitter:label2\" content=\"Est. tempo de leitura\" \/>\n\t<meta name=\"twitter:data2\" content=\"6 minutos\" \/>\n<script type=\"application\/ld+json\" class=\"yoast-schema-graph\">{\"@context\":\"https:\\\/\\\/schema.org\",\"@graph\":[{\"@type\":\"Article\",\"@id\":\"https:\\\/\\\/zeroaesquerda.com.br\\\/index.php\\\/2021\\\/05\\\/01\\\/o-primeiro-de-maio-e-a-frente-unica-jose-carlos-mariategui\\\/#article\",\"isPartOf\":{\"@id\":\"https:\\\/\\\/zeroaesquerda.com.br\\\/index.php\\\/2021\\\/05\\\/01\\\/o-primeiro-de-maio-e-a-frente-unica-jose-carlos-mariategui\\\/\"},\"author\":{\"name\":\"Zero \u00e0 Esquerda\",\"@id\":\"https:\\\/\\\/zeroaesquerda.com.br\\\/#\\\/schema\\\/person\\\/04e72095a4fbe77f00c7b047955ed0b8\"},\"headline\":\"O primeiro de maio e a frente \u00fanica \u2014 Jos\u00e9 Carlos Mari\u00e1tegui\",\"datePublished\":\"2021-05-01T18:28:00+00:00\",\"dateModified\":\"2021-12-28T14:29:02+00:00\",\"mainEntityOfPage\":{\"@id\":\"https:\\\/\\\/zeroaesquerda.com.br\\\/index.php\\\/2021\\\/05\\\/01\\\/o-primeiro-de-maio-e-a-frente-unica-jose-carlos-mariategui\\\/\"},\"wordCount\":1047,\"commentCount\":0,\"publisher\":{\"@id\":\"https:\\\/\\\/zeroaesquerda.com.br\\\/#organization\"},\"image\":{\"@id\":\"https:\\\/\\\/zeroaesquerda.com.br\\\/index.php\\\/2021\\\/05\\\/01\\\/o-primeiro-de-maio-e-a-frente-unica-jose-carlos-mariategui\\\/#primaryimage\"},\"thumbnailUrl\":\"https:\\\/\\\/zeroaesquerda.com.br\\\/wp-content\\\/uploads\\\/2021\\\/05\\\/3-mariategui.png\",\"articleSection\":[\"Autores\",\"Jos\u00e9 Carlos Mari\u00e1tegui\",\"Tradu\u00e7\u00f5es\"],\"inLanguage\":\"pt-BR\",\"potentialAction\":[{\"@type\":\"CommentAction\",\"name\":\"Comment\",\"target\":[\"https:\\\/\\\/zeroaesquerda.com.br\\\/index.php\\\/2021\\\/05\\\/01\\\/o-primeiro-de-maio-e-a-frente-unica-jose-carlos-mariategui\\\/#respond\"]}]},{\"@type\":\"WebPage\",\"@id\":\"https:\\\/\\\/zeroaesquerda.com.br\\\/index.php\\\/2021\\\/05\\\/01\\\/o-primeiro-de-maio-e-a-frente-unica-jose-carlos-mariategui\\\/\",\"url\":\"https:\\\/\\\/zeroaesquerda.com.br\\\/index.php\\\/2021\\\/05\\\/01\\\/o-primeiro-de-maio-e-a-frente-unica-jose-carlos-mariategui\\\/\",\"name\":\"O primeiro de maio e a frente \u00fanica \u2014 Jos\u00e9 Carlos Mari\u00e1tegui - Zero \u00e0 Esquerda\",\"isPartOf\":{\"@id\":\"https:\\\/\\\/zeroaesquerda.com.br\\\/#website\"},\"primaryImageOfPage\":{\"@id\":\"https:\\\/\\\/zeroaesquerda.com.br\\\/index.php\\\/2021\\\/05\\\/01\\\/o-primeiro-de-maio-e-a-frente-unica-jose-carlos-mariategui\\\/#primaryimage\"},\"image\":{\"@id\":\"https:\\\/\\\/zeroaesquerda.com.br\\\/index.php\\\/2021\\\/05\\\/01\\\/o-primeiro-de-maio-e-a-frente-unica-jose-carlos-mariategui\\\/#primaryimage\"},\"thumbnailUrl\":\"https:\\\/\\\/zeroaesquerda.com.br\\\/wp-content\\\/uploads\\\/2021\\\/05\\\/3-mariategui.png\",\"datePublished\":\"2021-05-01T18:28:00+00:00\",\"dateModified\":\"2021-12-28T14:29:02+00:00\",\"breadcrumb\":{\"@id\":\"https:\\\/\\\/zeroaesquerda.com.br\\\/index.php\\\/2021\\\/05\\\/01\\\/o-primeiro-de-maio-e-a-frente-unica-jose-carlos-mariategui\\\/#breadcrumb\"},\"inLanguage\":\"pt-BR\",\"potentialAction\":[{\"@type\":\"ReadAction\",\"target\":[\"https:\\\/\\\/zeroaesquerda.com.br\\\/index.php\\\/2021\\\/05\\\/01\\\/o-primeiro-de-maio-e-a-frente-unica-jose-carlos-mariategui\\\/\"]}]},{\"@type\":\"ImageObject\",\"inLanguage\":\"pt-BR\",\"@id\":\"https:\\\/\\\/zeroaesquerda.com.br\\\/index.php\\\/2021\\\/05\\\/01\\\/o-primeiro-de-maio-e-a-frente-unica-jose-carlos-mariategui\\\/#primaryimage\",\"url\":\"https:\\\/\\\/zeroaesquerda.com.br\\\/wp-content\\\/uploads\\\/2021\\\/05\\\/3-mariategui.png\",\"contentUrl\":\"https:\\\/\\\/zeroaesquerda.com.br\\\/wp-content\\\/uploads\\\/2021\\\/05\\\/3-mariategui.png\",\"width\":1920,\"height\":1080},{\"@type\":\"BreadcrumbList\",\"@id\":\"https:\\\/\\\/zeroaesquerda.com.br\\\/index.php\\\/2021\\\/05\\\/01\\\/o-primeiro-de-maio-e-a-frente-unica-jose-carlos-mariategui\\\/#breadcrumb\",\"itemListElement\":[{\"@type\":\"ListItem\",\"position\":1,\"name\":\"In\u00edcio\",\"item\":\"https:\\\/\\\/zeroaesquerda.com.br\\\/\"},{\"@type\":\"ListItem\",\"position\":2,\"name\":\"O primeiro de maio e a frente \u00fanica \u2014 Jos\u00e9 Carlos Mari\u00e1tegui\"}]},{\"@type\":\"WebSite\",\"@id\":\"https:\\\/\\\/zeroaesquerda.com.br\\\/#website\",\"url\":\"https:\\\/\\\/zeroaesquerda.com.br\\\/\",\"name\":\"Zero \u00e0 Esquerda\",\"description\":\"Tra\u00e7ando tend\u00eancias para al\u00e9m do capitalismo.\",\"publisher\":{\"@id\":\"https:\\\/\\\/zeroaesquerda.com.br\\\/#organization\"},\"potentialAction\":[{\"@type\":\"SearchAction\",\"target\":{\"@type\":\"EntryPoint\",\"urlTemplate\":\"https:\\\/\\\/zeroaesquerda.com.br\\\/?s={search_term_string}\"},\"query-input\":{\"@type\":\"PropertyValueSpecification\",\"valueRequired\":true,\"valueName\":\"search_term_string\"}}],\"inLanguage\":\"pt-BR\"},{\"@type\":\"Organization\",\"@id\":\"https:\\\/\\\/zeroaesquerda.com.br\\\/#organization\",\"name\":\"Zero \u00e0 Esquerda\",\"url\":\"https:\\\/\\\/zeroaesquerda.com.br\\\/\",\"logo\":{\"@type\":\"ImageObject\",\"inLanguage\":\"pt-BR\",\"@id\":\"https:\\\/\\\/zeroaesquerda.com.br\\\/#\\\/schema\\\/logo\\\/image\\\/\",\"url\":\"https:\\\/\\\/zeroaesquerda.com.br\\\/wp-content\\\/uploads\\\/2021\\\/01\\\/4-simbolo-zero-a-esquerda-favicon-alt.png\",\"contentUrl\":\"https:\\\/\\\/zeroaesquerda.com.br\\\/wp-content\\\/uploads\\\/2021\\\/01\\\/4-simbolo-zero-a-esquerda-favicon-alt.png\",\"width\":1271,\"height\":1069,\"caption\":\"Zero \u00e0 Esquerda\"},\"image\":{\"@id\":\"https:\\\/\\\/zeroaesquerda.com.br\\\/#\\\/schema\\\/logo\\\/image\\\/\"},\"sameAs\":[\"https:\\\/\\\/www.facebook.com\\\/revistazeroaesquerda\",\"https:\\\/\\\/x.com\\\/z3roaesquerda\",\"https:\\\/\\\/www.instagram.com\\\/revistazeroaesquerda\\\/\",\"https:\\\/\\\/www.youtube.com\\\/channel\\\/UCIaGx271Qw6D1QwqYBojrLw\"]},{\"@type\":\"Person\",\"@id\":\"https:\\\/\\\/zeroaesquerda.com.br\\\/#\\\/schema\\\/person\\\/04e72095a4fbe77f00c7b047955ed0b8\",\"name\":\"Zero \u00e0 Esquerda\",\"image\":{\"@type\":\"ImageObject\",\"inLanguage\":\"pt-BR\",\"@id\":\"https:\\\/\\\/secure.gravatar.com\\\/avatar\\\/a417d8eccb1cec435aa9a93213f41ee528a636232351421dedc4ada2160b3f1b?s=96&d=mm&r=g\",\"url\":\"https:\\\/\\\/secure.gravatar.com\\\/avatar\\\/a417d8eccb1cec435aa9a93213f41ee528a636232351421dedc4ada2160b3f1b?s=96&d=mm&r=g\",\"contentUrl\":\"https:\\\/\\\/secure.gravatar.com\\\/avatar\\\/a417d8eccb1cec435aa9a93213f41ee528a636232351421dedc4ada2160b3f1b?s=96&d=mm&r=g\",\"caption\":\"Zero \u00e0 Esquerda\"},\"description\":\"Tra\u00e7ando tend\u00eancias para al\u00e9m do capitalismo.\",\"sameAs\":[\"http:\\\/\\\/zeroaesquerda.com.br\"],\"url\":\"https:\\\/\\\/zeroaesquerda.com.br\\\/index.php\\\/author\\\/revistazeroaesquerdagmail-com\\\/\"}]}<\/script>\n<!-- \/ Yoast SEO plugin. -->","yoast_head_json":{"title":"O primeiro de maio e a frente \u00fanica \u2014 Jos\u00e9 Carlos Mari\u00e1tegui - Zero \u00e0 Esquerda","robots":{"index":"index","follow":"follow","max-snippet":"max-snippet:-1","max-image-preview":"max-image-preview:large","max-video-preview":"max-video-preview:-1"},"canonical":"https:\/\/zeroaesquerda.com.br\/index.php\/2021\/05\/01\/o-primeiro-de-maio-e-a-frente-unica-jose-carlos-mariategui\/","og_locale":"pt_BR","og_type":"article","og_title":"O primeiro de maio e a frente \u00fanica \u2014 Jos\u00e9 Carlos Mari\u00e1tegui - Zero \u00e0 Esquerda","og_description":"(Publicado em 1 de maio de 1924, Lima) O 1\u00b0 de Maio \u00e9, em todo o mundo, um dia de unidade do proletariado revolucion\u00e1rio, uma data que re\u00fane todos os trabalhadores organizados em uma imensa frente \u00fanica nacional. Nessa data ressoam em unanimidade obedecidas e acatadas as palavras de Karl Marx: \u201cProlet\u00e1rios do mundo, uni-vos\u201d....","og_url":"https:\/\/zeroaesquerda.com.br\/index.php\/2021\/05\/01\/o-primeiro-de-maio-e-a-frente-unica-jose-carlos-mariategui\/","og_site_name":"Zero \u00e0 Esquerda","article_publisher":"https:\/\/www.facebook.com\/revistazeroaesquerda","article_published_time":"2021-05-01T18:28:00+00:00","article_modified_time":"2021-12-28T14:29:02+00:00","og_image":[{"width":1024,"height":576,"url":"https:\/\/zeroaesquerda.com.br\/wp-content\/uploads\/2021\/05\/3-mariategui-1024x576.png","type":"image\/png"}],"author":"Zero \u00e0 Esquerda","twitter_card":"summary_large_image","twitter_creator":"@z3roaesquerda","twitter_site":"@z3roaesquerda","twitter_misc":{"Escrito por":"Zero \u00e0 Esquerda","Est. tempo de leitura":"6 minutos"},"schema":{"@context":"https:\/\/schema.org","@graph":[{"@type":"Article","@id":"https:\/\/zeroaesquerda.com.br\/index.php\/2021\/05\/01\/o-primeiro-de-maio-e-a-frente-unica-jose-carlos-mariategui\/#article","isPartOf":{"@id":"https:\/\/zeroaesquerda.com.br\/index.php\/2021\/05\/01\/o-primeiro-de-maio-e-a-frente-unica-jose-carlos-mariategui\/"},"author":{"name":"Zero \u00e0 Esquerda","@id":"https:\/\/zeroaesquerda.com.br\/#\/schema\/person\/04e72095a4fbe77f00c7b047955ed0b8"},"headline":"O primeiro de maio e a frente \u00fanica \u2014 Jos\u00e9 Carlos Mari\u00e1tegui","datePublished":"2021-05-01T18:28:00+00:00","dateModified":"2021-12-28T14:29:02+00:00","mainEntityOfPage":{"@id":"https:\/\/zeroaesquerda.com.br\/index.php\/2021\/05\/01\/o-primeiro-de-maio-e-a-frente-unica-jose-carlos-mariategui\/"},"wordCount":1047,"commentCount":0,"publisher":{"@id":"https:\/\/zeroaesquerda.com.br\/#organization"},"image":{"@id":"https:\/\/zeroaesquerda.com.br\/index.php\/2021\/05\/01\/o-primeiro-de-maio-e-a-frente-unica-jose-carlos-mariategui\/#primaryimage"},"thumbnailUrl":"https:\/\/zeroaesquerda.com.br\/wp-content\/uploads\/2021\/05\/3-mariategui.png","articleSection":["Autores","Jos\u00e9 Carlos Mari\u00e1tegui","Tradu\u00e7\u00f5es"],"inLanguage":"pt-BR","potentialAction":[{"@type":"CommentAction","name":"Comment","target":["https:\/\/zeroaesquerda.com.br\/index.php\/2021\/05\/01\/o-primeiro-de-maio-e-a-frente-unica-jose-carlos-mariategui\/#respond"]}]},{"@type":"WebPage","@id":"https:\/\/zeroaesquerda.com.br\/index.php\/2021\/05\/01\/o-primeiro-de-maio-e-a-frente-unica-jose-carlos-mariategui\/","url":"https:\/\/zeroaesquerda.com.br\/index.php\/2021\/05\/01\/o-primeiro-de-maio-e-a-frente-unica-jose-carlos-mariategui\/","name":"O primeiro de maio e a frente \u00fanica \u2014 Jos\u00e9 Carlos Mari\u00e1tegui - Zero \u00e0 Esquerda","isPartOf":{"@id":"https:\/\/zeroaesquerda.com.br\/#website"},"primaryImageOfPage":{"@id":"https:\/\/zeroaesquerda.com.br\/index.php\/2021\/05\/01\/o-primeiro-de-maio-e-a-frente-unica-jose-carlos-mariategui\/#primaryimage"},"image":{"@id":"https:\/\/zeroaesquerda.com.br\/index.php\/2021\/05\/01\/o-primeiro-de-maio-e-a-frente-unica-jose-carlos-mariategui\/#primaryimage"},"thumbnailUrl":"https:\/\/zeroaesquerda.com.br\/wp-content\/uploads\/2021\/05\/3-mariategui.png","datePublished":"2021-05-01T18:28:00+00:00","dateModified":"2021-12-28T14:29:02+00:00","breadcrumb":{"@id":"https:\/\/zeroaesquerda.com.br\/index.php\/2021\/05\/01\/o-primeiro-de-maio-e-a-frente-unica-jose-carlos-mariategui\/#breadcrumb"},"inLanguage":"pt-BR","potentialAction":[{"@type":"ReadAction","target":["https:\/\/zeroaesquerda.com.br\/index.php\/2021\/05\/01\/o-primeiro-de-maio-e-a-frente-unica-jose-carlos-mariategui\/"]}]},{"@type":"ImageObject","inLanguage":"pt-BR","@id":"https:\/\/zeroaesquerda.com.br\/index.php\/2021\/05\/01\/o-primeiro-de-maio-e-a-frente-unica-jose-carlos-mariategui\/#primaryimage","url":"https:\/\/zeroaesquerda.com.br\/wp-content\/uploads\/2021\/05\/3-mariategui.png","contentUrl":"https:\/\/zeroaesquerda.com.br\/wp-content\/uploads\/2021\/05\/3-mariategui.png","width":1920,"height":1080},{"@type":"BreadcrumbList","@id":"https:\/\/zeroaesquerda.com.br\/index.php\/2021\/05\/01\/o-primeiro-de-maio-e-a-frente-unica-jose-carlos-mariategui\/#breadcrumb","itemListElement":[{"@type":"ListItem","position":1,"name":"In\u00edcio","item":"https:\/\/zeroaesquerda.com.br\/"},{"@type":"ListItem","position":2,"name":"O primeiro de maio e a frente \u00fanica \u2014 Jos\u00e9 Carlos Mari\u00e1tegui"}]},{"@type":"WebSite","@id":"https:\/\/zeroaesquerda.com.br\/#website","url":"https:\/\/zeroaesquerda.com.br\/","name":"Zero \u00e0 Esquerda","description":"Tra\u00e7ando tend\u00eancias para al\u00e9m do capitalismo.","publisher":{"@id":"https:\/\/zeroaesquerda.com.br\/#organization"},"potentialAction":[{"@type":"SearchAction","target":{"@type":"EntryPoint","urlTemplate":"https:\/\/zeroaesquerda.com.br\/?s={search_term_string}"},"query-input":{"@type":"PropertyValueSpecification","valueRequired":true,"valueName":"search_term_string"}}],"inLanguage":"pt-BR"},{"@type":"Organization","@id":"https:\/\/zeroaesquerda.com.br\/#organization","name":"Zero \u00e0 Esquerda","url":"https:\/\/zeroaesquerda.com.br\/","logo":{"@type":"ImageObject","inLanguage":"pt-BR","@id":"https:\/\/zeroaesquerda.com.br\/#\/schema\/logo\/image\/","url":"https:\/\/zeroaesquerda.com.br\/wp-content\/uploads\/2021\/01\/4-simbolo-zero-a-esquerda-favicon-alt.png","contentUrl":"https:\/\/zeroaesquerda.com.br\/wp-content\/uploads\/2021\/01\/4-simbolo-zero-a-esquerda-favicon-alt.png","width":1271,"height":1069,"caption":"Zero \u00e0 Esquerda"},"image":{"@id":"https:\/\/zeroaesquerda.com.br\/#\/schema\/logo\/image\/"},"sameAs":["https:\/\/www.facebook.com\/revistazeroaesquerda","https:\/\/x.com\/z3roaesquerda","https:\/\/www.instagram.com\/revistazeroaesquerda\/","https:\/\/www.youtube.com\/channel\/UCIaGx271Qw6D1QwqYBojrLw"]},{"@type":"Person","@id":"https:\/\/zeroaesquerda.com.br\/#\/schema\/person\/04e72095a4fbe77f00c7b047955ed0b8","name":"Zero \u00e0 Esquerda","image":{"@type":"ImageObject","inLanguage":"pt-BR","@id":"https:\/\/secure.gravatar.com\/avatar\/a417d8eccb1cec435aa9a93213f41ee528a636232351421dedc4ada2160b3f1b?s=96&d=mm&r=g","url":"https:\/\/secure.gravatar.com\/avatar\/a417d8eccb1cec435aa9a93213f41ee528a636232351421dedc4ada2160b3f1b?s=96&d=mm&r=g","contentUrl":"https:\/\/secure.gravatar.com\/avatar\/a417d8eccb1cec435aa9a93213f41ee528a636232351421dedc4ada2160b3f1b?s=96&d=mm&r=g","caption":"Zero \u00e0 Esquerda"},"description":"Tra\u00e7ando tend\u00eancias para al\u00e9m do capitalismo.","sameAs":["http:\/\/zeroaesquerda.com.br"],"url":"https:\/\/zeroaesquerda.com.br\/index.php\/author\/revistazeroaesquerdagmail-com\/"}]}},"_links":{"self":[{"href":"https:\/\/zeroaesquerda.com.br\/index.php\/wp-json\/wp\/v2\/posts\/1349","targetHints":{"allow":["GET"]}}],"collection":[{"href":"https:\/\/zeroaesquerda.com.br\/index.php\/wp-json\/wp\/v2\/posts"}],"about":[{"href":"https:\/\/zeroaesquerda.com.br\/index.php\/wp-json\/wp\/v2\/types\/post"}],"author":[{"embeddable":true,"href":"https:\/\/zeroaesquerda.com.br\/index.php\/wp-json\/wp\/v2\/users\/1"}],"replies":[{"embeddable":true,"href":"https:\/\/zeroaesquerda.com.br\/index.php\/wp-json\/wp\/v2\/comments?post=1349"}],"version-history":[{"count":5,"href":"https:\/\/zeroaesquerda.com.br\/index.php\/wp-json\/wp\/v2\/posts\/1349\/revisions"}],"predecessor-version":[{"id":2211,"href":"https:\/\/zeroaesquerda.com.br\/index.php\/wp-json\/wp\/v2\/posts\/1349\/revisions\/2211"}],"wp:featuredmedia":[{"embeddable":true,"href":"https:\/\/zeroaesquerda.com.br\/index.php\/wp-json\/wp\/v2\/media\/1385"}],"wp:attachment":[{"href":"https:\/\/zeroaesquerda.com.br\/index.php\/wp-json\/wp\/v2\/media?parent=1349"}],"wp:term":[{"taxonomy":"category","embeddable":true,"href":"https:\/\/zeroaesquerda.com.br\/index.php\/wp-json\/wp\/v2\/categories?post=1349"},{"taxonomy":"post_tag","embeddable":true,"href":"https:\/\/zeroaesquerda.com.br\/index.php\/wp-json\/wp\/v2\/tags?post=1349"}],"curies":[{"name":"wp","href":"https:\/\/api.w.org\/{rel}","templated":true}]}}