{"id":1228,"date":"2021-01-29T21:12:42","date_gmt":"2021-01-29T21:12:42","guid":{"rendered":"http:\/\/zeroaesquerda.com.br\/?p=1228"},"modified":"2021-01-29T21:27:25","modified_gmt":"2021-01-29T21:27:25","slug":"naomi-klein-o-significado-das-luvas-cinco-possibilidades","status":"publish","type":"post","link":"https:\/\/zeroaesquerda.com.br\/index.php\/2021\/01\/29\/naomi-klein-o-significado-das-luvas-cinco-possibilidades\/","title":{"rendered":"O significado das luvas: cinco possibilidades \u2014 Naomi Klein"},"content":{"rendered":"\n<p>Pobres diretores de arte, estilistas e diretores de palco. Tanto trabalho, refinamento, estrat\u00e9gia e dinheiro envolvidos no planejamento da semi\u00f3tica da cerim\u00f4nia de posse de Joe Biden. O tom exato de <a href=\"https:\/\/people.com\/style\/vice-president-kamala-harris-inauguration-day-outfit-black-puerto-rican-designers\/\">roxo <em>royal<\/em><\/a> em Kamala Harris (que se dane a <em>Vogue<\/em> e sua capa <a href=\"https:\/\/www.hollywoodreporter.com\/news\/lilly-singh-vogue-kamala-harris-cover-controversy-is-an-issue-of-representation\">problem\u00e1tica<\/a>!). A <a href=\"https:\/\/www.nbcnews.com\/know-your-value\/feature\/masterful-tasteful-inclusive-see-inauguration-styles-first-lady-jill-biden-ncna1255035\">sele\u00e7\u00e3o<\/a> de uma (nem t\u00e3o) pequena marca nova-iorquina para vestir Jill Biden em azul oceano (apoiando pequenos neg\u00f3cios na pandemia!). O peso di\u00e1fano do broche de pombo de ouro de Lady Gaga (estilo \u201cJogos Vorazes\u201d!).<\/p>\n\n\n\n<p>E, mesmo assim, foi tudo em v\u00e3o. Porque, num oceano de m\u00e1scaras impecavelmente <a href=\"https:\/\/www.harpersbazaar.com\/fashion\/designers\/a35267148\/joe-biden-family-fashion-inauguration-2021\/\">combinadas<\/a>, as velhas luvas surradas de Bernie Sanders ofuscaram todo o resto, tornando-se instantaneamente a mensagem visual mais discutida, adorada e perturbadora da hist\u00f3rica ocasi\u00e3o. Que conclus\u00f5es podemos tirar disso? Por que tantos milh\u00f5es se conectaram \u00e0 l\u00edngua que as luvas estavam falando, seja ela qual for? Foi um del\u00edrio de pandemia \u2013 n\u00f3s todos projetando nosso isolamento social na pessoa mais isolada da multid\u00e3o? Teria sido racismo e sexismo, os Par\u00e7as do Bernie novamente <a href=\"https:\/\/twitter.com\/wickdchiq\/status\/1352362834273792001\">falhando <\/a>em compreender as mensagens subversivas expressas nas escolhas de moda de mulheres que estavam quebrando telhados de vidro? Ou teria sido, como na mensagem que recebi de uma amiga enquanto escrevia estas palavras, \u201co desejo secreto do mundo de que Bernie fosse o nosso Presidente\u201d?<\/p>\n\n\n\n<figure class=\"wp-block-image size-large\"><img decoding=\"async\" src=\"https:\/\/theintercept.imgix.net\/wp-uploads\/sites\/1\/2021\/01\/AP21021161527809.jpg\" alt=\"\"\/><figcaption>O p\u00fablico, incluindo o senador Bernie Sanders, escuta, durante a 59\u00aa Cerim\u00f4nia de Posse Presidencial no Capit\u00f3lio dos EUA em Washington, 20 de Janeiro de 2021.<\/figcaption><\/figure>\n\n\n\n<p>Qual o significado de toda essa \u2018luvologia\u2019?<\/p>\n\n\n\n<p>Como tantas outras coisas relacionadas a essa nova administra\u00e7\u00e3o, ainda \u00e9 muito cedo para dizer. Aqui est\u00e3o cinco possibilidades.<\/p>\n\n\n\n<h2 class=\"wp-block-heading\">As luvas como &#8220;julgamento reservado&#8221;<\/h2>\n\n\n\n<p>Grande parte do foco da m\u00eddia esteve nas luvas em si mesmas: o antiestilo luva de esqui n\u00f3rdico dos anos 70. Sua apar\u00eancia artesanal, num mundo onde predomina a fabrica\u00e7\u00e3o em massa. O qu\u00e3o casual elas s\u00e3o, e o fato de que Bernie claramente n\u00e3o dedicou uma \u00fanica c\u00e9lula de seu c\u00e9rebro \u00e0 quest\u00e3o de us\u00e1-las, nada al\u00e9m de \u201cEst\u00e1 frio. Estas luvas esquentam\u201d.<\/p>\n\n\n\n<p>Igualmente importante, por\u00e9m, \u00e9 a postura do enluvado: o desleixo, os bra\u00e7os cruzados, a dist\u00e2ncia f\u00edsica da multid\u00e3o. O efeito n\u00e3o \u00e9 o de algu\u00e9m que foi deixado de lado numa festa, mas sim, sejamos honestos, de algu\u00e9m que n\u00e3o tem nenhum interesse em participar dela.<\/p>\n\n\n\n<p>Em um evento que era, acima de tudo, uma exibi\u00e7\u00e3o de unidade interpartid\u00e1ria, as luvas de Bernie representavam aqueles que nunca foram inclu\u00eddos nesse consenso manufaturado pela elite.<\/p>\n\n\n\n<p>N\u00e3o era um boicote \u00e0 ocasi\u00e3o em si; ningu\u00e9m mais do que Bernie queria o Trump fora. Mas expressava o inequ\u00edvoco julgamento reservado com rela\u00e7\u00e3o ao que estava por vir. Aqueles bra\u00e7os cruzados eram as luvas dizendo: \u201cVamos ver o que voc\u00eas realmente fazem e a\u00ed n\u00f3s vamos poder falar em unidade.\u201d<\/p>\n\n\n\n<h2 class=\"wp-block-heading\">As luvas como advert\u00eancia<\/h2>\n\n\n\n<p>Mas era mais do que isso. Se voc\u00ea olhar de perto, havia tamb\u00e9m uma advert\u00eancia de l\u00e3. O mundo enlouqueceu com a postura taciturna de Bernie na cerim\u00f4nia de posse porque ele estava mantendo viva a esperan\u00e7a de que ainda exista uma oposi\u00e7\u00e3o moral \u00e0 concentra\u00e7\u00e3o de poder e dinheiro nos Estados Unidos \u2013 em um tempo em precisamos disso mais do que nunca.<\/p>\n\n\n\n<p>Naquele momento, os bra\u00e7os cruzados de Bernie e sua indument\u00e1ria dissonante pareciam estar dizendo: \u201cN\u00e3o nos contrariem\u201d. Se, depois de toda a como\u00e7\u00e3o ufanista, a administra\u00e7\u00e3o Biden-Harris n\u00e3o entregar a a\u00e7\u00e3o transformadora para uma na\u00e7\u00e3o e um planeta em agonia, haver\u00e1 consequ\u00eancias. E, diferentemente do que ocorreu na era Obama, essas consequ\u00eancias n\u00e3o tardar\u00e3o anos \u2013 porque o esp\u00edrito revolucion\u00e1rio j\u00e1 est\u00e1 do lado de dentro, e est\u00e1 usando luvas.<\/p>\n\n\n\n<h2 class=\"wp-block-heading\">As luvas como a consci\u00eancia dos liberais<\/h2>\n\n\n\n<p>As luvas de Bernie n\u00e3o foram uma obsess\u00e3o apenas para a base do senador, aqueles de n\u00f3s que tanto esperavam ver aquele peda\u00e7o de l\u00e3 \u00e1spera colocado sobre a b\u00edblia, nessa semana. Elas tamb\u00e9m tiveram um sucesso surpreendente entre os liberais \u2013 muitos dos mesmos liberais que passaram as prim\u00e1rias publicamente fazendo piadas sobre a perspectiva de Sanders Presidente (t\u00e3o escandalosos, t\u00e3o pontiagudos, t\u00e3o raivosos). E eis que agora os vemos espalhando memes de luva e compartilhando <a href=\"https:\/\/www.washingtonpost.com\/technology\/2021\/01\/20\/bernie-sanders-mittens-inauguration-parka-coat\/\">hist\u00f3rias<\/a> incr\u00edveis sobre como as luvas foram feitas pelas m\u00e3os de uma professora (engenhosa!) ou aquela vez em que Bernie <a href=\"https:\/\/www.facebook.com\/MiamiforBernie\/photos\/a.1582495458694273\/2509952315948578\/?type=3\">emprestou-as<\/a> a uma trabalhadora da sa\u00fade que estava com frio (um conto \u201cde esquentar as m\u00e3os!\u201d)<\/p>\n\n\n\n<p>E o que h\u00e1 de novo nisso? Por que Bernie, o socialista perigoso, subitamente passou a ser o vov\u00f4 am\u00e1vel de todo mundo? Por um lado, \u00e9 bem simples: mesmo ocupando uma cadeira no Comit\u00ea Or\u00e7ament\u00e1rio do Senado, Sanders \u00e9 uma amea\u00e7a muito menor para eles do que era como um candidato \u00e0 presid\u00eancia cuja campanha prometia redistribui\u00e7\u00e3o de riqueza e retirada do fator <em>lucro<\/em> da sa\u00fade p\u00fablica. Em outras palavras, para a elite do Partido Democr\u00e1tico, \u00e9 f\u00e1cil amar Bernie quando ele est\u00e1 redistribuindo luvas feitas \u00e0 m\u00e3o \u2013 desde que ele as mantenha longe dos bilh\u00f5es dos doadores do partido.<\/p>\n\n\n\n<p>De certa forma, \u00e9 at\u00e9 \u00fatil tolerar uma parte um tanto desalinhada do partido, precisamente porque a lideran\u00e7a est\u00e1 t\u00e3o desconectada da base trabalhadora. Naquele contexto, abra\u00e7ar Bernie publicamente nessa data tardia tem um papel similar \u00e0s v\u00e1rias performances pseudopopulistas da \u00e9poca das prim\u00e1rias, como <a href=\"https:\/\/www.eater.com\/2019\/8\/14\/20805052\/pete-buttigieg-eats-iowa-state-fair-food\">comer frituras<\/a> que voc\u00ea detesta, ostensivamente, ou vestir-se como gente comum.&nbsp;<\/p>\n\n\n\n<p>O que nos leva a um outro significado das luvas, que tem a ver com isso:<\/p>\n\n\n\n<h2 class=\"wp-block-heading\">As luvas como &#8220;passaporte para as ruas&#8221;<\/h2>\n\n\n\n<p>Na m\u00eddia liberal, a semana da posse marcou uma volta vertiginosa \u00e0 era Obama no sentido da cobertura da primeira fam\u00edlia como se todos fossem celebridades classe-Davos<span class=\"footnote_referrer\"><a role=\"button\" tabindex=\"0\" onclick=\"footnote_moveToReference_1228_1('footnote_plugin_reference_1228_1_1');\" onkeypress=\"footnote_moveToReference_1228_1('footnote_plugin_reference_1228_1_1');\" ><sup id=\"footnote_plugin_tooltip_1228_1_1\" class=\"footnote_plugin_tooltip_text\">[1]<\/sup><\/a><span id=\"footnote_plugin_tooltip_text_1228_1_1\" class=\"footnote_tooltip\">O termo Classe de Davos faz refer\u00eancia ao grupo dirigente do F\u00f3rum Econ\u00f4mico Mundial, que encarna a concentra\u00e7\u00e3o do poder pol\u00edtico e da governan\u00e7a nas m\u00e3os de uma elite.<\/span><\/span><script type=\"text\/javascript\"> jQuery('#footnote_plugin_tooltip_1228_1_1').tooltip({ tip: '#footnote_plugin_tooltip_text_1228_1_1', tipClass: 'footnote_tooltip', effect: 'fade', predelay: 0, fadeInSpeed: 200, delay: 400, fadeOutSpeed: 200, position: 'top center', relative: true, offset: [-7, 0], });<\/script>, <a href=\"https:\/\/theintercept.com\/2020\/12\/08\/great-reset-conspiracy\/\">da elite mundial<\/a>. Ser\u00e1 que a nova <em>bike<\/em> de exerc\u00edcios <em>Peloton<\/em> de Joe Biden <a href=\"https:\/\/www.nytimes.com\/2021\/01\/19\/us\/politics\/biden-peloton.html\">representa <\/a>um risco para a seguran\u00e7a? Quem <a href=\"https:\/\/www.nytimes.com\/2021\/01\/20\/style\/who-designed-jill-bidens-inauguration-outfit.html\">vestiu<\/a> Jill Biden? Voc\u00eas viram o <a href=\"https:\/\/www.nytimes.com\/2021\/01\/09\/style\/meena-harris-building-that-brand.html\">blus\u00e3o<\/a> feminista da irm\u00e3 da Kamala? Essa vertente de cobertura midi\u00e1tica do tipo \u201cpol\u00edticos-como-estilo-de-vida\u201d permaneceu bastante adormecida durante a era Trump. Claro, a Casa Branca estava cheia de pessoas esbeltas e ricas usando e consumindo coisas caras e desejadas. Mas eles eram protofascistas e vigaristas descarados, ent\u00e3o demorar-se muito nas capas de Melania e nas joias de Ivanka pegava mal.<\/p>\n\n\n\n<p>Tudo isso acabou agora. Mesmo assim, as preocupa\u00e7\u00f5es persistentes com Rela\u00e7\u00f5es P\u00fablicas continuam. Afinal de contas, estamos em uma pandemia mundial e a fome est\u00e1 aumentando \u2013 mesmo que os muito ricos tenham aumentado drasticamente sua fortuna durante esse per\u00edodo de morte em massa. A\u00ed entram as luvas. Est\u00e1 claro que algumas pessoas no alto escal\u00e3o do Partido Democrata entendem que, se quiserem aninhar-se em um retorno glamuroso ao \u201cnormal\u201d neoliberal, h\u00e1 necessidade de alguns sinais de conex\u00e3o com a realidade. O fato de que Bernie estava l\u00e1, em seu casac\u00e3o despojado, com suas luvas e sua m\u00e1scara descart\u00e1vel, rapidamente foi adotado como um desses acenos.<\/p>\n\n\n\n<p>Mas n\u00e3o se engane. H\u00e1 um outro significado para as luvas, ainda mais poderoso.<\/p>\n\n\n\n<h2 class=\"wp-block-heading\">As luvas como express\u00e3o de um movimento<\/h2>\n\n\n\n<p>Existem as luvas enquanto luvas. Mas tamb\u00e9m existem as luvas enquanto <em>meme<\/em>, um profundo adensamento do simbolismo das luvas que pareceu ocorrer em segundos ap\u00f3s a sua chegada na cena. Antes que Lady Gaga cantasse o Hino Nacional e que Biden dissesse \u201cunidade\u201d nove vezes e \u201cunindo\u201d mais tr\u00eas, as luvas de Bernie j\u00e1 estavam voando pela internet. Em algumas horas, Bernie j\u00e1 tinha sido colado sobre milhares de imagens ic\u00f4nicas, introduzido em <a href=\"https:\/\/www.buzzfeed.com\/ehisosifo1\/bernie-sanders-inauguration-meme-tv-movies\">filmes<\/a>, e era uma tend\u00eancia generalizada.<\/p>\n\n\n\n<p>\u00c9 crucial que se entenda que isso n\u00e3o tem nada a ver com algo que Bernie tenha feito \u2013 al\u00e9m de ser Bernie, do \u00fanico jeito que ele sabe. Como tantas coisas na sua <a href=\"https:\/\/theintercept.com\/2020\/01\/03\/bernie-sanders-democratic-party-2020-presidential-election\/\">campanha hist\u00f3rica nas prim\u00e1rias de 2020<\/a>, o poder simb\u00f3lico das luvas era obra do \u201cn\u00f3s\u201d em \u201cEu, n\u00e3o. N\u00f3s.\u201d, um movimento de movimentos descentralizado, que representa milhares de organiza\u00e7\u00f5es de base e dezenas de milhares de eleitores, e que defende pol\u00edticas apoiadas pela maioria dos eleitores dos Democratas \u2013 segundo muitas pesquisas \u2013 mas que ainda s\u00e3o rejeitadas pela elite do partido. Seguro M\u00e9dico para Todos, um <em>Green New Deal<\/em>, o cancelamento dos d\u00e9bitos para estudantes, col\u00e9gios gratuitos, taxa\u00e7\u00e3o das fortunas e mais.<\/p>\n\n\n\n<p>No grande dia de Biden, o movimento que representa essas pol\u00edticas e esses valores ganhou um significado global, a partir de um velho par de luvas. E o fez porque podia. Uma pequena exibi\u00e7\u00e3o&nbsp; amig\u00e1vel com uma conota\u00e7\u00e3o nem t\u00e3o amig\u00e1vel assim. Ainda estamos aqui, era a mensagem. Ignore-nos, e, da pr\u00f3xima vez, n\u00e3o ficaremos sentados assim t\u00e3o quietos como estivemos agora.<\/p>\n\n\n\n<p class=\"has-text-align-center\"><em><strong>Naomi Klein<\/strong><\/em><\/p>\n\n\n\n<hr class=\"wp-block-separator\"\/>\n\n\n\n<p><em><strong>Naomi Klein<\/strong><\/em> \u00e9 uma jornalista e escritora, al\u00e9m de ocupar a c\u00e1tedra de Estudos feministas, culturais e midi\u00e1ticos na Rutgers University. Entre seus livros, incluem-se &#8220;On Fire: The Burning Case for a New Deal&#8221;, &#8220;The Battle for Paradise,&#8221; &#8220;No Is Not Enough,&#8221; &#8220;This Changes Everything,&#8221; &#8220;The Shock Doctrine,&#8221; e &#8220;No Logo.&#8221;<\/p>\n\n\n\n<p><em>Tradu\u00e7\u00e3o: <\/em>Nicolau Namo Spitale<br><em>Revis\u00e3o:<\/em> Maria Bet\u00e2nia F. Champagne<\/p>\n\n\n\n<p><em>Original: <\/em><a href=\"\/\/theintercept.com\/2021\/01\/21\/inauguration-bernie-sanders-mittens\/\" target=\"_blank\" rel=\"noreferrer noopener\">https:\/\/theintercept.com\/2021\/01\/21\/inauguration-bernie-sanders-mittens\/<\/a><\/p>\n<div class=\"speaker-mute footnotes_reference_container\"> <div class=\"footnote_container_prepare\"><p><span role=\"button\" tabindex=\"0\" class=\"footnote_reference_container_label pointer\" onclick=\"footnote_expand_collapse_reference_container_1228_1();\">&#x202F;<\/span><span role=\"button\" tabindex=\"0\" class=\"footnote_reference_container_collapse_button\" style=\"display: none;\" onclick=\"footnote_expand_collapse_reference_container_1228_1();\">[<a id=\"footnote_reference_container_collapse_button_1228_1\">+<\/a>]<\/span><\/p><\/div> <div id=\"footnote_references_container_1228_1\" style=\"\"><table class=\"footnotes_table footnote-reference-container\"><caption class=\"accessibility\">References<\/caption> <tbody> \r\n\r\n<tr class=\"footnotes_plugin_reference_row\"> <th scope=\"row\" id=\"footnote_plugin_reference_1228_1_1\" class=\"footnote_plugin_index pointer\" onclick=\"footnote_moveToAnchor_1228_1('footnote_plugin_tooltip_1228_1_1');\"><a role=\"button\" tabindex=\"0\" class=\"footnote_plugin_link\" ><span class=\"footnote_index_arrow\">&#8593;<\/span>1<\/a><\/th> <td class=\"footnote_plugin_text\">O termo Classe de Davos faz refer\u00eancia ao grupo dirigente do F\u00f3rum Econ\u00f4mico Mundial, que encarna a concentra\u00e7\u00e3o do poder pol\u00edtico e da governan\u00e7a nas m\u00e3os de uma elite.<\/td><\/tr>\r\n\r\n <\/tbody> <\/table> <\/div><\/div><script type=\"text\/javascript\"> function footnote_expand_reference_container_1228_1() { jQuery('#footnote_references_container_1228_1').show(); jQuery('#footnote_reference_container_collapse_button_1228_1').text('\u2212'); } function footnote_collapse_reference_container_1228_1() { jQuery('#footnote_references_container_1228_1').hide(); jQuery('#footnote_reference_container_collapse_button_1228_1').text('+'); } function footnote_expand_collapse_reference_container_1228_1() { if (jQuery('#footnote_references_container_1228_1').is(':hidden')) { footnote_expand_reference_container_1228_1(); } else { footnote_collapse_reference_container_1228_1(); } } function footnote_moveToReference_1228_1(p_str_TargetID) { footnote_expand_reference_container_1228_1(); var l_obj_Target = jQuery('#' + p_str_TargetID); if (l_obj_Target.length) { jQuery( 'html, body' ).delay( 0 ); jQuery('html, body').animate({ scrollTop: l_obj_Target.offset().top - window.innerHeight * 0.2 }, 380); } } function footnote_moveToAnchor_1228_1(p_str_TargetID) { footnote_expand_reference_container_1228_1(); var l_obj_Target = jQuery('#' + p_str_TargetID); if (l_obj_Target.length) { jQuery( 'html, body' ).delay( 0 ); jQuery('html, body').animate({ scrollTop: l_obj_Target.offset().top - window.innerHeight * 0.2 }, 380); } }<\/script>","protected":false},"excerpt":{"rendered":"<p>O poder simb\u00f3lico do velho par de luvas de Bernie \u00e9 obra do \u201cn\u00f3s\u201d em \u201cEu, n\u00e3o. N\u00f3s.\u201d<\/p>\n","protected":false},"author":1,"featured_media":1229,"comment_status":"open","ping_status":"open","sticky":false,"template":"","format":"standard","meta":{"_coblocks_attr":"","_coblocks_dimensions":"","_coblocks_responsive_height":"","_coblocks_accordion_ie_support":"","om_disable_all_campaigns":false,"_monsterinsights_skip_tracking":false,"_monsterinsights_sitenote_active":false,"_monsterinsights_sitenote_note":"","_monsterinsights_sitenote_category":0,"_uf_show_specific_survey":0,"_uf_disable_surveys":false,"_kadence_starter_templates_imported_post":false,"_kad_post_transparent":"","_kad_post_title":"","_kad_post_layout":"","_kad_post_sidebar_id":"","_kad_post_content_style":"","_kad_post_vertical_padding":"","_kad_post_feature":"","_kad_post_feature_position":"","_kad_post_header":false,"_kad_post_footer":false,"_kad_post_classname":"","footnotes":""},"categories":[365,346],"tags":[],"class_list":["post-1228","post","type-post","status-publish","format-standard","has-post-thumbnail","hentry","category-naomi-klein","category-traducoes"],"yoast_head":"<!-- This site is optimized with the Yoast SEO plugin v27.4 - https:\/\/yoast.com\/product\/yoast-seo-wordpress\/ -->\n<title>O significado das luvas: cinco possibilidades \u2014 Naomi Klein - Zero \u00e0 Esquerda<\/title>\n<meta name=\"robots\" content=\"index, follow, max-snippet:-1, max-image-preview:large, max-video-preview:-1\" \/>\n<link rel=\"canonical\" href=\"https:\/\/zeroaesquerda.com.br\/index.php\/2021\/01\/29\/naomi-klein-o-significado-das-luvas-cinco-possibilidades\/\" \/>\n<meta property=\"og:locale\" content=\"pt_BR\" \/>\n<meta property=\"og:type\" content=\"article\" \/>\n<meta property=\"og:title\" content=\"O significado das luvas: cinco possibilidades \u2014 Naomi Klein - Zero \u00e0 Esquerda\" \/>\n<meta property=\"og:description\" content=\"O poder simb\u00f3lico do velho par de luvas de Bernie \u00e9 obra do \u201cn\u00f3s\u201d em \u201cEu, n\u00e3o. N\u00f3s.\u201d\" \/>\n<meta property=\"og:url\" content=\"https:\/\/zeroaesquerda.com.br\/index.php\/2021\/01\/29\/naomi-klein-o-significado-das-luvas-cinco-possibilidades\/\" \/>\n<meta property=\"og:site_name\" content=\"Zero \u00e0 Esquerda\" \/>\n<meta property=\"article:publisher\" content=\"https:\/\/www.facebook.com\/revistazeroaesquerda\" \/>\n<meta property=\"article:published_time\" content=\"2021-01-29T21:12:42+00:00\" \/>\n<meta property=\"article:modified_time\" content=\"2021-01-29T21:27:25+00:00\" \/>\n<meta property=\"og:image\" content=\"https:\/\/zeroaesquerda.com.br\/wp-content\/uploads\/2021\/01\/berniesandermitten.png\" \/>\n\t<meta property=\"og:image:width\" content=\"1920\" \/>\n\t<meta property=\"og:image:height\" content=\"1080\" \/>\n\t<meta property=\"og:image:type\" content=\"image\/png\" \/>\n<meta name=\"author\" content=\"Zero \u00e0 Esquerda\" \/>\n<meta name=\"twitter:card\" content=\"summary_large_image\" \/>\n<meta name=\"twitter:creator\" content=\"@z3roaesquerda\" \/>\n<meta name=\"twitter:site\" content=\"@z3roaesquerda\" \/>\n<meta name=\"twitter:label1\" content=\"Escrito por\" \/>\n\t<meta name=\"twitter:data1\" content=\"Zero \u00e0 Esquerda\" \/>\n\t<meta name=\"twitter:label2\" content=\"Est. tempo de leitura\" \/>\n\t<meta name=\"twitter:data2\" content=\"7 minutos\" \/>\n<script type=\"application\/ld+json\" class=\"yoast-schema-graph\">{\"@context\":\"https:\\\/\\\/schema.org\",\"@graph\":[{\"@type\":\"Article\",\"@id\":\"https:\\\/\\\/zeroaesquerda.com.br\\\/index.php\\\/2021\\\/01\\\/29\\\/naomi-klein-o-significado-das-luvas-cinco-possibilidades\\\/#article\",\"isPartOf\":{\"@id\":\"https:\\\/\\\/zeroaesquerda.com.br\\\/index.php\\\/2021\\\/01\\\/29\\\/naomi-klein-o-significado-das-luvas-cinco-possibilidades\\\/\"},\"author\":{\"name\":\"Zero \u00e0 Esquerda\",\"@id\":\"https:\\\/\\\/zeroaesquerda.com.br\\\/#\\\/schema\\\/person\\\/04e72095a4fbe77f00c7b047955ed0b8\"},\"headline\":\"O significado das luvas: cinco possibilidades \u2014 Naomi Klein\",\"datePublished\":\"2021-01-29T21:12:42+00:00\",\"dateModified\":\"2021-01-29T21:27:25+00:00\",\"mainEntityOfPage\":{\"@id\":\"https:\\\/\\\/zeroaesquerda.com.br\\\/index.php\\\/2021\\\/01\\\/29\\\/naomi-klein-o-significado-das-luvas-cinco-possibilidades\\\/\"},\"wordCount\":1650,\"commentCount\":0,\"publisher\":{\"@id\":\"https:\\\/\\\/zeroaesquerda.com.br\\\/#organization\"},\"image\":{\"@id\":\"https:\\\/\\\/zeroaesquerda.com.br\\\/index.php\\\/2021\\\/01\\\/29\\\/naomi-klein-o-significado-das-luvas-cinco-possibilidades\\\/#primaryimage\"},\"thumbnailUrl\":\"https:\\\/\\\/zeroaesquerda.com.br\\\/wp-content\\\/uploads\\\/2021\\\/01\\\/berniesandermitten.png\",\"articleSection\":[\"Naomi Klein\",\"Tradu\u00e7\u00f5es\"],\"inLanguage\":\"pt-BR\",\"potentialAction\":[{\"@type\":\"CommentAction\",\"name\":\"Comment\",\"target\":[\"https:\\\/\\\/zeroaesquerda.com.br\\\/index.php\\\/2021\\\/01\\\/29\\\/naomi-klein-o-significado-das-luvas-cinco-possibilidades\\\/#respond\"]}]},{\"@type\":\"WebPage\",\"@id\":\"https:\\\/\\\/zeroaesquerda.com.br\\\/index.php\\\/2021\\\/01\\\/29\\\/naomi-klein-o-significado-das-luvas-cinco-possibilidades\\\/\",\"url\":\"https:\\\/\\\/zeroaesquerda.com.br\\\/index.php\\\/2021\\\/01\\\/29\\\/naomi-klein-o-significado-das-luvas-cinco-possibilidades\\\/\",\"name\":\"O significado das luvas: cinco possibilidades \u2014 Naomi Klein - Zero \u00e0 Esquerda\",\"isPartOf\":{\"@id\":\"https:\\\/\\\/zeroaesquerda.com.br\\\/#website\"},\"primaryImageOfPage\":{\"@id\":\"https:\\\/\\\/zeroaesquerda.com.br\\\/index.php\\\/2021\\\/01\\\/29\\\/naomi-klein-o-significado-das-luvas-cinco-possibilidades\\\/#primaryimage\"},\"image\":{\"@id\":\"https:\\\/\\\/zeroaesquerda.com.br\\\/index.php\\\/2021\\\/01\\\/29\\\/naomi-klein-o-significado-das-luvas-cinco-possibilidades\\\/#primaryimage\"},\"thumbnailUrl\":\"https:\\\/\\\/zeroaesquerda.com.br\\\/wp-content\\\/uploads\\\/2021\\\/01\\\/berniesandermitten.png\",\"datePublished\":\"2021-01-29T21:12:42+00:00\",\"dateModified\":\"2021-01-29T21:27:25+00:00\",\"breadcrumb\":{\"@id\":\"https:\\\/\\\/zeroaesquerda.com.br\\\/index.php\\\/2021\\\/01\\\/29\\\/naomi-klein-o-significado-das-luvas-cinco-possibilidades\\\/#breadcrumb\"},\"inLanguage\":\"pt-BR\",\"potentialAction\":[{\"@type\":\"ReadAction\",\"target\":[\"https:\\\/\\\/zeroaesquerda.com.br\\\/index.php\\\/2021\\\/01\\\/29\\\/naomi-klein-o-significado-das-luvas-cinco-possibilidades\\\/\"]}]},{\"@type\":\"ImageObject\",\"inLanguage\":\"pt-BR\",\"@id\":\"https:\\\/\\\/zeroaesquerda.com.br\\\/index.php\\\/2021\\\/01\\\/29\\\/naomi-klein-o-significado-das-luvas-cinco-possibilidades\\\/#primaryimage\",\"url\":\"https:\\\/\\\/zeroaesquerda.com.br\\\/wp-content\\\/uploads\\\/2021\\\/01\\\/berniesandermitten.png\",\"contentUrl\":\"https:\\\/\\\/zeroaesquerda.com.br\\\/wp-content\\\/uploads\\\/2021\\\/01\\\/berniesandermitten.png\",\"width\":1920,\"height\":1080},{\"@type\":\"BreadcrumbList\",\"@id\":\"https:\\\/\\\/zeroaesquerda.com.br\\\/index.php\\\/2021\\\/01\\\/29\\\/naomi-klein-o-significado-das-luvas-cinco-possibilidades\\\/#breadcrumb\",\"itemListElement\":[{\"@type\":\"ListItem\",\"position\":1,\"name\":\"In\u00edcio\",\"item\":\"https:\\\/\\\/zeroaesquerda.com.br\\\/\"},{\"@type\":\"ListItem\",\"position\":2,\"name\":\"O significado das luvas: cinco possibilidades \u2014 Naomi Klein\"}]},{\"@type\":\"WebSite\",\"@id\":\"https:\\\/\\\/zeroaesquerda.com.br\\\/#website\",\"url\":\"https:\\\/\\\/zeroaesquerda.com.br\\\/\",\"name\":\"Zero \u00e0 Esquerda\",\"description\":\"Tra\u00e7ando tend\u00eancias para al\u00e9m do capitalismo.\",\"publisher\":{\"@id\":\"https:\\\/\\\/zeroaesquerda.com.br\\\/#organization\"},\"potentialAction\":[{\"@type\":\"SearchAction\",\"target\":{\"@type\":\"EntryPoint\",\"urlTemplate\":\"https:\\\/\\\/zeroaesquerda.com.br\\\/?s={search_term_string}\"},\"query-input\":{\"@type\":\"PropertyValueSpecification\",\"valueRequired\":true,\"valueName\":\"search_term_string\"}}],\"inLanguage\":\"pt-BR\"},{\"@type\":\"Organization\",\"@id\":\"https:\\\/\\\/zeroaesquerda.com.br\\\/#organization\",\"name\":\"Zero \u00e0 Esquerda\",\"url\":\"https:\\\/\\\/zeroaesquerda.com.br\\\/\",\"logo\":{\"@type\":\"ImageObject\",\"inLanguage\":\"pt-BR\",\"@id\":\"https:\\\/\\\/zeroaesquerda.com.br\\\/#\\\/schema\\\/logo\\\/image\\\/\",\"url\":\"https:\\\/\\\/zeroaesquerda.com.br\\\/wp-content\\\/uploads\\\/2021\\\/01\\\/4-simbolo-zero-a-esquerda-favicon-alt.png\",\"contentUrl\":\"https:\\\/\\\/zeroaesquerda.com.br\\\/wp-content\\\/uploads\\\/2021\\\/01\\\/4-simbolo-zero-a-esquerda-favicon-alt.png\",\"width\":1271,\"height\":1069,\"caption\":\"Zero \u00e0 Esquerda\"},\"image\":{\"@id\":\"https:\\\/\\\/zeroaesquerda.com.br\\\/#\\\/schema\\\/logo\\\/image\\\/\"},\"sameAs\":[\"https:\\\/\\\/www.facebook.com\\\/revistazeroaesquerda\",\"https:\\\/\\\/x.com\\\/z3roaesquerda\",\"https:\\\/\\\/www.instagram.com\\\/revistazeroaesquerda\\\/\",\"https:\\\/\\\/www.youtube.com\\\/channel\\\/UCIaGx271Qw6D1QwqYBojrLw\"]},{\"@type\":\"Person\",\"@id\":\"https:\\\/\\\/zeroaesquerda.com.br\\\/#\\\/schema\\\/person\\\/04e72095a4fbe77f00c7b047955ed0b8\",\"name\":\"Zero \u00e0 Esquerda\",\"image\":{\"@type\":\"ImageObject\",\"inLanguage\":\"pt-BR\",\"@id\":\"https:\\\/\\\/secure.gravatar.com\\\/avatar\\\/a417d8eccb1cec435aa9a93213f41ee528a636232351421dedc4ada2160b3f1b?s=96&d=mm&r=g\",\"url\":\"https:\\\/\\\/secure.gravatar.com\\\/avatar\\\/a417d8eccb1cec435aa9a93213f41ee528a636232351421dedc4ada2160b3f1b?s=96&d=mm&r=g\",\"contentUrl\":\"https:\\\/\\\/secure.gravatar.com\\\/avatar\\\/a417d8eccb1cec435aa9a93213f41ee528a636232351421dedc4ada2160b3f1b?s=96&d=mm&r=g\",\"caption\":\"Zero \u00e0 Esquerda\"},\"description\":\"Tra\u00e7ando tend\u00eancias para al\u00e9m do capitalismo.\",\"sameAs\":[\"http:\\\/\\\/zeroaesquerda.com.br\"],\"url\":\"https:\\\/\\\/zeroaesquerda.com.br\\\/index.php\\\/author\\\/revistazeroaesquerdagmail-com\\\/\"}]}<\/script>\n<!-- \/ Yoast SEO plugin. -->","yoast_head_json":{"title":"O significado das luvas: cinco possibilidades \u2014 Naomi Klein - Zero \u00e0 Esquerda","robots":{"index":"index","follow":"follow","max-snippet":"max-snippet:-1","max-image-preview":"max-image-preview:large","max-video-preview":"max-video-preview:-1"},"canonical":"https:\/\/zeroaesquerda.com.br\/index.php\/2021\/01\/29\/naomi-klein-o-significado-das-luvas-cinco-possibilidades\/","og_locale":"pt_BR","og_type":"article","og_title":"O significado das luvas: cinco possibilidades \u2014 Naomi Klein - Zero \u00e0 Esquerda","og_description":"O poder simb\u00f3lico do velho par de luvas de Bernie \u00e9 obra do \u201cn\u00f3s\u201d em \u201cEu, n\u00e3o. N\u00f3s.\u201d","og_url":"https:\/\/zeroaesquerda.com.br\/index.php\/2021\/01\/29\/naomi-klein-o-significado-das-luvas-cinco-possibilidades\/","og_site_name":"Zero \u00e0 Esquerda","article_publisher":"https:\/\/www.facebook.com\/revistazeroaesquerda","article_published_time":"2021-01-29T21:12:42+00:00","article_modified_time":"2021-01-29T21:27:25+00:00","og_image":[{"width":1920,"height":1080,"url":"https:\/\/zeroaesquerda.com.br\/wp-content\/uploads\/2021\/01\/berniesandermitten.png","type":"image\/png"}],"author":"Zero \u00e0 Esquerda","twitter_card":"summary_large_image","twitter_creator":"@z3roaesquerda","twitter_site":"@z3roaesquerda","twitter_misc":{"Escrito por":"Zero \u00e0 Esquerda","Est. tempo de leitura":"7 minutos"},"schema":{"@context":"https:\/\/schema.org","@graph":[{"@type":"Article","@id":"https:\/\/zeroaesquerda.com.br\/index.php\/2021\/01\/29\/naomi-klein-o-significado-das-luvas-cinco-possibilidades\/#article","isPartOf":{"@id":"https:\/\/zeroaesquerda.com.br\/index.php\/2021\/01\/29\/naomi-klein-o-significado-das-luvas-cinco-possibilidades\/"},"author":{"name":"Zero \u00e0 Esquerda","@id":"https:\/\/zeroaesquerda.com.br\/#\/schema\/person\/04e72095a4fbe77f00c7b047955ed0b8"},"headline":"O significado das luvas: cinco possibilidades \u2014 Naomi Klein","datePublished":"2021-01-29T21:12:42+00:00","dateModified":"2021-01-29T21:27:25+00:00","mainEntityOfPage":{"@id":"https:\/\/zeroaesquerda.com.br\/index.php\/2021\/01\/29\/naomi-klein-o-significado-das-luvas-cinco-possibilidades\/"},"wordCount":1650,"commentCount":0,"publisher":{"@id":"https:\/\/zeroaesquerda.com.br\/#organization"},"image":{"@id":"https:\/\/zeroaesquerda.com.br\/index.php\/2021\/01\/29\/naomi-klein-o-significado-das-luvas-cinco-possibilidades\/#primaryimage"},"thumbnailUrl":"https:\/\/zeroaesquerda.com.br\/wp-content\/uploads\/2021\/01\/berniesandermitten.png","articleSection":["Naomi Klein","Tradu\u00e7\u00f5es"],"inLanguage":"pt-BR","potentialAction":[{"@type":"CommentAction","name":"Comment","target":["https:\/\/zeroaesquerda.com.br\/index.php\/2021\/01\/29\/naomi-klein-o-significado-das-luvas-cinco-possibilidades\/#respond"]}]},{"@type":"WebPage","@id":"https:\/\/zeroaesquerda.com.br\/index.php\/2021\/01\/29\/naomi-klein-o-significado-das-luvas-cinco-possibilidades\/","url":"https:\/\/zeroaesquerda.com.br\/index.php\/2021\/01\/29\/naomi-klein-o-significado-das-luvas-cinco-possibilidades\/","name":"O significado das luvas: cinco possibilidades \u2014 Naomi Klein - Zero \u00e0 Esquerda","isPartOf":{"@id":"https:\/\/zeroaesquerda.com.br\/#website"},"primaryImageOfPage":{"@id":"https:\/\/zeroaesquerda.com.br\/index.php\/2021\/01\/29\/naomi-klein-o-significado-das-luvas-cinco-possibilidades\/#primaryimage"},"image":{"@id":"https:\/\/zeroaesquerda.com.br\/index.php\/2021\/01\/29\/naomi-klein-o-significado-das-luvas-cinco-possibilidades\/#primaryimage"},"thumbnailUrl":"https:\/\/zeroaesquerda.com.br\/wp-content\/uploads\/2021\/01\/berniesandermitten.png","datePublished":"2021-01-29T21:12:42+00:00","dateModified":"2021-01-29T21:27:25+00:00","breadcrumb":{"@id":"https:\/\/zeroaesquerda.com.br\/index.php\/2021\/01\/29\/naomi-klein-o-significado-das-luvas-cinco-possibilidades\/#breadcrumb"},"inLanguage":"pt-BR","potentialAction":[{"@type":"ReadAction","target":["https:\/\/zeroaesquerda.com.br\/index.php\/2021\/01\/29\/naomi-klein-o-significado-das-luvas-cinco-possibilidades\/"]}]},{"@type":"ImageObject","inLanguage":"pt-BR","@id":"https:\/\/zeroaesquerda.com.br\/index.php\/2021\/01\/29\/naomi-klein-o-significado-das-luvas-cinco-possibilidades\/#primaryimage","url":"https:\/\/zeroaesquerda.com.br\/wp-content\/uploads\/2021\/01\/berniesandermitten.png","contentUrl":"https:\/\/zeroaesquerda.com.br\/wp-content\/uploads\/2021\/01\/berniesandermitten.png","width":1920,"height":1080},{"@type":"BreadcrumbList","@id":"https:\/\/zeroaesquerda.com.br\/index.php\/2021\/01\/29\/naomi-klein-o-significado-das-luvas-cinco-possibilidades\/#breadcrumb","itemListElement":[{"@type":"ListItem","position":1,"name":"In\u00edcio","item":"https:\/\/zeroaesquerda.com.br\/"},{"@type":"ListItem","position":2,"name":"O significado das luvas: cinco possibilidades \u2014 Naomi Klein"}]},{"@type":"WebSite","@id":"https:\/\/zeroaesquerda.com.br\/#website","url":"https:\/\/zeroaesquerda.com.br\/","name":"Zero \u00e0 Esquerda","description":"Tra\u00e7ando tend\u00eancias para al\u00e9m do capitalismo.","publisher":{"@id":"https:\/\/zeroaesquerda.com.br\/#organization"},"potentialAction":[{"@type":"SearchAction","target":{"@type":"EntryPoint","urlTemplate":"https:\/\/zeroaesquerda.com.br\/?s={search_term_string}"},"query-input":{"@type":"PropertyValueSpecification","valueRequired":true,"valueName":"search_term_string"}}],"inLanguage":"pt-BR"},{"@type":"Organization","@id":"https:\/\/zeroaesquerda.com.br\/#organization","name":"Zero \u00e0 Esquerda","url":"https:\/\/zeroaesquerda.com.br\/","logo":{"@type":"ImageObject","inLanguage":"pt-BR","@id":"https:\/\/zeroaesquerda.com.br\/#\/schema\/logo\/image\/","url":"https:\/\/zeroaesquerda.com.br\/wp-content\/uploads\/2021\/01\/4-simbolo-zero-a-esquerda-favicon-alt.png","contentUrl":"https:\/\/zeroaesquerda.com.br\/wp-content\/uploads\/2021\/01\/4-simbolo-zero-a-esquerda-favicon-alt.png","width":1271,"height":1069,"caption":"Zero \u00e0 Esquerda"},"image":{"@id":"https:\/\/zeroaesquerda.com.br\/#\/schema\/logo\/image\/"},"sameAs":["https:\/\/www.facebook.com\/revistazeroaesquerda","https:\/\/x.com\/z3roaesquerda","https:\/\/www.instagram.com\/revistazeroaesquerda\/","https:\/\/www.youtube.com\/channel\/UCIaGx271Qw6D1QwqYBojrLw"]},{"@type":"Person","@id":"https:\/\/zeroaesquerda.com.br\/#\/schema\/person\/04e72095a4fbe77f00c7b047955ed0b8","name":"Zero \u00e0 Esquerda","image":{"@type":"ImageObject","inLanguage":"pt-BR","@id":"https:\/\/secure.gravatar.com\/avatar\/a417d8eccb1cec435aa9a93213f41ee528a636232351421dedc4ada2160b3f1b?s=96&d=mm&r=g","url":"https:\/\/secure.gravatar.com\/avatar\/a417d8eccb1cec435aa9a93213f41ee528a636232351421dedc4ada2160b3f1b?s=96&d=mm&r=g","contentUrl":"https:\/\/secure.gravatar.com\/avatar\/a417d8eccb1cec435aa9a93213f41ee528a636232351421dedc4ada2160b3f1b?s=96&d=mm&r=g","caption":"Zero \u00e0 Esquerda"},"description":"Tra\u00e7ando tend\u00eancias para al\u00e9m do capitalismo.","sameAs":["http:\/\/zeroaesquerda.com.br"],"url":"https:\/\/zeroaesquerda.com.br\/index.php\/author\/revistazeroaesquerdagmail-com\/"}]}},"_links":{"self":[{"href":"https:\/\/zeroaesquerda.com.br\/index.php\/wp-json\/wp\/v2\/posts\/1228","targetHints":{"allow":["GET"]}}],"collection":[{"href":"https:\/\/zeroaesquerda.com.br\/index.php\/wp-json\/wp\/v2\/posts"}],"about":[{"href":"https:\/\/zeroaesquerda.com.br\/index.php\/wp-json\/wp\/v2\/types\/post"}],"author":[{"embeddable":true,"href":"https:\/\/zeroaesquerda.com.br\/index.php\/wp-json\/wp\/v2\/users\/1"}],"replies":[{"embeddable":true,"href":"https:\/\/zeroaesquerda.com.br\/index.php\/wp-json\/wp\/v2\/comments?post=1228"}],"version-history":[{"count":8,"href":"https:\/\/zeroaesquerda.com.br\/index.php\/wp-json\/wp\/v2\/posts\/1228\/revisions"}],"predecessor-version":[{"id":1237,"href":"https:\/\/zeroaesquerda.com.br\/index.php\/wp-json\/wp\/v2\/posts\/1228\/revisions\/1237"}],"wp:featuredmedia":[{"embeddable":true,"href":"https:\/\/zeroaesquerda.com.br\/index.php\/wp-json\/wp\/v2\/media\/1229"}],"wp:attachment":[{"href":"https:\/\/zeroaesquerda.com.br\/index.php\/wp-json\/wp\/v2\/media?parent=1228"}],"wp:term":[{"taxonomy":"category","embeddable":true,"href":"https:\/\/zeroaesquerda.com.br\/index.php\/wp-json\/wp\/v2\/categories?post=1228"},{"taxonomy":"post_tag","embeddable":true,"href":"https:\/\/zeroaesquerda.com.br\/index.php\/wp-json\/wp\/v2\/tags?post=1228"}],"curies":[{"name":"wp","href":"https:\/\/api.w.org\/{rel}","templated":true}]}}