{"id":351,"count":8,"description":"Alain Badiou \u00e9 um fil\u00f3sofo e dramaturgo franc\u00eas nascido em Rabat, no Marrocos, no dia 17 de janeiro de 1937. Professor em\u00e9rito na Escola Normal Superior, \u00e9 fundador do Centro Internacional de Estudo da Filosofia Francesa Contempor\u00e2nea. Em 1988, publicou uma suma filos\u00f3fica, O ser e o evento. Sua obra chamada \"Sarkozy \u00e9 o nome de qu\u00ea?\" (De quoi Sarkozy est-il le nom?) (2007) tornou-o conhecido do grande p\u00fablico.","link":"https:\/\/zeroaesquerda.com.br\/index.php\/category\/autores\/alain-badiou\/","name":"Alain Badiou","slug":"alain-badiou","taxonomy":"category","parent":350,"meta":[],"yoast_head":"<!-- This site is optimized with the Yoast SEO plugin v27.4 - https:\/\/yoast.com\/product\/yoast-seo-wordpress\/ -->\n<title>Arquivos Alain Badiou - Zero \u00e0 Esquerda<\/title>\n<meta name=\"robots\" content=\"index, follow, max-snippet:-1, max-image-preview:large, max-video-preview:-1\" \/>\n<link rel=\"canonical\" href=\"https:\/\/zeroaesquerda.com.br\/index.php\/category\/autores\/alain-badiou\/\" \/>\n<meta property=\"og:locale\" content=\"pt_BR\" \/>\n<meta property=\"og:type\" content=\"article\" \/>\n<meta property=\"og:title\" content=\"Arquivos Alain Badiou - Zero \u00e0 Esquerda\" \/>\n<meta property=\"og:description\" content=\"Alain Badiou \u00e9 um fil\u00f3sofo e dramaturgo franc\u00eas nascido em Rabat, no Marrocos, no dia 17 de janeiro de 1937. Professor em\u00e9rito na Escola Normal Superior, \u00e9 fundador do Centro Internacional de Estudo da Filosofia Francesa Contempor\u00e2nea. Em 1988, publicou uma suma filos\u00f3fica, O ser e o evento. Sua obra chamada &#8220;Sarkozy \u00e9 o nome de qu\u00ea?&#8221; (De quoi Sarkozy est-il le nom?) (2007) tornou-o conhecido do grande p\u00fablico.\" \/>\n<meta property=\"og:url\" content=\"https:\/\/zeroaesquerda.com.br\/index.php\/category\/autores\/alain-badiou\/\" \/>\n<meta property=\"og:site_name\" content=\"Zero \u00e0 Esquerda\" \/>\n<meta name=\"twitter:card\" content=\"summary_large_image\" \/>\n<meta name=\"twitter:site\" content=\"@z3roaesquerda\" \/>\n<script type=\"application\/ld+json\" class=\"yoast-schema-graph\">{\"@context\":\"https:\\\/\\\/schema.org\",\"@graph\":[{\"@type\":\"CollectionPage\",\"@id\":\"https:\\\/\\\/zeroaesquerda.com.br\\\/index.php\\\/category\\\/autores\\\/alain-badiou\\\/\",\"url\":\"https:\\\/\\\/zeroaesquerda.com.br\\\/index.php\\\/category\\\/autores\\\/alain-badiou\\\/\",\"name\":\"Arquivos Alain Badiou - Zero \u00e0 Esquerda\",\"isPartOf\":{\"@id\":\"https:\\\/\\\/zeroaesquerda.com.br\\\/#website\"},\"breadcrumb\":{\"@id\":\"https:\\\/\\\/zeroaesquerda.com.br\\\/index.php\\\/category\\\/autores\\\/alain-badiou\\\/#breadcrumb\"},\"inLanguage\":\"pt-BR\"},{\"@type\":\"BreadcrumbList\",\"@id\":\"https:\\\/\\\/zeroaesquerda.com.br\\\/index.php\\\/category\\\/autores\\\/alain-badiou\\\/#breadcrumb\",\"itemListElement\":[{\"@type\":\"ListItem\",\"position\":1,\"name\":\"In\u00edcio\",\"item\":\"https:\\\/\\\/zeroaesquerda.com.br\\\/\"},{\"@type\":\"ListItem\",\"position\":2,\"name\":\"Autores\",\"item\":\"https:\\\/\\\/zeroaesquerda.com.br\\\/index.php\\\/category\\\/autores\\\/\"},{\"@type\":\"ListItem\",\"position\":3,\"name\":\"Alain Badiou\"}]},{\"@type\":\"WebSite\",\"@id\":\"https:\\\/\\\/zeroaesquerda.com.br\\\/#website\",\"url\":\"https:\\\/\\\/zeroaesquerda.com.br\\\/\",\"name\":\"Zero \u00e0 Esquerda\",\"description\":\"Tra\u00e7ando tend\u00eancias para al\u00e9m do capitalismo.\",\"publisher\":{\"@id\":\"https:\\\/\\\/zeroaesquerda.com.br\\\/#organization\"},\"potentialAction\":[{\"@type\":\"SearchAction\",\"target\":{\"@type\":\"EntryPoint\",\"urlTemplate\":\"https:\\\/\\\/zeroaesquerda.com.br\\\/?s={search_term_string}\"},\"query-input\":{\"@type\":\"PropertyValueSpecification\",\"valueRequired\":true,\"valueName\":\"search_term_string\"}}],\"inLanguage\":\"pt-BR\"},{\"@type\":\"Organization\",\"@id\":\"https:\\\/\\\/zeroaesquerda.com.br\\\/#organization\",\"name\":\"Zero \u00e0 Esquerda\",\"url\":\"https:\\\/\\\/zeroaesquerda.com.br\\\/\",\"logo\":{\"@type\":\"ImageObject\",\"inLanguage\":\"pt-BR\",\"@id\":\"https:\\\/\\\/zeroaesquerda.com.br\\\/#\\\/schema\\\/logo\\\/image\\\/\",\"url\":\"https:\\\/\\\/zeroaesquerda.com.br\\\/wp-content\\\/uploads\\\/2021\\\/01\\\/4-simbolo-zero-a-esquerda-favicon-alt.png\",\"contentUrl\":\"https:\\\/\\\/zeroaesquerda.com.br\\\/wp-content\\\/uploads\\\/2021\\\/01\\\/4-simbolo-zero-a-esquerda-favicon-alt.png\",\"width\":1271,\"height\":1069,\"caption\":\"Zero \u00e0 Esquerda\"},\"image\":{\"@id\":\"https:\\\/\\\/zeroaesquerda.com.br\\\/#\\\/schema\\\/logo\\\/image\\\/\"},\"sameAs\":[\"https:\\\/\\\/www.facebook.com\\\/revistazeroaesquerda\",\"https:\\\/\\\/x.com\\\/z3roaesquerda\",\"https:\\\/\\\/www.instagram.com\\\/revistazeroaesquerda\\\/\",\"https:\\\/\\\/www.youtube.com\\\/channel\\\/UCIaGx271Qw6D1QwqYBojrLw\"]}]}<\/script>\n<!-- \/ Yoast SEO plugin. -->","yoast_head_json":{"title":"Arquivos Alain Badiou - Zero \u00e0 Esquerda","robots":{"index":"index","follow":"follow","max-snippet":"max-snippet:-1","max-image-preview":"max-image-preview:large","max-video-preview":"max-video-preview:-1"},"canonical":"https:\/\/zeroaesquerda.com.br\/index.php\/category\/autores\/alain-badiou\/","og_locale":"pt_BR","og_type":"article","og_title":"Arquivos Alain Badiou - Zero \u00e0 Esquerda","og_description":"Alain Badiou \u00e9 um fil\u00f3sofo e dramaturgo franc\u00eas nascido em Rabat, no Marrocos, no dia 17 de janeiro de 1937. Professor em\u00e9rito na Escola Normal Superior, \u00e9 fundador do Centro Internacional de Estudo da Filosofia Francesa Contempor\u00e2nea. Em 1988, publicou uma suma filos\u00f3fica, O ser e o evento. Sua obra chamada &#8220;Sarkozy \u00e9 o nome de qu\u00ea?&#8221; (De quoi Sarkozy est-il le nom?) (2007) tornou-o conhecido do grande p\u00fablico.","og_url":"https:\/\/zeroaesquerda.com.br\/index.php\/category\/autores\/alain-badiou\/","og_site_name":"Zero \u00e0 Esquerda","twitter_card":"summary_large_image","twitter_site":"@z3roaesquerda","schema":{"@context":"https:\/\/schema.org","@graph":[{"@type":"CollectionPage","@id":"https:\/\/zeroaesquerda.com.br\/index.php\/category\/autores\/alain-badiou\/","url":"https:\/\/zeroaesquerda.com.br\/index.php\/category\/autores\/alain-badiou\/","name":"Arquivos Alain Badiou - Zero \u00e0 Esquerda","isPartOf":{"@id":"https:\/\/zeroaesquerda.com.br\/#website"},"breadcrumb":{"@id":"https:\/\/zeroaesquerda.com.br\/index.php\/category\/autores\/alain-badiou\/#breadcrumb"},"inLanguage":"pt-BR"},{"@type":"BreadcrumbList","@id":"https:\/\/zeroaesquerda.com.br\/index.php\/category\/autores\/alain-badiou\/#breadcrumb","itemListElement":[{"@type":"ListItem","position":1,"name":"In\u00edcio","item":"https:\/\/zeroaesquerda.com.br\/"},{"@type":"ListItem","position":2,"name":"Autores","item":"https:\/\/zeroaesquerda.com.br\/index.php\/category\/autores\/"},{"@type":"ListItem","position":3,"name":"Alain Badiou"}]},{"@type":"WebSite","@id":"https:\/\/zeroaesquerda.com.br\/#website","url":"https:\/\/zeroaesquerda.com.br\/","name":"Zero \u00e0 Esquerda","description":"Tra\u00e7ando tend\u00eancias para al\u00e9m do capitalismo.","publisher":{"@id":"https:\/\/zeroaesquerda.com.br\/#organization"},"potentialAction":[{"@type":"SearchAction","target":{"@type":"EntryPoint","urlTemplate":"https:\/\/zeroaesquerda.com.br\/?s={search_term_string}"},"query-input":{"@type":"PropertyValueSpecification","valueRequired":true,"valueName":"search_term_string"}}],"inLanguage":"pt-BR"},{"@type":"Organization","@id":"https:\/\/zeroaesquerda.com.br\/#organization","name":"Zero \u00e0 Esquerda","url":"https:\/\/zeroaesquerda.com.br\/","logo":{"@type":"ImageObject","inLanguage":"pt-BR","@id":"https:\/\/zeroaesquerda.com.br\/#\/schema\/logo\/image\/","url":"https:\/\/zeroaesquerda.com.br\/wp-content\/uploads\/2021\/01\/4-simbolo-zero-a-esquerda-favicon-alt.png","contentUrl":"https:\/\/zeroaesquerda.com.br\/wp-content\/uploads\/2021\/01\/4-simbolo-zero-a-esquerda-favicon-alt.png","width":1271,"height":1069,"caption":"Zero \u00e0 Esquerda"},"image":{"@id":"https:\/\/zeroaesquerda.com.br\/#\/schema\/logo\/image\/"},"sameAs":["https:\/\/www.facebook.com\/revistazeroaesquerda","https:\/\/x.com\/z3roaesquerda","https:\/\/www.instagram.com\/revistazeroaesquerda\/","https:\/\/www.youtube.com\/channel\/UCIaGx271Qw6D1QwqYBojrLw"]}]}},"_links":{"self":[{"href":"https:\/\/zeroaesquerda.com.br\/index.php\/wp-json\/wp\/v2\/categories\/351","targetHints":{"allow":["GET"]}}],"collection":[{"href":"https:\/\/zeroaesquerda.com.br\/index.php\/wp-json\/wp\/v2\/categories"}],"about":[{"href":"https:\/\/zeroaesquerda.com.br\/index.php\/wp-json\/wp\/v2\/taxonomies\/category"}],"up":[{"embeddable":true,"href":"https:\/\/zeroaesquerda.com.br\/index.php\/wp-json\/wp\/v2\/categories\/350"}],"wp:post_type":[{"href":"https:\/\/zeroaesquerda.com.br\/index.php\/wp-json\/wp\/v2\/posts?categories=351"}],"curies":[{"name":"wp","href":"https:\/\/api.w.org\/{rel}","templated":true}]}}